{"id":31430,"date":"2021-09-01T10:25:54","date_gmt":"2021-09-01T08:25:54","guid":{"rendered":"https:\/\/exaudi.wpengine.com\/?p=31430"},"modified":"2021-09-02T09:21:21","modified_gmt":"2021-09-02T07:21:21","slug":"papa-francisco-orar-casa-comun-grave-crisis-planetaria","status":"publish","type":"post","link":"https:\/\/exaudi.org\/es\/papa-francisco-orar-casa-comun-grave-crisis-planetaria\/","title":{"rendered":"Papa Francisco: Orar por casa com\u00fan ante \u201ccrisis planetaria\u201d"},"content":{"rendered":"<p>En la <a href=\"https:\/\/exaudi.wpengine.com\/es\/centro-nuestra-existencia-jesus\/\" target=\"_blank\" rel=\"noopener\">audiencia general<\/a> de esta ma\u00f1ana, el <a href=\"https:\/\/www.vatican.va\/content\/francesco\/es.html\" target=\"_blank\" rel=\"noopener\">Papa Francisco<\/a> ha recordado que hoy, 1 de septiembre de 2021, la Iglesia celebra la Jornada Mundial de Oraci\u00f3n por la Creaci\u00f3n, que concluir\u00e1 el 4 de octubre, fiesta de san Francisco de As\u00eds, y se produce bajo el tema \u201c\u00bfUna casa para todos? Renovando el <em>Oikos<\/em> de Dios\u201d. Francisco ha pedido orar por la casa com\u00fan \u201cen estos tiempos de grave crisis planetaria\u201d.<\/p>\n<p>Tal y como ha comentado el mismo Santo Padre en sus palabras previas a los habituales saludos a los fieles de lengua italiana, junto al patriarca ecum\u00e9nico Bartolom\u00e9 y el obispo de Canterbury, Justin Welby, han preparado un mensaje para la Jornada, que saldr\u00e1 en los pr\u00f3ximos d\u00edas.<\/p>\n<h4><b>Grito de la tierra y de los pobres<\/b><\/h4>\n<p>En su discurso tras el <a href=\"https:\/\/exaudi.wpengine.com\/es\/el-papa-llama-a-la-oracion-y-el-ayuno-por-afganistan\/\" target=\"_blank\" rel=\"noopener\">rezo del \u00c1ngelus del pasado domingo 29 de agosto<\/a>, el Pont\u00edfice envi\u00f3 un saludo a los miembros del\u00a0<a href=\"https:\/\/laudatosimovement.org\/es\/homepage-original-2\/\" target=\"_blank\" rel=\"noopener\">Movimiento\u00a0<em>Laudato Si\u2019<\/em><\/a>: \u201cGracias por vuestro compromiso con nuestra casa com\u00fan, particularmente con motivo de la Jornada Mundial de Oraci\u00f3n por la Creaci\u00f3n y el posterior Tiempo de la Creaci\u00f3n. El grito de la Tierra y el grito de los pobres son cada vez m\u00e1s graves y alarmantes, y requieren una acci\u00f3n decisiva y urgente para convertir esta crisis en una oportunidad\u201d.<\/p>\n","protected":false},"excerpt":{"rendered":"<p>Recuerda la Jornada Mundial de Oraci\u00f3n por la Creaci\u00f3n<\/p>\n","protected":false},"author":6,"featured_media":31462,"comment_status":"closed","ping_status":"closed","sticky":false,"template":"","format":"standard","meta":{"_acf_changed":false,"_crdt_document":"","inline_featured_image":false,"footnotes":""},"categories":[112,298],"tags":[179,3901,158],"class_list":["post-31430","post","type-post","status-publish","format-standard","has-post-thumbnail","hentry","category-audiencia-general","category-ultimas-noticias","tag-audiencia-general","tag-jornada-mundial-de-oracion-por-el-cuidado-de-la-creacion","tag-papa-francisco"],"acf":[],"yoast_head":"<!-- This site is optimized with the Yoast SEO plugin v27.5 - https:\/\/yoast.com\/product\/yoast-seo-wordpress\/ -->\n<title>Papa Francisco: Orar por casa com\u00fan ante \u201ccrisis planetaria\u201d<\/title>\n<meta name=\"description\" content=\"En la audiencia general de esta ma\u00f1ana, el Papa Francisco ha llamado a orar por la casa com\u00fan ante la actual grave crisis planetaria.\" \/>\n<meta name=\"robots\" content=\"index, follow, max-snippet:-1, max-image-preview:large, max-video-preview:-1\" \/>\n<link rel=\"canonical\" href=\"https:\/\/exaudi.org\/es\/papa-francisco-orar-casa-comun-grave-crisis-planetaria\/\" \/>\n<meta property=\"og:locale\" content=\"es_ES\" \/>\n<meta property=\"og:type\" content=\"article\" \/>\n<meta property=\"og:title\" content=\"Papa Francisco: Orar por casa com\u00fan ante \u201ccrisis planetaria\u201d\" \/>\n<meta property=\"og:description\" content=\"En la audiencia general de esta ma\u00f1ana, el Papa Francisco ha llamado a orar por la casa com\u00fan ante la actual grave crisis planetaria.\" \/>\n<meta property=\"og:url\" content=\"https:\/\/exaudi.org\/es\/papa-francisco-orar-casa-comun-grave-crisis-planetaria\/\" \/>\n<meta property=\"og:site_name\" content=\"Exaudi\" \/>\n<meta property=\"article:publisher\" content=\"https:\/\/www.facebook.com\/ExaudiNews\" \/>\n<meta property=\"article:published_time\" content=\"2021-09-01T08:25:54+00:00\" \/>\n<meta property=\"article:modified_time\" content=\"2021-09-02T07:21:21+00:00\" \/>\n<meta property=\"og:image\" content=\"https:\/\/exaudi.org\/wp-content\/uploads\/2021\/09\/c121c232112c.jpeg\" \/>\n\t<meta property=\"og:image:width\" content=\"1455\" \/>\n\t<meta property=\"og:image:height\" content=\"819\" \/>\n\t<meta property=\"og:image:type\" content=\"image\/jpeg\" \/>\n<meta name=\"author\" content=\"Gabriel Sales\" \/>\n<meta name=\"twitter:card\" content=\"summary_large_image\" \/>\n<meta name=\"twitter:creator\" content=\"@habemusman\" \/>\n<meta name=\"twitter:site\" content=\"@Exaudi_News\" \/>\n<meta name=\"twitter:label1\" content=\"Escrito por\" \/>\n\t<meta name=\"twitter:data1\" content=\"Gabriel Sales\" \/>\n\t<meta name=\"twitter:label2\" content=\"Tiempo de lectura\" \/>\n\t<meta name=\"twitter:data2\" content=\"1 minuto\" \/>\n<script type=\"application\/ld+json\" class=\"yoast-schema-graph\">{\"@context\":\"https:\\\/\\\/schema.org\",\"@graph\":[{\"@type\":\"Article\",\"@id\":\"https:\\\/\\\/exaudi.org\\\/es\\\/papa-francisco-orar-casa-comun-grave-crisis-planetaria\\\/#article\",\"isPartOf\":{\"@id\":\"https:\\\/\\\/exaudi.org\\\/es\\\/papa-francisco-orar-casa-comun-grave-crisis-planetaria\\\/\"},\"author\":{\"name\":\"Gabriel Sales\",\"@id\":\"https:\\\/\\\/exaudi.org\\\/#\\\/schema\\\/person\\\/d134b96438278131ce90c90c03fda6cd\"},\"headline\":\"Papa Francisco: Orar por casa com\u00fan ante \u201ccrisis planetaria\u201d\",\"datePublished\":\"2021-09-01T08:25:54+00:00\",\"dateModified\":\"2021-09-02T07:21:21+00:00\",\"mainEntityOfPage\":{\"@id\":\"https:\\\/\\\/exaudi.org\\\/es\\\/papa-francisco-orar-casa-comun-grave-crisis-planetaria\\\/\"},\"wordCount\":234,\"image\":{\"@id\":\"https:\\\/\\\/exaudi.org\\\/es\\\/papa-francisco-orar-casa-comun-grave-crisis-planetaria\\\/#primaryimage\"},\"thumbnailUrl\":\"https:\\\/\\\/exaudi.org\\\/wp-content\\\/uploads\\\/2021\\\/09\\\/c121c232112c.jpeg\",\"keywords\":[\"audiencia general\",\"Jornada Mundial de Oraci\u00f3n por el Cuidado de la Creaci\u00f3n\",\"papa francisco\"],\"articleSection\":[\"Audiencia General\",\"\u00daltimas noticias\"],\"inLanguage\":\"es\"},{\"@type\":\"WebPage\",\"@id\":\"https:\\\/\\\/exaudi.org\\\/es\\\/papa-francisco-orar-casa-comun-grave-crisis-planetaria\\\/\",\"url\":\"https:\\\/\\\/exaudi.org\\\/es\\\/papa-francisco-orar-casa-comun-grave-crisis-planetaria\\\/\",\"name\":\"Papa Francisco: Orar por casa com\u00fan ante \u201ccrisis planetaria\u201d\",\"isPartOf\":{\"@id\":\"https:\\\/\\\/exaudi.org\\\/#website\"},\"primaryImageOfPage\":{\"@id\":\"https:\\\/\\\/exaudi.org\\\/es\\\/papa-francisco-orar-casa-comun-grave-crisis-planetaria\\\/#primaryimage\"},\"image\":{\"@id\":\"https:\\\/\\\/exaudi.org\\\/es\\\/papa-francisco-orar-casa-comun-grave-crisis-planetaria\\\/#primaryimage\"},\"thumbnailUrl\":\"https:\\\/\\\/exaudi.org\\\/wp-content\\\/uploads\\\/2021\\\/09\\\/c121c232112c.jpeg\",\"datePublished\":\"2021-09-01T08:25:54+00:00\",\"dateModified\":\"2021-09-02T07:21:21+00:00\",\"author\":{\"@id\":\"https:\\\/\\\/exaudi.org\\\/#\\\/schema\\\/person\\\/d134b96438278131ce90c90c03fda6cd\"},\"description\":\"En la audiencia general de esta ma\u00f1ana, el Papa Francisco ha llamado a orar por la casa com\u00fan ante la actual grave crisis planetaria.\",\"breadcrumb\":{\"@id\":\"https:\\\/\\\/exaudi.org\\\/es\\\/papa-francisco-orar-casa-comun-grave-crisis-planetaria\\\/#breadcrumb\"},\"inLanguage\":\"es\",\"potentialAction\":[{\"@type\":\"ReadAction\",\"target\":[\"https:\\\/\\\/exaudi.org\\\/es\\\/papa-francisco-orar-casa-comun-grave-crisis-planetaria\\\/\"]}]},{\"@type\":\"ImageObject\",\"inLanguage\":\"es\",\"@id\":\"https:\\\/\\\/exaudi.org\\\/es\\\/papa-francisco-orar-casa-comun-grave-crisis-planetaria\\\/#primaryimage\",\"url\":\"https:\\\/\\\/exaudi.org\\\/wp-content\\\/uploads\\\/2021\\\/09\\\/c121c232112c.jpeg\",\"contentUrl\":\"https:\\\/\\\/exaudi.org\\\/wp-content\\\/uploads\\\/2021\\\/09\\\/c121c232112c.jpeg\",\"width\":1455,\"height\":819,\"caption\":\"Audiencia general 1 septiembre 2021 \u00a9 Vatican Media\"},{\"@type\":\"BreadcrumbList\",\"@id\":\"https:\\\/\\\/exaudi.org\\\/es\\\/papa-francisco-orar-casa-comun-grave-crisis-planetaria\\\/#breadcrumb\",\"itemListElement\":[{\"@type\":\"ListItem\",\"position\":1,\"name\":\"Portada\",\"item\":\"https:\\\/\\\/exaudi.org\\\/es\\\/\"},{\"@type\":\"ListItem\",\"position\":2,\"name\":\"Papa Francisco: Orar por casa com\u00fan ante \u201ccrisis planetaria\u201d\"}]},{\"@type\":\"WebSite\",\"@id\":\"https:\\\/\\\/exaudi.org\\\/#website\",\"url\":\"https:\\\/\\\/exaudi.org\\\/\",\"name\":\"Exaudi\",\"description\":\"News\",\"potentialAction\":[{\"@type\":\"SearchAction\",\"target\":{\"@type\":\"EntryPoint\",\"urlTemplate\":\"https:\\\/\\\/exaudi.org\\\/?s={search_term_string}\"},\"query-input\":{\"@type\":\"PropertyValueSpecification\",\"valueRequired\":true,\"valueName\":\"search_term_string\"}}],\"inLanguage\":\"es\"},{\"@type\":\"Person\",\"@id\":\"https:\\\/\\\/exaudi.org\\\/#\\\/schema\\\/person\\\/d134b96438278131ce90c90c03fda6cd\",\"name\":\"Gabriel Sales\",\"image\":{\"@type\":\"ImageObject\",\"inLanguage\":\"es\",\"@id\":\"https:\\\/\\\/secure.gravatar.com\\\/avatar\\\/9b1269566f6a063ed26ffb3532b66a373cdde231ce5d0effb266167437fdaffd?s=96&d=mm&r=g\",\"url\":\"https:\\\/\\\/secure.gravatar.com\\\/avatar\\\/9b1269566f6a063ed26ffb3532b66a373cdde231ce5d0effb266167437fdaffd?s=96&d=mm&r=g\",\"contentUrl\":\"https:\\\/\\\/secure.gravatar.com\\\/avatar\\\/9b1269566f6a063ed26ffb3532b66a373cdde231ce5d0effb266167437fdaffd?s=96&d=mm&r=g\",\"caption\":\"Gabriel Sales\"},\"description\":\"Periodista y especialista en Comunicaci\u00f3n y Branding digital. Cin\u00e9filo y cr\u00edtico de cine y series de televisi\u00f3n.\",\"sameAs\":[\"https:\\\/\\\/www.instagram.com\\\/cine90segundos\\\/\",\"www.linkedin.com\\\/in\\\/habemusman\",\"https:\\\/\\\/x.com\\\/habemusman\",\"https:\\\/\\\/www.youtube.com\\\/channel\\\/UCVfCiOMkJ_C7T7OpyjuaLDg\"],\"url\":\"https:\\\/\\\/exaudi.org\\\/es\\\/author\\\/gsalesexaudi-org\\\/\"}]}<\/script>\n<!-- \/ Yoast SEO plugin. -->","yoast_head_json":{"title":"Papa Francisco: Orar por casa com\u00fan ante \u201ccrisis planetaria\u201d","description":"En la audiencia general de esta ma\u00f1ana, el Papa Francisco ha llamado a orar por la casa com\u00fan ante la actual grave crisis planetaria.","robots":{"index":"index","follow":"follow","max-snippet":"max-snippet:-1","max-image-preview":"max-image-preview:large","max-video-preview":"max-video-preview:-1"},"canonical":"https:\/\/exaudi.org\/es\/papa-francisco-orar-casa-comun-grave-crisis-planetaria\/","og_locale":"es_ES","og_type":"article","og_title":"Papa Francisco: Orar por casa com\u00fan ante \u201ccrisis planetaria\u201d","og_description":"En la audiencia general de esta ma\u00f1ana, el Papa Francisco ha llamado a orar por la casa com\u00fan ante la actual grave crisis planetaria.","og_url":"https:\/\/exaudi.org\/es\/papa-francisco-orar-casa-comun-grave-crisis-planetaria\/","og_site_name":"Exaudi","article_publisher":"https:\/\/www.facebook.com\/ExaudiNews","article_published_time":"2021-09-01T08:25:54+00:00","article_modified_time":"2021-09-02T07:21:21+00:00","og_image":[{"width":1455,"height":819,"url":"https:\/\/exaudi.org\/wp-content\/uploads\/2021\/09\/c121c232112c.jpeg","type":"image\/jpeg"}],"author":"Gabriel Sales","twitter_card":"summary_large_image","twitter_creator":"@habemusman","twitter_site":"@Exaudi_News","twitter_misc":{"Escrito por":"Gabriel Sales","Tiempo de lectura":"1 minuto"},"schema":{"@context":"https:\/\/schema.org","@graph":[{"@type":"Article","@id":"https:\/\/exaudi.org\/es\/papa-francisco-orar-casa-comun-grave-crisis-planetaria\/#article","isPartOf":{"@id":"https:\/\/exaudi.org\/es\/papa-francisco-orar-casa-comun-grave-crisis-planetaria\/"},"author":{"name":"Gabriel Sales","@id":"https:\/\/exaudi.org\/#\/schema\/person\/d134b96438278131ce90c90c03fda6cd"},"headline":"Papa Francisco: Orar por casa com\u00fan ante \u201ccrisis planetaria\u201d","datePublished":"2021-09-01T08:25:54+00:00","dateModified":"2021-09-02T07:21:21+00:00","mainEntityOfPage":{"@id":"https:\/\/exaudi.org\/es\/papa-francisco-orar-casa-comun-grave-crisis-planetaria\/"},"wordCount":234,"image":{"@id":"https:\/\/exaudi.org\/es\/papa-francisco-orar-casa-comun-grave-crisis-planetaria\/#primaryimage"},"thumbnailUrl":"https:\/\/exaudi.org\/wp-content\/uploads\/2021\/09\/c121c232112c.jpeg","keywords":["audiencia general","Jornada Mundial de Oraci\u00f3n por el Cuidado de la Creaci\u00f3n","papa francisco"],"articleSection":["Audiencia General","\u00daltimas noticias"],"inLanguage":"es"},{"@type":"WebPage","@id":"https:\/\/exaudi.org\/es\/papa-francisco-orar-casa-comun-grave-crisis-planetaria\/","url":"https:\/\/exaudi.org\/es\/papa-francisco-orar-casa-comun-grave-crisis-planetaria\/","name":"Papa Francisco: Orar por casa com\u00fan ante \u201ccrisis planetaria\u201d","isPartOf":{"@id":"https:\/\/exaudi.org\/#website"},"primaryImageOfPage":{"@id":"https:\/\/exaudi.org\/es\/papa-francisco-orar-casa-comun-grave-crisis-planetaria\/#primaryimage"},"image":{"@id":"https:\/\/exaudi.org\/es\/papa-francisco-orar-casa-comun-grave-crisis-planetaria\/#primaryimage"},"thumbnailUrl":"https:\/\/exaudi.org\/wp-content\/uploads\/2021\/09\/c121c232112c.jpeg","datePublished":"2021-09-01T08:25:54+00:00","dateModified":"2021-09-02T07:21:21+00:00","author":{"@id":"https:\/\/exaudi.org\/#\/schema\/person\/d134b96438278131ce90c90c03fda6cd"},"description":"En la audiencia general de esta ma\u00f1ana, el Papa Francisco ha llamado a orar por la casa com\u00fan ante la actual grave crisis planetaria.","breadcrumb":{"@id":"https:\/\/exaudi.org\/es\/papa-francisco-orar-casa-comun-grave-crisis-planetaria\/#breadcrumb"},"inLanguage":"es","potentialAction":[{"@type":"ReadAction","target":["https:\/\/exaudi.org\/es\/papa-francisco-orar-casa-comun-grave-crisis-planetaria\/"]}]},{"@type":"ImageObject","inLanguage":"es","@id":"https:\/\/exaudi.org\/es\/papa-francisco-orar-casa-comun-grave-crisis-planetaria\/#primaryimage","url":"https:\/\/exaudi.org\/wp-content\/uploads\/2021\/09\/c121c232112c.jpeg","contentUrl":"https:\/\/exaudi.org\/wp-content\/uploads\/2021\/09\/c121c232112c.jpeg","width":1455,"height":819,"caption":"Audiencia general 1 septiembre 2021 \u00a9 Vatican Media"},{"@type":"BreadcrumbList","@id":"https:\/\/exaudi.org\/es\/papa-francisco-orar-casa-comun-grave-crisis-planetaria\/#breadcrumb","itemListElement":[{"@type":"ListItem","position":1,"name":"Portada","item":"https:\/\/exaudi.org\/es\/"},{"@type":"ListItem","position":2,"name":"Papa Francisco: Orar por casa com\u00fan ante \u201ccrisis planetaria\u201d"}]},{"@type":"WebSite","@id":"https:\/\/exaudi.org\/#website","url":"https:\/\/exaudi.org\/","name":"Exaudi","description":"News","potentialAction":[{"@type":"SearchAction","target":{"@type":"EntryPoint","urlTemplate":"https:\/\/exaudi.org\/?s={search_term_string}"},"query-input":{"@type":"PropertyValueSpecification","valueRequired":true,"valueName":"search_term_string"}}],"inLanguage":"es"},{"@type":"Person","@id":"https:\/\/exaudi.org\/#\/schema\/person\/d134b96438278131ce90c90c03fda6cd","name":"Gabriel Sales","image":{"@type":"ImageObject","inLanguage":"es","@id":"https:\/\/secure.gravatar.com\/avatar\/9b1269566f6a063ed26ffb3532b66a373cdde231ce5d0effb266167437fdaffd?s=96&d=mm&r=g","url":"https:\/\/secure.gravatar.com\/avatar\/9b1269566f6a063ed26ffb3532b66a373cdde231ce5d0effb266167437fdaffd?s=96&d=mm&r=g","contentUrl":"https:\/\/secure.gravatar.com\/avatar\/9b1269566f6a063ed26ffb3532b66a373cdde231ce5d0effb266167437fdaffd?s=96&d=mm&r=g","caption":"Gabriel Sales"},"description":"Periodista y especialista en Comunicaci\u00f3n y Branding digital. Cin\u00e9filo y cr\u00edtico de cine y series de televisi\u00f3n.","sameAs":["https:\/\/www.instagram.com\/cine90segundos\/","www.linkedin.com\/in\/habemusman","https:\/\/x.com\/habemusman","https:\/\/www.youtube.com\/channel\/UCVfCiOMkJ_C7T7OpyjuaLDg"],"url":"https:\/\/exaudi.org\/es\/author\/gsalesexaudi-org\/"}]}},"jetpack_featured_media_url":"https:\/\/exaudi.org\/wp-content\/uploads\/2021\/09\/c121c232112c.jpeg","jetpack_shortlink":"https:\/\/wp.me\/pgKjF2-8aW","_links":{"self":[{"href":"https:\/\/exaudi.org\/es\/wp-json\/wp\/v2\/posts\/31430","targetHints":{"allow":["GET"]}}],"collection":[{"href":"https:\/\/exaudi.org\/es\/wp-json\/wp\/v2\/posts"}],"about":[{"href":"https:\/\/exaudi.org\/es\/wp-json\/wp\/v2\/types\/post"}],"author":[{"embeddable":true,"href":"https:\/\/exaudi.org\/es\/wp-json\/wp\/v2\/users\/6"}],"replies":[{"embeddable":true,"href":"https:\/\/exaudi.org\/es\/wp-json\/wp\/v2\/comments?post=31430"}],"version-history":[{"count":0,"href":"https:\/\/exaudi.org\/es\/wp-json\/wp\/v2\/posts\/31430\/revisions"}],"wp:featuredmedia":[{"embeddable":true,"href":"https:\/\/exaudi.org\/es\/wp-json\/wp\/v2\/media\/31462"}],"wp:attachment":[{"href":"https:\/\/exaudi.org\/es\/wp-json\/wp\/v2\/media?parent=31430"}],"wp:term":[{"taxonomy":"category","embeddable":true,"href":"https:\/\/exaudi.org\/es\/wp-json\/wp\/v2\/categories?post=31430"},{"taxonomy":"post_tag","embeddable":true,"href":"https:\/\/exaudi.org\/es\/wp-json\/wp\/v2\/tags?post=31430"}],"curies":[{"name":"wp","href":"https:\/\/api.w.org\/{rel}","templated":true}]}}