{"id":31355,"date":"2021-08-31T09:55:47","date_gmt":"2021-08-31T07:55:47","guid":{"rendered":"https:\/\/exaudi.wpengine.com\/?p=31355"},"modified":"2021-09-01T16:34:43","modified_gmt":"2021-09-01T14:34:43","slug":"clamor-gobiernos-luchad-contra-desaparicion-forzada","status":"publish","type":"post","link":"https:\/\/exaudi.org\/es\/clamor-gobiernos-luchad-contra-desaparicion-forzada\/","title":{"rendered":"CLAMOR: Gobiernos, luchad contra la desaparici\u00f3n forzada"},"content":{"rendered":"<p>La\u00a0Red Eclesial Latinoamericana y Caribe\u00f1a de Migraci\u00f3n, Desplazamiento, Refugio y <a href=\"https:\/\/exaudi.wpengine.com\/es\/dia-mundial-trata-4-videos-red-clamor\/\" target=\"_blank\" rel=\"noopener\">Trata de Personas<\/a> (CLAMOR) expres\u00f3 ayer, 30 de agosto de 2021, <a href=\"https:\/\/www.un.org\/es\/observances\/victims-enforced-disappearance\" target=\"_blank\" rel=\"noopener\">D\u00eda Internacional de las V\u00edctimas de desaparici\u00f3n forzada<\/a>, mediante un comunicado dirigido a los Gobiernos, la urgencia de \u201caumentar esfuerzos para proteger la poblaci\u00f3n y garantizar sus derechos\u201d.<\/p>\n<h4><strong>Dram\u00e1tica realidad migrante<\/strong><\/h4>\n<p>Al comienzo del documento, <a href=\"http:\/\/www.americalatina.va\/content\/americalatina\/es\/articulos\/clamor---red-eclesial-latinoamericana-y-caribena-de-migracion--d.html\" target=\"_blank\" rel=\"noopener\">CLAMOR<\/a> destaca que en Latinoam\u00e9rica esta dram\u00e1tica realidad \u201cno es cosa del pasado y no fue una realidad solo de los conflictos en tiempos de dictaduras\u201d. No se logr\u00f3, contin\u00faa, \u201cverdad y justicia para los casos del pasado, y, d\u00eda a d\u00eda, aumenta el n\u00famero de nuevos casos\u201d.<\/p>\n<p>Del mismo modo, el comunicado llama la atenci\u00f3n \u201csobre las desapariciones de miles de personas migrantes\u201d en el continente: \u201cSon muchas las rutas y diversas las formas de emigraci\u00f3n irregular, pero todas llenas de riesgos y entre ellos, la desaparici\u00f3n y muerte\u201d. Tambi\u00e9n se recuerda a los migrantes desaparecidos en M\u00e9xico: \u201cMuchas fueron v\u00edctimas de masacres, otras, quiz\u00e1s, est\u00e1n entre los restos no identificados y, muchas, muchas m\u00e1s son las de quien no se tienen ninguna pista\u201d.<\/p>\n<h4><strong>Llamamiento<\/strong><\/h4>\n<p>\u201cA los gobernantes de todos los pa\u00edses pedimos que recuerden a sus fuerzas armadas y todo tipo de instituciones de seguridad p\u00fablica que su deber es servir garantizar seguridad, no perseguir, arrestar y desaparecer y matar civiles\u201d, declara CLAMOR.\u00a0Igualmente, demanda \u201cinvestigar, juzgar y condenar a los militares y miembros de instituciones de seguridad p\u00fablica que hayan cometido o est\u00e9n involucrados con desapariciones forzadas y presenten estrategias para evitar la repetici\u00f3n de estos hechos\u201d.<\/p>\n<p>A las instituciones de gobierno de los pa\u00edses de origen, la Red Eclesial recuerda que \u201ces un derecho de las v\u00edctimas la verdad, justicia y reparaci\u00f3n\u201d, y que como naciones \u201cest\u00e1n obligadas a hacer todo el esfuerzo y conseguir los medios para que se cumpla ese derecho a todas las v\u00edctimas sin distinci\u00f3n\u201d. Al Alto Comisionado de Derechos Humanos, insta \u201csean cercanas a las v\u00edctimas y las apoyen, con los recursos de las leyes\u201d.<\/p>\n","protected":false},"excerpt":{"rendered":"<p>Llamamiento a trav\u00e9s de un comunicado<\/p>\n","protected":false},"author":6,"featured_media":31356,"comment_status":"closed","ping_status":"closed","sticky":false,"template":"","format":"standard","meta":{"_acf_changed":false,"_crdt_document":"","inline_featured_image":false,"footnotes":""},"categories":[86,94,298],"tags":[3889,1523],"class_list":["post-31355","post","type-post","status-publish","format-standard","has-post-thumbnail","hentry","category-iglesia-local","category-justicia-y-paz","category-ultimas-noticias","tag-desaparicion-forzada","tag-red-clamor"],"acf":[],"yoast_head":"<!-- This site is optimized with the Yoast SEO plugin v27.5 - https:\/\/yoast.com\/product\/yoast-seo-wordpress\/ -->\n<title>CLAMOR: Gobiernos, luchad contra la desaparici\u00f3n forzada - Exaudi<\/title>\n<meta name=\"description\" content=\"La Red CLAMOR ha hecho un llamamiento a los gobiernos de Latinoam\u00e9rica a luchar contra la dram\u00e1tica situaci\u00f3n de la desaparici\u00f3n forzada.\" \/>\n<meta name=\"robots\" content=\"index, follow, max-snippet:-1, max-image-preview:large, max-video-preview:-1\" \/>\n<link rel=\"canonical\" href=\"https:\/\/exaudi.org\/es\/clamor-gobiernos-luchad-contra-desaparicion-forzada\/\" \/>\n<meta property=\"og:locale\" content=\"es_ES\" \/>\n<meta property=\"og:type\" content=\"article\" \/>\n<meta property=\"og:title\" content=\"CLAMOR: Gobiernos, luchad contra la desaparici\u00f3n forzada - Exaudi\" \/>\n<meta property=\"og:description\" content=\"La Red CLAMOR ha hecho un llamamiento a los gobiernos de Latinoam\u00e9rica a luchar contra la dram\u00e1tica situaci\u00f3n de la desaparici\u00f3n forzada.\" \/>\n<meta property=\"og:url\" content=\"https:\/\/exaudi.org\/es\/clamor-gobiernos-luchad-contra-desaparicion-forzada\/\" \/>\n<meta property=\"og:site_name\" content=\"Exaudi\" \/>\n<meta property=\"article:publisher\" content=\"https:\/\/www.facebook.com\/ExaudiNews\" \/>\n<meta property=\"article:published_time\" content=\"2021-08-31T07:55:47+00:00\" \/>\n<meta property=\"article:modified_time\" content=\"2021-09-01T14:34:43+00:00\" \/>\n<meta property=\"og:image\" content=\"https:\/\/exaudi.org\/wp-content\/uploads\/2021\/08\/2c33c33.jpg\" \/>\n\t<meta property=\"og:image:width\" content=\"1236\" \/>\n\t<meta property=\"og:image:height\" content=\"695\" \/>\n\t<meta property=\"og:image:type\" content=\"image\/jpeg\" \/>\n<meta name=\"author\" content=\"Gabriel Sales\" \/>\n<meta name=\"twitter:card\" content=\"summary_large_image\" \/>\n<meta name=\"twitter:creator\" content=\"@habemusman\" \/>\n<meta name=\"twitter:site\" content=\"@Exaudi_News\" \/>\n<meta name=\"twitter:label1\" content=\"Escrito por\" \/>\n\t<meta name=\"twitter:data1\" content=\"Gabriel Sales\" \/>\n\t<meta name=\"twitter:label2\" content=\"Tiempo de lectura\" \/>\n\t<meta name=\"twitter:data2\" content=\"2 minutos\" \/>\n<script type=\"application\/ld+json\" class=\"yoast-schema-graph\">{\"@context\":\"https:\\\/\\\/schema.org\",\"@graph\":[{\"@type\":\"Article\",\"@id\":\"https:\\\/\\\/exaudi.org\\\/es\\\/clamor-gobiernos-luchad-contra-desaparicion-forzada\\\/#article\",\"isPartOf\":{\"@id\":\"https:\\\/\\\/exaudi.org\\\/es\\\/clamor-gobiernos-luchad-contra-desaparicion-forzada\\\/\"},\"author\":{\"name\":\"Gabriel Sales\",\"@id\":\"https:\\\/\\\/exaudi.org\\\/#\\\/schema\\\/person\\\/d134b96438278131ce90c90c03fda6cd\"},\"headline\":\"CLAMOR: Gobiernos, luchad contra la desaparici\u00f3n forzada\",\"datePublished\":\"2021-08-31T07:55:47+00:00\",\"dateModified\":\"2021-09-01T14:34:43+00:00\",\"mainEntityOfPage\":{\"@id\":\"https:\\\/\\\/exaudi.org\\\/es\\\/clamor-gobiernos-luchad-contra-desaparicion-forzada\\\/\"},\"wordCount\":371,\"image\":{\"@id\":\"https:\\\/\\\/exaudi.org\\\/es\\\/clamor-gobiernos-luchad-contra-desaparicion-forzada\\\/#primaryimage\"},\"thumbnailUrl\":\"https:\\\/\\\/exaudi.org\\\/wp-content\\\/uploads\\\/2021\\\/08\\\/2c33c33.jpg\",\"keywords\":[\"Desaparici\u00f3n forzada\",\"Red CLAMOR\"],\"articleSection\":[\"Iglesia Local\",\"Justicia y Paz\",\"\u00daltimas noticias\"],\"inLanguage\":\"es\"},{\"@type\":\"WebPage\",\"@id\":\"https:\\\/\\\/exaudi.org\\\/es\\\/clamor-gobiernos-luchad-contra-desaparicion-forzada\\\/\",\"url\":\"https:\\\/\\\/exaudi.org\\\/es\\\/clamor-gobiernos-luchad-contra-desaparicion-forzada\\\/\",\"name\":\"CLAMOR: Gobiernos, luchad contra la desaparici\u00f3n forzada - Exaudi\",\"isPartOf\":{\"@id\":\"https:\\\/\\\/exaudi.org\\\/#website\"},\"primaryImageOfPage\":{\"@id\":\"https:\\\/\\\/exaudi.org\\\/es\\\/clamor-gobiernos-luchad-contra-desaparicion-forzada\\\/#primaryimage\"},\"image\":{\"@id\":\"https:\\\/\\\/exaudi.org\\\/es\\\/clamor-gobiernos-luchad-contra-desaparicion-forzada\\\/#primaryimage\"},\"thumbnailUrl\":\"https:\\\/\\\/exaudi.org\\\/wp-content\\\/uploads\\\/2021\\\/08\\\/2c33c33.jpg\",\"datePublished\":\"2021-08-31T07:55:47+00:00\",\"dateModified\":\"2021-09-01T14:34:43+00:00\",\"author\":{\"@id\":\"https:\\\/\\\/exaudi.org\\\/#\\\/schema\\\/person\\\/d134b96438278131ce90c90c03fda6cd\"},\"description\":\"La Red CLAMOR ha hecho un llamamiento a los gobiernos de Latinoam\u00e9rica a luchar contra la dram\u00e1tica situaci\u00f3n de la desaparici\u00f3n forzada.\",\"breadcrumb\":{\"@id\":\"https:\\\/\\\/exaudi.org\\\/es\\\/clamor-gobiernos-luchad-contra-desaparicion-forzada\\\/#breadcrumb\"},\"inLanguage\":\"es\",\"potentialAction\":[{\"@type\":\"ReadAction\",\"target\":[\"https:\\\/\\\/exaudi.org\\\/es\\\/clamor-gobiernos-luchad-contra-desaparicion-forzada\\\/\"]}]},{\"@type\":\"ImageObject\",\"inLanguage\":\"es\",\"@id\":\"https:\\\/\\\/exaudi.org\\\/es\\\/clamor-gobiernos-luchad-contra-desaparicion-forzada\\\/#primaryimage\",\"url\":\"https:\\\/\\\/exaudi.org\\\/wp-content\\\/uploads\\\/2021\\\/08\\\/2c33c33.jpg\",\"contentUrl\":\"https:\\\/\\\/exaudi.org\\\/wp-content\\\/uploads\\\/2021\\\/08\\\/2c33c33.jpg\",\"width\":1236,\"height\":695,\"caption\":\"Dos ni\u00f1os cogiendo una foto de sus familiares \u00a9 CELAM\"},{\"@type\":\"BreadcrumbList\",\"@id\":\"https:\\\/\\\/exaudi.org\\\/es\\\/clamor-gobiernos-luchad-contra-desaparicion-forzada\\\/#breadcrumb\",\"itemListElement\":[{\"@type\":\"ListItem\",\"position\":1,\"name\":\"Portada\",\"item\":\"https:\\\/\\\/exaudi.org\\\/es\\\/\"},{\"@type\":\"ListItem\",\"position\":2,\"name\":\"CLAMOR: Gobiernos, luchad contra la desaparici\u00f3n forzada\"}]},{\"@type\":\"WebSite\",\"@id\":\"https:\\\/\\\/exaudi.org\\\/#website\",\"url\":\"https:\\\/\\\/exaudi.org\\\/\",\"name\":\"Exaudi\",\"description\":\"News\",\"potentialAction\":[{\"@type\":\"SearchAction\",\"target\":{\"@type\":\"EntryPoint\",\"urlTemplate\":\"https:\\\/\\\/exaudi.org\\\/?s={search_term_string}\"},\"query-input\":{\"@type\":\"PropertyValueSpecification\",\"valueRequired\":true,\"valueName\":\"search_term_string\"}}],\"inLanguage\":\"es\"},{\"@type\":\"Person\",\"@id\":\"https:\\\/\\\/exaudi.org\\\/#\\\/schema\\\/person\\\/d134b96438278131ce90c90c03fda6cd\",\"name\":\"Gabriel Sales\",\"image\":{\"@type\":\"ImageObject\",\"inLanguage\":\"es\",\"@id\":\"https:\\\/\\\/secure.gravatar.com\\\/avatar\\\/9b1269566f6a063ed26ffb3532b66a373cdde231ce5d0effb266167437fdaffd?s=96&d=mm&r=g\",\"url\":\"https:\\\/\\\/secure.gravatar.com\\\/avatar\\\/9b1269566f6a063ed26ffb3532b66a373cdde231ce5d0effb266167437fdaffd?s=96&d=mm&r=g\",\"contentUrl\":\"https:\\\/\\\/secure.gravatar.com\\\/avatar\\\/9b1269566f6a063ed26ffb3532b66a373cdde231ce5d0effb266167437fdaffd?s=96&d=mm&r=g\",\"caption\":\"Gabriel Sales\"},\"description\":\"Periodista y especialista en Comunicaci\u00f3n y Branding digital. Cin\u00e9filo y cr\u00edtico de cine y series de televisi\u00f3n.\",\"sameAs\":[\"https:\\\/\\\/www.instagram.com\\\/cine90segundos\\\/\",\"www.linkedin.com\\\/in\\\/habemusman\",\"https:\\\/\\\/x.com\\\/habemusman\",\"https:\\\/\\\/www.youtube.com\\\/channel\\\/UCVfCiOMkJ_C7T7OpyjuaLDg\"],\"url\":\"https:\\\/\\\/exaudi.org\\\/es\\\/author\\\/gsalesexaudi-org\\\/\"}]}<\/script>\n<!-- \/ Yoast SEO plugin. -->","yoast_head_json":{"title":"CLAMOR: Gobiernos, luchad contra la desaparici\u00f3n forzada - Exaudi","description":"La Red CLAMOR ha hecho un llamamiento a los gobiernos de Latinoam\u00e9rica a luchar contra la dram\u00e1tica situaci\u00f3n de la desaparici\u00f3n forzada.","robots":{"index":"index","follow":"follow","max-snippet":"max-snippet:-1","max-image-preview":"max-image-preview:large","max-video-preview":"max-video-preview:-1"},"canonical":"https:\/\/exaudi.org\/es\/clamor-gobiernos-luchad-contra-desaparicion-forzada\/","og_locale":"es_ES","og_type":"article","og_title":"CLAMOR: Gobiernos, luchad contra la desaparici\u00f3n forzada - Exaudi","og_description":"La Red CLAMOR ha hecho un llamamiento a los gobiernos de Latinoam\u00e9rica a luchar contra la dram\u00e1tica situaci\u00f3n de la desaparici\u00f3n forzada.","og_url":"https:\/\/exaudi.org\/es\/clamor-gobiernos-luchad-contra-desaparicion-forzada\/","og_site_name":"Exaudi","article_publisher":"https:\/\/www.facebook.com\/ExaudiNews","article_published_time":"2021-08-31T07:55:47+00:00","article_modified_time":"2021-09-01T14:34:43+00:00","og_image":[{"width":1236,"height":695,"url":"https:\/\/exaudi.org\/wp-content\/uploads\/2021\/08\/2c33c33.jpg","type":"image\/jpeg"}],"author":"Gabriel Sales","twitter_card":"summary_large_image","twitter_creator":"@habemusman","twitter_site":"@Exaudi_News","twitter_misc":{"Escrito por":"Gabriel Sales","Tiempo de lectura":"2 minutos"},"schema":{"@context":"https:\/\/schema.org","@graph":[{"@type":"Article","@id":"https:\/\/exaudi.org\/es\/clamor-gobiernos-luchad-contra-desaparicion-forzada\/#article","isPartOf":{"@id":"https:\/\/exaudi.org\/es\/clamor-gobiernos-luchad-contra-desaparicion-forzada\/"},"author":{"name":"Gabriel Sales","@id":"https:\/\/exaudi.org\/#\/schema\/person\/d134b96438278131ce90c90c03fda6cd"},"headline":"CLAMOR: Gobiernos, luchad contra la desaparici\u00f3n forzada","datePublished":"2021-08-31T07:55:47+00:00","dateModified":"2021-09-01T14:34:43+00:00","mainEntityOfPage":{"@id":"https:\/\/exaudi.org\/es\/clamor-gobiernos-luchad-contra-desaparicion-forzada\/"},"wordCount":371,"image":{"@id":"https:\/\/exaudi.org\/es\/clamor-gobiernos-luchad-contra-desaparicion-forzada\/#primaryimage"},"thumbnailUrl":"https:\/\/exaudi.org\/wp-content\/uploads\/2021\/08\/2c33c33.jpg","keywords":["Desaparici\u00f3n forzada","Red CLAMOR"],"articleSection":["Iglesia Local","Justicia y Paz","\u00daltimas noticias"],"inLanguage":"es"},{"@type":"WebPage","@id":"https:\/\/exaudi.org\/es\/clamor-gobiernos-luchad-contra-desaparicion-forzada\/","url":"https:\/\/exaudi.org\/es\/clamor-gobiernos-luchad-contra-desaparicion-forzada\/","name":"CLAMOR: Gobiernos, luchad contra la desaparici\u00f3n forzada - Exaudi","isPartOf":{"@id":"https:\/\/exaudi.org\/#website"},"primaryImageOfPage":{"@id":"https:\/\/exaudi.org\/es\/clamor-gobiernos-luchad-contra-desaparicion-forzada\/#primaryimage"},"image":{"@id":"https:\/\/exaudi.org\/es\/clamor-gobiernos-luchad-contra-desaparicion-forzada\/#primaryimage"},"thumbnailUrl":"https:\/\/exaudi.org\/wp-content\/uploads\/2021\/08\/2c33c33.jpg","datePublished":"2021-08-31T07:55:47+00:00","dateModified":"2021-09-01T14:34:43+00:00","author":{"@id":"https:\/\/exaudi.org\/#\/schema\/person\/d134b96438278131ce90c90c03fda6cd"},"description":"La Red CLAMOR ha hecho un llamamiento a los gobiernos de Latinoam\u00e9rica a luchar contra la dram\u00e1tica situaci\u00f3n de la desaparici\u00f3n forzada.","breadcrumb":{"@id":"https:\/\/exaudi.org\/es\/clamor-gobiernos-luchad-contra-desaparicion-forzada\/#breadcrumb"},"inLanguage":"es","potentialAction":[{"@type":"ReadAction","target":["https:\/\/exaudi.org\/es\/clamor-gobiernos-luchad-contra-desaparicion-forzada\/"]}]},{"@type":"ImageObject","inLanguage":"es","@id":"https:\/\/exaudi.org\/es\/clamor-gobiernos-luchad-contra-desaparicion-forzada\/#primaryimage","url":"https:\/\/exaudi.org\/wp-content\/uploads\/2021\/08\/2c33c33.jpg","contentUrl":"https:\/\/exaudi.org\/wp-content\/uploads\/2021\/08\/2c33c33.jpg","width":1236,"height":695,"caption":"Dos ni\u00f1os cogiendo una foto de sus familiares \u00a9 CELAM"},{"@type":"BreadcrumbList","@id":"https:\/\/exaudi.org\/es\/clamor-gobiernos-luchad-contra-desaparicion-forzada\/#breadcrumb","itemListElement":[{"@type":"ListItem","position":1,"name":"Portada","item":"https:\/\/exaudi.org\/es\/"},{"@type":"ListItem","position":2,"name":"CLAMOR: Gobiernos, luchad contra la desaparici\u00f3n forzada"}]},{"@type":"WebSite","@id":"https:\/\/exaudi.org\/#website","url":"https:\/\/exaudi.org\/","name":"Exaudi","description":"News","potentialAction":[{"@type":"SearchAction","target":{"@type":"EntryPoint","urlTemplate":"https:\/\/exaudi.org\/?s={search_term_string}"},"query-input":{"@type":"PropertyValueSpecification","valueRequired":true,"valueName":"search_term_string"}}],"inLanguage":"es"},{"@type":"Person","@id":"https:\/\/exaudi.org\/#\/schema\/person\/d134b96438278131ce90c90c03fda6cd","name":"Gabriel Sales","image":{"@type":"ImageObject","inLanguage":"es","@id":"https:\/\/secure.gravatar.com\/avatar\/9b1269566f6a063ed26ffb3532b66a373cdde231ce5d0effb266167437fdaffd?s=96&d=mm&r=g","url":"https:\/\/secure.gravatar.com\/avatar\/9b1269566f6a063ed26ffb3532b66a373cdde231ce5d0effb266167437fdaffd?s=96&d=mm&r=g","contentUrl":"https:\/\/secure.gravatar.com\/avatar\/9b1269566f6a063ed26ffb3532b66a373cdde231ce5d0effb266167437fdaffd?s=96&d=mm&r=g","caption":"Gabriel Sales"},"description":"Periodista y especialista en Comunicaci\u00f3n y Branding digital. Cin\u00e9filo y cr\u00edtico de cine y series de televisi\u00f3n.","sameAs":["https:\/\/www.instagram.com\/cine90segundos\/","www.linkedin.com\/in\/habemusman","https:\/\/x.com\/habemusman","https:\/\/www.youtube.com\/channel\/UCVfCiOMkJ_C7T7OpyjuaLDg"],"url":"https:\/\/exaudi.org\/es\/author\/gsalesexaudi-org\/"}]}},"jetpack_featured_media_url":"https:\/\/exaudi.org\/wp-content\/uploads\/2021\/08\/2c33c33.jpg","jetpack_shortlink":"https:\/\/wp.me\/pgKjF2-89J","_links":{"self":[{"href":"https:\/\/exaudi.org\/es\/wp-json\/wp\/v2\/posts\/31355","targetHints":{"allow":["GET"]}}],"collection":[{"href":"https:\/\/exaudi.org\/es\/wp-json\/wp\/v2\/posts"}],"about":[{"href":"https:\/\/exaudi.org\/es\/wp-json\/wp\/v2\/types\/post"}],"author":[{"embeddable":true,"href":"https:\/\/exaudi.org\/es\/wp-json\/wp\/v2\/users\/6"}],"replies":[{"embeddable":true,"href":"https:\/\/exaudi.org\/es\/wp-json\/wp\/v2\/comments?post=31355"}],"version-history":[{"count":0,"href":"https:\/\/exaudi.org\/es\/wp-json\/wp\/v2\/posts\/31355\/revisions"}],"wp:featuredmedia":[{"embeddable":true,"href":"https:\/\/exaudi.org\/es\/wp-json\/wp\/v2\/media\/31356"}],"wp:attachment":[{"href":"https:\/\/exaudi.org\/es\/wp-json\/wp\/v2\/media?parent=31355"}],"wp:term":[{"taxonomy":"category","embeddable":true,"href":"https:\/\/exaudi.org\/es\/wp-json\/wp\/v2\/categories?post=31355"},{"taxonomy":"post_tag","embeddable":true,"href":"https:\/\/exaudi.org\/es\/wp-json\/wp\/v2\/tags?post=31355"}],"curies":[{"name":"wp","href":"https:\/\/api.w.org\/{rel}","templated":true}]}}