{"id":31324,"date":"2021-08-30T16:10:20","date_gmt":"2021-08-30T14:10:20","guid":{"rendered":"https:\/\/exaudi.wpengine.com\/?p=31324"},"modified":"2021-08-31T10:11:19","modified_gmt":"2021-08-31T08:11:19","slug":"italia-guido-marini-obispo-tortona","status":"publish","type":"post","link":"https:\/\/exaudi.org\/es\/italia-guido-marini-obispo-tortona\/","title":{"rendered":"Italia: Monse\u00f1or Guido Marini, nuevo obispo de Tortona"},"content":{"rendered":"<p>El <a href=\"https:\/\/exaudi.wpengine.com\/es\/periodista-carlos-herrera-entrevista-papa\/\" target=\"_blank\" rel=\"noopener\">Papa Francisco<\/a> ha nombrado obispo de la di\u00f3cesis de Tortona, Italia, al reverend\u00edsimo monse\u00f1or Guido Marini, del clero de la archidi\u00f3cesis de G\u00e9nova, hasta ahora maestro de las celebraciones lit\u00fargicas del Papa Francisco. As\u00ed inform\u00f3 ayer, domingo 29 de agosto de 2021, la <a href=\"https:\/\/www.vatican.va\/news_services\/press\/index_sp.htm\" target=\"_blank\" rel=\"noopener\">Oficina de Prensa de la Santa Sede.<\/a><\/p>\n<h4><strong>Mons. Marini<\/strong><\/h4>\n<p>Naci\u00f3 en G\u00e9nova el 31 de enero de 1965. Despu\u00e9s de su madurez cl\u00e1sica, ingres\u00f3 en el seminario arzobispal de la misma ciudad, donde obtuvo el Bachillerato en Teolog\u00eda. Ordenado sacerdote el 4 de febrero de 1989, continu\u00f3 sus estudios en Roma, en la Universidad Pontificia Lateranense, donde obtuvo la licenciatura en teolog\u00eda.<\/p>\n<p>En 2007 obtuvo una licenciatura en Psicolog\u00eda de la Comunicaci\u00f3n por la Universidad Pontificia Salesiana. Ha sido secretario particular de los cardenales Giovanni Canestri (1988-1995), Dionigi Tettamanzi (1995-2002) y Tarcisio Bertone (2002-2003), profesor de Derecho Can\u00f3nico en la Facultad de Teolog\u00eda del Norte de Italia &#8211; Secci\u00f3n de G\u00e9nova y el Instituto Superior de Ciencias Religiosas (1992-2007), miembro de Ciencias Religiosas (1992-2007), miembro del Consejo Presbiteral (1996-2001), can\u00f3nigo de la Catedral de San Lorenzo (2002-2007), director de la Oficina Diocesana de Educaci\u00f3n y Escolarizaci\u00f3n (2003-2005), director de Ciencias Espirituales (2003-2005), director Espiritual en el Seminario Arzobispal (2004-2007), canciller arzobispal, miembro del Consejo Presbiteral Diocesano y miembro del Consejo Episcopal (2005-2007).<\/p>\n<p>Desde 2007 es prelado de honor de Su Santidad. Se convirti\u00f3 en maestro de las celebraciones lit\u00fargicas papales, y en 2013 fue confirmado en el cargo por el Papa Francisco. Desde 2019 es tambi\u00e9n responsable de la Capilla Musical Pontificia. Para el curso 2018-2019 ha sido profesor invitado de Liturgia Papal en la <em>Ateneo Pontificio Sant&#8217;Anselmo<\/em>. Desde su ordenaci\u00f3n sacerdotal, tambi\u00e9n ha ejercido su ministerio en el campo de la predicaci\u00f3n de ejercicios espirituales, direcci\u00f3n espiritual, acompa\u00f1ando a grupos de j\u00f3venes y como asistente espiritual de comunidades religiosas.<\/p>\n","protected":false},"excerpt":{"rendered":"<p>Hasta ahora maestro de ceremonias del Papa<\/p>\n","protected":false},"author":15,"featured_media":31325,"comment_status":"closed","ping_status":"closed","sticky":false,"template":"","format":"standard","meta":{"_acf_changed":false,"_crdt_document":"","inline_featured_image":false,"footnotes":""},"categories":[86,298],"tags":[3884,516,3883,292],"class_list":["post-31324","post","type-post","status-publish","format-standard","has-post-thumbnail","hentry","category-iglesia-local","category-ultimas-noticias","tag-diocesis-de-tortona","tag-italia","tag-monsenor-guido-marini","tag-nombramiento"],"acf":[],"yoast_head":"<!-- This site is optimized with the Yoast SEO plugin v27.5 - https:\/\/yoast.com\/product\/yoast-seo-wordpress\/ -->\n<title>Italia: Monse\u00f1or Guido Marini, nuevo obispo de Tortona - Exaudi<\/title>\n<meta name=\"description\" content=\"El Papa ha nombrado obispo de la di\u00f3cesis de Tortona, Italia, a Mons. Guido Marini, hasta ahora maestro de ceremonias del Papa.\" \/>\n<meta name=\"robots\" content=\"index, follow, max-snippet:-1, max-image-preview:large, max-video-preview:-1\" \/>\n<link rel=\"canonical\" href=\"https:\/\/exaudi.org\/es\/italia-guido-marini-obispo-tortona\/\" \/>\n<meta property=\"og:locale\" content=\"es_ES\" \/>\n<meta property=\"og:type\" content=\"article\" \/>\n<meta property=\"og:title\" content=\"Italia: Monse\u00f1or Guido Marini, nuevo obispo de Tortona - Exaudi\" \/>\n<meta property=\"og:description\" content=\"El Papa ha nombrado obispo de la di\u00f3cesis de Tortona, Italia, a Mons. Guido Marini, hasta ahora maestro de ceremonias del Papa.\" \/>\n<meta property=\"og:url\" content=\"https:\/\/exaudi.org\/es\/italia-guido-marini-obispo-tortona\/\" \/>\n<meta property=\"og:site_name\" content=\"Exaudi\" \/>\n<meta property=\"article:publisher\" content=\"https:\/\/www.facebook.com\/ExaudiNews\" \/>\n<meta property=\"article:author\" content=\"https:\/\/www.facebook.com\/ExaudiNoticias\/\" \/>\n<meta property=\"article:published_time\" content=\"2021-08-30T14:10:20+00:00\" \/>\n<meta property=\"article:modified_time\" content=\"2021-08-31T08:11:19+00:00\" \/>\n<meta property=\"og:image\" content=\"https:\/\/exaudi.org\/wp-content\/uploads\/2021\/08\/1c232c22.jpeg\" \/>\n\t<meta property=\"og:image:width\" content=\"1241\" \/>\n\t<meta property=\"og:image:height\" content=\"699\" \/>\n\t<meta property=\"og:image:type\" content=\"image\/jpeg\" \/>\n<meta name=\"author\" content=\"Exaudi Redacci\u00f3n\" \/>\n<meta name=\"twitter:card\" content=\"summary_large_image\" \/>\n<meta name=\"twitter:creator\" content=\"@Exaudi_noticias\" \/>\n<meta name=\"twitter:site\" content=\"@Exaudi_News\" \/>\n<meta name=\"twitter:label1\" content=\"Escrito por\" \/>\n\t<meta name=\"twitter:data1\" content=\"Exaudi Redacci\u00f3n\" \/>\n\t<meta name=\"twitter:label2\" content=\"Tiempo de lectura\" \/>\n\t<meta name=\"twitter:data2\" content=\"2 minutos\" \/>\n<script type=\"application\/ld+json\" class=\"yoast-schema-graph\">{\"@context\":\"https:\\\/\\\/schema.org\",\"@graph\":[{\"@type\":\"Article\",\"@id\":\"https:\\\/\\\/exaudi.org\\\/es\\\/italia-guido-marini-obispo-tortona\\\/#article\",\"isPartOf\":{\"@id\":\"https:\\\/\\\/exaudi.org\\\/es\\\/italia-guido-marini-obispo-tortona\\\/\"},\"author\":{\"name\":\"Exaudi Redacci\u00f3n\",\"@id\":\"https:\\\/\\\/exaudi.org\\\/#\\\/schema\\\/person\\\/f5fc8f063065e38742da7afe15f25df7\"},\"headline\":\"Italia: Monse\u00f1or Guido Marini, nuevo obispo de Tortona\",\"datePublished\":\"2021-08-30T14:10:20+00:00\",\"dateModified\":\"2021-08-31T08:11:19+00:00\",\"mainEntityOfPage\":{\"@id\":\"https:\\\/\\\/exaudi.org\\\/es\\\/italia-guido-marini-obispo-tortona\\\/\"},\"wordCount\":332,\"image\":{\"@id\":\"https:\\\/\\\/exaudi.org\\\/es\\\/italia-guido-marini-obispo-tortona\\\/#primaryimage\"},\"thumbnailUrl\":\"https:\\\/\\\/exaudi.org\\\/wp-content\\\/uploads\\\/2021\\\/08\\\/1c232c22.jpeg\",\"keywords\":[\"Di\u00f3cesis de Tortona\",\"Italia\",\"Monse\u00f1or Guido Marini\",\"Nombramiento\"],\"articleSection\":[\"Iglesia Local\",\"\u00daltimas noticias\"],\"inLanguage\":\"es\"},{\"@type\":\"WebPage\",\"@id\":\"https:\\\/\\\/exaudi.org\\\/es\\\/italia-guido-marini-obispo-tortona\\\/\",\"url\":\"https:\\\/\\\/exaudi.org\\\/es\\\/italia-guido-marini-obispo-tortona\\\/\",\"name\":\"Italia: Monse\u00f1or Guido Marini, nuevo obispo de Tortona - Exaudi\",\"isPartOf\":{\"@id\":\"https:\\\/\\\/exaudi.org\\\/#website\"},\"primaryImageOfPage\":{\"@id\":\"https:\\\/\\\/exaudi.org\\\/es\\\/italia-guido-marini-obispo-tortona\\\/#primaryimage\"},\"image\":{\"@id\":\"https:\\\/\\\/exaudi.org\\\/es\\\/italia-guido-marini-obispo-tortona\\\/#primaryimage\"},\"thumbnailUrl\":\"https:\\\/\\\/exaudi.org\\\/wp-content\\\/uploads\\\/2021\\\/08\\\/1c232c22.jpeg\",\"datePublished\":\"2021-08-30T14:10:20+00:00\",\"dateModified\":\"2021-08-31T08:11:19+00:00\",\"author\":{\"@id\":\"https:\\\/\\\/exaudi.org\\\/#\\\/schema\\\/person\\\/f5fc8f063065e38742da7afe15f25df7\"},\"description\":\"El Papa ha nombrado obispo de la di\u00f3cesis de Tortona, Italia, a Mons. Guido Marini, hasta ahora maestro de ceremonias del Papa.\",\"breadcrumb\":{\"@id\":\"https:\\\/\\\/exaudi.org\\\/es\\\/italia-guido-marini-obispo-tortona\\\/#breadcrumb\"},\"inLanguage\":\"es\",\"potentialAction\":[{\"@type\":\"ReadAction\",\"target\":[\"https:\\\/\\\/exaudi.org\\\/es\\\/italia-guido-marini-obispo-tortona\\\/\"]}]},{\"@type\":\"ImageObject\",\"inLanguage\":\"es\",\"@id\":\"https:\\\/\\\/exaudi.org\\\/es\\\/italia-guido-marini-obispo-tortona\\\/#primaryimage\",\"url\":\"https:\\\/\\\/exaudi.org\\\/wp-content\\\/uploads\\\/2021\\\/08\\\/1c232c22.jpeg\",\"contentUrl\":\"https:\\\/\\\/exaudi.org\\\/wp-content\\\/uploads\\\/2021\\\/08\\\/1c232c22.jpeg\",\"width\":1241,\"height\":699,\"caption\":\"Mons. Guido Marini \u00a9 Vatican Media\"},{\"@type\":\"BreadcrumbList\",\"@id\":\"https:\\\/\\\/exaudi.org\\\/es\\\/italia-guido-marini-obispo-tortona\\\/#breadcrumb\",\"itemListElement\":[{\"@type\":\"ListItem\",\"position\":1,\"name\":\"Portada\",\"item\":\"https:\\\/\\\/exaudi.org\\\/es\\\/\"},{\"@type\":\"ListItem\",\"position\":2,\"name\":\"Italia: Monse\u00f1or Guido Marini, nuevo obispo de Tortona\"}]},{\"@type\":\"WebSite\",\"@id\":\"https:\\\/\\\/exaudi.org\\\/#website\",\"url\":\"https:\\\/\\\/exaudi.org\\\/\",\"name\":\"Exaudi\",\"description\":\"News\",\"potentialAction\":[{\"@type\":\"SearchAction\",\"target\":{\"@type\":\"EntryPoint\",\"urlTemplate\":\"https:\\\/\\\/exaudi.org\\\/?s={search_term_string}\"},\"query-input\":{\"@type\":\"PropertyValueSpecification\",\"valueRequired\":true,\"valueName\":\"search_term_string\"}}],\"inLanguage\":\"es\"},{\"@type\":\"Person\",\"@id\":\"https:\\\/\\\/exaudi.org\\\/#\\\/schema\\\/person\\\/f5fc8f063065e38742da7afe15f25df7\",\"name\":\"Exaudi Redacci\u00f3n\",\"image\":{\"@type\":\"ImageObject\",\"inLanguage\":\"es\",\"@id\":\"https:\\\/\\\/secure.gravatar.com\\\/avatar\\\/fe0f6a059fb68d9b3e11bc5850dd4899b1c7492091a3cb6dd9b01b56ad828be2?s=96&d=mm&r=g\",\"url\":\"https:\\\/\\\/secure.gravatar.com\\\/avatar\\\/fe0f6a059fb68d9b3e11bc5850dd4899b1c7492091a3cb6dd9b01b56ad828be2?s=96&d=mm&r=g\",\"contentUrl\":\"https:\\\/\\\/secure.gravatar.com\\\/avatar\\\/fe0f6a059fb68d9b3e11bc5850dd4899b1c7492091a3cb6dd9b01b56ad828be2?s=96&d=mm&r=g\",\"caption\":\"Exaudi Redacci\u00f3n\"},\"description\":\"\u00bfQu\u00e9 es Exaudi News? Exaudi News es un medio de comunicaci\u00f3n cat\u00f3lico internacional que informa, forma y transforma, diariamente en espa\u00f1ol, ingl\u00e9s e italiano. A trav\u00e9s de noticias, art\u00edculos de an\u00e1lisis y transmisiones en directo de los eventos del Papa, Exaudi busca fortalecer la unidad de los cristianos y contribuir a la evangelizaci\u00f3n del mundo, siempre guiados por la doctrina social de la Iglesia. Trabajamos para acercar la verdad y los valores cristianos a cada rinc\u00f3n del planeta. \u00a1Ay\u00fadanos a transformar el mundo con Exaudi! En Exaudi creemos que la evangelizaci\u00f3n y la informaci\u00f3n de calidad pueden cambiar vidas. Para continuar con nuestra misi\u00f3n y expandir nuestro alcance, necesitamos tu ayuda. Adem\u00e1s, buscamos personas comprometidas que deseen unirse a nuestro equipo. Con tu apoyo, lograremos llegar a m\u00e1s personas, difundir el mensaje de Cristo y reforzar la unidad de los cristianos. \u00bfTe unes a nuestra misi\u00f3n? Para m\u00e1s informaci\u00f3n sobre c\u00f3mo colaborar, visita Exaudi.org\\\/es o cont\u00e1ctanos directamente: info@exaudi.org Exaudi: Informa, forma y transforma.\",\"sameAs\":[\"https:\\\/\\\/www.facebook.com\\\/ExaudiNoticias\\\/\",\"https:\\\/\\\/www.instagram.com\\\/exaudi_noticias\\\/\",\"https:\\\/\\\/x.com\\\/Exaudi_noticias\",\"https:\\\/\\\/www.youtube.com\\\/@exaudicatholicnews\"],\"url\":\"https:\\\/\\\/exaudi.org\\\/es\\\/author\\\/redaccionexaudi\\\/\"}]}<\/script>\n<!-- \/ Yoast SEO plugin. -->","yoast_head_json":{"title":"Italia: Monse\u00f1or Guido Marini, nuevo obispo de Tortona - Exaudi","description":"El Papa ha nombrado obispo de la di\u00f3cesis de Tortona, Italia, a Mons. Guido Marini, hasta ahora maestro de ceremonias del Papa.","robots":{"index":"index","follow":"follow","max-snippet":"max-snippet:-1","max-image-preview":"max-image-preview:large","max-video-preview":"max-video-preview:-1"},"canonical":"https:\/\/exaudi.org\/es\/italia-guido-marini-obispo-tortona\/","og_locale":"es_ES","og_type":"article","og_title":"Italia: Monse\u00f1or Guido Marini, nuevo obispo de Tortona - Exaudi","og_description":"El Papa ha nombrado obispo de la di\u00f3cesis de Tortona, Italia, a Mons. Guido Marini, hasta ahora maestro de ceremonias del Papa.","og_url":"https:\/\/exaudi.org\/es\/italia-guido-marini-obispo-tortona\/","og_site_name":"Exaudi","article_publisher":"https:\/\/www.facebook.com\/ExaudiNews","article_author":"https:\/\/www.facebook.com\/ExaudiNoticias\/","article_published_time":"2021-08-30T14:10:20+00:00","article_modified_time":"2021-08-31T08:11:19+00:00","og_image":[{"width":1241,"height":699,"url":"https:\/\/exaudi.org\/wp-content\/uploads\/2021\/08\/1c232c22.jpeg","type":"image\/jpeg"}],"author":"Exaudi Redacci\u00f3n","twitter_card":"summary_large_image","twitter_creator":"@Exaudi_noticias","twitter_site":"@Exaudi_News","twitter_misc":{"Escrito por":"Exaudi Redacci\u00f3n","Tiempo de lectura":"2 minutos"},"schema":{"@context":"https:\/\/schema.org","@graph":[{"@type":"Article","@id":"https:\/\/exaudi.org\/es\/italia-guido-marini-obispo-tortona\/#article","isPartOf":{"@id":"https:\/\/exaudi.org\/es\/italia-guido-marini-obispo-tortona\/"},"author":{"name":"Exaudi Redacci\u00f3n","@id":"https:\/\/exaudi.org\/#\/schema\/person\/f5fc8f063065e38742da7afe15f25df7"},"headline":"Italia: Monse\u00f1or Guido Marini, nuevo obispo de Tortona","datePublished":"2021-08-30T14:10:20+00:00","dateModified":"2021-08-31T08:11:19+00:00","mainEntityOfPage":{"@id":"https:\/\/exaudi.org\/es\/italia-guido-marini-obispo-tortona\/"},"wordCount":332,"image":{"@id":"https:\/\/exaudi.org\/es\/italia-guido-marini-obispo-tortona\/#primaryimage"},"thumbnailUrl":"https:\/\/exaudi.org\/wp-content\/uploads\/2021\/08\/1c232c22.jpeg","keywords":["Di\u00f3cesis de Tortona","Italia","Monse\u00f1or Guido Marini","Nombramiento"],"articleSection":["Iglesia Local","\u00daltimas noticias"],"inLanguage":"es"},{"@type":"WebPage","@id":"https:\/\/exaudi.org\/es\/italia-guido-marini-obispo-tortona\/","url":"https:\/\/exaudi.org\/es\/italia-guido-marini-obispo-tortona\/","name":"Italia: Monse\u00f1or Guido Marini, nuevo obispo de Tortona - Exaudi","isPartOf":{"@id":"https:\/\/exaudi.org\/#website"},"primaryImageOfPage":{"@id":"https:\/\/exaudi.org\/es\/italia-guido-marini-obispo-tortona\/#primaryimage"},"image":{"@id":"https:\/\/exaudi.org\/es\/italia-guido-marini-obispo-tortona\/#primaryimage"},"thumbnailUrl":"https:\/\/exaudi.org\/wp-content\/uploads\/2021\/08\/1c232c22.jpeg","datePublished":"2021-08-30T14:10:20+00:00","dateModified":"2021-08-31T08:11:19+00:00","author":{"@id":"https:\/\/exaudi.org\/#\/schema\/person\/f5fc8f063065e38742da7afe15f25df7"},"description":"El Papa ha nombrado obispo de la di\u00f3cesis de Tortona, Italia, a Mons. Guido Marini, hasta ahora maestro de ceremonias del Papa.","breadcrumb":{"@id":"https:\/\/exaudi.org\/es\/italia-guido-marini-obispo-tortona\/#breadcrumb"},"inLanguage":"es","potentialAction":[{"@type":"ReadAction","target":["https:\/\/exaudi.org\/es\/italia-guido-marini-obispo-tortona\/"]}]},{"@type":"ImageObject","inLanguage":"es","@id":"https:\/\/exaudi.org\/es\/italia-guido-marini-obispo-tortona\/#primaryimage","url":"https:\/\/exaudi.org\/wp-content\/uploads\/2021\/08\/1c232c22.jpeg","contentUrl":"https:\/\/exaudi.org\/wp-content\/uploads\/2021\/08\/1c232c22.jpeg","width":1241,"height":699,"caption":"Mons. Guido Marini \u00a9 Vatican Media"},{"@type":"BreadcrumbList","@id":"https:\/\/exaudi.org\/es\/italia-guido-marini-obispo-tortona\/#breadcrumb","itemListElement":[{"@type":"ListItem","position":1,"name":"Portada","item":"https:\/\/exaudi.org\/es\/"},{"@type":"ListItem","position":2,"name":"Italia: Monse\u00f1or Guido Marini, nuevo obispo de Tortona"}]},{"@type":"WebSite","@id":"https:\/\/exaudi.org\/#website","url":"https:\/\/exaudi.org\/","name":"Exaudi","description":"News","potentialAction":[{"@type":"SearchAction","target":{"@type":"EntryPoint","urlTemplate":"https:\/\/exaudi.org\/?s={search_term_string}"},"query-input":{"@type":"PropertyValueSpecification","valueRequired":true,"valueName":"search_term_string"}}],"inLanguage":"es"},{"@type":"Person","@id":"https:\/\/exaudi.org\/#\/schema\/person\/f5fc8f063065e38742da7afe15f25df7","name":"Exaudi Redacci\u00f3n","image":{"@type":"ImageObject","inLanguage":"es","@id":"https:\/\/secure.gravatar.com\/avatar\/fe0f6a059fb68d9b3e11bc5850dd4899b1c7492091a3cb6dd9b01b56ad828be2?s=96&d=mm&r=g","url":"https:\/\/secure.gravatar.com\/avatar\/fe0f6a059fb68d9b3e11bc5850dd4899b1c7492091a3cb6dd9b01b56ad828be2?s=96&d=mm&r=g","contentUrl":"https:\/\/secure.gravatar.com\/avatar\/fe0f6a059fb68d9b3e11bc5850dd4899b1c7492091a3cb6dd9b01b56ad828be2?s=96&d=mm&r=g","caption":"Exaudi Redacci\u00f3n"},"description":"\u00bfQu\u00e9 es Exaudi News? Exaudi News es un medio de comunicaci\u00f3n cat\u00f3lico internacional que informa, forma y transforma, diariamente en espa\u00f1ol, ingl\u00e9s e italiano. A trav\u00e9s de noticias, art\u00edculos de an\u00e1lisis y transmisiones en directo de los eventos del Papa, Exaudi busca fortalecer la unidad de los cristianos y contribuir a la evangelizaci\u00f3n del mundo, siempre guiados por la doctrina social de la Iglesia. Trabajamos para acercar la verdad y los valores cristianos a cada rinc\u00f3n del planeta. \u00a1Ay\u00fadanos a transformar el mundo con Exaudi! En Exaudi creemos que la evangelizaci\u00f3n y la informaci\u00f3n de calidad pueden cambiar vidas. Para continuar con nuestra misi\u00f3n y expandir nuestro alcance, necesitamos tu ayuda. Adem\u00e1s, buscamos personas comprometidas que deseen unirse a nuestro equipo. Con tu apoyo, lograremos llegar a m\u00e1s personas, difundir el mensaje de Cristo y reforzar la unidad de los cristianos. \u00bfTe unes a nuestra misi\u00f3n? Para m\u00e1s informaci\u00f3n sobre c\u00f3mo colaborar, visita Exaudi.org\/es o cont\u00e1ctanos directamente: info@exaudi.org Exaudi: Informa, forma y transforma.","sameAs":["https:\/\/www.facebook.com\/ExaudiNoticias\/","https:\/\/www.instagram.com\/exaudi_noticias\/","https:\/\/x.com\/Exaudi_noticias","https:\/\/www.youtube.com\/@exaudicatholicnews"],"url":"https:\/\/exaudi.org\/es\/author\/redaccionexaudi\/"}]}},"jetpack_featured_media_url":"https:\/\/exaudi.org\/wp-content\/uploads\/2021\/08\/1c232c22.jpeg","jetpack_shortlink":"https:\/\/wp.me\/pgKjF2-89e","_links":{"self":[{"href":"https:\/\/exaudi.org\/es\/wp-json\/wp\/v2\/posts\/31324","targetHints":{"allow":["GET"]}}],"collection":[{"href":"https:\/\/exaudi.org\/es\/wp-json\/wp\/v2\/posts"}],"about":[{"href":"https:\/\/exaudi.org\/es\/wp-json\/wp\/v2\/types\/post"}],"author":[{"embeddable":true,"href":"https:\/\/exaudi.org\/es\/wp-json\/wp\/v2\/users\/15"}],"replies":[{"embeddable":true,"href":"https:\/\/exaudi.org\/es\/wp-json\/wp\/v2\/comments?post=31324"}],"version-history":[{"count":0,"href":"https:\/\/exaudi.org\/es\/wp-json\/wp\/v2\/posts\/31324\/revisions"}],"wp:featuredmedia":[{"embeddable":true,"href":"https:\/\/exaudi.org\/es\/wp-json\/wp\/v2\/media\/31325"}],"wp:attachment":[{"href":"https:\/\/exaudi.org\/es\/wp-json\/wp\/v2\/media?parent=31324"}],"wp:term":[{"taxonomy":"category","embeddable":true,"href":"https:\/\/exaudi.org\/es\/wp-json\/wp\/v2\/categories?post=31324"},{"taxonomy":"post_tag","embeddable":true,"href":"https:\/\/exaudi.org\/es\/wp-json\/wp\/v2\/tags?post=31324"}],"curies":[{"name":"wp","href":"https:\/\/api.w.org\/{rel}","templated":true}]}}