{"id":31296,"date":"2021-08-30T12:43:43","date_gmt":"2021-08-30T10:43:43","guid":{"rendered":"https:\/\/exaudi.wpengine.com\/?p=31296"},"modified":"2021-09-01T10:26:03","modified_gmt":"2021-09-01T08:26:03","slug":"papa-francisco-un-enfermero-me-salvo-la-vida","status":"publish","type":"post","link":"https:\/\/exaudi.org\/es\/papa-francisco-un-enfermero-me-salvo-la-vida\/","title":{"rendered":"Papa Francisco: \u201cUn enfermero me salv\u00f3 la vida\u201d"},"content":{"rendered":"<p>\u201cUn enfermero me salv\u00f3 la vida, un hombre de mucha experiencia. Es la segunda vez en la vida que un enfermero me salva la vida. La primera fue en el a\u00f1o 57\u201d. Estas son algunas de las frases que ha expresado el Papa Francisco en una entrevista exclusiva que el periodista Carlos Herrera de la Cadena COPE (Cadena de Ondas Populares Espa\u00f1olas, propiedad de la <a href=\"https:\/\/www.conferenciaepiscopal.es\/\" target=\"_blank\" rel=\"noopener\">Conferencia Episcopal de Espa\u00f1a<\/a>) le hizo en Santa Marta.<\/p>\n<p>A las 8 horas (local en Espa\u00f1a) del pr\u00f3ximo mi\u00e9rcoles 1 de septiembre de 2021 se emitir\u00e1 la entrevista, seg\u00fan ha informado hoy, 30 de agosto, la propia emisora radiof\u00f3nica a trav\u00e9s de su p\u00e1gina web. Se trata de la primera que el Santo Padre concede a una radio espa\u00f1ola y tambi\u00e9n la primera tras su <a href=\"https:\/\/exaudi.wpengine.com\/es\/el-papa-francisco-reacciona-bien-a-la-operacion-de-colon\/\" target=\"_blank\" rel=\"noopener\">operaci\u00f3n de colon<\/a>. La noticia ha sido anunciada esta ma\u00f1ana en directo por el mismo Herrera: \u201cEl mi\u00e9rcoles arrancamos con una entrevista en exclusiva al Papa Francisco, entrevista que se ha realizado hace horas, en los \u00faltimos d\u00edas\u201d.<\/p>\n<p>Seguidamente, el periodista espa\u00f1ol ha aclarado que se trata de \u201cuna entrevista que va a durar una hora y media, en la que adem\u00e1s el Papa contesta a todo\u201d, y ha a\u00f1adido que un equipo del programa\u00a0 \u2018Herrera en COPE\u2019 se traslad\u00f3 a Roma para confirmar, a trav\u00e9s de su corresponsal en el Vaticano, que el Papa acced\u00eda a la entrevista.<\/p>\n<h4><strong>Adelanto<\/strong><\/h4>\n<figure id=\"attachment_31298\" aria-describedby=\"caption-attachment-31298\" style=\"width: 300px\" class=\"wp-caption alignleft\"><img loading=\"lazy\" decoding=\"async\" class=\"wp-image-31298 size-medium\" title=\"Papa Francisco enfermero vida\" src=\"https:\/\/exaudi.wpengine.com\/wp-content\/uploads\/2021\/08\/12c22c-300x200.jpg\" alt=\"Papa Francisco enfermero vida\" width=\"300\" height=\"200\" srcset=\"https:\/\/exaudi.org\/wp-content\/uploads\/2021\/08\/12c22c-300x200.jpg 300w, https:\/\/exaudi.org\/wp-content\/uploads\/2021\/08\/12c22c-768x511.jpg 768w, https:\/\/exaudi.org\/wp-content\/uploads\/2021\/08\/12c22c-150x100.jpg 150w, https:\/\/exaudi.org\/wp-content\/uploads\/2021\/08\/12c22c-696x463.jpg 696w, https:\/\/exaudi.org\/wp-content\/uploads\/2021\/08\/12c22c-631x420.jpg 631w, https:\/\/exaudi.org\/wp-content\/uploads\/2021\/08\/12c22c.jpg 951w\" sizes=\"auto, (max-width: 300px) 100vw, 300px\" \/><figcaption id=\"caption-attachment-31298\" class=\"wp-caption-text\">El Papa junto a Carlos Herrera y Eva Fern\u00e1ndez \u00a9 COPE<\/figcaption><\/figure>\n<p>Asimismo, la web de COPE ha adelantado algunos fragmentos de lo que ser\u00e1 le conversaci\u00f3n de Francisco con Herrera. Acerca de una posible renuncia, el Obispo de Roma cuenta que \u201csiempre que el Papa est\u00e1 enfermo corre brisa o hurac\u00e1n de c\u00f3nclave\u201d. A continuaci\u00f3n, Carlos Herrera detalla algunos puntos de la exclusiva entrevista con el Papa que se hizo en \u201csu residencia, en Santa Marta donde vive el Papa\u201d, y subraya que fue \u201cla \u00fanica condici\u00f3n que puso el Papa a la hora de hacer la entrevista, que era hacerla en su casa\u201d.<\/p>\n<p>COPE informa que la charla entre el Pont\u00edfice y el periodista espa\u00f1ol tuvo lugar en una peque\u00f1a biblioteca. \u201cLevantamos alfombras, en el mejor de los sentidos, movimos mesas\u2026 Colocamos debajo de una Virgen por la que el Papa siente mucho fervor que es la Virgen Desatanudos, colocamos a la Virgen de la Candelaria a la que rezamos un Ave Mar\u00eda y ah\u00ed charlamos largamente todo pr\u00e1cticamente todo\u201d, detalla Herrera.<\/p>\n<p>\u201cHabla el Papa de\u00a0salud,\u00a0de esos\u00a0rumores de renuncia\u00a0pero tambi\u00e9n ha hablado de la\u00a0eutanasia en Espa\u00f1a, de Afganist\u00e1n, de emigraci\u00f3n, de Catalu\u00f1a, ha lanzado un mensaje a los Estados Unidos y a Europa a cuenta de lo ocurrido en Afganist\u00e1n\u00a0que es uno de los temas que m\u00e1s le motiva\u201d, explica Carlos.<\/p>\n","protected":false},"excerpt":{"rendered":"<p>Entrevista con Carlos Herrera, de Cadena COPE<\/p>\n","protected":false},"author":6,"featured_media":31301,"comment_status":"closed","ping_status":"closed","sticky":false,"template":"","format":"standard","meta":{"_acf_changed":false,"_crdt_document":"","inline_featured_image":false,"footnotes":""},"categories":[68,298],"tags":[1451,3877,393,158],"class_list":["post-31296","post","type-post","status-publish","format-standard","has-post-thumbnail","hentry","category-leon-xiv","category-ultimas-noticias","tag-cadena-cope","tag-carlos-herrera","tag-entrevista","tag-papa-francisco"],"acf":[],"yoast_head":"<!-- This site is optimized with the Yoast SEO plugin v27.5 - https:\/\/yoast.com\/product\/yoast-seo-wordpress\/ -->\n<title>Papa Francisco: \u201cUn enfermero me salv\u00f3 la vida\u201d - Exaudi<\/title>\n<meta name=\"description\" content=\"\u201cUn enfermero me salv\u00f3 la vida\u201d, son palabras que el Papa Francisco ha dicho en una entrevista con Carlos Herrera, de Cadena COPE.\" \/>\n<meta name=\"robots\" content=\"index, follow, max-snippet:-1, max-image-preview:large, max-video-preview:-1\" \/>\n<link rel=\"canonical\" href=\"https:\/\/exaudi.org\/es\/papa-francisco-un-enfermero-me-salvo-la-vida\/\" \/>\n<meta property=\"og:locale\" content=\"es_ES\" \/>\n<meta property=\"og:type\" content=\"article\" \/>\n<meta property=\"og:title\" content=\"Papa Francisco: \u201cUn enfermero me salv\u00f3 la vida\u201d - Exaudi\" \/>\n<meta property=\"og:description\" content=\"\u201cUn enfermero me salv\u00f3 la vida\u201d, son palabras que el Papa Francisco ha dicho en una entrevista con Carlos Herrera, de Cadena COPE.\" \/>\n<meta property=\"og:url\" content=\"https:\/\/exaudi.org\/es\/papa-francisco-un-enfermero-me-salvo-la-vida\/\" \/>\n<meta property=\"og:site_name\" content=\"Exaudi\" \/>\n<meta property=\"article:publisher\" content=\"https:\/\/www.facebook.com\/ExaudiNews\" \/>\n<meta property=\"article:published_time\" content=\"2021-08-30T10:43:43+00:00\" \/>\n<meta property=\"article:modified_time\" content=\"2021-09-01T08:26:03+00:00\" \/>\n<meta property=\"og:image\" content=\"https:\/\/exaudi.org\/wp-content\/uploads\/2021\/08\/1630309893007.jpg\" \/>\n\t<meta property=\"og:image:width\" content=\"976\" \/>\n\t<meta property=\"og:image:height\" content=\"650\" \/>\n\t<meta property=\"og:image:type\" content=\"image\/jpeg\" \/>\n<meta name=\"author\" content=\"Gabriel Sales\" \/>\n<meta name=\"twitter:card\" content=\"summary_large_image\" \/>\n<meta name=\"twitter:creator\" content=\"@habemusman\" \/>\n<meta name=\"twitter:site\" content=\"@Exaudi_News\" \/>\n<meta name=\"twitter:label1\" content=\"Escrito por\" \/>\n\t<meta name=\"twitter:data1\" content=\"Gabriel Sales\" \/>\n\t<meta name=\"twitter:label2\" content=\"Tiempo de lectura\" \/>\n\t<meta name=\"twitter:data2\" content=\"3 minutos\" \/>\n<script type=\"application\/ld+json\" class=\"yoast-schema-graph\">{\"@context\":\"https:\\\/\\\/schema.org\",\"@graph\":[{\"@type\":\"Article\",\"@id\":\"https:\\\/\\\/exaudi.org\\\/es\\\/papa-francisco-un-enfermero-me-salvo-la-vida\\\/#article\",\"isPartOf\":{\"@id\":\"https:\\\/\\\/exaudi.org\\\/es\\\/papa-francisco-un-enfermero-me-salvo-la-vida\\\/\"},\"author\":{\"name\":\"Gabriel Sales\",\"@id\":\"https:\\\/\\\/exaudi.org\\\/#\\\/schema\\\/person\\\/d134b96438278131ce90c90c03fda6cd\"},\"headline\":\"Papa Francisco: \u201cUn enfermero me salv\u00f3 la vida\u201d\",\"datePublished\":\"2021-08-30T10:43:43+00:00\",\"dateModified\":\"2021-09-01T08:26:03+00:00\",\"mainEntityOfPage\":{\"@id\":\"https:\\\/\\\/exaudi.org\\\/es\\\/papa-francisco-un-enfermero-me-salvo-la-vida\\\/\"},\"wordCount\":506,\"image\":{\"@id\":\"https:\\\/\\\/exaudi.org\\\/es\\\/papa-francisco-un-enfermero-me-salvo-la-vida\\\/#primaryimage\"},\"thumbnailUrl\":\"https:\\\/\\\/exaudi.org\\\/wp-content\\\/uploads\\\/2021\\\/08\\\/1630309893007.jpg\",\"keywords\":[\"Cadena Cope\",\"Carlos Herrera\",\"Entrevista\",\"papa francisco\"],\"articleSection\":[\"Le\u00f3n XIV\",\"\u00daltimas noticias\"],\"inLanguage\":\"es\"},{\"@type\":\"WebPage\",\"@id\":\"https:\\\/\\\/exaudi.org\\\/es\\\/papa-francisco-un-enfermero-me-salvo-la-vida\\\/\",\"url\":\"https:\\\/\\\/exaudi.org\\\/es\\\/papa-francisco-un-enfermero-me-salvo-la-vida\\\/\",\"name\":\"Papa Francisco: \u201cUn enfermero me salv\u00f3 la vida\u201d - Exaudi\",\"isPartOf\":{\"@id\":\"https:\\\/\\\/exaudi.org\\\/#website\"},\"primaryImageOfPage\":{\"@id\":\"https:\\\/\\\/exaudi.org\\\/es\\\/papa-francisco-un-enfermero-me-salvo-la-vida\\\/#primaryimage\"},\"image\":{\"@id\":\"https:\\\/\\\/exaudi.org\\\/es\\\/papa-francisco-un-enfermero-me-salvo-la-vida\\\/#primaryimage\"},\"thumbnailUrl\":\"https:\\\/\\\/exaudi.org\\\/wp-content\\\/uploads\\\/2021\\\/08\\\/1630309893007.jpg\",\"datePublished\":\"2021-08-30T10:43:43+00:00\",\"dateModified\":\"2021-09-01T08:26:03+00:00\",\"author\":{\"@id\":\"https:\\\/\\\/exaudi.org\\\/#\\\/schema\\\/person\\\/d134b96438278131ce90c90c03fda6cd\"},\"description\":\"\u201cUn enfermero me salv\u00f3 la vida\u201d, son palabras que el Papa Francisco ha dicho en una entrevista con Carlos Herrera, de Cadena COPE.\",\"breadcrumb\":{\"@id\":\"https:\\\/\\\/exaudi.org\\\/es\\\/papa-francisco-un-enfermero-me-salvo-la-vida\\\/#breadcrumb\"},\"inLanguage\":\"es\",\"potentialAction\":[{\"@type\":\"ReadAction\",\"target\":[\"https:\\\/\\\/exaudi.org\\\/es\\\/papa-francisco-un-enfermero-me-salvo-la-vida\\\/\"]}]},{\"@type\":\"ImageObject\",\"inLanguage\":\"es\",\"@id\":\"https:\\\/\\\/exaudi.org\\\/es\\\/papa-francisco-un-enfermero-me-salvo-la-vida\\\/#primaryimage\",\"url\":\"https:\\\/\\\/exaudi.org\\\/wp-content\\\/uploads\\\/2021\\\/08\\\/1630309893007.jpg\",\"contentUrl\":\"https:\\\/\\\/exaudi.org\\\/wp-content\\\/uploads\\\/2021\\\/08\\\/1630309893007.jpg\",\"width\":976,\"height\":650,\"caption\":\"El Papa entrevistado por Herrera \u00a9 COPE\"},{\"@type\":\"BreadcrumbList\",\"@id\":\"https:\\\/\\\/exaudi.org\\\/es\\\/papa-francisco-un-enfermero-me-salvo-la-vida\\\/#breadcrumb\",\"itemListElement\":[{\"@type\":\"ListItem\",\"position\":1,\"name\":\"Portada\",\"item\":\"https:\\\/\\\/exaudi.org\\\/es\\\/\"},{\"@type\":\"ListItem\",\"position\":2,\"name\":\"Papa Francisco: \u201cUn enfermero me salv\u00f3 la vida\u201d\"}]},{\"@type\":\"WebSite\",\"@id\":\"https:\\\/\\\/exaudi.org\\\/#website\",\"url\":\"https:\\\/\\\/exaudi.org\\\/\",\"name\":\"Exaudi\",\"description\":\"News\",\"potentialAction\":[{\"@type\":\"SearchAction\",\"target\":{\"@type\":\"EntryPoint\",\"urlTemplate\":\"https:\\\/\\\/exaudi.org\\\/?s={search_term_string}\"},\"query-input\":{\"@type\":\"PropertyValueSpecification\",\"valueRequired\":true,\"valueName\":\"search_term_string\"}}],\"inLanguage\":\"es\"},{\"@type\":\"Person\",\"@id\":\"https:\\\/\\\/exaudi.org\\\/#\\\/schema\\\/person\\\/d134b96438278131ce90c90c03fda6cd\",\"name\":\"Gabriel Sales\",\"image\":{\"@type\":\"ImageObject\",\"inLanguage\":\"es\",\"@id\":\"https:\\\/\\\/secure.gravatar.com\\\/avatar\\\/9b1269566f6a063ed26ffb3532b66a373cdde231ce5d0effb266167437fdaffd?s=96&d=mm&r=g\",\"url\":\"https:\\\/\\\/secure.gravatar.com\\\/avatar\\\/9b1269566f6a063ed26ffb3532b66a373cdde231ce5d0effb266167437fdaffd?s=96&d=mm&r=g\",\"contentUrl\":\"https:\\\/\\\/secure.gravatar.com\\\/avatar\\\/9b1269566f6a063ed26ffb3532b66a373cdde231ce5d0effb266167437fdaffd?s=96&d=mm&r=g\",\"caption\":\"Gabriel Sales\"},\"description\":\"Periodista y especialista en Comunicaci\u00f3n y Branding digital. Cin\u00e9filo y cr\u00edtico de cine y series de televisi\u00f3n.\",\"sameAs\":[\"https:\\\/\\\/www.instagram.com\\\/cine90segundos\\\/\",\"www.linkedin.com\\\/in\\\/habemusman\",\"https:\\\/\\\/x.com\\\/habemusman\",\"https:\\\/\\\/www.youtube.com\\\/channel\\\/UCVfCiOMkJ_C7T7OpyjuaLDg\"],\"url\":\"https:\\\/\\\/exaudi.org\\\/es\\\/author\\\/gsalesexaudi-org\\\/\"}]}<\/script>\n<!-- \/ Yoast SEO plugin. -->","yoast_head_json":{"title":"Papa Francisco: \u201cUn enfermero me salv\u00f3 la vida\u201d - Exaudi","description":"\u201cUn enfermero me salv\u00f3 la vida\u201d, son palabras que el Papa Francisco ha dicho en una entrevista con Carlos Herrera, de Cadena COPE.","robots":{"index":"index","follow":"follow","max-snippet":"max-snippet:-1","max-image-preview":"max-image-preview:large","max-video-preview":"max-video-preview:-1"},"canonical":"https:\/\/exaudi.org\/es\/papa-francisco-un-enfermero-me-salvo-la-vida\/","og_locale":"es_ES","og_type":"article","og_title":"Papa Francisco: \u201cUn enfermero me salv\u00f3 la vida\u201d - Exaudi","og_description":"\u201cUn enfermero me salv\u00f3 la vida\u201d, son palabras que el Papa Francisco ha dicho en una entrevista con Carlos Herrera, de Cadena COPE.","og_url":"https:\/\/exaudi.org\/es\/papa-francisco-un-enfermero-me-salvo-la-vida\/","og_site_name":"Exaudi","article_publisher":"https:\/\/www.facebook.com\/ExaudiNews","article_published_time":"2021-08-30T10:43:43+00:00","article_modified_time":"2021-09-01T08:26:03+00:00","og_image":[{"width":976,"height":650,"url":"https:\/\/exaudi.org\/wp-content\/uploads\/2021\/08\/1630309893007.jpg","type":"image\/jpeg"}],"author":"Gabriel Sales","twitter_card":"summary_large_image","twitter_creator":"@habemusman","twitter_site":"@Exaudi_News","twitter_misc":{"Escrito por":"Gabriel Sales","Tiempo de lectura":"3 minutos"},"schema":{"@context":"https:\/\/schema.org","@graph":[{"@type":"Article","@id":"https:\/\/exaudi.org\/es\/papa-francisco-un-enfermero-me-salvo-la-vida\/#article","isPartOf":{"@id":"https:\/\/exaudi.org\/es\/papa-francisco-un-enfermero-me-salvo-la-vida\/"},"author":{"name":"Gabriel Sales","@id":"https:\/\/exaudi.org\/#\/schema\/person\/d134b96438278131ce90c90c03fda6cd"},"headline":"Papa Francisco: \u201cUn enfermero me salv\u00f3 la vida\u201d","datePublished":"2021-08-30T10:43:43+00:00","dateModified":"2021-09-01T08:26:03+00:00","mainEntityOfPage":{"@id":"https:\/\/exaudi.org\/es\/papa-francisco-un-enfermero-me-salvo-la-vida\/"},"wordCount":506,"image":{"@id":"https:\/\/exaudi.org\/es\/papa-francisco-un-enfermero-me-salvo-la-vida\/#primaryimage"},"thumbnailUrl":"https:\/\/exaudi.org\/wp-content\/uploads\/2021\/08\/1630309893007.jpg","keywords":["Cadena Cope","Carlos Herrera","Entrevista","papa francisco"],"articleSection":["Le\u00f3n XIV","\u00daltimas noticias"],"inLanguage":"es"},{"@type":"WebPage","@id":"https:\/\/exaudi.org\/es\/papa-francisco-un-enfermero-me-salvo-la-vida\/","url":"https:\/\/exaudi.org\/es\/papa-francisco-un-enfermero-me-salvo-la-vida\/","name":"Papa Francisco: \u201cUn enfermero me salv\u00f3 la vida\u201d - Exaudi","isPartOf":{"@id":"https:\/\/exaudi.org\/#website"},"primaryImageOfPage":{"@id":"https:\/\/exaudi.org\/es\/papa-francisco-un-enfermero-me-salvo-la-vida\/#primaryimage"},"image":{"@id":"https:\/\/exaudi.org\/es\/papa-francisco-un-enfermero-me-salvo-la-vida\/#primaryimage"},"thumbnailUrl":"https:\/\/exaudi.org\/wp-content\/uploads\/2021\/08\/1630309893007.jpg","datePublished":"2021-08-30T10:43:43+00:00","dateModified":"2021-09-01T08:26:03+00:00","author":{"@id":"https:\/\/exaudi.org\/#\/schema\/person\/d134b96438278131ce90c90c03fda6cd"},"description":"\u201cUn enfermero me salv\u00f3 la vida\u201d, son palabras que el Papa Francisco ha dicho en una entrevista con Carlos Herrera, de Cadena COPE.","breadcrumb":{"@id":"https:\/\/exaudi.org\/es\/papa-francisco-un-enfermero-me-salvo-la-vida\/#breadcrumb"},"inLanguage":"es","potentialAction":[{"@type":"ReadAction","target":["https:\/\/exaudi.org\/es\/papa-francisco-un-enfermero-me-salvo-la-vida\/"]}]},{"@type":"ImageObject","inLanguage":"es","@id":"https:\/\/exaudi.org\/es\/papa-francisco-un-enfermero-me-salvo-la-vida\/#primaryimage","url":"https:\/\/exaudi.org\/wp-content\/uploads\/2021\/08\/1630309893007.jpg","contentUrl":"https:\/\/exaudi.org\/wp-content\/uploads\/2021\/08\/1630309893007.jpg","width":976,"height":650,"caption":"El Papa entrevistado por Herrera \u00a9 COPE"},{"@type":"BreadcrumbList","@id":"https:\/\/exaudi.org\/es\/papa-francisco-un-enfermero-me-salvo-la-vida\/#breadcrumb","itemListElement":[{"@type":"ListItem","position":1,"name":"Portada","item":"https:\/\/exaudi.org\/es\/"},{"@type":"ListItem","position":2,"name":"Papa Francisco: \u201cUn enfermero me salv\u00f3 la vida\u201d"}]},{"@type":"WebSite","@id":"https:\/\/exaudi.org\/#website","url":"https:\/\/exaudi.org\/","name":"Exaudi","description":"News","potentialAction":[{"@type":"SearchAction","target":{"@type":"EntryPoint","urlTemplate":"https:\/\/exaudi.org\/?s={search_term_string}"},"query-input":{"@type":"PropertyValueSpecification","valueRequired":true,"valueName":"search_term_string"}}],"inLanguage":"es"},{"@type":"Person","@id":"https:\/\/exaudi.org\/#\/schema\/person\/d134b96438278131ce90c90c03fda6cd","name":"Gabriel Sales","image":{"@type":"ImageObject","inLanguage":"es","@id":"https:\/\/secure.gravatar.com\/avatar\/9b1269566f6a063ed26ffb3532b66a373cdde231ce5d0effb266167437fdaffd?s=96&d=mm&r=g","url":"https:\/\/secure.gravatar.com\/avatar\/9b1269566f6a063ed26ffb3532b66a373cdde231ce5d0effb266167437fdaffd?s=96&d=mm&r=g","contentUrl":"https:\/\/secure.gravatar.com\/avatar\/9b1269566f6a063ed26ffb3532b66a373cdde231ce5d0effb266167437fdaffd?s=96&d=mm&r=g","caption":"Gabriel Sales"},"description":"Periodista y especialista en Comunicaci\u00f3n y Branding digital. Cin\u00e9filo y cr\u00edtico de cine y series de televisi\u00f3n.","sameAs":["https:\/\/www.instagram.com\/cine90segundos\/","www.linkedin.com\/in\/habemusman","https:\/\/x.com\/habemusman","https:\/\/www.youtube.com\/channel\/UCVfCiOMkJ_C7T7OpyjuaLDg"],"url":"https:\/\/exaudi.org\/es\/author\/gsalesexaudi-org\/"}]}},"jetpack_featured_media_url":"https:\/\/exaudi.org\/wp-content\/uploads\/2021\/08\/1630309893007.jpg","jetpack_shortlink":"https:\/\/wp.me\/pgKjF2-88M","_links":{"self":[{"href":"https:\/\/exaudi.org\/es\/wp-json\/wp\/v2\/posts\/31296","targetHints":{"allow":["GET"]}}],"collection":[{"href":"https:\/\/exaudi.org\/es\/wp-json\/wp\/v2\/posts"}],"about":[{"href":"https:\/\/exaudi.org\/es\/wp-json\/wp\/v2\/types\/post"}],"author":[{"embeddable":true,"href":"https:\/\/exaudi.org\/es\/wp-json\/wp\/v2\/users\/6"}],"replies":[{"embeddable":true,"href":"https:\/\/exaudi.org\/es\/wp-json\/wp\/v2\/comments?post=31296"}],"version-history":[{"count":0,"href":"https:\/\/exaudi.org\/es\/wp-json\/wp\/v2\/posts\/31296\/revisions"}],"wp:featuredmedia":[{"embeddable":true,"href":"https:\/\/exaudi.org\/es\/wp-json\/wp\/v2\/media\/31301"}],"wp:attachment":[{"href":"https:\/\/exaudi.org\/es\/wp-json\/wp\/v2\/media?parent=31296"}],"wp:term":[{"taxonomy":"category","embeddable":true,"href":"https:\/\/exaudi.org\/es\/wp-json\/wp\/v2\/categories?post=31296"},{"taxonomy":"post_tag","embeddable":true,"href":"https:\/\/exaudi.org\/es\/wp-json\/wp\/v2\/tags?post=31296"}],"curies":[{"name":"wp","href":"https:\/\/api.w.org\/{rel}","templated":true}]}}