{"id":31216,"date":"2021-08-29T11:41:41","date_gmt":"2021-08-29T09:41:41","guid":{"rendered":"https:\/\/exaudi.wpengine.com\/?p=31216"},"modified":"2021-08-31T09:55:51","modified_gmt":"2021-08-31T07:55:51","slug":"el-papa-a-la-fundacion-lazaro-la-riqueza-de-ustedes-es-ser-pequenos","status":"publish","type":"post","link":"https:\/\/exaudi.org\/es\/el-papa-a-la-fundacion-lazaro-la-riqueza-de-ustedes-es-ser-pequenos\/","title":{"rendered":"El Papa a la fundaci\u00f3n L\u00e1zaro: \u201cLa riqueza de ustedes es ser peque\u00f1os\u201d"},"content":{"rendered":"<p>El Papa Francisco recibi\u00f3 ayer, 29 de agosto de 2021, a voluntarios e invitados de la <a href=\"https:\/\/fundacionlazaro.es\/\" target=\"_blank\" rel=\"noopener\">Fundaci\u00f3n L\u00e1zaro<\/a>, destacando que \u201cla riqueza de ustedes no est\u00e1 en el banco, la riqueza de ustedes es ser peque\u00f1os, y sigan as\u00ed\u201d, a\u00f1adi\u00f3.<\/p>\n<p>L\u00e1zaro es una organizaci\u00f3n nacida en Francia que se ocupa de los pobres y los sin techo, acogi\u00e9ndolos en pisos \u201csolidarios\u201d junto a j\u00f3venes de distintas edades. Este proyecto, que se extiende a otros pa\u00edses, cumple ahora diez a\u00f1os, motivo por el que un grupo de personas de la asociaci\u00f3n viaj\u00f3 al Vaticano para celebrarlo con el Santo Padre.<\/p>\n<p><img loading=\"lazy\" decoding=\"async\" class=\"size-medium wp-image-31217 alignleft\" src=\"https:\/\/exaudi.wpengine.com\/wp-content\/uploads\/2021\/08\/SFO7486_050421--300x200.jpg\" alt=\"\" width=\"300\" height=\"200\" srcset=\"https:\/\/exaudi.org\/wp-content\/uploads\/2021\/08\/SFO7486_050421--300x200.jpg 300w, https:\/\/exaudi.org\/wp-content\/uploads\/2021\/08\/SFO7486_050421--1024x683.jpg 1024w, https:\/\/exaudi.org\/wp-content\/uploads\/2021\/08\/SFO7486_050421--768x512.jpg 768w, https:\/\/exaudi.org\/wp-content\/uploads\/2021\/08\/SFO7486_050421--1536x1024.jpg 1536w, https:\/\/exaudi.org\/wp-content\/uploads\/2021\/08\/SFO7486_050421--2048x1365.jpg 2048w, https:\/\/exaudi.org\/wp-content\/uploads\/2021\/08\/SFO7486_050421--150x100.jpg 150w, https:\/\/exaudi.org\/wp-content\/uploads\/2021\/08\/SFO7486_050421--696x464.jpg 696w, https:\/\/exaudi.org\/wp-content\/uploads\/2021\/08\/SFO7486_050421--1068x712.jpg 1068w, https:\/\/exaudi.org\/wp-content\/uploads\/2021\/08\/SFO7486_050421--1920x1280.jpg 1920w, https:\/\/exaudi.org\/wp-content\/uploads\/2021\/08\/SFO7486_050421--630x420.jpg 630w\" sizes=\"auto, (max-width: 300px) 100vw, 300px\" \/>Francisco, que ya se hab\u00eda encontrado con una <a href=\"https:\/\/exaudi.wpengine.com\/es\/papa-a-asociacion-lazaro-testigos-de-la-misericordia\/\" target=\"_blank\" rel=\"noopener\">delegaci\u00f3n de la fundaci\u00f3n<\/a> el pasado mes de mayo, les agradeci\u00f3 \u201cel testimonio que dan\u201d y les animo a seguir adelante. \u201c\u2018L\u00e1zaro\u2019 es una cosa peque\u00f1ita, poca gente, pocos lugares, frente a tanta necesidad. Pero Jes\u00fas dijo una cosa una vez: que la levadura tambi\u00e9n era una cosa peque\u00f1ita y que era capaz de multiplicar, que la semilla era una cosa peque\u00f1ita y que era capaz de hacer crecer un \u00e1rbol grande. Lo peor que le puede pasar a \u2018L\u00e1zaro\u2019 es olvidarse de que es peque\u00f1ito, porque si se pone grande en el coraz\u00f3n por el poder, por la soberbia, por la complacencia, el \u00e1rbol no va a crecer y la masa no se va a expandir\u201d, destac\u00f3.<\/p>\n<p>A continuaci\u00f3n siguen las palabras del Pont\u00edfice.<\/p>\n<p>***<\/p>\n<h4><strong>Discurso improvisado por el Santo Padre<\/strong><\/h4>\n<p><img loading=\"lazy\" decoding=\"async\" class=\"size-medium wp-image-31223 alignright\" src=\"https:\/\/exaudi.wpengine.com\/wp-content\/uploads\/2021\/08\/vm280821115246_00133-300x200.jpg\" alt=\"\" width=\"300\" height=\"200\" srcset=\"https:\/\/exaudi.org\/wp-content\/uploads\/2021\/08\/vm280821115246_00133-300x200.jpg 300w, https:\/\/exaudi.org\/wp-content\/uploads\/2021\/08\/vm280821115246_00133-1024x683.jpg 1024w, https:\/\/exaudi.org\/wp-content\/uploads\/2021\/08\/vm280821115246_00133-768x512.jpg 768w, https:\/\/exaudi.org\/wp-content\/uploads\/2021\/08\/vm280821115246_00133-1536x1024.jpg 1536w, https:\/\/exaudi.org\/wp-content\/uploads\/2021\/08\/vm280821115246_00133-2048x1365.jpg 2048w, https:\/\/exaudi.org\/wp-content\/uploads\/2021\/08\/vm280821115246_00133-150x100.jpg 150w, https:\/\/exaudi.org\/wp-content\/uploads\/2021\/08\/vm280821115246_00133-696x464.jpg 696w, https:\/\/exaudi.org\/wp-content\/uploads\/2021\/08\/vm280821115246_00133-1068x712.jpg 1068w, https:\/\/exaudi.org\/wp-content\/uploads\/2021\/08\/vm280821115246_00133-1920x1280.jpg 1920w, https:\/\/exaudi.org\/wp-content\/uploads\/2021\/08\/vm280821115246_00133-630x420.jpg 630w\" sizes=\"auto, (max-width: 300px) 100vw, 300px\" \/>Yo hab\u00eda escrito un discurso para decirles, as\u00ed que se los voy a dar por escrito porque quiero hablar de lo que sali\u00f3 aqu\u00ed.<\/p>\n<p>Me quedo con la \u00faltima imagen, la puerta. Esta experiencia de la puerta abierta, la puerta cerrada, el temor de que no me abran la puerta, el temor de que me cierren la puerta en la cara\u2026 Esta experiencia que acabamos de escuchar de uno de ustedes, es la experiencia de cada uno de nosotros si miramos dentro.<\/p>\n<p>Y yo pregunto, \u00bfcu\u00e1l es mi relaci\u00f3n con la puerta?<\/p>\n<p>Algunos piensan que la puerta es posesi\u00f3n suya y le ponen un candado y la cierran para ellos. Otros tienen miedo de golpear una puerta. Es ese miedo que tenemos de saber si seremos recibidos y aceptados. Otros quieren entrar pero le tienen miedo a la puerta y tratan de entrar por la ventana. Y as\u00ed podemos imaginar tantas situaciones y preguntarme, yo con la puerta \u00bfqu\u00e9 relaci\u00f3n tengo?<\/p>\n<p>La puerta es Dios, entonces mi relaci\u00f3n con la puerta \u00bfcu\u00e1l es?<\/p>\n<p><img loading=\"lazy\" decoding=\"async\" class=\"size-medium wp-image-31229 alignleft\" src=\"https:\/\/exaudi.wpengine.com\/wp-content\/uploads\/2021\/08\/vm280821110740_00060-300x200.jpg\" alt=\"\" width=\"300\" height=\"200\" srcset=\"https:\/\/exaudi.org\/wp-content\/uploads\/2021\/08\/vm280821110740_00060-300x200.jpg 300w, https:\/\/exaudi.org\/wp-content\/uploads\/2021\/08\/vm280821110740_00060-1024x683.jpg 1024w, https:\/\/exaudi.org\/wp-content\/uploads\/2021\/08\/vm280821110740_00060-768x512.jpg 768w, https:\/\/exaudi.org\/wp-content\/uploads\/2021\/08\/vm280821110740_00060-1536x1024.jpg 1536w, https:\/\/exaudi.org\/wp-content\/uploads\/2021\/08\/vm280821110740_00060-2048x1365.jpg 2048w, https:\/\/exaudi.org\/wp-content\/uploads\/2021\/08\/vm280821110740_00060-150x100.jpg 150w, https:\/\/exaudi.org\/wp-content\/uploads\/2021\/08\/vm280821110740_00060-696x464.jpg 696w, https:\/\/exaudi.org\/wp-content\/uploads\/2021\/08\/vm280821110740_00060-1068x712.jpg 1068w, https:\/\/exaudi.org\/wp-content\/uploads\/2021\/08\/vm280821110740_00060-1920x1280.jpg 1920w, https:\/\/exaudi.org\/wp-content\/uploads\/2021\/08\/vm280821110740_00060-630x420.jpg 630w\" sizes=\"auto, (max-width: 300px) 100vw, 300px\" \/>Me apropio la puerta para m\u00ed y no dejo entrar a nadie, o tengo miedo de golpear la puerta o espero sin golpear que alguno me la abra. Cada uno de nosotros tiene actitudes diversas con Dios, que es la puerta.<\/p>\n<p>A veces en la vida hay que tener la humildad de golpear la puerta. A veces hay que tener el coraje de no tenerle miedo a qui\u00e9n me va abrir la puerta, que es Dios.<\/p>\n<p>Y una vez que yo entro, hay que tener la grandeza de no cerrar la puerta a mis espaldas sino abrirla para que entren otros y eso es lo que hace \u201cL\u00e1zaro\u201d, abrir puertas. Y es lo que yo quiero agradecerles hoy, este testimonio no solo de \u201cporteros\u201d, porque ustedes no cuidan las puertas, no son \u201cporteros\u201d; sino hombres y mujeres que, porque les abrieron la puerta una vez a cada uno de ustedes, sienten la necesidad de abr\u00edrsela a otros.<\/p>\n<p>La puerta es Dios que se nos abre, la puerta es nuestro coraz\u00f3n\u2026 est\u00e1 abierto, est\u00e1 custodiado\u2026 Es todo un trabajo de pensar pero que ustedes lo saben hacer.<\/p>\n<p><img loading=\"lazy\" decoding=\"async\" class=\"alignright wp-image-31220 size-medium\" src=\"https:\/\/exaudi.wpengine.com\/wp-content\/uploads\/2021\/08\/SFO7422_050421--300x200.jpg\" alt=\"\" width=\"300\" height=\"200\" srcset=\"https:\/\/exaudi.org\/wp-content\/uploads\/2021\/08\/SFO7422_050421--300x200.jpg 300w, https:\/\/exaudi.org\/wp-content\/uploads\/2021\/08\/SFO7422_050421--1024x683.jpg 1024w, https:\/\/exaudi.org\/wp-content\/uploads\/2021\/08\/SFO7422_050421--768x512.jpg 768w, https:\/\/exaudi.org\/wp-content\/uploads\/2021\/08\/SFO7422_050421--1536x1024.jpg 1536w, https:\/\/exaudi.org\/wp-content\/uploads\/2021\/08\/SFO7422_050421--2048x1365.jpg 2048w, https:\/\/exaudi.org\/wp-content\/uploads\/2021\/08\/SFO7422_050421--150x100.jpg 150w, https:\/\/exaudi.org\/wp-content\/uploads\/2021\/08\/SFO7422_050421--696x464.jpg 696w, https:\/\/exaudi.org\/wp-content\/uploads\/2021\/08\/SFO7422_050421--1068x712.jpg 1068w, https:\/\/exaudi.org\/wp-content\/uploads\/2021\/08\/SFO7422_050421--1920x1280.jpg 1920w, https:\/\/exaudi.org\/wp-content\/uploads\/2021\/08\/SFO7422_050421--630x420.jpg 630w\" sizes=\"auto, (max-width: 300px) 100vw, 300px\" \/><\/p>\n<p>Yo les agradezco a cada uno de ustedes el testimonio que dan, y sigan adelante. \u201cL\u00e1zaro\u201d es una cosa peque\u00f1ita, poca gente, pocos lugares, frente a tanta necesidad. Pero Jes\u00fas dijo una cosa una vez: que la levadura tambi\u00e9n era una cosa peque\u00f1ita y que era capaz de multiplicar, que la semilla era una cosa peque\u00f1ita y que era capaz de hacer crecer un \u00e1rbol grande. Lo peor que le puede pasar a \u201cL\u00e1zaro\u201d es olvidarse de que es peque\u00f1ito, porque si se pone grande en el coraz\u00f3n por el poder, por la soberbia, por la complacencia, el \u00e1rbol no va a crecer y la masa no se va a expandir.<\/p>\n<p>La riqueza de ustedes no est\u00e1 en el banco, la riqueza de ustedes es ser peque\u00f1os, y sigan as\u00ed.<\/p>\n<p>Y recen por la Iglesia, para que aprenda, nuestra Santa Madre la Iglesia, nosotros hombres y mujeres de Iglesia, a abrir siempre la puerta y a tener el o\u00eddo atento a quien golpea la puerta a veces d\u00e9bilmente.<\/p>\n<p>Muchas gracias.<\/p>\n<p><strong>\u00a9 Librer\u00eda Editora Vaticana<\/strong><\/p>\n","protected":false},"excerpt":{"rendered":"<p>Celebraci\u00f3n del d\u00e9cimo aniversario de la organizaci\u00f3n nacida en Francia<\/p>\n","protected":false},"author":5,"featured_media":31232,"comment_status":"closed","ping_status":"closed","sticky":false,"template":"","format":"standard","meta":{"_acf_changed":false,"_crdt_document":"","inline_featured_image":false,"footnotes":""},"categories":[68,298],"tags":[3864,158],"class_list":["post-31216","post","type-post","status-publish","format-standard","has-post-thumbnail","hentry","category-leon-xiv","category-ultimas-noticias","tag-fundacion-lazaro","tag-papa-francisco"],"acf":[],"yoast_head":"<!-- This site is optimized with the Yoast SEO plugin v27.5 - https:\/\/yoast.com\/product\/yoast-seo-wordpress\/ -->\n<title>El Papa a la fundaci\u00f3n L\u00e1zaro: \u201cLa riqueza de ustedes es ser peque\u00f1os\u201d &#8211; Exaudi<\/title>\n<meta name=\"description\" content=\"El Papa recibi\u00f3 a la Fundaci\u00f3n L\u00e1zaro, organizaci\u00f3n francesa que se ocupa de los pobres y los sin techo, acogi\u00e9ndolos en pisos \u201csolidarios\u201d\" \/>\n<meta name=\"robots\" content=\"index, follow, max-snippet:-1, max-image-preview:large, max-video-preview:-1\" \/>\n<link rel=\"canonical\" href=\"https:\/\/exaudi.org\/es\/el-papa-a-la-fundacion-lazaro-la-riqueza-de-ustedes-es-ser-pequenos\/\" \/>\n<meta property=\"og:locale\" content=\"es_ES\" \/>\n<meta property=\"og:type\" content=\"article\" \/>\n<meta property=\"og:title\" content=\"El Papa a la fundaci\u00f3n L\u00e1zaro: \u201cLa riqueza de ustedes es ser peque\u00f1os\u201d &#8211; Exaudi\" \/>\n<meta property=\"og:description\" content=\"El Papa recibi\u00f3 a la Fundaci\u00f3n L\u00e1zaro, organizaci\u00f3n francesa que se ocupa de los pobres y los sin techo, acogi\u00e9ndolos en pisos \u201csolidarios\u201d\" \/>\n<meta property=\"og:url\" content=\"https:\/\/exaudi.org\/es\/el-papa-a-la-fundacion-lazaro-la-riqueza-de-ustedes-es-ser-pequenos\/\" \/>\n<meta property=\"og:site_name\" content=\"Exaudi\" \/>\n<meta property=\"article:publisher\" content=\"https:\/\/www.facebook.com\/ExaudiNews\" \/>\n<meta property=\"article:published_time\" content=\"2021-08-29T09:41:41+00:00\" \/>\n<meta property=\"article:modified_time\" content=\"2021-08-31T07:55:51+00:00\" \/>\n<meta property=\"og:image\" content=\"https:\/\/exaudi.org\/wp-content\/uploads\/2021\/08\/vm280821115414_00190-scaled.jpg\" \/>\n\t<meta property=\"og:image:width\" content=\"2560\" \/>\n\t<meta property=\"og:image:height\" content=\"1707\" \/>\n\t<meta property=\"og:image:type\" content=\"image\/jpeg\" \/>\n<meta name=\"author\" content=\"Larissa I. L\u00f3pez\" \/>\n<meta name=\"twitter:card\" content=\"summary_large_image\" \/>\n<meta name=\"twitter:creator\" content=\"@Exaudi_News\" \/>\n<meta name=\"twitter:site\" content=\"@Exaudi_News\" \/>\n<meta name=\"twitter:label1\" content=\"Escrito por\" \/>\n\t<meta name=\"twitter:data1\" content=\"Larissa I. L\u00f3pez\" \/>\n\t<meta name=\"twitter:label2\" content=\"Tiempo de lectura\" \/>\n\t<meta name=\"twitter:data2\" content=\"5 minutos\" \/>\n<script type=\"application\/ld+json\" class=\"yoast-schema-graph\">{\"@context\":\"https:\\\/\\\/schema.org\",\"@graph\":[{\"@type\":\"Article\",\"@id\":\"https:\\\/\\\/exaudi.org\\\/es\\\/el-papa-a-la-fundacion-lazaro-la-riqueza-de-ustedes-es-ser-pequenos\\\/#article\",\"isPartOf\":{\"@id\":\"https:\\\/\\\/exaudi.org\\\/es\\\/el-papa-a-la-fundacion-lazaro-la-riqueza-de-ustedes-es-ser-pequenos\\\/\"},\"author\":{\"name\":\"Larissa I. L\u00f3pez\",\"@id\":\"https:\\\/\\\/exaudi.org\\\/#\\\/schema\\\/person\\\/7d2f77db033c2c0929edfab6dbe8c588\"},\"headline\":\"El Papa a la fundaci\u00f3n L\u00e1zaro: \u201cLa riqueza de ustedes es ser peque\u00f1os\u201d\",\"datePublished\":\"2021-08-29T09:41:41+00:00\",\"dateModified\":\"2021-08-31T07:55:51+00:00\",\"mainEntityOfPage\":{\"@id\":\"https:\\\/\\\/exaudi.org\\\/es\\\/el-papa-a-la-fundacion-lazaro-la-riqueza-de-ustedes-es-ser-pequenos\\\/\"},\"wordCount\":833,\"image\":{\"@id\":\"https:\\\/\\\/exaudi.org\\\/es\\\/el-papa-a-la-fundacion-lazaro-la-riqueza-de-ustedes-es-ser-pequenos\\\/#primaryimage\"},\"thumbnailUrl\":\"https:\\\/\\\/exaudi.org\\\/wp-content\\\/uploads\\\/2021\\\/08\\\/vm280821115414_00190-scaled.jpg\",\"keywords\":[\"Fundaci\u00f3n L\u00e1zaro\",\"papa francisco\"],\"articleSection\":[\"Le\u00f3n XIV\",\"\u00daltimas noticias\"],\"inLanguage\":\"es\"},{\"@type\":\"WebPage\",\"@id\":\"https:\\\/\\\/exaudi.org\\\/es\\\/el-papa-a-la-fundacion-lazaro-la-riqueza-de-ustedes-es-ser-pequenos\\\/\",\"url\":\"https:\\\/\\\/exaudi.org\\\/es\\\/el-papa-a-la-fundacion-lazaro-la-riqueza-de-ustedes-es-ser-pequenos\\\/\",\"name\":\"El Papa a la fundaci\u00f3n L\u00e1zaro: \u201cLa riqueza de ustedes es ser peque\u00f1os\u201d &#8211; Exaudi\",\"isPartOf\":{\"@id\":\"https:\\\/\\\/exaudi.org\\\/#website\"},\"primaryImageOfPage\":{\"@id\":\"https:\\\/\\\/exaudi.org\\\/es\\\/el-papa-a-la-fundacion-lazaro-la-riqueza-de-ustedes-es-ser-pequenos\\\/#primaryimage\"},\"image\":{\"@id\":\"https:\\\/\\\/exaudi.org\\\/es\\\/el-papa-a-la-fundacion-lazaro-la-riqueza-de-ustedes-es-ser-pequenos\\\/#primaryimage\"},\"thumbnailUrl\":\"https:\\\/\\\/exaudi.org\\\/wp-content\\\/uploads\\\/2021\\\/08\\\/vm280821115414_00190-scaled.jpg\",\"datePublished\":\"2021-08-29T09:41:41+00:00\",\"dateModified\":\"2021-08-31T07:55:51+00:00\",\"author\":{\"@id\":\"https:\\\/\\\/exaudi.org\\\/#\\\/schema\\\/person\\\/7d2f77db033c2c0929edfab6dbe8c588\"},\"description\":\"El Papa recibi\u00f3 a la Fundaci\u00f3n L\u00e1zaro, organizaci\u00f3n francesa que se ocupa de los pobres y los sin techo, acogi\u00e9ndolos en pisos \u201csolidarios\u201d\",\"breadcrumb\":{\"@id\":\"https:\\\/\\\/exaudi.org\\\/es\\\/el-papa-a-la-fundacion-lazaro-la-riqueza-de-ustedes-es-ser-pequenos\\\/#breadcrumb\"},\"inLanguage\":\"es\",\"potentialAction\":[{\"@type\":\"ReadAction\",\"target\":[\"https:\\\/\\\/exaudi.org\\\/es\\\/el-papa-a-la-fundacion-lazaro-la-riqueza-de-ustedes-es-ser-pequenos\\\/\"]}]},{\"@type\":\"ImageObject\",\"inLanguage\":\"es\",\"@id\":\"https:\\\/\\\/exaudi.org\\\/es\\\/el-papa-a-la-fundacion-lazaro-la-riqueza-de-ustedes-es-ser-pequenos\\\/#primaryimage\",\"url\":\"https:\\\/\\\/exaudi.org\\\/wp-content\\\/uploads\\\/2021\\\/08\\\/vm280821115414_00190-scaled.jpg\",\"contentUrl\":\"https:\\\/\\\/exaudi.org\\\/wp-content\\\/uploads\\\/2021\\\/08\\\/vm280821115414_00190-scaled.jpg\",\"width\":2560,\"height\":1707,\"caption\":\"L\u00e1zaro ser peque\u00f1os\"},{\"@type\":\"BreadcrumbList\",\"@id\":\"https:\\\/\\\/exaudi.org\\\/es\\\/el-papa-a-la-fundacion-lazaro-la-riqueza-de-ustedes-es-ser-pequenos\\\/#breadcrumb\",\"itemListElement\":[{\"@type\":\"ListItem\",\"position\":1,\"name\":\"Portada\",\"item\":\"https:\\\/\\\/exaudi.org\\\/es\\\/\"},{\"@type\":\"ListItem\",\"position\":2,\"name\":\"El Papa a la fundaci\u00f3n L\u00e1zaro: \u201cLa riqueza de ustedes es ser peque\u00f1os\u201d\"}]},{\"@type\":\"WebSite\",\"@id\":\"https:\\\/\\\/exaudi.org\\\/#website\",\"url\":\"https:\\\/\\\/exaudi.org\\\/\",\"name\":\"Exaudi\",\"description\":\"News\",\"potentialAction\":[{\"@type\":\"SearchAction\",\"target\":{\"@type\":\"EntryPoint\",\"urlTemplate\":\"https:\\\/\\\/exaudi.org\\\/?s={search_term_string}\"},\"query-input\":{\"@type\":\"PropertyValueSpecification\",\"valueRequired\":true,\"valueName\":\"search_term_string\"}}],\"inLanguage\":\"es\"},{\"@type\":\"Person\",\"@id\":\"https:\\\/\\\/exaudi.org\\\/#\\\/schema\\\/person\\\/7d2f77db033c2c0929edfab6dbe8c588\",\"name\":\"Larissa I. L\u00f3pez\",\"image\":{\"@type\":\"ImageObject\",\"inLanguage\":\"es\",\"@id\":\"https:\\\/\\\/secure.gravatar.com\\\/avatar\\\/db3ef399ff343d0bb9d25dc5198bc8ece5ac6d621eca79876697a354dabc1e3f?s=96&d=mm&r=g\",\"url\":\"https:\\\/\\\/secure.gravatar.com\\\/avatar\\\/db3ef399ff343d0bb9d25dc5198bc8ece5ac6d621eca79876697a354dabc1e3f?s=96&d=mm&r=g\",\"contentUrl\":\"https:\\\/\\\/secure.gravatar.com\\\/avatar\\\/db3ef399ff343d0bb9d25dc5198bc8ece5ac6d621eca79876697a354dabc1e3f?s=96&d=mm&r=g\",\"caption\":\"Larissa I. L\u00f3pez\"},\"description\":\"Doctora en Comunicaci\u00f3n. Mi trayectoria profesional ha transcurrido entre el \u00e1mbito de la comunicaci\u00f3n y el de la docencia. En los \u00faltimos a\u00f1os, he trabajado como coordinadora y redactora de la edici\u00f3n de ZENIT en espa\u00f1ol. Como profesora, he impartido clases en la universidad y en centros de FP y bachillerato. Cordobesa de nacimiento, tambi\u00e9n he vivido en Sevilla, Madrid y Roma\",\"url\":\"https:\\\/\\\/exaudi.org\\\/es\\\/author\\\/llopezexaudi-org\\\/\"}]}<\/script>\n<!-- \/ Yoast SEO plugin. -->","yoast_head_json":{"title":"El Papa a la fundaci\u00f3n L\u00e1zaro: \u201cLa riqueza de ustedes es ser peque\u00f1os\u201d &#8211; Exaudi","description":"El Papa recibi\u00f3 a la Fundaci\u00f3n L\u00e1zaro, organizaci\u00f3n francesa que se ocupa de los pobres y los sin techo, acogi\u00e9ndolos en pisos \u201csolidarios\u201d","robots":{"index":"index","follow":"follow","max-snippet":"max-snippet:-1","max-image-preview":"max-image-preview:large","max-video-preview":"max-video-preview:-1"},"canonical":"https:\/\/exaudi.org\/es\/el-papa-a-la-fundacion-lazaro-la-riqueza-de-ustedes-es-ser-pequenos\/","og_locale":"es_ES","og_type":"article","og_title":"El Papa a la fundaci\u00f3n L\u00e1zaro: \u201cLa riqueza de ustedes es ser peque\u00f1os\u201d &#8211; Exaudi","og_description":"El Papa recibi\u00f3 a la Fundaci\u00f3n L\u00e1zaro, organizaci\u00f3n francesa que se ocupa de los pobres y los sin techo, acogi\u00e9ndolos en pisos \u201csolidarios\u201d","og_url":"https:\/\/exaudi.org\/es\/el-papa-a-la-fundacion-lazaro-la-riqueza-de-ustedes-es-ser-pequenos\/","og_site_name":"Exaudi","article_publisher":"https:\/\/www.facebook.com\/ExaudiNews","article_published_time":"2021-08-29T09:41:41+00:00","article_modified_time":"2021-08-31T07:55:51+00:00","og_image":[{"width":2560,"height":1707,"url":"https:\/\/exaudi.org\/wp-content\/uploads\/2021\/08\/vm280821115414_00190-scaled.jpg","type":"image\/jpeg"}],"author":"Larissa I. L\u00f3pez","twitter_card":"summary_large_image","twitter_creator":"@Exaudi_News","twitter_site":"@Exaudi_News","twitter_misc":{"Escrito por":"Larissa I. L\u00f3pez","Tiempo de lectura":"5 minutos"},"schema":{"@context":"https:\/\/schema.org","@graph":[{"@type":"Article","@id":"https:\/\/exaudi.org\/es\/el-papa-a-la-fundacion-lazaro-la-riqueza-de-ustedes-es-ser-pequenos\/#article","isPartOf":{"@id":"https:\/\/exaudi.org\/es\/el-papa-a-la-fundacion-lazaro-la-riqueza-de-ustedes-es-ser-pequenos\/"},"author":{"name":"Larissa I. L\u00f3pez","@id":"https:\/\/exaudi.org\/#\/schema\/person\/7d2f77db033c2c0929edfab6dbe8c588"},"headline":"El Papa a la fundaci\u00f3n L\u00e1zaro: \u201cLa riqueza de ustedes es ser peque\u00f1os\u201d","datePublished":"2021-08-29T09:41:41+00:00","dateModified":"2021-08-31T07:55:51+00:00","mainEntityOfPage":{"@id":"https:\/\/exaudi.org\/es\/el-papa-a-la-fundacion-lazaro-la-riqueza-de-ustedes-es-ser-pequenos\/"},"wordCount":833,"image":{"@id":"https:\/\/exaudi.org\/es\/el-papa-a-la-fundacion-lazaro-la-riqueza-de-ustedes-es-ser-pequenos\/#primaryimage"},"thumbnailUrl":"https:\/\/exaudi.org\/wp-content\/uploads\/2021\/08\/vm280821115414_00190-scaled.jpg","keywords":["Fundaci\u00f3n L\u00e1zaro","papa francisco"],"articleSection":["Le\u00f3n XIV","\u00daltimas noticias"],"inLanguage":"es"},{"@type":"WebPage","@id":"https:\/\/exaudi.org\/es\/el-papa-a-la-fundacion-lazaro-la-riqueza-de-ustedes-es-ser-pequenos\/","url":"https:\/\/exaudi.org\/es\/el-papa-a-la-fundacion-lazaro-la-riqueza-de-ustedes-es-ser-pequenos\/","name":"El Papa a la fundaci\u00f3n L\u00e1zaro: \u201cLa riqueza de ustedes es ser peque\u00f1os\u201d &#8211; Exaudi","isPartOf":{"@id":"https:\/\/exaudi.org\/#website"},"primaryImageOfPage":{"@id":"https:\/\/exaudi.org\/es\/el-papa-a-la-fundacion-lazaro-la-riqueza-de-ustedes-es-ser-pequenos\/#primaryimage"},"image":{"@id":"https:\/\/exaudi.org\/es\/el-papa-a-la-fundacion-lazaro-la-riqueza-de-ustedes-es-ser-pequenos\/#primaryimage"},"thumbnailUrl":"https:\/\/exaudi.org\/wp-content\/uploads\/2021\/08\/vm280821115414_00190-scaled.jpg","datePublished":"2021-08-29T09:41:41+00:00","dateModified":"2021-08-31T07:55:51+00:00","author":{"@id":"https:\/\/exaudi.org\/#\/schema\/person\/7d2f77db033c2c0929edfab6dbe8c588"},"description":"El Papa recibi\u00f3 a la Fundaci\u00f3n L\u00e1zaro, organizaci\u00f3n francesa que se ocupa de los pobres y los sin techo, acogi\u00e9ndolos en pisos \u201csolidarios\u201d","breadcrumb":{"@id":"https:\/\/exaudi.org\/es\/el-papa-a-la-fundacion-lazaro-la-riqueza-de-ustedes-es-ser-pequenos\/#breadcrumb"},"inLanguage":"es","potentialAction":[{"@type":"ReadAction","target":["https:\/\/exaudi.org\/es\/el-papa-a-la-fundacion-lazaro-la-riqueza-de-ustedes-es-ser-pequenos\/"]}]},{"@type":"ImageObject","inLanguage":"es","@id":"https:\/\/exaudi.org\/es\/el-papa-a-la-fundacion-lazaro-la-riqueza-de-ustedes-es-ser-pequenos\/#primaryimage","url":"https:\/\/exaudi.org\/wp-content\/uploads\/2021\/08\/vm280821115414_00190-scaled.jpg","contentUrl":"https:\/\/exaudi.org\/wp-content\/uploads\/2021\/08\/vm280821115414_00190-scaled.jpg","width":2560,"height":1707,"caption":"L\u00e1zaro ser peque\u00f1os"},{"@type":"BreadcrumbList","@id":"https:\/\/exaudi.org\/es\/el-papa-a-la-fundacion-lazaro-la-riqueza-de-ustedes-es-ser-pequenos\/#breadcrumb","itemListElement":[{"@type":"ListItem","position":1,"name":"Portada","item":"https:\/\/exaudi.org\/es\/"},{"@type":"ListItem","position":2,"name":"El Papa a la fundaci\u00f3n L\u00e1zaro: \u201cLa riqueza de ustedes es ser peque\u00f1os\u201d"}]},{"@type":"WebSite","@id":"https:\/\/exaudi.org\/#website","url":"https:\/\/exaudi.org\/","name":"Exaudi","description":"News","potentialAction":[{"@type":"SearchAction","target":{"@type":"EntryPoint","urlTemplate":"https:\/\/exaudi.org\/?s={search_term_string}"},"query-input":{"@type":"PropertyValueSpecification","valueRequired":true,"valueName":"search_term_string"}}],"inLanguage":"es"},{"@type":"Person","@id":"https:\/\/exaudi.org\/#\/schema\/person\/7d2f77db033c2c0929edfab6dbe8c588","name":"Larissa I. L\u00f3pez","image":{"@type":"ImageObject","inLanguage":"es","@id":"https:\/\/secure.gravatar.com\/avatar\/db3ef399ff343d0bb9d25dc5198bc8ece5ac6d621eca79876697a354dabc1e3f?s=96&d=mm&r=g","url":"https:\/\/secure.gravatar.com\/avatar\/db3ef399ff343d0bb9d25dc5198bc8ece5ac6d621eca79876697a354dabc1e3f?s=96&d=mm&r=g","contentUrl":"https:\/\/secure.gravatar.com\/avatar\/db3ef399ff343d0bb9d25dc5198bc8ece5ac6d621eca79876697a354dabc1e3f?s=96&d=mm&r=g","caption":"Larissa I. L\u00f3pez"},"description":"Doctora en Comunicaci\u00f3n. Mi trayectoria profesional ha transcurrido entre el \u00e1mbito de la comunicaci\u00f3n y el de la docencia. En los \u00faltimos a\u00f1os, he trabajado como coordinadora y redactora de la edici\u00f3n de ZENIT en espa\u00f1ol. Como profesora, he impartido clases en la universidad y en centros de FP y bachillerato. Cordobesa de nacimiento, tambi\u00e9n he vivido en Sevilla, Madrid y Roma","url":"https:\/\/exaudi.org\/es\/author\/llopezexaudi-org\/"}]}},"jetpack_featured_media_url":"https:\/\/exaudi.org\/wp-content\/uploads\/2021\/08\/vm280821115414_00190-scaled.jpg","jetpack_shortlink":"https:\/\/wp.me\/pgKjF2-87u","_links":{"self":[{"href":"https:\/\/exaudi.org\/es\/wp-json\/wp\/v2\/posts\/31216","targetHints":{"allow":["GET"]}}],"collection":[{"href":"https:\/\/exaudi.org\/es\/wp-json\/wp\/v2\/posts"}],"about":[{"href":"https:\/\/exaudi.org\/es\/wp-json\/wp\/v2\/types\/post"}],"author":[{"embeddable":true,"href":"https:\/\/exaudi.org\/es\/wp-json\/wp\/v2\/users\/5"}],"replies":[{"embeddable":true,"href":"https:\/\/exaudi.org\/es\/wp-json\/wp\/v2\/comments?post=31216"}],"version-history":[{"count":0,"href":"https:\/\/exaudi.org\/es\/wp-json\/wp\/v2\/posts\/31216\/revisions"}],"wp:featuredmedia":[{"embeddable":true,"href":"https:\/\/exaudi.org\/es\/wp-json\/wp\/v2\/media\/31232"}],"wp:attachment":[{"href":"https:\/\/exaudi.org\/es\/wp-json\/wp\/v2\/media?parent=31216"}],"wp:term":[{"taxonomy":"category","embeddable":true,"href":"https:\/\/exaudi.org\/es\/wp-json\/wp\/v2\/categories?post=31216"},{"taxonomy":"post_tag","embeddable":true,"href":"https:\/\/exaudi.org\/es\/wp-json\/wp\/v2\/tags?post=31216"}],"curies":[{"name":"wp","href":"https:\/\/api.w.org\/{rel}","templated":true}]}}