{"id":31160,"date":"2021-08-29T09:00:09","date_gmt":"2021-08-29T07:00:09","guid":{"rendered":"https:\/\/exaudi.wpengine.com\/?p=31160"},"modified":"2021-08-30T13:08:31","modified_gmt":"2021-08-30T11:08:31","slug":"evangelio-29-agosto-llevad-palabra-practica","status":"publish","type":"post","link":"https:\/\/exaudi.org\/es\/evangelio-29-agosto-llevad-palabra-practica\/","title":{"rendered":"Evangelio, 29 de agosto: \u201cLlevad la Palabra a la pr\u00e1ctica\u201d"},"content":{"rendered":"<p>El <a href=\"https:\/\/exaudi.wpengine.com\/es\/author\/jorgemiro\/\" target=\"_blank\" rel=\"noopener\">padre Jorge Mir\u00f3<\/a> comparte con los lectores de Exaudi su comentario sobre el <a href=\"https:\/\/www.dominicos.org\/predicacion\/homilia\/29-8-2021\/\" target=\"_blank\" rel=\"noopener\">Evangelio de hoy, 29 de agosto de 2021<\/a>, XXII Domingo del Tiempo Ordinario, titulado \u201cLlevad la Palabra a la pr\u00e1ctica\u201d.<\/p>\n<p>***<\/p>\n<p><span style=\"font-weight: 400\">El vers\u00edculo del Aleluya de hoy nos da la clave de la Palabra de este Domingo: Por propia iniciativa, el Padre nos engendr\u00f3, con la palabra de la verdad, para que seamos como una primicia de sus criaturas.<\/span><\/p>\n<p><span style=\"font-weight: 400\">Dios crea el universo por la Palabra (cf. Gn 1 y Jn 1), y Dios hace en ti la obra de la nueva creaci\u00f3n, por medio de Jesucristo, la Palabra hecha carne, con el don de su Esp\u00edritu.<\/span><\/p>\n<p><span style=\"font-weight: 400\">\u00a0Tambi\u00e9n tu vida puede ser un caos desordenado, vac\u00edo, sin sentido; o puede ser un cosmos ordenado por el Esp\u00edritu Santo. Puedes vivir como un vagabundo o como un peregrino.<\/span><\/p>\n<p><span style=\"font-weight: 400\">\u00bfDe qu\u00e9 depende?\u00a0 La Palabra nos ha dado la respuesta: Acoged con docilidad esa palabra, que ha sido injertada en vosotros y es capaz de salvar vuestras vidas. Poned en pr\u00e1ctica la palabra y no os content\u00e9is con o\u00edrla, enga\u00f1\u00e1ndoos a vosotros mismos.<\/span><\/p>\n<p><span style=\"font-weight: 400\">Una Palabra de la que no somos due\u00f1os, sino servidores: No a\u00f1ad\u00e1is nada a lo que yo os mando ni suprim\u00e1is nada; observar\u00e9is los preceptos del Se\u00f1or\u2026 Observadlos y cumplidlos, pues esa es vuestra sabidur\u00eda y vuestra inteligencia a los ojos de los pueblos.<\/span><\/p>\n<p><span style=\"font-weight: 400\">Una Palabra que siempre es una buena noticia. Es una Palabra de amor, de vida y de salvaci\u00f3n.\u00a0<\/span><\/p>\n<p><span style=\"font-weight: 400\">Una Palabra que va m\u00e1s all\u00e1 de la letra: Este pueblo me honra con los labios, pero su coraz\u00f3n est\u00e1 lejos de m\u00ed. Busca conocer y vivir en la voluntad de Dios que no es una ley que se nos impone desde fuera, sino la medida intr\u00ednseca de nuestra naturaleza. Es decir, la clave de nuestra realizaci\u00f3n como personas y de nuestra felicidad. Por eso, el Se\u00f1or nos invita a la fidelidad: No a\u00f1ad\u00e1is nada a lo que os mando ni suprim\u00e1is nada.\u00a0<\/span><\/p>\n<p><span style=\"font-weight: 400\">Una Palabra que, en la medida en que es acogida, va cambiando el coraz\u00f3n: La religiosidad aut\u00e9ntica e intachable a los ojos de Dios Padre es esta: atender a hu\u00e9rfanos y viudas en su aflicci\u00f3n y mantenerse incontaminado del mundo.\u00a0<\/span><\/p>\n<p><span style=\"font-weight: 400\">Porque lo que sale de dentro del coraz\u00f3n del hombre es lo que le hace impuro: los pensamientos perversos, las fornicaciones, robos, homicidios, adulterios, codicias, malicias, fraudes, desenfreno, envidia, difamaci\u00f3n, orgullo, frivolidad.<\/span><\/p>\n<p><span style=\"font-weight: 400\">Por eso, en la medida en que acojas confiadamente la Palabra y le pidas al Se\u00f1or el don de su Esp\u00edritu para poder vivir en su voluntad, ver\u00e1s aparecer en ti un coraz\u00f3n nuevo y un esp\u00edritu nuevo: un buen regalo y un don perfecto que viene de arriba, del Padre que te ama gratuitamente y quiere que tengas vida y vida en abundancia.\u00a0<\/span><\/p>\n<p><span style=\"font-weight: 400\">\u00a1Ven, Esp\u00edritu Santo! \u00a1Haz que acoja la Palabra en mi coraz\u00f3n!<\/span><\/p>\n<p><span style=\"font-weight: 400\">A toda la tierra alcanza su preg\u00f3n\u00a0 (cf. Sal 19, 5)<\/span><\/p>\n<p><span style=\"font-weight: 400\">\u00a1Feliz Domingo, feliz Eucarist\u00eda!<\/span><\/p>\n","protected":false},"excerpt":{"rendered":"<p>\u201cEstos mandatos son vuestra sabidur\u00eda\u201d<\/p>\n","protected":false},"author":20,"featured_media":31162,"comment_status":"closed","ping_status":"closed","sticky":false,"template":"","format":"standard","meta":{"_acf_changed":false,"_crdt_document":"","inline_featured_image":false,"footnotes":""},"categories":[96,298],"tags":[368,369],"class_list":["post-31160","post","type-post","status-publish","format-standard","has-post-thumbnail","hentry","category-espiritualidad","category-ultimas-noticias","tag-comentario-del-evangelio","tag-padre-jorge-miro"],"acf":[],"yoast_head":"<!-- This site is optimized with the Yoast SEO plugin v27.4 - https:\/\/yoast.com\/product\/yoast-seo-wordpress\/ -->\n<title>Evangelio, 29 de agosto: \u201cLlevad la Palabra a la pr\u00e1ctica\u201d<\/title>\n<meta name=\"description\" content=\"Comentario sobre el Evangelio de hoy, 29 de agosto de 2021, XXII Domingo del Tiempo Ordinario: \u201cLlevad la Palabra a la pr\u00e1ctica\u201d\" \/>\n<meta name=\"robots\" content=\"index, follow, max-snippet:-1, max-image-preview:large, max-video-preview:-1\" \/>\n<link rel=\"canonical\" href=\"https:\/\/exaudi.org\/es\/evangelio-29-agosto-llevad-palabra-practica\/\" \/>\n<meta property=\"og:locale\" content=\"es_ES\" \/>\n<meta property=\"og:type\" content=\"article\" \/>\n<meta property=\"og:title\" content=\"Evangelio, 29 de agosto: \u201cLlevad la Palabra a la pr\u00e1ctica\u201d\" \/>\n<meta property=\"og:description\" content=\"Comentario sobre el Evangelio de hoy, 29 de agosto de 2021, XXII Domingo del Tiempo Ordinario: \u201cLlevad la Palabra a la pr\u00e1ctica\u201d\" \/>\n<meta property=\"og:url\" content=\"https:\/\/exaudi.org\/es\/evangelio-29-agosto-llevad-palabra-practica\/\" \/>\n<meta property=\"og:site_name\" content=\"Exaudi\" \/>\n<meta property=\"article:publisher\" content=\"https:\/\/www.facebook.com\/ExaudiNews\" \/>\n<meta property=\"article:published_time\" content=\"2021-08-29T07:00:09+00:00\" \/>\n<meta property=\"article:modified_time\" content=\"2021-08-30T11:08:31+00:00\" \/>\n<meta property=\"og:image\" content=\"https:\/\/exaudi.org\/wp-content\/uploads\/2021\/08\/2v3-scaled.jpg\" \/>\n\t<meta property=\"og:image:width\" content=\"2560\" \/>\n\t<meta property=\"og:image:height\" content=\"1573\" \/>\n\t<meta property=\"og:image:type\" content=\"image\/jpeg\" \/>\n<meta name=\"author\" content=\"Jorge Mir\u00f3\" \/>\n<meta name=\"twitter:card\" content=\"summary_large_image\" \/>\n<meta name=\"twitter:creator\" content=\"@Exaudi_News\" \/>\n<meta name=\"twitter:site\" content=\"@Exaudi_News\" \/>\n<meta name=\"twitter:label1\" content=\"Escrito por\" \/>\n\t<meta name=\"twitter:data1\" content=\"Jorge Mir\u00f3\" \/>\n\t<meta name=\"twitter:label2\" content=\"Tiempo de lectura\" \/>\n\t<meta name=\"twitter:data2\" content=\"3 minutos\" \/>\n<script type=\"application\/ld+json\" class=\"yoast-schema-graph\">{\"@context\":\"https:\\\/\\\/schema.org\",\"@graph\":[{\"@type\":\"Article\",\"@id\":\"https:\\\/\\\/exaudi.org\\\/es\\\/evangelio-29-agosto-llevad-palabra-practica\\\/#article\",\"isPartOf\":{\"@id\":\"https:\\\/\\\/exaudi.org\\\/es\\\/evangelio-29-agosto-llevad-palabra-practica\\\/\"},\"author\":{\"name\":\"Jorge Mir\u00f3\",\"@id\":\"https:\\\/\\\/exaudi.org\\\/#\\\/schema\\\/person\\\/a258c56b05e63b2b367bdca29e0ed3e3\"},\"headline\":\"Evangelio, 29 de agosto: \u201cLlevad la Palabra a la pr\u00e1ctica\u201d\",\"datePublished\":\"2021-08-29T07:00:09+00:00\",\"dateModified\":\"2021-08-30T11:08:31+00:00\",\"mainEntityOfPage\":{\"@id\":\"https:\\\/\\\/exaudi.org\\\/es\\\/evangelio-29-agosto-llevad-palabra-practica\\\/\"},\"wordCount\":536,\"image\":{\"@id\":\"https:\\\/\\\/exaudi.org\\\/es\\\/evangelio-29-agosto-llevad-palabra-practica\\\/#primaryimage\"},\"thumbnailUrl\":\"https:\\\/\\\/exaudi.org\\\/wp-content\\\/uploads\\\/2021\\\/08\\\/2v3-scaled.jpg\",\"keywords\":[\"Comentario del Evangelio\",\"Padre Jorge Mir\u00f3\"],\"articleSection\":[\"Espiritualidad\",\"\u00daltimas noticias\"],\"inLanguage\":\"es\"},{\"@type\":\"WebPage\",\"@id\":\"https:\\\/\\\/exaudi.org\\\/es\\\/evangelio-29-agosto-llevad-palabra-practica\\\/\",\"url\":\"https:\\\/\\\/exaudi.org\\\/es\\\/evangelio-29-agosto-llevad-palabra-practica\\\/\",\"name\":\"Evangelio, 29 de agosto: \u201cLlevad la Palabra a la pr\u00e1ctica\u201d\",\"isPartOf\":{\"@id\":\"https:\\\/\\\/exaudi.org\\\/#website\"},\"primaryImageOfPage\":{\"@id\":\"https:\\\/\\\/exaudi.org\\\/es\\\/evangelio-29-agosto-llevad-palabra-practica\\\/#primaryimage\"},\"image\":{\"@id\":\"https:\\\/\\\/exaudi.org\\\/es\\\/evangelio-29-agosto-llevad-palabra-practica\\\/#primaryimage\"},\"thumbnailUrl\":\"https:\\\/\\\/exaudi.org\\\/wp-content\\\/uploads\\\/2021\\\/08\\\/2v3-scaled.jpg\",\"datePublished\":\"2021-08-29T07:00:09+00:00\",\"dateModified\":\"2021-08-30T11:08:31+00:00\",\"author\":{\"@id\":\"https:\\\/\\\/exaudi.org\\\/#\\\/schema\\\/person\\\/a258c56b05e63b2b367bdca29e0ed3e3\"},\"description\":\"Comentario sobre el Evangelio de hoy, 29 de agosto de 2021, XXII Domingo del Tiempo Ordinario: \u201cLlevad la Palabra a la pr\u00e1ctica\u201d\",\"breadcrumb\":{\"@id\":\"https:\\\/\\\/exaudi.org\\\/es\\\/evangelio-29-agosto-llevad-palabra-practica\\\/#breadcrumb\"},\"inLanguage\":\"es\",\"potentialAction\":[{\"@type\":\"ReadAction\",\"target\":[\"https:\\\/\\\/exaudi.org\\\/es\\\/evangelio-29-agosto-llevad-palabra-practica\\\/\"]}]},{\"@type\":\"ImageObject\",\"inLanguage\":\"es\",\"@id\":\"https:\\\/\\\/exaudi.org\\\/es\\\/evangelio-29-agosto-llevad-palabra-practica\\\/#primaryimage\",\"url\":\"https:\\\/\\\/exaudi.org\\\/wp-content\\\/uploads\\\/2021\\\/08\\\/2v3-scaled.jpg\",\"contentUrl\":\"https:\\\/\\\/exaudi.org\\\/wp-content\\\/uploads\\\/2021\\\/08\\\/2v3-scaled.jpg\",\"width\":2560,\"height\":1573,\"caption\":\"Icono de Cristo Resucitado \u00a9 Cathopic\"},{\"@type\":\"BreadcrumbList\",\"@id\":\"https:\\\/\\\/exaudi.org\\\/es\\\/evangelio-29-agosto-llevad-palabra-practica\\\/#breadcrumb\",\"itemListElement\":[{\"@type\":\"ListItem\",\"position\":1,\"name\":\"Portada\",\"item\":\"https:\\\/\\\/exaudi.org\\\/es\\\/\"},{\"@type\":\"ListItem\",\"position\":2,\"name\":\"Evangelio, 29 de agosto: \u201cLlevad la Palabra a la pr\u00e1ctica\u201d\"}]},{\"@type\":\"WebSite\",\"@id\":\"https:\\\/\\\/exaudi.org\\\/#website\",\"url\":\"https:\\\/\\\/exaudi.org\\\/\",\"name\":\"Exaudi\",\"description\":\"News\",\"potentialAction\":[{\"@type\":\"SearchAction\",\"target\":{\"@type\":\"EntryPoint\",\"urlTemplate\":\"https:\\\/\\\/exaudi.org\\\/?s={search_term_string}\"},\"query-input\":{\"@type\":\"PropertyValueSpecification\",\"valueRequired\":true,\"valueName\":\"search_term_string\"}}],\"inLanguage\":\"es\"},{\"@type\":\"Person\",\"@id\":\"https:\\\/\\\/exaudi.org\\\/#\\\/schema\\\/person\\\/a258c56b05e63b2b367bdca29e0ed3e3\",\"name\":\"Jorge Mir\u00f3\",\"image\":{\"@type\":\"ImageObject\",\"inLanguage\":\"es\",\"@id\":\"https:\\\/\\\/secure.gravatar.com\\\/avatar\\\/f5ea26c436669b01b7b02124bf13596df002525d6f392707d301543be365bd44?s=96&d=mm&r=g\",\"url\":\"https:\\\/\\\/secure.gravatar.com\\\/avatar\\\/f5ea26c436669b01b7b02124bf13596df002525d6f392707d301543be365bd44?s=96&d=mm&r=g\",\"contentUrl\":\"https:\\\/\\\/secure.gravatar.com\\\/avatar\\\/f5ea26c436669b01b7b02124bf13596df002525d6f392707d301543be365bd44?s=96&d=mm&r=g\",\"caption\":\"Jorge Mir\u00f3\"},\"description\":\"Sacerdote de la archidi\u00f3cesis de Valencia y profesor en la Facultad de Ciencias Jur\u00eddicas, Econ\u00f3micas y Sociales de la Universidad Cat\u00f3lica de Valencia\",\"url\":\"https:\\\/\\\/exaudi.org\\\/es\\\/author\\\/jorgemiro\\\/\"}]}<\/script>\n<!-- \/ Yoast SEO plugin. -->","yoast_head_json":{"title":"Evangelio, 29 de agosto: \u201cLlevad la Palabra a la pr\u00e1ctica\u201d","description":"Comentario sobre el Evangelio de hoy, 29 de agosto de 2021, XXII Domingo del Tiempo Ordinario: \u201cLlevad la Palabra a la pr\u00e1ctica\u201d","robots":{"index":"index","follow":"follow","max-snippet":"max-snippet:-1","max-image-preview":"max-image-preview:large","max-video-preview":"max-video-preview:-1"},"canonical":"https:\/\/exaudi.org\/es\/evangelio-29-agosto-llevad-palabra-practica\/","og_locale":"es_ES","og_type":"article","og_title":"Evangelio, 29 de agosto: \u201cLlevad la Palabra a la pr\u00e1ctica\u201d","og_description":"Comentario sobre el Evangelio de hoy, 29 de agosto de 2021, XXII Domingo del Tiempo Ordinario: \u201cLlevad la Palabra a la pr\u00e1ctica\u201d","og_url":"https:\/\/exaudi.org\/es\/evangelio-29-agosto-llevad-palabra-practica\/","og_site_name":"Exaudi","article_publisher":"https:\/\/www.facebook.com\/ExaudiNews","article_published_time":"2021-08-29T07:00:09+00:00","article_modified_time":"2021-08-30T11:08:31+00:00","og_image":[{"width":2560,"height":1573,"url":"https:\/\/exaudi.org\/wp-content\/uploads\/2021\/08\/2v3-scaled.jpg","type":"image\/jpeg"}],"author":"Jorge Mir\u00f3","twitter_card":"summary_large_image","twitter_creator":"@Exaudi_News","twitter_site":"@Exaudi_News","twitter_misc":{"Escrito por":"Jorge Mir\u00f3","Tiempo de lectura":"3 minutos"},"schema":{"@context":"https:\/\/schema.org","@graph":[{"@type":"Article","@id":"https:\/\/exaudi.org\/es\/evangelio-29-agosto-llevad-palabra-practica\/#article","isPartOf":{"@id":"https:\/\/exaudi.org\/es\/evangelio-29-agosto-llevad-palabra-practica\/"},"author":{"name":"Jorge Mir\u00f3","@id":"https:\/\/exaudi.org\/#\/schema\/person\/a258c56b05e63b2b367bdca29e0ed3e3"},"headline":"Evangelio, 29 de agosto: \u201cLlevad la Palabra a la pr\u00e1ctica\u201d","datePublished":"2021-08-29T07:00:09+00:00","dateModified":"2021-08-30T11:08:31+00:00","mainEntityOfPage":{"@id":"https:\/\/exaudi.org\/es\/evangelio-29-agosto-llevad-palabra-practica\/"},"wordCount":536,"image":{"@id":"https:\/\/exaudi.org\/es\/evangelio-29-agosto-llevad-palabra-practica\/#primaryimage"},"thumbnailUrl":"https:\/\/exaudi.org\/wp-content\/uploads\/2021\/08\/2v3-scaled.jpg","keywords":["Comentario del Evangelio","Padre Jorge Mir\u00f3"],"articleSection":["Espiritualidad","\u00daltimas noticias"],"inLanguage":"es"},{"@type":"WebPage","@id":"https:\/\/exaudi.org\/es\/evangelio-29-agosto-llevad-palabra-practica\/","url":"https:\/\/exaudi.org\/es\/evangelio-29-agosto-llevad-palabra-practica\/","name":"Evangelio, 29 de agosto: \u201cLlevad la Palabra a la pr\u00e1ctica\u201d","isPartOf":{"@id":"https:\/\/exaudi.org\/#website"},"primaryImageOfPage":{"@id":"https:\/\/exaudi.org\/es\/evangelio-29-agosto-llevad-palabra-practica\/#primaryimage"},"image":{"@id":"https:\/\/exaudi.org\/es\/evangelio-29-agosto-llevad-palabra-practica\/#primaryimage"},"thumbnailUrl":"https:\/\/exaudi.org\/wp-content\/uploads\/2021\/08\/2v3-scaled.jpg","datePublished":"2021-08-29T07:00:09+00:00","dateModified":"2021-08-30T11:08:31+00:00","author":{"@id":"https:\/\/exaudi.org\/#\/schema\/person\/a258c56b05e63b2b367bdca29e0ed3e3"},"description":"Comentario sobre el Evangelio de hoy, 29 de agosto de 2021, XXII Domingo del Tiempo Ordinario: \u201cLlevad la Palabra a la pr\u00e1ctica\u201d","breadcrumb":{"@id":"https:\/\/exaudi.org\/es\/evangelio-29-agosto-llevad-palabra-practica\/#breadcrumb"},"inLanguage":"es","potentialAction":[{"@type":"ReadAction","target":["https:\/\/exaudi.org\/es\/evangelio-29-agosto-llevad-palabra-practica\/"]}]},{"@type":"ImageObject","inLanguage":"es","@id":"https:\/\/exaudi.org\/es\/evangelio-29-agosto-llevad-palabra-practica\/#primaryimage","url":"https:\/\/exaudi.org\/wp-content\/uploads\/2021\/08\/2v3-scaled.jpg","contentUrl":"https:\/\/exaudi.org\/wp-content\/uploads\/2021\/08\/2v3-scaled.jpg","width":2560,"height":1573,"caption":"Icono de Cristo Resucitado \u00a9 Cathopic"},{"@type":"BreadcrumbList","@id":"https:\/\/exaudi.org\/es\/evangelio-29-agosto-llevad-palabra-practica\/#breadcrumb","itemListElement":[{"@type":"ListItem","position":1,"name":"Portada","item":"https:\/\/exaudi.org\/es\/"},{"@type":"ListItem","position":2,"name":"Evangelio, 29 de agosto: \u201cLlevad la Palabra a la pr\u00e1ctica\u201d"}]},{"@type":"WebSite","@id":"https:\/\/exaudi.org\/#website","url":"https:\/\/exaudi.org\/","name":"Exaudi","description":"News","potentialAction":[{"@type":"SearchAction","target":{"@type":"EntryPoint","urlTemplate":"https:\/\/exaudi.org\/?s={search_term_string}"},"query-input":{"@type":"PropertyValueSpecification","valueRequired":true,"valueName":"search_term_string"}}],"inLanguage":"es"},{"@type":"Person","@id":"https:\/\/exaudi.org\/#\/schema\/person\/a258c56b05e63b2b367bdca29e0ed3e3","name":"Jorge Mir\u00f3","image":{"@type":"ImageObject","inLanguage":"es","@id":"https:\/\/secure.gravatar.com\/avatar\/f5ea26c436669b01b7b02124bf13596df002525d6f392707d301543be365bd44?s=96&d=mm&r=g","url":"https:\/\/secure.gravatar.com\/avatar\/f5ea26c436669b01b7b02124bf13596df002525d6f392707d301543be365bd44?s=96&d=mm&r=g","contentUrl":"https:\/\/secure.gravatar.com\/avatar\/f5ea26c436669b01b7b02124bf13596df002525d6f392707d301543be365bd44?s=96&d=mm&r=g","caption":"Jorge Mir\u00f3"},"description":"Sacerdote de la archidi\u00f3cesis de Valencia y profesor en la Facultad de Ciencias Jur\u00eddicas, Econ\u00f3micas y Sociales de la Universidad Cat\u00f3lica de Valencia","url":"https:\/\/exaudi.org\/es\/author\/jorgemiro\/"}]}},"jetpack_featured_media_url":"https:\/\/exaudi.org\/wp-content\/uploads\/2021\/08\/2v3-scaled.jpg","jetpack_shortlink":"https:\/\/wp.me\/pgKjF2-86A","_links":{"self":[{"href":"https:\/\/exaudi.org\/es\/wp-json\/wp\/v2\/posts\/31160","targetHints":{"allow":["GET"]}}],"collection":[{"href":"https:\/\/exaudi.org\/es\/wp-json\/wp\/v2\/posts"}],"about":[{"href":"https:\/\/exaudi.org\/es\/wp-json\/wp\/v2\/types\/post"}],"author":[{"embeddable":true,"href":"https:\/\/exaudi.org\/es\/wp-json\/wp\/v2\/users\/20"}],"replies":[{"embeddable":true,"href":"https:\/\/exaudi.org\/es\/wp-json\/wp\/v2\/comments?post=31160"}],"version-history":[{"count":0,"href":"https:\/\/exaudi.org\/es\/wp-json\/wp\/v2\/posts\/31160\/revisions"}],"wp:featuredmedia":[{"embeddable":true,"href":"https:\/\/exaudi.org\/es\/wp-json\/wp\/v2\/media\/31162"}],"wp:attachment":[{"href":"https:\/\/exaudi.org\/es\/wp-json\/wp\/v2\/media?parent=31160"}],"wp:term":[{"taxonomy":"category","embeddable":true,"href":"https:\/\/exaudi.org\/es\/wp-json\/wp\/v2\/categories?post=31160"},{"taxonomy":"post_tag","embeddable":true,"href":"https:\/\/exaudi.org\/es\/wp-json\/wp\/v2\/tags?post=31160"}],"curies":[{"name":"wp","href":"https:\/\/api.w.org\/{rel}","templated":true}]}}