{"id":31152,"date":"2021-08-27T13:41:24","date_gmt":"2021-08-27T11:41:24","guid":{"rendered":"https:\/\/exaudi.wpengine.com\/?p=31152"},"modified":"2021-08-30T08:32:31","modified_gmt":"2021-08-30T06:32:31","slug":"papa-recibe-nadia-murad-premio-nobel-paz","status":"publish","type":"post","link":"https:\/\/exaudi.org\/es\/papa-recibe-nadia-murad-premio-nobel-paz\/","title":{"rendered":"El Papa recibe a Murad, Nobel de la Paz"},"content":{"rendered":"<p>En la ma\u00f1ana de hoy, viernes 27 de agosto de 2021, el <a href=\"https:\/\/exaudi.wpengine.com\/es\/papa-politicos-catolicos-progreso-cientifico-moral\/\" target=\"_blank\" rel=\"noopener\">Papa Francisco<\/a> ha recibido en audiencia en el <a href=\"https:\/\/www.vatican.va\/content\/vatican\/es.html\" target=\"_blank\" rel=\"noopener\">Palacio Apost\u00f3lico Vaticano<\/a> a la iraqu\u00ed Nadia Murad, Premio Nobel de la Paz en el a\u00f1o 2018, que cuatro a\u00f1os antes fue hecha esclava por el Estado Isl\u00e1mico y sufri\u00f3 el asesinato de muchos de sus familiares.\u00a0En diciembre de 2018 se reuni\u00f3 con el Santo Padre, a quien regal\u00f3 su libro autobiogr\u00e1fico \u201cYo ser\u00e9 la \u00faltima\u201d.<\/p>\n<h4><strong>El Papa en Irak, signo de esperanza<\/strong><\/h4>\n<p>En esta entrevista con los medios de comunicaci\u00f3n del Vaticano, Nadia Murad habl\u00f3 de los frutos que tendr\u00eda la visita del Pont\u00edfice a Irak e hizo un llamamiento a la comunidad internacional para que trabajase por la liberaci\u00f3n de las numerosas mujeres yazid\u00edes que segu\u00edan en manos de los yihadistas.<\/p>\n<p>Asimismo, la joven iraqu\u00ed coment\u00f3 que \u201cla visita del Papa Francisco a Irak no solo es hist\u00f3rica en s\u00ed misma, sino que llega en un momento hist\u00f3rico para el pueblo iraqu\u00ed, que se est\u00e1 reconstruyendo tras el genocidio, la persecuci\u00f3n religiosa y d\u00e9cadas de conflicto. La visita del Papa ha iluminado el potencial de la paz y la libertad religiosa. Simboliz\u00f3 que todos los iraqu\u00edes, al margen de su fe, son igualmente merecedores de dignidad y de derechos humanos\u201d.<\/p>\n<p><img loading=\"lazy\" decoding=\"async\" class=\"alignleft size-medium wp-image-31156\" src=\"https:\/\/exaudi.wpengine.com\/wp-content\/uploads\/2021\/08\/vm260821111230_00717-300x200.jpg\" alt=\"Papa Nadia Murad Nobel Paz\" width=\"300\" height=\"200\" srcset=\"https:\/\/exaudi.org\/wp-content\/uploads\/2021\/08\/vm260821111230_00717-300x200.jpg 300w, https:\/\/exaudi.org\/wp-content\/uploads\/2021\/08\/vm260821111230_00717-1024x683.jpg 1024w, https:\/\/exaudi.org\/wp-content\/uploads\/2021\/08\/vm260821111230_00717-768x512.jpg 768w, https:\/\/exaudi.org\/wp-content\/uploads\/2021\/08\/vm260821111230_00717-1536x1024.jpg 1536w, https:\/\/exaudi.org\/wp-content\/uploads\/2021\/08\/vm260821111230_00717-2048x1366.jpg 2048w, https:\/\/exaudi.org\/wp-content\/uploads\/2021\/08\/vm260821111230_00717-150x100.jpg 150w, https:\/\/exaudi.org\/wp-content\/uploads\/2021\/08\/vm260821111230_00717-696x464.jpg 696w, https:\/\/exaudi.org\/wp-content\/uploads\/2021\/08\/vm260821111230_00717-1068x712.jpg 1068w, https:\/\/exaudi.org\/wp-content\/uploads\/2021\/08\/vm260821111230_00717-1920x1280.jpg 1920w, https:\/\/exaudi.org\/wp-content\/uploads\/2021\/08\/vm260821111230_00717-630x420.jpg 630w\" sizes=\"auto, (max-width: 300px) 100vw, 300px\" \/><\/p>\n<p>Tambi\u00e9n relat\u00f3 c\u00f3mo, en su audiencia con Francisco en 2018, debatieron \u201cen profundidad sobre la experiencia de genocidio de la comunidad yazid\u00ed, en particular la violencia que soportan las mujeres y los ni\u00f1os\u201d. Al respecto, mostr\u00f3 su alegr\u00eda porque su \u201chistoria se haya quedado con \u00e9l y que se sintiera llamado a llevar este mensaje a Irak\u201d. Su defensa de la causa yazid\u00ed, a\u00f1adi\u00f3, \u201ces un ejemplo para que otros l\u00edderes religiosos de la regi\u00f3n ampl\u00eden el mensaje de tolerancia hacia minor\u00edas religiosas como los yazid\u00edes\u201d.<\/p>\n<h4><strong>Nadia Murad<\/strong><\/h4>\n<p>Tal y como describe la web de la Enciclopedia Brit\u00e1nica, Nadia Murad, de nombre art\u00edstico Nadia Murad Basee Taha naci\u00f3 en 1993 en Kawj\u016b (Kocho), Irak. Es activista de derechos humanos que fue secuestrada por el Estado Isl\u00e1mico en el pa\u00eds en agosto de 2014 y vendida como esclava sexual. Escap\u00f3 tres meses despu\u00e9s, y tras este suceso comenz\u00f3 a hablar sobre la trata de personas y la violencia sexual, especialmente en lo que respecta a las mujeres yazid\u00edes.<\/p>\n<p>Murad tambi\u00e9n habl\u00f3 de los malos tratos a la comunidad yazid\u00ed en general. En 2016 fue nombrada embajadora de buena voluntad de las Naciones Unidas para la dignidad de las supervivientes de la trata de personas y recibi\u00f3 varios reconocimientos. En 2018 fue copart\u00edcipe, junto al m\u00e9dico congole\u00f1o Denis Mukwege, del Premio Nobel de la Paz.<\/p>\n","protected":false},"excerpt":{"rendered":"<p>Esclava del Estado Isl\u00e1mico en 2014<\/p>\n","protected":false},"author":6,"featured_media":31153,"comment_status":"closed","ping_status":"closed","sticky":false,"template":"","format":"standard","meta":{"_acf_changed":false,"_crdt_document":"","inline_featured_image":false,"footnotes":""},"categories":[68,298],"tags":[168,3852,158,3851],"class_list":["post-31152","post","type-post","status-publish","format-standard","has-post-thumbnail","hentry","category-leon-xiv","category-ultimas-noticias","tag-audiencia","tag-nadia-murad","tag-papa-francisco","tag-premio-nobel-de-la-paz"],"acf":[],"yoast_head":"<!-- This site is optimized with the Yoast SEO plugin v27.4 - https:\/\/yoast.com\/product\/yoast-seo-wordpress\/ -->\n<title>El Papa recibe a Murad, Nobel de la Paz - Exaudi<\/title>\n<meta name=\"description\" content=\"Esta ma\u00f1ana, el Papa ha recibido a la iraqu\u00ed Nadia Murad, Premio Nobel de la Paz en el a\u00f1o 2018, que fue esclava por el Estado Isl\u00e1mico.\" \/>\n<meta name=\"robots\" content=\"index, follow, max-snippet:-1, max-image-preview:large, max-video-preview:-1\" \/>\n<link rel=\"canonical\" href=\"https:\/\/exaudi.org\/es\/papa-recibe-nadia-murad-premio-nobel-paz\/\" \/>\n<meta property=\"og:locale\" content=\"es_ES\" \/>\n<meta property=\"og:type\" content=\"article\" \/>\n<meta property=\"og:title\" content=\"El Papa recibe a Murad, Nobel de la Paz - Exaudi\" \/>\n<meta property=\"og:description\" content=\"Esta ma\u00f1ana, el Papa ha recibido a la iraqu\u00ed Nadia Murad, Premio Nobel de la Paz en el a\u00f1o 2018, que fue esclava por el Estado Isl\u00e1mico.\" \/>\n<meta property=\"og:url\" content=\"https:\/\/exaudi.org\/es\/papa-recibe-nadia-murad-premio-nobel-paz\/\" \/>\n<meta property=\"og:site_name\" content=\"Exaudi\" \/>\n<meta property=\"article:publisher\" content=\"https:\/\/www.facebook.com\/ExaudiNews\" \/>\n<meta property=\"article:published_time\" content=\"2021-08-27T11:41:24+00:00\" \/>\n<meta property=\"article:modified_time\" content=\"2021-08-30T06:32:31+00:00\" \/>\n<meta property=\"og:image\" content=\"https:\/\/exaudi.org\/wp-content\/uploads\/2021\/08\/lnp88-scaled.jpg\" \/>\n\t<meta property=\"og:image:width\" content=\"2560\" \/>\n\t<meta property=\"og:image:height\" content=\"1707\" \/>\n\t<meta property=\"og:image:type\" content=\"image\/jpeg\" \/>\n<meta name=\"author\" content=\"Gabriel Sales\" \/>\n<meta name=\"twitter:card\" content=\"summary_large_image\" \/>\n<meta name=\"twitter:creator\" content=\"@habemusman\" \/>\n<meta name=\"twitter:site\" content=\"@Exaudi_News\" \/>\n<meta name=\"twitter:label1\" content=\"Escrito por\" \/>\n\t<meta name=\"twitter:data1\" content=\"Gabriel Sales\" \/>\n\t<meta name=\"twitter:label2\" content=\"Tiempo de lectura\" \/>\n\t<meta name=\"twitter:data2\" content=\"3 minutos\" \/>\n<script type=\"application\/ld+json\" class=\"yoast-schema-graph\">{\"@context\":\"https:\\\/\\\/schema.org\",\"@graph\":[{\"@type\":\"Article\",\"@id\":\"https:\\\/\\\/exaudi.org\\\/es\\\/papa-recibe-nadia-murad-premio-nobel-paz\\\/#article\",\"isPartOf\":{\"@id\":\"https:\\\/\\\/exaudi.org\\\/es\\\/papa-recibe-nadia-murad-premio-nobel-paz\\\/\"},\"author\":{\"name\":\"Gabriel Sales\",\"@id\":\"https:\\\/\\\/exaudi.org\\\/#\\\/schema\\\/person\\\/d134b96438278131ce90c90c03fda6cd\"},\"headline\":\"El Papa recibe a Murad, Nobel de la Paz\",\"datePublished\":\"2021-08-27T11:41:24+00:00\",\"dateModified\":\"2021-08-30T06:32:31+00:00\",\"mainEntityOfPage\":{\"@id\":\"https:\\\/\\\/exaudi.org\\\/es\\\/papa-recibe-nadia-murad-premio-nobel-paz\\\/\"},\"wordCount\":473,\"image\":{\"@id\":\"https:\\\/\\\/exaudi.org\\\/es\\\/papa-recibe-nadia-murad-premio-nobel-paz\\\/#primaryimage\"},\"thumbnailUrl\":\"https:\\\/\\\/exaudi.org\\\/wp-content\\\/uploads\\\/2021\\\/08\\\/lnp88-scaled.jpg\",\"keywords\":[\"audiencia\",\"Nadia Murad\",\"papa francisco\",\"Premio Nobel de la Paz\"],\"articleSection\":[\"Le\u00f3n XIV\",\"\u00daltimas noticias\"],\"inLanguage\":\"es\"},{\"@type\":\"WebPage\",\"@id\":\"https:\\\/\\\/exaudi.org\\\/es\\\/papa-recibe-nadia-murad-premio-nobel-paz\\\/\",\"url\":\"https:\\\/\\\/exaudi.org\\\/es\\\/papa-recibe-nadia-murad-premio-nobel-paz\\\/\",\"name\":\"El Papa recibe a Murad, Nobel de la Paz - Exaudi\",\"isPartOf\":{\"@id\":\"https:\\\/\\\/exaudi.org\\\/#website\"},\"primaryImageOfPage\":{\"@id\":\"https:\\\/\\\/exaudi.org\\\/es\\\/papa-recibe-nadia-murad-premio-nobel-paz\\\/#primaryimage\"},\"image\":{\"@id\":\"https:\\\/\\\/exaudi.org\\\/es\\\/papa-recibe-nadia-murad-premio-nobel-paz\\\/#primaryimage\"},\"thumbnailUrl\":\"https:\\\/\\\/exaudi.org\\\/wp-content\\\/uploads\\\/2021\\\/08\\\/lnp88-scaled.jpg\",\"datePublished\":\"2021-08-27T11:41:24+00:00\",\"dateModified\":\"2021-08-30T06:32:31+00:00\",\"author\":{\"@id\":\"https:\\\/\\\/exaudi.org\\\/#\\\/schema\\\/person\\\/d134b96438278131ce90c90c03fda6cd\"},\"description\":\"Esta ma\u00f1ana, el Papa ha recibido a la iraqu\u00ed Nadia Murad, Premio Nobel de la Paz en el a\u00f1o 2018, que fue esclava por el Estado Isl\u00e1mico.\",\"breadcrumb\":{\"@id\":\"https:\\\/\\\/exaudi.org\\\/es\\\/papa-recibe-nadia-murad-premio-nobel-paz\\\/#breadcrumb\"},\"inLanguage\":\"es\",\"potentialAction\":[{\"@type\":\"ReadAction\",\"target\":[\"https:\\\/\\\/exaudi.org\\\/es\\\/papa-recibe-nadia-murad-premio-nobel-paz\\\/\"]}]},{\"@type\":\"ImageObject\",\"inLanguage\":\"es\",\"@id\":\"https:\\\/\\\/exaudi.org\\\/es\\\/papa-recibe-nadia-murad-premio-nobel-paz\\\/#primaryimage\",\"url\":\"https:\\\/\\\/exaudi.org\\\/wp-content\\\/uploads\\\/2021\\\/08\\\/lnp88-scaled.jpg\",\"contentUrl\":\"https:\\\/\\\/exaudi.org\\\/wp-content\\\/uploads\\\/2021\\\/08\\\/lnp88-scaled.jpg\",\"width\":2560,\"height\":1707,\"caption\":\"El Papa con Nadia Murad en 2021 \u00a9 Vatican Media\"},{\"@type\":\"BreadcrumbList\",\"@id\":\"https:\\\/\\\/exaudi.org\\\/es\\\/papa-recibe-nadia-murad-premio-nobel-paz\\\/#breadcrumb\",\"itemListElement\":[{\"@type\":\"ListItem\",\"position\":1,\"name\":\"Portada\",\"item\":\"https:\\\/\\\/exaudi.org\\\/es\\\/\"},{\"@type\":\"ListItem\",\"position\":2,\"name\":\"El Papa recibe a Murad, Nobel de la Paz\"}]},{\"@type\":\"WebSite\",\"@id\":\"https:\\\/\\\/exaudi.org\\\/#website\",\"url\":\"https:\\\/\\\/exaudi.org\\\/\",\"name\":\"Exaudi\",\"description\":\"News\",\"potentialAction\":[{\"@type\":\"SearchAction\",\"target\":{\"@type\":\"EntryPoint\",\"urlTemplate\":\"https:\\\/\\\/exaudi.org\\\/?s={search_term_string}\"},\"query-input\":{\"@type\":\"PropertyValueSpecification\",\"valueRequired\":true,\"valueName\":\"search_term_string\"}}],\"inLanguage\":\"es\"},{\"@type\":\"Person\",\"@id\":\"https:\\\/\\\/exaudi.org\\\/#\\\/schema\\\/person\\\/d134b96438278131ce90c90c03fda6cd\",\"name\":\"Gabriel Sales\",\"image\":{\"@type\":\"ImageObject\",\"inLanguage\":\"es\",\"@id\":\"https:\\\/\\\/secure.gravatar.com\\\/avatar\\\/9b1269566f6a063ed26ffb3532b66a373cdde231ce5d0effb266167437fdaffd?s=96&d=mm&r=g\",\"url\":\"https:\\\/\\\/secure.gravatar.com\\\/avatar\\\/9b1269566f6a063ed26ffb3532b66a373cdde231ce5d0effb266167437fdaffd?s=96&d=mm&r=g\",\"contentUrl\":\"https:\\\/\\\/secure.gravatar.com\\\/avatar\\\/9b1269566f6a063ed26ffb3532b66a373cdde231ce5d0effb266167437fdaffd?s=96&d=mm&r=g\",\"caption\":\"Gabriel Sales\"},\"description\":\"Periodista y especialista en Comunicaci\u00f3n y Branding digital. Cin\u00e9filo y cr\u00edtico de cine y series de televisi\u00f3n.\",\"sameAs\":[\"https:\\\/\\\/www.instagram.com\\\/cine90segundos\\\/\",\"www.linkedin.com\\\/in\\\/habemusman\",\"https:\\\/\\\/x.com\\\/habemusman\",\"https:\\\/\\\/www.youtube.com\\\/channel\\\/UCVfCiOMkJ_C7T7OpyjuaLDg\"],\"url\":\"https:\\\/\\\/exaudi.org\\\/es\\\/author\\\/gsalesexaudi-org\\\/\"}]}<\/script>\n<!-- \/ Yoast SEO plugin. -->","yoast_head_json":{"title":"El Papa recibe a Murad, Nobel de la Paz - Exaudi","description":"Esta ma\u00f1ana, el Papa ha recibido a la iraqu\u00ed Nadia Murad, Premio Nobel de la Paz en el a\u00f1o 2018, que fue esclava por el Estado Isl\u00e1mico.","robots":{"index":"index","follow":"follow","max-snippet":"max-snippet:-1","max-image-preview":"max-image-preview:large","max-video-preview":"max-video-preview:-1"},"canonical":"https:\/\/exaudi.org\/es\/papa-recibe-nadia-murad-premio-nobel-paz\/","og_locale":"es_ES","og_type":"article","og_title":"El Papa recibe a Murad, Nobel de la Paz - Exaudi","og_description":"Esta ma\u00f1ana, el Papa ha recibido a la iraqu\u00ed Nadia Murad, Premio Nobel de la Paz en el a\u00f1o 2018, que fue esclava por el Estado Isl\u00e1mico.","og_url":"https:\/\/exaudi.org\/es\/papa-recibe-nadia-murad-premio-nobel-paz\/","og_site_name":"Exaudi","article_publisher":"https:\/\/www.facebook.com\/ExaudiNews","article_published_time":"2021-08-27T11:41:24+00:00","article_modified_time":"2021-08-30T06:32:31+00:00","og_image":[{"width":2560,"height":1707,"url":"https:\/\/exaudi.org\/wp-content\/uploads\/2021\/08\/lnp88-scaled.jpg","type":"image\/jpeg"}],"author":"Gabriel Sales","twitter_card":"summary_large_image","twitter_creator":"@habemusman","twitter_site":"@Exaudi_News","twitter_misc":{"Escrito por":"Gabriel Sales","Tiempo de lectura":"3 minutos"},"schema":{"@context":"https:\/\/schema.org","@graph":[{"@type":"Article","@id":"https:\/\/exaudi.org\/es\/papa-recibe-nadia-murad-premio-nobel-paz\/#article","isPartOf":{"@id":"https:\/\/exaudi.org\/es\/papa-recibe-nadia-murad-premio-nobel-paz\/"},"author":{"name":"Gabriel Sales","@id":"https:\/\/exaudi.org\/#\/schema\/person\/d134b96438278131ce90c90c03fda6cd"},"headline":"El Papa recibe a Murad, Nobel de la Paz","datePublished":"2021-08-27T11:41:24+00:00","dateModified":"2021-08-30T06:32:31+00:00","mainEntityOfPage":{"@id":"https:\/\/exaudi.org\/es\/papa-recibe-nadia-murad-premio-nobel-paz\/"},"wordCount":473,"image":{"@id":"https:\/\/exaudi.org\/es\/papa-recibe-nadia-murad-premio-nobel-paz\/#primaryimage"},"thumbnailUrl":"https:\/\/exaudi.org\/wp-content\/uploads\/2021\/08\/lnp88-scaled.jpg","keywords":["audiencia","Nadia Murad","papa francisco","Premio Nobel de la Paz"],"articleSection":["Le\u00f3n XIV","\u00daltimas noticias"],"inLanguage":"es"},{"@type":"WebPage","@id":"https:\/\/exaudi.org\/es\/papa-recibe-nadia-murad-premio-nobel-paz\/","url":"https:\/\/exaudi.org\/es\/papa-recibe-nadia-murad-premio-nobel-paz\/","name":"El Papa recibe a Murad, Nobel de la Paz - Exaudi","isPartOf":{"@id":"https:\/\/exaudi.org\/#website"},"primaryImageOfPage":{"@id":"https:\/\/exaudi.org\/es\/papa-recibe-nadia-murad-premio-nobel-paz\/#primaryimage"},"image":{"@id":"https:\/\/exaudi.org\/es\/papa-recibe-nadia-murad-premio-nobel-paz\/#primaryimage"},"thumbnailUrl":"https:\/\/exaudi.org\/wp-content\/uploads\/2021\/08\/lnp88-scaled.jpg","datePublished":"2021-08-27T11:41:24+00:00","dateModified":"2021-08-30T06:32:31+00:00","author":{"@id":"https:\/\/exaudi.org\/#\/schema\/person\/d134b96438278131ce90c90c03fda6cd"},"description":"Esta ma\u00f1ana, el Papa ha recibido a la iraqu\u00ed Nadia Murad, Premio Nobel de la Paz en el a\u00f1o 2018, que fue esclava por el Estado Isl\u00e1mico.","breadcrumb":{"@id":"https:\/\/exaudi.org\/es\/papa-recibe-nadia-murad-premio-nobel-paz\/#breadcrumb"},"inLanguage":"es","potentialAction":[{"@type":"ReadAction","target":["https:\/\/exaudi.org\/es\/papa-recibe-nadia-murad-premio-nobel-paz\/"]}]},{"@type":"ImageObject","inLanguage":"es","@id":"https:\/\/exaudi.org\/es\/papa-recibe-nadia-murad-premio-nobel-paz\/#primaryimage","url":"https:\/\/exaudi.org\/wp-content\/uploads\/2021\/08\/lnp88-scaled.jpg","contentUrl":"https:\/\/exaudi.org\/wp-content\/uploads\/2021\/08\/lnp88-scaled.jpg","width":2560,"height":1707,"caption":"El Papa con Nadia Murad en 2021 \u00a9 Vatican Media"},{"@type":"BreadcrumbList","@id":"https:\/\/exaudi.org\/es\/papa-recibe-nadia-murad-premio-nobel-paz\/#breadcrumb","itemListElement":[{"@type":"ListItem","position":1,"name":"Portada","item":"https:\/\/exaudi.org\/es\/"},{"@type":"ListItem","position":2,"name":"El Papa recibe a Murad, Nobel de la Paz"}]},{"@type":"WebSite","@id":"https:\/\/exaudi.org\/#website","url":"https:\/\/exaudi.org\/","name":"Exaudi","description":"News","potentialAction":[{"@type":"SearchAction","target":{"@type":"EntryPoint","urlTemplate":"https:\/\/exaudi.org\/?s={search_term_string}"},"query-input":{"@type":"PropertyValueSpecification","valueRequired":true,"valueName":"search_term_string"}}],"inLanguage":"es"},{"@type":"Person","@id":"https:\/\/exaudi.org\/#\/schema\/person\/d134b96438278131ce90c90c03fda6cd","name":"Gabriel Sales","image":{"@type":"ImageObject","inLanguage":"es","@id":"https:\/\/secure.gravatar.com\/avatar\/9b1269566f6a063ed26ffb3532b66a373cdde231ce5d0effb266167437fdaffd?s=96&d=mm&r=g","url":"https:\/\/secure.gravatar.com\/avatar\/9b1269566f6a063ed26ffb3532b66a373cdde231ce5d0effb266167437fdaffd?s=96&d=mm&r=g","contentUrl":"https:\/\/secure.gravatar.com\/avatar\/9b1269566f6a063ed26ffb3532b66a373cdde231ce5d0effb266167437fdaffd?s=96&d=mm&r=g","caption":"Gabriel Sales"},"description":"Periodista y especialista en Comunicaci\u00f3n y Branding digital. Cin\u00e9filo y cr\u00edtico de cine y series de televisi\u00f3n.","sameAs":["https:\/\/www.instagram.com\/cine90segundos\/","www.linkedin.com\/in\/habemusman","https:\/\/x.com\/habemusman","https:\/\/www.youtube.com\/channel\/UCVfCiOMkJ_C7T7OpyjuaLDg"],"url":"https:\/\/exaudi.org\/es\/author\/gsalesexaudi-org\/"}]}},"jetpack_featured_media_url":"https:\/\/exaudi.org\/wp-content\/uploads\/2021\/08\/lnp88-scaled.jpg","jetpack_shortlink":"https:\/\/wp.me\/pgKjF2-86s","_links":{"self":[{"href":"https:\/\/exaudi.org\/es\/wp-json\/wp\/v2\/posts\/31152","targetHints":{"allow":["GET"]}}],"collection":[{"href":"https:\/\/exaudi.org\/es\/wp-json\/wp\/v2\/posts"}],"about":[{"href":"https:\/\/exaudi.org\/es\/wp-json\/wp\/v2\/types\/post"}],"author":[{"embeddable":true,"href":"https:\/\/exaudi.org\/es\/wp-json\/wp\/v2\/users\/6"}],"replies":[{"embeddable":true,"href":"https:\/\/exaudi.org\/es\/wp-json\/wp\/v2\/comments?post=31152"}],"version-history":[{"count":0,"href":"https:\/\/exaudi.org\/es\/wp-json\/wp\/v2\/posts\/31152\/revisions"}],"wp:featuredmedia":[{"embeddable":true,"href":"https:\/\/exaudi.org\/es\/wp-json\/wp\/v2\/media\/31153"}],"wp:attachment":[{"href":"https:\/\/exaudi.org\/es\/wp-json\/wp\/v2\/media?parent=31152"}],"wp:term":[{"taxonomy":"category","embeddable":true,"href":"https:\/\/exaudi.org\/es\/wp-json\/wp\/v2\/categories?post=31152"},{"taxonomy":"post_tag","embeddable":true,"href":"https:\/\/exaudi.org\/es\/wp-json\/wp\/v2\/tags?post=31152"}],"curies":[{"name":"wp","href":"https:\/\/api.w.org\/{rel}","templated":true}]}}