{"id":31109,"date":"2021-08-27T11:55:25","date_gmt":"2021-08-27T09:55:25","guid":{"rendered":"https:\/\/exaudi.wpengine.com\/?p=31109"},"modified":"2021-08-30T08:31:04","modified_gmt":"2021-08-30T06:31:04","slug":"papa-politicos-catolicos-progreso-cientifico-moral","status":"publish","type":"post","link":"https:\/\/exaudi.org\/es\/papa-politicos-catolicos-progreso-cientifico-moral\/","title":{"rendered":"Papa a pol\u00edticos cat\u00f3licos: Por un progreso cient\u00edfico moral"},"content":{"rendered":"<p>En la ma\u00f1ana de hoy, viernes 27 de agosto de 2021, el Papa Francisco ha recibido en audiencia en el Palacio Apost\u00f3lico Vaticano a los participantes del encuentro de la <a href=\"https:\/\/icln.at\/\" target=\"_blank\" rel=\"noopener\">Red Internacional de Legisladores Cat\u00f3licos<\/a> (ICLN). En su discurso, el Santo Padre ha animado a los pol\u00edticos cat\u00f3licos a asumir una \u201ctarea de una seria y exhaustiva moral sobre los riesgos y las oportunidades inherentes al progreso cient\u00edfico y tecnol\u00f3gico\u201d para que sirva al <a href=\"https:\/\/exaudi.wpengine.com\/es\/dicasterio-desarrollo-humano-sor-smerilli-secretaria-interina\/\" target=\"_blank\" rel=\"noopener\">desarrollo humano integral<\/a> y la paz.<\/p>\n<p>Al comienzo de sus palabras, el Pont\u00edfice ha recalcado que todav\u00eda queda trabajo por hacer en favor de la vacunaci\u00f3n eficaz contra la COVID-19. En este sentido, ha mostrado el papel crucial de los parlamentarios, \u201cno s\u00f3lo para derrotar al virus, ni siquiera para volver al <em>statu quo<\/em> anterior a la pandemia, sino para abordar las causas profundas que la crisis ha revelado y amplificado: La pobreza, la desigualdad social, el desempleo generalizado y la falta de acceso a la educaci\u00f3n\u201d.<\/p>\n<h4><strong>Tecnolog\u00eda para el bien com\u00fan<\/strong><\/h4>\n<p><img loading=\"lazy\" decoding=\"async\" class=\"alignleft size-medium wp-image-31132\" src=\"https:\/\/exaudi.wpengine.com\/wp-content\/uploads\/2021\/08\/DSC7644_050421-0000-300x200.jpg\" alt=\"Papa pol\u00edticos progreso moral\" width=\"300\" height=\"200\" srcset=\"https:\/\/exaudi.org\/wp-content\/uploads\/2021\/08\/DSC7644_050421-0000-300x200.jpg 300w, https:\/\/exaudi.org\/wp-content\/uploads\/2021\/08\/DSC7644_050421-0000-1024x682.jpg 1024w, https:\/\/exaudi.org\/wp-content\/uploads\/2021\/08\/DSC7644_050421-0000-768x512.jpg 768w, https:\/\/exaudi.org\/wp-content\/uploads\/2021\/08\/DSC7644_050421-0000-1536x1023.jpg 1536w, https:\/\/exaudi.org\/wp-content\/uploads\/2021\/08\/DSC7644_050421-0000-2048x1364.jpg 2048w, https:\/\/exaudi.org\/wp-content\/uploads\/2021\/08\/DSC7644_050421-0000-150x100.jpg 150w, https:\/\/exaudi.org\/wp-content\/uploads\/2021\/08\/DSC7644_050421-0000-696x464.jpg 696w, https:\/\/exaudi.org\/wp-content\/uploads\/2021\/08\/DSC7644_050421-0000-1068x712.jpg 1068w, https:\/\/exaudi.org\/wp-content\/uploads\/2021\/08\/DSC7644_050421-0000-1920x1279.jpg 1920w, https:\/\/exaudi.org\/wp-content\/uploads\/2021\/08\/DSC7644_050421-0000-630x420.jpg 630w\" sizes=\"auto, (max-width: 300px) 100vw, 300px\" \/>En nuestra \u00e9poca, afirma el Papa, \u201cuno de los mayores retos en el horizonte es la administraci\u00f3n de la tecnolog\u00eda para el bien com\u00fan. Las maravillas de la ciencia y la tecnolog\u00eda moderna han aumentado nuestra calidad de vida\u201d. Sin embargo, contin\u00faa, \u201cabandonados a su suerte y a las fuerzas del mercado, sin las debidas asambleas legislativas y otras autoridades p\u00fablicas guiadas por un sentido de responsabilidad social, estas innovaciones pueden amenazar la dignidad del ser humano\u201d.<\/p>\n<p>Y pone de ejemplos \u201cla lacra de la pornograf\u00eda infantil, la explotaci\u00f3n de datos personales, los ataques a infraestructuras cr\u00edticas como hospitales, y falsedades difundidas a trav\u00e9s de las redes sociales\u201d. A la legislaci\u00f3n, a\u00f1ade, \u201cpuede y debe guiar el desarrollo y la aplicaci\u00f3n de la tecnolog\u00eda para el bien com\u00fan\u201d.<\/p>\n<p>A modo de conclusi\u00f3n, Francisco se\u00f1ala que, \u201cpara sanar el mundo, que ha sido duramente probado por la pandemia, y para construir un futuro m\u00e1s inclusivo y sostenible donde en el que la tecnolog\u00eda est\u00e9 al servicio de las necesidades humanas y no nos a\u00edsle de los dem\u00e1s, es necesario no s\u00f3lo ciudadanos responsables, sino tambi\u00e9n l\u00edderes preparados y motivados por el principio del bien com\u00fan\u201d.<\/p>\n<p>A continuaci\u00f3n, sigue el texto completo de la catequesis del Obispo de Roma.<\/p>\n<p>***<\/p>\n<h4><strong>Discurso del Papa<\/strong><\/h4>\n<p><img loading=\"lazy\" decoding=\"async\" class=\"alignright size-medium wp-image-31138\" src=\"https:\/\/exaudi.wpengine.com\/wp-content\/uploads\/2021\/08\/MTC0121_050421--300x200.jpg\" alt=\"\" width=\"300\" height=\"200\" srcset=\"https:\/\/exaudi.org\/wp-content\/uploads\/2021\/08\/MTC0121_050421--300x200.jpg 300w, https:\/\/exaudi.org\/wp-content\/uploads\/2021\/08\/MTC0121_050421--1024x683.jpg 1024w, https:\/\/exaudi.org\/wp-content\/uploads\/2021\/08\/MTC0121_050421--768x512.jpg 768w, https:\/\/exaudi.org\/wp-content\/uploads\/2021\/08\/MTC0121_050421--1536x1024.jpg 1536w, https:\/\/exaudi.org\/wp-content\/uploads\/2021\/08\/MTC0121_050421--2048x1365.jpg 2048w, https:\/\/exaudi.org\/wp-content\/uploads\/2021\/08\/MTC0121_050421--150x100.jpg 150w, https:\/\/exaudi.org\/wp-content\/uploads\/2021\/08\/MTC0121_050421--696x464.jpg 696w, https:\/\/exaudi.org\/wp-content\/uploads\/2021\/08\/MTC0121_050421--1068x712.jpg 1068w, https:\/\/exaudi.org\/wp-content\/uploads\/2021\/08\/MTC0121_050421--1920x1280.jpg 1920w, https:\/\/exaudi.org\/wp-content\/uploads\/2021\/08\/MTC0121_050421--630x420.jpg 630w\" sizes=\"auto, (max-width: 300px) 100vw, 300px\" \/><\/p>\n<p>\u00a1Se\u00f1oras y se\u00f1ores!<\/p>\n<p>Estoy encantado de reunirme de nuevo con ustedes, parlamentarios de diferentes pa\u00edses, en este momento cr\u00edtico de la historia. Agradezco al cardenal Sch\u00f6nborn y al Sr. Alting von Geusau sus palabras de saludo y presentaci\u00f3n. Y me regocijo en la presencia de Su Santidad Ignacio Aphrem II, patriarca de la Iglesia Ortodoxa Siria.<\/p>\n<p>Desde el inicio de la Red Internacional de Legisladores Cat\u00f3licos en 2010, ustedes han acompa\u00f1ado, apoyaron y promovieron la labor de la Santa Sede como testigos del Evangelio al servicio de vuestros pa\u00edses y de la Comunidad Internacional en su conjunto. Estoy agradecido por su amor a la Iglesia y la colaboraci\u00f3n con su misi\u00f3n.<\/p>\n<p>Nuestra reuni\u00f3n de hoy tiene lugar en un momento muy dif\u00edcil. La pandemia de COVID-19 hace estragos. No cabe duda de que hemos visto avances significativos en la creaci\u00f3n y distribuci\u00f3n de vacunas eficaces, pero a\u00fan queda mucho trabajo por hacer. Ya se han producido m\u00e1s de doscientos millones de casos confirmados y cuatro millones de muertes por esta terrible plaga, que tambi\u00e9n ha causado tanta ruina econ\u00f3mica y social.<\/p>\n<p>Por lo tanto, su papel como parlamentarios es m\u00e1s importante que nunca. Nombrados para servir al bien com\u00fan, ahora est\u00e1is llamados a trabajar juntos, a trav\u00e9s de su acci\u00f3n pol\u00edtica, para renovar sus comunidades y la sociedad en su conjunto. No s\u00f3lo para derrotar al virus, ni siquiera para volver al <em>statu quo<\/em> anterior a la pandemia, sino para abordar las causas profundas que la crisis ha revelado y amplificado: La pobreza, la desigualdad social, el desempleo generalizado y la falta de acceso a la educaci\u00f3n.<\/p>\n<p><img loading=\"lazy\" decoding=\"async\" class=\"alignleft size-medium wp-image-31142\" src=\"https:\/\/exaudi.wpengine.com\/wp-content\/uploads\/2021\/08\/DSC7436_050421-0001-300x200.jpg\" alt=\"Papa pol\u00edticos progreso moral\" width=\"300\" height=\"200\" srcset=\"https:\/\/exaudi.org\/wp-content\/uploads\/2021\/08\/DSC7436_050421-0001-300x200.jpg 300w, https:\/\/exaudi.org\/wp-content\/uploads\/2021\/08\/DSC7436_050421-0001-1024x683.jpg 1024w, https:\/\/exaudi.org\/wp-content\/uploads\/2021\/08\/DSC7436_050421-0001-768x512.jpg 768w, https:\/\/exaudi.org\/wp-content\/uploads\/2021\/08\/DSC7436_050421-0001-1536x1024.jpg 1536w, https:\/\/exaudi.org\/wp-content\/uploads\/2021\/08\/DSC7436_050421-0001-2048x1365.jpg 2048w, https:\/\/exaudi.org\/wp-content\/uploads\/2021\/08\/DSC7436_050421-0001-150x100.jpg 150w, https:\/\/exaudi.org\/wp-content\/uploads\/2021\/08\/DSC7436_050421-0001-696x464.jpg 696w, https:\/\/exaudi.org\/wp-content\/uploads\/2021\/08\/DSC7436_050421-0001-1068x712.jpg 1068w, https:\/\/exaudi.org\/wp-content\/uploads\/2021\/08\/DSC7436_050421-0001-1920x1280.jpg 1920w, https:\/\/exaudi.org\/wp-content\/uploads\/2021\/08\/DSC7436_050421-0001-630x420.jpg 630w\" sizes=\"auto, (max-width: 300px) 100vw, 300px\" \/><\/p>\n<p>En una \u00e9poca de des\u00f3rdenes y polarizaci\u00f3n pol\u00edtica, los parlamentarios y pol\u00edticos en general no siempre gozan de gran estima. Esto no es nada nuevo. Sin embargo, \u00bfqu\u00e9 vocaci\u00f3n m\u00e1s alta hay que servir al bien com\u00fan y priorizar el bienestar de todos, antes que el beneficio personal? Este debe ser siempre su objetivo, porque la buena pol\u00edtica es indispensable para la fraternidad universal y la paz social (cf. Enc\u00edclica <em>Fratelli tutti<\/em>, 176). En nuestra \u00e9poca, en particular, uno de los mayores retos en el horizonte es la administraci\u00f3n de la tecnolog\u00eda para el bien com\u00fan. Las maravillas de la ciencia y la tecnolog\u00eda moderna han aumentado nuestra calidad de vida. \u201cEs justo alegrarse por estos avances y estar entusiasmo por las enormes posibilidades que nos abren estas continuas innovaciones, ya que la ciencia y la tecnolog\u00eda son un maravilloso producto de la creatividad humana que es un don de Dios\u201d (<em>Laudato si&#8217;<\/em>, 102). Sin embargo, abandonados a su suerte y a las fuerzas del mercado, sin las debidas asambleas legislativas y otras autoridades p\u00fablicas guiadas por un sentido de responsabilidad social, estas innovaciones pueden amenazar la dignidad del ser humano. No se trata de frenar el progreso tecnol\u00f3gico. Sin embargo, los instrumentos de la pol\u00edtica y la reglamentaci\u00f3n permiten a los parlamentarios proteger la dignidad humana cuando se ve amenazada. Pienso, por ejemplo, en la lacra de la pornograf\u00eda infantil, la explotaci\u00f3n de datos personales, los ataques a infraestructuras cr\u00edticas como hospitales, y falsedades difundidas a trav\u00e9s de las redes sociales. A la legislaci\u00f3n puede y debe guiar el desarrollo y la aplicaci\u00f3n de la tecnolog\u00eda para el bien com\u00fan. Por lo tanto, les animo encarecidamente a que asuman la tarea de una seria y exhaustiva reflexi\u00f3n moral sobre los riesgos y las oportunidades inherentes al progreso cient\u00edfico y tecnol\u00f3gico para que las normas internacionales que las rigen pueden centrarse en promover el desarrollo humano integral y la paz, m\u00e1s que en el progreso por s\u00ed mismo.<\/p>\n<p>Los parlamentarios reflejan naturalmente los puntos fuertes y d\u00e9biles de sus representados, cada uno con sus propias especificidades para ponerlas al servicio de todos. El compromiso de los ciudadanos en los distintos \u00e1mbitos de la participaci\u00f3n social, civil y pol\u00edtica es esencial. Todos estamos llamados a promover el esp\u00edritu de solidaridad, empezando por las necesidades de los m\u00e1s d\u00e9biles y desfavorecidos. Sin embargo, para sanar el mundo, que ha sido duramente probado por la pandemia, y para construir un futuro m\u00e1s inclusivo y sostenible donde en el que la tecnolog\u00eda est\u00e9 al servicio de las necesidades humanas y no nos a\u00edsle de los dem\u00e1s, es necesario no s\u00f3lo ciudadanos responsables, sino tambi\u00e9n l\u00edderes preparados y motivados por el principio del bien com\u00fan.<\/p>\n<p>Queridos amigos, que el Se\u00f1or les conceda ser la levadura de una regeneraci\u00f3n de la mente, del coraz\u00f3n y del esp\u00edritu, testigos del amor pol\u00edtico por los m\u00e1s vulnerables, para que, sirvi\u00e9ndoles a ellos, le sirv\u00e1is a \u00c9l en todo lo que hag\u00e1is. Les bendigo a ustedes, a sus familias y a su trabajo. Y ustedes tambi\u00e9n, por favor, recen por m\u00ed. Gracias.<\/p>\n<p><strong>\u00a9 Librer\u00eda Editora Vaticana<\/strong><\/p>\n","protected":false},"excerpt":{"rendered":"<p>Discurso a los participantes del encuentro de la Red Internacional de Legisladores Cat\u00f3licos<\/p>\n","protected":false},"author":6,"featured_media":31129,"comment_status":"closed","ping_status":"closed","sticky":false,"template":"","format":"standard","meta":{"_acf_changed":false,"_crdt_document":"","inline_featured_image":false,"footnotes":""},"categories":[124,298],"tags":[3846,158,3847,625],"class_list":["post-31109","post","type-post","status-publish","format-standard","has-post-thumbnail","hentry","category-discursos","category-ultimas-noticias","tag-desarrollo-humano-integral","tag-papa-francisco","tag-parlamentarios","tag-paz"],"acf":[],"yoast_head":"<!-- This site is optimized with the Yoast SEO plugin v27.5 - https:\/\/yoast.com\/product\/yoast-seo-wordpress\/ -->\n<title>Papa a pol\u00edticos cat\u00f3licos: Por un progreso cient\u00edfico moral<\/title>\n<meta name=\"description\" content=\"En su discurso a los pol\u00edticos cat\u00f3licos, el Papa de 2021, el Papa Francisco ha animado a un progreso moral integral\" \/>\n<meta name=\"robots\" content=\"index, follow, max-snippet:-1, max-image-preview:large, max-video-preview:-1\" \/>\n<link rel=\"canonical\" href=\"https:\/\/exaudi.org\/es\/papa-politicos-catolicos-progreso-cientifico-moral\/\" \/>\n<meta property=\"og:locale\" content=\"es_ES\" \/>\n<meta property=\"og:type\" content=\"article\" \/>\n<meta property=\"og:title\" content=\"Papa a pol\u00edticos cat\u00f3licos: Por un progreso cient\u00edfico moral\" \/>\n<meta property=\"og:description\" content=\"En su discurso a los pol\u00edticos cat\u00f3licos, el Papa de 2021, el Papa Francisco ha animado a un progreso moral integral\" \/>\n<meta property=\"og:url\" content=\"https:\/\/exaudi.org\/es\/papa-politicos-catolicos-progreso-cientifico-moral\/\" \/>\n<meta property=\"og:site_name\" content=\"Exaudi\" \/>\n<meta property=\"article:publisher\" content=\"https:\/\/www.facebook.com\/ExaudiNews\" \/>\n<meta property=\"article:published_time\" content=\"2021-08-27T09:55:25+00:00\" \/>\n<meta property=\"article:modified_time\" content=\"2021-08-30T06:31:04+00:00\" \/>\n<meta property=\"og:image\" content=\"https:\/\/exaudi.org\/wp-content\/uploads\/2021\/08\/v23.jpg\" \/>\n\t<meta property=\"og:image:width\" content=\"2503\" \/>\n\t<meta property=\"og:image:height\" content=\"1669\" \/>\n\t<meta property=\"og:image:type\" content=\"image\/jpeg\" \/>\n<meta name=\"author\" content=\"Gabriel Sales\" \/>\n<meta name=\"twitter:card\" content=\"summary_large_image\" \/>\n<meta name=\"twitter:creator\" content=\"@habemusman\" \/>\n<meta name=\"twitter:site\" content=\"@Exaudi_News\" \/>\n<meta name=\"twitter:label1\" content=\"Escrito por\" \/>\n\t<meta name=\"twitter:data1\" content=\"Gabriel Sales\" \/>\n\t<meta name=\"twitter:label2\" content=\"Tiempo de lectura\" \/>\n\t<meta name=\"twitter:data2\" content=\"6 minutos\" \/>\n<script type=\"application\/ld+json\" class=\"yoast-schema-graph\">{\"@context\":\"https:\\\/\\\/schema.org\",\"@graph\":[{\"@type\":\"Article\",\"@id\":\"https:\\\/\\\/exaudi.org\\\/es\\\/papa-politicos-catolicos-progreso-cientifico-moral\\\/#article\",\"isPartOf\":{\"@id\":\"https:\\\/\\\/exaudi.org\\\/es\\\/papa-politicos-catolicos-progreso-cientifico-moral\\\/\"},\"author\":{\"name\":\"Gabriel Sales\",\"@id\":\"https:\\\/\\\/exaudi.org\\\/#\\\/schema\\\/person\\\/d134b96438278131ce90c90c03fda6cd\"},\"headline\":\"Papa a pol\u00edticos cat\u00f3licos: Por un progreso cient\u00edfico moral\",\"datePublished\":\"2021-08-27T09:55:25+00:00\",\"dateModified\":\"2021-08-30T06:31:04+00:00\",\"mainEntityOfPage\":{\"@id\":\"https:\\\/\\\/exaudi.org\\\/es\\\/papa-politicos-catolicos-progreso-cientifico-moral\\\/\"},\"wordCount\":1288,\"image\":{\"@id\":\"https:\\\/\\\/exaudi.org\\\/es\\\/papa-politicos-catolicos-progreso-cientifico-moral\\\/#primaryimage\"},\"thumbnailUrl\":\"https:\\\/\\\/exaudi.org\\\/wp-content\\\/uploads\\\/2021\\\/08\\\/v23.jpg\",\"keywords\":[\"Desarrollo humano integral\",\"papa francisco\",\"Parlamentarios\",\"Paz\"],\"articleSection\":[\"Discursos\",\"\u00daltimas noticias\"],\"inLanguage\":\"es\"},{\"@type\":\"WebPage\",\"@id\":\"https:\\\/\\\/exaudi.org\\\/es\\\/papa-politicos-catolicos-progreso-cientifico-moral\\\/\",\"url\":\"https:\\\/\\\/exaudi.org\\\/es\\\/papa-politicos-catolicos-progreso-cientifico-moral\\\/\",\"name\":\"Papa a pol\u00edticos cat\u00f3licos: Por un progreso cient\u00edfico moral\",\"isPartOf\":{\"@id\":\"https:\\\/\\\/exaudi.org\\\/#website\"},\"primaryImageOfPage\":{\"@id\":\"https:\\\/\\\/exaudi.org\\\/es\\\/papa-politicos-catolicos-progreso-cientifico-moral\\\/#primaryimage\"},\"image\":{\"@id\":\"https:\\\/\\\/exaudi.org\\\/es\\\/papa-politicos-catolicos-progreso-cientifico-moral\\\/#primaryimage\"},\"thumbnailUrl\":\"https:\\\/\\\/exaudi.org\\\/wp-content\\\/uploads\\\/2021\\\/08\\\/v23.jpg\",\"datePublished\":\"2021-08-27T09:55:25+00:00\",\"dateModified\":\"2021-08-30T06:31:04+00:00\",\"author\":{\"@id\":\"https:\\\/\\\/exaudi.org\\\/#\\\/schema\\\/person\\\/d134b96438278131ce90c90c03fda6cd\"},\"description\":\"En su discurso a los pol\u00edticos cat\u00f3licos, el Papa de 2021, el Papa Francisco ha animado a un progreso moral integral\",\"breadcrumb\":{\"@id\":\"https:\\\/\\\/exaudi.org\\\/es\\\/papa-politicos-catolicos-progreso-cientifico-moral\\\/#breadcrumb\"},\"inLanguage\":\"es\",\"potentialAction\":[{\"@type\":\"ReadAction\",\"target\":[\"https:\\\/\\\/exaudi.org\\\/es\\\/papa-politicos-catolicos-progreso-cientifico-moral\\\/\"]}]},{\"@type\":\"ImageObject\",\"inLanguage\":\"es\",\"@id\":\"https:\\\/\\\/exaudi.org\\\/es\\\/papa-politicos-catolicos-progreso-cientifico-moral\\\/#primaryimage\",\"url\":\"https:\\\/\\\/exaudi.org\\\/wp-content\\\/uploads\\\/2021\\\/08\\\/v23.jpg\",\"contentUrl\":\"https:\\\/\\\/exaudi.org\\\/wp-content\\\/uploads\\\/2021\\\/08\\\/v23.jpg\",\"width\":2503,\"height\":1669,\"caption\":\"El Papa con los legisladores cat\u00f3licos en 2021 \u00a9 Cathopic\"},{\"@type\":\"BreadcrumbList\",\"@id\":\"https:\\\/\\\/exaudi.org\\\/es\\\/papa-politicos-catolicos-progreso-cientifico-moral\\\/#breadcrumb\",\"itemListElement\":[{\"@type\":\"ListItem\",\"position\":1,\"name\":\"Portada\",\"item\":\"https:\\\/\\\/exaudi.org\\\/es\\\/\"},{\"@type\":\"ListItem\",\"position\":2,\"name\":\"Papa a pol\u00edticos cat\u00f3licos: Por un progreso cient\u00edfico moral\"}]},{\"@type\":\"WebSite\",\"@id\":\"https:\\\/\\\/exaudi.org\\\/#website\",\"url\":\"https:\\\/\\\/exaudi.org\\\/\",\"name\":\"Exaudi\",\"description\":\"News\",\"potentialAction\":[{\"@type\":\"SearchAction\",\"target\":{\"@type\":\"EntryPoint\",\"urlTemplate\":\"https:\\\/\\\/exaudi.org\\\/?s={search_term_string}\"},\"query-input\":{\"@type\":\"PropertyValueSpecification\",\"valueRequired\":true,\"valueName\":\"search_term_string\"}}],\"inLanguage\":\"es\"},{\"@type\":\"Person\",\"@id\":\"https:\\\/\\\/exaudi.org\\\/#\\\/schema\\\/person\\\/d134b96438278131ce90c90c03fda6cd\",\"name\":\"Gabriel Sales\",\"image\":{\"@type\":\"ImageObject\",\"inLanguage\":\"es\",\"@id\":\"https:\\\/\\\/secure.gravatar.com\\\/avatar\\\/9b1269566f6a063ed26ffb3532b66a373cdde231ce5d0effb266167437fdaffd?s=96&d=mm&r=g\",\"url\":\"https:\\\/\\\/secure.gravatar.com\\\/avatar\\\/9b1269566f6a063ed26ffb3532b66a373cdde231ce5d0effb266167437fdaffd?s=96&d=mm&r=g\",\"contentUrl\":\"https:\\\/\\\/secure.gravatar.com\\\/avatar\\\/9b1269566f6a063ed26ffb3532b66a373cdde231ce5d0effb266167437fdaffd?s=96&d=mm&r=g\",\"caption\":\"Gabriel Sales\"},\"description\":\"Periodista y especialista en Comunicaci\u00f3n y Branding digital. Cin\u00e9filo y cr\u00edtico de cine y series de televisi\u00f3n.\",\"sameAs\":[\"https:\\\/\\\/www.instagram.com\\\/cine90segundos\\\/\",\"www.linkedin.com\\\/in\\\/habemusman\",\"https:\\\/\\\/x.com\\\/habemusman\",\"https:\\\/\\\/www.youtube.com\\\/channel\\\/UCVfCiOMkJ_C7T7OpyjuaLDg\"],\"url\":\"https:\\\/\\\/exaudi.org\\\/es\\\/author\\\/gsalesexaudi-org\\\/\"}]}<\/script>\n<!-- \/ Yoast SEO plugin. -->","yoast_head_json":{"title":"Papa a pol\u00edticos cat\u00f3licos: Por un progreso cient\u00edfico moral","description":"En su discurso a los pol\u00edticos cat\u00f3licos, el Papa de 2021, el Papa Francisco ha animado a un progreso moral integral","robots":{"index":"index","follow":"follow","max-snippet":"max-snippet:-1","max-image-preview":"max-image-preview:large","max-video-preview":"max-video-preview:-1"},"canonical":"https:\/\/exaudi.org\/es\/papa-politicos-catolicos-progreso-cientifico-moral\/","og_locale":"es_ES","og_type":"article","og_title":"Papa a pol\u00edticos cat\u00f3licos: Por un progreso cient\u00edfico moral","og_description":"En su discurso a los pol\u00edticos cat\u00f3licos, el Papa de 2021, el Papa Francisco ha animado a un progreso moral integral","og_url":"https:\/\/exaudi.org\/es\/papa-politicos-catolicos-progreso-cientifico-moral\/","og_site_name":"Exaudi","article_publisher":"https:\/\/www.facebook.com\/ExaudiNews","article_published_time":"2021-08-27T09:55:25+00:00","article_modified_time":"2021-08-30T06:31:04+00:00","og_image":[{"width":2503,"height":1669,"url":"https:\/\/exaudi.org\/wp-content\/uploads\/2021\/08\/v23.jpg","type":"image\/jpeg"}],"author":"Gabriel Sales","twitter_card":"summary_large_image","twitter_creator":"@habemusman","twitter_site":"@Exaudi_News","twitter_misc":{"Escrito por":"Gabriel Sales","Tiempo de lectura":"6 minutos"},"schema":{"@context":"https:\/\/schema.org","@graph":[{"@type":"Article","@id":"https:\/\/exaudi.org\/es\/papa-politicos-catolicos-progreso-cientifico-moral\/#article","isPartOf":{"@id":"https:\/\/exaudi.org\/es\/papa-politicos-catolicos-progreso-cientifico-moral\/"},"author":{"name":"Gabriel Sales","@id":"https:\/\/exaudi.org\/#\/schema\/person\/d134b96438278131ce90c90c03fda6cd"},"headline":"Papa a pol\u00edticos cat\u00f3licos: Por un progreso cient\u00edfico moral","datePublished":"2021-08-27T09:55:25+00:00","dateModified":"2021-08-30T06:31:04+00:00","mainEntityOfPage":{"@id":"https:\/\/exaudi.org\/es\/papa-politicos-catolicos-progreso-cientifico-moral\/"},"wordCount":1288,"image":{"@id":"https:\/\/exaudi.org\/es\/papa-politicos-catolicos-progreso-cientifico-moral\/#primaryimage"},"thumbnailUrl":"https:\/\/exaudi.org\/wp-content\/uploads\/2021\/08\/v23.jpg","keywords":["Desarrollo humano integral","papa francisco","Parlamentarios","Paz"],"articleSection":["Discursos","\u00daltimas noticias"],"inLanguage":"es"},{"@type":"WebPage","@id":"https:\/\/exaudi.org\/es\/papa-politicos-catolicos-progreso-cientifico-moral\/","url":"https:\/\/exaudi.org\/es\/papa-politicos-catolicos-progreso-cientifico-moral\/","name":"Papa a pol\u00edticos cat\u00f3licos: Por un progreso cient\u00edfico moral","isPartOf":{"@id":"https:\/\/exaudi.org\/#website"},"primaryImageOfPage":{"@id":"https:\/\/exaudi.org\/es\/papa-politicos-catolicos-progreso-cientifico-moral\/#primaryimage"},"image":{"@id":"https:\/\/exaudi.org\/es\/papa-politicos-catolicos-progreso-cientifico-moral\/#primaryimage"},"thumbnailUrl":"https:\/\/exaudi.org\/wp-content\/uploads\/2021\/08\/v23.jpg","datePublished":"2021-08-27T09:55:25+00:00","dateModified":"2021-08-30T06:31:04+00:00","author":{"@id":"https:\/\/exaudi.org\/#\/schema\/person\/d134b96438278131ce90c90c03fda6cd"},"description":"En su discurso a los pol\u00edticos cat\u00f3licos, el Papa de 2021, el Papa Francisco ha animado a un progreso moral integral","breadcrumb":{"@id":"https:\/\/exaudi.org\/es\/papa-politicos-catolicos-progreso-cientifico-moral\/#breadcrumb"},"inLanguage":"es","potentialAction":[{"@type":"ReadAction","target":["https:\/\/exaudi.org\/es\/papa-politicos-catolicos-progreso-cientifico-moral\/"]}]},{"@type":"ImageObject","inLanguage":"es","@id":"https:\/\/exaudi.org\/es\/papa-politicos-catolicos-progreso-cientifico-moral\/#primaryimage","url":"https:\/\/exaudi.org\/wp-content\/uploads\/2021\/08\/v23.jpg","contentUrl":"https:\/\/exaudi.org\/wp-content\/uploads\/2021\/08\/v23.jpg","width":2503,"height":1669,"caption":"El Papa con los legisladores cat\u00f3licos en 2021 \u00a9 Cathopic"},{"@type":"BreadcrumbList","@id":"https:\/\/exaudi.org\/es\/papa-politicos-catolicos-progreso-cientifico-moral\/#breadcrumb","itemListElement":[{"@type":"ListItem","position":1,"name":"Portada","item":"https:\/\/exaudi.org\/es\/"},{"@type":"ListItem","position":2,"name":"Papa a pol\u00edticos cat\u00f3licos: Por un progreso cient\u00edfico moral"}]},{"@type":"WebSite","@id":"https:\/\/exaudi.org\/#website","url":"https:\/\/exaudi.org\/","name":"Exaudi","description":"News","potentialAction":[{"@type":"SearchAction","target":{"@type":"EntryPoint","urlTemplate":"https:\/\/exaudi.org\/?s={search_term_string}"},"query-input":{"@type":"PropertyValueSpecification","valueRequired":true,"valueName":"search_term_string"}}],"inLanguage":"es"},{"@type":"Person","@id":"https:\/\/exaudi.org\/#\/schema\/person\/d134b96438278131ce90c90c03fda6cd","name":"Gabriel Sales","image":{"@type":"ImageObject","inLanguage":"es","@id":"https:\/\/secure.gravatar.com\/avatar\/9b1269566f6a063ed26ffb3532b66a373cdde231ce5d0effb266167437fdaffd?s=96&d=mm&r=g","url":"https:\/\/secure.gravatar.com\/avatar\/9b1269566f6a063ed26ffb3532b66a373cdde231ce5d0effb266167437fdaffd?s=96&d=mm&r=g","contentUrl":"https:\/\/secure.gravatar.com\/avatar\/9b1269566f6a063ed26ffb3532b66a373cdde231ce5d0effb266167437fdaffd?s=96&d=mm&r=g","caption":"Gabriel Sales"},"description":"Periodista y especialista en Comunicaci\u00f3n y Branding digital. Cin\u00e9filo y cr\u00edtico de cine y series de televisi\u00f3n.","sameAs":["https:\/\/www.instagram.com\/cine90segundos\/","www.linkedin.com\/in\/habemusman","https:\/\/x.com\/habemusman","https:\/\/www.youtube.com\/channel\/UCVfCiOMkJ_C7T7OpyjuaLDg"],"url":"https:\/\/exaudi.org\/es\/author\/gsalesexaudi-org\/"}]}},"jetpack_featured_media_url":"https:\/\/exaudi.org\/wp-content\/uploads\/2021\/08\/v23.jpg","jetpack_shortlink":"https:\/\/wp.me\/pgKjF2-85L","_links":{"self":[{"href":"https:\/\/exaudi.org\/es\/wp-json\/wp\/v2\/posts\/31109","targetHints":{"allow":["GET"]}}],"collection":[{"href":"https:\/\/exaudi.org\/es\/wp-json\/wp\/v2\/posts"}],"about":[{"href":"https:\/\/exaudi.org\/es\/wp-json\/wp\/v2\/types\/post"}],"author":[{"embeddable":true,"href":"https:\/\/exaudi.org\/es\/wp-json\/wp\/v2\/users\/6"}],"replies":[{"embeddable":true,"href":"https:\/\/exaudi.org\/es\/wp-json\/wp\/v2\/comments?post=31109"}],"version-history":[{"count":0,"href":"https:\/\/exaudi.org\/es\/wp-json\/wp\/v2\/posts\/31109\/revisions"}],"wp:featuredmedia":[{"embeddable":true,"href":"https:\/\/exaudi.org\/es\/wp-json\/wp\/v2\/media\/31129"}],"wp:attachment":[{"href":"https:\/\/exaudi.org\/es\/wp-json\/wp\/v2\/media?parent=31109"}],"wp:term":[{"taxonomy":"category","embeddable":true,"href":"https:\/\/exaudi.org\/es\/wp-json\/wp\/v2\/categories?post=31109"},{"taxonomy":"post_tag","embeddable":true,"href":"https:\/\/exaudi.org\/es\/wp-json\/wp\/v2\/tags?post=31109"}],"curies":[{"name":"wp","href":"https:\/\/api.w.org\/{rel}","templated":true}]}}