{"id":31053,"date":"2025-08-27T07:30:22","date_gmt":"2025-08-27T05:30:22","guid":{"rendered":"https:\/\/exaudi.wpengine.com\/?p=31053"},"modified":"2025-09-01T10:40:01","modified_gmt":"2025-09-01T08:40:01","slug":"santa-monica-27-agosto","status":"publish","type":"post","link":"https:\/\/exaudi.org\/es\/santa-monica-27-agosto\/","title":{"rendered":"Santa M\u00f3nica, 27 de agosto"},"content":{"rendered":"<p><span style=\"font-weight: 400;\">A M\u00f3nica le cupo la gloria de dar a luz a uno de los grandes santos y doctores de la Iglesia, Agust\u00edn, al que, con sus ardientes y emocionadas s\u00faplicas, rescat\u00f3 del mundo, inst\u00e1ndole a volver los ojos a Dios. Es modelo y patrona de las madres cristianas.\u00a0<\/span><\/p>\n<p><iframe title=\"Spotify Embed: Santa M\u00f3nica, 27 de agosto\" style=\"border-radius: 12px\" width=\"100%\" height=\"152\" frameborder=\"0\" allowfullscreen allow=\"autoplay; clipboard-write; encrypted-media; fullscreen; picture-in-picture\" loading=\"lazy\" src=\"https:\/\/open.spotify.com\/embed\/episode\/4InFy20xeaW4NtWHYE1SK9?si=755803e36ba34077&#038;utm_source=oembed\"><\/iframe><\/p>\n<p><span style=\"font-weight: 400;\">De origen bereber, naci\u00f3 en Tagaste, actual Souk-Ahar\u00e1s, Argelia, el a\u00f1o 332. Despu\u00e9s de recibir el bautismo en plena juventud, seg\u00fan la costumbre de la \u00e9poca, se sinti\u00f3 cada vez m\u00e1s inclinada a la vida de oraci\u00f3n. A ella hubiera querido consagrar su existencia, pero sus padres la desposaron con Patricio, que adem\u00e1s de ser pagano y mucho mayor que ella, nunca la respet\u00f3, sino que le infligi\u00f3 grav\u00edsimo maltrato durante treinta a\u00f1os. <\/span><\/p>\n<p><span style=\"font-weight: 400;\">Era pronto a la ira, mujeriego, bebedor, lud\u00f3pata, y tan insensible hacia lo espiritual que su temperamento violento se manifestaba a la primera de cambio. En medio de esta dram\u00e1tica espiral que presid\u00eda su hogar, M\u00f3nica acud\u00eda a misa diariamente y sobrellevaba los constantes atropellos con heroica paciencia. No queriendo exasperarlo en modo alguno, guardaba silencio o respond\u00eda con dulzura mostrando su buen car\u00e1cter cuando la situaci\u00f3n se tornaba insostenible.\u00a0<\/span><\/p>\n<p><span style=\"font-weight: 400;\">Poco a poco, y a fuerza de dar testimonio con su vida, amparada en el amor de Dios, con oraci\u00f3n y sacrificios fue venciendo la dureza del coraz\u00f3n de su esposo y se produjo lo que parec\u00eda un imposible: su conversi\u00f3n al cristianismo. Patricio se bautiz\u00f3 el a\u00f1o 371. Antes M\u00f3nica ya se hab\u00eda ganado a pulso la simpat\u00eda de su suegra, una mujer de agrio car\u00e1cter y entrometida en las cuestiones de su hogar. <\/span><\/p>\n<p><span style=\"font-weight: 400;\">Pero a M\u00f3nica a\u00fan le quedaba apurar otro c\u00e1liz, ya que de tres hijos nacidos en el matrimonio, una mujer y dos varones, Agust\u00edn iba a darle no pocos quebraderos de cabeza.\u00a0<\/span><\/p>\n<p><span style=\"font-weight: 400;\">Patricio muri\u00f3 un a\u00f1o despu\u00e9s de ser bautizado, y ella tuvo que lidiar en soledad con el tarambana de Agust\u00edn, que si bien era brillante en sus estudios y se hab\u00eda formado rigurosamente en Cartago, en su vida personal dejaba mucho que desear. Experto en filosof\u00eda, literatura y oratoria, pero completamente alejado de la fe, iba sumi\u00e9ndose en un pozo cada vez m\u00e1s hondo para consternaci\u00f3n de M\u00f3nica que sufr\u00eda indeciblemente.<\/span><\/p>\n<p><span style=\"font-weight: 400;\"> Hubo una breve inflexi\u00f3n en la vida de Agust\u00edn que hizo pensar que le dar\u00eda un giro definitivo. El hecho es que tras la muerte de su padre, enferm\u00f3, y temiendo seguir sus pasos pens\u00f3 en hacerse cat\u00f3lico; hasta recibi\u00f3 instrucci\u00f3n para ello. Pero en cuanto san\u00f3, se involucr\u00f3 con los maniqueos y prosigui\u00f3 dando tumbos.\u00a0<\/span><\/p>\n<p><span style=\"font-weight: 400;\">Un d\u00eda M\u00f3nica lo ech\u00f3 de casa sin contemplaciones al ver que no desist\u00eda de sus errores y falsedades contrarios a la verdadera religi\u00f3n. En un sue\u00f1o vio que alguien se acercaba a consolarla en medio de su dolor por la p\u00e9rdida espiritual de Agust\u00edn, y le aseguraba que volver\u00eda con ella. <\/span><\/p>\n<p><span style=\"font-weight: 400;\">La interpretaci\u00f3n de \u00e9ste fue que su madre se har\u00eda maniquea como \u00e9l. Pero M\u00f3nica respondi\u00f3: \u201cEn el sue\u00f1o no me dijeron la madre ir\u00e1 a donde el hijo, sino el hijo volver\u00e1 a la madre\u201d. Aunque Agust\u00edn qued\u00f3 impresionado por la respuesta, a\u00fan tard\u00f3 nueve a\u00f1os en convertirse.\u00a0<\/span><\/p>\n<p><span style=\"font-weight: 400;\">El obispo de Tagaste, conmovido por los sacrificios y sufrimientos de M\u00f3nica, le hab\u00eda asegurado: \u201ces imposible que se pierda el hijo de tantas l\u00e1grimas\u201d. Ella continu\u00f3 orando y llorando, pero tambi\u00e9n lo sigui\u00f3 con religiosa terquedad a Roma para rescatarlo de las malas influencias. <\/span><\/p>\n<p><span style=\"font-weight: 400;\">Agust\u00edn, al ver que iba tras \u00e9l, intent\u00f3 esquivarla tomando un barco, pero cuando ella se percat\u00f3 de la maniobra, se embarc\u00f3 en otra nave. Despu\u00e9s, en Mil\u00e1n, M\u00f3nica tom\u00f3 contacto con san Ambrosio, cuya intervenci\u00f3n ser\u00eda decisiva para la conversi\u00f3n de Agust\u00edn el a\u00f1o 387. Abrazado por fin al cristianismo, el santo volvi\u00f3 con su madre. Antes de que le asaltara la \u00faltima enfermedad, M\u00f3nica le hab\u00eda confiado: \u201cHijo, ya nada de este mundo me deleita. <\/span><\/p>\n<p><span style=\"font-weight: 400;\">Ya no s\u00e9 cu\u00e1l es mi misi\u00f3n en la tierra ni por qu\u00e9 me deja Dios vivir, pues todas mis esperanzas han sido colmadas. Mi \u00fanico deseo era vivir hasta verte cat\u00f3lico e hijo de Dios. Dios me ha concedido m\u00e1s de lo que yo le hab\u00eda pedido, ahora que has renunciado a la felicidad terrena y te has consagrado a su servicio\u201d. Poco tiempo despu\u00e9s, ese mismo a\u00f1o 387, hall\u00e1ndose unidos, muri\u00f3 en Ostia cuando Agust\u00edn estaba a punto de partir a \u00c1frica; \u00e9l aseguraba que su madre le hab\u00eda engendrado dos veces.\u00a0<\/span><\/p>\n<p><img loading=\"lazy\" decoding=\"async\" class=\"size-full wp-image-131468 alignnone\" src=\"https:\/\/exaudi.org\/wp-content\/uploads\/2024\/08\/Santoral-11-1.jpg\" alt=\"\" width=\"1080\" height=\"1080\" srcset=\"https:\/\/exaudi.org\/wp-content\/uploads\/2024\/08\/Santoral-11-1.jpg 1080w, https:\/\/exaudi.org\/wp-content\/uploads\/2024\/08\/Santoral-11-1-300x300.jpg 300w, https:\/\/exaudi.org\/wp-content\/uploads\/2024\/08\/Santoral-11-1-1024x1024.jpg 1024w, https:\/\/exaudi.org\/wp-content\/uploads\/2024\/08\/Santoral-11-1-100x100.jpg?crop=1 100w, https:\/\/exaudi.org\/wp-content\/uploads\/2024\/08\/Santoral-11-1-770x770.jpg 770w, https:\/\/exaudi.org\/wp-content\/uploads\/2024\/08\/Santoral-11-1-500x500.jpg 500w\" sizes=\"auto, (max-width: 1080px) 100vw, 1080px\" \/><\/p>\n<h6><em>\u00a9 <a href=\"https:\/\/exaudi.wpengine.com\/es\/author\/isabelorellana\/\" target=\"_blank\" rel=\"noopener noreferrer\">Isabel Orellana Vilches<\/a>, 2013<\/em><\/h6>\n<h6><em>Autora vinculada a<\/em><\/h6>\n<h6><em><img loading=\"lazy\" decoding=\"async\" class=\"alignright wp-image-2208\" src=\"https:\/\/exaudi.org\/wp-content\/uploads\/2021\/02\/santoral-scaled-1-725x1024.jpg\" alt=\"santoral Isabel Orellana\" width=\"262\" height=\"370\" \/><\/em><img loading=\"lazy\" decoding=\"async\" class=\"alignnone size-full wp-image-41949\" src=\"https:\/\/www.idente.org\/wp-content\/uploads\/logo-cedro-v01-843x295-1-e1603384654546.png\" alt=\"\" width=\"80\" height=\"28\" \/><br \/>\nObra protegida por derechos de autor.<br \/>\nInscrita en el Registro de la Propiedad Intelectual el 24 de noviembre de 2014.<br \/>\n________________<br \/>\nDerechos de edici\u00f3n reservados:<br \/>\n<a href=\"https:\/\/rielo.com\/\" target=\"_blank\" rel=\"noopener noreferrer\">Fundaci\u00f3n Fernando Rielo<\/a><br \/>\nGoya 20, 4.\u00ba izq. int. 28001 Madrid<br \/>\nTlf.: (34) 91 575 40 91<br \/>\nCorreo electr\u00f3nico: fundacion@rielo.com<\/h6>\n<div class=\"page\" title=\"Page 4\">\n<div class=\"layoutArea\">\n<div class=\"column\">\n<h6>Dep\u00f3sito legal: M-18664-2020<br \/>\nISBN: 978-84-946646-6-3<\/h6>\n<\/div>\n<\/div>\n<\/div>\n","protected":false},"excerpt":{"rendered":"<p>Madre de san Agust\u00edn<\/p>\n","protected":false},"author":23,"featured_media":31054,"comment_status":"closed","ping_status":"closed","sticky":false,"template":"","format":"standard","meta":{"_acf_changed":false,"_crdt_document":"","inline_featured_image":false,"footnotes":""},"categories":[2772],"tags":[3839,387,58880],"class_list":["post-31053","post","type-post","status-publish","format-standard","has-post-thumbnail","hentry","category-santoral","tag-santa-monica","tag-santoral","tag-trending-es-151"],"acf":[],"yoast_head":"<!-- This site is optimized with the Yoast SEO plugin v27.5 - https:\/\/yoast.com\/product\/yoast-seo-wordpress\/ -->\n<title>Santa M\u00f3nica, 27 de agosto - Exaudi Catholic News<\/title>\n<meta name=\"description\" content=\"Santoral del 27 de agosto, santa M\u00f3nica, escrito por Isabel Orellana y editado por la Fundaci\u00f3n Fernando Rielo\" \/>\n<meta name=\"robots\" content=\"index, follow, max-snippet:-1, max-image-preview:large, max-video-preview:-1\" \/>\n<link rel=\"canonical\" href=\"https:\/\/exaudi.org\/es\/santa-monica-27-agosto\/\" \/>\n<meta property=\"og:locale\" content=\"es_ES\" \/>\n<meta property=\"og:type\" content=\"article\" \/>\n<meta property=\"og:title\" content=\"Santa M\u00f3nica, 27 de agosto - Exaudi Catholic News\" \/>\n<meta property=\"og:description\" content=\"Santoral del 27 de agosto, santa M\u00f3nica, escrito por Isabel Orellana y editado por la Fundaci\u00f3n Fernando Rielo\" \/>\n<meta property=\"og:url\" content=\"https:\/\/exaudi.org\/es\/santa-monica-27-agosto\/\" \/>\n<meta property=\"og:site_name\" content=\"Exaudi\" \/>\n<meta property=\"article:publisher\" content=\"https:\/\/www.facebook.com\/ExaudiNews\" \/>\n<meta property=\"article:published_time\" content=\"2025-08-27T05:30:22+00:00\" \/>\n<meta property=\"article:modified_time\" content=\"2025-09-01T08:40:01+00:00\" \/>\n<meta property=\"og:image\" content=\"https:\/\/exaudi.org\/wp-content\/uploads\/2021\/08\/santa-monica-y-san-agustin.jpg\" \/>\n\t<meta property=\"og:image:width\" content=\"500\" \/>\n\t<meta property=\"og:image:height\" content=\"392\" \/>\n\t<meta property=\"og:image:type\" content=\"image\/jpeg\" \/>\n<meta name=\"author\" content=\"Isabel Orellana\" \/>\n<meta name=\"twitter:card\" content=\"summary_large_image\" \/>\n<meta name=\"twitter:creator\" content=\"@Exaudi_News\" \/>\n<meta name=\"twitter:site\" content=\"@Exaudi_News\" \/>\n<meta name=\"twitter:label1\" content=\"Escrito por\" \/>\n\t<meta name=\"twitter:data1\" content=\"Isabel Orellana\" \/>\n\t<meta name=\"twitter:label2\" content=\"Tiempo de lectura\" \/>\n\t<meta name=\"twitter:data2\" content=\"5 minutos\" \/>\n<script type=\"application\/ld+json\" class=\"yoast-schema-graph\">{\"@context\":\"https:\\\/\\\/schema.org\",\"@graph\":[{\"@type\":\"Article\",\"@id\":\"https:\\\/\\\/exaudi.org\\\/es\\\/santa-monica-27-agosto\\\/#article\",\"isPartOf\":{\"@id\":\"https:\\\/\\\/exaudi.org\\\/es\\\/santa-monica-27-agosto\\\/\"},\"author\":{\"name\":\"Isabel Orellana\",\"@id\":\"https:\\\/\\\/exaudi.org\\\/#\\\/schema\\\/person\\\/64e18b96fd6118559a9217b5b3375fdc\"},\"headline\":\"Santa M\u00f3nica, 27 de agosto\",\"datePublished\":\"2025-08-27T05:30:22+00:00\",\"dateModified\":\"2025-09-01T08:40:01+00:00\",\"mainEntityOfPage\":{\"@id\":\"https:\\\/\\\/exaudi.org\\\/es\\\/santa-monica-27-agosto\\\/\"},\"wordCount\":898,\"image\":{\"@id\":\"https:\\\/\\\/exaudi.org\\\/es\\\/santa-monica-27-agosto\\\/#primaryimage\"},\"thumbnailUrl\":\"https:\\\/\\\/exaudi.org\\\/wp-content\\\/uploads\\\/2021\\\/08\\\/santa-monica-y-san-agustin.jpg\",\"keywords\":[\"Santa M\u00f3nica\",\"Santoral\",\"Trending\"],\"articleSection\":[\"Santoral\"],\"inLanguage\":\"es\"},{\"@type\":\"WebPage\",\"@id\":\"https:\\\/\\\/exaudi.org\\\/es\\\/santa-monica-27-agosto\\\/\",\"url\":\"https:\\\/\\\/exaudi.org\\\/es\\\/santa-monica-27-agosto\\\/\",\"name\":\"Santa M\u00f3nica, 27 de agosto - Exaudi Catholic News\",\"isPartOf\":{\"@id\":\"https:\\\/\\\/exaudi.org\\\/#website\"},\"primaryImageOfPage\":{\"@id\":\"https:\\\/\\\/exaudi.org\\\/es\\\/santa-monica-27-agosto\\\/#primaryimage\"},\"image\":{\"@id\":\"https:\\\/\\\/exaudi.org\\\/es\\\/santa-monica-27-agosto\\\/#primaryimage\"},\"thumbnailUrl\":\"https:\\\/\\\/exaudi.org\\\/wp-content\\\/uploads\\\/2021\\\/08\\\/santa-monica-y-san-agustin.jpg\",\"datePublished\":\"2025-08-27T05:30:22+00:00\",\"dateModified\":\"2025-09-01T08:40:01+00:00\",\"author\":{\"@id\":\"https:\\\/\\\/exaudi.org\\\/#\\\/schema\\\/person\\\/64e18b96fd6118559a9217b5b3375fdc\"},\"description\":\"Santoral del 27 de agosto, santa M\u00f3nica, escrito por Isabel Orellana y editado por la Fundaci\u00f3n Fernando Rielo\",\"breadcrumb\":{\"@id\":\"https:\\\/\\\/exaudi.org\\\/es\\\/santa-monica-27-agosto\\\/#breadcrumb\"},\"inLanguage\":\"es\",\"potentialAction\":[{\"@type\":\"ReadAction\",\"target\":[\"https:\\\/\\\/exaudi.org\\\/es\\\/santa-monica-27-agosto\\\/\"]}]},{\"@type\":\"ImageObject\",\"inLanguage\":\"es\",\"@id\":\"https:\\\/\\\/exaudi.org\\\/es\\\/santa-monica-27-agosto\\\/#primaryimage\",\"url\":\"https:\\\/\\\/exaudi.org\\\/wp-content\\\/uploads\\\/2021\\\/08\\\/santa-monica-y-san-agustin.jpg\",\"contentUrl\":\"https:\\\/\\\/exaudi.org\\\/wp-content\\\/uploads\\\/2021\\\/08\\\/santa-monica-y-san-agustin.jpg\",\"width\":500,\"height\":392,\"caption\":\"Santa M\u00f3nica \u00a9 Catequesis online\"},{\"@type\":\"BreadcrumbList\",\"@id\":\"https:\\\/\\\/exaudi.org\\\/es\\\/santa-monica-27-agosto\\\/#breadcrumb\",\"itemListElement\":[{\"@type\":\"ListItem\",\"position\":1,\"name\":\"Portada\",\"item\":\"https:\\\/\\\/exaudi.org\\\/es\\\/\"},{\"@type\":\"ListItem\",\"position\":2,\"name\":\"Santa M\u00f3nica, 27 de agosto\"}]},{\"@type\":\"WebSite\",\"@id\":\"https:\\\/\\\/exaudi.org\\\/#website\",\"url\":\"https:\\\/\\\/exaudi.org\\\/\",\"name\":\"Exaudi\",\"description\":\"News\",\"potentialAction\":[{\"@type\":\"SearchAction\",\"target\":{\"@type\":\"EntryPoint\",\"urlTemplate\":\"https:\\\/\\\/exaudi.org\\\/?s={search_term_string}\"},\"query-input\":{\"@type\":\"PropertyValueSpecification\",\"valueRequired\":true,\"valueName\":\"search_term_string\"}}],\"inLanguage\":\"es\"},{\"@type\":\"Person\",\"@id\":\"https:\\\/\\\/exaudi.org\\\/#\\\/schema\\\/person\\\/64e18b96fd6118559a9217b5b3375fdc\",\"name\":\"Isabel Orellana\",\"image\":{\"@type\":\"ImageObject\",\"inLanguage\":\"es\",\"@id\":\"https:\\\/\\\/secure.gravatar.com\\\/avatar\\\/51968380bbb6b22ae85c605634860366fd9a2a611c6341125115bca32cd6c171?s=96&d=mm&r=g\",\"url\":\"https:\\\/\\\/secure.gravatar.com\\\/avatar\\\/51968380bbb6b22ae85c605634860366fd9a2a611c6341125115bca32cd6c171?s=96&d=mm&r=g\",\"contentUrl\":\"https:\\\/\\\/secure.gravatar.com\\\/avatar\\\/51968380bbb6b22ae85c605634860366fd9a2a611c6341125115bca32cd6c171?s=96&d=mm&r=g\",\"caption\":\"Isabel Orellana\"},\"description\":\"Isabel Orellana Vilches Misionera idente. Doctora en Filosof\u00eda por la Universidad Aut\u00f3noma de Barcelona con la tesis Realismo y progreso cient\u00edfico en la epistemolog\u00eda popperiana. Ha cursado estudios de teolog\u00eda en la Universidad Pontificia de Salamanca. Con amplia actividad docente desde 1986, ha publicado libros como: Realismo y progreso cient\u00edfico en la epistemolog\u00eda popperiana, Universitat Aut\u00f2noma de Barcelona, 1993; El evangelio habla a los j\u00f3venes, Atenas, Madrid, 1997; Qu\u00e9 es... LA TOLERANCIA, Paulinas, Madrid, 1999; Pedagog\u00eda del dolor. Ensayo antropol\u00f3gico, Palabra, Madrid, 1999; En colaboraci\u00f3n con Enrique Rivera de Ventosa (\u2020) OFM. Cap. San Francisco de As\u00eds y Fernando Rielo: Convergencias. Respuestas desde la fe a los interrogantes del hombre de hoy, Universidad Pontificia, Salamanca, 2001; La \\\"mirada\\\" del cine. Recursos did\u00e1cticos del s\u00e9ptimo arte. Librer\u00eda Cervantes, Salamanca, 2001; Paradojas de la convivencia, San Pablo, Madrid, 2002; En la Universidad T\u00e9cnica Particular de Loja, Ecuador, ha publicado: La confianza. El arte de amar, 2002; Educar para la responsabilidad, 2003; Apuntes de \u00e9tica en Karl R. Popper, 2003; De soledades y comunicaci\u00f3n, 2005; Yo educo; t\u00fa respondes, 2008; Humanismo y fe en un crisol de culturas, 2008; Repensar lo cotidiano, 2008; Convivir: un constante desaf\u00edo, 2009; La l\u00f3gica del amor, 2010; El dolor del amor. Apuntes sobre la enfermedad y el dolor en relaci\u00f3n con la virtud heroica, el martirio y la vida santa. Seminario Diocesano de M\u00e1laga, 2006 y Universidad T\u00e9cnica Particular de Loja, Ecuador (2007). Cuenta con numerosas colaboraciones en obras colectivas, as\u00ed como relatos, cuentos, f\u00e1bula y novela juvenil, adem\u00e1s de art\u00edculos de tem\u00e1tica cient\u00edfica, pedag\u00f3gica y espiritual, que viene publicando en distintas revistas nacionales e internacionales. En 2012 culmin\u00f3 el santoral Llamados a ser santos y poco m\u00e1s tarde Epopeyas de amor prologado por mons. Fernando Sebasti\u00e1n. Es la bi\u00f3grafa oficial del fundador de su familia espiritual, autora de Fernando Rielo Pardal. Fundador de los Misioneros Identes, Descl\u00e9e de Brouwer, Bilbao, 2009. Culmina la biograf\u00eda completa. Encargada del santoral de ZENIT desde 2012 a 2020 y ahora en Exaudi\",\"url\":\"https:\\\/\\\/exaudi.org\\\/es\\\/author\\\/isabelorellana\\\/\"}]}<\/script>\n<!-- \/ Yoast SEO plugin. -->","yoast_head_json":{"title":"Santa M\u00f3nica, 27 de agosto - Exaudi Catholic News","description":"Santoral del 27 de agosto, santa M\u00f3nica, escrito por Isabel Orellana y editado por la Fundaci\u00f3n Fernando Rielo","robots":{"index":"index","follow":"follow","max-snippet":"max-snippet:-1","max-image-preview":"max-image-preview:large","max-video-preview":"max-video-preview:-1"},"canonical":"https:\/\/exaudi.org\/es\/santa-monica-27-agosto\/","og_locale":"es_ES","og_type":"article","og_title":"Santa M\u00f3nica, 27 de agosto - Exaudi Catholic News","og_description":"Santoral del 27 de agosto, santa M\u00f3nica, escrito por Isabel Orellana y editado por la Fundaci\u00f3n Fernando Rielo","og_url":"https:\/\/exaudi.org\/es\/santa-monica-27-agosto\/","og_site_name":"Exaudi","article_publisher":"https:\/\/www.facebook.com\/ExaudiNews","article_published_time":"2025-08-27T05:30:22+00:00","article_modified_time":"2025-09-01T08:40:01+00:00","og_image":[{"width":500,"height":392,"url":"https:\/\/exaudi.org\/wp-content\/uploads\/2021\/08\/santa-monica-y-san-agustin.jpg","type":"image\/jpeg"}],"author":"Isabel Orellana","twitter_card":"summary_large_image","twitter_creator":"@Exaudi_News","twitter_site":"@Exaudi_News","twitter_misc":{"Escrito por":"Isabel Orellana","Tiempo de lectura":"5 minutos"},"schema":{"@context":"https:\/\/schema.org","@graph":[{"@type":"Article","@id":"https:\/\/exaudi.org\/es\/santa-monica-27-agosto\/#article","isPartOf":{"@id":"https:\/\/exaudi.org\/es\/santa-monica-27-agosto\/"},"author":{"name":"Isabel Orellana","@id":"https:\/\/exaudi.org\/#\/schema\/person\/64e18b96fd6118559a9217b5b3375fdc"},"headline":"Santa M\u00f3nica, 27 de agosto","datePublished":"2025-08-27T05:30:22+00:00","dateModified":"2025-09-01T08:40:01+00:00","mainEntityOfPage":{"@id":"https:\/\/exaudi.org\/es\/santa-monica-27-agosto\/"},"wordCount":898,"image":{"@id":"https:\/\/exaudi.org\/es\/santa-monica-27-agosto\/#primaryimage"},"thumbnailUrl":"https:\/\/exaudi.org\/wp-content\/uploads\/2021\/08\/santa-monica-y-san-agustin.jpg","keywords":["Santa M\u00f3nica","Santoral","Trending"],"articleSection":["Santoral"],"inLanguage":"es"},{"@type":"WebPage","@id":"https:\/\/exaudi.org\/es\/santa-monica-27-agosto\/","url":"https:\/\/exaudi.org\/es\/santa-monica-27-agosto\/","name":"Santa M\u00f3nica, 27 de agosto - Exaudi Catholic News","isPartOf":{"@id":"https:\/\/exaudi.org\/#website"},"primaryImageOfPage":{"@id":"https:\/\/exaudi.org\/es\/santa-monica-27-agosto\/#primaryimage"},"image":{"@id":"https:\/\/exaudi.org\/es\/santa-monica-27-agosto\/#primaryimage"},"thumbnailUrl":"https:\/\/exaudi.org\/wp-content\/uploads\/2021\/08\/santa-monica-y-san-agustin.jpg","datePublished":"2025-08-27T05:30:22+00:00","dateModified":"2025-09-01T08:40:01+00:00","author":{"@id":"https:\/\/exaudi.org\/#\/schema\/person\/64e18b96fd6118559a9217b5b3375fdc"},"description":"Santoral del 27 de agosto, santa M\u00f3nica, escrito por Isabel Orellana y editado por la Fundaci\u00f3n Fernando Rielo","breadcrumb":{"@id":"https:\/\/exaudi.org\/es\/santa-monica-27-agosto\/#breadcrumb"},"inLanguage":"es","potentialAction":[{"@type":"ReadAction","target":["https:\/\/exaudi.org\/es\/santa-monica-27-agosto\/"]}]},{"@type":"ImageObject","inLanguage":"es","@id":"https:\/\/exaudi.org\/es\/santa-monica-27-agosto\/#primaryimage","url":"https:\/\/exaudi.org\/wp-content\/uploads\/2021\/08\/santa-monica-y-san-agustin.jpg","contentUrl":"https:\/\/exaudi.org\/wp-content\/uploads\/2021\/08\/santa-monica-y-san-agustin.jpg","width":500,"height":392,"caption":"Santa M\u00f3nica \u00a9 Catequesis online"},{"@type":"BreadcrumbList","@id":"https:\/\/exaudi.org\/es\/santa-monica-27-agosto\/#breadcrumb","itemListElement":[{"@type":"ListItem","position":1,"name":"Portada","item":"https:\/\/exaudi.org\/es\/"},{"@type":"ListItem","position":2,"name":"Santa M\u00f3nica, 27 de agosto"}]},{"@type":"WebSite","@id":"https:\/\/exaudi.org\/#website","url":"https:\/\/exaudi.org\/","name":"Exaudi","description":"News","potentialAction":[{"@type":"SearchAction","target":{"@type":"EntryPoint","urlTemplate":"https:\/\/exaudi.org\/?s={search_term_string}"},"query-input":{"@type":"PropertyValueSpecification","valueRequired":true,"valueName":"search_term_string"}}],"inLanguage":"es"},{"@type":"Person","@id":"https:\/\/exaudi.org\/#\/schema\/person\/64e18b96fd6118559a9217b5b3375fdc","name":"Isabel Orellana","image":{"@type":"ImageObject","inLanguage":"es","@id":"https:\/\/secure.gravatar.com\/avatar\/51968380bbb6b22ae85c605634860366fd9a2a611c6341125115bca32cd6c171?s=96&d=mm&r=g","url":"https:\/\/secure.gravatar.com\/avatar\/51968380bbb6b22ae85c605634860366fd9a2a611c6341125115bca32cd6c171?s=96&d=mm&r=g","contentUrl":"https:\/\/secure.gravatar.com\/avatar\/51968380bbb6b22ae85c605634860366fd9a2a611c6341125115bca32cd6c171?s=96&d=mm&r=g","caption":"Isabel Orellana"},"description":"Isabel Orellana Vilches Misionera idente. Doctora en Filosof\u00eda por la Universidad Aut\u00f3noma de Barcelona con la tesis Realismo y progreso cient\u00edfico en la epistemolog\u00eda popperiana. Ha cursado estudios de teolog\u00eda en la Universidad Pontificia de Salamanca. Con amplia actividad docente desde 1986, ha publicado libros como: Realismo y progreso cient\u00edfico en la epistemolog\u00eda popperiana, Universitat Aut\u00f2noma de Barcelona, 1993; El evangelio habla a los j\u00f3venes, Atenas, Madrid, 1997; Qu\u00e9 es... LA TOLERANCIA, Paulinas, Madrid, 1999; Pedagog\u00eda del dolor. Ensayo antropol\u00f3gico, Palabra, Madrid, 1999; En colaboraci\u00f3n con Enrique Rivera de Ventosa (\u2020) OFM. Cap. San Francisco de As\u00eds y Fernando Rielo: Convergencias. Respuestas desde la fe a los interrogantes del hombre de hoy, Universidad Pontificia, Salamanca, 2001; La \"mirada\" del cine. Recursos did\u00e1cticos del s\u00e9ptimo arte. Librer\u00eda Cervantes, Salamanca, 2001; Paradojas de la convivencia, San Pablo, Madrid, 2002; En la Universidad T\u00e9cnica Particular de Loja, Ecuador, ha publicado: La confianza. El arte de amar, 2002; Educar para la responsabilidad, 2003; Apuntes de \u00e9tica en Karl R. Popper, 2003; De soledades y comunicaci\u00f3n, 2005; Yo educo; t\u00fa respondes, 2008; Humanismo y fe en un crisol de culturas, 2008; Repensar lo cotidiano, 2008; Convivir: un constante desaf\u00edo, 2009; La l\u00f3gica del amor, 2010; El dolor del amor. Apuntes sobre la enfermedad y el dolor en relaci\u00f3n con la virtud heroica, el martirio y la vida santa. Seminario Diocesano de M\u00e1laga, 2006 y Universidad T\u00e9cnica Particular de Loja, Ecuador (2007). Cuenta con numerosas colaboraciones en obras colectivas, as\u00ed como relatos, cuentos, f\u00e1bula y novela juvenil, adem\u00e1s de art\u00edculos de tem\u00e1tica cient\u00edfica, pedag\u00f3gica y espiritual, que viene publicando en distintas revistas nacionales e internacionales. En 2012 culmin\u00f3 el santoral Llamados a ser santos y poco m\u00e1s tarde Epopeyas de amor prologado por mons. Fernando Sebasti\u00e1n. Es la bi\u00f3grafa oficial del fundador de su familia espiritual, autora de Fernando Rielo Pardal. Fundador de los Misioneros Identes, Descl\u00e9e de Brouwer, Bilbao, 2009. Culmina la biograf\u00eda completa. Encargada del santoral de ZENIT desde 2012 a 2020 y ahora en Exaudi","url":"https:\/\/exaudi.org\/es\/author\/isabelorellana\/"}]}},"jetpack_featured_media_url":"https:\/\/exaudi.org\/wp-content\/uploads\/2021\/08\/santa-monica-y-san-agustin.jpg","jetpack_shortlink":"https:\/\/wp.me\/pgKjF2-84R","_links":{"self":[{"href":"https:\/\/exaudi.org\/es\/wp-json\/wp\/v2\/posts\/31053","targetHints":{"allow":["GET"]}}],"collection":[{"href":"https:\/\/exaudi.org\/es\/wp-json\/wp\/v2\/posts"}],"about":[{"href":"https:\/\/exaudi.org\/es\/wp-json\/wp\/v2\/types\/post"}],"author":[{"embeddable":true,"href":"https:\/\/exaudi.org\/es\/wp-json\/wp\/v2\/users\/23"}],"replies":[{"embeddable":true,"href":"https:\/\/exaudi.org\/es\/wp-json\/wp\/v2\/comments?post=31053"}],"version-history":[{"count":3,"href":"https:\/\/exaudi.org\/es\/wp-json\/wp\/v2\/posts\/31053\/revisions"}],"predecessor-version":[{"id":132683,"href":"https:\/\/exaudi.org\/es\/wp-json\/wp\/v2\/posts\/31053\/revisions\/132683"}],"wp:featuredmedia":[{"embeddable":true,"href":"https:\/\/exaudi.org\/es\/wp-json\/wp\/v2\/media\/31054"}],"wp:attachment":[{"href":"https:\/\/exaudi.org\/es\/wp-json\/wp\/v2\/media?parent=31053"}],"wp:term":[{"taxonomy":"category","embeddable":true,"href":"https:\/\/exaudi.org\/es\/wp-json\/wp\/v2\/categories?post=31053"},{"taxonomy":"post_tag","embeddable":true,"href":"https:\/\/exaudi.org\/es\/wp-json\/wp\/v2\/tags?post=31053"}],"curies":[{"name":"wp","href":"https:\/\/api.w.org\/{rel}","templated":true}]}}