{"id":31033,"date":"2021-08-26T10:42:39","date_gmt":"2021-08-26T08:42:39","guid":{"rendered":"https:\/\/exaudi.wpengine.com\/?p=31033"},"modified":"2021-08-27T16:09:54","modified_gmt":"2021-08-27T14:09:54","slug":"caminata-2021-experiencia-ponernos-en-salida","status":"publish","type":"post","link":"https:\/\/exaudi.org\/es\/caminata-2021-experiencia-ponernos-en-salida\/","title":{"rendered":"\u201cCaminata 2021\u201d, una experiencia \u201cde ponernos en salida\u201d"},"content":{"rendered":"<p><span style=\"font-weight: 400\">El<\/span> <a href=\"https:\/\/exaudi.wpengine.com\/es\/sea-vuestro-lenguaje-si-si-no-no\/\"><span style=\"font-weight: 400\">Papa Francisco<\/span><\/a><span style=\"font-weight: 400\"> envi\u00f3 ayer, 25 de agosto de 2021, un<\/span><a href=\"https:\/\/www.youtube.com\/watch?v=_Y4sXJ9SNPs\"> <span style=\"font-weight: 400\">videomensaje<\/span><\/a><span style=\"font-weight: 400\"> a los voluntarios de todas las organizaciones de<\/span><a href=\"https:\/\/caritas.org.ar\/\"> <span style=\"font-weight: 400\">C\u00e1ritas en Argentina<\/span><\/a><span style=\"font-weight: 400\">, con motivo de la \u201cCaminata 2021\u201d, una iniciativa que se realiza cada tres a\u00f1os. En el mismo, el Santo Padre describe una \u201cexperiencia de ponernos &#8216;en salida&#8217;, de escucharnos y discernir c\u00f3mo amar y servir m\u00e1s concretamente de acuerdo al tiempo y a las circunstancias. Y, sobre todo, viendo los signos de los tiempos y de los lugares\u201d.<\/span><\/p>\n<h4><b>Etapa Comunitaria<\/b><\/h4>\n<p><span style=\"font-weight: 400\">Tal y como informan los promotores de la experiencia, el mi\u00e9rcoles 25 se realiz\u00f3 una presentaci\u00f3n virtual de la Etapa Comunitaria de la Caminata en todo el pa\u00eds: \u201cA la peregrinaci\u00f3n de las im\u00e1genes se suma un tiempo de encuentros y conversaciones breves en comunidad. Ser\u00e1n un espacio corto, de no m\u00e1s de 10 minutos, en los que podremos sentirnos juntos a la distancia. Esperamos una participaci\u00f3n especial desde Roma\u201d.<\/span><\/p>\n<p><span style=\"font-weight: 400\">Se transmiti\u00f3 a trav\u00e9s del <\/span><i><span style=\"font-weight: 400\">Facebook <\/span><\/i><span style=\"font-weight: 400\">y el canal de <\/span><i><span style=\"font-weight: 400\">YouTube <\/span><\/i><span style=\"font-weight: 400\">de C\u00e1ritas Argentina, y es posible ver el v\u00eddeo aqu\u00ed:<\/span><a href=\"https:\/\/l.facebook.com\/l.php?u=https%3A%2F%2Fwww.youtube.com%2Fuser%2FcaritasARGoficial%3Ffbclid%3DIwAR3gAf0N5XrV6upK7q06IqAN3f9fGOYdvSfY9GXqnbRuACz_X9Avnta7qfo&amp;h=AT3-DYw6q0L73wkSGIilv_mNj_dcPI8DHef9m47f6V5iRPhxmvN4ctI1RwGeK0biPMIuzbyeBx3hYHYxChPRVRb1zCxR7gAPJCq9sKLAvCU73unWZ7cHa3OdaCUO4NZTW5S2&amp;__tn__=-UK-R&amp;c[0]=AT3SxQ9_FCG9rsBuDhFQJCG4PMG3NvwGlhA2_40CnxW0ZKCAyMAIK9OYjklnVn93_hd7uzc6SaBxj9lvizQW1jg8_j9etGPyNaiyzlXnTSEMfhCHGznSpheg61J7RKtGI2CS2Fo2-gXBGYPT8vtUMqPpxnMM7Om-dVx0U2z8ssErqsI\"> <span style=\"font-weight: 400\">www.youtube.com\/user\/caritasARGoficial<\/span><\/a><span style=\"font-weight: 400\">.<\/span><\/p>\n<h4><b>C\u00e1ritas Argentina<\/b><\/h4>\n<p><span style=\"font-weight: 400\">La propia organizaci\u00f3n se define dentro de la Iglesia cat\u00f3lica con el objetivo de \u201cdar respuesta a las problem\u00e1ticas sociales que derivan de la pobreza\u201d. Se compone de m\u00e1s de 32.000 voluntarios en 3.500 equipos de trabajo en todos los rincones de Argentina. Entre su trabajo est\u00e1 acompa\u00f1ar a personas, familias y comunidades que se encuentran en situaci\u00f3n de exclusi\u00f3n y vulnerabilidad. Les brindan contenci\u00f3n espiritual y herramientas concretas.<\/span><\/p>\n<p><span style=\"font-weight: 400\">Ofrecen asistencia, una \u201cforma de animar la caridad que consiste en dar respuestas a las necesidades m\u00ednimas o situaciones de emergencia de las comunidades m\u00e1s pobres\u201d. El desaf\u00edo, explica C\u00e1ritas, \u201ces no solamente dar de comer o abrigar sino acompa\u00f1ar a las familias y ser puerta de entrada para escuchar, contener, organizar y planificar tareas que estimulen la promoci\u00f3n humana\u201d.<\/span><\/p>\n<p><span style=\"font-weight: 400\">Tambi\u00e9n hacen promoci\u00f3n humana, en busca de \u201cmodificar, mejorar y suscitar cambios que mejoren las condiciones de vida de los m\u00e1s pobres. Requiere incorporar a las personas en la b\u00fasqueda de soluciones a sus problemas junto con otros\u201d. Y, finalmente, se trata de una caridad transformadora: \u201cEs impulsar la reflexi\u00f3n y la formaci\u00f3n de la conciencia social, acompa\u00f1ando acciones que permitan para pasar de habitantes a ciudadanos\u201d.<\/span><\/p>\n<p><span style=\"font-weight: 400\">A continuaci\u00f3n puedes ver el videomensaje del Papa, ofrecido por el Vaticano.<\/span><\/p>\n<p>***<\/p>\n<h4><strong>Videomensaje del Papa<\/strong><\/h4>\n<p><iframe loading=\"lazy\" title=\"Francisco se suma a &quot;La Caminata&quot; de C\u00e1ritas Argentina\" width=\"500\" height=\"281\" src=\"https:\/\/www.youtube.com\/embed\/_Y4sXJ9SNPs?feature=oembed\" frameborder=\"0\" allow=\"accelerometer; autoplay; clipboard-write; encrypted-media; gyroscope; picture-in-picture; web-share\" referrerpolicy=\"strict-origin-when-cross-origin\" allowfullscreen><\/iframe><\/p>\n","protected":false},"excerpt":{"rendered":"<p>Videomensaje a los voluntarios de C\u00e1ritas en Argentina<\/p>\n","protected":false},"author":6,"featured_media":31034,"comment_status":"closed","ping_status":"closed","sticky":false,"template":"","format":"standard","meta":{"_acf_changed":false,"_crdt_document":"","inline_featured_image":false,"footnotes":""},"categories":[118,298],"tags":[3830,3831,362],"class_list":["post-31033","post","type-post","status-publish","format-standard","has-post-thumbnail","hentry","category-mensajes","category-ultimas-noticias","tag-caminata-2021","tag-caritas-argentina","tag-videomensaje"],"acf":[],"yoast_head":"<!-- This site is optimized with the Yoast SEO plugin v27.5 - https:\/\/yoast.com\/product\/yoast-seo-wordpress\/ -->\n<title>\u201cCaminata 2021\u201d, una experiencia \u201cde ponernos en salida\u201d - Exaudi<\/title>\n<meta name=\"description\" content=\"En su videomensaje a los voluntarios de C\u00e1ritas Argentina, el Papa describe la \u201cCaminata 2021\u201d como \u201cuna experiencia de ponernos en salida\u201d.\" \/>\n<meta name=\"robots\" content=\"index, follow, max-snippet:-1, max-image-preview:large, max-video-preview:-1\" \/>\n<link rel=\"canonical\" href=\"https:\/\/exaudi.org\/es\/caminata-2021-experiencia-ponernos-en-salida\/\" \/>\n<meta property=\"og:locale\" content=\"es_ES\" \/>\n<meta property=\"og:type\" content=\"article\" \/>\n<meta property=\"og:title\" content=\"\u201cCaminata 2021\u201d, una experiencia \u201cde ponernos en salida\u201d - Exaudi\" \/>\n<meta property=\"og:description\" content=\"En su videomensaje a los voluntarios de C\u00e1ritas Argentina, el Papa describe la \u201cCaminata 2021\u201d como \u201cuna experiencia de ponernos en salida\u201d.\" \/>\n<meta property=\"og:url\" content=\"https:\/\/exaudi.org\/es\/caminata-2021-experiencia-ponernos-en-salida\/\" \/>\n<meta property=\"og:site_name\" content=\"Exaudi\" \/>\n<meta property=\"article:publisher\" content=\"https:\/\/www.facebook.com\/ExaudiNews\" \/>\n<meta property=\"article:published_time\" content=\"2021-08-26T08:42:39+00:00\" \/>\n<meta property=\"article:modified_time\" content=\"2021-08-27T14:09:54+00:00\" \/>\n<meta property=\"og:image\" content=\"https:\/\/exaudi.org\/wp-content\/uploads\/2021\/08\/2v34v3-scaled.jpg\" \/>\n\t<meta property=\"og:image:width\" content=\"2560\" \/>\n\t<meta property=\"og:image:height\" content=\"2048\" \/>\n\t<meta property=\"og:image:type\" content=\"image\/jpeg\" \/>\n<meta name=\"author\" content=\"Gabriel Sales\" \/>\n<meta name=\"twitter:card\" content=\"summary_large_image\" \/>\n<meta name=\"twitter:creator\" content=\"@habemusman\" \/>\n<meta name=\"twitter:site\" content=\"@Exaudi_News\" \/>\n<meta name=\"twitter:label1\" content=\"Escrito por\" \/>\n\t<meta name=\"twitter:data1\" content=\"Gabriel Sales\" \/>\n\t<meta name=\"twitter:label2\" content=\"Tiempo de lectura\" \/>\n\t<meta name=\"twitter:data2\" content=\"2 minutos\" \/>\n<script type=\"application\/ld+json\" class=\"yoast-schema-graph\">{\"@context\":\"https:\\\/\\\/schema.org\",\"@graph\":[{\"@type\":\"Article\",\"@id\":\"https:\\\/\\\/exaudi.org\\\/es\\\/caminata-2021-experiencia-ponernos-en-salida\\\/#article\",\"isPartOf\":{\"@id\":\"https:\\\/\\\/exaudi.org\\\/es\\\/caminata-2021-experiencia-ponernos-en-salida\\\/\"},\"author\":{\"name\":\"Gabriel Sales\",\"@id\":\"https:\\\/\\\/exaudi.org\\\/#\\\/schema\\\/person\\\/d134b96438278131ce90c90c03fda6cd\"},\"headline\":\"\u201cCaminata 2021\u201d, una experiencia \u201cde ponernos en salida\u201d\",\"datePublished\":\"2021-08-26T08:42:39+00:00\",\"dateModified\":\"2021-08-27T14:09:54+00:00\",\"mainEntityOfPage\":{\"@id\":\"https:\\\/\\\/exaudi.org\\\/es\\\/caminata-2021-experiencia-ponernos-en-salida\\\/\"},\"wordCount\":441,\"image\":{\"@id\":\"https:\\\/\\\/exaudi.org\\\/es\\\/caminata-2021-experiencia-ponernos-en-salida\\\/#primaryimage\"},\"thumbnailUrl\":\"https:\\\/\\\/exaudi.org\\\/wp-content\\\/uploads\\\/2021\\\/08\\\/2v34v3-scaled.jpg\",\"keywords\":[\"\u201cCaminata 2021\u201d\",\"C\u00e1ritas Argentina\",\"Videomensaje\"],\"articleSection\":[\"Mensajes\",\"\u00daltimas noticias\"],\"inLanguage\":\"es\"},{\"@type\":\"WebPage\",\"@id\":\"https:\\\/\\\/exaudi.org\\\/es\\\/caminata-2021-experiencia-ponernos-en-salida\\\/\",\"url\":\"https:\\\/\\\/exaudi.org\\\/es\\\/caminata-2021-experiencia-ponernos-en-salida\\\/\",\"name\":\"\u201cCaminata 2021\u201d, una experiencia \u201cde ponernos en salida\u201d - Exaudi\",\"isPartOf\":{\"@id\":\"https:\\\/\\\/exaudi.org\\\/#website\"},\"primaryImageOfPage\":{\"@id\":\"https:\\\/\\\/exaudi.org\\\/es\\\/caminata-2021-experiencia-ponernos-en-salida\\\/#primaryimage\"},\"image\":{\"@id\":\"https:\\\/\\\/exaudi.org\\\/es\\\/caminata-2021-experiencia-ponernos-en-salida\\\/#primaryimage\"},\"thumbnailUrl\":\"https:\\\/\\\/exaudi.org\\\/wp-content\\\/uploads\\\/2021\\\/08\\\/2v34v3-scaled.jpg\",\"datePublished\":\"2021-08-26T08:42:39+00:00\",\"dateModified\":\"2021-08-27T14:09:54+00:00\",\"author\":{\"@id\":\"https:\\\/\\\/exaudi.org\\\/#\\\/schema\\\/person\\\/d134b96438278131ce90c90c03fda6cd\"},\"description\":\"En su videomensaje a los voluntarios de C\u00e1ritas Argentina, el Papa describe la \u201cCaminata 2021\u201d como \u201cuna experiencia de ponernos en salida\u201d.\",\"breadcrumb\":{\"@id\":\"https:\\\/\\\/exaudi.org\\\/es\\\/caminata-2021-experiencia-ponernos-en-salida\\\/#breadcrumb\"},\"inLanguage\":\"es\",\"potentialAction\":[{\"@type\":\"ReadAction\",\"target\":[\"https:\\\/\\\/exaudi.org\\\/es\\\/caminata-2021-experiencia-ponernos-en-salida\\\/\"]}]},{\"@type\":\"ImageObject\",\"inLanguage\":\"es\",\"@id\":\"https:\\\/\\\/exaudi.org\\\/es\\\/caminata-2021-experiencia-ponernos-en-salida\\\/#primaryimage\",\"url\":\"https:\\\/\\\/exaudi.org\\\/wp-content\\\/uploads\\\/2021\\\/08\\\/2v34v3-scaled.jpg\",\"contentUrl\":\"https:\\\/\\\/exaudi.org\\\/wp-content\\\/uploads\\\/2021\\\/08\\\/2v34v3-scaled.jpg\",\"width\":2560,\"height\":2048,\"caption\":\"Papa Francisco \u00a9 Cathopic\"},{\"@type\":\"BreadcrumbList\",\"@id\":\"https:\\\/\\\/exaudi.org\\\/es\\\/caminata-2021-experiencia-ponernos-en-salida\\\/#breadcrumb\",\"itemListElement\":[{\"@type\":\"ListItem\",\"position\":1,\"name\":\"Portada\",\"item\":\"https:\\\/\\\/exaudi.org\\\/es\\\/\"},{\"@type\":\"ListItem\",\"position\":2,\"name\":\"\u201cCaminata 2021\u201d, una experiencia \u201cde ponernos en salida\u201d\"}]},{\"@type\":\"WebSite\",\"@id\":\"https:\\\/\\\/exaudi.org\\\/#website\",\"url\":\"https:\\\/\\\/exaudi.org\\\/\",\"name\":\"Exaudi\",\"description\":\"News\",\"potentialAction\":[{\"@type\":\"SearchAction\",\"target\":{\"@type\":\"EntryPoint\",\"urlTemplate\":\"https:\\\/\\\/exaudi.org\\\/?s={search_term_string}\"},\"query-input\":{\"@type\":\"PropertyValueSpecification\",\"valueRequired\":true,\"valueName\":\"search_term_string\"}}],\"inLanguage\":\"es\"},{\"@type\":\"Person\",\"@id\":\"https:\\\/\\\/exaudi.org\\\/#\\\/schema\\\/person\\\/d134b96438278131ce90c90c03fda6cd\",\"name\":\"Gabriel Sales\",\"image\":{\"@type\":\"ImageObject\",\"inLanguage\":\"es\",\"@id\":\"https:\\\/\\\/secure.gravatar.com\\\/avatar\\\/9b1269566f6a063ed26ffb3532b66a373cdde231ce5d0effb266167437fdaffd?s=96&d=mm&r=g\",\"url\":\"https:\\\/\\\/secure.gravatar.com\\\/avatar\\\/9b1269566f6a063ed26ffb3532b66a373cdde231ce5d0effb266167437fdaffd?s=96&d=mm&r=g\",\"contentUrl\":\"https:\\\/\\\/secure.gravatar.com\\\/avatar\\\/9b1269566f6a063ed26ffb3532b66a373cdde231ce5d0effb266167437fdaffd?s=96&d=mm&r=g\",\"caption\":\"Gabriel Sales\"},\"description\":\"Periodista y especialista en Comunicaci\u00f3n y Branding digital. Cin\u00e9filo y cr\u00edtico de cine y series de televisi\u00f3n.\",\"sameAs\":[\"https:\\\/\\\/www.instagram.com\\\/cine90segundos\\\/\",\"www.linkedin.com\\\/in\\\/habemusman\",\"https:\\\/\\\/x.com\\\/habemusman\",\"https:\\\/\\\/www.youtube.com\\\/channel\\\/UCVfCiOMkJ_C7T7OpyjuaLDg\"],\"url\":\"https:\\\/\\\/exaudi.org\\\/es\\\/author\\\/gsalesexaudi-org\\\/\"}]}<\/script>\n<!-- \/ Yoast SEO plugin. -->","yoast_head_json":{"title":"\u201cCaminata 2021\u201d, una experiencia \u201cde ponernos en salida\u201d - Exaudi","description":"En su videomensaje a los voluntarios de C\u00e1ritas Argentina, el Papa describe la \u201cCaminata 2021\u201d como \u201cuna experiencia de ponernos en salida\u201d.","robots":{"index":"index","follow":"follow","max-snippet":"max-snippet:-1","max-image-preview":"max-image-preview:large","max-video-preview":"max-video-preview:-1"},"canonical":"https:\/\/exaudi.org\/es\/caminata-2021-experiencia-ponernos-en-salida\/","og_locale":"es_ES","og_type":"article","og_title":"\u201cCaminata 2021\u201d, una experiencia \u201cde ponernos en salida\u201d - Exaudi","og_description":"En su videomensaje a los voluntarios de C\u00e1ritas Argentina, el Papa describe la \u201cCaminata 2021\u201d como \u201cuna experiencia de ponernos en salida\u201d.","og_url":"https:\/\/exaudi.org\/es\/caminata-2021-experiencia-ponernos-en-salida\/","og_site_name":"Exaudi","article_publisher":"https:\/\/www.facebook.com\/ExaudiNews","article_published_time":"2021-08-26T08:42:39+00:00","article_modified_time":"2021-08-27T14:09:54+00:00","og_image":[{"width":2560,"height":2048,"url":"https:\/\/exaudi.org\/wp-content\/uploads\/2021\/08\/2v34v3-scaled.jpg","type":"image\/jpeg"}],"author":"Gabriel Sales","twitter_card":"summary_large_image","twitter_creator":"@habemusman","twitter_site":"@Exaudi_News","twitter_misc":{"Escrito por":"Gabriel Sales","Tiempo de lectura":"2 minutos"},"schema":{"@context":"https:\/\/schema.org","@graph":[{"@type":"Article","@id":"https:\/\/exaudi.org\/es\/caminata-2021-experiencia-ponernos-en-salida\/#article","isPartOf":{"@id":"https:\/\/exaudi.org\/es\/caminata-2021-experiencia-ponernos-en-salida\/"},"author":{"name":"Gabriel Sales","@id":"https:\/\/exaudi.org\/#\/schema\/person\/d134b96438278131ce90c90c03fda6cd"},"headline":"\u201cCaminata 2021\u201d, una experiencia \u201cde ponernos en salida\u201d","datePublished":"2021-08-26T08:42:39+00:00","dateModified":"2021-08-27T14:09:54+00:00","mainEntityOfPage":{"@id":"https:\/\/exaudi.org\/es\/caminata-2021-experiencia-ponernos-en-salida\/"},"wordCount":441,"image":{"@id":"https:\/\/exaudi.org\/es\/caminata-2021-experiencia-ponernos-en-salida\/#primaryimage"},"thumbnailUrl":"https:\/\/exaudi.org\/wp-content\/uploads\/2021\/08\/2v34v3-scaled.jpg","keywords":["\u201cCaminata 2021\u201d","C\u00e1ritas Argentina","Videomensaje"],"articleSection":["Mensajes","\u00daltimas noticias"],"inLanguage":"es"},{"@type":"WebPage","@id":"https:\/\/exaudi.org\/es\/caminata-2021-experiencia-ponernos-en-salida\/","url":"https:\/\/exaudi.org\/es\/caminata-2021-experiencia-ponernos-en-salida\/","name":"\u201cCaminata 2021\u201d, una experiencia \u201cde ponernos en salida\u201d - Exaudi","isPartOf":{"@id":"https:\/\/exaudi.org\/#website"},"primaryImageOfPage":{"@id":"https:\/\/exaudi.org\/es\/caminata-2021-experiencia-ponernos-en-salida\/#primaryimage"},"image":{"@id":"https:\/\/exaudi.org\/es\/caminata-2021-experiencia-ponernos-en-salida\/#primaryimage"},"thumbnailUrl":"https:\/\/exaudi.org\/wp-content\/uploads\/2021\/08\/2v34v3-scaled.jpg","datePublished":"2021-08-26T08:42:39+00:00","dateModified":"2021-08-27T14:09:54+00:00","author":{"@id":"https:\/\/exaudi.org\/#\/schema\/person\/d134b96438278131ce90c90c03fda6cd"},"description":"En su videomensaje a los voluntarios de C\u00e1ritas Argentina, el Papa describe la \u201cCaminata 2021\u201d como \u201cuna experiencia de ponernos en salida\u201d.","breadcrumb":{"@id":"https:\/\/exaudi.org\/es\/caminata-2021-experiencia-ponernos-en-salida\/#breadcrumb"},"inLanguage":"es","potentialAction":[{"@type":"ReadAction","target":["https:\/\/exaudi.org\/es\/caminata-2021-experiencia-ponernos-en-salida\/"]}]},{"@type":"ImageObject","inLanguage":"es","@id":"https:\/\/exaudi.org\/es\/caminata-2021-experiencia-ponernos-en-salida\/#primaryimage","url":"https:\/\/exaudi.org\/wp-content\/uploads\/2021\/08\/2v34v3-scaled.jpg","contentUrl":"https:\/\/exaudi.org\/wp-content\/uploads\/2021\/08\/2v34v3-scaled.jpg","width":2560,"height":2048,"caption":"Papa Francisco \u00a9 Cathopic"},{"@type":"BreadcrumbList","@id":"https:\/\/exaudi.org\/es\/caminata-2021-experiencia-ponernos-en-salida\/#breadcrumb","itemListElement":[{"@type":"ListItem","position":1,"name":"Portada","item":"https:\/\/exaudi.org\/es\/"},{"@type":"ListItem","position":2,"name":"\u201cCaminata 2021\u201d, una experiencia \u201cde ponernos en salida\u201d"}]},{"@type":"WebSite","@id":"https:\/\/exaudi.org\/#website","url":"https:\/\/exaudi.org\/","name":"Exaudi","description":"News","potentialAction":[{"@type":"SearchAction","target":{"@type":"EntryPoint","urlTemplate":"https:\/\/exaudi.org\/?s={search_term_string}"},"query-input":{"@type":"PropertyValueSpecification","valueRequired":true,"valueName":"search_term_string"}}],"inLanguage":"es"},{"@type":"Person","@id":"https:\/\/exaudi.org\/#\/schema\/person\/d134b96438278131ce90c90c03fda6cd","name":"Gabriel Sales","image":{"@type":"ImageObject","inLanguage":"es","@id":"https:\/\/secure.gravatar.com\/avatar\/9b1269566f6a063ed26ffb3532b66a373cdde231ce5d0effb266167437fdaffd?s=96&d=mm&r=g","url":"https:\/\/secure.gravatar.com\/avatar\/9b1269566f6a063ed26ffb3532b66a373cdde231ce5d0effb266167437fdaffd?s=96&d=mm&r=g","contentUrl":"https:\/\/secure.gravatar.com\/avatar\/9b1269566f6a063ed26ffb3532b66a373cdde231ce5d0effb266167437fdaffd?s=96&d=mm&r=g","caption":"Gabriel Sales"},"description":"Periodista y especialista en Comunicaci\u00f3n y Branding digital. Cin\u00e9filo y cr\u00edtico de cine y series de televisi\u00f3n.","sameAs":["https:\/\/www.instagram.com\/cine90segundos\/","www.linkedin.com\/in\/habemusman","https:\/\/x.com\/habemusman","https:\/\/www.youtube.com\/channel\/UCVfCiOMkJ_C7T7OpyjuaLDg"],"url":"https:\/\/exaudi.org\/es\/author\/gsalesexaudi-org\/"}]}},"jetpack_featured_media_url":"https:\/\/exaudi.org\/wp-content\/uploads\/2021\/08\/2v34v3-scaled.jpg","jetpack_shortlink":"https:\/\/wp.me\/pgKjF2-84x","_links":{"self":[{"href":"https:\/\/exaudi.org\/es\/wp-json\/wp\/v2\/posts\/31033","targetHints":{"allow":["GET"]}}],"collection":[{"href":"https:\/\/exaudi.org\/es\/wp-json\/wp\/v2\/posts"}],"about":[{"href":"https:\/\/exaudi.org\/es\/wp-json\/wp\/v2\/types\/post"}],"author":[{"embeddable":true,"href":"https:\/\/exaudi.org\/es\/wp-json\/wp\/v2\/users\/6"}],"replies":[{"embeddable":true,"href":"https:\/\/exaudi.org\/es\/wp-json\/wp\/v2\/comments?post=31033"}],"version-history":[{"count":0,"href":"https:\/\/exaudi.org\/es\/wp-json\/wp\/v2\/posts\/31033\/revisions"}],"wp:featuredmedia":[{"embeddable":true,"href":"https:\/\/exaudi.org\/es\/wp-json\/wp\/v2\/media\/31034"}],"wp:attachment":[{"href":"https:\/\/exaudi.org\/es\/wp-json\/wp\/v2\/media?parent=31033"}],"wp:term":[{"taxonomy":"category","embeddable":true,"href":"https:\/\/exaudi.org\/es\/wp-json\/wp\/v2\/categories?post=31033"},{"taxonomy":"post_tag","embeddable":true,"href":"https:\/\/exaudi.org\/es\/wp-json\/wp\/v2\/tags?post=31033"}],"curies":[{"name":"wp","href":"https:\/\/api.w.org\/{rel}","templated":true}]}}