{"id":30993,"date":"2021-08-25T17:33:40","date_gmt":"2021-08-25T15:33:40","guid":{"rendered":"https:\/\/exaudi.wpengine.com\/?p=30993"},"modified":"2021-08-26T10:41:26","modified_gmt":"2021-08-26T08:41:26","slug":"peru-obispos-denuncian-polarizacion-politica-pais","status":"publish","type":"post","link":"https:\/\/exaudi.org\/es\/peru-obispos-denuncian-polarizacion-politica-pais\/","title":{"rendered":"Per\u00fa: Obispos denuncian la polarizaci\u00f3n pol\u00edtica del pa\u00eds"},"content":{"rendered":"<p>Los obispos de la <a href=\"https:\/\/www.iglesiacatolica.org.pe\/\" target=\"_blank\" rel=\"noopener\">Conferencia Episcopal de Per\u00fa<\/a> (CEP) han emitido el mensaje \u201cCon paso firme, hagamos grande nuestro Per\u00fa\u201d a 24 horas de la solicitud del voto de confianza del primer gabinete del presidente Pedro Castillo, encabezado por Guido Bellido, ante el Congreso de la Rep\u00fablica. En el documento, el <a href=\"https:\/\/exaudi.wpengine.com\/es\/peru-episcopado-lanza-colecta-juntos-por-haiti\/\" target=\"_blank\" rel=\"noopener\">Episcopado<\/a> denuncia la polarizaci\u00f3n y fragilidad pol\u00edtica que ha sufrido el pa\u00eds.<\/p>\n<p>Al comienzo del mensaje, los prelados peruanos manifiestan su preocupaci\u00f3n al ver que la \u201cpolarizaci\u00f3n pol\u00edtica extrema crea incertidumbre en el pa\u00eds\u201d, algo que repercute en los m\u00e1s pobres y vulnerables: \u201cEl penoso e hist\u00f3rico olvido del estado de miles de compatriotas de las periferias del pa\u00eds, acent\u00faa las grandes desigualdades sociales y produce dolor y resentimiento\u201d.<\/p>\n<h4><strong>Mayor cuidado del ciudadano<\/strong><\/h4>\n<p>Muchos compatriotas, exponen, \u201csufren por la falta de trabajo, el alto costo de vida y por el temor a invertir en el pa\u00eds\u201d, realidad agravada por la tercera ola de la COVID-19. Asimismo, ilustran el temor que los padres de familia tienen por la no consecuci\u00f3n de algunos objetivos educativos a trav\u00e9s de las clases virtuales.<\/p>\n<p>Cambiando de tema, la CEP apela al Gobierno a la provisi\u00f3n de vacunas para toda la sociedad, y llama a la vacunaci\u00f3n a todo ciudadano. Asimismo, apela a la reconciliaci\u00f3n y superaci\u00f3n de polaridades, \u201cgenerando una cultura de encuentro y di\u00e1logo\u201d. La intolerancia, insiste, \u201cla indiferencia y la discriminaci\u00f3n no deben seguir primando en nuestra convivencia\u201d.<\/p>\n<h4><strong>Democracia para la libertad<\/strong><\/h4>\n<p>Del mismo modo, el Episcopado peruano invita a buscar el bien com\u00fan y la democracia, evitando el uso de la pol\u00edtica como mecanismo de \u201cexasperar, exacerbar y polarizar\u201d, as\u00ed como orient\u00e1ndola \u201chacia la libertad y evitando el autoritarismo, hacia la igualdad combatiendo toda forma de discriminaci\u00f3n y pobreza, y hacia la fraternidad, promoviendo la amistad social y el cuidado de nuestra gran diversidad cultural y rica biodiversidad\u201d.<\/p>\n<p>Tambi\u00e9n reitera su disponibilidad al di\u00e1logo con las autoridades gubernamentales, y apela al compromiso responsable de todos los ciudadanos para trabajar unidos por el bien com\u00fan: \u201cLa Iglesia tiende sus manos y reitera su disposici\u00f3n para tender puentes y trabajar unidos en fraternidad y amistad social, por el bien com\u00fan, el desarrollo humano integral y para fortalecer nuestra fr\u00e1gil democracia\u201d.<\/p>\n","protected":false},"excerpt":{"rendered":"<p>A 24 horas de la solicitud del voto de confianza del presidente Pedro Castillo ante el Congreso<\/p>\n","protected":false},"author":6,"featured_media":30997,"comment_status":"closed","ping_status":"closed","sticky":false,"template":"","format":"standard","meta":{"_acf_changed":false,"_crdt_document":"","inline_featured_image":false,"footnotes":""},"categories":[86,94,298],"tags":[609,174,3825,634],"class_list":["post-30993","post","type-post","status-publish","format-standard","has-post-thumbnail","hentry","category-iglesia-local","category-justicia-y-paz","category-ultimas-noticias","tag-conferencia-episcopal-peruana-cep","tag-mensaje","tag-polarizacion","tag-politica"],"acf":[],"yoast_head":"<!-- This site is optimized with the Yoast SEO plugin v27.5 - https:\/\/yoast.com\/product\/yoast-seo-wordpress\/ -->\n<title>Per\u00fa: Obispos denuncian la polarizaci\u00f3n pol\u00edtica del pa\u00eds - Exaudi<\/title>\n<meta name=\"description\" content=\"Los obispos del Episcopado de Per\u00fa (CEP) han emitido el mensaje en el que denuncia la polarizaci\u00f3n pol\u00edtica que ha sufrido el pa\u00eds.\" \/>\n<meta name=\"robots\" content=\"index, follow, max-snippet:-1, max-image-preview:large, max-video-preview:-1\" \/>\n<link rel=\"canonical\" href=\"https:\/\/exaudi.org\/es\/peru-obispos-denuncian-polarizacion-politica-pais\/\" \/>\n<meta property=\"og:locale\" content=\"es_ES\" \/>\n<meta property=\"og:type\" content=\"article\" \/>\n<meta property=\"og:title\" content=\"Per\u00fa: Obispos denuncian la polarizaci\u00f3n pol\u00edtica del pa\u00eds - Exaudi\" \/>\n<meta property=\"og:description\" content=\"Los obispos del Episcopado de Per\u00fa (CEP) han emitido el mensaje en el que denuncia la polarizaci\u00f3n pol\u00edtica que ha sufrido el pa\u00eds.\" \/>\n<meta property=\"og:url\" content=\"https:\/\/exaudi.org\/es\/peru-obispos-denuncian-polarizacion-politica-pais\/\" \/>\n<meta property=\"og:site_name\" content=\"Exaudi\" \/>\n<meta property=\"article:publisher\" content=\"https:\/\/www.facebook.com\/ExaudiNews\" \/>\n<meta property=\"article:published_time\" content=\"2021-08-25T15:33:40+00:00\" \/>\n<meta property=\"article:modified_time\" content=\"2021-08-26T08:41:26+00:00\" \/>\n<meta property=\"og:image\" content=\"https:\/\/exaudi.org\/wp-content\/uploads\/2021\/08\/23423vvv.jpg\" \/>\n\t<meta property=\"og:image:width\" content=\"2485\" \/>\n\t<meta property=\"og:image:height\" content=\"1656\" \/>\n\t<meta property=\"og:image:type\" content=\"image\/jpeg\" \/>\n<meta name=\"author\" content=\"Gabriel Sales\" \/>\n<meta name=\"twitter:card\" content=\"summary_large_image\" \/>\n<meta name=\"twitter:creator\" content=\"@habemusman\" \/>\n<meta name=\"twitter:site\" content=\"@Exaudi_News\" \/>\n<meta name=\"twitter:label1\" content=\"Escrito por\" \/>\n\t<meta name=\"twitter:data1\" content=\"Gabriel Sales\" \/>\n\t<meta name=\"twitter:label2\" content=\"Tiempo de lectura\" \/>\n\t<meta name=\"twitter:data2\" content=\"2 minutos\" \/>\n<script type=\"application\/ld+json\" class=\"yoast-schema-graph\">{\"@context\":\"https:\\\/\\\/schema.org\",\"@graph\":[{\"@type\":\"Article\",\"@id\":\"https:\\\/\\\/exaudi.org\\\/es\\\/peru-obispos-denuncian-polarizacion-politica-pais\\\/#article\",\"isPartOf\":{\"@id\":\"https:\\\/\\\/exaudi.org\\\/es\\\/peru-obispos-denuncian-polarizacion-politica-pais\\\/\"},\"author\":{\"name\":\"Gabriel Sales\",\"@id\":\"https:\\\/\\\/exaudi.org\\\/#\\\/schema\\\/person\\\/d134b96438278131ce90c90c03fda6cd\"},\"headline\":\"Per\u00fa: Obispos denuncian la polarizaci\u00f3n pol\u00edtica del pa\u00eds\",\"datePublished\":\"2021-08-25T15:33:40+00:00\",\"dateModified\":\"2021-08-26T08:41:26+00:00\",\"mainEntityOfPage\":{\"@id\":\"https:\\\/\\\/exaudi.org\\\/es\\\/peru-obispos-denuncian-polarizacion-politica-pais\\\/\"},\"wordCount\":408,\"image\":{\"@id\":\"https:\\\/\\\/exaudi.org\\\/es\\\/peru-obispos-denuncian-polarizacion-politica-pais\\\/#primaryimage\"},\"thumbnailUrl\":\"https:\\\/\\\/exaudi.org\\\/wp-content\\\/uploads\\\/2021\\\/08\\\/23423vvv.jpg\",\"keywords\":[\"Conferencia Episcopal Peruana (CEP)\",\"mensaje\",\"Polarizaci\u00f3n\",\"Pol\u00edtica\"],\"articleSection\":[\"Iglesia Local\",\"Justicia y Paz\",\"\u00daltimas noticias\"],\"inLanguage\":\"es\"},{\"@type\":\"WebPage\",\"@id\":\"https:\\\/\\\/exaudi.org\\\/es\\\/peru-obispos-denuncian-polarizacion-politica-pais\\\/\",\"url\":\"https:\\\/\\\/exaudi.org\\\/es\\\/peru-obispos-denuncian-polarizacion-politica-pais\\\/\",\"name\":\"Per\u00fa: Obispos denuncian la polarizaci\u00f3n pol\u00edtica del pa\u00eds - Exaudi\",\"isPartOf\":{\"@id\":\"https:\\\/\\\/exaudi.org\\\/#website\"},\"primaryImageOfPage\":{\"@id\":\"https:\\\/\\\/exaudi.org\\\/es\\\/peru-obispos-denuncian-polarizacion-politica-pais\\\/#primaryimage\"},\"image\":{\"@id\":\"https:\\\/\\\/exaudi.org\\\/es\\\/peru-obispos-denuncian-polarizacion-politica-pais\\\/#primaryimage\"},\"thumbnailUrl\":\"https:\\\/\\\/exaudi.org\\\/wp-content\\\/uploads\\\/2021\\\/08\\\/23423vvv.jpg\",\"datePublished\":\"2021-08-25T15:33:40+00:00\",\"dateModified\":\"2021-08-26T08:41:26+00:00\",\"author\":{\"@id\":\"https:\\\/\\\/exaudi.org\\\/#\\\/schema\\\/person\\\/d134b96438278131ce90c90c03fda6cd\"},\"description\":\"Los obispos del Episcopado de Per\u00fa (CEP) han emitido el mensaje en el que denuncia la polarizaci\u00f3n pol\u00edtica que ha sufrido el pa\u00eds.\",\"breadcrumb\":{\"@id\":\"https:\\\/\\\/exaudi.org\\\/es\\\/peru-obispos-denuncian-polarizacion-politica-pais\\\/#breadcrumb\"},\"inLanguage\":\"es\",\"potentialAction\":[{\"@type\":\"ReadAction\",\"target\":[\"https:\\\/\\\/exaudi.org\\\/es\\\/peru-obispos-denuncian-polarizacion-politica-pais\\\/\"]}]},{\"@type\":\"ImageObject\",\"inLanguage\":\"es\",\"@id\":\"https:\\\/\\\/exaudi.org\\\/es\\\/peru-obispos-denuncian-polarizacion-politica-pais\\\/#primaryimage\",\"url\":\"https:\\\/\\\/exaudi.org\\\/wp-content\\\/uploads\\\/2021\\\/08\\\/23423vvv.jpg\",\"contentUrl\":\"https:\\\/\\\/exaudi.org\\\/wp-content\\\/uploads\\\/2021\\\/08\\\/23423vvv.jpg\",\"width\":2485,\"height\":1656,\"caption\":\"Bandera Per\u00fa \u00a9 CEP\"},{\"@type\":\"BreadcrumbList\",\"@id\":\"https:\\\/\\\/exaudi.org\\\/es\\\/peru-obispos-denuncian-polarizacion-politica-pais\\\/#breadcrumb\",\"itemListElement\":[{\"@type\":\"ListItem\",\"position\":1,\"name\":\"Portada\",\"item\":\"https:\\\/\\\/exaudi.org\\\/es\\\/\"},{\"@type\":\"ListItem\",\"position\":2,\"name\":\"Per\u00fa: Obispos denuncian la polarizaci\u00f3n pol\u00edtica del pa\u00eds\"}]},{\"@type\":\"WebSite\",\"@id\":\"https:\\\/\\\/exaudi.org\\\/#website\",\"url\":\"https:\\\/\\\/exaudi.org\\\/\",\"name\":\"Exaudi\",\"description\":\"News\",\"potentialAction\":[{\"@type\":\"SearchAction\",\"target\":{\"@type\":\"EntryPoint\",\"urlTemplate\":\"https:\\\/\\\/exaudi.org\\\/?s={search_term_string}\"},\"query-input\":{\"@type\":\"PropertyValueSpecification\",\"valueRequired\":true,\"valueName\":\"search_term_string\"}}],\"inLanguage\":\"es\"},{\"@type\":\"Person\",\"@id\":\"https:\\\/\\\/exaudi.org\\\/#\\\/schema\\\/person\\\/d134b96438278131ce90c90c03fda6cd\",\"name\":\"Gabriel Sales\",\"image\":{\"@type\":\"ImageObject\",\"inLanguage\":\"es\",\"@id\":\"https:\\\/\\\/secure.gravatar.com\\\/avatar\\\/9b1269566f6a063ed26ffb3532b66a373cdde231ce5d0effb266167437fdaffd?s=96&d=mm&r=g\",\"url\":\"https:\\\/\\\/secure.gravatar.com\\\/avatar\\\/9b1269566f6a063ed26ffb3532b66a373cdde231ce5d0effb266167437fdaffd?s=96&d=mm&r=g\",\"contentUrl\":\"https:\\\/\\\/secure.gravatar.com\\\/avatar\\\/9b1269566f6a063ed26ffb3532b66a373cdde231ce5d0effb266167437fdaffd?s=96&d=mm&r=g\",\"caption\":\"Gabriel Sales\"},\"description\":\"Periodista y especialista en Comunicaci\u00f3n y Branding digital. Cin\u00e9filo y cr\u00edtico de cine y series de televisi\u00f3n.\",\"sameAs\":[\"https:\\\/\\\/www.instagram.com\\\/cine90segundos\\\/\",\"www.linkedin.com\\\/in\\\/habemusman\",\"https:\\\/\\\/x.com\\\/habemusman\",\"https:\\\/\\\/www.youtube.com\\\/channel\\\/UCVfCiOMkJ_C7T7OpyjuaLDg\"],\"url\":\"https:\\\/\\\/exaudi.org\\\/es\\\/author\\\/gsalesexaudi-org\\\/\"}]}<\/script>\n<!-- \/ Yoast SEO plugin. -->","yoast_head_json":{"title":"Per\u00fa: Obispos denuncian la polarizaci\u00f3n pol\u00edtica del pa\u00eds - Exaudi","description":"Los obispos del Episcopado de Per\u00fa (CEP) han emitido el mensaje en el que denuncia la polarizaci\u00f3n pol\u00edtica que ha sufrido el pa\u00eds.","robots":{"index":"index","follow":"follow","max-snippet":"max-snippet:-1","max-image-preview":"max-image-preview:large","max-video-preview":"max-video-preview:-1"},"canonical":"https:\/\/exaudi.org\/es\/peru-obispos-denuncian-polarizacion-politica-pais\/","og_locale":"es_ES","og_type":"article","og_title":"Per\u00fa: Obispos denuncian la polarizaci\u00f3n pol\u00edtica del pa\u00eds - Exaudi","og_description":"Los obispos del Episcopado de Per\u00fa (CEP) han emitido el mensaje en el que denuncia la polarizaci\u00f3n pol\u00edtica que ha sufrido el pa\u00eds.","og_url":"https:\/\/exaudi.org\/es\/peru-obispos-denuncian-polarizacion-politica-pais\/","og_site_name":"Exaudi","article_publisher":"https:\/\/www.facebook.com\/ExaudiNews","article_published_time":"2021-08-25T15:33:40+00:00","article_modified_time":"2021-08-26T08:41:26+00:00","og_image":[{"width":2485,"height":1656,"url":"https:\/\/exaudi.org\/wp-content\/uploads\/2021\/08\/23423vvv.jpg","type":"image\/jpeg"}],"author":"Gabriel Sales","twitter_card":"summary_large_image","twitter_creator":"@habemusman","twitter_site":"@Exaudi_News","twitter_misc":{"Escrito por":"Gabriel Sales","Tiempo de lectura":"2 minutos"},"schema":{"@context":"https:\/\/schema.org","@graph":[{"@type":"Article","@id":"https:\/\/exaudi.org\/es\/peru-obispos-denuncian-polarizacion-politica-pais\/#article","isPartOf":{"@id":"https:\/\/exaudi.org\/es\/peru-obispos-denuncian-polarizacion-politica-pais\/"},"author":{"name":"Gabriel Sales","@id":"https:\/\/exaudi.org\/#\/schema\/person\/d134b96438278131ce90c90c03fda6cd"},"headline":"Per\u00fa: Obispos denuncian la polarizaci\u00f3n pol\u00edtica del pa\u00eds","datePublished":"2021-08-25T15:33:40+00:00","dateModified":"2021-08-26T08:41:26+00:00","mainEntityOfPage":{"@id":"https:\/\/exaudi.org\/es\/peru-obispos-denuncian-polarizacion-politica-pais\/"},"wordCount":408,"image":{"@id":"https:\/\/exaudi.org\/es\/peru-obispos-denuncian-polarizacion-politica-pais\/#primaryimage"},"thumbnailUrl":"https:\/\/exaudi.org\/wp-content\/uploads\/2021\/08\/23423vvv.jpg","keywords":["Conferencia Episcopal Peruana (CEP)","mensaje","Polarizaci\u00f3n","Pol\u00edtica"],"articleSection":["Iglesia Local","Justicia y Paz","\u00daltimas noticias"],"inLanguage":"es"},{"@type":"WebPage","@id":"https:\/\/exaudi.org\/es\/peru-obispos-denuncian-polarizacion-politica-pais\/","url":"https:\/\/exaudi.org\/es\/peru-obispos-denuncian-polarizacion-politica-pais\/","name":"Per\u00fa: Obispos denuncian la polarizaci\u00f3n pol\u00edtica del pa\u00eds - Exaudi","isPartOf":{"@id":"https:\/\/exaudi.org\/#website"},"primaryImageOfPage":{"@id":"https:\/\/exaudi.org\/es\/peru-obispos-denuncian-polarizacion-politica-pais\/#primaryimage"},"image":{"@id":"https:\/\/exaudi.org\/es\/peru-obispos-denuncian-polarizacion-politica-pais\/#primaryimage"},"thumbnailUrl":"https:\/\/exaudi.org\/wp-content\/uploads\/2021\/08\/23423vvv.jpg","datePublished":"2021-08-25T15:33:40+00:00","dateModified":"2021-08-26T08:41:26+00:00","author":{"@id":"https:\/\/exaudi.org\/#\/schema\/person\/d134b96438278131ce90c90c03fda6cd"},"description":"Los obispos del Episcopado de Per\u00fa (CEP) han emitido el mensaje en el que denuncia la polarizaci\u00f3n pol\u00edtica que ha sufrido el pa\u00eds.","breadcrumb":{"@id":"https:\/\/exaudi.org\/es\/peru-obispos-denuncian-polarizacion-politica-pais\/#breadcrumb"},"inLanguage":"es","potentialAction":[{"@type":"ReadAction","target":["https:\/\/exaudi.org\/es\/peru-obispos-denuncian-polarizacion-politica-pais\/"]}]},{"@type":"ImageObject","inLanguage":"es","@id":"https:\/\/exaudi.org\/es\/peru-obispos-denuncian-polarizacion-politica-pais\/#primaryimage","url":"https:\/\/exaudi.org\/wp-content\/uploads\/2021\/08\/23423vvv.jpg","contentUrl":"https:\/\/exaudi.org\/wp-content\/uploads\/2021\/08\/23423vvv.jpg","width":2485,"height":1656,"caption":"Bandera Per\u00fa \u00a9 CEP"},{"@type":"BreadcrumbList","@id":"https:\/\/exaudi.org\/es\/peru-obispos-denuncian-polarizacion-politica-pais\/#breadcrumb","itemListElement":[{"@type":"ListItem","position":1,"name":"Portada","item":"https:\/\/exaudi.org\/es\/"},{"@type":"ListItem","position":2,"name":"Per\u00fa: Obispos denuncian la polarizaci\u00f3n pol\u00edtica del pa\u00eds"}]},{"@type":"WebSite","@id":"https:\/\/exaudi.org\/#website","url":"https:\/\/exaudi.org\/","name":"Exaudi","description":"News","potentialAction":[{"@type":"SearchAction","target":{"@type":"EntryPoint","urlTemplate":"https:\/\/exaudi.org\/?s={search_term_string}"},"query-input":{"@type":"PropertyValueSpecification","valueRequired":true,"valueName":"search_term_string"}}],"inLanguage":"es"},{"@type":"Person","@id":"https:\/\/exaudi.org\/#\/schema\/person\/d134b96438278131ce90c90c03fda6cd","name":"Gabriel Sales","image":{"@type":"ImageObject","inLanguage":"es","@id":"https:\/\/secure.gravatar.com\/avatar\/9b1269566f6a063ed26ffb3532b66a373cdde231ce5d0effb266167437fdaffd?s=96&d=mm&r=g","url":"https:\/\/secure.gravatar.com\/avatar\/9b1269566f6a063ed26ffb3532b66a373cdde231ce5d0effb266167437fdaffd?s=96&d=mm&r=g","contentUrl":"https:\/\/secure.gravatar.com\/avatar\/9b1269566f6a063ed26ffb3532b66a373cdde231ce5d0effb266167437fdaffd?s=96&d=mm&r=g","caption":"Gabriel Sales"},"description":"Periodista y especialista en Comunicaci\u00f3n y Branding digital. Cin\u00e9filo y cr\u00edtico de cine y series de televisi\u00f3n.","sameAs":["https:\/\/www.instagram.com\/cine90segundos\/","www.linkedin.com\/in\/habemusman","https:\/\/x.com\/habemusman","https:\/\/www.youtube.com\/channel\/UCVfCiOMkJ_C7T7OpyjuaLDg"],"url":"https:\/\/exaudi.org\/es\/author\/gsalesexaudi-org\/"}]}},"jetpack_featured_media_url":"https:\/\/exaudi.org\/wp-content\/uploads\/2021\/08\/23423vvv.jpg","jetpack_shortlink":"https:\/\/wp.me\/pgKjF2-83T","_links":{"self":[{"href":"https:\/\/exaudi.org\/es\/wp-json\/wp\/v2\/posts\/30993","targetHints":{"allow":["GET"]}}],"collection":[{"href":"https:\/\/exaudi.org\/es\/wp-json\/wp\/v2\/posts"}],"about":[{"href":"https:\/\/exaudi.org\/es\/wp-json\/wp\/v2\/types\/post"}],"author":[{"embeddable":true,"href":"https:\/\/exaudi.org\/es\/wp-json\/wp\/v2\/users\/6"}],"replies":[{"embeddable":true,"href":"https:\/\/exaudi.org\/es\/wp-json\/wp\/v2\/comments?post=30993"}],"version-history":[{"count":0,"href":"https:\/\/exaudi.org\/es\/wp-json\/wp\/v2\/posts\/30993\/revisions"}],"wp:featuredmedia":[{"embeddable":true,"href":"https:\/\/exaudi.org\/es\/wp-json\/wp\/v2\/media\/30997"}],"wp:attachment":[{"href":"https:\/\/exaudi.org\/es\/wp-json\/wp\/v2\/media?parent=30993"}],"wp:term":[{"taxonomy":"category","embeddable":true,"href":"https:\/\/exaudi.org\/es\/wp-json\/wp\/v2\/categories?post=30993"},{"taxonomy":"post_tag","embeddable":true,"href":"https:\/\/exaudi.org\/es\/wp-json\/wp\/v2\/tags?post=30993"}],"curies":[{"name":"wp","href":"https:\/\/api.w.org\/{rel}","templated":true}]}}