{"id":30898,"date":"2021-08-25T11:18:06","date_gmt":"2021-08-25T09:18:06","guid":{"rendered":"https:\/\/exaudi.wpengine.com\/?p=30898"},"modified":"2021-08-26T09:55:58","modified_gmt":"2021-08-26T07:55:58","slug":"polonia-papa-fiesta-jasna-gora","status":"publish","type":"post","link":"https:\/\/exaudi.org\/es\/polonia-papa-fiesta-jasna-gora\/","title":{"rendered":"Polonia: Francisco habla de la fiesta de Jasna G\u00f3ra"},"content":{"rendered":"<p>En la <a href=\"https:\/\/exaudi.wpengine.com\/es\/papa-saluda-paralimpicos-juegos-tokio-2020\/\" target=\"_blank\" rel=\"noopener\">audiencia general<\/a> de esta ma\u00f1ana, el <a href=\"https:\/\/www.vatican.va\/content\/francesco\/es.html\" target=\"_blank\" rel=\"noopener\">Papa Francisco<\/a> ha recordado que ma\u00f1ana, martes 26 de agosto de 2021, la Iglesia de Polonia celebra la fiesta \u201cde la Madre de Dios venerada en el Santuario Nacional de Jasna G\u00f3ra\u201d, y ha relatado que hace cinco a\u00f1os pudo estar \u201ccon los j\u00f3venes ante su rostro negro y confiarle la Iglesia en Polonia y en el mundo\u201d.<\/p>\n<p>Asimismo, ha concluido pidiendo lo siguiente: \u201cQue su protecci\u00f3n maternal sea para vosotros, para vuestras familias y para todos los polacos, una fuente de paz y de todo bien. Os bendigo de coraz\u00f3n\u201d.<\/p>\n<h4><strong>Oraci\u00f3n por el fin de la pandemia<\/strong><\/h4>\n<p>\u201cNos sentimos honrados y privilegiados de participar en este\u00a0<a href=\"https:\/\/exaudi.org\/es\/mayo-2021-maraton-de-oracion-desde-30-santuarios-del-mundo\/\" target=\"_blank\" rel=\"noopener noreferrer\">marat\u00f3n de oraci\u00f3n<\/a>\u201d convocado por el Papa, son palabras del prior de <a href=\"https:\/\/jasnagora.pl\/es\/\" target=\"_blank\" rel=\"noopener noreferrer\">Jasna G\u00f3ra<\/a>, el padre Samuel Pacholski, quien a las 18 horas del 3 de mayo de 2021 rezar\u00eda junto al Santo Padre por el fin de la pandemia de coronavirus, recordando especialmente a los pa\u00edses donde la situaci\u00f3n es a\u00fan m\u00e1s dif\u00edcil que en Polonia.<\/p>\n<p>El santuario de Czestochowa es un lugar donde, desde hace m\u00e1s de seis siglos, se venera a Mar\u00eda, como patrona y defensora de la naci\u00f3n polaca. Lleva el t\u00edtulo de Reina de Polonia.\u00a0El 3 de mayo es el d\u00eda en el que los polacos expresan su fe en la protecci\u00f3n especial de Dios, que han experimentado y experimentan por medio de la Madre de Dios. La fiesta se estableci\u00f3 a petici\u00f3n de los obispos cuando Polonia hab\u00eda recuperado su independencia tras la Primera Guerra Mundial.<\/p>\n<p>El Papa polaco Juan Pablo II contribuy\u00f3 a la difusi\u00f3n del culto a la Madre de Dios de Jasna G\u00f3ra. Nunca omiti\u00f3 una visita a Jasna G\u00f3ra durante sus peregrinaciones a su tierra natal, y en 1991 invit\u00f3 a los j\u00f3venes a acudir all\u00ed para la VI Jornada Mundial de la Juventud.<\/p>\n<p>Todos los papas contempor\u00e1neos, siguiendo los pasos de su predecesor, han venido en peregrinaci\u00f3n a Czestochowa. El Papa Francisco estuvo en el santuario el 28 de julio de 2016. En repetidas ocasiones asegur\u00f3 su unidad con este lugar. Por eso, tambi\u00e9n esta vez, Jasna G\u00f3ra ha estado en la ruta de la oraci\u00f3n mundial para frenar la COVID-19.<\/p>\n","protected":false},"excerpt":{"rendered":"<p>Se celebra el 26 de agosto<\/p>\n","protected":false},"author":6,"featured_media":30899,"comment_status":"closed","ping_status":"closed","sticky":false,"template":"","format":"standard","meta":{"_acf_changed":false,"_crdt_document":"","inline_featured_image":false,"footnotes":""},"categories":[112,298],"tags":[179,158,2100],"class_list":["post-30898","post","type-post","status-publish","format-standard","has-post-thumbnail","hentry","category-audiencia-general","category-ultimas-noticias","tag-audiencia-general","tag-papa-francisco","tag-santuario-jasna-gora"],"acf":[],"yoast_head":"<!-- This site is optimized with the Yoast SEO plugin v27.5 - https:\/\/yoast.com\/product\/yoast-seo-wordpress\/ -->\n<title>Polonia: Francisco habla de la fiesta de Jasna G\u00f3ra - Exaudi<\/title>\n<meta name=\"description\" content=\"En la audiencia general de esta ma\u00f1ana, en los saludos a los fieles de Polonia, el Papa ha hablado de la fiesta de Jasna G\u00f3ra de ma\u00f1ana.\" \/>\n<meta name=\"robots\" content=\"index, follow, max-snippet:-1, max-image-preview:large, max-video-preview:-1\" \/>\n<link rel=\"canonical\" href=\"https:\/\/exaudi.org\/es\/polonia-papa-fiesta-jasna-gora\/\" \/>\n<meta property=\"og:locale\" content=\"es_ES\" \/>\n<meta property=\"og:type\" content=\"article\" \/>\n<meta property=\"og:title\" content=\"Polonia: Francisco habla de la fiesta de Jasna G\u00f3ra - Exaudi\" \/>\n<meta property=\"og:description\" content=\"En la audiencia general de esta ma\u00f1ana, en los saludos a los fieles de Polonia, el Papa ha hablado de la fiesta de Jasna G\u00f3ra de ma\u00f1ana.\" \/>\n<meta property=\"og:url\" content=\"https:\/\/exaudi.org\/es\/polonia-papa-fiesta-jasna-gora\/\" \/>\n<meta property=\"og:site_name\" content=\"Exaudi\" \/>\n<meta property=\"article:publisher\" content=\"https:\/\/www.facebook.com\/ExaudiNews\" \/>\n<meta property=\"article:published_time\" content=\"2021-08-25T09:18:06+00:00\" \/>\n<meta property=\"article:modified_time\" content=\"2021-08-26T07:55:58+00:00\" \/>\n<meta property=\"og:image\" content=\"https:\/\/exaudi.org\/wp-content\/uploads\/2021\/08\/3v3v3.jpeg\" \/>\n\t<meta property=\"og:image:width\" content=\"777\" \/>\n\t<meta property=\"og:image:height\" content=\"458\" \/>\n\t<meta property=\"og:image:type\" content=\"image\/jpeg\" \/>\n<meta name=\"author\" content=\"Gabriel Sales\" \/>\n<meta name=\"twitter:card\" content=\"summary_large_image\" \/>\n<meta name=\"twitter:creator\" content=\"@habemusman\" \/>\n<meta name=\"twitter:site\" content=\"@Exaudi_News\" \/>\n<meta name=\"twitter:label1\" content=\"Escrito por\" \/>\n\t<meta name=\"twitter:data1\" content=\"Gabriel Sales\" \/>\n\t<meta name=\"twitter:label2\" content=\"Tiempo de lectura\" \/>\n\t<meta name=\"twitter:data2\" content=\"2 minutos\" \/>\n<script type=\"application\/ld+json\" class=\"yoast-schema-graph\">{\"@context\":\"https:\\\/\\\/schema.org\",\"@graph\":[{\"@type\":\"Article\",\"@id\":\"https:\\\/\\\/exaudi.org\\\/es\\\/polonia-papa-fiesta-jasna-gora\\\/#article\",\"isPartOf\":{\"@id\":\"https:\\\/\\\/exaudi.org\\\/es\\\/polonia-papa-fiesta-jasna-gora\\\/\"},\"author\":{\"name\":\"Gabriel Sales\",\"@id\":\"https:\\\/\\\/exaudi.org\\\/#\\\/schema\\\/person\\\/d134b96438278131ce90c90c03fda6cd\"},\"headline\":\"Polonia: Francisco habla de la fiesta de Jasna G\u00f3ra\",\"datePublished\":\"2021-08-25T09:18:06+00:00\",\"dateModified\":\"2021-08-26T07:55:58+00:00\",\"mainEntityOfPage\":{\"@id\":\"https:\\\/\\\/exaudi.org\\\/es\\\/polonia-papa-fiesta-jasna-gora\\\/\"},\"wordCount\":403,\"image\":{\"@id\":\"https:\\\/\\\/exaudi.org\\\/es\\\/polonia-papa-fiesta-jasna-gora\\\/#primaryimage\"},\"thumbnailUrl\":\"https:\\\/\\\/exaudi.org\\\/wp-content\\\/uploads\\\/2021\\\/08\\\/3v3v3.jpeg\",\"keywords\":[\"audiencia general\",\"papa francisco\",\"Santuario Jasna G\u00f3ra\"],\"articleSection\":[\"Audiencia General\",\"\u00daltimas noticias\"],\"inLanguage\":\"es\"},{\"@type\":\"WebPage\",\"@id\":\"https:\\\/\\\/exaudi.org\\\/es\\\/polonia-papa-fiesta-jasna-gora\\\/\",\"url\":\"https:\\\/\\\/exaudi.org\\\/es\\\/polonia-papa-fiesta-jasna-gora\\\/\",\"name\":\"Polonia: Francisco habla de la fiesta de Jasna G\u00f3ra - Exaudi\",\"isPartOf\":{\"@id\":\"https:\\\/\\\/exaudi.org\\\/#website\"},\"primaryImageOfPage\":{\"@id\":\"https:\\\/\\\/exaudi.org\\\/es\\\/polonia-papa-fiesta-jasna-gora\\\/#primaryimage\"},\"image\":{\"@id\":\"https:\\\/\\\/exaudi.org\\\/es\\\/polonia-papa-fiesta-jasna-gora\\\/#primaryimage\"},\"thumbnailUrl\":\"https:\\\/\\\/exaudi.org\\\/wp-content\\\/uploads\\\/2021\\\/08\\\/3v3v3.jpeg\",\"datePublished\":\"2021-08-25T09:18:06+00:00\",\"dateModified\":\"2021-08-26T07:55:58+00:00\",\"author\":{\"@id\":\"https:\\\/\\\/exaudi.org\\\/#\\\/schema\\\/person\\\/d134b96438278131ce90c90c03fda6cd\"},\"description\":\"En la audiencia general de esta ma\u00f1ana, en los saludos a los fieles de Polonia, el Papa ha hablado de la fiesta de Jasna G\u00f3ra de ma\u00f1ana.\",\"breadcrumb\":{\"@id\":\"https:\\\/\\\/exaudi.org\\\/es\\\/polonia-papa-fiesta-jasna-gora\\\/#breadcrumb\"},\"inLanguage\":\"es\",\"potentialAction\":[{\"@type\":\"ReadAction\",\"target\":[\"https:\\\/\\\/exaudi.org\\\/es\\\/polonia-papa-fiesta-jasna-gora\\\/\"]}]},{\"@type\":\"ImageObject\",\"inLanguage\":\"es\",\"@id\":\"https:\\\/\\\/exaudi.org\\\/es\\\/polonia-papa-fiesta-jasna-gora\\\/#primaryimage\",\"url\":\"https:\\\/\\\/exaudi.org\\\/wp-content\\\/uploads\\\/2021\\\/08\\\/3v3v3.jpeg\",\"contentUrl\":\"https:\\\/\\\/exaudi.org\\\/wp-content\\\/uploads\\\/2021\\\/08\\\/3v3v3.jpeg\",\"width\":777,\"height\":458,\"caption\":\"El Papa ante la imagen de Jasna G\u00f3ra \u00a9 Vatican Media\"},{\"@type\":\"BreadcrumbList\",\"@id\":\"https:\\\/\\\/exaudi.org\\\/es\\\/polonia-papa-fiesta-jasna-gora\\\/#breadcrumb\",\"itemListElement\":[{\"@type\":\"ListItem\",\"position\":1,\"name\":\"Portada\",\"item\":\"https:\\\/\\\/exaudi.org\\\/es\\\/\"},{\"@type\":\"ListItem\",\"position\":2,\"name\":\"Polonia: Francisco habla de la fiesta de Jasna G\u00f3ra\"}]},{\"@type\":\"WebSite\",\"@id\":\"https:\\\/\\\/exaudi.org\\\/#website\",\"url\":\"https:\\\/\\\/exaudi.org\\\/\",\"name\":\"Exaudi\",\"description\":\"News\",\"potentialAction\":[{\"@type\":\"SearchAction\",\"target\":{\"@type\":\"EntryPoint\",\"urlTemplate\":\"https:\\\/\\\/exaudi.org\\\/?s={search_term_string}\"},\"query-input\":{\"@type\":\"PropertyValueSpecification\",\"valueRequired\":true,\"valueName\":\"search_term_string\"}}],\"inLanguage\":\"es\"},{\"@type\":\"Person\",\"@id\":\"https:\\\/\\\/exaudi.org\\\/#\\\/schema\\\/person\\\/d134b96438278131ce90c90c03fda6cd\",\"name\":\"Gabriel Sales\",\"image\":{\"@type\":\"ImageObject\",\"inLanguage\":\"es\",\"@id\":\"https:\\\/\\\/secure.gravatar.com\\\/avatar\\\/9b1269566f6a063ed26ffb3532b66a373cdde231ce5d0effb266167437fdaffd?s=96&d=mm&r=g\",\"url\":\"https:\\\/\\\/secure.gravatar.com\\\/avatar\\\/9b1269566f6a063ed26ffb3532b66a373cdde231ce5d0effb266167437fdaffd?s=96&d=mm&r=g\",\"contentUrl\":\"https:\\\/\\\/secure.gravatar.com\\\/avatar\\\/9b1269566f6a063ed26ffb3532b66a373cdde231ce5d0effb266167437fdaffd?s=96&d=mm&r=g\",\"caption\":\"Gabriel Sales\"},\"description\":\"Periodista y especialista en Comunicaci\u00f3n y Branding digital. Cin\u00e9filo y cr\u00edtico de cine y series de televisi\u00f3n.\",\"sameAs\":[\"https:\\\/\\\/www.instagram.com\\\/cine90segundos\\\/\",\"www.linkedin.com\\\/in\\\/habemusman\",\"https:\\\/\\\/x.com\\\/habemusman\",\"https:\\\/\\\/www.youtube.com\\\/channel\\\/UCVfCiOMkJ_C7T7OpyjuaLDg\"],\"url\":\"https:\\\/\\\/exaudi.org\\\/es\\\/author\\\/gsalesexaudi-org\\\/\"}]}<\/script>\n<!-- \/ Yoast SEO plugin. -->","yoast_head_json":{"title":"Polonia: Francisco habla de la fiesta de Jasna G\u00f3ra - Exaudi","description":"En la audiencia general de esta ma\u00f1ana, en los saludos a los fieles de Polonia, el Papa ha hablado de la fiesta de Jasna G\u00f3ra de ma\u00f1ana.","robots":{"index":"index","follow":"follow","max-snippet":"max-snippet:-1","max-image-preview":"max-image-preview:large","max-video-preview":"max-video-preview:-1"},"canonical":"https:\/\/exaudi.org\/es\/polonia-papa-fiesta-jasna-gora\/","og_locale":"es_ES","og_type":"article","og_title":"Polonia: Francisco habla de la fiesta de Jasna G\u00f3ra - Exaudi","og_description":"En la audiencia general de esta ma\u00f1ana, en los saludos a los fieles de Polonia, el Papa ha hablado de la fiesta de Jasna G\u00f3ra de ma\u00f1ana.","og_url":"https:\/\/exaudi.org\/es\/polonia-papa-fiesta-jasna-gora\/","og_site_name":"Exaudi","article_publisher":"https:\/\/www.facebook.com\/ExaudiNews","article_published_time":"2021-08-25T09:18:06+00:00","article_modified_time":"2021-08-26T07:55:58+00:00","og_image":[{"width":777,"height":458,"url":"https:\/\/exaudi.org\/wp-content\/uploads\/2021\/08\/3v3v3.jpeg","type":"image\/jpeg"}],"author":"Gabriel Sales","twitter_card":"summary_large_image","twitter_creator":"@habemusman","twitter_site":"@Exaudi_News","twitter_misc":{"Escrito por":"Gabriel Sales","Tiempo de lectura":"2 minutos"},"schema":{"@context":"https:\/\/schema.org","@graph":[{"@type":"Article","@id":"https:\/\/exaudi.org\/es\/polonia-papa-fiesta-jasna-gora\/#article","isPartOf":{"@id":"https:\/\/exaudi.org\/es\/polonia-papa-fiesta-jasna-gora\/"},"author":{"name":"Gabriel Sales","@id":"https:\/\/exaudi.org\/#\/schema\/person\/d134b96438278131ce90c90c03fda6cd"},"headline":"Polonia: Francisco habla de la fiesta de Jasna G\u00f3ra","datePublished":"2021-08-25T09:18:06+00:00","dateModified":"2021-08-26T07:55:58+00:00","mainEntityOfPage":{"@id":"https:\/\/exaudi.org\/es\/polonia-papa-fiesta-jasna-gora\/"},"wordCount":403,"image":{"@id":"https:\/\/exaudi.org\/es\/polonia-papa-fiesta-jasna-gora\/#primaryimage"},"thumbnailUrl":"https:\/\/exaudi.org\/wp-content\/uploads\/2021\/08\/3v3v3.jpeg","keywords":["audiencia general","papa francisco","Santuario Jasna G\u00f3ra"],"articleSection":["Audiencia General","\u00daltimas noticias"],"inLanguage":"es"},{"@type":"WebPage","@id":"https:\/\/exaudi.org\/es\/polonia-papa-fiesta-jasna-gora\/","url":"https:\/\/exaudi.org\/es\/polonia-papa-fiesta-jasna-gora\/","name":"Polonia: Francisco habla de la fiesta de Jasna G\u00f3ra - Exaudi","isPartOf":{"@id":"https:\/\/exaudi.org\/#website"},"primaryImageOfPage":{"@id":"https:\/\/exaudi.org\/es\/polonia-papa-fiesta-jasna-gora\/#primaryimage"},"image":{"@id":"https:\/\/exaudi.org\/es\/polonia-papa-fiesta-jasna-gora\/#primaryimage"},"thumbnailUrl":"https:\/\/exaudi.org\/wp-content\/uploads\/2021\/08\/3v3v3.jpeg","datePublished":"2021-08-25T09:18:06+00:00","dateModified":"2021-08-26T07:55:58+00:00","author":{"@id":"https:\/\/exaudi.org\/#\/schema\/person\/d134b96438278131ce90c90c03fda6cd"},"description":"En la audiencia general de esta ma\u00f1ana, en los saludos a los fieles de Polonia, el Papa ha hablado de la fiesta de Jasna G\u00f3ra de ma\u00f1ana.","breadcrumb":{"@id":"https:\/\/exaudi.org\/es\/polonia-papa-fiesta-jasna-gora\/#breadcrumb"},"inLanguage":"es","potentialAction":[{"@type":"ReadAction","target":["https:\/\/exaudi.org\/es\/polonia-papa-fiesta-jasna-gora\/"]}]},{"@type":"ImageObject","inLanguage":"es","@id":"https:\/\/exaudi.org\/es\/polonia-papa-fiesta-jasna-gora\/#primaryimage","url":"https:\/\/exaudi.org\/wp-content\/uploads\/2021\/08\/3v3v3.jpeg","contentUrl":"https:\/\/exaudi.org\/wp-content\/uploads\/2021\/08\/3v3v3.jpeg","width":777,"height":458,"caption":"El Papa ante la imagen de Jasna G\u00f3ra \u00a9 Vatican Media"},{"@type":"BreadcrumbList","@id":"https:\/\/exaudi.org\/es\/polonia-papa-fiesta-jasna-gora\/#breadcrumb","itemListElement":[{"@type":"ListItem","position":1,"name":"Portada","item":"https:\/\/exaudi.org\/es\/"},{"@type":"ListItem","position":2,"name":"Polonia: Francisco habla de la fiesta de Jasna G\u00f3ra"}]},{"@type":"WebSite","@id":"https:\/\/exaudi.org\/#website","url":"https:\/\/exaudi.org\/","name":"Exaudi","description":"News","potentialAction":[{"@type":"SearchAction","target":{"@type":"EntryPoint","urlTemplate":"https:\/\/exaudi.org\/?s={search_term_string}"},"query-input":{"@type":"PropertyValueSpecification","valueRequired":true,"valueName":"search_term_string"}}],"inLanguage":"es"},{"@type":"Person","@id":"https:\/\/exaudi.org\/#\/schema\/person\/d134b96438278131ce90c90c03fda6cd","name":"Gabriel Sales","image":{"@type":"ImageObject","inLanguage":"es","@id":"https:\/\/secure.gravatar.com\/avatar\/9b1269566f6a063ed26ffb3532b66a373cdde231ce5d0effb266167437fdaffd?s=96&d=mm&r=g","url":"https:\/\/secure.gravatar.com\/avatar\/9b1269566f6a063ed26ffb3532b66a373cdde231ce5d0effb266167437fdaffd?s=96&d=mm&r=g","contentUrl":"https:\/\/secure.gravatar.com\/avatar\/9b1269566f6a063ed26ffb3532b66a373cdde231ce5d0effb266167437fdaffd?s=96&d=mm&r=g","caption":"Gabriel Sales"},"description":"Periodista y especialista en Comunicaci\u00f3n y Branding digital. Cin\u00e9filo y cr\u00edtico de cine y series de televisi\u00f3n.","sameAs":["https:\/\/www.instagram.com\/cine90segundos\/","www.linkedin.com\/in\/habemusman","https:\/\/x.com\/habemusman","https:\/\/www.youtube.com\/channel\/UCVfCiOMkJ_C7T7OpyjuaLDg"],"url":"https:\/\/exaudi.org\/es\/author\/gsalesexaudi-org\/"}]}},"jetpack_featured_media_url":"https:\/\/exaudi.org\/wp-content\/uploads\/2021\/08\/3v3v3.jpeg","jetpack_shortlink":"https:\/\/wp.me\/pgKjF2-82m","_links":{"self":[{"href":"https:\/\/exaudi.org\/es\/wp-json\/wp\/v2\/posts\/30898","targetHints":{"allow":["GET"]}}],"collection":[{"href":"https:\/\/exaudi.org\/es\/wp-json\/wp\/v2\/posts"}],"about":[{"href":"https:\/\/exaudi.org\/es\/wp-json\/wp\/v2\/types\/post"}],"author":[{"embeddable":true,"href":"https:\/\/exaudi.org\/es\/wp-json\/wp\/v2\/users\/6"}],"replies":[{"embeddable":true,"href":"https:\/\/exaudi.org\/es\/wp-json\/wp\/v2\/comments?post=30898"}],"version-history":[{"count":0,"href":"https:\/\/exaudi.org\/es\/wp-json\/wp\/v2\/posts\/30898\/revisions"}],"wp:featuredmedia":[{"embeddable":true,"href":"https:\/\/exaudi.org\/es\/wp-json\/wp\/v2\/media\/30899"}],"wp:attachment":[{"href":"https:\/\/exaudi.org\/es\/wp-json\/wp\/v2\/media?parent=30898"}],"wp:term":[{"taxonomy":"category","embeddable":true,"href":"https:\/\/exaudi.org\/es\/wp-json\/wp\/v2\/categories?post=30898"},{"taxonomy":"post_tag","embeddable":true,"href":"https:\/\/exaudi.org\/es\/wp-json\/wp\/v2\/tags?post=30898"}],"curies":[{"name":"wp","href":"https:\/\/api.w.org\/{rel}","templated":true}]}}