{"id":30894,"date":"2021-08-25T10:57:30","date_gmt":"2021-08-25T08:57:30","guid":{"rendered":"https:\/\/exaudi.wpengine.com\/?p=30894"},"modified":"2021-08-26T10:04:25","modified_gmt":"2021-08-26T08:04:25","slug":"papa-saluda-paralimpicos-juegos-tokio-2020","status":"publish","type":"post","link":"https:\/\/exaudi.org\/es\/papa-saluda-paralimpicos-juegos-tokio-2020\/","title":{"rendered":"El Papa saluda a los paral\u00edmpicos de Tokio 2020"},"content":{"rendered":"<p>En la <a href=\"https:\/\/exaudi.wpengine.com\/es\/italia-papa-recuerda-victimas-terremoto-montegallo\/\" target=\"_blank\" rel=\"noopener\">audiencia general<\/a> de esta ma\u00f1ana, el <a href=\"https:\/\/www.vatican.va\/content\/francesco\/es.html\" target=\"_blank\" rel=\"noopener\">Papa Francisco<\/a> ha recordado que ayer, martes 24 de agosto de 2021, comenzaron los Juegos Paral\u00edmpicos de Tokio 2020, por lo que ha aprovechado para saludar a los atletas y darles las \u201cgracias porque ofrecen a todos un testimonio de esperanza y valor. Muestran c\u00f3mo el compromiso deportivo ayuda a superar las dificultades aparentemente insuperables\u201d.<\/p>\n<h4><strong>Juegos Paral\u00edmpicos Tokio 2020<\/strong><\/h4>\n<p>Tal y como informa la propia web de los juegos, el 7 de septiembre de 2013, la 125\u00aa Asamblea General del Comit\u00e9 Ol\u00edmpico Internacional (COI) design\u00f3 a Tokio como sede de los Juegos Ol\u00edmpicos y Paral\u00edmpicos, que han regresado a la capital nipona 57 a\u00f1os despu\u00e9s. En aquella ocasi\u00f3n compitieron en nueve deportes 378 atletas con discapacidad, provenientes de 21 pa\u00edses.<\/p>\n<p>Como consecuencia de la crisis sanitaria global provocada por el coronavirus Covid-19, el COI y el Gobierno de Jap\u00f3n se vieron obligados a aplazar los Juegos un a\u00f1o. De esta forma, la cita paral\u00edmpica de 2020 se celebra entre el 24\u00a0de agosto y el 5\u00a0de septiembre de 2021 y re\u00fane a 4.400 deportistas con discapacidad f\u00edsica, intelectual, visual o par\u00e1lisis cerebral, llegados al menos de 160 pa\u00edses.<\/p>\n<p>Durante 12 d\u00edas de competici\u00f3n, se disputar\u00e1n\u00a0539\u00a0eventos con medalla\u00a0-272 masculinos, 227 femeninos y 40 mixtos- de los\u00a022 deportes\u00a0que forman parte del programa de competici\u00f3n: atletismo, baloncesto en silla de ruedas, boccia, ciclismo, esgrima en silla de ruedas, f\u00fatbol-5, goalball, judo, halterofilia, h\u00edpica, nataci\u00f3n, pirag\u00fcismo, remo, rugby en silla de ruedas, tenis de mesa, tenis en silla de ruedas, tiro con arco, tiro ol\u00edmpico, triatl\u00f3n y voleibol sentado, m\u00e1s el estreno en Juegos del b\u00e1dminton y el taekwondo.<\/p>\n","protected":false},"excerpt":{"rendered":"<p>Se disputan del 24 de agosto al 5 de septiembre<\/p>\n","protected":false},"author":6,"featured_media":30955,"comment_status":"closed","ping_status":"closed","sticky":false,"template":"","format":"standard","meta":{"_acf_changed":false,"_crdt_document":"","inline_featured_image":false,"footnotes":""},"categories":[112,298],"tags":[179,3813,158],"class_list":["post-30894","post","type-post","status-publish","format-standard","has-post-thumbnail","hentry","category-audiencia-general","category-ultimas-noticias","tag-audiencia-general","tag-juegos-paralimpicos-de-tokio-2020","tag-papa-francisco"],"acf":[],"yoast_head":"<!-- This site is optimized with the Yoast SEO plugin v27.5 - https:\/\/yoast.com\/product\/yoast-seo-wordpress\/ -->\n<title>El Papa saluda a los paral\u00edmpicos de Tokio 2020 - Exaudi<\/title>\n<meta name=\"description\" content=\"Justo antes de los saludos a los fieles italianos en la Audiencia general, el Papa ha saludado a los paral\u00edmpicos de los Juegos de Tokio 2020\" \/>\n<meta name=\"robots\" content=\"index, follow, max-snippet:-1, max-image-preview:large, max-video-preview:-1\" \/>\n<link rel=\"canonical\" href=\"https:\/\/exaudi.org\/es\/papa-saluda-paralimpicos-juegos-tokio-2020\/\" \/>\n<meta property=\"og:locale\" content=\"es_ES\" \/>\n<meta property=\"og:type\" content=\"article\" \/>\n<meta property=\"og:title\" content=\"El Papa saluda a los paral\u00edmpicos de Tokio 2020 - Exaudi\" \/>\n<meta property=\"og:description\" content=\"Justo antes de los saludos a los fieles italianos en la Audiencia general, el Papa ha saludado a los paral\u00edmpicos de los Juegos de Tokio 2020\" \/>\n<meta property=\"og:url\" content=\"https:\/\/exaudi.org\/es\/papa-saluda-paralimpicos-juegos-tokio-2020\/\" \/>\n<meta property=\"og:site_name\" content=\"Exaudi\" \/>\n<meta property=\"article:publisher\" content=\"https:\/\/www.facebook.com\/ExaudiNews\" \/>\n<meta property=\"article:published_time\" content=\"2021-08-25T08:57:30+00:00\" \/>\n<meta property=\"article:modified_time\" content=\"2021-08-26T08:04:25+00:00\" \/>\n<meta property=\"og:image\" content=\"https:\/\/exaudi.org\/wp-content\/uploads\/2021\/08\/hj44-scaled.jpg\" \/>\n\t<meta property=\"og:image:width\" content=\"2560\" \/>\n\t<meta property=\"og:image:height\" content=\"1707\" \/>\n\t<meta property=\"og:image:type\" content=\"image\/jpeg\" \/>\n<meta name=\"author\" content=\"Gabriel Sales\" \/>\n<meta name=\"twitter:card\" content=\"summary_large_image\" \/>\n<meta name=\"twitter:creator\" content=\"@habemusman\" \/>\n<meta name=\"twitter:site\" content=\"@Exaudi_News\" \/>\n<meta name=\"twitter:label1\" content=\"Escrito por\" \/>\n\t<meta name=\"twitter:data1\" content=\"Gabriel Sales\" \/>\n\t<meta name=\"twitter:label2\" content=\"Tiempo de lectura\" \/>\n\t<meta name=\"twitter:data2\" content=\"2 minutos\" \/>\n<script type=\"application\/ld+json\" class=\"yoast-schema-graph\">{\"@context\":\"https:\\\/\\\/schema.org\",\"@graph\":[{\"@type\":\"Article\",\"@id\":\"https:\\\/\\\/exaudi.org\\\/es\\\/papa-saluda-paralimpicos-juegos-tokio-2020\\\/#article\",\"isPartOf\":{\"@id\":\"https:\\\/\\\/exaudi.org\\\/es\\\/papa-saluda-paralimpicos-juegos-tokio-2020\\\/\"},\"author\":{\"name\":\"Gabriel Sales\",\"@id\":\"https:\\\/\\\/exaudi.org\\\/#\\\/schema\\\/person\\\/d134b96438278131ce90c90c03fda6cd\"},\"headline\":\"El Papa saluda a los paral\u00edmpicos de Tokio 2020\",\"datePublished\":\"2021-08-25T08:57:30+00:00\",\"dateModified\":\"2021-08-26T08:04:25+00:00\",\"mainEntityOfPage\":{\"@id\":\"https:\\\/\\\/exaudi.org\\\/es\\\/papa-saluda-paralimpicos-juegos-tokio-2020\\\/\"},\"wordCount\":297,\"image\":{\"@id\":\"https:\\\/\\\/exaudi.org\\\/es\\\/papa-saluda-paralimpicos-juegos-tokio-2020\\\/#primaryimage\"},\"thumbnailUrl\":\"https:\\\/\\\/exaudi.org\\\/wp-content\\\/uploads\\\/2021\\\/08\\\/hj44-scaled.jpg\",\"keywords\":[\"audiencia general\",\"Juegos Paral\u00edmpicos de Tokio 2020\",\"papa francisco\"],\"articleSection\":[\"Audiencia General\",\"\u00daltimas noticias\"],\"inLanguage\":\"es\"},{\"@type\":\"WebPage\",\"@id\":\"https:\\\/\\\/exaudi.org\\\/es\\\/papa-saluda-paralimpicos-juegos-tokio-2020\\\/\",\"url\":\"https:\\\/\\\/exaudi.org\\\/es\\\/papa-saluda-paralimpicos-juegos-tokio-2020\\\/\",\"name\":\"El Papa saluda a los paral\u00edmpicos de Tokio 2020 - Exaudi\",\"isPartOf\":{\"@id\":\"https:\\\/\\\/exaudi.org\\\/#website\"},\"primaryImageOfPage\":{\"@id\":\"https:\\\/\\\/exaudi.org\\\/es\\\/papa-saluda-paralimpicos-juegos-tokio-2020\\\/#primaryimage\"},\"image\":{\"@id\":\"https:\\\/\\\/exaudi.org\\\/es\\\/papa-saluda-paralimpicos-juegos-tokio-2020\\\/#primaryimage\"},\"thumbnailUrl\":\"https:\\\/\\\/exaudi.org\\\/wp-content\\\/uploads\\\/2021\\\/08\\\/hj44-scaled.jpg\",\"datePublished\":\"2021-08-25T08:57:30+00:00\",\"dateModified\":\"2021-08-26T08:04:25+00:00\",\"author\":{\"@id\":\"https:\\\/\\\/exaudi.org\\\/#\\\/schema\\\/person\\\/d134b96438278131ce90c90c03fda6cd\"},\"description\":\"Justo antes de los saludos a los fieles italianos en la Audiencia general, el Papa ha saludado a los paral\u00edmpicos de los Juegos de Tokio 2020\",\"breadcrumb\":{\"@id\":\"https:\\\/\\\/exaudi.org\\\/es\\\/papa-saluda-paralimpicos-juegos-tokio-2020\\\/#breadcrumb\"},\"inLanguage\":\"es\",\"potentialAction\":[{\"@type\":\"ReadAction\",\"target\":[\"https:\\\/\\\/exaudi.org\\\/es\\\/papa-saluda-paralimpicos-juegos-tokio-2020\\\/\"]}]},{\"@type\":\"ImageObject\",\"inLanguage\":\"es\",\"@id\":\"https:\\\/\\\/exaudi.org\\\/es\\\/papa-saluda-paralimpicos-juegos-tokio-2020\\\/#primaryimage\",\"url\":\"https:\\\/\\\/exaudi.org\\\/wp-content\\\/uploads\\\/2021\\\/08\\\/hj44-scaled.jpg\",\"contentUrl\":\"https:\\\/\\\/exaudi.org\\\/wp-content\\\/uploads\\\/2021\\\/08\\\/hj44-scaled.jpg\",\"width\":2560,\"height\":1707,\"caption\":\"Audiencia general 25 agosto 2021 \u00a9 Vatican Media\"},{\"@type\":\"BreadcrumbList\",\"@id\":\"https:\\\/\\\/exaudi.org\\\/es\\\/papa-saluda-paralimpicos-juegos-tokio-2020\\\/#breadcrumb\",\"itemListElement\":[{\"@type\":\"ListItem\",\"position\":1,\"name\":\"Portada\",\"item\":\"https:\\\/\\\/exaudi.org\\\/es\\\/\"},{\"@type\":\"ListItem\",\"position\":2,\"name\":\"El Papa saluda a los paral\u00edmpicos de Tokio 2020\"}]},{\"@type\":\"WebSite\",\"@id\":\"https:\\\/\\\/exaudi.org\\\/#website\",\"url\":\"https:\\\/\\\/exaudi.org\\\/\",\"name\":\"Exaudi\",\"description\":\"News\",\"potentialAction\":[{\"@type\":\"SearchAction\",\"target\":{\"@type\":\"EntryPoint\",\"urlTemplate\":\"https:\\\/\\\/exaudi.org\\\/?s={search_term_string}\"},\"query-input\":{\"@type\":\"PropertyValueSpecification\",\"valueRequired\":true,\"valueName\":\"search_term_string\"}}],\"inLanguage\":\"es\"},{\"@type\":\"Person\",\"@id\":\"https:\\\/\\\/exaudi.org\\\/#\\\/schema\\\/person\\\/d134b96438278131ce90c90c03fda6cd\",\"name\":\"Gabriel Sales\",\"image\":{\"@type\":\"ImageObject\",\"inLanguage\":\"es\",\"@id\":\"https:\\\/\\\/secure.gravatar.com\\\/avatar\\\/9b1269566f6a063ed26ffb3532b66a373cdde231ce5d0effb266167437fdaffd?s=96&d=mm&r=g\",\"url\":\"https:\\\/\\\/secure.gravatar.com\\\/avatar\\\/9b1269566f6a063ed26ffb3532b66a373cdde231ce5d0effb266167437fdaffd?s=96&d=mm&r=g\",\"contentUrl\":\"https:\\\/\\\/secure.gravatar.com\\\/avatar\\\/9b1269566f6a063ed26ffb3532b66a373cdde231ce5d0effb266167437fdaffd?s=96&d=mm&r=g\",\"caption\":\"Gabriel Sales\"},\"description\":\"Periodista y especialista en Comunicaci\u00f3n y Branding digital. Cin\u00e9filo y cr\u00edtico de cine y series de televisi\u00f3n.\",\"sameAs\":[\"https:\\\/\\\/www.instagram.com\\\/cine90segundos\\\/\",\"www.linkedin.com\\\/in\\\/habemusman\",\"https:\\\/\\\/x.com\\\/habemusman\",\"https:\\\/\\\/www.youtube.com\\\/channel\\\/UCVfCiOMkJ_C7T7OpyjuaLDg\"],\"url\":\"https:\\\/\\\/exaudi.org\\\/es\\\/author\\\/gsalesexaudi-org\\\/\"}]}<\/script>\n<!-- \/ Yoast SEO plugin. -->","yoast_head_json":{"title":"El Papa saluda a los paral\u00edmpicos de Tokio 2020 - Exaudi","description":"Justo antes de los saludos a los fieles italianos en la Audiencia general, el Papa ha saludado a los paral\u00edmpicos de los Juegos de Tokio 2020","robots":{"index":"index","follow":"follow","max-snippet":"max-snippet:-1","max-image-preview":"max-image-preview:large","max-video-preview":"max-video-preview:-1"},"canonical":"https:\/\/exaudi.org\/es\/papa-saluda-paralimpicos-juegos-tokio-2020\/","og_locale":"es_ES","og_type":"article","og_title":"El Papa saluda a los paral\u00edmpicos de Tokio 2020 - Exaudi","og_description":"Justo antes de los saludos a los fieles italianos en la Audiencia general, el Papa ha saludado a los paral\u00edmpicos de los Juegos de Tokio 2020","og_url":"https:\/\/exaudi.org\/es\/papa-saluda-paralimpicos-juegos-tokio-2020\/","og_site_name":"Exaudi","article_publisher":"https:\/\/www.facebook.com\/ExaudiNews","article_published_time":"2021-08-25T08:57:30+00:00","article_modified_time":"2021-08-26T08:04:25+00:00","og_image":[{"width":2560,"height":1707,"url":"https:\/\/exaudi.org\/wp-content\/uploads\/2021\/08\/hj44-scaled.jpg","type":"image\/jpeg"}],"author":"Gabriel Sales","twitter_card":"summary_large_image","twitter_creator":"@habemusman","twitter_site":"@Exaudi_News","twitter_misc":{"Escrito por":"Gabriel Sales","Tiempo de lectura":"2 minutos"},"schema":{"@context":"https:\/\/schema.org","@graph":[{"@type":"Article","@id":"https:\/\/exaudi.org\/es\/papa-saluda-paralimpicos-juegos-tokio-2020\/#article","isPartOf":{"@id":"https:\/\/exaudi.org\/es\/papa-saluda-paralimpicos-juegos-tokio-2020\/"},"author":{"name":"Gabriel Sales","@id":"https:\/\/exaudi.org\/#\/schema\/person\/d134b96438278131ce90c90c03fda6cd"},"headline":"El Papa saluda a los paral\u00edmpicos de Tokio 2020","datePublished":"2021-08-25T08:57:30+00:00","dateModified":"2021-08-26T08:04:25+00:00","mainEntityOfPage":{"@id":"https:\/\/exaudi.org\/es\/papa-saluda-paralimpicos-juegos-tokio-2020\/"},"wordCount":297,"image":{"@id":"https:\/\/exaudi.org\/es\/papa-saluda-paralimpicos-juegos-tokio-2020\/#primaryimage"},"thumbnailUrl":"https:\/\/exaudi.org\/wp-content\/uploads\/2021\/08\/hj44-scaled.jpg","keywords":["audiencia general","Juegos Paral\u00edmpicos de Tokio 2020","papa francisco"],"articleSection":["Audiencia General","\u00daltimas noticias"],"inLanguage":"es"},{"@type":"WebPage","@id":"https:\/\/exaudi.org\/es\/papa-saluda-paralimpicos-juegos-tokio-2020\/","url":"https:\/\/exaudi.org\/es\/papa-saluda-paralimpicos-juegos-tokio-2020\/","name":"El Papa saluda a los paral\u00edmpicos de Tokio 2020 - Exaudi","isPartOf":{"@id":"https:\/\/exaudi.org\/#website"},"primaryImageOfPage":{"@id":"https:\/\/exaudi.org\/es\/papa-saluda-paralimpicos-juegos-tokio-2020\/#primaryimage"},"image":{"@id":"https:\/\/exaudi.org\/es\/papa-saluda-paralimpicos-juegos-tokio-2020\/#primaryimage"},"thumbnailUrl":"https:\/\/exaudi.org\/wp-content\/uploads\/2021\/08\/hj44-scaled.jpg","datePublished":"2021-08-25T08:57:30+00:00","dateModified":"2021-08-26T08:04:25+00:00","author":{"@id":"https:\/\/exaudi.org\/#\/schema\/person\/d134b96438278131ce90c90c03fda6cd"},"description":"Justo antes de los saludos a los fieles italianos en la Audiencia general, el Papa ha saludado a los paral\u00edmpicos de los Juegos de Tokio 2020","breadcrumb":{"@id":"https:\/\/exaudi.org\/es\/papa-saluda-paralimpicos-juegos-tokio-2020\/#breadcrumb"},"inLanguage":"es","potentialAction":[{"@type":"ReadAction","target":["https:\/\/exaudi.org\/es\/papa-saluda-paralimpicos-juegos-tokio-2020\/"]}]},{"@type":"ImageObject","inLanguage":"es","@id":"https:\/\/exaudi.org\/es\/papa-saluda-paralimpicos-juegos-tokio-2020\/#primaryimage","url":"https:\/\/exaudi.org\/wp-content\/uploads\/2021\/08\/hj44-scaled.jpg","contentUrl":"https:\/\/exaudi.org\/wp-content\/uploads\/2021\/08\/hj44-scaled.jpg","width":2560,"height":1707,"caption":"Audiencia general 25 agosto 2021 \u00a9 Vatican Media"},{"@type":"BreadcrumbList","@id":"https:\/\/exaudi.org\/es\/papa-saluda-paralimpicos-juegos-tokio-2020\/#breadcrumb","itemListElement":[{"@type":"ListItem","position":1,"name":"Portada","item":"https:\/\/exaudi.org\/es\/"},{"@type":"ListItem","position":2,"name":"El Papa saluda a los paral\u00edmpicos de Tokio 2020"}]},{"@type":"WebSite","@id":"https:\/\/exaudi.org\/#website","url":"https:\/\/exaudi.org\/","name":"Exaudi","description":"News","potentialAction":[{"@type":"SearchAction","target":{"@type":"EntryPoint","urlTemplate":"https:\/\/exaudi.org\/?s={search_term_string}"},"query-input":{"@type":"PropertyValueSpecification","valueRequired":true,"valueName":"search_term_string"}}],"inLanguage":"es"},{"@type":"Person","@id":"https:\/\/exaudi.org\/#\/schema\/person\/d134b96438278131ce90c90c03fda6cd","name":"Gabriel Sales","image":{"@type":"ImageObject","inLanguage":"es","@id":"https:\/\/secure.gravatar.com\/avatar\/9b1269566f6a063ed26ffb3532b66a373cdde231ce5d0effb266167437fdaffd?s=96&d=mm&r=g","url":"https:\/\/secure.gravatar.com\/avatar\/9b1269566f6a063ed26ffb3532b66a373cdde231ce5d0effb266167437fdaffd?s=96&d=mm&r=g","contentUrl":"https:\/\/secure.gravatar.com\/avatar\/9b1269566f6a063ed26ffb3532b66a373cdde231ce5d0effb266167437fdaffd?s=96&d=mm&r=g","caption":"Gabriel Sales"},"description":"Periodista y especialista en Comunicaci\u00f3n y Branding digital. Cin\u00e9filo y cr\u00edtico de cine y series de televisi\u00f3n.","sameAs":["https:\/\/www.instagram.com\/cine90segundos\/","www.linkedin.com\/in\/habemusman","https:\/\/x.com\/habemusman","https:\/\/www.youtube.com\/channel\/UCVfCiOMkJ_C7T7OpyjuaLDg"],"url":"https:\/\/exaudi.org\/es\/author\/gsalesexaudi-org\/"}]}},"jetpack_featured_media_url":"https:\/\/exaudi.org\/wp-content\/uploads\/2021\/08\/hj44-scaled.jpg","jetpack_shortlink":"https:\/\/wp.me\/pgKjF2-82i","_links":{"self":[{"href":"https:\/\/exaudi.org\/es\/wp-json\/wp\/v2\/posts\/30894","targetHints":{"allow":["GET"]}}],"collection":[{"href":"https:\/\/exaudi.org\/es\/wp-json\/wp\/v2\/posts"}],"about":[{"href":"https:\/\/exaudi.org\/es\/wp-json\/wp\/v2\/types\/post"}],"author":[{"embeddable":true,"href":"https:\/\/exaudi.org\/es\/wp-json\/wp\/v2\/users\/6"}],"replies":[{"embeddable":true,"href":"https:\/\/exaudi.org\/es\/wp-json\/wp\/v2\/comments?post=30894"}],"version-history":[{"count":0,"href":"https:\/\/exaudi.org\/es\/wp-json\/wp\/v2\/posts\/30894\/revisions"}],"wp:featuredmedia":[{"embeddable":true,"href":"https:\/\/exaudi.org\/es\/wp-json\/wp\/v2\/media\/30955"}],"wp:attachment":[{"href":"https:\/\/exaudi.org\/es\/wp-json\/wp\/v2\/media?parent=30894"}],"wp:term":[{"taxonomy":"category","embeddable":true,"href":"https:\/\/exaudi.org\/es\/wp-json\/wp\/v2\/categories?post=30894"},{"taxonomy":"post_tag","embeddable":true,"href":"https:\/\/exaudi.org\/es\/wp-json\/wp\/v2\/tags?post=30894"}],"curies":[{"name":"wp","href":"https:\/\/api.w.org\/{rel}","templated":true}]}}