{"id":30874,"date":"2021-08-25T10:20:41","date_gmt":"2021-08-25T08:20:41","guid":{"rendered":"https:\/\/exaudi.wpengine.com\/?p=30874"},"modified":"2021-08-26T11:06:55","modified_gmt":"2021-08-26T09:06:55","slug":"italia-papa-recuerda-victimas-terremoto-montegallo","status":"publish","type":"post","link":"https:\/\/exaudi.org\/es\/italia-papa-recuerda-victimas-terremoto-montegallo\/","title":{"rendered":"Italia: El Papa recuerda a las v\u00edctimas de Montegallo"},"content":{"rendered":"<p>El <a href=\"https:\/\/www.vatican.va\/content\/francesco\/es.html\" target=\"_blank\" rel=\"noopener\">Papa Francisco<\/a> ha mandado un saludo especial a los fieles de Montegallo, afectados por un terremoto el 24 de agosto de hace cinco a\u00f1os. \u201cVuestra presencia me da la oportunidad de volver mis pensamientos a las v\u00edctimas y a las comunidades del centro de Italia, incluidas Accumoli y Amatrice, que han sufrido el consecuencias de ese evento s\u00edsmico\u201d, ha expresado antes de su saludo a los peregrinos de lengua italiana en la <a href=\"https:\/\/exaudi.wpengine.com\/es\/peligros-cumplimiento-ley-hipocresia\/\" target=\"_blank\" rel=\"noopener\">Audiencia General de esta ma\u00f1ana.<\/a><\/p>\n<p>\u201cCon la ayuda concreta de las instituciones, es necesario dar prueba de &#8216;renacimiento&#8217; sin dejar que la desconfianza se interponga. Insto a todos a seguir adelante con esperanza. \u00a1\u00c1nimo!\u201d, ha manifestado el Santo Padre. Del mismo modo, ha dado una c\u00e1lida bienvenida al \u201cCap\u00edtulo de las Hermanas Oblatas del Ni\u00f1o Jes\u00fas: a ellas y a todo el Instituto dirijo mi aliento para que sepan afrontar los problemas de la educaci\u00f3n con gran confianza, sembrando con alegr\u00eda la palabra de Dios en el coraz\u00f3n de los j\u00f3venes\u201d.<\/p>\n<p>Por \u00faltimo, el Pont\u00edfice ha dirigido su pensamiento \u201ca los ancianos, los enfermos, los j\u00f3venes y los reci\u00e9n casados. Que vuestros corazones se acerquen cada vez m\u00e1s a Cristo y que encontr\u00e9is en \u00e9l la serenidad y la esperanza cristiana. A todos mi bendici\u00f3n\u201d.<\/p>\n<h4><strong>Terremoto de Montegallo<\/strong><\/h4>\n<p>Tal y como inform\u00f3 en su momento el Departamento de Seguridad Nacional de Espa\u00f1a, en la madrugada del 24 de agosto de 2016 se registr\u00f3 un sismo de magnitud 6, con epicentro en la provincia de Rieti, pr\u00f3ximo a Accumoli (regi\u00f3n de Lacio) e hipocentro a 4 kil\u00f3metros de profundidad.<\/p>\n<p>El terremoto afect\u00f3 a las regiones de Lacio, Umbr\u00eda, Marcas y Abruzo, especialmente a las provincias de Rieti, Perugia, Ascoli Piceno, L\u2019Aquila y Teramo. Las\u00a0ciudades donde mayores da\u00f1os se han registrado son Accumoli, Amatrice y Pescara del Tronto. Adem\u00e1s, fue sentido por la pr\u00e1ctica totalidad del territorio del centro de Italia.\u00a0En la noche del 26 y la ma\u00f1ana del 30 de octubre del mismo a\u00f1o hubo otros tres temblores, de 5.5, 5.9 y 6.5, lo que agrav\u00f3 considerablemente la situaci\u00f3n.<\/p>\n","protected":false},"excerpt":{"rendered":"<p>Ocurrido el 24 de agosto de 2016<\/p>\n","protected":false},"author":6,"featured_media":30879,"comment_status":"closed","ping_status":"closed","sticky":false,"template":"","format":"standard","meta":{"_acf_changed":false,"_crdt_document":"","inline_featured_image":false,"footnotes":""},"categories":[112,298],"tags":[158,3811],"class_list":["post-30874","post","type-post","status-publish","format-standard","has-post-thumbnail","hentry","category-audiencia-general","category-ultimas-noticias","tag-papa-francisco","tag-terremoto-de-montegallo"],"acf":[],"yoast_head":"<!-- This site is optimized with the Yoast SEO plugin v27.5 - https:\/\/yoast.com\/product\/yoast-seo-wordpress\/ -->\n<title>Italia: El Papa recuerda a las v\u00edctimas de Montegallo - Exaudi<\/title>\n<meta name=\"description\" content=\"Antes de los saludos a los fieles de Italia en la Audiencia General, el Papa ha recordado a las v\u00edctimas del terremoto de Montegallo\" \/>\n<meta name=\"robots\" content=\"index, follow, max-snippet:-1, max-image-preview:large, max-video-preview:-1\" \/>\n<link rel=\"canonical\" href=\"https:\/\/exaudi.org\/es\/italia-papa-recuerda-victimas-terremoto-montegallo\/\" \/>\n<meta property=\"og:locale\" content=\"es_ES\" \/>\n<meta property=\"og:type\" content=\"article\" \/>\n<meta property=\"og:title\" content=\"Italia: El Papa recuerda a las v\u00edctimas de Montegallo - Exaudi\" \/>\n<meta property=\"og:description\" content=\"Antes de los saludos a los fieles de Italia en la Audiencia General, el Papa ha recordado a las v\u00edctimas del terremoto de Montegallo\" \/>\n<meta property=\"og:url\" content=\"https:\/\/exaudi.org\/es\/italia-papa-recuerda-victimas-terremoto-montegallo\/\" \/>\n<meta property=\"og:site_name\" content=\"Exaudi\" \/>\n<meta property=\"article:publisher\" content=\"https:\/\/www.facebook.com\/ExaudiNews\" \/>\n<meta property=\"article:published_time\" content=\"2021-08-25T08:20:41+00:00\" \/>\n<meta property=\"article:modified_time\" content=\"2021-08-26T09:06:55+00:00\" \/>\n<meta property=\"og:image\" content=\"https:\/\/exaudi.org\/wp-content\/uploads\/2021\/08\/2v333.jpeg\" \/>\n\t<meta property=\"og:image:width\" content=\"777\" \/>\n\t<meta property=\"og:image:height\" content=\"518\" \/>\n\t<meta property=\"og:image:type\" content=\"image\/jpeg\" \/>\n<meta name=\"author\" content=\"Gabriel Sales\" \/>\n<meta name=\"twitter:card\" content=\"summary_large_image\" \/>\n<meta name=\"twitter:creator\" content=\"@habemusman\" \/>\n<meta name=\"twitter:site\" content=\"@Exaudi_News\" \/>\n<meta name=\"twitter:label1\" content=\"Escrito por\" \/>\n\t<meta name=\"twitter:data1\" content=\"Gabriel Sales\" \/>\n\t<meta name=\"twitter:label2\" content=\"Tiempo de lectura\" \/>\n\t<meta name=\"twitter:data2\" content=\"2 minutos\" \/>\n<script type=\"application\/ld+json\" class=\"yoast-schema-graph\">{\"@context\":\"https:\\\/\\\/schema.org\",\"@graph\":[{\"@type\":\"Article\",\"@id\":\"https:\\\/\\\/exaudi.org\\\/es\\\/italia-papa-recuerda-victimas-terremoto-montegallo\\\/#article\",\"isPartOf\":{\"@id\":\"https:\\\/\\\/exaudi.org\\\/es\\\/italia-papa-recuerda-victimas-terremoto-montegallo\\\/\"},\"author\":{\"name\":\"Gabriel Sales\",\"@id\":\"https:\\\/\\\/exaudi.org\\\/#\\\/schema\\\/person\\\/d134b96438278131ce90c90c03fda6cd\"},\"headline\":\"Italia: El Papa recuerda a las v\u00edctimas de Montegallo\",\"datePublished\":\"2021-08-25T08:20:41+00:00\",\"dateModified\":\"2021-08-26T09:06:55+00:00\",\"mainEntityOfPage\":{\"@id\":\"https:\\\/\\\/exaudi.org\\\/es\\\/italia-papa-recuerda-victimas-terremoto-montegallo\\\/\"},\"wordCount\":373,\"image\":{\"@id\":\"https:\\\/\\\/exaudi.org\\\/es\\\/italia-papa-recuerda-victimas-terremoto-montegallo\\\/#primaryimage\"},\"thumbnailUrl\":\"https:\\\/\\\/exaudi.org\\\/wp-content\\\/uploads\\\/2021\\\/08\\\/2v333.jpeg\",\"keywords\":[\"papa francisco\",\"Terremoto de Montegallo\"],\"articleSection\":[\"Audiencia General\",\"\u00daltimas noticias\"],\"inLanguage\":\"es\"},{\"@type\":\"WebPage\",\"@id\":\"https:\\\/\\\/exaudi.org\\\/es\\\/italia-papa-recuerda-victimas-terremoto-montegallo\\\/\",\"url\":\"https:\\\/\\\/exaudi.org\\\/es\\\/italia-papa-recuerda-victimas-terremoto-montegallo\\\/\",\"name\":\"Italia: El Papa recuerda a las v\u00edctimas de Montegallo - Exaudi\",\"isPartOf\":{\"@id\":\"https:\\\/\\\/exaudi.org\\\/#website\"},\"primaryImageOfPage\":{\"@id\":\"https:\\\/\\\/exaudi.org\\\/es\\\/italia-papa-recuerda-victimas-terremoto-montegallo\\\/#primaryimage\"},\"image\":{\"@id\":\"https:\\\/\\\/exaudi.org\\\/es\\\/italia-papa-recuerda-victimas-terremoto-montegallo\\\/#primaryimage\"},\"thumbnailUrl\":\"https:\\\/\\\/exaudi.org\\\/wp-content\\\/uploads\\\/2021\\\/08\\\/2v333.jpeg\",\"datePublished\":\"2021-08-25T08:20:41+00:00\",\"dateModified\":\"2021-08-26T09:06:55+00:00\",\"author\":{\"@id\":\"https:\\\/\\\/exaudi.org\\\/#\\\/schema\\\/person\\\/d134b96438278131ce90c90c03fda6cd\"},\"description\":\"Antes de los saludos a los fieles de Italia en la Audiencia General, el Papa ha recordado a las v\u00edctimas del terremoto de Montegallo\",\"breadcrumb\":{\"@id\":\"https:\\\/\\\/exaudi.org\\\/es\\\/italia-papa-recuerda-victimas-terremoto-montegallo\\\/#breadcrumb\"},\"inLanguage\":\"es\",\"potentialAction\":[{\"@type\":\"ReadAction\",\"target\":[\"https:\\\/\\\/exaudi.org\\\/es\\\/italia-papa-recuerda-victimas-terremoto-montegallo\\\/\"]}]},{\"@type\":\"ImageObject\",\"inLanguage\":\"es\",\"@id\":\"https:\\\/\\\/exaudi.org\\\/es\\\/italia-papa-recuerda-victimas-terremoto-montegallo\\\/#primaryimage\",\"url\":\"https:\\\/\\\/exaudi.org\\\/wp-content\\\/uploads\\\/2021\\\/08\\\/2v333.jpeg\",\"contentUrl\":\"https:\\\/\\\/exaudi.org\\\/wp-content\\\/uploads\\\/2021\\\/08\\\/2v333.jpeg\",\"width\":777,\"height\":518,\"caption\":\"Audiencia general 25 agosto 2021 \u00a9 Vatican Media\"},{\"@type\":\"BreadcrumbList\",\"@id\":\"https:\\\/\\\/exaudi.org\\\/es\\\/italia-papa-recuerda-victimas-terremoto-montegallo\\\/#breadcrumb\",\"itemListElement\":[{\"@type\":\"ListItem\",\"position\":1,\"name\":\"Portada\",\"item\":\"https:\\\/\\\/exaudi.org\\\/es\\\/\"},{\"@type\":\"ListItem\",\"position\":2,\"name\":\"Italia: El Papa recuerda a las v\u00edctimas de Montegallo\"}]},{\"@type\":\"WebSite\",\"@id\":\"https:\\\/\\\/exaudi.org\\\/#website\",\"url\":\"https:\\\/\\\/exaudi.org\\\/\",\"name\":\"Exaudi\",\"description\":\"News\",\"potentialAction\":[{\"@type\":\"SearchAction\",\"target\":{\"@type\":\"EntryPoint\",\"urlTemplate\":\"https:\\\/\\\/exaudi.org\\\/?s={search_term_string}\"},\"query-input\":{\"@type\":\"PropertyValueSpecification\",\"valueRequired\":true,\"valueName\":\"search_term_string\"}}],\"inLanguage\":\"es\"},{\"@type\":\"Person\",\"@id\":\"https:\\\/\\\/exaudi.org\\\/#\\\/schema\\\/person\\\/d134b96438278131ce90c90c03fda6cd\",\"name\":\"Gabriel Sales\",\"image\":{\"@type\":\"ImageObject\",\"inLanguage\":\"es\",\"@id\":\"https:\\\/\\\/secure.gravatar.com\\\/avatar\\\/9b1269566f6a063ed26ffb3532b66a373cdde231ce5d0effb266167437fdaffd?s=96&d=mm&r=g\",\"url\":\"https:\\\/\\\/secure.gravatar.com\\\/avatar\\\/9b1269566f6a063ed26ffb3532b66a373cdde231ce5d0effb266167437fdaffd?s=96&d=mm&r=g\",\"contentUrl\":\"https:\\\/\\\/secure.gravatar.com\\\/avatar\\\/9b1269566f6a063ed26ffb3532b66a373cdde231ce5d0effb266167437fdaffd?s=96&d=mm&r=g\",\"caption\":\"Gabriel Sales\"},\"description\":\"Periodista y especialista en Comunicaci\u00f3n y Branding digital. Cin\u00e9filo y cr\u00edtico de cine y series de televisi\u00f3n.\",\"sameAs\":[\"https:\\\/\\\/www.instagram.com\\\/cine90segundos\\\/\",\"www.linkedin.com\\\/in\\\/habemusman\",\"https:\\\/\\\/x.com\\\/habemusman\",\"https:\\\/\\\/www.youtube.com\\\/channel\\\/UCVfCiOMkJ_C7T7OpyjuaLDg\"],\"url\":\"https:\\\/\\\/exaudi.org\\\/es\\\/author\\\/gsalesexaudi-org\\\/\"}]}<\/script>\n<!-- \/ Yoast SEO plugin. -->","yoast_head_json":{"title":"Italia: El Papa recuerda a las v\u00edctimas de Montegallo - Exaudi","description":"Antes de los saludos a los fieles de Italia en la Audiencia General, el Papa ha recordado a las v\u00edctimas del terremoto de Montegallo","robots":{"index":"index","follow":"follow","max-snippet":"max-snippet:-1","max-image-preview":"max-image-preview:large","max-video-preview":"max-video-preview:-1"},"canonical":"https:\/\/exaudi.org\/es\/italia-papa-recuerda-victimas-terremoto-montegallo\/","og_locale":"es_ES","og_type":"article","og_title":"Italia: El Papa recuerda a las v\u00edctimas de Montegallo - Exaudi","og_description":"Antes de los saludos a los fieles de Italia en la Audiencia General, el Papa ha recordado a las v\u00edctimas del terremoto de Montegallo","og_url":"https:\/\/exaudi.org\/es\/italia-papa-recuerda-victimas-terremoto-montegallo\/","og_site_name":"Exaudi","article_publisher":"https:\/\/www.facebook.com\/ExaudiNews","article_published_time":"2021-08-25T08:20:41+00:00","article_modified_time":"2021-08-26T09:06:55+00:00","og_image":[{"width":777,"height":518,"url":"https:\/\/exaudi.org\/wp-content\/uploads\/2021\/08\/2v333.jpeg","type":"image\/jpeg"}],"author":"Gabriel Sales","twitter_card":"summary_large_image","twitter_creator":"@habemusman","twitter_site":"@Exaudi_News","twitter_misc":{"Escrito por":"Gabriel Sales","Tiempo de lectura":"2 minutos"},"schema":{"@context":"https:\/\/schema.org","@graph":[{"@type":"Article","@id":"https:\/\/exaudi.org\/es\/italia-papa-recuerda-victimas-terremoto-montegallo\/#article","isPartOf":{"@id":"https:\/\/exaudi.org\/es\/italia-papa-recuerda-victimas-terremoto-montegallo\/"},"author":{"name":"Gabriel Sales","@id":"https:\/\/exaudi.org\/#\/schema\/person\/d134b96438278131ce90c90c03fda6cd"},"headline":"Italia: El Papa recuerda a las v\u00edctimas de Montegallo","datePublished":"2021-08-25T08:20:41+00:00","dateModified":"2021-08-26T09:06:55+00:00","mainEntityOfPage":{"@id":"https:\/\/exaudi.org\/es\/italia-papa-recuerda-victimas-terremoto-montegallo\/"},"wordCount":373,"image":{"@id":"https:\/\/exaudi.org\/es\/italia-papa-recuerda-victimas-terremoto-montegallo\/#primaryimage"},"thumbnailUrl":"https:\/\/exaudi.org\/wp-content\/uploads\/2021\/08\/2v333.jpeg","keywords":["papa francisco","Terremoto de Montegallo"],"articleSection":["Audiencia General","\u00daltimas noticias"],"inLanguage":"es"},{"@type":"WebPage","@id":"https:\/\/exaudi.org\/es\/italia-papa-recuerda-victimas-terremoto-montegallo\/","url":"https:\/\/exaudi.org\/es\/italia-papa-recuerda-victimas-terremoto-montegallo\/","name":"Italia: El Papa recuerda a las v\u00edctimas de Montegallo - Exaudi","isPartOf":{"@id":"https:\/\/exaudi.org\/#website"},"primaryImageOfPage":{"@id":"https:\/\/exaudi.org\/es\/italia-papa-recuerda-victimas-terremoto-montegallo\/#primaryimage"},"image":{"@id":"https:\/\/exaudi.org\/es\/italia-papa-recuerda-victimas-terremoto-montegallo\/#primaryimage"},"thumbnailUrl":"https:\/\/exaudi.org\/wp-content\/uploads\/2021\/08\/2v333.jpeg","datePublished":"2021-08-25T08:20:41+00:00","dateModified":"2021-08-26T09:06:55+00:00","author":{"@id":"https:\/\/exaudi.org\/#\/schema\/person\/d134b96438278131ce90c90c03fda6cd"},"description":"Antes de los saludos a los fieles de Italia en la Audiencia General, el Papa ha recordado a las v\u00edctimas del terremoto de Montegallo","breadcrumb":{"@id":"https:\/\/exaudi.org\/es\/italia-papa-recuerda-victimas-terremoto-montegallo\/#breadcrumb"},"inLanguage":"es","potentialAction":[{"@type":"ReadAction","target":["https:\/\/exaudi.org\/es\/italia-papa-recuerda-victimas-terremoto-montegallo\/"]}]},{"@type":"ImageObject","inLanguage":"es","@id":"https:\/\/exaudi.org\/es\/italia-papa-recuerda-victimas-terremoto-montegallo\/#primaryimage","url":"https:\/\/exaudi.org\/wp-content\/uploads\/2021\/08\/2v333.jpeg","contentUrl":"https:\/\/exaudi.org\/wp-content\/uploads\/2021\/08\/2v333.jpeg","width":777,"height":518,"caption":"Audiencia general 25 agosto 2021 \u00a9 Vatican Media"},{"@type":"BreadcrumbList","@id":"https:\/\/exaudi.org\/es\/italia-papa-recuerda-victimas-terremoto-montegallo\/#breadcrumb","itemListElement":[{"@type":"ListItem","position":1,"name":"Portada","item":"https:\/\/exaudi.org\/es\/"},{"@type":"ListItem","position":2,"name":"Italia: El Papa recuerda a las v\u00edctimas de Montegallo"}]},{"@type":"WebSite","@id":"https:\/\/exaudi.org\/#website","url":"https:\/\/exaudi.org\/","name":"Exaudi","description":"News","potentialAction":[{"@type":"SearchAction","target":{"@type":"EntryPoint","urlTemplate":"https:\/\/exaudi.org\/?s={search_term_string}"},"query-input":{"@type":"PropertyValueSpecification","valueRequired":true,"valueName":"search_term_string"}}],"inLanguage":"es"},{"@type":"Person","@id":"https:\/\/exaudi.org\/#\/schema\/person\/d134b96438278131ce90c90c03fda6cd","name":"Gabriel Sales","image":{"@type":"ImageObject","inLanguage":"es","@id":"https:\/\/secure.gravatar.com\/avatar\/9b1269566f6a063ed26ffb3532b66a373cdde231ce5d0effb266167437fdaffd?s=96&d=mm&r=g","url":"https:\/\/secure.gravatar.com\/avatar\/9b1269566f6a063ed26ffb3532b66a373cdde231ce5d0effb266167437fdaffd?s=96&d=mm&r=g","contentUrl":"https:\/\/secure.gravatar.com\/avatar\/9b1269566f6a063ed26ffb3532b66a373cdde231ce5d0effb266167437fdaffd?s=96&d=mm&r=g","caption":"Gabriel Sales"},"description":"Periodista y especialista en Comunicaci\u00f3n y Branding digital. Cin\u00e9filo y cr\u00edtico de cine y series de televisi\u00f3n.","sameAs":["https:\/\/www.instagram.com\/cine90segundos\/","www.linkedin.com\/in\/habemusman","https:\/\/x.com\/habemusman","https:\/\/www.youtube.com\/channel\/UCVfCiOMkJ_C7T7OpyjuaLDg"],"url":"https:\/\/exaudi.org\/es\/author\/gsalesexaudi-org\/"}]}},"jetpack_featured_media_url":"https:\/\/exaudi.org\/wp-content\/uploads\/2021\/08\/2v333.jpeg","jetpack_shortlink":"https:\/\/wp.me\/pgKjF2-81Y","_links":{"self":[{"href":"https:\/\/exaudi.org\/es\/wp-json\/wp\/v2\/posts\/30874","targetHints":{"allow":["GET"]}}],"collection":[{"href":"https:\/\/exaudi.org\/es\/wp-json\/wp\/v2\/posts"}],"about":[{"href":"https:\/\/exaudi.org\/es\/wp-json\/wp\/v2\/types\/post"}],"author":[{"embeddable":true,"href":"https:\/\/exaudi.org\/es\/wp-json\/wp\/v2\/users\/6"}],"replies":[{"embeddable":true,"href":"https:\/\/exaudi.org\/es\/wp-json\/wp\/v2\/comments?post=30874"}],"version-history":[{"count":0,"href":"https:\/\/exaudi.org\/es\/wp-json\/wp\/v2\/posts\/30874\/revisions"}],"wp:featuredmedia":[{"embeddable":true,"href":"https:\/\/exaudi.org\/es\/wp-json\/wp\/v2\/media\/30879"}],"wp:attachment":[{"href":"https:\/\/exaudi.org\/es\/wp-json\/wp\/v2\/media?parent=30874"}],"wp:term":[{"taxonomy":"category","embeddable":true,"href":"https:\/\/exaudi.org\/es\/wp-json\/wp\/v2\/categories?post=30874"},{"taxonomy":"post_tag","embeddable":true,"href":"https:\/\/exaudi.org\/es\/wp-json\/wp\/v2\/tags?post=30874"}],"curies":[{"name":"wp","href":"https:\/\/api.w.org\/{rel}","templated":true}]}}