{"id":30815,"date":"2021-08-24T15:28:55","date_gmt":"2021-08-24T13:28:55","guid":{"rendered":"https:\/\/exaudi.wpengine.com\/?p=30815"},"modified":"2021-08-25T13:26:37","modified_gmt":"2021-08-25T11:26:37","slug":"papa-laudato-si-enciclica-verde-social","status":"publish","type":"post","link":"https:\/\/exaudi.org\/es\/papa-laudato-si-enciclica-verde-social\/","title":{"rendered":"El Papa: Laudato Si&#8217;, no s\u00f3lo \u201cverde\u201d, sino social"},"content":{"rendered":"<p>El <a href=\"https:\/\/exaudi.wpengine.com\/es\/papa-renunciar-ventajas-explotacion-esclava\/\" target=\"_blank\" rel=\"noopener noreferrer\">Papa Francisco<\/a> ha enviado hoy, 24 de agosto de 2021, un <a href=\"https:\/\/www.youtube.com\/watch?v=uRUmEXoEyoM\" target=\"_blank\" rel=\"noopener\">videomensaje<\/a> a los participantes del Congreso Interuniversitario <em>Laudato Si&#8217;, <\/em>promovido por el Consejo Interuniversitario Nacional (CIN), el Consejo de Rectores de Universidades Privadas (CRUP) y el <a href=\"https:\/\/www.episcopado.org\/\" target=\"_blank\" rel=\"noopener\">Episcopado Argentino<\/a> (CEA), que se celebrar\u00e1 online del 1 al 4 de septiembre. El Santo Padre recuerda que\u00a0<em>Laudato Si&#8217;\u00a0<\/em>\u201cno es s\u00f3lo una Enc\u00edclica &#8216;verde&#8217;, es una Enc\u00edclica social\u201d.<\/p>\n<p>Asimismo, el Pont\u00edfice manifiesta su deseo de que \u201ceste esfuerzo haga progresar la conciencia social y la conciencia por el cuidado de la casa com\u00fan\u201d, y que el Congreso ayude a ver toda la amplitud y las consecuencias de la Carta Enc\u00edclica.<\/p>\n<h4><strong>Congreso Interuniversitario\u00a0<em>Laudato Si&#8217;<\/em><\/strong><\/h4>\n<p>Seg\u00fan informa la Conferencia Episcopal Argentina, al cumplirse seis a\u00f1os de la enc\u00edclica de Francisco, el CIN, el CRUP y la CEA convocan al encuentro internacional \u201cEl cuidado de la casa com\u00fan\u201d, que se realizar\u00e1 del 1 al 4 de septiembre con sede en distintos puntos del pa\u00eds y de la regi\u00f3n.<\/p>\n<p>Las conferencias, conversatorios y diversas actividades acad\u00e9micas propiciar\u00e1n el di\u00e1logo sobre algunos de los principales ejes de la carta enc\u00edclica papal, como dignidad personal, fraternidad y di\u00e1logo intercultural, medioambiente, desarrollo integral de las personas y visi\u00f3n, perspectiva, di\u00e1logos y encuentros interdisciplinarios.<\/p>\n<p>Con un sentido trascendente, personalidades expertas nacionales e internacionales compartir\u00e1n su lectura de los hechos a la b\u00fasqueda de una nueva agenda que atienda la complejidad multidimensional de estos fen\u00f3menos y permita cooperar en el esfuerzo de su interpretaci\u00f3n y en la contextualizaci\u00f3n interdisciplinaria, adem\u00e1s de posibilitar debatir acerca de las acciones en un futuro pr\u00f3ximo.<\/p>\n<p>La CEA aclara que, concebido como un encuentro federal que entrama instancias nacionales con acciones locales realizadas por las comunidades universitarias en distintos lugares del pa\u00eds, el Congreso <em>Laudato Si\u00b4<\/em> estar\u00e1 accesible en modalidad virtual para facilitar el acceso en todo el territorio nacional.<\/p>\n<p>A continuaci\u00f3n puedes ver el videomensaje de Francisco, ofrecido por la Conferencia Episcopal Argentina (CEA).<\/p>\n<p>***<\/p>\n<h4><strong>Videomensaje del Papa<\/strong><\/h4>\n<p><iframe loading=\"lazy\" title=\"Papa Francisco | Mensaje para el Congreso InterUniversitario Laudato Si\u00b4 2021\" width=\"500\" height=\"281\" src=\"https:\/\/www.youtube.com\/embed\/uRUmEXoEyoM?feature=oembed\" frameborder=\"0\" allow=\"accelerometer; autoplay; clipboard-write; encrypted-media; gyroscope; picture-in-picture; web-share\" referrerpolicy=\"strict-origin-when-cross-origin\" allowfullscreen><\/iframe><\/p>\n","protected":false},"excerpt":{"rendered":"<p>Videomensaje a los participantes del Congreso Interuniversitario Laudato Si&#8217;<\/p>\n","protected":false},"author":6,"featured_media":30826,"comment_status":"closed","ping_status":"closed","sticky":false,"template":"","format":"standard","meta":{"_acf_changed":false,"_crdt_document":"","inline_featured_image":false,"footnotes":""},"categories":[118,298],"tags":[2051,158],"class_list":["post-30815","post","type-post","status-publish","format-standard","has-post-thumbnail","hentry","category-mensajes","category-ultimas-noticias","tag-carta-enciclica-laudato-si","tag-papa-francisco"],"acf":[],"yoast_head":"<!-- This site is optimized with the Yoast SEO plugin v27.4 - https:\/\/yoast.com\/product\/yoast-seo-wordpress\/ -->\n<title>El Papa: Laudato Si&#039;, no s\u00f3lo \u201cverde\u201d, sino social - Exaudi<\/title>\n<meta name=\"description\" content=\"En su mensaje a los participantes del Congreso Interuniversitario Laudato Si&#039;, el Papa dice que la Enc\u00edclica no es solo verde sino social.\" \/>\n<meta name=\"robots\" content=\"index, follow, max-snippet:-1, max-image-preview:large, max-video-preview:-1\" \/>\n<link rel=\"canonical\" href=\"https:\/\/exaudi.org\/es\/papa-laudato-si-enciclica-verde-social\/\" \/>\n<meta property=\"og:locale\" content=\"es_ES\" \/>\n<meta property=\"og:type\" content=\"article\" \/>\n<meta property=\"og:title\" content=\"El Papa: Laudato Si&#039;, no s\u00f3lo \u201cverde\u201d, sino social - Exaudi\" \/>\n<meta property=\"og:description\" content=\"En su mensaje a los participantes del Congreso Interuniversitario Laudato Si&#039;, el Papa dice que la Enc\u00edclica no es solo verde sino social.\" \/>\n<meta property=\"og:url\" content=\"https:\/\/exaudi.org\/es\/papa-laudato-si-enciclica-verde-social\/\" \/>\n<meta property=\"og:site_name\" content=\"Exaudi\" \/>\n<meta property=\"article:publisher\" content=\"https:\/\/www.facebook.com\/ExaudiNews\" \/>\n<meta property=\"article:published_time\" content=\"2021-08-24T13:28:55+00:00\" \/>\n<meta property=\"article:modified_time\" content=\"2021-08-25T11:26:37+00:00\" \/>\n<meta property=\"og:image\" content=\"https:\/\/exaudi.org\/wp-content\/uploads\/2021\/08\/34v43c.jpg\" \/>\n\t<meta property=\"og:image:width\" content=\"947\" \/>\n\t<meta property=\"og:image:height\" content=\"714\" \/>\n\t<meta property=\"og:image:type\" content=\"image\/jpeg\" \/>\n<meta name=\"author\" content=\"Gabriel Sales\" \/>\n<meta name=\"twitter:card\" content=\"summary_large_image\" \/>\n<meta name=\"twitter:creator\" content=\"@habemusman\" \/>\n<meta name=\"twitter:site\" content=\"@Exaudi_News\" \/>\n<meta name=\"twitter:label1\" content=\"Escrito por\" \/>\n\t<meta name=\"twitter:data1\" content=\"Gabriel Sales\" \/>\n\t<meta name=\"twitter:label2\" content=\"Tiempo de lectura\" \/>\n\t<meta name=\"twitter:data2\" content=\"2 minutos\" \/>\n<script type=\"application\/ld+json\" class=\"yoast-schema-graph\">{\"@context\":\"https:\\\/\\\/schema.org\",\"@graph\":[{\"@type\":\"Article\",\"@id\":\"https:\\\/\\\/exaudi.org\\\/es\\\/papa-laudato-si-enciclica-verde-social\\\/#article\",\"isPartOf\":{\"@id\":\"https:\\\/\\\/exaudi.org\\\/es\\\/papa-laudato-si-enciclica-verde-social\\\/\"},\"author\":{\"name\":\"Gabriel Sales\",\"@id\":\"https:\\\/\\\/exaudi.org\\\/#\\\/schema\\\/person\\\/d134b96438278131ce90c90c03fda6cd\"},\"headline\":\"El Papa: Laudato Si&#8217;, no s\u00f3lo \u201cverde\u201d, sino social\",\"datePublished\":\"2021-08-24T13:28:55+00:00\",\"dateModified\":\"2021-08-25T11:26:37+00:00\",\"mainEntityOfPage\":{\"@id\":\"https:\\\/\\\/exaudi.org\\\/es\\\/papa-laudato-si-enciclica-verde-social\\\/\"},\"wordCount\":366,\"image\":{\"@id\":\"https:\\\/\\\/exaudi.org\\\/es\\\/papa-laudato-si-enciclica-verde-social\\\/#primaryimage\"},\"thumbnailUrl\":\"https:\\\/\\\/exaudi.org\\\/wp-content\\\/uploads\\\/2021\\\/08\\\/34v43c.jpg\",\"keywords\":[\"Carta enc\u00edclica 'Laudato Si'\",\"papa francisco\"],\"articleSection\":[\"Mensajes\",\"\u00daltimas noticias\"],\"inLanguage\":\"es\"},{\"@type\":\"WebPage\",\"@id\":\"https:\\\/\\\/exaudi.org\\\/es\\\/papa-laudato-si-enciclica-verde-social\\\/\",\"url\":\"https:\\\/\\\/exaudi.org\\\/es\\\/papa-laudato-si-enciclica-verde-social\\\/\",\"name\":\"El Papa: Laudato Si', no s\u00f3lo \u201cverde\u201d, sino social - Exaudi\",\"isPartOf\":{\"@id\":\"https:\\\/\\\/exaudi.org\\\/#website\"},\"primaryImageOfPage\":{\"@id\":\"https:\\\/\\\/exaudi.org\\\/es\\\/papa-laudato-si-enciclica-verde-social\\\/#primaryimage\"},\"image\":{\"@id\":\"https:\\\/\\\/exaudi.org\\\/es\\\/papa-laudato-si-enciclica-verde-social\\\/#primaryimage\"},\"thumbnailUrl\":\"https:\\\/\\\/exaudi.org\\\/wp-content\\\/uploads\\\/2021\\\/08\\\/34v43c.jpg\",\"datePublished\":\"2021-08-24T13:28:55+00:00\",\"dateModified\":\"2021-08-25T11:26:37+00:00\",\"author\":{\"@id\":\"https:\\\/\\\/exaudi.org\\\/#\\\/schema\\\/person\\\/d134b96438278131ce90c90c03fda6cd\"},\"description\":\"En su mensaje a los participantes del Congreso Interuniversitario Laudato Si', el Papa dice que la Enc\u00edclica no es solo verde sino social.\",\"breadcrumb\":{\"@id\":\"https:\\\/\\\/exaudi.org\\\/es\\\/papa-laudato-si-enciclica-verde-social\\\/#breadcrumb\"},\"inLanguage\":\"es\",\"potentialAction\":[{\"@type\":\"ReadAction\",\"target\":[\"https:\\\/\\\/exaudi.org\\\/es\\\/papa-laudato-si-enciclica-verde-social\\\/\"]}]},{\"@type\":\"ImageObject\",\"inLanguage\":\"es\",\"@id\":\"https:\\\/\\\/exaudi.org\\\/es\\\/papa-laudato-si-enciclica-verde-social\\\/#primaryimage\",\"url\":\"https:\\\/\\\/exaudi.org\\\/wp-content\\\/uploads\\\/2021\\\/08\\\/34v43c.jpg\",\"contentUrl\":\"https:\\\/\\\/exaudi.org\\\/wp-content\\\/uploads\\\/2021\\\/08\\\/34v43c.jpg\",\"width\":947,\"height\":714,\"caption\":\"Dos personas compartiendo flores \u00a9 Cathopic\"},{\"@type\":\"BreadcrumbList\",\"@id\":\"https:\\\/\\\/exaudi.org\\\/es\\\/papa-laudato-si-enciclica-verde-social\\\/#breadcrumb\",\"itemListElement\":[{\"@type\":\"ListItem\",\"position\":1,\"name\":\"Portada\",\"item\":\"https:\\\/\\\/exaudi.org\\\/es\\\/\"},{\"@type\":\"ListItem\",\"position\":2,\"name\":\"El Papa: Laudato Si&#8217;, no s\u00f3lo \u201cverde\u201d, sino social\"}]},{\"@type\":\"WebSite\",\"@id\":\"https:\\\/\\\/exaudi.org\\\/#website\",\"url\":\"https:\\\/\\\/exaudi.org\\\/\",\"name\":\"Exaudi\",\"description\":\"News\",\"potentialAction\":[{\"@type\":\"SearchAction\",\"target\":{\"@type\":\"EntryPoint\",\"urlTemplate\":\"https:\\\/\\\/exaudi.org\\\/?s={search_term_string}\"},\"query-input\":{\"@type\":\"PropertyValueSpecification\",\"valueRequired\":true,\"valueName\":\"search_term_string\"}}],\"inLanguage\":\"es\"},{\"@type\":\"Person\",\"@id\":\"https:\\\/\\\/exaudi.org\\\/#\\\/schema\\\/person\\\/d134b96438278131ce90c90c03fda6cd\",\"name\":\"Gabriel Sales\",\"image\":{\"@type\":\"ImageObject\",\"inLanguage\":\"es\",\"@id\":\"https:\\\/\\\/secure.gravatar.com\\\/avatar\\\/9b1269566f6a063ed26ffb3532b66a373cdde231ce5d0effb266167437fdaffd?s=96&d=mm&r=g\",\"url\":\"https:\\\/\\\/secure.gravatar.com\\\/avatar\\\/9b1269566f6a063ed26ffb3532b66a373cdde231ce5d0effb266167437fdaffd?s=96&d=mm&r=g\",\"contentUrl\":\"https:\\\/\\\/secure.gravatar.com\\\/avatar\\\/9b1269566f6a063ed26ffb3532b66a373cdde231ce5d0effb266167437fdaffd?s=96&d=mm&r=g\",\"caption\":\"Gabriel Sales\"},\"description\":\"Periodista y especialista en Comunicaci\u00f3n y Branding digital. Cin\u00e9filo y cr\u00edtico de cine y series de televisi\u00f3n.\",\"sameAs\":[\"https:\\\/\\\/www.instagram.com\\\/cine90segundos\\\/\",\"www.linkedin.com\\\/in\\\/habemusman\",\"https:\\\/\\\/x.com\\\/habemusman\",\"https:\\\/\\\/www.youtube.com\\\/channel\\\/UCVfCiOMkJ_C7T7OpyjuaLDg\"],\"url\":\"https:\\\/\\\/exaudi.org\\\/es\\\/author\\\/gsalesexaudi-org\\\/\"}]}<\/script>\n<!-- \/ Yoast SEO plugin. -->","yoast_head_json":{"title":"El Papa: Laudato Si', no s\u00f3lo \u201cverde\u201d, sino social - Exaudi","description":"En su mensaje a los participantes del Congreso Interuniversitario Laudato Si', el Papa dice que la Enc\u00edclica no es solo verde sino social.","robots":{"index":"index","follow":"follow","max-snippet":"max-snippet:-1","max-image-preview":"max-image-preview:large","max-video-preview":"max-video-preview:-1"},"canonical":"https:\/\/exaudi.org\/es\/papa-laudato-si-enciclica-verde-social\/","og_locale":"es_ES","og_type":"article","og_title":"El Papa: Laudato Si', no s\u00f3lo \u201cverde\u201d, sino social - Exaudi","og_description":"En su mensaje a los participantes del Congreso Interuniversitario Laudato Si', el Papa dice que la Enc\u00edclica no es solo verde sino social.","og_url":"https:\/\/exaudi.org\/es\/papa-laudato-si-enciclica-verde-social\/","og_site_name":"Exaudi","article_publisher":"https:\/\/www.facebook.com\/ExaudiNews","article_published_time":"2021-08-24T13:28:55+00:00","article_modified_time":"2021-08-25T11:26:37+00:00","og_image":[{"width":947,"height":714,"url":"https:\/\/exaudi.org\/wp-content\/uploads\/2021\/08\/34v43c.jpg","type":"image\/jpeg"}],"author":"Gabriel Sales","twitter_card":"summary_large_image","twitter_creator":"@habemusman","twitter_site":"@Exaudi_News","twitter_misc":{"Escrito por":"Gabriel Sales","Tiempo de lectura":"2 minutos"},"schema":{"@context":"https:\/\/schema.org","@graph":[{"@type":"Article","@id":"https:\/\/exaudi.org\/es\/papa-laudato-si-enciclica-verde-social\/#article","isPartOf":{"@id":"https:\/\/exaudi.org\/es\/papa-laudato-si-enciclica-verde-social\/"},"author":{"name":"Gabriel Sales","@id":"https:\/\/exaudi.org\/#\/schema\/person\/d134b96438278131ce90c90c03fda6cd"},"headline":"El Papa: Laudato Si&#8217;, no s\u00f3lo \u201cverde\u201d, sino social","datePublished":"2021-08-24T13:28:55+00:00","dateModified":"2021-08-25T11:26:37+00:00","mainEntityOfPage":{"@id":"https:\/\/exaudi.org\/es\/papa-laudato-si-enciclica-verde-social\/"},"wordCount":366,"image":{"@id":"https:\/\/exaudi.org\/es\/papa-laudato-si-enciclica-verde-social\/#primaryimage"},"thumbnailUrl":"https:\/\/exaudi.org\/wp-content\/uploads\/2021\/08\/34v43c.jpg","keywords":["Carta enc\u00edclica 'Laudato Si'","papa francisco"],"articleSection":["Mensajes","\u00daltimas noticias"],"inLanguage":"es"},{"@type":"WebPage","@id":"https:\/\/exaudi.org\/es\/papa-laudato-si-enciclica-verde-social\/","url":"https:\/\/exaudi.org\/es\/papa-laudato-si-enciclica-verde-social\/","name":"El Papa: Laudato Si', no s\u00f3lo \u201cverde\u201d, sino social - Exaudi","isPartOf":{"@id":"https:\/\/exaudi.org\/#website"},"primaryImageOfPage":{"@id":"https:\/\/exaudi.org\/es\/papa-laudato-si-enciclica-verde-social\/#primaryimage"},"image":{"@id":"https:\/\/exaudi.org\/es\/papa-laudato-si-enciclica-verde-social\/#primaryimage"},"thumbnailUrl":"https:\/\/exaudi.org\/wp-content\/uploads\/2021\/08\/34v43c.jpg","datePublished":"2021-08-24T13:28:55+00:00","dateModified":"2021-08-25T11:26:37+00:00","author":{"@id":"https:\/\/exaudi.org\/#\/schema\/person\/d134b96438278131ce90c90c03fda6cd"},"description":"En su mensaje a los participantes del Congreso Interuniversitario Laudato Si', el Papa dice que la Enc\u00edclica no es solo verde sino social.","breadcrumb":{"@id":"https:\/\/exaudi.org\/es\/papa-laudato-si-enciclica-verde-social\/#breadcrumb"},"inLanguage":"es","potentialAction":[{"@type":"ReadAction","target":["https:\/\/exaudi.org\/es\/papa-laudato-si-enciclica-verde-social\/"]}]},{"@type":"ImageObject","inLanguage":"es","@id":"https:\/\/exaudi.org\/es\/papa-laudato-si-enciclica-verde-social\/#primaryimage","url":"https:\/\/exaudi.org\/wp-content\/uploads\/2021\/08\/34v43c.jpg","contentUrl":"https:\/\/exaudi.org\/wp-content\/uploads\/2021\/08\/34v43c.jpg","width":947,"height":714,"caption":"Dos personas compartiendo flores \u00a9 Cathopic"},{"@type":"BreadcrumbList","@id":"https:\/\/exaudi.org\/es\/papa-laudato-si-enciclica-verde-social\/#breadcrumb","itemListElement":[{"@type":"ListItem","position":1,"name":"Portada","item":"https:\/\/exaudi.org\/es\/"},{"@type":"ListItem","position":2,"name":"El Papa: Laudato Si&#8217;, no s\u00f3lo \u201cverde\u201d, sino social"}]},{"@type":"WebSite","@id":"https:\/\/exaudi.org\/#website","url":"https:\/\/exaudi.org\/","name":"Exaudi","description":"News","potentialAction":[{"@type":"SearchAction","target":{"@type":"EntryPoint","urlTemplate":"https:\/\/exaudi.org\/?s={search_term_string}"},"query-input":{"@type":"PropertyValueSpecification","valueRequired":true,"valueName":"search_term_string"}}],"inLanguage":"es"},{"@type":"Person","@id":"https:\/\/exaudi.org\/#\/schema\/person\/d134b96438278131ce90c90c03fda6cd","name":"Gabriel Sales","image":{"@type":"ImageObject","inLanguage":"es","@id":"https:\/\/secure.gravatar.com\/avatar\/9b1269566f6a063ed26ffb3532b66a373cdde231ce5d0effb266167437fdaffd?s=96&d=mm&r=g","url":"https:\/\/secure.gravatar.com\/avatar\/9b1269566f6a063ed26ffb3532b66a373cdde231ce5d0effb266167437fdaffd?s=96&d=mm&r=g","contentUrl":"https:\/\/secure.gravatar.com\/avatar\/9b1269566f6a063ed26ffb3532b66a373cdde231ce5d0effb266167437fdaffd?s=96&d=mm&r=g","caption":"Gabriel Sales"},"description":"Periodista y especialista en Comunicaci\u00f3n y Branding digital. Cin\u00e9filo y cr\u00edtico de cine y series de televisi\u00f3n.","sameAs":["https:\/\/www.instagram.com\/cine90segundos\/","www.linkedin.com\/in\/habemusman","https:\/\/x.com\/habemusman","https:\/\/www.youtube.com\/channel\/UCVfCiOMkJ_C7T7OpyjuaLDg"],"url":"https:\/\/exaudi.org\/es\/author\/gsalesexaudi-org\/"}]}},"jetpack_featured_media_url":"https:\/\/exaudi.org\/wp-content\/uploads\/2021\/08\/34v43c.jpg","jetpack_shortlink":"https:\/\/wp.me\/pgKjF2-811","_links":{"self":[{"href":"https:\/\/exaudi.org\/es\/wp-json\/wp\/v2\/posts\/30815","targetHints":{"allow":["GET"]}}],"collection":[{"href":"https:\/\/exaudi.org\/es\/wp-json\/wp\/v2\/posts"}],"about":[{"href":"https:\/\/exaudi.org\/es\/wp-json\/wp\/v2\/types\/post"}],"author":[{"embeddable":true,"href":"https:\/\/exaudi.org\/es\/wp-json\/wp\/v2\/users\/6"}],"replies":[{"embeddable":true,"href":"https:\/\/exaudi.org\/es\/wp-json\/wp\/v2\/comments?post=30815"}],"version-history":[{"count":0,"href":"https:\/\/exaudi.org\/es\/wp-json\/wp\/v2\/posts\/30815\/revisions"}],"wp:featuredmedia":[{"embeddable":true,"href":"https:\/\/exaudi.org\/es\/wp-json\/wp\/v2\/media\/30826"}],"wp:attachment":[{"href":"https:\/\/exaudi.org\/es\/wp-json\/wp\/v2\/media?parent=30815"}],"wp:term":[{"taxonomy":"category","embeddable":true,"href":"https:\/\/exaudi.org\/es\/wp-json\/wp\/v2\/categories?post=30815"},{"taxonomy":"post_tag","embeddable":true,"href":"https:\/\/exaudi.org\/es\/wp-json\/wp\/v2\/tags?post=30815"}],"curies":[{"name":"wp","href":"https:\/\/api.w.org\/{rel}","templated":true}]}}