{"id":30796,"date":"2021-08-24T14:01:57","date_gmt":"2021-08-24T12:01:57","guid":{"rendered":"https:\/\/exaudi.wpengine.com\/?p=30796"},"modified":"2021-08-25T11:18:13","modified_gmt":"2021-08-25T09:18:13","slug":"episcopado-espana-tiempo-creacion","status":"publish","type":"post","link":"https:\/\/exaudi.org\/es\/episcopado-espana-tiempo-creacion\/","title":{"rendered":"Espa\u00f1a: Episcopado celebra el Tiempo de la Creaci\u00f3n"},"content":{"rendered":"<p>El departamento de <a href=\"https:\/\/exaudi.wpengine.com\/es\/ecologia-hoy\/\" target=\"_blank\" rel=\"noopener\">Ecolog\u00eda Integral<\/a>, dentro de la Subcomisi\u00f3n Episcopal para la Acci\u00f3n Caritativa y Social del <a href=\"https:\/\/www.conferenciaepiscopal.es\/\" target=\"_blank\" rel=\"noopener\">Episcopado de Espa\u00f1a<\/a> (CEE), se ha unido al Papa Francisco para celebrar el Tiempo de la Creaci\u00f3n, que tendr\u00e1 lugar del 1 al 4 de septiembre de 2021, a trav\u00e9s de un mensaje propuesto para la Jornada Mundial de oraci\u00f3n por el cuidado de la creaci\u00f3n, que inaugurar\u00e1 el evento eclesial.<\/p>\n<p>Al comienzo del documento, la Conferencia Episcopal se\u00f1ala que se trata de un tiempo en el que <span style=\"font-weight: 400\">\u201clas comunidades cristianas de todo el mundo se unen en la renovaci\u00f3n de su fe en Dios Creador, en la oraci\u00f3n compartida y en una especial implicaci\u00f3n en diversas tareas en defensa de la Casa Com\u00fan<\/span><span style=\"font-weight: 400\">\u201d.<\/span><\/p>\n<p>Asimismo, el departamento de Ecolog\u00eda Integral del Episcopado aborda temas como la ecolog\u00eda integral como horizonte, la econom\u00eda del bien com\u00fan, el ecumenismo como expresi\u00f3n de la radicalidad del amor, la hospitalidad de la Iglesia como casa de puertas abiertas y la realidad rural vac\u00eda, o tambi\u00e9n la creatividad para la caridad pol\u00edtica.<\/p>\n<p>A continuaci\u00f3n, sigue el mensaje completo que la CEE ha elaborado con motivo de la Jornada mundial de oraci\u00f3n por el cuidado de la creaci\u00f3n.<\/p>\n<p>***<\/p>\n<p style=\"text-align: center\"><b>MENSAJE PARA LA JORNADA MUNDIAL DE ORACI\u00d3N<\/b><b><br \/>\n<\/b><b>POR EL CUIDADO DE LA CREACI\u00d3N<\/b><b><br \/>\n<\/b><b>\u00a0<\/b><span style=\"font-weight: 400\">(1 de septiembre de 2021)<\/span><\/p>\n<p><b>\u00bfUna casa para todos? Renovando el Oikos de Dios<\/b><\/p>\n<p><span style=\"font-weight: 400\">Iniciamos con esta Jornada, d\u00eda 1 de septiembre, un per\u00edodo especial en el que toda la familia cristiana conmemora el Tiempo de la Creaci\u00f3n, que finaliza el 4 de octubre, d\u00eda de san Francisco de As\u00eds. En este tiempo, las comunidades cristianas de todo el mundo se unen en la renovaci\u00f3n de su fe en Dios Creador, en la oraci\u00f3n compartida y en una especial implicaci\u00f3n en diversas tareas en defensa de la Casa Com\u00fan. La Iglesia<\/span> <span style=\"font-weight: 400\">que peregrina en Espa\u00f1a quiere unirse a la llamada del Papa Francisco para celebrar esta Jornada, que este a\u00f1o tiene lugar bajo el lema \u201c<\/span><span style=\"font-weight: 400\">\u00bfUna casa para todos? Renovando el Oikos de Dios\u201d. <\/span><\/p>\n<p>1. La ecolog\u00eda integral como horizonte.<\/p>\n<p><span style=\"font-weight: 400\">En el pensamiento cristiano, la relaci\u00f3n cosmos, hombre y Dios viene transversalizada por la revelaci\u00f3n divina como Dios creador, encarnado, crucificado y resucitado. Nuestro origen est\u00e1 fundamentado en el amor de Dios. \u00c9l se nos revela como Padre que todo lo crea por puro amor. As\u00ed lo confesaba el pueblo elegido y as\u00ed lo confesamos nosotros.\u00a0<\/span><\/p>\n<p><span style=\"font-weight: 400\">El crucificado resucitado nos abre el horizonte del verdadero sentido de una ecolog\u00eda integral. Todo est\u00e1 llamado a la vida y a la plenitud, creemos en la resurrecci\u00f3n de los muertos y en la vida del mundo futuro. Por eso nos abrimos de coraz\u00f3n a la preocupaci\u00f3n y al mensaje evangelizador de una ecolog\u00eda verdaderamente integral, en la que nada nos es ajeno, y en la que proclamamos desde lo terreno, lo humano y lo divino que todo est\u00e1 interrelacionado y debe estar interconectado. Con estos presupuestos necesitamos escuchar y acoger el grito de la tierra y el grito de lo humano como lugar de encuentro y de salvaci\u00f3n.<\/span><\/p>\n<p>2. Por una econom\u00eda del bien com\u00fan.<\/p>\n<p><span style=\"font-weight: 400\">La humanidad tiene el encargo de cultivar y cuidar la creaci\u00f3n. Dios Padre ha puesto en nuestras manos esta Casa Com\u00fan con el encargo de organizarla y caminar junto a ella en una historia de salvaci\u00f3n. El encargo amoroso tiene como horizonte la realizaci\u00f3n del bien com\u00fan. Se trata de avanzar por el camino del Reino en medio de nuestra historia, en una relaci\u00f3n de verdadera armon\u00eda y fraternidad, en comuni\u00f3n con la naturaleza y<\/span> <span style=\"font-weight: 400\">con los dem\u00e1s hombres, abiertos a la trascendencia del absoluto. Eso supone orientar nuestra casa teniendo en cuenta las implicaciones pol\u00edticas de lo ecol\u00f3gico, lo humano, lo justo y lo digno. Se abre un horizonte de fraternidad que ha de caminar por la relaci\u00f3n generosa y fecunda con la naturaleza, as\u00ed como por pol\u00edticas de lo humano que favorezcan la dignidad y la justicia para todos. <\/span><span style=\"font-weight: 400\">\u201cHoy, pensando en el bien com\u00fan, necesitamos imperiosamente que la pol\u00edtica y la econom\u00eda, en di\u00e1logo, se coloquen decididamente al servicio de la vida, especialmente de la vida humana\u201d (Laudato si\u00b4,189<\/span><span style=\"font-weight: 400\">).<\/span><\/p>\n<p><span style=\"font-weight: 400\">Nos hacemos eco del deseo universal de la Iglesia de responder compasivamente al grito de la tierra y de lo humano. Estamos llamados desde el evangelio y el Reino, desde la riqueza de nuestra doctrina social, a implicarnos como creyentes en la tarea de construir nuestra sociedad, nuestra <\/span><span style=\"font-weight: 400\">polis<\/span><span style=\"font-weight: 400\">, y para eso hemos de avanzar en la participaci\u00f3n y compromiso en lo social y en lo p\u00fablico, tanto desde actitudes personales y familiares, como profesionales y comunitarias, sabiendo que en nuestro compromiso y quehacer ha de estar siempre el horizonte del bien com\u00fan como signo de avance en el camino de la construcci\u00f3n del Reino de Dios y su justicia. Somos iglesia en misi\u00f3n, en salida, para la construcci\u00f3n del mundo seg\u00fan Dios.<\/span><\/p>\n<p>3. Un ecumenismo expresi\u00f3n de la radicalidad del Amor.<\/p>\n<p><span style=\"font-weight: 400\">El cuidado de la Casa Com\u00fan no arranca en nosotros de un voluntarismo heroico ni de una ideolog\u00eda; m\u00e1s bien hemos de cuidarnos de radicalismos y extremismos en el deseo de transformar. Nuestra motivaci\u00f3n no puede tener otro fundamento que el que sustenta a la creaci\u00f3n y a toda la historia de la salvaci\u00f3n, que es el amor gratuito y consagrado de Dios. Nosotros no hablamos de naturaleza rasa ni de progreso puro tecnol\u00f3gico, sino que nos abrimos a la consideraci\u00f3n del proyecto creador y salvador de un Dios que se dice y se entrega a la realidad creada y amada por pura gratuidad. No estamos encerrados en un ciclo de lo natural, ni abocados a la conformidad con la finitud de la muerte. Nos sentimos parte de lo natural y somos conscientes de nuestro ser mortales, pero lo somos en una esperanza de plenitud que marca un horizonte de comunidad y de felicidad universal, por eso no podemos actuar si no es desde el amor que nos impele a la construcci\u00f3n de esa comunidad y armon\u00eda de todo lo creado. Necesitamos la m\u00edstica de la ecolog\u00eda integral, la fundamentaci\u00f3n en el amor personal de Dios, en la relaci\u00f3n teologal con \u00c9l y con los hermanos en la comunidad eclesial.\u00a0<\/span><\/p>\n<p><span style=\"font-weight: 400\">La ecolog\u00eda integral y su dimensi\u00f3n religiosa es un lugar de encuentro con todas las dem\u00e1s iglesias cristianas y de camino com\u00fan con las dem\u00e1s religiones, especialmente las monote\u00edstas. Compartimos con todos los hombres de buena voluntad la tarea de la construcci\u00f3n del bien com\u00fan que tanto interesa al Reino, aunque no se confunda con \u00e9l<\/span><span style=\"font-weight: 400\">.<\/span><\/p>\n<p><span style=\"font-weight: 400\">4<\/span><span style=\"font-weight: 400\">. <\/span>Casa de puertas abiertas y realidad rural<\/p>\n<p><span style=\"font-weight: 400\">En la invitaci\u00f3n para el camino de la ecolog\u00eda integral es fundamental la acogida y la apertura, la no exclusi\u00f3n: \u201c<\/span><span style=\"font-weight: 400\">La hospitalidad es un modo concreto de no privarse de este desaf\u00edo y de este don que es el encuentro con la humanidad m\u00e1s all\u00e1 del propio grupo\u201d (Fratelli tutti, 90).\u00a0\u00a0<\/span><\/p>\n<p><span style=\"font-weight: 400\">La Iglesia nos invita tambi\u00e9n a mirar lo universal desde nuestra realidad m\u00e1s particular. A nosotros, como Iglesia que ha de ser encarnada y abierta, nos preocupa la realidad del mundo rural y lo que venimos llamando \u201cla Espa\u00f1a vaciada\u201d. En dicha realidad necesitamos concretar nuestro compromiso como creyentes y ciudadanos, pues forma parte de una verdadera ecolog\u00eda integral. Sentimos c\u00f3mo nuestros pueblos est\u00e1n viviendo situaciones de crisis menguantes, sus habitantes envejecen y no hay apenas ni\u00f1os y j\u00f3venes; se dan no pocas dificultades para la comunicaci\u00f3n y servicios como educaci\u00f3n o sanidad. Sin embargo, su \u201cbuen vivir\u201d es fuente de valores fundamentales como el paisanaje y la valoraci\u00f3n de las personas en el encuentro y la relaci\u00f3n, la riqueza de un medioambiente que han cuidado hasta ahora, la producci\u00f3n de productos b\u00e1sicos naturales para servicio de la sociedad. Es el momento de actuar y de tener en cuenta las necesidades vitales de nuestra realidad rural para que, en lugar de vaciarse, pueda llenarse y ser fuente de riqueza para nuestra sociedad en general. La pandemia nos ha descubierto lo rural de un modo nuevo, pero hemos de verlo de un modo integral y reconocer el esfuerzo de todos aquellos que est\u00e1n organiz\u00e1ndose para revalorizar este mundo lleno de posibilidades y de progreso en respeto a una verdadera ecolog\u00eda y un humanismo profundo. Es momento de actuar y caminar juntos en la implicaci\u00f3n por una realidad rural de esperanza y vida. Somos conscientes de la importancia de la fe y la vivencia religiosa en el medio rural y apreciamos especialmente a todos los que se han comprometido en la evangelizaci\u00f3n en esas peque\u00f1as comunidades<\/span><span style=\"font-weight: 400\">.<\/span><\/p>\n<p>5. Creatividad para la caridad pol\u00edtica.<\/p>\n<p><span style=\"font-weight: 400\">El grito de la tierra y de lo humano, que es para nosotros eco de la necesidad de la ecolog\u00eda integral, pasa necesariamente por el compromiso personal, de t\u00fa a t\u00fa, en la vida diaria. La dimensi\u00f3n social de lo humano nos vincula con la organizaci\u00f3n de nuestra Casa Com\u00fan, y la apertura a las mediaciones comunitarias y sociales es la senda fundamental para vivir la fraternidad. La ecolog\u00eda integral vendr\u00e1 por el camino de lo asociativo, de lo comunitario, de lo pol\u00edtico. Necesitamos concienciarnos y concienciar del grito y la realidad en la que vivimos. Hoy es momento de gracia, hoy es tiempo de creaci\u00f3n, hoy se nos pide a los bautizados abrirnos al Esp\u00edritu de Dios, para que con su ciencia, fuerza, sabidur\u00eda y consejo sepamos abrir cauces de creatividad y de repuesta al Kair\u00f3s que, gracias a Dios, nos ha tocado vivir. Oremos unidos y esperanzados en este tiempo de creaci\u00f3n. Y no olvidemos nunca nuestro horizonte: habr\u00e1 un cielo nuevo y una tierra nueva<\/span><span style=\"font-weight: 400\">.<\/span><\/p>\n<p><span style=\"font-weight: 400\">Departamento de Ecolog\u00eda Integral<\/span><\/p>\n<p><span style=\"font-weight: 400\">Subcomisi\u00f3n Episcopal de Acci\u00f3n Caritativa y Social<\/span><\/p>\n","protected":false},"excerpt":{"rendered":"<p>Mensaje por la Jornada Mundial de oraci\u00f3n por el cuidado de la creaci\u00f3n<\/p>\n","protected":false},"author":6,"featured_media":30812,"comment_status":"closed","ping_status":"closed","sticky":false,"template":"","format":"standard","meta":{"_acf_changed":false,"_crdt_document":"","inline_featured_image":false,"footnotes":""},"categories":[],"tags":[370,3796],"class_list":["post-30796","post","type-post","status-publish","format-standard","has-post-thumbnail","hentry","tag-conferencia-episcopal-espanola-cee","tag-jornada-de-oracion-por-el-cuidado-de-la-creacion"],"acf":[],"yoast_head":"<!-- This site is optimized with the Yoast SEO plugin v27.5 - https:\/\/yoast.com\/product\/yoast-seo-wordpress\/ -->\n<title>Espa\u00f1a: Episcopado celebra el Tiempo de la Creaci\u00f3n - Exaudi<\/title>\n<meta name=\"description\" content=\"El Episcopado de Espa\u00f1a (CEE) ha publicado un mensaje con motivo de la Jornada Mundial de oraci\u00f3n por el cuidado de la creaci\u00f3n.\" \/>\n<meta name=\"robots\" content=\"index, follow, max-snippet:-1, max-image-preview:large, max-video-preview:-1\" \/>\n<link rel=\"canonical\" href=\"https:\/\/exaudi.org\/es\/episcopado-espana-tiempo-creacion\/\" \/>\n<meta property=\"og:locale\" content=\"es_ES\" \/>\n<meta property=\"og:type\" content=\"article\" \/>\n<meta property=\"og:title\" content=\"Espa\u00f1a: Episcopado celebra el Tiempo de la Creaci\u00f3n - Exaudi\" \/>\n<meta property=\"og:description\" content=\"El Episcopado de Espa\u00f1a (CEE) ha publicado un mensaje con motivo de la Jornada Mundial de oraci\u00f3n por el cuidado de la creaci\u00f3n.\" \/>\n<meta property=\"og:url\" content=\"https:\/\/exaudi.org\/es\/episcopado-espana-tiempo-creacion\/\" \/>\n<meta property=\"og:site_name\" content=\"Exaudi\" \/>\n<meta property=\"article:publisher\" content=\"https:\/\/www.facebook.com\/ExaudiNews\" \/>\n<meta property=\"article:published_time\" content=\"2021-08-24T12:01:57+00:00\" \/>\n<meta property=\"article:modified_time\" content=\"2021-08-25T09:18:13+00:00\" \/>\n<meta property=\"og:image\" content=\"https:\/\/exaudi.org\/wp-content\/uploads\/2021\/08\/n555cvc-scaled.jpg\" \/>\n\t<meta property=\"og:image:width\" content=\"2560\" \/>\n\t<meta property=\"og:image:height\" content=\"1664\" \/>\n\t<meta property=\"og:image:type\" content=\"image\/jpeg\" \/>\n<meta name=\"author\" content=\"Gabriel Sales\" \/>\n<meta name=\"twitter:card\" content=\"summary_large_image\" \/>\n<meta name=\"twitter:creator\" content=\"@habemusman\" \/>\n<meta name=\"twitter:site\" content=\"@Exaudi_News\" \/>\n<meta name=\"twitter:label1\" content=\"Escrito por\" \/>\n\t<meta name=\"twitter:data1\" content=\"Gabriel Sales\" \/>\n\t<meta name=\"twitter:label2\" content=\"Tiempo de lectura\" \/>\n\t<meta name=\"twitter:data2\" content=\"8 minutos\" \/>\n<script type=\"application\/ld+json\" class=\"yoast-schema-graph\">{\"@context\":\"https:\\\/\\\/schema.org\",\"@graph\":[{\"@type\":\"Article\",\"@id\":\"https:\\\/\\\/exaudi.org\\\/es\\\/episcopado-espana-tiempo-creacion\\\/#article\",\"isPartOf\":{\"@id\":\"https:\\\/\\\/exaudi.org\\\/es\\\/episcopado-espana-tiempo-creacion\\\/\"},\"author\":{\"name\":\"Gabriel Sales\",\"@id\":\"https:\\\/\\\/exaudi.org\\\/#\\\/schema\\\/person\\\/d134b96438278131ce90c90c03fda6cd\"},\"headline\":\"Espa\u00f1a: Episcopado celebra el Tiempo de la Creaci\u00f3n\",\"datePublished\":\"2021-08-24T12:01:57+00:00\",\"dateModified\":\"2021-08-25T09:18:13+00:00\",\"mainEntityOfPage\":{\"@id\":\"https:\\\/\\\/exaudi.org\\\/es\\\/episcopado-espana-tiempo-creacion\\\/\"},\"wordCount\":1734,\"image\":{\"@id\":\"https:\\\/\\\/exaudi.org\\\/es\\\/episcopado-espana-tiempo-creacion\\\/#primaryimage\"},\"thumbnailUrl\":\"https:\\\/\\\/exaudi.org\\\/wp-content\\\/uploads\\\/2021\\\/08\\\/n555cvc-scaled.jpg\",\"keywords\":[\"Conferencia Episcopal Espa\u00f1ola (CEE)\",\"Jornada de oraci\u00f3n por el cuidado de la creaci\u00f3n\"],\"inLanguage\":\"es\"},{\"@type\":\"WebPage\",\"@id\":\"https:\\\/\\\/exaudi.org\\\/es\\\/episcopado-espana-tiempo-creacion\\\/\",\"url\":\"https:\\\/\\\/exaudi.org\\\/es\\\/episcopado-espana-tiempo-creacion\\\/\",\"name\":\"Espa\u00f1a: Episcopado celebra el Tiempo de la Creaci\u00f3n - Exaudi\",\"isPartOf\":{\"@id\":\"https:\\\/\\\/exaudi.org\\\/#website\"},\"primaryImageOfPage\":{\"@id\":\"https:\\\/\\\/exaudi.org\\\/es\\\/episcopado-espana-tiempo-creacion\\\/#primaryimage\"},\"image\":{\"@id\":\"https:\\\/\\\/exaudi.org\\\/es\\\/episcopado-espana-tiempo-creacion\\\/#primaryimage\"},\"thumbnailUrl\":\"https:\\\/\\\/exaudi.org\\\/wp-content\\\/uploads\\\/2021\\\/08\\\/n555cvc-scaled.jpg\",\"datePublished\":\"2021-08-24T12:01:57+00:00\",\"dateModified\":\"2021-08-25T09:18:13+00:00\",\"author\":{\"@id\":\"https:\\\/\\\/exaudi.org\\\/#\\\/schema\\\/person\\\/d134b96438278131ce90c90c03fda6cd\"},\"description\":\"El Episcopado de Espa\u00f1a (CEE) ha publicado un mensaje con motivo de la Jornada Mundial de oraci\u00f3n por el cuidado de la creaci\u00f3n.\",\"breadcrumb\":{\"@id\":\"https:\\\/\\\/exaudi.org\\\/es\\\/episcopado-espana-tiempo-creacion\\\/#breadcrumb\"},\"inLanguage\":\"es\",\"potentialAction\":[{\"@type\":\"ReadAction\",\"target\":[\"https:\\\/\\\/exaudi.org\\\/es\\\/episcopado-espana-tiempo-creacion\\\/\"]}]},{\"@type\":\"ImageObject\",\"inLanguage\":\"es\",\"@id\":\"https:\\\/\\\/exaudi.org\\\/es\\\/episcopado-espana-tiempo-creacion\\\/#primaryimage\",\"url\":\"https:\\\/\\\/exaudi.org\\\/wp-content\\\/uploads\\\/2021\\\/08\\\/n555cvc-scaled.jpg\",\"contentUrl\":\"https:\\\/\\\/exaudi.org\\\/wp-content\\\/uploads\\\/2021\\\/08\\\/n555cvc-scaled.jpg\",\"width\":2560,\"height\":1664,\"caption\":\"Paisaje natural \u00a9 Cathopic\"},{\"@type\":\"BreadcrumbList\",\"@id\":\"https:\\\/\\\/exaudi.org\\\/es\\\/episcopado-espana-tiempo-creacion\\\/#breadcrumb\",\"itemListElement\":[{\"@type\":\"ListItem\",\"position\":1,\"name\":\"Portada\",\"item\":\"https:\\\/\\\/exaudi.org\\\/es\\\/\"},{\"@type\":\"ListItem\",\"position\":2,\"name\":\"Espa\u00f1a: Episcopado celebra el Tiempo de la Creaci\u00f3n\"}]},{\"@type\":\"WebSite\",\"@id\":\"https:\\\/\\\/exaudi.org\\\/#website\",\"url\":\"https:\\\/\\\/exaudi.org\\\/\",\"name\":\"Exaudi\",\"description\":\"News\",\"potentialAction\":[{\"@type\":\"SearchAction\",\"target\":{\"@type\":\"EntryPoint\",\"urlTemplate\":\"https:\\\/\\\/exaudi.org\\\/?s={search_term_string}\"},\"query-input\":{\"@type\":\"PropertyValueSpecification\",\"valueRequired\":true,\"valueName\":\"search_term_string\"}}],\"inLanguage\":\"es\"},{\"@type\":\"Person\",\"@id\":\"https:\\\/\\\/exaudi.org\\\/#\\\/schema\\\/person\\\/d134b96438278131ce90c90c03fda6cd\",\"name\":\"Gabriel Sales\",\"image\":{\"@type\":\"ImageObject\",\"inLanguage\":\"es\",\"@id\":\"https:\\\/\\\/secure.gravatar.com\\\/avatar\\\/9b1269566f6a063ed26ffb3532b66a373cdde231ce5d0effb266167437fdaffd?s=96&d=mm&r=g\",\"url\":\"https:\\\/\\\/secure.gravatar.com\\\/avatar\\\/9b1269566f6a063ed26ffb3532b66a373cdde231ce5d0effb266167437fdaffd?s=96&d=mm&r=g\",\"contentUrl\":\"https:\\\/\\\/secure.gravatar.com\\\/avatar\\\/9b1269566f6a063ed26ffb3532b66a373cdde231ce5d0effb266167437fdaffd?s=96&d=mm&r=g\",\"caption\":\"Gabriel Sales\"},\"description\":\"Periodista y especialista en Comunicaci\u00f3n y Branding digital. Cin\u00e9filo y cr\u00edtico de cine y series de televisi\u00f3n.\",\"sameAs\":[\"https:\\\/\\\/www.instagram.com\\\/cine90segundos\\\/\",\"www.linkedin.com\\\/in\\\/habemusman\",\"https:\\\/\\\/x.com\\\/habemusman\",\"https:\\\/\\\/www.youtube.com\\\/channel\\\/UCVfCiOMkJ_C7T7OpyjuaLDg\"],\"url\":\"https:\\\/\\\/exaudi.org\\\/es\\\/author\\\/gsalesexaudi-org\\\/\"}]}<\/script>\n<!-- \/ Yoast SEO plugin. -->","yoast_head_json":{"title":"Espa\u00f1a: Episcopado celebra el Tiempo de la Creaci\u00f3n - Exaudi","description":"El Episcopado de Espa\u00f1a (CEE) ha publicado un mensaje con motivo de la Jornada Mundial de oraci\u00f3n por el cuidado de la creaci\u00f3n.","robots":{"index":"index","follow":"follow","max-snippet":"max-snippet:-1","max-image-preview":"max-image-preview:large","max-video-preview":"max-video-preview:-1"},"canonical":"https:\/\/exaudi.org\/es\/episcopado-espana-tiempo-creacion\/","og_locale":"es_ES","og_type":"article","og_title":"Espa\u00f1a: Episcopado celebra el Tiempo de la Creaci\u00f3n - Exaudi","og_description":"El Episcopado de Espa\u00f1a (CEE) ha publicado un mensaje con motivo de la Jornada Mundial de oraci\u00f3n por el cuidado de la creaci\u00f3n.","og_url":"https:\/\/exaudi.org\/es\/episcopado-espana-tiempo-creacion\/","og_site_name":"Exaudi","article_publisher":"https:\/\/www.facebook.com\/ExaudiNews","article_published_time":"2021-08-24T12:01:57+00:00","article_modified_time":"2021-08-25T09:18:13+00:00","og_image":[{"width":2560,"height":1664,"url":"https:\/\/exaudi.org\/wp-content\/uploads\/2021\/08\/n555cvc-scaled.jpg","type":"image\/jpeg"}],"author":"Gabriel Sales","twitter_card":"summary_large_image","twitter_creator":"@habemusman","twitter_site":"@Exaudi_News","twitter_misc":{"Escrito por":"Gabriel Sales","Tiempo de lectura":"8 minutos"},"schema":{"@context":"https:\/\/schema.org","@graph":[{"@type":"Article","@id":"https:\/\/exaudi.org\/es\/episcopado-espana-tiempo-creacion\/#article","isPartOf":{"@id":"https:\/\/exaudi.org\/es\/episcopado-espana-tiempo-creacion\/"},"author":{"name":"Gabriel Sales","@id":"https:\/\/exaudi.org\/#\/schema\/person\/d134b96438278131ce90c90c03fda6cd"},"headline":"Espa\u00f1a: Episcopado celebra el Tiempo de la Creaci\u00f3n","datePublished":"2021-08-24T12:01:57+00:00","dateModified":"2021-08-25T09:18:13+00:00","mainEntityOfPage":{"@id":"https:\/\/exaudi.org\/es\/episcopado-espana-tiempo-creacion\/"},"wordCount":1734,"image":{"@id":"https:\/\/exaudi.org\/es\/episcopado-espana-tiempo-creacion\/#primaryimage"},"thumbnailUrl":"https:\/\/exaudi.org\/wp-content\/uploads\/2021\/08\/n555cvc-scaled.jpg","keywords":["Conferencia Episcopal Espa\u00f1ola (CEE)","Jornada de oraci\u00f3n por el cuidado de la creaci\u00f3n"],"inLanguage":"es"},{"@type":"WebPage","@id":"https:\/\/exaudi.org\/es\/episcopado-espana-tiempo-creacion\/","url":"https:\/\/exaudi.org\/es\/episcopado-espana-tiempo-creacion\/","name":"Espa\u00f1a: Episcopado celebra el Tiempo de la Creaci\u00f3n - Exaudi","isPartOf":{"@id":"https:\/\/exaudi.org\/#website"},"primaryImageOfPage":{"@id":"https:\/\/exaudi.org\/es\/episcopado-espana-tiempo-creacion\/#primaryimage"},"image":{"@id":"https:\/\/exaudi.org\/es\/episcopado-espana-tiempo-creacion\/#primaryimage"},"thumbnailUrl":"https:\/\/exaudi.org\/wp-content\/uploads\/2021\/08\/n555cvc-scaled.jpg","datePublished":"2021-08-24T12:01:57+00:00","dateModified":"2021-08-25T09:18:13+00:00","author":{"@id":"https:\/\/exaudi.org\/#\/schema\/person\/d134b96438278131ce90c90c03fda6cd"},"description":"El Episcopado de Espa\u00f1a (CEE) ha publicado un mensaje con motivo de la Jornada Mundial de oraci\u00f3n por el cuidado de la creaci\u00f3n.","breadcrumb":{"@id":"https:\/\/exaudi.org\/es\/episcopado-espana-tiempo-creacion\/#breadcrumb"},"inLanguage":"es","potentialAction":[{"@type":"ReadAction","target":["https:\/\/exaudi.org\/es\/episcopado-espana-tiempo-creacion\/"]}]},{"@type":"ImageObject","inLanguage":"es","@id":"https:\/\/exaudi.org\/es\/episcopado-espana-tiempo-creacion\/#primaryimage","url":"https:\/\/exaudi.org\/wp-content\/uploads\/2021\/08\/n555cvc-scaled.jpg","contentUrl":"https:\/\/exaudi.org\/wp-content\/uploads\/2021\/08\/n555cvc-scaled.jpg","width":2560,"height":1664,"caption":"Paisaje natural \u00a9 Cathopic"},{"@type":"BreadcrumbList","@id":"https:\/\/exaudi.org\/es\/episcopado-espana-tiempo-creacion\/#breadcrumb","itemListElement":[{"@type":"ListItem","position":1,"name":"Portada","item":"https:\/\/exaudi.org\/es\/"},{"@type":"ListItem","position":2,"name":"Espa\u00f1a: Episcopado celebra el Tiempo de la Creaci\u00f3n"}]},{"@type":"WebSite","@id":"https:\/\/exaudi.org\/#website","url":"https:\/\/exaudi.org\/","name":"Exaudi","description":"News","potentialAction":[{"@type":"SearchAction","target":{"@type":"EntryPoint","urlTemplate":"https:\/\/exaudi.org\/?s={search_term_string}"},"query-input":{"@type":"PropertyValueSpecification","valueRequired":true,"valueName":"search_term_string"}}],"inLanguage":"es"},{"@type":"Person","@id":"https:\/\/exaudi.org\/#\/schema\/person\/d134b96438278131ce90c90c03fda6cd","name":"Gabriel Sales","image":{"@type":"ImageObject","inLanguage":"es","@id":"https:\/\/secure.gravatar.com\/avatar\/9b1269566f6a063ed26ffb3532b66a373cdde231ce5d0effb266167437fdaffd?s=96&d=mm&r=g","url":"https:\/\/secure.gravatar.com\/avatar\/9b1269566f6a063ed26ffb3532b66a373cdde231ce5d0effb266167437fdaffd?s=96&d=mm&r=g","contentUrl":"https:\/\/secure.gravatar.com\/avatar\/9b1269566f6a063ed26ffb3532b66a373cdde231ce5d0effb266167437fdaffd?s=96&d=mm&r=g","caption":"Gabriel Sales"},"description":"Periodista y especialista en Comunicaci\u00f3n y Branding digital. Cin\u00e9filo y cr\u00edtico de cine y series de televisi\u00f3n.","sameAs":["https:\/\/www.instagram.com\/cine90segundos\/","www.linkedin.com\/in\/habemusman","https:\/\/x.com\/habemusman","https:\/\/www.youtube.com\/channel\/UCVfCiOMkJ_C7T7OpyjuaLDg"],"url":"https:\/\/exaudi.org\/es\/author\/gsalesexaudi-org\/"}]}},"jetpack_featured_media_url":"https:\/\/exaudi.org\/wp-content\/uploads\/2021\/08\/n555cvc-scaled.jpg","jetpack_shortlink":"https:\/\/wp.me\/pgKjF2-80I","_links":{"self":[{"href":"https:\/\/exaudi.org\/es\/wp-json\/wp\/v2\/posts\/30796","targetHints":{"allow":["GET"]}}],"collection":[{"href":"https:\/\/exaudi.org\/es\/wp-json\/wp\/v2\/posts"}],"about":[{"href":"https:\/\/exaudi.org\/es\/wp-json\/wp\/v2\/types\/post"}],"author":[{"embeddable":true,"href":"https:\/\/exaudi.org\/es\/wp-json\/wp\/v2\/users\/6"}],"replies":[{"embeddable":true,"href":"https:\/\/exaudi.org\/es\/wp-json\/wp\/v2\/comments?post=30796"}],"version-history":[{"count":0,"href":"https:\/\/exaudi.org\/es\/wp-json\/wp\/v2\/posts\/30796\/revisions"}],"wp:featuredmedia":[{"embeddable":true,"href":"https:\/\/exaudi.org\/es\/wp-json\/wp\/v2\/media\/30812"}],"wp:attachment":[{"href":"https:\/\/exaudi.org\/es\/wp-json\/wp\/v2\/media?parent=30796"}],"wp:term":[{"taxonomy":"category","embeddable":true,"href":"https:\/\/exaudi.org\/es\/wp-json\/wp\/v2\/categories?post=30796"},{"taxonomy":"post_tag","embeddable":true,"href":"https:\/\/exaudi.org\/es\/wp-json\/wp\/v2\/tags?post=30796"}],"curies":[{"name":"wp","href":"https:\/\/api.w.org\/{rel}","templated":true}]}}