{"id":30788,"date":"2021-08-24T12:30:45","date_gmt":"2021-08-24T10:30:45","guid":{"rendered":"https:\/\/exaudi.wpengine.com\/?p=30788"},"modified":"2021-08-26T09:02:56","modified_gmt":"2021-08-26T07:02:56","slug":"papa-dona-200000-euros-haiti","status":"publish","type":"post","link":"https:\/\/exaudi.org\/es\/papa-dona-200000-euros-haiti\/","title":{"rendered":"El Papa dona 200.000 euros para ayudar en Hait\u00ed"},"content":{"rendered":"<p>El Papa Francisco ha donado, a trav\u00e9s del Dicasterio para el Servicio al Desarrollo Humano Integral, 200.000 euros para ayudar a las personas que se encuentran en fase de emergencia provocada por el terremoto que sacudi\u00f3 a Hait\u00ed el pasado 14 de agosto de 2021, y que ha dejado aproximadamente 2.200 v\u00edctimas mortales y 12.000 heridos, adem\u00e1s de los m\u00faltiples da\u00f1os materiales.<\/p>\n<p>Tal y como ha informado hoy, 24 de agosto, la Oficina de Prensa de la Santa Sede, \u201cesta suma, que se distribuir\u00e1 en colaboraci\u00f3n con la Nunciatura Apost\u00f3lica, entre las di\u00f3cesis m\u00e1s afectadas por la cat\u00e1strofe, se destinar\u00e1 a la asistencia de las v\u00edctimas del terremoto, y pretende ser una expresi\u00f3n inmediata del sentimiento de cercan\u00eda espiritual y paternal hacia las personas y los territorios afectados, <a href=\"https:\/\/exaudi.wpengine.com\/es\/preocupacion-del-papa-por-afganistan-y-haiti\/\" target=\"_blank\" rel=\"noopener\">manifestado por el Santo Padre en el \u00c1ngelus<\/a>\u201d de la semana pasada.<\/p>\n<h4><strong>Esfuerzos conjuntos<\/strong><\/h4>\n<p>El Vaticano se\u00f1ala que \u201cesta contribuci\u00f3n, que acompa\u00f1a a la oraci\u00f3n, en apoyo a la querida poblaci\u00f3n haitiana, es parte de la ayuda que se est\u00e1 activando en toda la Iglesia cat\u00f3lica y que implica, adem\u00e1s de varias Conferencias Episcopales y numerosas organizaciones ben\u00e9ficas\u201d.<\/p>\n<p>\u201cEl Santo Padre tambi\u00e9n ha decidido enviar un primer paquete de ayuda de emergencia de unos 69.000 d\u00f3lares a la poblaci\u00f3n de Bangladesh, recientemente afectada por el cicl\u00f3n Yaas, y 100.000 euros para la poblaci\u00f3n de Vietnam, que se encuentra en un estado de grave dificultad debido a la situaci\u00f3n socioecon\u00f3mica de la pandemia de COVID-19\u201d, concluye el comunicado.<\/p>\n<h4><strong>Solidaridad de la iglesia latinoamericana<\/strong><\/h4>\n<p>Tras el terremoto del d\u00eda 14 en Hait\u00ed, cinco instituciones de la Iglesia en Am\u00e9rica Latina y el Caribe manifestaron su cercan\u00eda y solidaridad con el pueblo y con la Iglesia del pa\u00eds caribe\u00f1o, a trav\u00e9s de un comunicado conjunto en el que expresan su apoyo \u201cen esta hora de incertidumbre y aflicci\u00f3n\u201d que revive \u201cla pesadilla y el sufrimiento del se\u00edsmo de 2010 y sum\u00e1ndose a la prolongada y compleja crisis social, econ\u00f3mica y pol\u00edtica que padece el pa\u00eds caribe\u00f1o\u201d.<\/p>\n<p>\u201cComo Iglesia latinoamericana y caribe\u00f1a queremos expresar nuestra cercan\u00eda y solidaridad con nuestras hermanas y hermanos haitianos y con la Iglesia que peregrina en Hait\u00ed, ante las posibles p\u00e9rdidas humanas y los da\u00f1os materiales ocasionados por la tragedia\u201d, indica el mensaje de instituciones de la Iglesia en la regi\u00f3n.<\/p>\n<p>El\u00a0<a href=\"https:\/\/www.celam.org\/\" target=\"_blank\" rel=\"noopener noreferrer\">Consejo Episcopal Latinoamericano<\/a>\u00a0(CELAM), Confederaci\u00f3n Latinoamericana y Caribe\u00f1a de Religiosas y Religosos (CLAR), Secretariado Latinoamericano y Caribe\u00f1o de C\u00e1ritas (SELACC), Confederaci\u00f3n Interamericana de Educaci\u00f3n Cat\u00f3lica (CIEC) y Red Eclesial Latinoamericana y Caribe\u00f1a de Migraci\u00f3n, Desplazamiento, Refugio y Trata de Personas (CLAMOR) unen sus esfuerzos \u201cpara acompa\u00f1arlos y ayudarlos, haciendo nuestra su situaci\u00f3n en este momento de emergencia, con el prop\u00f3sito de desarrollar acciones pastorales conjuntas encaminadas a la reconstrucci\u00f3n del tejido social, a la puesta en marcha de acciones humanitarias para el cuidado de la vida, y a apoyar la misi\u00f3n evangelizadora de la Iglesia haitiana\u201d.<\/p>\n","protected":false},"excerpt":{"rendered":"<p>Expresi\u00f3n de su sentimiento de cercan\u00eda espiritual y paternal<\/p>\n","protected":false},"author":6,"featured_media":30789,"comment_status":"closed","ping_status":"closed","sticky":false,"template":"","format":"standard","meta":{"_acf_changed":false,"_crdt_document":"","inline_featured_image":false,"footnotes":""},"categories":[138,298],"tags":[1744,1364,793,158],"class_list":["post-30788","post","type-post","status-publish","format-standard","has-post-thumbnail","hentry","category-dicasterios","category-ultimas-noticias","tag-dicasterio-para-el-servicio-al-desarrollo-humano-integral","tag-donacion","tag-haiti","tag-papa-francisco"],"acf":[],"yoast_head":"<!-- This site is optimized with the Yoast SEO plugin v27.5 - https:\/\/yoast.com\/product\/yoast-seo-wordpress\/ -->\n<title>El Papa dona 200.000 euros para ayudar en Hait\u00ed - Exaudi<\/title>\n<meta name=\"description\" content=\"El Papa Francisco ha donado, a trav\u00e9s del Dicasterio para el Servicio al Desarrollo Humano Integral, 200.000 euros para ayudar en Hait\u00ed.\" \/>\n<meta name=\"robots\" content=\"index, follow, max-snippet:-1, max-image-preview:large, max-video-preview:-1\" \/>\n<link rel=\"canonical\" href=\"https:\/\/exaudi.org\/es\/papa-dona-200000-euros-haiti\/\" \/>\n<meta property=\"og:locale\" content=\"es_ES\" \/>\n<meta property=\"og:type\" content=\"article\" \/>\n<meta property=\"og:title\" content=\"El Papa dona 200.000 euros para ayudar en Hait\u00ed - Exaudi\" \/>\n<meta property=\"og:description\" content=\"El Papa Francisco ha donado, a trav\u00e9s del Dicasterio para el Servicio al Desarrollo Humano Integral, 200.000 euros para ayudar en Hait\u00ed.\" \/>\n<meta property=\"og:url\" content=\"https:\/\/exaudi.org\/es\/papa-dona-200000-euros-haiti\/\" \/>\n<meta property=\"og:site_name\" content=\"Exaudi\" \/>\n<meta property=\"article:publisher\" content=\"https:\/\/www.facebook.com\/ExaudiNews\" \/>\n<meta property=\"article:published_time\" content=\"2021-08-24T10:30:45+00:00\" \/>\n<meta property=\"article:modified_time\" content=\"2021-08-26T07:02:56+00:00\" \/>\n<meta property=\"og:image\" content=\"https:\/\/exaudi.org\/wp-content\/uploads\/2021\/08\/v34v-scaled.jpg\" \/>\n\t<meta property=\"og:image:width\" content=\"2560\" \/>\n\t<meta property=\"og:image:height\" content=\"1706\" \/>\n\t<meta property=\"og:image:type\" content=\"image\/jpeg\" \/>\n<meta name=\"author\" content=\"Gabriel Sales\" \/>\n<meta name=\"twitter:card\" content=\"summary_large_image\" \/>\n<meta name=\"twitter:creator\" content=\"@habemusman\" \/>\n<meta name=\"twitter:site\" content=\"@Exaudi_News\" \/>\n<meta name=\"twitter:label1\" content=\"Escrito por\" \/>\n\t<meta name=\"twitter:data1\" content=\"Gabriel Sales\" \/>\n\t<meta name=\"twitter:label2\" content=\"Tiempo de lectura\" \/>\n\t<meta name=\"twitter:data2\" content=\"3 minutos\" \/>\n<script type=\"application\/ld+json\" class=\"yoast-schema-graph\">{\"@context\":\"https:\\\/\\\/schema.org\",\"@graph\":[{\"@type\":\"Article\",\"@id\":\"https:\\\/\\\/exaudi.org\\\/es\\\/papa-dona-200000-euros-haiti\\\/#article\",\"isPartOf\":{\"@id\":\"https:\\\/\\\/exaudi.org\\\/es\\\/papa-dona-200000-euros-haiti\\\/\"},\"author\":{\"name\":\"Gabriel Sales\",\"@id\":\"https:\\\/\\\/exaudi.org\\\/#\\\/schema\\\/person\\\/d134b96438278131ce90c90c03fda6cd\"},\"headline\":\"El Papa dona 200.000 euros para ayudar en Hait\u00ed\",\"datePublished\":\"2021-08-24T10:30:45+00:00\",\"dateModified\":\"2021-08-26T07:02:56+00:00\",\"mainEntityOfPage\":{\"@id\":\"https:\\\/\\\/exaudi.org\\\/es\\\/papa-dona-200000-euros-haiti\\\/\"},\"wordCount\":535,\"image\":{\"@id\":\"https:\\\/\\\/exaudi.org\\\/es\\\/papa-dona-200000-euros-haiti\\\/#primaryimage\"},\"thumbnailUrl\":\"https:\\\/\\\/exaudi.org\\\/wp-content\\\/uploads\\\/2021\\\/08\\\/v34v-scaled.jpg\",\"keywords\":[\"Dicasterio para el Servicio al Desarrollo Humano Integral\",\"Donaci\u00f3n\",\"Hait\u00ed\",\"papa francisco\"],\"articleSection\":[\"Dicasterios\",\"\u00daltimas noticias\"],\"inLanguage\":\"es\"},{\"@type\":\"WebPage\",\"@id\":\"https:\\\/\\\/exaudi.org\\\/es\\\/papa-dona-200000-euros-haiti\\\/\",\"url\":\"https:\\\/\\\/exaudi.org\\\/es\\\/papa-dona-200000-euros-haiti\\\/\",\"name\":\"El Papa dona 200.000 euros para ayudar en Hait\u00ed - Exaudi\",\"isPartOf\":{\"@id\":\"https:\\\/\\\/exaudi.org\\\/#website\"},\"primaryImageOfPage\":{\"@id\":\"https:\\\/\\\/exaudi.org\\\/es\\\/papa-dona-200000-euros-haiti\\\/#primaryimage\"},\"image\":{\"@id\":\"https:\\\/\\\/exaudi.org\\\/es\\\/papa-dona-200000-euros-haiti\\\/#primaryimage\"},\"thumbnailUrl\":\"https:\\\/\\\/exaudi.org\\\/wp-content\\\/uploads\\\/2021\\\/08\\\/v34v-scaled.jpg\",\"datePublished\":\"2021-08-24T10:30:45+00:00\",\"dateModified\":\"2021-08-26T07:02:56+00:00\",\"author\":{\"@id\":\"https:\\\/\\\/exaudi.org\\\/#\\\/schema\\\/person\\\/d134b96438278131ce90c90c03fda6cd\"},\"description\":\"El Papa Francisco ha donado, a trav\u00e9s del Dicasterio para el Servicio al Desarrollo Humano Integral, 200.000 euros para ayudar en Hait\u00ed.\",\"breadcrumb\":{\"@id\":\"https:\\\/\\\/exaudi.org\\\/es\\\/papa-dona-200000-euros-haiti\\\/#breadcrumb\"},\"inLanguage\":\"es\",\"potentialAction\":[{\"@type\":\"ReadAction\",\"target\":[\"https:\\\/\\\/exaudi.org\\\/es\\\/papa-dona-200000-euros-haiti\\\/\"]}]},{\"@type\":\"ImageObject\",\"inLanguage\":\"es\",\"@id\":\"https:\\\/\\\/exaudi.org\\\/es\\\/papa-dona-200000-euros-haiti\\\/#primaryimage\",\"url\":\"https:\\\/\\\/exaudi.org\\\/wp-content\\\/uploads\\\/2021\\\/08\\\/v34v-scaled.jpg\",\"contentUrl\":\"https:\\\/\\\/exaudi.org\\\/wp-content\\\/uploads\\\/2021\\\/08\\\/v34v-scaled.jpg\",\"width\":2560,\"height\":1706,\"caption\":\"El Papa dando la mano a los fieles en la Audiencia General \u00a9 Vatican Media\"},{\"@type\":\"BreadcrumbList\",\"@id\":\"https:\\\/\\\/exaudi.org\\\/es\\\/papa-dona-200000-euros-haiti\\\/#breadcrumb\",\"itemListElement\":[{\"@type\":\"ListItem\",\"position\":1,\"name\":\"Portada\",\"item\":\"https:\\\/\\\/exaudi.org\\\/es\\\/\"},{\"@type\":\"ListItem\",\"position\":2,\"name\":\"El Papa dona 200.000 euros para ayudar en Hait\u00ed\"}]},{\"@type\":\"WebSite\",\"@id\":\"https:\\\/\\\/exaudi.org\\\/#website\",\"url\":\"https:\\\/\\\/exaudi.org\\\/\",\"name\":\"Exaudi\",\"description\":\"News\",\"potentialAction\":[{\"@type\":\"SearchAction\",\"target\":{\"@type\":\"EntryPoint\",\"urlTemplate\":\"https:\\\/\\\/exaudi.org\\\/?s={search_term_string}\"},\"query-input\":{\"@type\":\"PropertyValueSpecification\",\"valueRequired\":true,\"valueName\":\"search_term_string\"}}],\"inLanguage\":\"es\"},{\"@type\":\"Person\",\"@id\":\"https:\\\/\\\/exaudi.org\\\/#\\\/schema\\\/person\\\/d134b96438278131ce90c90c03fda6cd\",\"name\":\"Gabriel Sales\",\"image\":{\"@type\":\"ImageObject\",\"inLanguage\":\"es\",\"@id\":\"https:\\\/\\\/secure.gravatar.com\\\/avatar\\\/9b1269566f6a063ed26ffb3532b66a373cdde231ce5d0effb266167437fdaffd?s=96&d=mm&r=g\",\"url\":\"https:\\\/\\\/secure.gravatar.com\\\/avatar\\\/9b1269566f6a063ed26ffb3532b66a373cdde231ce5d0effb266167437fdaffd?s=96&d=mm&r=g\",\"contentUrl\":\"https:\\\/\\\/secure.gravatar.com\\\/avatar\\\/9b1269566f6a063ed26ffb3532b66a373cdde231ce5d0effb266167437fdaffd?s=96&d=mm&r=g\",\"caption\":\"Gabriel Sales\"},\"description\":\"Periodista y especialista en Comunicaci\u00f3n y Branding digital. Cin\u00e9filo y cr\u00edtico de cine y series de televisi\u00f3n.\",\"sameAs\":[\"https:\\\/\\\/www.instagram.com\\\/cine90segundos\\\/\",\"www.linkedin.com\\\/in\\\/habemusman\",\"https:\\\/\\\/x.com\\\/habemusman\",\"https:\\\/\\\/www.youtube.com\\\/channel\\\/UCVfCiOMkJ_C7T7OpyjuaLDg\"],\"url\":\"https:\\\/\\\/exaudi.org\\\/es\\\/author\\\/gsalesexaudi-org\\\/\"}]}<\/script>\n<!-- \/ Yoast SEO plugin. -->","yoast_head_json":{"title":"El Papa dona 200.000 euros para ayudar en Hait\u00ed - Exaudi","description":"El Papa Francisco ha donado, a trav\u00e9s del Dicasterio para el Servicio al Desarrollo Humano Integral, 200.000 euros para ayudar en Hait\u00ed.","robots":{"index":"index","follow":"follow","max-snippet":"max-snippet:-1","max-image-preview":"max-image-preview:large","max-video-preview":"max-video-preview:-1"},"canonical":"https:\/\/exaudi.org\/es\/papa-dona-200000-euros-haiti\/","og_locale":"es_ES","og_type":"article","og_title":"El Papa dona 200.000 euros para ayudar en Hait\u00ed - Exaudi","og_description":"El Papa Francisco ha donado, a trav\u00e9s del Dicasterio para el Servicio al Desarrollo Humano Integral, 200.000 euros para ayudar en Hait\u00ed.","og_url":"https:\/\/exaudi.org\/es\/papa-dona-200000-euros-haiti\/","og_site_name":"Exaudi","article_publisher":"https:\/\/www.facebook.com\/ExaudiNews","article_published_time":"2021-08-24T10:30:45+00:00","article_modified_time":"2021-08-26T07:02:56+00:00","og_image":[{"width":2560,"height":1706,"url":"https:\/\/exaudi.org\/wp-content\/uploads\/2021\/08\/v34v-scaled.jpg","type":"image\/jpeg"}],"author":"Gabriel Sales","twitter_card":"summary_large_image","twitter_creator":"@habemusman","twitter_site":"@Exaudi_News","twitter_misc":{"Escrito por":"Gabriel Sales","Tiempo de lectura":"3 minutos"},"schema":{"@context":"https:\/\/schema.org","@graph":[{"@type":"Article","@id":"https:\/\/exaudi.org\/es\/papa-dona-200000-euros-haiti\/#article","isPartOf":{"@id":"https:\/\/exaudi.org\/es\/papa-dona-200000-euros-haiti\/"},"author":{"name":"Gabriel Sales","@id":"https:\/\/exaudi.org\/#\/schema\/person\/d134b96438278131ce90c90c03fda6cd"},"headline":"El Papa dona 200.000 euros para ayudar en Hait\u00ed","datePublished":"2021-08-24T10:30:45+00:00","dateModified":"2021-08-26T07:02:56+00:00","mainEntityOfPage":{"@id":"https:\/\/exaudi.org\/es\/papa-dona-200000-euros-haiti\/"},"wordCount":535,"image":{"@id":"https:\/\/exaudi.org\/es\/papa-dona-200000-euros-haiti\/#primaryimage"},"thumbnailUrl":"https:\/\/exaudi.org\/wp-content\/uploads\/2021\/08\/v34v-scaled.jpg","keywords":["Dicasterio para el Servicio al Desarrollo Humano Integral","Donaci\u00f3n","Hait\u00ed","papa francisco"],"articleSection":["Dicasterios","\u00daltimas noticias"],"inLanguage":"es"},{"@type":"WebPage","@id":"https:\/\/exaudi.org\/es\/papa-dona-200000-euros-haiti\/","url":"https:\/\/exaudi.org\/es\/papa-dona-200000-euros-haiti\/","name":"El Papa dona 200.000 euros para ayudar en Hait\u00ed - Exaudi","isPartOf":{"@id":"https:\/\/exaudi.org\/#website"},"primaryImageOfPage":{"@id":"https:\/\/exaudi.org\/es\/papa-dona-200000-euros-haiti\/#primaryimage"},"image":{"@id":"https:\/\/exaudi.org\/es\/papa-dona-200000-euros-haiti\/#primaryimage"},"thumbnailUrl":"https:\/\/exaudi.org\/wp-content\/uploads\/2021\/08\/v34v-scaled.jpg","datePublished":"2021-08-24T10:30:45+00:00","dateModified":"2021-08-26T07:02:56+00:00","author":{"@id":"https:\/\/exaudi.org\/#\/schema\/person\/d134b96438278131ce90c90c03fda6cd"},"description":"El Papa Francisco ha donado, a trav\u00e9s del Dicasterio para el Servicio al Desarrollo Humano Integral, 200.000 euros para ayudar en Hait\u00ed.","breadcrumb":{"@id":"https:\/\/exaudi.org\/es\/papa-dona-200000-euros-haiti\/#breadcrumb"},"inLanguage":"es","potentialAction":[{"@type":"ReadAction","target":["https:\/\/exaudi.org\/es\/papa-dona-200000-euros-haiti\/"]}]},{"@type":"ImageObject","inLanguage":"es","@id":"https:\/\/exaudi.org\/es\/papa-dona-200000-euros-haiti\/#primaryimage","url":"https:\/\/exaudi.org\/wp-content\/uploads\/2021\/08\/v34v-scaled.jpg","contentUrl":"https:\/\/exaudi.org\/wp-content\/uploads\/2021\/08\/v34v-scaled.jpg","width":2560,"height":1706,"caption":"El Papa dando la mano a los fieles en la Audiencia General \u00a9 Vatican Media"},{"@type":"BreadcrumbList","@id":"https:\/\/exaudi.org\/es\/papa-dona-200000-euros-haiti\/#breadcrumb","itemListElement":[{"@type":"ListItem","position":1,"name":"Portada","item":"https:\/\/exaudi.org\/es\/"},{"@type":"ListItem","position":2,"name":"El Papa dona 200.000 euros para ayudar en Hait\u00ed"}]},{"@type":"WebSite","@id":"https:\/\/exaudi.org\/#website","url":"https:\/\/exaudi.org\/","name":"Exaudi","description":"News","potentialAction":[{"@type":"SearchAction","target":{"@type":"EntryPoint","urlTemplate":"https:\/\/exaudi.org\/?s={search_term_string}"},"query-input":{"@type":"PropertyValueSpecification","valueRequired":true,"valueName":"search_term_string"}}],"inLanguage":"es"},{"@type":"Person","@id":"https:\/\/exaudi.org\/#\/schema\/person\/d134b96438278131ce90c90c03fda6cd","name":"Gabriel Sales","image":{"@type":"ImageObject","inLanguage":"es","@id":"https:\/\/secure.gravatar.com\/avatar\/9b1269566f6a063ed26ffb3532b66a373cdde231ce5d0effb266167437fdaffd?s=96&d=mm&r=g","url":"https:\/\/secure.gravatar.com\/avatar\/9b1269566f6a063ed26ffb3532b66a373cdde231ce5d0effb266167437fdaffd?s=96&d=mm&r=g","contentUrl":"https:\/\/secure.gravatar.com\/avatar\/9b1269566f6a063ed26ffb3532b66a373cdde231ce5d0effb266167437fdaffd?s=96&d=mm&r=g","caption":"Gabriel Sales"},"description":"Periodista y especialista en Comunicaci\u00f3n y Branding digital. Cin\u00e9filo y cr\u00edtico de cine y series de televisi\u00f3n.","sameAs":["https:\/\/www.instagram.com\/cine90segundos\/","www.linkedin.com\/in\/habemusman","https:\/\/x.com\/habemusman","https:\/\/www.youtube.com\/channel\/UCVfCiOMkJ_C7T7OpyjuaLDg"],"url":"https:\/\/exaudi.org\/es\/author\/gsalesexaudi-org\/"}]}},"jetpack_featured_media_url":"https:\/\/exaudi.org\/wp-content\/uploads\/2021\/08\/v34v-scaled.jpg","jetpack_shortlink":"https:\/\/wp.me\/pgKjF2-80A","_links":{"self":[{"href":"https:\/\/exaudi.org\/es\/wp-json\/wp\/v2\/posts\/30788","targetHints":{"allow":["GET"]}}],"collection":[{"href":"https:\/\/exaudi.org\/es\/wp-json\/wp\/v2\/posts"}],"about":[{"href":"https:\/\/exaudi.org\/es\/wp-json\/wp\/v2\/types\/post"}],"author":[{"embeddable":true,"href":"https:\/\/exaudi.org\/es\/wp-json\/wp\/v2\/users\/6"}],"replies":[{"embeddable":true,"href":"https:\/\/exaudi.org\/es\/wp-json\/wp\/v2\/comments?post=30788"}],"version-history":[{"count":0,"href":"https:\/\/exaudi.org\/es\/wp-json\/wp\/v2\/posts\/30788\/revisions"}],"wp:featuredmedia":[{"embeddable":true,"href":"https:\/\/exaudi.org\/es\/wp-json\/wp\/v2\/media\/30789"}],"wp:attachment":[{"href":"https:\/\/exaudi.org\/es\/wp-json\/wp\/v2\/media?parent=30788"}],"wp:term":[{"taxonomy":"category","embeddable":true,"href":"https:\/\/exaudi.org\/es\/wp-json\/wp\/v2\/categories?post=30788"},{"taxonomy":"post_tag","embeddable":true,"href":"https:\/\/exaudi.org\/es\/wp-json\/wp\/v2\/tags?post=30788"}],"curies":[{"name":"wp","href":"https:\/\/api.w.org\/{rel}","templated":true}]}}