{"id":30784,"date":"2021-08-24T12:11:06","date_gmt":"2021-08-24T10:11:06","guid":{"rendered":"https:\/\/exaudi.wpengine.com\/?p=30784"},"modified":"2021-08-25T10:41:59","modified_gmt":"2021-08-25T08:41:59","slug":"mexico-obispos-pacto-educativo-global","status":"publish","type":"post","link":"https:\/\/exaudi.org\/es\/mexico-obispos-pacto-educativo-global\/","title":{"rendered":"M\u00e9xico: Los obispos llaman a un Pacto Educativo Global"},"content":{"rendered":"<p>Los obispos de la <a href=\"https:\/\/www.cem.org.mx\/\" target=\"_blank\" rel=\"noopener\">Conferencia Episcopal de M\u00e9xico<\/a> (CEM) publicaron el pasado lunes 23 de agosto de 2021 un <a href=\"https:\/\/exaudi.wpengine.com\/es\/mexico-mensaje-obispos-curso-escolar\/\" target=\"_blank\" rel=\"noopener\">mensaje<\/a> dirigido a la comunidad educativa en el que hacen un llamamiento a \u201cdiscernir con prudencia y pasi\u00f3n por la educaci\u00f3n\u201d. El documento se ha emitido ante los \u201cdesaf\u00edos educativos\u201d presentes en la sociedad mexicana, en el tiempo de pandemia por COVID-19, y llama a un Pacto Educativo Global.<\/p>\n<h4><strong>Regreso presencial y amistad social<\/strong><\/h4>\n<p>Al comienzo del mensaje, la CEM advierte de la urgencia de unir esfuerzos para \u201cgarantizar el adecuado regreso presencial en las escuelas\u201d, siempre empleando las medias sanitarias anti-COVID necesarias: \u201cLa organizaci\u00f3n, el di\u00e1logo sereno y propositivo, as\u00ed como la generosidad de todos con todos, ser\u00e1n el mejor remedio frente a esta dif\u00edcil situaci\u00f3n\u201d.<\/p>\n<p>Seguidamente, el Episcopado llama a la caridad, la fraternidad y la buena voluntad como \u201cmejores vacunas contra actitudes pesimistas, ira y ansiedad\u201d, e invita a la amistad social y la compasi\u00f3n frente a la necesidad de las personas: \u201cNo esperemos pues, a que otros nos resuelvan los problemas, sino que busquemos ser buenos samaritanos, capaces de ayudar y servir\u201d.<\/p>\n<p>Asimismo, subraya la necesidad de atender a ni\u00f1os, adolescentes y j\u00f3venes: \u201cNing\u00fan ni\u00f1o debe continuar aislado o descuidado en su educaci\u00f3n. Debemos salir, todos, a buscar a aquellos que ya han desertado de sus estudios\u201d. Y tambi\u00e9n invitan a cuidar a los maestros y padres de familia.<\/p>\n<h4><strong>Pacto educativo global<\/strong><\/h4>\n<p>Dirigi\u00e9ndose a las autoridades pertinentes, los prelados mexicanos animan a realizar un verdadero pacto educativo global: \u201cA la autoridad civil le corresponde proveer de pol\u00edticas p\u00fablicas, recursos y gestiones competentes para la correcta respuesta frente a este momento hist\u00f3rico\u201d.<\/p>\n<p>\u201cExhortamos a todas las instituciones educativas, p\u00fablicas y privadas, a todas las escuelas particulares fundadas y administradas por comunidades religiosas o diocesanas, a mirar con generosidad y confianza el futuro\u201d, indican. Y aclaran que \u201cla educaci\u00f3n debe ser la principal tarea de nuestro Proyecto de Naci\u00f3n. S\u00f3lo con un compromiso serio, decidido y generoso, seremos capaces de velar por el bien presente y futuro de nuestra ni\u00f1ez\u201d.<\/p>\n","protected":false},"excerpt":{"rendered":"<p>Mensaje a la comunidad educativa<\/p>\n","protected":false},"author":6,"featured_media":30785,"comment_status":"closed","ping_status":"closed","sticky":false,"template":"","format":"standard","meta":{"_acf_changed":false,"_crdt_document":"","inline_featured_image":false,"footnotes":""},"categories":[82,86,298],"tags":[2193,1854,3614],"class_list":["post-30784","post","type-post","status-publish","format-standard","has-post-thumbnail","hentry","category-educacion","category-iglesia-local","category-ultimas-noticias","tag-conferencia-episcopal-de-mexico-cem","tag-educacion","tag-pacto-educativo-global"],"acf":[],"yoast_head":"<!-- This site is optimized with the Yoast SEO plugin v27.4 - https:\/\/yoast.com\/product\/yoast-seo-wordpress\/ -->\n<title>M\u00e9xico: Los obispos llaman a un Pacto Educativo Global - Exaudi<\/title>\n<meta name=\"description\" content=\"Los obispos de M\u00e9xico han publicado un mensaje dirigido a la comunidad educativa en el que llaman a un Pacto Educativo Global.\" \/>\n<meta name=\"robots\" content=\"index, follow, max-snippet:-1, max-image-preview:large, max-video-preview:-1\" \/>\n<link rel=\"canonical\" href=\"https:\/\/exaudi.org\/es\/mexico-obispos-pacto-educativo-global\/\" \/>\n<meta property=\"og:locale\" content=\"es_ES\" \/>\n<meta property=\"og:type\" content=\"article\" \/>\n<meta property=\"og:title\" content=\"M\u00e9xico: Los obispos llaman a un Pacto Educativo Global - Exaudi\" \/>\n<meta property=\"og:description\" content=\"Los obispos de M\u00e9xico han publicado un mensaje dirigido a la comunidad educativa en el que llaman a un Pacto Educativo Global.\" \/>\n<meta property=\"og:url\" content=\"https:\/\/exaudi.org\/es\/mexico-obispos-pacto-educativo-global\/\" \/>\n<meta property=\"og:site_name\" content=\"Exaudi\" \/>\n<meta property=\"article:publisher\" content=\"https:\/\/www.facebook.com\/ExaudiNews\" \/>\n<meta property=\"article:published_time\" content=\"2021-08-24T10:11:06+00:00\" \/>\n<meta property=\"article:modified_time\" content=\"2021-08-25T08:41:59+00:00\" \/>\n<meta property=\"og:image\" content=\"https:\/\/exaudi.org\/wp-content\/uploads\/2021\/08\/23cc3322-scaled.jpg\" \/>\n\t<meta property=\"og:image:width\" content=\"2560\" \/>\n\t<meta property=\"og:image:height\" content=\"1707\" \/>\n\t<meta property=\"og:image:type\" content=\"image\/jpeg\" \/>\n<meta name=\"author\" content=\"Gabriel Sales\" \/>\n<meta name=\"twitter:card\" content=\"summary_large_image\" \/>\n<meta name=\"twitter:creator\" content=\"@habemusman\" \/>\n<meta name=\"twitter:site\" content=\"@Exaudi_News\" \/>\n<meta name=\"twitter:label1\" content=\"Escrito por\" \/>\n\t<meta name=\"twitter:data1\" content=\"Gabriel Sales\" \/>\n\t<meta name=\"twitter:label2\" content=\"Tiempo de lectura\" \/>\n\t<meta name=\"twitter:data2\" content=\"2 minutos\" \/>\n<script type=\"application\/ld+json\" class=\"yoast-schema-graph\">{\"@context\":\"https:\\\/\\\/schema.org\",\"@graph\":[{\"@type\":\"Article\",\"@id\":\"https:\\\/\\\/exaudi.org\\\/es\\\/mexico-obispos-pacto-educativo-global\\\/#article\",\"isPartOf\":{\"@id\":\"https:\\\/\\\/exaudi.org\\\/es\\\/mexico-obispos-pacto-educativo-global\\\/\"},\"author\":{\"name\":\"Gabriel Sales\",\"@id\":\"https:\\\/\\\/exaudi.org\\\/#\\\/schema\\\/person\\\/d134b96438278131ce90c90c03fda6cd\"},\"headline\":\"M\u00e9xico: Los obispos llaman a un Pacto Educativo Global\",\"datePublished\":\"2021-08-24T10:11:06+00:00\",\"dateModified\":\"2021-08-25T08:41:59+00:00\",\"mainEntityOfPage\":{\"@id\":\"https:\\\/\\\/exaudi.org\\\/es\\\/mexico-obispos-pacto-educativo-global\\\/\"},\"wordCount\":374,\"image\":{\"@id\":\"https:\\\/\\\/exaudi.org\\\/es\\\/mexico-obispos-pacto-educativo-global\\\/#primaryimage\"},\"thumbnailUrl\":\"https:\\\/\\\/exaudi.org\\\/wp-content\\\/uploads\\\/2021\\\/08\\\/23cc3322-scaled.jpg\",\"keywords\":[\"Conferencia Episcopal de M\u00e9xico (CEM)\",\"Educaci\u00f3n\",\"Pacto Educativo Global\"],\"articleSection\":[\"Educaci\u00f3n\",\"Iglesia Local\",\"\u00daltimas noticias\"],\"inLanguage\":\"es\"},{\"@type\":\"WebPage\",\"@id\":\"https:\\\/\\\/exaudi.org\\\/es\\\/mexico-obispos-pacto-educativo-global\\\/\",\"url\":\"https:\\\/\\\/exaudi.org\\\/es\\\/mexico-obispos-pacto-educativo-global\\\/\",\"name\":\"M\u00e9xico: Los obispos llaman a un Pacto Educativo Global - Exaudi\",\"isPartOf\":{\"@id\":\"https:\\\/\\\/exaudi.org\\\/#website\"},\"primaryImageOfPage\":{\"@id\":\"https:\\\/\\\/exaudi.org\\\/es\\\/mexico-obispos-pacto-educativo-global\\\/#primaryimage\"},\"image\":{\"@id\":\"https:\\\/\\\/exaudi.org\\\/es\\\/mexico-obispos-pacto-educativo-global\\\/#primaryimage\"},\"thumbnailUrl\":\"https:\\\/\\\/exaudi.org\\\/wp-content\\\/uploads\\\/2021\\\/08\\\/23cc3322-scaled.jpg\",\"datePublished\":\"2021-08-24T10:11:06+00:00\",\"dateModified\":\"2021-08-25T08:41:59+00:00\",\"author\":{\"@id\":\"https:\\\/\\\/exaudi.org\\\/#\\\/schema\\\/person\\\/d134b96438278131ce90c90c03fda6cd\"},\"description\":\"Los obispos de M\u00e9xico han publicado un mensaje dirigido a la comunidad educativa en el que llaman a un Pacto Educativo Global.\",\"breadcrumb\":{\"@id\":\"https:\\\/\\\/exaudi.org\\\/es\\\/mexico-obispos-pacto-educativo-global\\\/#breadcrumb\"},\"inLanguage\":\"es\",\"potentialAction\":[{\"@type\":\"ReadAction\",\"target\":[\"https:\\\/\\\/exaudi.org\\\/es\\\/mexico-obispos-pacto-educativo-global\\\/\"]}]},{\"@type\":\"ImageObject\",\"inLanguage\":\"es\",\"@id\":\"https:\\\/\\\/exaudi.org\\\/es\\\/mexico-obispos-pacto-educativo-global\\\/#primaryimage\",\"url\":\"https:\\\/\\\/exaudi.org\\\/wp-content\\\/uploads\\\/2021\\\/08\\\/23cc3322-scaled.jpg\",\"contentUrl\":\"https:\\\/\\\/exaudi.org\\\/wp-content\\\/uploads\\\/2021\\\/08\\\/23cc3322-scaled.jpg\",\"width\":2560,\"height\":1707,\"caption\":\"Profesor con alumnos \u00a9 Pexels\"},{\"@type\":\"BreadcrumbList\",\"@id\":\"https:\\\/\\\/exaudi.org\\\/es\\\/mexico-obispos-pacto-educativo-global\\\/#breadcrumb\",\"itemListElement\":[{\"@type\":\"ListItem\",\"position\":1,\"name\":\"Portada\",\"item\":\"https:\\\/\\\/exaudi.org\\\/es\\\/\"},{\"@type\":\"ListItem\",\"position\":2,\"name\":\"M\u00e9xico: Los obispos llaman a un Pacto Educativo Global\"}]},{\"@type\":\"WebSite\",\"@id\":\"https:\\\/\\\/exaudi.org\\\/#website\",\"url\":\"https:\\\/\\\/exaudi.org\\\/\",\"name\":\"Exaudi\",\"description\":\"News\",\"potentialAction\":[{\"@type\":\"SearchAction\",\"target\":{\"@type\":\"EntryPoint\",\"urlTemplate\":\"https:\\\/\\\/exaudi.org\\\/?s={search_term_string}\"},\"query-input\":{\"@type\":\"PropertyValueSpecification\",\"valueRequired\":true,\"valueName\":\"search_term_string\"}}],\"inLanguage\":\"es\"},{\"@type\":\"Person\",\"@id\":\"https:\\\/\\\/exaudi.org\\\/#\\\/schema\\\/person\\\/d134b96438278131ce90c90c03fda6cd\",\"name\":\"Gabriel Sales\",\"image\":{\"@type\":\"ImageObject\",\"inLanguage\":\"es\",\"@id\":\"https:\\\/\\\/secure.gravatar.com\\\/avatar\\\/9b1269566f6a063ed26ffb3532b66a373cdde231ce5d0effb266167437fdaffd?s=96&d=mm&r=g\",\"url\":\"https:\\\/\\\/secure.gravatar.com\\\/avatar\\\/9b1269566f6a063ed26ffb3532b66a373cdde231ce5d0effb266167437fdaffd?s=96&d=mm&r=g\",\"contentUrl\":\"https:\\\/\\\/secure.gravatar.com\\\/avatar\\\/9b1269566f6a063ed26ffb3532b66a373cdde231ce5d0effb266167437fdaffd?s=96&d=mm&r=g\",\"caption\":\"Gabriel Sales\"},\"description\":\"Periodista y especialista en Comunicaci\u00f3n y Branding digital. Cin\u00e9filo y cr\u00edtico de cine y series de televisi\u00f3n.\",\"sameAs\":[\"https:\\\/\\\/www.instagram.com\\\/cine90segundos\\\/\",\"www.linkedin.com\\\/in\\\/habemusman\",\"https:\\\/\\\/x.com\\\/habemusman\",\"https:\\\/\\\/www.youtube.com\\\/channel\\\/UCVfCiOMkJ_C7T7OpyjuaLDg\"],\"url\":\"https:\\\/\\\/exaudi.org\\\/es\\\/author\\\/gsalesexaudi-org\\\/\"}]}<\/script>\n<!-- \/ Yoast SEO plugin. -->","yoast_head_json":{"title":"M\u00e9xico: Los obispos llaman a un Pacto Educativo Global - Exaudi","description":"Los obispos de M\u00e9xico han publicado un mensaje dirigido a la comunidad educativa en el que llaman a un Pacto Educativo Global.","robots":{"index":"index","follow":"follow","max-snippet":"max-snippet:-1","max-image-preview":"max-image-preview:large","max-video-preview":"max-video-preview:-1"},"canonical":"https:\/\/exaudi.org\/es\/mexico-obispos-pacto-educativo-global\/","og_locale":"es_ES","og_type":"article","og_title":"M\u00e9xico: Los obispos llaman a un Pacto Educativo Global - Exaudi","og_description":"Los obispos de M\u00e9xico han publicado un mensaje dirigido a la comunidad educativa en el que llaman a un Pacto Educativo Global.","og_url":"https:\/\/exaudi.org\/es\/mexico-obispos-pacto-educativo-global\/","og_site_name":"Exaudi","article_publisher":"https:\/\/www.facebook.com\/ExaudiNews","article_published_time":"2021-08-24T10:11:06+00:00","article_modified_time":"2021-08-25T08:41:59+00:00","og_image":[{"width":2560,"height":1707,"url":"https:\/\/exaudi.org\/wp-content\/uploads\/2021\/08\/23cc3322-scaled.jpg","type":"image\/jpeg"}],"author":"Gabriel Sales","twitter_card":"summary_large_image","twitter_creator":"@habemusman","twitter_site":"@Exaudi_News","twitter_misc":{"Escrito por":"Gabriel Sales","Tiempo de lectura":"2 minutos"},"schema":{"@context":"https:\/\/schema.org","@graph":[{"@type":"Article","@id":"https:\/\/exaudi.org\/es\/mexico-obispos-pacto-educativo-global\/#article","isPartOf":{"@id":"https:\/\/exaudi.org\/es\/mexico-obispos-pacto-educativo-global\/"},"author":{"name":"Gabriel Sales","@id":"https:\/\/exaudi.org\/#\/schema\/person\/d134b96438278131ce90c90c03fda6cd"},"headline":"M\u00e9xico: Los obispos llaman a un Pacto Educativo Global","datePublished":"2021-08-24T10:11:06+00:00","dateModified":"2021-08-25T08:41:59+00:00","mainEntityOfPage":{"@id":"https:\/\/exaudi.org\/es\/mexico-obispos-pacto-educativo-global\/"},"wordCount":374,"image":{"@id":"https:\/\/exaudi.org\/es\/mexico-obispos-pacto-educativo-global\/#primaryimage"},"thumbnailUrl":"https:\/\/exaudi.org\/wp-content\/uploads\/2021\/08\/23cc3322-scaled.jpg","keywords":["Conferencia Episcopal de M\u00e9xico (CEM)","Educaci\u00f3n","Pacto Educativo Global"],"articleSection":["Educaci\u00f3n","Iglesia Local","\u00daltimas noticias"],"inLanguage":"es"},{"@type":"WebPage","@id":"https:\/\/exaudi.org\/es\/mexico-obispos-pacto-educativo-global\/","url":"https:\/\/exaudi.org\/es\/mexico-obispos-pacto-educativo-global\/","name":"M\u00e9xico: Los obispos llaman a un Pacto Educativo Global - Exaudi","isPartOf":{"@id":"https:\/\/exaudi.org\/#website"},"primaryImageOfPage":{"@id":"https:\/\/exaudi.org\/es\/mexico-obispos-pacto-educativo-global\/#primaryimage"},"image":{"@id":"https:\/\/exaudi.org\/es\/mexico-obispos-pacto-educativo-global\/#primaryimage"},"thumbnailUrl":"https:\/\/exaudi.org\/wp-content\/uploads\/2021\/08\/23cc3322-scaled.jpg","datePublished":"2021-08-24T10:11:06+00:00","dateModified":"2021-08-25T08:41:59+00:00","author":{"@id":"https:\/\/exaudi.org\/#\/schema\/person\/d134b96438278131ce90c90c03fda6cd"},"description":"Los obispos de M\u00e9xico han publicado un mensaje dirigido a la comunidad educativa en el que llaman a un Pacto Educativo Global.","breadcrumb":{"@id":"https:\/\/exaudi.org\/es\/mexico-obispos-pacto-educativo-global\/#breadcrumb"},"inLanguage":"es","potentialAction":[{"@type":"ReadAction","target":["https:\/\/exaudi.org\/es\/mexico-obispos-pacto-educativo-global\/"]}]},{"@type":"ImageObject","inLanguage":"es","@id":"https:\/\/exaudi.org\/es\/mexico-obispos-pacto-educativo-global\/#primaryimage","url":"https:\/\/exaudi.org\/wp-content\/uploads\/2021\/08\/23cc3322-scaled.jpg","contentUrl":"https:\/\/exaudi.org\/wp-content\/uploads\/2021\/08\/23cc3322-scaled.jpg","width":2560,"height":1707,"caption":"Profesor con alumnos \u00a9 Pexels"},{"@type":"BreadcrumbList","@id":"https:\/\/exaudi.org\/es\/mexico-obispos-pacto-educativo-global\/#breadcrumb","itemListElement":[{"@type":"ListItem","position":1,"name":"Portada","item":"https:\/\/exaudi.org\/es\/"},{"@type":"ListItem","position":2,"name":"M\u00e9xico: Los obispos llaman a un Pacto Educativo Global"}]},{"@type":"WebSite","@id":"https:\/\/exaudi.org\/#website","url":"https:\/\/exaudi.org\/","name":"Exaudi","description":"News","potentialAction":[{"@type":"SearchAction","target":{"@type":"EntryPoint","urlTemplate":"https:\/\/exaudi.org\/?s={search_term_string}"},"query-input":{"@type":"PropertyValueSpecification","valueRequired":true,"valueName":"search_term_string"}}],"inLanguage":"es"},{"@type":"Person","@id":"https:\/\/exaudi.org\/#\/schema\/person\/d134b96438278131ce90c90c03fda6cd","name":"Gabriel Sales","image":{"@type":"ImageObject","inLanguage":"es","@id":"https:\/\/secure.gravatar.com\/avatar\/9b1269566f6a063ed26ffb3532b66a373cdde231ce5d0effb266167437fdaffd?s=96&d=mm&r=g","url":"https:\/\/secure.gravatar.com\/avatar\/9b1269566f6a063ed26ffb3532b66a373cdde231ce5d0effb266167437fdaffd?s=96&d=mm&r=g","contentUrl":"https:\/\/secure.gravatar.com\/avatar\/9b1269566f6a063ed26ffb3532b66a373cdde231ce5d0effb266167437fdaffd?s=96&d=mm&r=g","caption":"Gabriel Sales"},"description":"Periodista y especialista en Comunicaci\u00f3n y Branding digital. Cin\u00e9filo y cr\u00edtico de cine y series de televisi\u00f3n.","sameAs":["https:\/\/www.instagram.com\/cine90segundos\/","www.linkedin.com\/in\/habemusman","https:\/\/x.com\/habemusman","https:\/\/www.youtube.com\/channel\/UCVfCiOMkJ_C7T7OpyjuaLDg"],"url":"https:\/\/exaudi.org\/es\/author\/gsalesexaudi-org\/"}]}},"jetpack_featured_media_url":"https:\/\/exaudi.org\/wp-content\/uploads\/2021\/08\/23cc3322-scaled.jpg","jetpack_shortlink":"https:\/\/wp.me\/pgKjF2-80w","_links":{"self":[{"href":"https:\/\/exaudi.org\/es\/wp-json\/wp\/v2\/posts\/30784","targetHints":{"allow":["GET"]}}],"collection":[{"href":"https:\/\/exaudi.org\/es\/wp-json\/wp\/v2\/posts"}],"about":[{"href":"https:\/\/exaudi.org\/es\/wp-json\/wp\/v2\/types\/post"}],"author":[{"embeddable":true,"href":"https:\/\/exaudi.org\/es\/wp-json\/wp\/v2\/users\/6"}],"replies":[{"embeddable":true,"href":"https:\/\/exaudi.org\/es\/wp-json\/wp\/v2\/comments?post=30784"}],"version-history":[{"count":0,"href":"https:\/\/exaudi.org\/es\/wp-json\/wp\/v2\/posts\/30784\/revisions"}],"wp:featuredmedia":[{"embeddable":true,"href":"https:\/\/exaudi.org\/es\/wp-json\/wp\/v2\/media\/30785"}],"wp:attachment":[{"href":"https:\/\/exaudi.org\/es\/wp-json\/wp\/v2\/media?parent=30784"}],"wp:term":[{"taxonomy":"category","embeddable":true,"href":"https:\/\/exaudi.org\/es\/wp-json\/wp\/v2\/categories?post=30784"},{"taxonomy":"post_tag","embeddable":true,"href":"https:\/\/exaudi.org\/es\/wp-json\/wp\/v2\/tags?post=30784"}],"curies":[{"name":"wp","href":"https:\/\/api.w.org\/{rel}","templated":true}]}}