{"id":30724,"date":"2021-08-23T08:46:35","date_gmt":"2021-08-23T06:46:35","guid":{"rendered":"https:\/\/exaudi.wpengine.com\/?p=30724"},"modified":"2021-08-24T14:01:59","modified_gmt":"2021-08-24T12:01:59","slug":"teologia-para-millennials-algor-etica","status":"publish","type":"post","link":"https:\/\/exaudi.org\/es\/teologia-para-millennials-algor-etica\/","title":{"rendered":"Teolog\u00eda para Millennials: Algor &#8211; \u00e9tica"},"content":{"rendered":"<p>Hoy, lunes 22 de agosto de 2021, en \u201c<a href=\"https:\/\/teologiaparamillennials.com\/\">Teolog\u00eda para Millennials<\/a>\u201d, el sacerdote mexicano\u00a0<a href=\"https:\/\/exaudi.wpengine.com\/es\/author\/padremarioarroyo\/\" target=\"_blank\" rel=\"noopener noreferrer\">Mario Arroyo Mart\u00ednez<\/a>, comparte con los lectores de Exaudi su art\u00edculo semanal titulado \u201cAlgor &#8211; \u00e9tica\u201d, en el que reflexiona sobre el debate actual de la Inteligencia Artificial.<\/p>\n<p>***<\/p>\n<p><span style=\"font-weight: 400\">El tema de la inteligencia artificial (IA) est\u00e1 candente. No dejan de ser inquietantes, por ejemplo, los panoramas dist\u00f3picos que describe Yuval Noah Harari en su trilog\u00eda (especialmente en\u00a0 <\/span><i><span style=\"font-weight: 400\">Homo Deus<\/span><\/i><span style=\"font-weight: 400\">), sobre el futuro, o m\u00e1s bien el fin de la humanidad, causado por una IA fuera de control. <\/span><\/p>\n<p><span style=\"font-weight: 400\">La relevancia del problema ha permeado incluso los salones vaticanos, y la <\/span><i><span style=\"font-weight: 400\">Pontificia Academia para la Vida<\/span><\/i><span style=\"font-weight: 400\"> ha firmado junto con <\/span><i><span style=\"font-weight: 400\">Microsoft<\/span><\/i><span style=\"font-weight: 400\">, <\/span><i><span style=\"font-weight: 400\">IBM<\/span><\/i><span style=\"font-weight: 400\"> y la <\/span><i><span style=\"font-weight: 400\">FAO<\/span><\/i><span style=\"font-weight: 400\"> un documento aprobado por el Papa Francisco, al respecto. Se trata de el \u201c<\/span><span style=\"font-weight: 400\">Llamamiento de Roma a la \u00c9tica de la Inteligencia Artificial\u201d (<\/span><i><span style=\"font-weight: 400\">Rome Call for AI Ethics<\/span><\/i><span style=\"font-weight: 400\">, 28 de febrero de 2020). Aunque incipiente, no deja de ser un paso importante frente a un gran tema, improrrogable, de nuestro tiempo.<\/span><\/p>\n<p><span style=\"font-weight: 400\">A m\u00e1s de un a\u00f1o de su publicaci\u00f3n, no ha perdido nada de su actualidad. Por el contrario, se ha buscado una sinergia m\u00e1s amplia, que sirva de incluso como herramienta de di\u00e1logo interreligioso, involucrando a representantes de las otras religiones monote\u00edstas \u2013jud\u00edos y musulmanes-, para reflexionar al respecto.<\/span><\/p>\n<p><span style=\"font-weight: 400\"> Incluso el Papa Francisco, en noviembre de 2020, eligi\u00f3 la \u00e9tica de la IA como su intenci\u00f3n de oraci\u00f3n mensual (\u201cRecemos para que el progreso de la rob\u00f3tica y la Inteligencia Artificial est\u00e9 siempre al servicio del ser humano\u201d) y elabor\u00f3 un sugerente video al respecto.<\/span><\/p>\n<p><span style=\"font-weight: 400\">La IA, como toda actividad humana, no debe sustraerse de la perspectiva \u00e9tica. Tiene car\u00e1cter de medio, un medio muy poderoso para cambiar el mundo y nuestras vidas. Nos corresponde a nosotros dirigirlo, de forma que sea para bien de la humanidad y no en su detrimento. <\/span><\/p>\n<p><span style=\"font-weight: 400\">Ahora, al encontrarnos en los albores de ese desarrollo \u2013porque est\u00e1 llamado a crecer en forma muy acelerada- estamos todav\u00eda a tiempo de tomar decisiones y encauzar las investigaciones, poni\u00e9ndoles determinados candados, para que efectivamente sirvan y no suplanten a la humanidad.<\/span><\/p>\n<p><span style=\"font-weight: 400\">Las recomendaciones morales que ofrece el documento, son muy generales.\u00a0 Pero es un primer paso t\u00edmido, pero necesario, en la direcci\u00f3n correcta. \u201c<\/span><span style=\"font-weight: 400\">Para que el avance tecnol\u00f3gico se alinee con el verdadero progreso de la raza humana y el respeto por el planeta\u201d, debe cumplir con una serie de requisitos, a saber: \u201cIncluir a todos los seres humanos, sin discriminar a nadie; debe tener el bien de la humanidad y el bien de cada ser humano en su coraz\u00f3n\u2026; debe ser consciente de la compleja realidad de nuestro ecosistema y caracterizarse por la forma en que cuida y protege el planeta&#8230; Adem\u00e1s, cada persona debe ser consciente de estar interactuando con una m\u00e1quina.\u201d<\/span><\/p>\n<p><span style=\"font-weight: 400\">Efectivamente, el Papa se\u00f1ala en su video que \u201csi el progreso tecnol\u00f3gico aumenta las desigualdades, no es un progreso real.\u201d<\/span><span style=\"font-weight: 400\"> Es decir, todos debemos beneficiarnos de la IA; no debe servir de instrumento para segregar a una parte de la poblaci\u00f3n, normalmente los m\u00e1s pobres y marginados. <\/span><\/p>\n<p><span style=\"font-weight: 400\">Ahora bien, no vaya a pensarse que se afronta el problema de la IA desde una perspectiva exclusivamente preventiva, con un marcado cariz negativo; por el contrario, tambi\u00e9n se aborda con una perspectiva esperanzadora, pues se espera que para el 2050 seamos diez mil millones de seres humanos, y s\u00f3lo gracias a esa IA va a ser posible alimentarlos a todos. Es decir, como toda actividad humana, tiene sus pros y sus contras, pero reclama urgentemente tomar cartas en el asunto, antes de que se nos vaya de las manos.<\/span><\/p>\n<p><span style=\"font-weight: 400\">El documento concluye definiendo la \u201calgor-\u00e9tica\u201d seg\u00fan los siguientes principios: <\/span><\/p>\n<p><span style=\"font-weight: 400\">\u201c1. Transparencia: los principios de la IA deben ser explicables; <\/span><\/p>\n<p><span style=\"font-weight: 400\">2. Inclusi\u00f3n: deben tener en cuenta las necesidades de todos los seres humanos; <\/span><\/p>\n<p><span style=\"font-weight: 400\">3. Responsabilidad: quienes dise\u00f1an e implementan la IA deben proceder responsablemente;<\/span><\/p>\n<p><span style=\"font-weight: 400\"> 4. Imparcialidad: no actuar de acuerdo a prejuicios, salvaguardando as\u00ed la equidad y la dignidad; <\/span><\/p>\n<p><span style=\"font-weight: 400\">5. Fiabilidad; <\/span><\/p>\n<p><span style=\"font-weight: 400\">6. Seguridad y privacidad\u201d. <\/span><\/p>\n<p><span style=\"font-weight: 400\">Como se puede observar, con solo enunciarlos, se ve que falta mucho todav\u00eda por hacer, o que se trata de una aspiraci\u00f3n ideal. No importa, es preciso tener claro el fin, a d\u00f3nde queremos llegar, c\u00f3mo queremos vivir, antes de que los cambios tan vertiginosos de nuestra tecnolog\u00eda inviertan el sentido, y en vez de que ella est\u00e9 a nuestro servicio, nosotros nos volvamos obsoletos frente a ella. Todav\u00eda estamos a tiempo de evitar que las t\u00e9tricas profec\u00edas de Harari se hagan realidad.<\/span><\/p>\n","protected":false},"excerpt":{"rendered":"<p>Sobre Inteligencia Artificial<\/p>\n","protected":false},"author":22,"featured_media":30725,"comment_status":"closed","ping_status":"closed","sticky":false,"template":"","format":"standard","meta":{"_acf_changed":false,"_crdt_document":"","inline_featured_image":false,"footnotes":""},"categories":[298,130],"tags":[1793,3454,459],"class_list":["post-30724","post","type-post","status-publish","format-standard","has-post-thumbnail","hentry","category-ultimas-noticias","category-voces","tag-etica","tag-inteligencia-artificial","tag-teologia-para-millennials"],"acf":[],"yoast_head":"<!-- This site is optimized with the Yoast SEO plugin v27.4 - https:\/\/yoast.com\/product\/yoast-seo-wordpress\/ -->\n<title>Teolog\u00eda para Millennials: Algor - \u00e9tica &#8211; Exaudi<\/title>\n<meta name=\"description\" content=\"En \u201cTeolog\u00eda para Millennials\u201d, el padre Mario Arroyo Mart\u00ednez comparte su art\u00edculo semanal titulado \u201cAlgor - \u00e9tica\u201d\" \/>\n<meta name=\"robots\" content=\"index, follow, max-snippet:-1, max-image-preview:large, max-video-preview:-1\" \/>\n<link rel=\"canonical\" href=\"https:\/\/exaudi.org\/es\/teologia-para-millennials-algor-etica\/\" \/>\n<meta property=\"og:locale\" content=\"es_ES\" \/>\n<meta property=\"og:type\" content=\"article\" \/>\n<meta property=\"og:title\" content=\"Teolog\u00eda para Millennials: Algor - \u00e9tica &#8211; Exaudi\" \/>\n<meta property=\"og:description\" content=\"En \u201cTeolog\u00eda para Millennials\u201d, el padre Mario Arroyo Mart\u00ednez comparte su art\u00edculo semanal titulado \u201cAlgor - \u00e9tica\u201d\" \/>\n<meta property=\"og:url\" content=\"https:\/\/exaudi.org\/es\/teologia-para-millennials-algor-etica\/\" \/>\n<meta property=\"og:site_name\" content=\"Exaudi\" \/>\n<meta property=\"article:publisher\" content=\"https:\/\/www.facebook.com\/ExaudiNews\" \/>\n<meta property=\"article:published_time\" content=\"2021-08-23T06:46:35+00:00\" \/>\n<meta property=\"article:modified_time\" content=\"2021-08-24T12:01:59+00:00\" \/>\n<meta property=\"og:image\" content=\"https:\/\/exaudi.org\/wp-content\/uploads\/2021\/08\/12ccc-scaled.jpg\" \/>\n\t<meta property=\"og:image:width\" content=\"2560\" \/>\n\t<meta property=\"og:image:height\" content=\"1919\" \/>\n\t<meta property=\"og:image:type\" content=\"image\/jpeg\" \/>\n<meta name=\"author\" content=\"Mario Arroyo\" \/>\n<meta name=\"twitter:card\" content=\"summary_large_image\" \/>\n<meta name=\"twitter:creator\" content=\"@Exaudi_News\" \/>\n<meta name=\"twitter:site\" content=\"@Exaudi_News\" \/>\n<meta name=\"twitter:label1\" content=\"Escrito por\" \/>\n\t<meta name=\"twitter:data1\" content=\"Mario Arroyo\" \/>\n\t<meta name=\"twitter:label2\" content=\"Tiempo de lectura\" \/>\n\t<meta name=\"twitter:data2\" content=\"4 minutos\" \/>\n<script type=\"application\/ld+json\" class=\"yoast-schema-graph\">{\"@context\":\"https:\\\/\\\/schema.org\",\"@graph\":[{\"@type\":\"Article\",\"@id\":\"https:\\\/\\\/exaudi.org\\\/es\\\/teologia-para-millennials-algor-etica\\\/#article\",\"isPartOf\":{\"@id\":\"https:\\\/\\\/exaudi.org\\\/es\\\/teologia-para-millennials-algor-etica\\\/\"},\"author\":{\"name\":\"Mario Arroyo\",\"@id\":\"https:\\\/\\\/exaudi.org\\\/#\\\/schema\\\/person\\\/2195e6e643f4a07a343345d49e4e6985\"},\"headline\":\"Teolog\u00eda para Millennials: Algor &#8211; \u00e9tica\",\"datePublished\":\"2021-08-23T06:46:35+00:00\",\"dateModified\":\"2021-08-24T12:01:59+00:00\",\"mainEntityOfPage\":{\"@id\":\"https:\\\/\\\/exaudi.org\\\/es\\\/teologia-para-millennials-algor-etica\\\/\"},\"wordCount\":788,\"image\":{\"@id\":\"https:\\\/\\\/exaudi.org\\\/es\\\/teologia-para-millennials-algor-etica\\\/#primaryimage\"},\"thumbnailUrl\":\"https:\\\/\\\/exaudi.org\\\/wp-content\\\/uploads\\\/2021\\\/08\\\/12ccc-scaled.jpg\",\"keywords\":[\"\u00c9tica\",\"Inteligencia Artificial\",\"Teolog\u00eda para Millennials\"],\"articleSection\":[\"\u00daltimas noticias\",\"Voces\"],\"inLanguage\":\"es\"},{\"@type\":\"WebPage\",\"@id\":\"https:\\\/\\\/exaudi.org\\\/es\\\/teologia-para-millennials-algor-etica\\\/\",\"url\":\"https:\\\/\\\/exaudi.org\\\/es\\\/teologia-para-millennials-algor-etica\\\/\",\"name\":\"Teolog\u00eda para Millennials: Algor - \u00e9tica &#8211; Exaudi\",\"isPartOf\":{\"@id\":\"https:\\\/\\\/exaudi.org\\\/#website\"},\"primaryImageOfPage\":{\"@id\":\"https:\\\/\\\/exaudi.org\\\/es\\\/teologia-para-millennials-algor-etica\\\/#primaryimage\"},\"image\":{\"@id\":\"https:\\\/\\\/exaudi.org\\\/es\\\/teologia-para-millennials-algor-etica\\\/#primaryimage\"},\"thumbnailUrl\":\"https:\\\/\\\/exaudi.org\\\/wp-content\\\/uploads\\\/2021\\\/08\\\/12ccc-scaled.jpg\",\"datePublished\":\"2021-08-23T06:46:35+00:00\",\"dateModified\":\"2021-08-24T12:01:59+00:00\",\"author\":{\"@id\":\"https:\\\/\\\/exaudi.org\\\/#\\\/schema\\\/person\\\/2195e6e643f4a07a343345d49e4e6985\"},\"description\":\"En \u201cTeolog\u00eda para Millennials\u201d, el padre Mario Arroyo Mart\u00ednez comparte su art\u00edculo semanal titulado \u201cAlgor - \u00e9tica\u201d\",\"breadcrumb\":{\"@id\":\"https:\\\/\\\/exaudi.org\\\/es\\\/teologia-para-millennials-algor-etica\\\/#breadcrumb\"},\"inLanguage\":\"es\",\"potentialAction\":[{\"@type\":\"ReadAction\",\"target\":[\"https:\\\/\\\/exaudi.org\\\/es\\\/teologia-para-millennials-algor-etica\\\/\"]}]},{\"@type\":\"ImageObject\",\"inLanguage\":\"es\",\"@id\":\"https:\\\/\\\/exaudi.org\\\/es\\\/teologia-para-millennials-algor-etica\\\/#primaryimage\",\"url\":\"https:\\\/\\\/exaudi.org\\\/wp-content\\\/uploads\\\/2021\\\/08\\\/12ccc-scaled.jpg\",\"contentUrl\":\"https:\\\/\\\/exaudi.org\\\/wp-content\\\/uploads\\\/2021\\\/08\\\/12ccc-scaled.jpg\",\"width\":2560,\"height\":1919,\"caption\":\"Apret\u00f3n de manos entre humano y m\u00e1quina \u00a9 Pxhere\"},{\"@type\":\"BreadcrumbList\",\"@id\":\"https:\\\/\\\/exaudi.org\\\/es\\\/teologia-para-millennials-algor-etica\\\/#breadcrumb\",\"itemListElement\":[{\"@type\":\"ListItem\",\"position\":1,\"name\":\"Portada\",\"item\":\"https:\\\/\\\/exaudi.org\\\/es\\\/\"},{\"@type\":\"ListItem\",\"position\":2,\"name\":\"Teolog\u00eda para Millennials: Algor &#8211; \u00e9tica\"}]},{\"@type\":\"WebSite\",\"@id\":\"https:\\\/\\\/exaudi.org\\\/#website\",\"url\":\"https:\\\/\\\/exaudi.org\\\/\",\"name\":\"Exaudi\",\"description\":\"News\",\"potentialAction\":[{\"@type\":\"SearchAction\",\"target\":{\"@type\":\"EntryPoint\",\"urlTemplate\":\"https:\\\/\\\/exaudi.org\\\/?s={search_term_string}\"},\"query-input\":{\"@type\":\"PropertyValueSpecification\",\"valueRequired\":true,\"valueName\":\"search_term_string\"}}],\"inLanguage\":\"es\"},{\"@type\":\"Person\",\"@id\":\"https:\\\/\\\/exaudi.org\\\/#\\\/schema\\\/person\\\/2195e6e643f4a07a343345d49e4e6985\",\"name\":\"Mario Arroyo\",\"image\":{\"@type\":\"ImageObject\",\"inLanguage\":\"es\",\"@id\":\"https:\\\/\\\/secure.gravatar.com\\\/avatar\\\/0e2dddc1d3bf207409f5b4d542cef9a9955ad497448376a1621fcb1df592d137?s=96&d=mm&r=g\",\"url\":\"https:\\\/\\\/secure.gravatar.com\\\/avatar\\\/0e2dddc1d3bf207409f5b4d542cef9a9955ad497448376a1621fcb1df592d137?s=96&d=mm&r=g\",\"contentUrl\":\"https:\\\/\\\/secure.gravatar.com\\\/avatar\\\/0e2dddc1d3bf207409f5b4d542cef9a9955ad497448376a1621fcb1df592d137?s=96&d=mm&r=g\",\"caption\":\"Mario Arroyo\"},\"description\":\"Licenciado en Filosof\u00eda por la Universidad Panamericana, M\u00e9xico 1996, ostenta el bachiller en Teolog\u00eda por la Pontificia Universidad de la Santa Cruz, Roma 1999. Doctor en Filosof\u00eda por la Pontificia Universidad de la Santa Cruz, Roma 2002. Ordenado sacerdote en Torreciudad, Espa\u00f1a, en 2002. Autor de: Poder, Dinero y Santidad, Lima 2012; Ciencia y Fe. Un equilibrio posible, UCSS, Lima 2015; Ciencia y Fe. Situaci\u00f3n actual, Facultad de Teolog\u00eda Pontificia y Civil de Lima, Lima 2016; La Iglesia y los Homosexuales. Un falso conflicto, Facultad de Teolog\u00eda Pontificia y Civil de Lima, Lima 2017. Coautor de Dios Busca al Hombre, CDSCO, Lima 2013; Neurona mata esp\u00edritu, Amazon, Lima 2018; Teolog\u00eda para Millennials, Amazon, Lima 2018. El padre Mario es columnista de los portales peruanos Cr\u00f3nica Viva, La abeja y Lucidez, as\u00ed como de los peri\u00f3dicos mexicanos Mural, Expreso, del portal mexicano Vox Fides y de ZENIT. Capell\u00e1n de la Universidad de Piura, Campus de Lima durante los cursos 2017 y 2018. Actualmente, profesor de Teolog\u00eda en la Universidad Panamericana, Ciudad de M\u00e9xico.\",\"url\":\"https:\\\/\\\/exaudi.org\\\/es\\\/author\\\/padremarioarroyo\\\/\"}]}<\/script>\n<!-- \/ Yoast SEO plugin. -->","yoast_head_json":{"title":"Teolog\u00eda para Millennials: Algor - \u00e9tica &#8211; Exaudi","description":"En \u201cTeolog\u00eda para Millennials\u201d, el padre Mario Arroyo Mart\u00ednez comparte su art\u00edculo semanal titulado \u201cAlgor - \u00e9tica\u201d","robots":{"index":"index","follow":"follow","max-snippet":"max-snippet:-1","max-image-preview":"max-image-preview:large","max-video-preview":"max-video-preview:-1"},"canonical":"https:\/\/exaudi.org\/es\/teologia-para-millennials-algor-etica\/","og_locale":"es_ES","og_type":"article","og_title":"Teolog\u00eda para Millennials: Algor - \u00e9tica &#8211; Exaudi","og_description":"En \u201cTeolog\u00eda para Millennials\u201d, el padre Mario Arroyo Mart\u00ednez comparte su art\u00edculo semanal titulado \u201cAlgor - \u00e9tica\u201d","og_url":"https:\/\/exaudi.org\/es\/teologia-para-millennials-algor-etica\/","og_site_name":"Exaudi","article_publisher":"https:\/\/www.facebook.com\/ExaudiNews","article_published_time":"2021-08-23T06:46:35+00:00","article_modified_time":"2021-08-24T12:01:59+00:00","og_image":[{"width":2560,"height":1919,"url":"https:\/\/exaudi.org\/wp-content\/uploads\/2021\/08\/12ccc-scaled.jpg","type":"image\/jpeg"}],"author":"Mario Arroyo","twitter_card":"summary_large_image","twitter_creator":"@Exaudi_News","twitter_site":"@Exaudi_News","twitter_misc":{"Escrito por":"Mario Arroyo","Tiempo de lectura":"4 minutos"},"schema":{"@context":"https:\/\/schema.org","@graph":[{"@type":"Article","@id":"https:\/\/exaudi.org\/es\/teologia-para-millennials-algor-etica\/#article","isPartOf":{"@id":"https:\/\/exaudi.org\/es\/teologia-para-millennials-algor-etica\/"},"author":{"name":"Mario Arroyo","@id":"https:\/\/exaudi.org\/#\/schema\/person\/2195e6e643f4a07a343345d49e4e6985"},"headline":"Teolog\u00eda para Millennials: Algor &#8211; \u00e9tica","datePublished":"2021-08-23T06:46:35+00:00","dateModified":"2021-08-24T12:01:59+00:00","mainEntityOfPage":{"@id":"https:\/\/exaudi.org\/es\/teologia-para-millennials-algor-etica\/"},"wordCount":788,"image":{"@id":"https:\/\/exaudi.org\/es\/teologia-para-millennials-algor-etica\/#primaryimage"},"thumbnailUrl":"https:\/\/exaudi.org\/wp-content\/uploads\/2021\/08\/12ccc-scaled.jpg","keywords":["\u00c9tica","Inteligencia Artificial","Teolog\u00eda para Millennials"],"articleSection":["\u00daltimas noticias","Voces"],"inLanguage":"es"},{"@type":"WebPage","@id":"https:\/\/exaudi.org\/es\/teologia-para-millennials-algor-etica\/","url":"https:\/\/exaudi.org\/es\/teologia-para-millennials-algor-etica\/","name":"Teolog\u00eda para Millennials: Algor - \u00e9tica &#8211; Exaudi","isPartOf":{"@id":"https:\/\/exaudi.org\/#website"},"primaryImageOfPage":{"@id":"https:\/\/exaudi.org\/es\/teologia-para-millennials-algor-etica\/#primaryimage"},"image":{"@id":"https:\/\/exaudi.org\/es\/teologia-para-millennials-algor-etica\/#primaryimage"},"thumbnailUrl":"https:\/\/exaudi.org\/wp-content\/uploads\/2021\/08\/12ccc-scaled.jpg","datePublished":"2021-08-23T06:46:35+00:00","dateModified":"2021-08-24T12:01:59+00:00","author":{"@id":"https:\/\/exaudi.org\/#\/schema\/person\/2195e6e643f4a07a343345d49e4e6985"},"description":"En \u201cTeolog\u00eda para Millennials\u201d, el padre Mario Arroyo Mart\u00ednez comparte su art\u00edculo semanal titulado \u201cAlgor - \u00e9tica\u201d","breadcrumb":{"@id":"https:\/\/exaudi.org\/es\/teologia-para-millennials-algor-etica\/#breadcrumb"},"inLanguage":"es","potentialAction":[{"@type":"ReadAction","target":["https:\/\/exaudi.org\/es\/teologia-para-millennials-algor-etica\/"]}]},{"@type":"ImageObject","inLanguage":"es","@id":"https:\/\/exaudi.org\/es\/teologia-para-millennials-algor-etica\/#primaryimage","url":"https:\/\/exaudi.org\/wp-content\/uploads\/2021\/08\/12ccc-scaled.jpg","contentUrl":"https:\/\/exaudi.org\/wp-content\/uploads\/2021\/08\/12ccc-scaled.jpg","width":2560,"height":1919,"caption":"Apret\u00f3n de manos entre humano y m\u00e1quina \u00a9 Pxhere"},{"@type":"BreadcrumbList","@id":"https:\/\/exaudi.org\/es\/teologia-para-millennials-algor-etica\/#breadcrumb","itemListElement":[{"@type":"ListItem","position":1,"name":"Portada","item":"https:\/\/exaudi.org\/es\/"},{"@type":"ListItem","position":2,"name":"Teolog\u00eda para Millennials: Algor &#8211; \u00e9tica"}]},{"@type":"WebSite","@id":"https:\/\/exaudi.org\/#website","url":"https:\/\/exaudi.org\/","name":"Exaudi","description":"News","potentialAction":[{"@type":"SearchAction","target":{"@type":"EntryPoint","urlTemplate":"https:\/\/exaudi.org\/?s={search_term_string}"},"query-input":{"@type":"PropertyValueSpecification","valueRequired":true,"valueName":"search_term_string"}}],"inLanguage":"es"},{"@type":"Person","@id":"https:\/\/exaudi.org\/#\/schema\/person\/2195e6e643f4a07a343345d49e4e6985","name":"Mario Arroyo","image":{"@type":"ImageObject","inLanguage":"es","@id":"https:\/\/secure.gravatar.com\/avatar\/0e2dddc1d3bf207409f5b4d542cef9a9955ad497448376a1621fcb1df592d137?s=96&d=mm&r=g","url":"https:\/\/secure.gravatar.com\/avatar\/0e2dddc1d3bf207409f5b4d542cef9a9955ad497448376a1621fcb1df592d137?s=96&d=mm&r=g","contentUrl":"https:\/\/secure.gravatar.com\/avatar\/0e2dddc1d3bf207409f5b4d542cef9a9955ad497448376a1621fcb1df592d137?s=96&d=mm&r=g","caption":"Mario Arroyo"},"description":"Licenciado en Filosof\u00eda por la Universidad Panamericana, M\u00e9xico 1996, ostenta el bachiller en Teolog\u00eda por la Pontificia Universidad de la Santa Cruz, Roma 1999. Doctor en Filosof\u00eda por la Pontificia Universidad de la Santa Cruz, Roma 2002. Ordenado sacerdote en Torreciudad, Espa\u00f1a, en 2002. Autor de: Poder, Dinero y Santidad, Lima 2012; Ciencia y Fe. Un equilibrio posible, UCSS, Lima 2015; Ciencia y Fe. Situaci\u00f3n actual, Facultad de Teolog\u00eda Pontificia y Civil de Lima, Lima 2016; La Iglesia y los Homosexuales. Un falso conflicto, Facultad de Teolog\u00eda Pontificia y Civil de Lima, Lima 2017. Coautor de Dios Busca al Hombre, CDSCO, Lima 2013; Neurona mata esp\u00edritu, Amazon, Lima 2018; Teolog\u00eda para Millennials, Amazon, Lima 2018. El padre Mario es columnista de los portales peruanos Cr\u00f3nica Viva, La abeja y Lucidez, as\u00ed como de los peri\u00f3dicos mexicanos Mural, Expreso, del portal mexicano Vox Fides y de ZENIT. Capell\u00e1n de la Universidad de Piura, Campus de Lima durante los cursos 2017 y 2018. Actualmente, profesor de Teolog\u00eda en la Universidad Panamericana, Ciudad de M\u00e9xico.","url":"https:\/\/exaudi.org\/es\/author\/padremarioarroyo\/"}]}},"jetpack_featured_media_url":"https:\/\/exaudi.org\/wp-content\/uploads\/2021\/08\/12ccc-scaled.jpg","jetpack_shortlink":"https:\/\/wp.me\/pgKjF2-7Zy","_links":{"self":[{"href":"https:\/\/exaudi.org\/es\/wp-json\/wp\/v2\/posts\/30724","targetHints":{"allow":["GET"]}}],"collection":[{"href":"https:\/\/exaudi.org\/es\/wp-json\/wp\/v2\/posts"}],"about":[{"href":"https:\/\/exaudi.org\/es\/wp-json\/wp\/v2\/types\/post"}],"author":[{"embeddable":true,"href":"https:\/\/exaudi.org\/es\/wp-json\/wp\/v2\/users\/22"}],"replies":[{"embeddable":true,"href":"https:\/\/exaudi.org\/es\/wp-json\/wp\/v2\/comments?post=30724"}],"version-history":[{"count":0,"href":"https:\/\/exaudi.org\/es\/wp-json\/wp\/v2\/posts\/30724\/revisions"}],"wp:featuredmedia":[{"embeddable":true,"href":"https:\/\/exaudi.org\/es\/wp-json\/wp\/v2\/media\/30725"}],"wp:attachment":[{"href":"https:\/\/exaudi.org\/es\/wp-json\/wp\/v2\/media?parent=30724"}],"wp:term":[{"taxonomy":"category","embeddable":true,"href":"https:\/\/exaudi.org\/es\/wp-json\/wp\/v2\/categories?post=30724"},{"taxonomy":"post_tag","embeddable":true,"href":"https:\/\/exaudi.org\/es\/wp-json\/wp\/v2\/tags?post=30724"}],"curies":[{"name":"wp","href":"https:\/\/api.w.org\/{rel}","templated":true}]}}