{"id":30560,"date":"2021-08-20T10:00:49","date_gmt":"2021-08-20T08:00:49","guid":{"rendered":"https:\/\/exaudi.wpengine.com\/?p=30560"},"modified":"2021-08-20T13:17:31","modified_gmt":"2021-08-20T11:17:31","slug":"holydemia-conferencia-gratuita-sobre-marketing-religioso","status":"publish","type":"post","link":"https:\/\/exaudi.org\/es\/holydemia-conferencia-gratuita-sobre-marketing-religioso\/","title":{"rendered":"Holydemia: Conferencia gratuita sobre Marketing Religioso"},"content":{"rendered":"<p><a href=\"https:\/\/www.holydemia.com\/es-es\/?gclid=CjwKCAjwgviIBhBkEiwA10D2jxiKMv6fy0bq6fN5vCwTpSfbQPDmQ9EHyILfzt_RTy4rSfp0kwVvuBoC_SEQAvD_BwE\" target=\"_blank\" rel=\"noopener\">Holydemia<\/a> junto con la Universidad Cat\u00f3lica de Cuyo y el proyecto de evangelizaci\u00f3n \u201cVivamos juntos la Fe\u201d convocan el pr\u00f3ximo 4 de septiembre a las 16 (hora de Espa\u00f1a) a una <a href=\"https:\/\/bit.ly\/3A7a3IV\" target=\"_blank\" rel=\"noopener\">conferencia gratuita sobre Marketing Religioso <\/a>, pronunciada por un referente en el \u00e1rea, Carlos Luna.<\/p>\n<p>Sin duda el Marketing se ha colocado en la vidriera de las iniciativas digitales que se han multiplicado en los \u00faltimos meses. En medio de miles de emprendimientos buscando llegar con el mejor planteo a un p\u00fablico objetivo, esta disciplina se presenta como un requisito. Y el \u00e1mbito eclesial no se encuentra ajeno a esta realidad.<\/p>\n<p>Al identificar esta necesidad, este encuentro en vivo busca brindar una serie de propuestas a la imprescindible labor de la Iglesia de entrar en relaci\u00f3n con la sociedad actual.<\/p>\n<p>\u00bfC\u00f3mo razonar en t\u00e9rminos de Marketing Religioso? \u00bfC\u00f3mo ser efectivamente Iglesia en salida en el continente digital? \u00bfCu\u00e1les son los p\u00fablicos a los que la Iglesia llama a evangelizar? \u00bfC\u00f3mo categorizar los contenidos o productos en funci\u00f3n del p\u00fablico? Son algunas de las preguntas a las que ofrece respuestas el consultor de Marketing para distintas instituciones religiosas y educativas en Latinoam\u00e9rica y Europa, Carlos Luna.<\/p>\n<p>La invitaci\u00f3n se dirige a aquellos que est\u00e1n interesados en una experiencia te\u00f3rico-pr\u00e1ctica en torno al Marketing Religioso, en busca de seguir innovando en la comunidad, congregaci\u00f3n, di\u00f3cesis, parroquia o instituci\u00f3n en la que se trabaje. Para inscribirse a la conferencia gratuita se puede ingresar aqu\u00ed: <a href=\"https:\/\/bit.ly\/3A7a3IV\" target=\"_blank\" rel=\"noopener\">https:\/\/bit.ly\/3A7a3IV<\/a><\/p>\n<h4><strong>Holydemia<\/strong><\/h4>\n<p><a href=\"https:\/\/exaudi.wpengine.com\/es\/primer-aniversario-de-holydemia-plataforma-de-formacion-catolica\/\" target=\"_blank\" rel=\"noopener\">Holydemia<\/a> es la primera plataforma de cursos cat\u00f3licos online, liderada por Dimitri Conejo Sanz, conocido por sus proyectos de evangelizaci\u00f3n tales como <a href=\"http:\/\/www.cathopic.com\/\" target=\"_blank\" rel=\"noopener\">Cathopic <\/a>y <a href=\"http:\/\/www.matercoeli.com\/\" target=\"_blank\" rel=\"noopener\">Mater Coeli.<\/a><u><\/u><\/p>\n","protected":false},"excerpt":{"rendered":"<p>El pr\u00f3ximo 4 de septiembre<\/p>\n","protected":false},"author":15,"featured_media":30561,"comment_status":"open","ping_status":"open","sticky":false,"template":"","format":"standard","meta":{"_acf_changed":false,"_crdt_document":"","inline_featured_image":false,"footnotes":""},"categories":[82,298],"tags":[3754,2630,3753],"class_list":["post-30560","post","type-post","status-publish","format-standard","has-post-thumbnail","hentry","category-educacion","category-ultimas-noticias","tag-carlos-luna","tag-holydemia","tag-marketing-relogiosa"],"acf":[],"yoast_head":"<!-- This site is optimized with the Yoast SEO plugin v27.4 - https:\/\/yoast.com\/product\/yoast-seo-wordpress\/ -->\n<title>Holydemia: Conferencia gratuita sobre Marketing Religioso &#8211; Exaudi<\/title>\n<meta name=\"description\" content=\"Holydemia convoca el pr\u00f3ximo 4 de septiembre a las 16 (hora de Espa\u00f1a) a una conferencia gratuita sobre Marketing Religioso de Carlos Luna\" \/>\n<meta name=\"robots\" content=\"index, follow, max-snippet:-1, max-image-preview:large, max-video-preview:-1\" \/>\n<link rel=\"canonical\" href=\"https:\/\/exaudi.org\/es\/holydemia-conferencia-gratuita-sobre-marketing-religioso\/\" \/>\n<meta property=\"og:locale\" content=\"es_ES\" \/>\n<meta property=\"og:type\" content=\"article\" \/>\n<meta property=\"og:title\" content=\"Holydemia: Conferencia gratuita sobre Marketing Religioso &#8211; Exaudi\" \/>\n<meta property=\"og:description\" content=\"Holydemia convoca el pr\u00f3ximo 4 de septiembre a las 16 (hora de Espa\u00f1a) a una conferencia gratuita sobre Marketing Religioso de Carlos Luna\" \/>\n<meta property=\"og:url\" content=\"https:\/\/exaudi.org\/es\/holydemia-conferencia-gratuita-sobre-marketing-religioso\/\" \/>\n<meta property=\"og:site_name\" content=\"Exaudi\" \/>\n<meta property=\"article:publisher\" content=\"https:\/\/www.facebook.com\/ExaudiNews\" \/>\n<meta property=\"article:author\" content=\"https:\/\/www.facebook.com\/ExaudiNoticias\/\" \/>\n<meta property=\"article:published_time\" content=\"2021-08-20T08:00:49+00:00\" \/>\n<meta property=\"article:modified_time\" content=\"2021-08-20T11:17:31+00:00\" \/>\n<meta property=\"og:image\" content=\"https:\/\/exaudi.org\/wp-content\/uploads\/2021\/08\/IMG_9729-scaled.jpg\" \/>\n\t<meta property=\"og:image:width\" content=\"2560\" \/>\n\t<meta property=\"og:image:height\" content=\"1707\" \/>\n\t<meta property=\"og:image:type\" content=\"image\/jpeg\" \/>\n<meta name=\"author\" content=\"Exaudi Redacci\u00f3n\" \/>\n<meta name=\"twitter:card\" content=\"summary_large_image\" \/>\n<meta name=\"twitter:creator\" content=\"@Exaudi_noticias\" \/>\n<meta name=\"twitter:site\" content=\"@Exaudi_News\" \/>\n<meta name=\"twitter:label1\" content=\"Escrito por\" \/>\n\t<meta name=\"twitter:data1\" content=\"Exaudi Redacci\u00f3n\" \/>\n\t<meta name=\"twitter:label2\" content=\"Tiempo de lectura\" \/>\n\t<meta name=\"twitter:data2\" content=\"2 minutos\" \/>\n<script type=\"application\/ld+json\" class=\"yoast-schema-graph\">{\"@context\":\"https:\\\/\\\/schema.org\",\"@graph\":[{\"@type\":\"Article\",\"@id\":\"https:\\\/\\\/exaudi.org\\\/es\\\/holydemia-conferencia-gratuita-sobre-marketing-religioso\\\/#article\",\"isPartOf\":{\"@id\":\"https:\\\/\\\/exaudi.org\\\/es\\\/holydemia-conferencia-gratuita-sobre-marketing-religioso\\\/\"},\"author\":{\"name\":\"Exaudi Redacci\u00f3n\",\"@id\":\"https:\\\/\\\/exaudi.org\\\/#\\\/schema\\\/person\\\/f5fc8f063065e38742da7afe15f25df7\"},\"headline\":\"Holydemia: Conferencia gratuita sobre Marketing Religioso\",\"datePublished\":\"2021-08-20T08:00:49+00:00\",\"dateModified\":\"2021-08-20T11:17:31+00:00\",\"mainEntityOfPage\":{\"@id\":\"https:\\\/\\\/exaudi.org\\\/es\\\/holydemia-conferencia-gratuita-sobre-marketing-religioso\\\/\"},\"wordCount\":302,\"commentCount\":0,\"image\":{\"@id\":\"https:\\\/\\\/exaudi.org\\\/es\\\/holydemia-conferencia-gratuita-sobre-marketing-religioso\\\/#primaryimage\"},\"thumbnailUrl\":\"https:\\\/\\\/exaudi.org\\\/wp-content\\\/uploads\\\/2021\\\/08\\\/IMG_9729-scaled.jpg\",\"keywords\":[\"Carlos Luna\",\"Holydemia\",\"Marketing Relogiosa\"],\"articleSection\":[\"Educaci\u00f3n\",\"\u00daltimas noticias\"],\"inLanguage\":\"es\",\"potentialAction\":[{\"@type\":\"CommentAction\",\"name\":\"Comment\",\"target\":[\"https:\\\/\\\/exaudi.org\\\/es\\\/holydemia-conferencia-gratuita-sobre-marketing-religioso\\\/#respond\"]}]},{\"@type\":\"WebPage\",\"@id\":\"https:\\\/\\\/exaudi.org\\\/es\\\/holydemia-conferencia-gratuita-sobre-marketing-religioso\\\/\",\"url\":\"https:\\\/\\\/exaudi.org\\\/es\\\/holydemia-conferencia-gratuita-sobre-marketing-religioso\\\/\",\"name\":\"Holydemia: Conferencia gratuita sobre Marketing Religioso &#8211; Exaudi\",\"isPartOf\":{\"@id\":\"https:\\\/\\\/exaudi.org\\\/#website\"},\"primaryImageOfPage\":{\"@id\":\"https:\\\/\\\/exaudi.org\\\/es\\\/holydemia-conferencia-gratuita-sobre-marketing-religioso\\\/#primaryimage\"},\"image\":{\"@id\":\"https:\\\/\\\/exaudi.org\\\/es\\\/holydemia-conferencia-gratuita-sobre-marketing-religioso\\\/#primaryimage\"},\"thumbnailUrl\":\"https:\\\/\\\/exaudi.org\\\/wp-content\\\/uploads\\\/2021\\\/08\\\/IMG_9729-scaled.jpg\",\"datePublished\":\"2021-08-20T08:00:49+00:00\",\"dateModified\":\"2021-08-20T11:17:31+00:00\",\"author\":{\"@id\":\"https:\\\/\\\/exaudi.org\\\/#\\\/schema\\\/person\\\/f5fc8f063065e38742da7afe15f25df7\"},\"description\":\"Holydemia convoca el pr\u00f3ximo 4 de septiembre a las 16 (hora de Espa\u00f1a) a una conferencia gratuita sobre Marketing Religioso de Carlos Luna\",\"breadcrumb\":{\"@id\":\"https:\\\/\\\/exaudi.org\\\/es\\\/holydemia-conferencia-gratuita-sobre-marketing-religioso\\\/#breadcrumb\"},\"inLanguage\":\"es\",\"potentialAction\":[{\"@type\":\"ReadAction\",\"target\":[\"https:\\\/\\\/exaudi.org\\\/es\\\/holydemia-conferencia-gratuita-sobre-marketing-religioso\\\/\"]}]},{\"@type\":\"ImageObject\",\"inLanguage\":\"es\",\"@id\":\"https:\\\/\\\/exaudi.org\\\/es\\\/holydemia-conferencia-gratuita-sobre-marketing-religioso\\\/#primaryimage\",\"url\":\"https:\\\/\\\/exaudi.org\\\/wp-content\\\/uploads\\\/2021\\\/08\\\/IMG_9729-scaled.jpg\",\"contentUrl\":\"https:\\\/\\\/exaudi.org\\\/wp-content\\\/uploads\\\/2021\\\/08\\\/IMG_9729-scaled.jpg\",\"width\":2560,\"height\":1707,\"caption\":\"Carlos Luna \u00a9 Holydemia\"},{\"@type\":\"BreadcrumbList\",\"@id\":\"https:\\\/\\\/exaudi.org\\\/es\\\/holydemia-conferencia-gratuita-sobre-marketing-religioso\\\/#breadcrumb\",\"itemListElement\":[{\"@type\":\"ListItem\",\"position\":1,\"name\":\"Portada\",\"item\":\"https:\\\/\\\/exaudi.org\\\/es\\\/\"},{\"@type\":\"ListItem\",\"position\":2,\"name\":\"Holydemia: Conferencia gratuita sobre Marketing Religioso\"}]},{\"@type\":\"WebSite\",\"@id\":\"https:\\\/\\\/exaudi.org\\\/#website\",\"url\":\"https:\\\/\\\/exaudi.org\\\/\",\"name\":\"Exaudi\",\"description\":\"News\",\"potentialAction\":[{\"@type\":\"SearchAction\",\"target\":{\"@type\":\"EntryPoint\",\"urlTemplate\":\"https:\\\/\\\/exaudi.org\\\/?s={search_term_string}\"},\"query-input\":{\"@type\":\"PropertyValueSpecification\",\"valueRequired\":true,\"valueName\":\"search_term_string\"}}],\"inLanguage\":\"es\"},{\"@type\":\"Person\",\"@id\":\"https:\\\/\\\/exaudi.org\\\/#\\\/schema\\\/person\\\/f5fc8f063065e38742da7afe15f25df7\",\"name\":\"Exaudi Redacci\u00f3n\",\"image\":{\"@type\":\"ImageObject\",\"inLanguage\":\"es\",\"@id\":\"https:\\\/\\\/secure.gravatar.com\\\/avatar\\\/fe0f6a059fb68d9b3e11bc5850dd4899b1c7492091a3cb6dd9b01b56ad828be2?s=96&d=mm&r=g\",\"url\":\"https:\\\/\\\/secure.gravatar.com\\\/avatar\\\/fe0f6a059fb68d9b3e11bc5850dd4899b1c7492091a3cb6dd9b01b56ad828be2?s=96&d=mm&r=g\",\"contentUrl\":\"https:\\\/\\\/secure.gravatar.com\\\/avatar\\\/fe0f6a059fb68d9b3e11bc5850dd4899b1c7492091a3cb6dd9b01b56ad828be2?s=96&d=mm&r=g\",\"caption\":\"Exaudi Redacci\u00f3n\"},\"description\":\"\u00bfQu\u00e9 es Exaudi News? Exaudi News es un medio de comunicaci\u00f3n cat\u00f3lico internacional que informa, forma y transforma, diariamente en espa\u00f1ol, ingl\u00e9s e italiano. A trav\u00e9s de noticias, art\u00edculos de an\u00e1lisis y transmisiones en directo de los eventos del Papa, Exaudi busca fortalecer la unidad de los cristianos y contribuir a la evangelizaci\u00f3n del mundo, siempre guiados por la doctrina social de la Iglesia. Trabajamos para acercar la verdad y los valores cristianos a cada rinc\u00f3n del planeta. \u00a1Ay\u00fadanos a transformar el mundo con Exaudi! En Exaudi creemos que la evangelizaci\u00f3n y la informaci\u00f3n de calidad pueden cambiar vidas. Para continuar con nuestra misi\u00f3n y expandir nuestro alcance, necesitamos tu ayuda. Adem\u00e1s, buscamos personas comprometidas que deseen unirse a nuestro equipo. Con tu apoyo, lograremos llegar a m\u00e1s personas, difundir el mensaje de Cristo y reforzar la unidad de los cristianos. \u00bfTe unes a nuestra misi\u00f3n? Para m\u00e1s informaci\u00f3n sobre c\u00f3mo colaborar, visita Exaudi.org\\\/es o cont\u00e1ctanos directamente: info@exaudi.org Exaudi: Informa, forma y transforma.\",\"sameAs\":[\"https:\\\/\\\/www.facebook.com\\\/ExaudiNoticias\\\/\",\"https:\\\/\\\/www.instagram.com\\\/exaudi_noticias\\\/\",\"https:\\\/\\\/x.com\\\/Exaudi_noticias\",\"https:\\\/\\\/www.youtube.com\\\/@exaudicatholicnews\"],\"url\":\"https:\\\/\\\/exaudi.org\\\/es\\\/author\\\/redaccionexaudi\\\/\"}]}<\/script>\n<!-- \/ Yoast SEO plugin. -->","yoast_head_json":{"title":"Holydemia: Conferencia gratuita sobre Marketing Religioso &#8211; Exaudi","description":"Holydemia convoca el pr\u00f3ximo 4 de septiembre a las 16 (hora de Espa\u00f1a) a una conferencia gratuita sobre Marketing Religioso de Carlos Luna","robots":{"index":"index","follow":"follow","max-snippet":"max-snippet:-1","max-image-preview":"max-image-preview:large","max-video-preview":"max-video-preview:-1"},"canonical":"https:\/\/exaudi.org\/es\/holydemia-conferencia-gratuita-sobre-marketing-religioso\/","og_locale":"es_ES","og_type":"article","og_title":"Holydemia: Conferencia gratuita sobre Marketing Religioso &#8211; Exaudi","og_description":"Holydemia convoca el pr\u00f3ximo 4 de septiembre a las 16 (hora de Espa\u00f1a) a una conferencia gratuita sobre Marketing Religioso de Carlos Luna","og_url":"https:\/\/exaudi.org\/es\/holydemia-conferencia-gratuita-sobre-marketing-religioso\/","og_site_name":"Exaudi","article_publisher":"https:\/\/www.facebook.com\/ExaudiNews","article_author":"https:\/\/www.facebook.com\/ExaudiNoticias\/","article_published_time":"2021-08-20T08:00:49+00:00","article_modified_time":"2021-08-20T11:17:31+00:00","og_image":[{"width":2560,"height":1707,"url":"https:\/\/exaudi.org\/wp-content\/uploads\/2021\/08\/IMG_9729-scaled.jpg","type":"image\/jpeg"}],"author":"Exaudi Redacci\u00f3n","twitter_card":"summary_large_image","twitter_creator":"@Exaudi_noticias","twitter_site":"@Exaudi_News","twitter_misc":{"Escrito por":"Exaudi Redacci\u00f3n","Tiempo de lectura":"2 minutos"},"schema":{"@context":"https:\/\/schema.org","@graph":[{"@type":"Article","@id":"https:\/\/exaudi.org\/es\/holydemia-conferencia-gratuita-sobre-marketing-religioso\/#article","isPartOf":{"@id":"https:\/\/exaudi.org\/es\/holydemia-conferencia-gratuita-sobre-marketing-religioso\/"},"author":{"name":"Exaudi Redacci\u00f3n","@id":"https:\/\/exaudi.org\/#\/schema\/person\/f5fc8f063065e38742da7afe15f25df7"},"headline":"Holydemia: Conferencia gratuita sobre Marketing Religioso","datePublished":"2021-08-20T08:00:49+00:00","dateModified":"2021-08-20T11:17:31+00:00","mainEntityOfPage":{"@id":"https:\/\/exaudi.org\/es\/holydemia-conferencia-gratuita-sobre-marketing-religioso\/"},"wordCount":302,"commentCount":0,"image":{"@id":"https:\/\/exaudi.org\/es\/holydemia-conferencia-gratuita-sobre-marketing-religioso\/#primaryimage"},"thumbnailUrl":"https:\/\/exaudi.org\/wp-content\/uploads\/2021\/08\/IMG_9729-scaled.jpg","keywords":["Carlos Luna","Holydemia","Marketing Relogiosa"],"articleSection":["Educaci\u00f3n","\u00daltimas noticias"],"inLanguage":"es","potentialAction":[{"@type":"CommentAction","name":"Comment","target":["https:\/\/exaudi.org\/es\/holydemia-conferencia-gratuita-sobre-marketing-religioso\/#respond"]}]},{"@type":"WebPage","@id":"https:\/\/exaudi.org\/es\/holydemia-conferencia-gratuita-sobre-marketing-religioso\/","url":"https:\/\/exaudi.org\/es\/holydemia-conferencia-gratuita-sobre-marketing-religioso\/","name":"Holydemia: Conferencia gratuita sobre Marketing Religioso &#8211; Exaudi","isPartOf":{"@id":"https:\/\/exaudi.org\/#website"},"primaryImageOfPage":{"@id":"https:\/\/exaudi.org\/es\/holydemia-conferencia-gratuita-sobre-marketing-religioso\/#primaryimage"},"image":{"@id":"https:\/\/exaudi.org\/es\/holydemia-conferencia-gratuita-sobre-marketing-religioso\/#primaryimage"},"thumbnailUrl":"https:\/\/exaudi.org\/wp-content\/uploads\/2021\/08\/IMG_9729-scaled.jpg","datePublished":"2021-08-20T08:00:49+00:00","dateModified":"2021-08-20T11:17:31+00:00","author":{"@id":"https:\/\/exaudi.org\/#\/schema\/person\/f5fc8f063065e38742da7afe15f25df7"},"description":"Holydemia convoca el pr\u00f3ximo 4 de septiembre a las 16 (hora de Espa\u00f1a) a una conferencia gratuita sobre Marketing Religioso de Carlos Luna","breadcrumb":{"@id":"https:\/\/exaudi.org\/es\/holydemia-conferencia-gratuita-sobre-marketing-religioso\/#breadcrumb"},"inLanguage":"es","potentialAction":[{"@type":"ReadAction","target":["https:\/\/exaudi.org\/es\/holydemia-conferencia-gratuita-sobre-marketing-religioso\/"]}]},{"@type":"ImageObject","inLanguage":"es","@id":"https:\/\/exaudi.org\/es\/holydemia-conferencia-gratuita-sobre-marketing-religioso\/#primaryimage","url":"https:\/\/exaudi.org\/wp-content\/uploads\/2021\/08\/IMG_9729-scaled.jpg","contentUrl":"https:\/\/exaudi.org\/wp-content\/uploads\/2021\/08\/IMG_9729-scaled.jpg","width":2560,"height":1707,"caption":"Carlos Luna \u00a9 Holydemia"},{"@type":"BreadcrumbList","@id":"https:\/\/exaudi.org\/es\/holydemia-conferencia-gratuita-sobre-marketing-religioso\/#breadcrumb","itemListElement":[{"@type":"ListItem","position":1,"name":"Portada","item":"https:\/\/exaudi.org\/es\/"},{"@type":"ListItem","position":2,"name":"Holydemia: Conferencia gratuita sobre Marketing Religioso"}]},{"@type":"WebSite","@id":"https:\/\/exaudi.org\/#website","url":"https:\/\/exaudi.org\/","name":"Exaudi","description":"News","potentialAction":[{"@type":"SearchAction","target":{"@type":"EntryPoint","urlTemplate":"https:\/\/exaudi.org\/?s={search_term_string}"},"query-input":{"@type":"PropertyValueSpecification","valueRequired":true,"valueName":"search_term_string"}}],"inLanguage":"es"},{"@type":"Person","@id":"https:\/\/exaudi.org\/#\/schema\/person\/f5fc8f063065e38742da7afe15f25df7","name":"Exaudi Redacci\u00f3n","image":{"@type":"ImageObject","inLanguage":"es","@id":"https:\/\/secure.gravatar.com\/avatar\/fe0f6a059fb68d9b3e11bc5850dd4899b1c7492091a3cb6dd9b01b56ad828be2?s=96&d=mm&r=g","url":"https:\/\/secure.gravatar.com\/avatar\/fe0f6a059fb68d9b3e11bc5850dd4899b1c7492091a3cb6dd9b01b56ad828be2?s=96&d=mm&r=g","contentUrl":"https:\/\/secure.gravatar.com\/avatar\/fe0f6a059fb68d9b3e11bc5850dd4899b1c7492091a3cb6dd9b01b56ad828be2?s=96&d=mm&r=g","caption":"Exaudi Redacci\u00f3n"},"description":"\u00bfQu\u00e9 es Exaudi News? Exaudi News es un medio de comunicaci\u00f3n cat\u00f3lico internacional que informa, forma y transforma, diariamente en espa\u00f1ol, ingl\u00e9s e italiano. A trav\u00e9s de noticias, art\u00edculos de an\u00e1lisis y transmisiones en directo de los eventos del Papa, Exaudi busca fortalecer la unidad de los cristianos y contribuir a la evangelizaci\u00f3n del mundo, siempre guiados por la doctrina social de la Iglesia. Trabajamos para acercar la verdad y los valores cristianos a cada rinc\u00f3n del planeta. \u00a1Ay\u00fadanos a transformar el mundo con Exaudi! En Exaudi creemos que la evangelizaci\u00f3n y la informaci\u00f3n de calidad pueden cambiar vidas. Para continuar con nuestra misi\u00f3n y expandir nuestro alcance, necesitamos tu ayuda. Adem\u00e1s, buscamos personas comprometidas que deseen unirse a nuestro equipo. Con tu apoyo, lograremos llegar a m\u00e1s personas, difundir el mensaje de Cristo y reforzar la unidad de los cristianos. \u00bfTe unes a nuestra misi\u00f3n? Para m\u00e1s informaci\u00f3n sobre c\u00f3mo colaborar, visita Exaudi.org\/es o cont\u00e1ctanos directamente: info@exaudi.org Exaudi: Informa, forma y transforma.","sameAs":["https:\/\/www.facebook.com\/ExaudiNoticias\/","https:\/\/www.instagram.com\/exaudi_noticias\/","https:\/\/x.com\/Exaudi_noticias","https:\/\/www.youtube.com\/@exaudicatholicnews"],"url":"https:\/\/exaudi.org\/es\/author\/redaccionexaudi\/"}]}},"jetpack_featured_media_url":"https:\/\/exaudi.org\/wp-content\/uploads\/2021\/08\/IMG_9729-scaled.jpg","jetpack_shortlink":"https:\/\/wp.me\/pgKjF2-7WU","_links":{"self":[{"href":"https:\/\/exaudi.org\/es\/wp-json\/wp\/v2\/posts\/30560","targetHints":{"allow":["GET"]}}],"collection":[{"href":"https:\/\/exaudi.org\/es\/wp-json\/wp\/v2\/posts"}],"about":[{"href":"https:\/\/exaudi.org\/es\/wp-json\/wp\/v2\/types\/post"}],"author":[{"embeddable":true,"href":"https:\/\/exaudi.org\/es\/wp-json\/wp\/v2\/users\/15"}],"replies":[{"embeddable":true,"href":"https:\/\/exaudi.org\/es\/wp-json\/wp\/v2\/comments?post=30560"}],"version-history":[{"count":0,"href":"https:\/\/exaudi.org\/es\/wp-json\/wp\/v2\/posts\/30560\/revisions"}],"wp:featuredmedia":[{"embeddable":true,"href":"https:\/\/exaudi.org\/es\/wp-json\/wp\/v2\/media\/30561"}],"wp:attachment":[{"href":"https:\/\/exaudi.org\/es\/wp-json\/wp\/v2\/media?parent=30560"}],"wp:term":[{"taxonomy":"category","embeddable":true,"href":"https:\/\/exaudi.org\/es\/wp-json\/wp\/v2\/categories?post=30560"},{"taxonomy":"post_tag","embeddable":true,"href":"https:\/\/exaudi.org\/es\/wp-json\/wp\/v2\/tags?post=30560"}],"curies":[{"name":"wp","href":"https:\/\/api.w.org\/{rel}","templated":true}]}}