{"id":30538,"date":"2021-08-19T12:09:21","date_gmt":"2021-08-19T10:09:21","guid":{"rendered":"https:\/\/exaudi.wpengine.com\/?p=30538"},"modified":"2021-08-22T11:21:04","modified_gmt":"2021-08-22T09:21:04","slug":"mexico-el-papa-nombra-administrador-apostolico-para-arquidiocesis-de-xalapa","status":"publish","type":"post","link":"https:\/\/exaudi.org\/es\/mexico-el-papa-nombra-administrador-apostolico-para-arquidiocesis-de-xalapa\/","title":{"rendered":"M\u00e9xico: Nuevo administrador apost\u00f3lico de Xalapa"},"content":{"rendered":"<p>El Papa Francisco nombra al obispo de Papantla, monse\u00f1or Jos\u00e9 Trinidad Zapata Ortiz, como administrador Apost\u00f3lico de la Sede Vacante de la <a href=\"https:\/\/www.arquidiocesisdexalapa.com\/\" target=\"_blank\" rel=\"noopener\">arquidi\u00f3cesis de Xalapa<\/a>, M\u00e9xico, inform\u00f3 la <a href=\"https:\/\/cem.org.mx\/\" target=\"_blank\" rel=\"noopener\">Conferencia del Episcopado Mexicano (CEM)<\/a> en una nota difundida el 17 de agosto de 2021.<\/p>\n<p>De acuerdo a la misma, se trata de una decisi\u00f3n tomada despu\u00e9s del fallecimiento del arzobispo Monse\u00f1or Hip\u00f3lito Reyes Larios y, de acuerdo con el decreto de la Congregaci\u00f3n para los Obispos, el prelado asumir\u00e1 esta responsabilidad hasta que se efect\u00fae el nombramiento y toma de posesi\u00f3n de un nuevo arzobispo.<\/p>\n<p>Asimismo, la <a href=\"https:\/\/exaudi.wpengine.com\/es\/mexico-mensaje-obispos-curso-escolar\/\" target=\"_blank\" rel=\"noopener\">CEM<\/a>, confirm\u00f3 su oraci\u00f3n por el eterno descanso de Monse\u00f1or Hip\u00f3lito Reyes al tiempo que dese\u00f3 un desempe\u00f1o fecundo para Monse\u00f1or Jos\u00e9 Trinidad Zapata Ortiz, encargado de administrar y acompa\u00f1ar a la feligres\u00eda de la Arquidi\u00f3cesis de Xalapa.<\/p>\n<h4><strong>Monse\u00f1or Jos\u00e9 Trinidad Zapata Ortiz <\/strong><\/h4>\n<p>De acuerdo al <a href=\"https:\/\/www.celam.org\/\" target=\"_blank\" rel=\"noopener\">Consejo Episcopal Latinoamericano (CELAM)<\/a>, naci\u00f3 el 24 de mayo de 1959, en la localidad de San Vicente de Plenitud, Fresnillo Zacatecas. Se orden\u00f3 sacerdote en la ciudad de Durango, el 9 de mayo de 1990. Fue uno de los sacerdotes ordenados por Juan Pablo II en una de sus visitas a M\u00e9xico y se incardin\u00f3 en la di\u00f3cesis de San Andr\u00e9s Tuxtla.<\/p>\n<p>Adelant\u00f3 sus estudios de Filosof\u00eda y Teolog\u00eda en el Seminario de Cristo Rey de vocaciones adultas en Coatlinch\u00e1n en el Estado de M\u00e9xico. Posteriormente, obtuvo una licenciatura en teolog\u00eda b\u00edblica en la Universidad Pontificia de M\u00e9xico.<\/p>\n<p>Nombrado obispo de la di\u00f3cesis de San Andr\u00e9s Tuxtla, el 12 de junio de 2004, monse\u00f1or Jos\u00e9 Trinidad Zapata Ortiz ejerci\u00f3 previamente como rector del Seminario de Cristo Rey y ha entregado su servicio en diferentes cargos dentro de la Conferencia Episcopal Mexicana, entre ellos: suplente del consejo permanente por la provincia eclesi\u00e1stica de Xalapa de 2006 a 2012. All\u00ed fue responsable de la dimensi\u00f3n de atenci\u00f3n al fen\u00f3meno de los nuevos grupos religiosos sectas, de la dimensi\u00f3n del diaconado permanente y miembro del consejo permanente por la provincia eclesi\u00e1stica de Xalapa.<\/p>\n<p>El 20 marzo de 2014 fue nombrado obispo de la di\u00f3cesis de Papantla por el Papa Francisco. Tom\u00f3 de posesi\u00f3n el 11 de junio del mismo a\u00f1o, convirti\u00e9ndose en el octavo obispo de la di\u00f3cesis. Ahora ser\u00e1 administrador apost\u00f3lico de la \u201cSede Vacante\u201d de la arquidi\u00f3cesis de Xalapa.<\/p>\n","protected":false},"excerpt":{"rendered":"<p>Monse\u00f1or Jos\u00e9 Trinidad Zapata Ortiz<\/p>\n","protected":false},"author":5,"featured_media":30542,"comment_status":"closed","ping_status":"closed","sticky":false,"template":"","format":"standard","meta":{"_acf_changed":false,"_crdt_document":"","inline_featured_image":false,"footnotes":""},"categories":[86,298],"tags":[1508,3750,415,3749],"class_list":["post-30538","post","type-post","status-publish","format-standard","has-post-thumbnail","hentry","category-iglesia-local","category-ultimas-noticias","tag-administrador-apostolico","tag-arquidiocesis-de-xalapa","tag-mexico","tag-monsenor-jose-trinidad-zapata-ortiz"],"acf":[],"yoast_head":"<!-- This site is optimized with the Yoast SEO plugin v27.5 - https:\/\/yoast.com\/product\/yoast-seo-wordpress\/ -->\n<title>M\u00e9xico: Nuevo administrador apost\u00f3lico de Xalapa &#8211; Exaudi<\/title>\n<meta name=\"description\" content=\"El Papa nombra a Mons. Jos\u00e9 Trinidad Zapata Ortiz, como administrador apost\u00f3lico de la Sede Vacante de la arquidi\u00f3cesis de Xalapa, M\u00e9xico\" \/>\n<meta name=\"robots\" content=\"index, follow, max-snippet:-1, max-image-preview:large, max-video-preview:-1\" \/>\n<link rel=\"canonical\" href=\"https:\/\/exaudi.org\/es\/mexico-el-papa-nombra-administrador-apostolico-para-arquidiocesis-de-xalapa\/\" \/>\n<meta property=\"og:locale\" content=\"es_ES\" \/>\n<meta property=\"og:type\" content=\"article\" \/>\n<meta property=\"og:title\" content=\"M\u00e9xico: Nuevo administrador apost\u00f3lico de Xalapa &#8211; Exaudi\" \/>\n<meta property=\"og:description\" content=\"El Papa nombra a Mons. Jos\u00e9 Trinidad Zapata Ortiz, como administrador apost\u00f3lico de la Sede Vacante de la arquidi\u00f3cesis de Xalapa, M\u00e9xico\" \/>\n<meta property=\"og:url\" content=\"https:\/\/exaudi.org\/es\/mexico-el-papa-nombra-administrador-apostolico-para-arquidiocesis-de-xalapa\/\" \/>\n<meta property=\"og:site_name\" content=\"Exaudi\" \/>\n<meta property=\"article:publisher\" content=\"https:\/\/www.facebook.com\/ExaudiNews\" \/>\n<meta property=\"article:published_time\" content=\"2021-08-19T10:09:21+00:00\" \/>\n<meta property=\"article:modified_time\" content=\"2021-08-22T09:21:04+00:00\" \/>\n<meta property=\"og:image\" content=\"https:\/\/exaudi.org\/wp-content\/uploads\/2021\/08\/Monsenor-Jose-Trinidad-Zapata-Ortiz-saluda-al-Papa-Francisco-CELAM.jpg\" \/>\n\t<meta property=\"og:image:width\" content=\"1512\" \/>\n\t<meta property=\"og:image:height\" content=\"1134\" \/>\n\t<meta property=\"og:image:type\" content=\"image\/jpeg\" \/>\n<meta name=\"author\" content=\"Larissa I. L\u00f3pez\" \/>\n<meta name=\"twitter:card\" content=\"summary_large_image\" \/>\n<meta name=\"twitter:creator\" content=\"@Exaudi_News\" \/>\n<meta name=\"twitter:site\" content=\"@Exaudi_News\" \/>\n<meta name=\"twitter:label1\" content=\"Escrito por\" \/>\n\t<meta name=\"twitter:data1\" content=\"Larissa I. L\u00f3pez\" \/>\n\t<meta name=\"twitter:label2\" content=\"Tiempo de lectura\" \/>\n\t<meta name=\"twitter:data2\" content=\"2 minutos\" \/>\n<script type=\"application\/ld+json\" class=\"yoast-schema-graph\">{\"@context\":\"https:\\\/\\\/schema.org\",\"@graph\":[{\"@type\":\"Article\",\"@id\":\"https:\\\/\\\/exaudi.org\\\/es\\\/mexico-el-papa-nombra-administrador-apostolico-para-arquidiocesis-de-xalapa\\\/#article\",\"isPartOf\":{\"@id\":\"https:\\\/\\\/exaudi.org\\\/es\\\/mexico-el-papa-nombra-administrador-apostolico-para-arquidiocesis-de-xalapa\\\/\"},\"author\":{\"name\":\"Larissa I. L\u00f3pez\",\"@id\":\"https:\\\/\\\/exaudi.org\\\/#\\\/schema\\\/person\\\/7d2f77db033c2c0929edfab6dbe8c588\"},\"headline\":\"M\u00e9xico: Nuevo administrador apost\u00f3lico de Xalapa\",\"datePublished\":\"2021-08-19T10:09:21+00:00\",\"dateModified\":\"2021-08-22T09:21:04+00:00\",\"mainEntityOfPage\":{\"@id\":\"https:\\\/\\\/exaudi.org\\\/es\\\/mexico-el-papa-nombra-administrador-apostolico-para-arquidiocesis-de-xalapa\\\/\"},\"wordCount\":421,\"image\":{\"@id\":\"https:\\\/\\\/exaudi.org\\\/es\\\/mexico-el-papa-nombra-administrador-apostolico-para-arquidiocesis-de-xalapa\\\/#primaryimage\"},\"thumbnailUrl\":\"https:\\\/\\\/exaudi.org\\\/wp-content\\\/uploads\\\/2021\\\/08\\\/Monsenor-Jose-Trinidad-Zapata-Ortiz-saluda-al-Papa-Francisco-CELAM.jpg\",\"keywords\":[\"Administrador Apost\u00f3lico\",\"Arquidi\u00f3cesis de Xalapa\",\"M\u00e9xico\",\"Monse\u00f1or Jos\u00e9 Trinidad Zapata Ortiz\"],\"articleSection\":[\"Iglesia Local\",\"\u00daltimas noticias\"],\"inLanguage\":\"es\"},{\"@type\":\"WebPage\",\"@id\":\"https:\\\/\\\/exaudi.org\\\/es\\\/mexico-el-papa-nombra-administrador-apostolico-para-arquidiocesis-de-xalapa\\\/\",\"url\":\"https:\\\/\\\/exaudi.org\\\/es\\\/mexico-el-papa-nombra-administrador-apostolico-para-arquidiocesis-de-xalapa\\\/\",\"name\":\"M\u00e9xico: Nuevo administrador apost\u00f3lico de Xalapa &#8211; Exaudi\",\"isPartOf\":{\"@id\":\"https:\\\/\\\/exaudi.org\\\/#website\"},\"primaryImageOfPage\":{\"@id\":\"https:\\\/\\\/exaudi.org\\\/es\\\/mexico-el-papa-nombra-administrador-apostolico-para-arquidiocesis-de-xalapa\\\/#primaryimage\"},\"image\":{\"@id\":\"https:\\\/\\\/exaudi.org\\\/es\\\/mexico-el-papa-nombra-administrador-apostolico-para-arquidiocesis-de-xalapa\\\/#primaryimage\"},\"thumbnailUrl\":\"https:\\\/\\\/exaudi.org\\\/wp-content\\\/uploads\\\/2021\\\/08\\\/Monsenor-Jose-Trinidad-Zapata-Ortiz-saluda-al-Papa-Francisco-CELAM.jpg\",\"datePublished\":\"2021-08-19T10:09:21+00:00\",\"dateModified\":\"2021-08-22T09:21:04+00:00\",\"author\":{\"@id\":\"https:\\\/\\\/exaudi.org\\\/#\\\/schema\\\/person\\\/7d2f77db033c2c0929edfab6dbe8c588\"},\"description\":\"El Papa nombra a Mons. Jos\u00e9 Trinidad Zapata Ortiz, como administrador apost\u00f3lico de la Sede Vacante de la arquidi\u00f3cesis de Xalapa, M\u00e9xico\",\"breadcrumb\":{\"@id\":\"https:\\\/\\\/exaudi.org\\\/es\\\/mexico-el-papa-nombra-administrador-apostolico-para-arquidiocesis-de-xalapa\\\/#breadcrumb\"},\"inLanguage\":\"es\",\"potentialAction\":[{\"@type\":\"ReadAction\",\"target\":[\"https:\\\/\\\/exaudi.org\\\/es\\\/mexico-el-papa-nombra-administrador-apostolico-para-arquidiocesis-de-xalapa\\\/\"]}]},{\"@type\":\"ImageObject\",\"inLanguage\":\"es\",\"@id\":\"https:\\\/\\\/exaudi.org\\\/es\\\/mexico-el-papa-nombra-administrador-apostolico-para-arquidiocesis-de-xalapa\\\/#primaryimage\",\"url\":\"https:\\\/\\\/exaudi.org\\\/wp-content\\\/uploads\\\/2021\\\/08\\\/Monsenor-Jose-Trinidad-Zapata-Ortiz-saluda-al-Papa-Francisco-CELAM.jpg\",\"contentUrl\":\"https:\\\/\\\/exaudi.org\\\/wp-content\\\/uploads\\\/2021\\\/08\\\/Monsenor-Jose-Trinidad-Zapata-Ortiz-saluda-al-Papa-Francisco-CELAM.jpg\",\"width\":1512,\"height\":1134,\"caption\":\"Monse\u00f1or Jos\u00e9 Trinidad Zapata Ortiz saluda al Papa Francisco \u00a9 CELAM\"},{\"@type\":\"BreadcrumbList\",\"@id\":\"https:\\\/\\\/exaudi.org\\\/es\\\/mexico-el-papa-nombra-administrador-apostolico-para-arquidiocesis-de-xalapa\\\/#breadcrumb\",\"itemListElement\":[{\"@type\":\"ListItem\",\"position\":1,\"name\":\"Portada\",\"item\":\"https:\\\/\\\/exaudi.org\\\/es\\\/\"},{\"@type\":\"ListItem\",\"position\":2,\"name\":\"M\u00e9xico: Nuevo administrador apost\u00f3lico de Xalapa\"}]},{\"@type\":\"WebSite\",\"@id\":\"https:\\\/\\\/exaudi.org\\\/#website\",\"url\":\"https:\\\/\\\/exaudi.org\\\/\",\"name\":\"Exaudi\",\"description\":\"News\",\"potentialAction\":[{\"@type\":\"SearchAction\",\"target\":{\"@type\":\"EntryPoint\",\"urlTemplate\":\"https:\\\/\\\/exaudi.org\\\/?s={search_term_string}\"},\"query-input\":{\"@type\":\"PropertyValueSpecification\",\"valueRequired\":true,\"valueName\":\"search_term_string\"}}],\"inLanguage\":\"es\"},{\"@type\":\"Person\",\"@id\":\"https:\\\/\\\/exaudi.org\\\/#\\\/schema\\\/person\\\/7d2f77db033c2c0929edfab6dbe8c588\",\"name\":\"Larissa I. L\u00f3pez\",\"image\":{\"@type\":\"ImageObject\",\"inLanguage\":\"es\",\"@id\":\"https:\\\/\\\/secure.gravatar.com\\\/avatar\\\/db3ef399ff343d0bb9d25dc5198bc8ece5ac6d621eca79876697a354dabc1e3f?s=96&d=mm&r=g\",\"url\":\"https:\\\/\\\/secure.gravatar.com\\\/avatar\\\/db3ef399ff343d0bb9d25dc5198bc8ece5ac6d621eca79876697a354dabc1e3f?s=96&d=mm&r=g\",\"contentUrl\":\"https:\\\/\\\/secure.gravatar.com\\\/avatar\\\/db3ef399ff343d0bb9d25dc5198bc8ece5ac6d621eca79876697a354dabc1e3f?s=96&d=mm&r=g\",\"caption\":\"Larissa I. L\u00f3pez\"},\"description\":\"Doctora en Comunicaci\u00f3n. Mi trayectoria profesional ha transcurrido entre el \u00e1mbito de la comunicaci\u00f3n y el de la docencia. En los \u00faltimos a\u00f1os, he trabajado como coordinadora y redactora de la edici\u00f3n de ZENIT en espa\u00f1ol. Como profesora, he impartido clases en la universidad y en centros de FP y bachillerato. Cordobesa de nacimiento, tambi\u00e9n he vivido en Sevilla, Madrid y Roma\",\"url\":\"https:\\\/\\\/exaudi.org\\\/es\\\/author\\\/llopezexaudi-org\\\/\"}]}<\/script>\n<!-- \/ Yoast SEO plugin. -->","yoast_head_json":{"title":"M\u00e9xico: Nuevo administrador apost\u00f3lico de Xalapa &#8211; Exaudi","description":"El Papa nombra a Mons. Jos\u00e9 Trinidad Zapata Ortiz, como administrador apost\u00f3lico de la Sede Vacante de la arquidi\u00f3cesis de Xalapa, M\u00e9xico","robots":{"index":"index","follow":"follow","max-snippet":"max-snippet:-1","max-image-preview":"max-image-preview:large","max-video-preview":"max-video-preview:-1"},"canonical":"https:\/\/exaudi.org\/es\/mexico-el-papa-nombra-administrador-apostolico-para-arquidiocesis-de-xalapa\/","og_locale":"es_ES","og_type":"article","og_title":"M\u00e9xico: Nuevo administrador apost\u00f3lico de Xalapa &#8211; Exaudi","og_description":"El Papa nombra a Mons. Jos\u00e9 Trinidad Zapata Ortiz, como administrador apost\u00f3lico de la Sede Vacante de la arquidi\u00f3cesis de Xalapa, M\u00e9xico","og_url":"https:\/\/exaudi.org\/es\/mexico-el-papa-nombra-administrador-apostolico-para-arquidiocesis-de-xalapa\/","og_site_name":"Exaudi","article_publisher":"https:\/\/www.facebook.com\/ExaudiNews","article_published_time":"2021-08-19T10:09:21+00:00","article_modified_time":"2021-08-22T09:21:04+00:00","og_image":[{"width":1512,"height":1134,"url":"https:\/\/exaudi.org\/wp-content\/uploads\/2021\/08\/Monsenor-Jose-Trinidad-Zapata-Ortiz-saluda-al-Papa-Francisco-CELAM.jpg","type":"image\/jpeg"}],"author":"Larissa I. L\u00f3pez","twitter_card":"summary_large_image","twitter_creator":"@Exaudi_News","twitter_site":"@Exaudi_News","twitter_misc":{"Escrito por":"Larissa I. L\u00f3pez","Tiempo de lectura":"2 minutos"},"schema":{"@context":"https:\/\/schema.org","@graph":[{"@type":"Article","@id":"https:\/\/exaudi.org\/es\/mexico-el-papa-nombra-administrador-apostolico-para-arquidiocesis-de-xalapa\/#article","isPartOf":{"@id":"https:\/\/exaudi.org\/es\/mexico-el-papa-nombra-administrador-apostolico-para-arquidiocesis-de-xalapa\/"},"author":{"name":"Larissa I. L\u00f3pez","@id":"https:\/\/exaudi.org\/#\/schema\/person\/7d2f77db033c2c0929edfab6dbe8c588"},"headline":"M\u00e9xico: Nuevo administrador apost\u00f3lico de Xalapa","datePublished":"2021-08-19T10:09:21+00:00","dateModified":"2021-08-22T09:21:04+00:00","mainEntityOfPage":{"@id":"https:\/\/exaudi.org\/es\/mexico-el-papa-nombra-administrador-apostolico-para-arquidiocesis-de-xalapa\/"},"wordCount":421,"image":{"@id":"https:\/\/exaudi.org\/es\/mexico-el-papa-nombra-administrador-apostolico-para-arquidiocesis-de-xalapa\/#primaryimage"},"thumbnailUrl":"https:\/\/exaudi.org\/wp-content\/uploads\/2021\/08\/Monsenor-Jose-Trinidad-Zapata-Ortiz-saluda-al-Papa-Francisco-CELAM.jpg","keywords":["Administrador Apost\u00f3lico","Arquidi\u00f3cesis de Xalapa","M\u00e9xico","Monse\u00f1or Jos\u00e9 Trinidad Zapata Ortiz"],"articleSection":["Iglesia Local","\u00daltimas noticias"],"inLanguage":"es"},{"@type":"WebPage","@id":"https:\/\/exaudi.org\/es\/mexico-el-papa-nombra-administrador-apostolico-para-arquidiocesis-de-xalapa\/","url":"https:\/\/exaudi.org\/es\/mexico-el-papa-nombra-administrador-apostolico-para-arquidiocesis-de-xalapa\/","name":"M\u00e9xico: Nuevo administrador apost\u00f3lico de Xalapa &#8211; Exaudi","isPartOf":{"@id":"https:\/\/exaudi.org\/#website"},"primaryImageOfPage":{"@id":"https:\/\/exaudi.org\/es\/mexico-el-papa-nombra-administrador-apostolico-para-arquidiocesis-de-xalapa\/#primaryimage"},"image":{"@id":"https:\/\/exaudi.org\/es\/mexico-el-papa-nombra-administrador-apostolico-para-arquidiocesis-de-xalapa\/#primaryimage"},"thumbnailUrl":"https:\/\/exaudi.org\/wp-content\/uploads\/2021\/08\/Monsenor-Jose-Trinidad-Zapata-Ortiz-saluda-al-Papa-Francisco-CELAM.jpg","datePublished":"2021-08-19T10:09:21+00:00","dateModified":"2021-08-22T09:21:04+00:00","author":{"@id":"https:\/\/exaudi.org\/#\/schema\/person\/7d2f77db033c2c0929edfab6dbe8c588"},"description":"El Papa nombra a Mons. Jos\u00e9 Trinidad Zapata Ortiz, como administrador apost\u00f3lico de la Sede Vacante de la arquidi\u00f3cesis de Xalapa, M\u00e9xico","breadcrumb":{"@id":"https:\/\/exaudi.org\/es\/mexico-el-papa-nombra-administrador-apostolico-para-arquidiocesis-de-xalapa\/#breadcrumb"},"inLanguage":"es","potentialAction":[{"@type":"ReadAction","target":["https:\/\/exaudi.org\/es\/mexico-el-papa-nombra-administrador-apostolico-para-arquidiocesis-de-xalapa\/"]}]},{"@type":"ImageObject","inLanguage":"es","@id":"https:\/\/exaudi.org\/es\/mexico-el-papa-nombra-administrador-apostolico-para-arquidiocesis-de-xalapa\/#primaryimage","url":"https:\/\/exaudi.org\/wp-content\/uploads\/2021\/08\/Monsenor-Jose-Trinidad-Zapata-Ortiz-saluda-al-Papa-Francisco-CELAM.jpg","contentUrl":"https:\/\/exaudi.org\/wp-content\/uploads\/2021\/08\/Monsenor-Jose-Trinidad-Zapata-Ortiz-saluda-al-Papa-Francisco-CELAM.jpg","width":1512,"height":1134,"caption":"Monse\u00f1or Jos\u00e9 Trinidad Zapata Ortiz saluda al Papa Francisco \u00a9 CELAM"},{"@type":"BreadcrumbList","@id":"https:\/\/exaudi.org\/es\/mexico-el-papa-nombra-administrador-apostolico-para-arquidiocesis-de-xalapa\/#breadcrumb","itemListElement":[{"@type":"ListItem","position":1,"name":"Portada","item":"https:\/\/exaudi.org\/es\/"},{"@type":"ListItem","position":2,"name":"M\u00e9xico: Nuevo administrador apost\u00f3lico de Xalapa"}]},{"@type":"WebSite","@id":"https:\/\/exaudi.org\/#website","url":"https:\/\/exaudi.org\/","name":"Exaudi","description":"News","potentialAction":[{"@type":"SearchAction","target":{"@type":"EntryPoint","urlTemplate":"https:\/\/exaudi.org\/?s={search_term_string}"},"query-input":{"@type":"PropertyValueSpecification","valueRequired":true,"valueName":"search_term_string"}}],"inLanguage":"es"},{"@type":"Person","@id":"https:\/\/exaudi.org\/#\/schema\/person\/7d2f77db033c2c0929edfab6dbe8c588","name":"Larissa I. L\u00f3pez","image":{"@type":"ImageObject","inLanguage":"es","@id":"https:\/\/secure.gravatar.com\/avatar\/db3ef399ff343d0bb9d25dc5198bc8ece5ac6d621eca79876697a354dabc1e3f?s=96&d=mm&r=g","url":"https:\/\/secure.gravatar.com\/avatar\/db3ef399ff343d0bb9d25dc5198bc8ece5ac6d621eca79876697a354dabc1e3f?s=96&d=mm&r=g","contentUrl":"https:\/\/secure.gravatar.com\/avatar\/db3ef399ff343d0bb9d25dc5198bc8ece5ac6d621eca79876697a354dabc1e3f?s=96&d=mm&r=g","caption":"Larissa I. L\u00f3pez"},"description":"Doctora en Comunicaci\u00f3n. Mi trayectoria profesional ha transcurrido entre el \u00e1mbito de la comunicaci\u00f3n y el de la docencia. En los \u00faltimos a\u00f1os, he trabajado como coordinadora y redactora de la edici\u00f3n de ZENIT en espa\u00f1ol. Como profesora, he impartido clases en la universidad y en centros de FP y bachillerato. Cordobesa de nacimiento, tambi\u00e9n he vivido en Sevilla, Madrid y Roma","url":"https:\/\/exaudi.org\/es\/author\/llopezexaudi-org\/"}]}},"jetpack_featured_media_url":"https:\/\/exaudi.org\/wp-content\/uploads\/2021\/08\/Monsenor-Jose-Trinidad-Zapata-Ortiz-saluda-al-Papa-Francisco-CELAM.jpg","jetpack_shortlink":"https:\/\/wp.me\/pgKjF2-7Wy","_links":{"self":[{"href":"https:\/\/exaudi.org\/es\/wp-json\/wp\/v2\/posts\/30538","targetHints":{"allow":["GET"]}}],"collection":[{"href":"https:\/\/exaudi.org\/es\/wp-json\/wp\/v2\/posts"}],"about":[{"href":"https:\/\/exaudi.org\/es\/wp-json\/wp\/v2\/types\/post"}],"author":[{"embeddable":true,"href":"https:\/\/exaudi.org\/es\/wp-json\/wp\/v2\/users\/5"}],"replies":[{"embeddable":true,"href":"https:\/\/exaudi.org\/es\/wp-json\/wp\/v2\/comments?post=30538"}],"version-history":[{"count":0,"href":"https:\/\/exaudi.org\/es\/wp-json\/wp\/v2\/posts\/30538\/revisions"}],"wp:featuredmedia":[{"embeddable":true,"href":"https:\/\/exaudi.org\/es\/wp-json\/wp\/v2\/media\/30542"}],"wp:attachment":[{"href":"https:\/\/exaudi.org\/es\/wp-json\/wp\/v2\/media?parent=30538"}],"wp:term":[{"taxonomy":"category","embeddable":true,"href":"https:\/\/exaudi.org\/es\/wp-json\/wp\/v2\/categories?post=30538"},{"taxonomy":"post_tag","embeddable":true,"href":"https:\/\/exaudi.org\/es\/wp-json\/wp\/v2\/tags?post=30538"}],"curies":[{"name":"wp","href":"https:\/\/api.w.org\/{rel}","templated":true}]}}