{"id":30525,"date":"2021-08-19T11:15:14","date_gmt":"2021-08-19T09:15:14","guid":{"rendered":"https:\/\/exaudi.wpengine.com\/?p=30525"},"modified":"2021-08-19T11:18:31","modified_gmt":"2021-08-19T09:18:31","slug":"concurso-tierra-tambien-nuestra-casa","status":"publish","type":"post","link":"https:\/\/exaudi.org\/es\/concurso-tierra-tambien-nuestra-casa\/","title":{"rendered":"Concurso \u201cLa tierra que es tambi\u00e9n nuestra casa\u201d"},"content":{"rendered":"<p>El <a href=\"https:\/\/www.anahuac.mx\/mexico\/EscuelasyFacultades\/bioetica\/querida-amazonia-integrantes\" target=\"_blank\" rel=\"noopener\">grupo \u201cQuerida Amazon\u00eda\u201d<\/a> y la <a href=\"https:\/\/www.anahuac.mx\/mexico\/\" target=\"_blank\" rel=\"noopener\">Universidad An\u00e1huac M\u00e9xico<\/a> invitan a participar Concurso \u201cLa tierra que es tambi\u00e9n nuestra casa\u201d.<\/p>\n<p><img loading=\"lazy\" decoding=\"async\" class=\"size-medium wp-image-30526 alignleft\" src=\"https:\/\/exaudi.wpengine.com\/wp-content\/uploads\/2021\/08\/FINAL-Querida_amazonia_CONCURSO-200x300.jpg\" alt=\"\" width=\"200\" height=\"300\" srcset=\"https:\/\/exaudi.org\/wp-content\/uploads\/2021\/08\/FINAL-Querida_amazonia_CONCURSO-200x300.jpg 200w, https:\/\/exaudi.org\/wp-content\/uploads\/2021\/08\/FINAL-Querida_amazonia_CONCURSO-682x1024.jpg 682w, https:\/\/exaudi.org\/wp-content\/uploads\/2021\/08\/FINAL-Querida_amazonia_CONCURSO-768x1153.jpg 768w, https:\/\/exaudi.org\/wp-content\/uploads\/2021\/08\/FINAL-Querida_amazonia_CONCURSO-150x225.jpg 150w, https:\/\/exaudi.org\/wp-content\/uploads\/2021\/08\/FINAL-Querida_amazonia_CONCURSO-300x450.jpg 300w, https:\/\/exaudi.org\/wp-content\/uploads\/2021\/08\/FINAL-Querida_amazonia_CONCURSO-696x1045.jpg 696w, https:\/\/exaudi.org\/wp-content\/uploads\/2021\/08\/FINAL-Querida_amazonia_CONCURSO-280x420.jpg 280w, https:\/\/exaudi.org\/wp-content\/uploads\/2021\/08\/FINAL-Querida_amazonia_CONCURSO.jpg 800w\" sizes=\"auto, (max-width: 200px) 100vw, 200px\" \/>\u201c\u00bfCrees que es posible tener un mundo m\u00e1s humano y m\u00e1s justo? \u00bfTe preocupas por el medio ambiente y est\u00e1s comprometido con su cuidado? \u00bfQuieres ser parte de una Iglesia m\u00e1s din\u00e1mica y en salida? \u00a1\u00a1\u00a1Te estamos buscando!!!\u201d, exponen en una nota los organizadores.<\/p>\n<p>De acuerdo a la misma, es posible participar en las categor\u00edas de ensayo, p\u00f3ster o medios digitales (fotograf\u00eda o video) y los 3 temas son textos del Papa Francisco: Enc\u00edclica <em><a href=\"https:\/\/www.vatican.va\/content\/francesco\/es\/encyclicals\/documents\/papa-francesco_20150524_enciclica-laudato-si.html\" target=\"_blank\" rel=\"noopener\">Laudato S\u00ed\u2019<\/a>; <\/em>Carta Apost\u00f3lica<a href=\"https:\/\/www.vatican.va\/content\/francesco\/es\/apost_exhortations\/documents\/papa-francesco_esortazione-ap_20200202_querida-amazonia.html\" target=\"_blank\" rel=\"noopener\"> \u201cQuerida Amazon\u00eda<em>\u201d<\/em><\/a>; y Enc\u00edclica <a href=\"https:\/\/exaudi.wpengine.com\/es\/enciclica-fratelli-tutti-papa\/\" target=\"_blank\" rel=\"noopener\"><em>Fratelli Tutti.<\/em><\/a> Los tres primeros lugares ser\u00e1n premiados con la publicaci\u00f3n de su obra.<\/p>\n<p>La convocatoria se encuentra abierta del 16 de agosto al 16 de septiembre del 2021. M\u00e1s informaci\u00f3n en este <a href=\"https:\/\/www.anahuac.mx\/mexico\/EscuelasyFacultades\/bioetica\/querida-amazonia-concurso\">link.<\/a><\/p>\n<h4><strong>Grupo \u201cQuerida Amazon\u00eda\u201d<\/strong><\/h4>\n<p>Este grupo tiene como objetivo general estudiar, analizar, reflexionar e incorporar el pensamiento del Papa Francisco a los proyectos de investigaci\u00f3n de la Universidad, especialmente en lo referente a las Enc\u00edclicas <em>Laudato S\u00ed<\/em>\u2019 y a la carta apost\u00f3lica \u201cQuerida Amazon\u00eda\u201d.<\/p>\n","protected":false},"excerpt":{"rendered":"<p>Tem\u00e1tica sobre enc\u00edclicas y cartas apost\u00f3licas del Papa Francisco<\/p>\n","protected":false},"author":5,"featured_media":30529,"comment_status":"open","ping_status":"open","sticky":false,"template":"","format":"standard","meta":{"_acf_changed":false,"_crdt_document":"","inline_featured_image":false,"footnotes":""},"categories":[82,68,298],"tags":[3743,3744,2405],"class_list":["post-30525","post","type-post","status-publish","format-standard","has-post-thumbnail","hentry","category-educacion","category-leon-xiv","category-ultimas-noticias","tag-concurso","tag-grupo-querida-amazonia","tag-universidad-anahuac-mexico"],"acf":[],"yoast_head":"<!-- This site is optimized with the Yoast SEO plugin v27.4 - https:\/\/yoast.com\/product\/yoast-seo-wordpress\/ -->\n<title>Concurso \u201cLa tierra que es tambi\u00e9n nuestra casa\u201d &#8211; Exaudi<\/title>\n<meta name=\"description\" content=\"El grupo \u201cQuerida Amazon\u00eda\u201d y la Universidad An\u00e1huac M\u00e9xico invitan a participar Concurso \u201cLa tierra que es tambi\u00e9n nuestra casa\u201d\" \/>\n<meta name=\"robots\" content=\"index, follow, max-snippet:-1, max-image-preview:large, max-video-preview:-1\" \/>\n<link rel=\"canonical\" href=\"https:\/\/exaudi.org\/es\/concurso-tierra-tambien-nuestra-casa\/\" \/>\n<meta property=\"og:locale\" content=\"es_ES\" \/>\n<meta property=\"og:type\" content=\"article\" \/>\n<meta property=\"og:title\" content=\"Concurso \u201cLa tierra que es tambi\u00e9n nuestra casa\u201d &#8211; Exaudi\" \/>\n<meta property=\"og:description\" content=\"El grupo \u201cQuerida Amazon\u00eda\u201d y la Universidad An\u00e1huac M\u00e9xico invitan a participar Concurso \u201cLa tierra que es tambi\u00e9n nuestra casa\u201d\" \/>\n<meta property=\"og:url\" content=\"https:\/\/exaudi.org\/es\/concurso-tierra-tambien-nuestra-casa\/\" \/>\n<meta property=\"og:site_name\" content=\"Exaudi\" \/>\n<meta property=\"article:publisher\" content=\"https:\/\/www.facebook.com\/ExaudiNews\" \/>\n<meta property=\"article:published_time\" content=\"2021-08-19T09:15:14+00:00\" \/>\n<meta property=\"article:modified_time\" content=\"2021-08-19T09:18:31+00:00\" \/>\n<meta property=\"og:image\" content=\"https:\/\/exaudi.org\/wp-content\/uploads\/2021\/08\/SFO4441_050421-1.jpg\" \/>\n\t<meta property=\"og:image:width\" content=\"2431\" \/>\n\t<meta property=\"og:image:height\" content=\"1620\" \/>\n\t<meta property=\"og:image:type\" content=\"image\/jpeg\" \/>\n<meta name=\"author\" content=\"Larissa I. L\u00f3pez\" \/>\n<meta name=\"twitter:card\" content=\"summary_large_image\" \/>\n<meta name=\"twitter:creator\" content=\"@Exaudi_News\" \/>\n<meta name=\"twitter:site\" content=\"@Exaudi_News\" \/>\n<meta name=\"twitter:label1\" content=\"Escrito por\" \/>\n\t<meta name=\"twitter:data1\" content=\"Larissa I. L\u00f3pez\" \/>\n\t<meta name=\"twitter:label2\" content=\"Tiempo de lectura\" \/>\n\t<meta name=\"twitter:data2\" content=\"1 minuto\" \/>\n<script type=\"application\/ld+json\" class=\"yoast-schema-graph\">{\"@context\":\"https:\\\/\\\/schema.org\",\"@graph\":[{\"@type\":\"Article\",\"@id\":\"https:\\\/\\\/exaudi.org\\\/es\\\/concurso-tierra-tambien-nuestra-casa\\\/#article\",\"isPartOf\":{\"@id\":\"https:\\\/\\\/exaudi.org\\\/es\\\/concurso-tierra-tambien-nuestra-casa\\\/\"},\"author\":{\"name\":\"Larissa I. L\u00f3pez\",\"@id\":\"https:\\\/\\\/exaudi.org\\\/#\\\/schema\\\/person\\\/7d2f77db033c2c0929edfab6dbe8c588\"},\"headline\":\"Concurso \u201cLa tierra que es tambi\u00e9n nuestra casa\u201d\",\"datePublished\":\"2021-08-19T09:15:14+00:00\",\"dateModified\":\"2021-08-19T09:18:31+00:00\",\"mainEntityOfPage\":{\"@id\":\"https:\\\/\\\/exaudi.org\\\/es\\\/concurso-tierra-tambien-nuestra-casa\\\/\"},\"wordCount\":209,\"commentCount\":0,\"image\":{\"@id\":\"https:\\\/\\\/exaudi.org\\\/es\\\/concurso-tierra-tambien-nuestra-casa\\\/#primaryimage\"},\"thumbnailUrl\":\"https:\\\/\\\/exaudi.org\\\/wp-content\\\/uploads\\\/2021\\\/08\\\/SFO4441_050421-1.jpg\",\"keywords\":[\"Concurso\",\"Grupo \\\"Querida Amazon\u00eda\\\"\",\"Universidad An\u00e1huac M\u00e9xico\"],\"articleSection\":[\"Educaci\u00f3n\",\"Le\u00f3n XIV\",\"\u00daltimas noticias\"],\"inLanguage\":\"es\",\"potentialAction\":[{\"@type\":\"CommentAction\",\"name\":\"Comment\",\"target\":[\"https:\\\/\\\/exaudi.org\\\/es\\\/concurso-tierra-tambien-nuestra-casa\\\/#respond\"]}]},{\"@type\":\"WebPage\",\"@id\":\"https:\\\/\\\/exaudi.org\\\/es\\\/concurso-tierra-tambien-nuestra-casa\\\/\",\"url\":\"https:\\\/\\\/exaudi.org\\\/es\\\/concurso-tierra-tambien-nuestra-casa\\\/\",\"name\":\"Concurso \u201cLa tierra que es tambi\u00e9n nuestra casa\u201d &#8211; Exaudi\",\"isPartOf\":{\"@id\":\"https:\\\/\\\/exaudi.org\\\/#website\"},\"primaryImageOfPage\":{\"@id\":\"https:\\\/\\\/exaudi.org\\\/es\\\/concurso-tierra-tambien-nuestra-casa\\\/#primaryimage\"},\"image\":{\"@id\":\"https:\\\/\\\/exaudi.org\\\/es\\\/concurso-tierra-tambien-nuestra-casa\\\/#primaryimage\"},\"thumbnailUrl\":\"https:\\\/\\\/exaudi.org\\\/wp-content\\\/uploads\\\/2021\\\/08\\\/SFO4441_050421-1.jpg\",\"datePublished\":\"2021-08-19T09:15:14+00:00\",\"dateModified\":\"2021-08-19T09:18:31+00:00\",\"author\":{\"@id\":\"https:\\\/\\\/exaudi.org\\\/#\\\/schema\\\/person\\\/7d2f77db033c2c0929edfab6dbe8c588\"},\"description\":\"El grupo \u201cQuerida Amazon\u00eda\u201d y la Universidad An\u00e1huac M\u00e9xico invitan a participar Concurso \u201cLa tierra que es tambi\u00e9n nuestra casa\u201d\",\"breadcrumb\":{\"@id\":\"https:\\\/\\\/exaudi.org\\\/es\\\/concurso-tierra-tambien-nuestra-casa\\\/#breadcrumb\"},\"inLanguage\":\"es\",\"potentialAction\":[{\"@type\":\"ReadAction\",\"target\":[\"https:\\\/\\\/exaudi.org\\\/es\\\/concurso-tierra-tambien-nuestra-casa\\\/\"]}]},{\"@type\":\"ImageObject\",\"inLanguage\":\"es\",\"@id\":\"https:\\\/\\\/exaudi.org\\\/es\\\/concurso-tierra-tambien-nuestra-casa\\\/#primaryimage\",\"url\":\"https:\\\/\\\/exaudi.org\\\/wp-content\\\/uploads\\\/2021\\\/08\\\/SFO4441_050421-1.jpg\",\"contentUrl\":\"https:\\\/\\\/exaudi.org\\\/wp-content\\\/uploads\\\/2021\\\/08\\\/SFO4441_050421-1.jpg\",\"width\":2431,\"height\":1620,\"caption\":\"Audiencia general, 18 agosto 2021 \u00a9 Vatican Media\"},{\"@type\":\"BreadcrumbList\",\"@id\":\"https:\\\/\\\/exaudi.org\\\/es\\\/concurso-tierra-tambien-nuestra-casa\\\/#breadcrumb\",\"itemListElement\":[{\"@type\":\"ListItem\",\"position\":1,\"name\":\"Portada\",\"item\":\"https:\\\/\\\/exaudi.org\\\/es\\\/\"},{\"@type\":\"ListItem\",\"position\":2,\"name\":\"Concurso \u201cLa tierra que es tambi\u00e9n nuestra casa\u201d\"}]},{\"@type\":\"WebSite\",\"@id\":\"https:\\\/\\\/exaudi.org\\\/#website\",\"url\":\"https:\\\/\\\/exaudi.org\\\/\",\"name\":\"Exaudi\",\"description\":\"News\",\"potentialAction\":[{\"@type\":\"SearchAction\",\"target\":{\"@type\":\"EntryPoint\",\"urlTemplate\":\"https:\\\/\\\/exaudi.org\\\/?s={search_term_string}\"},\"query-input\":{\"@type\":\"PropertyValueSpecification\",\"valueRequired\":true,\"valueName\":\"search_term_string\"}}],\"inLanguage\":\"es\"},{\"@type\":\"Person\",\"@id\":\"https:\\\/\\\/exaudi.org\\\/#\\\/schema\\\/person\\\/7d2f77db033c2c0929edfab6dbe8c588\",\"name\":\"Larissa I. L\u00f3pez\",\"image\":{\"@type\":\"ImageObject\",\"inLanguage\":\"es\",\"@id\":\"https:\\\/\\\/secure.gravatar.com\\\/avatar\\\/db3ef399ff343d0bb9d25dc5198bc8ece5ac6d621eca79876697a354dabc1e3f?s=96&d=mm&r=g\",\"url\":\"https:\\\/\\\/secure.gravatar.com\\\/avatar\\\/db3ef399ff343d0bb9d25dc5198bc8ece5ac6d621eca79876697a354dabc1e3f?s=96&d=mm&r=g\",\"contentUrl\":\"https:\\\/\\\/secure.gravatar.com\\\/avatar\\\/db3ef399ff343d0bb9d25dc5198bc8ece5ac6d621eca79876697a354dabc1e3f?s=96&d=mm&r=g\",\"caption\":\"Larissa I. L\u00f3pez\"},\"description\":\"Doctora en Comunicaci\u00f3n. Mi trayectoria profesional ha transcurrido entre el \u00e1mbito de la comunicaci\u00f3n y el de la docencia. En los \u00faltimos a\u00f1os, he trabajado como coordinadora y redactora de la edici\u00f3n de ZENIT en espa\u00f1ol. Como profesora, he impartido clases en la universidad y en centros de FP y bachillerato. Cordobesa de nacimiento, tambi\u00e9n he vivido en Sevilla, Madrid y Roma\",\"url\":\"https:\\\/\\\/exaudi.org\\\/es\\\/author\\\/llopezexaudi-org\\\/\"}]}<\/script>\n<!-- \/ Yoast SEO plugin. -->","yoast_head_json":{"title":"Concurso \u201cLa tierra que es tambi\u00e9n nuestra casa\u201d &#8211; Exaudi","description":"El grupo \u201cQuerida Amazon\u00eda\u201d y la Universidad An\u00e1huac M\u00e9xico invitan a participar Concurso \u201cLa tierra que es tambi\u00e9n nuestra casa\u201d","robots":{"index":"index","follow":"follow","max-snippet":"max-snippet:-1","max-image-preview":"max-image-preview:large","max-video-preview":"max-video-preview:-1"},"canonical":"https:\/\/exaudi.org\/es\/concurso-tierra-tambien-nuestra-casa\/","og_locale":"es_ES","og_type":"article","og_title":"Concurso \u201cLa tierra que es tambi\u00e9n nuestra casa\u201d &#8211; Exaudi","og_description":"El grupo \u201cQuerida Amazon\u00eda\u201d y la Universidad An\u00e1huac M\u00e9xico invitan a participar Concurso \u201cLa tierra que es tambi\u00e9n nuestra casa\u201d","og_url":"https:\/\/exaudi.org\/es\/concurso-tierra-tambien-nuestra-casa\/","og_site_name":"Exaudi","article_publisher":"https:\/\/www.facebook.com\/ExaudiNews","article_published_time":"2021-08-19T09:15:14+00:00","article_modified_time":"2021-08-19T09:18:31+00:00","og_image":[{"width":2431,"height":1620,"url":"https:\/\/exaudi.org\/wp-content\/uploads\/2021\/08\/SFO4441_050421-1.jpg","type":"image\/jpeg"}],"author":"Larissa I. L\u00f3pez","twitter_card":"summary_large_image","twitter_creator":"@Exaudi_News","twitter_site":"@Exaudi_News","twitter_misc":{"Escrito por":"Larissa I. L\u00f3pez","Tiempo de lectura":"1 minuto"},"schema":{"@context":"https:\/\/schema.org","@graph":[{"@type":"Article","@id":"https:\/\/exaudi.org\/es\/concurso-tierra-tambien-nuestra-casa\/#article","isPartOf":{"@id":"https:\/\/exaudi.org\/es\/concurso-tierra-tambien-nuestra-casa\/"},"author":{"name":"Larissa I. L\u00f3pez","@id":"https:\/\/exaudi.org\/#\/schema\/person\/7d2f77db033c2c0929edfab6dbe8c588"},"headline":"Concurso \u201cLa tierra que es tambi\u00e9n nuestra casa\u201d","datePublished":"2021-08-19T09:15:14+00:00","dateModified":"2021-08-19T09:18:31+00:00","mainEntityOfPage":{"@id":"https:\/\/exaudi.org\/es\/concurso-tierra-tambien-nuestra-casa\/"},"wordCount":209,"commentCount":0,"image":{"@id":"https:\/\/exaudi.org\/es\/concurso-tierra-tambien-nuestra-casa\/#primaryimage"},"thumbnailUrl":"https:\/\/exaudi.org\/wp-content\/uploads\/2021\/08\/SFO4441_050421-1.jpg","keywords":["Concurso","Grupo \"Querida Amazon\u00eda\"","Universidad An\u00e1huac M\u00e9xico"],"articleSection":["Educaci\u00f3n","Le\u00f3n XIV","\u00daltimas noticias"],"inLanguage":"es","potentialAction":[{"@type":"CommentAction","name":"Comment","target":["https:\/\/exaudi.org\/es\/concurso-tierra-tambien-nuestra-casa\/#respond"]}]},{"@type":"WebPage","@id":"https:\/\/exaudi.org\/es\/concurso-tierra-tambien-nuestra-casa\/","url":"https:\/\/exaudi.org\/es\/concurso-tierra-tambien-nuestra-casa\/","name":"Concurso \u201cLa tierra que es tambi\u00e9n nuestra casa\u201d &#8211; Exaudi","isPartOf":{"@id":"https:\/\/exaudi.org\/#website"},"primaryImageOfPage":{"@id":"https:\/\/exaudi.org\/es\/concurso-tierra-tambien-nuestra-casa\/#primaryimage"},"image":{"@id":"https:\/\/exaudi.org\/es\/concurso-tierra-tambien-nuestra-casa\/#primaryimage"},"thumbnailUrl":"https:\/\/exaudi.org\/wp-content\/uploads\/2021\/08\/SFO4441_050421-1.jpg","datePublished":"2021-08-19T09:15:14+00:00","dateModified":"2021-08-19T09:18:31+00:00","author":{"@id":"https:\/\/exaudi.org\/#\/schema\/person\/7d2f77db033c2c0929edfab6dbe8c588"},"description":"El grupo \u201cQuerida Amazon\u00eda\u201d y la Universidad An\u00e1huac M\u00e9xico invitan a participar Concurso \u201cLa tierra que es tambi\u00e9n nuestra casa\u201d","breadcrumb":{"@id":"https:\/\/exaudi.org\/es\/concurso-tierra-tambien-nuestra-casa\/#breadcrumb"},"inLanguage":"es","potentialAction":[{"@type":"ReadAction","target":["https:\/\/exaudi.org\/es\/concurso-tierra-tambien-nuestra-casa\/"]}]},{"@type":"ImageObject","inLanguage":"es","@id":"https:\/\/exaudi.org\/es\/concurso-tierra-tambien-nuestra-casa\/#primaryimage","url":"https:\/\/exaudi.org\/wp-content\/uploads\/2021\/08\/SFO4441_050421-1.jpg","contentUrl":"https:\/\/exaudi.org\/wp-content\/uploads\/2021\/08\/SFO4441_050421-1.jpg","width":2431,"height":1620,"caption":"Audiencia general, 18 agosto 2021 \u00a9 Vatican Media"},{"@type":"BreadcrumbList","@id":"https:\/\/exaudi.org\/es\/concurso-tierra-tambien-nuestra-casa\/#breadcrumb","itemListElement":[{"@type":"ListItem","position":1,"name":"Portada","item":"https:\/\/exaudi.org\/es\/"},{"@type":"ListItem","position":2,"name":"Concurso \u201cLa tierra que es tambi\u00e9n nuestra casa\u201d"}]},{"@type":"WebSite","@id":"https:\/\/exaudi.org\/#website","url":"https:\/\/exaudi.org\/","name":"Exaudi","description":"News","potentialAction":[{"@type":"SearchAction","target":{"@type":"EntryPoint","urlTemplate":"https:\/\/exaudi.org\/?s={search_term_string}"},"query-input":{"@type":"PropertyValueSpecification","valueRequired":true,"valueName":"search_term_string"}}],"inLanguage":"es"},{"@type":"Person","@id":"https:\/\/exaudi.org\/#\/schema\/person\/7d2f77db033c2c0929edfab6dbe8c588","name":"Larissa I. L\u00f3pez","image":{"@type":"ImageObject","inLanguage":"es","@id":"https:\/\/secure.gravatar.com\/avatar\/db3ef399ff343d0bb9d25dc5198bc8ece5ac6d621eca79876697a354dabc1e3f?s=96&d=mm&r=g","url":"https:\/\/secure.gravatar.com\/avatar\/db3ef399ff343d0bb9d25dc5198bc8ece5ac6d621eca79876697a354dabc1e3f?s=96&d=mm&r=g","contentUrl":"https:\/\/secure.gravatar.com\/avatar\/db3ef399ff343d0bb9d25dc5198bc8ece5ac6d621eca79876697a354dabc1e3f?s=96&d=mm&r=g","caption":"Larissa I. L\u00f3pez"},"description":"Doctora en Comunicaci\u00f3n. Mi trayectoria profesional ha transcurrido entre el \u00e1mbito de la comunicaci\u00f3n y el de la docencia. En los \u00faltimos a\u00f1os, he trabajado como coordinadora y redactora de la edici\u00f3n de ZENIT en espa\u00f1ol. Como profesora, he impartido clases en la universidad y en centros de FP y bachillerato. Cordobesa de nacimiento, tambi\u00e9n he vivido en Sevilla, Madrid y Roma","url":"https:\/\/exaudi.org\/es\/author\/llopezexaudi-org\/"}]}},"jetpack_featured_media_url":"https:\/\/exaudi.org\/wp-content\/uploads\/2021\/08\/SFO4441_050421-1.jpg","jetpack_shortlink":"https:\/\/wp.me\/pgKjF2-7Wl","_links":{"self":[{"href":"https:\/\/exaudi.org\/es\/wp-json\/wp\/v2\/posts\/30525","targetHints":{"allow":["GET"]}}],"collection":[{"href":"https:\/\/exaudi.org\/es\/wp-json\/wp\/v2\/posts"}],"about":[{"href":"https:\/\/exaudi.org\/es\/wp-json\/wp\/v2\/types\/post"}],"author":[{"embeddable":true,"href":"https:\/\/exaudi.org\/es\/wp-json\/wp\/v2\/users\/5"}],"replies":[{"embeddable":true,"href":"https:\/\/exaudi.org\/es\/wp-json\/wp\/v2\/comments?post=30525"}],"version-history":[{"count":0,"href":"https:\/\/exaudi.org\/es\/wp-json\/wp\/v2\/posts\/30525\/revisions"}],"wp:featuredmedia":[{"embeddable":true,"href":"https:\/\/exaudi.org\/es\/wp-json\/wp\/v2\/media\/30529"}],"wp:attachment":[{"href":"https:\/\/exaudi.org\/es\/wp-json\/wp\/v2\/media?parent=30525"}],"wp:term":[{"taxonomy":"category","embeddable":true,"href":"https:\/\/exaudi.org\/es\/wp-json\/wp\/v2\/categories?post=30525"},{"taxonomy":"post_tag","embeddable":true,"href":"https:\/\/exaudi.org\/es\/wp-json\/wp\/v2\/tags?post=30525"}],"curies":[{"name":"wp","href":"https:\/\/api.w.org\/{rel}","templated":true}]}}