{"id":30506,"date":"2021-08-19T07:30:44","date_gmt":"2021-08-19T05:30:44","guid":{"rendered":"https:\/\/exaudi.wpengine.com\/?p=30506"},"modified":"2021-08-22T13:16:22","modified_gmt":"2021-08-22T11:16:22","slug":"italia-el-secreto-del-meeting-de-rimini","status":"publish","type":"post","link":"https:\/\/exaudi.org\/es\/italia-el-secreto-del-meeting-de-rimini\/","title":{"rendered":"Italia: El \u201csecreto\u201d del Meeting de R\u00edmini"},"content":{"rendered":"<p>El <a href=\"https:\/\/www.meetingrimini.org\/es\/edicion-2021\/\" target=\"_blank\" rel=\"noopener\"><em>Meeting de R\u00edmini<\/em><\/a> es el evento que cada a\u00f1o, a finales de agosto, desde 1980, atrae a cientos de miles de visitantes a R\u00edmini, Italia. Tras la edici\u00f3n \u201cdigital\u201d de 2020, a partir del viernes 20 de agosto el Encuentro por la Amistad entre los Pueblos, promovido por el <a href=\"https:\/\/espanol.clonline.org\/\" target=\"_blank\" rel=\"noopener\">movimiento Comuni\u00f3n y Liberaci\u00f3n<\/a>, volver\u00e1 a animar los espacios del barrio de la feria de la ciudad roma\u00f1ola.<\/p>\n<p>El tema de esta edici\u00f3n es \u201cEl coraje de decir &#8216;yo&#8217;\u201d, una cita del fil\u00f3sofo S\u00f8ren Kierkegaard. El presidente de la Fundaci\u00f3n del Encuentro (entidad organizadora del evento), Bernhard Scholz, habl\u00f3 a Exaudi de \u201cresponsabilidad personal\u201d, \u201csolidaridad m\u00e1s extendida\u201d y \u201ccreatividad m\u00e1s decidida\u201d como \u201cfactores decisivos para fortalecer la sociabilidad y la sociedad civil y superar las continuas oscilaciones entre la resignaci\u00f3n y la rebeld\u00eda\u201d. Y esta valent\u00eda de decir \u201cyo\u201d consiste en la fidelidad al propio deseo de bien y es precisamente lo contrario del individualismo, que en cambio se retira del compromiso con la vida y se cierra ante los desaf\u00edos\u201d.<\/p>\n<p>A continuaci\u00f3n, sigue la entrevista con Bernhard Scholz:<\/p>\n<p>***<\/p>\n<p><strong>Exaudi: La 42\u00aa edici\u00f3n del <em>Meeting<\/em> para la Amistad entre los Pueblos, titulada \u201cEl coraje de decir &#8216;yo&#8217;\u201d, se celebrar\u00e1 en la Feria de R\u00edmini del 20 al 25 de agosto de 2021. \u00bfQu\u00e9 novedades distinguen la edici\u00f3n de este a\u00f1o de las anteriores? \u00bfQu\u00e9 elementos caracterizar\u00e1n la edici\u00f3n de 2021?<\/strong><\/p>\n<p><strong>Bernhard Scholz:<\/strong> En primer lugar, el hecho de que el t\u00edtulo pretende ser una fuerte provocaci\u00f3n para ser m\u00e1s consciente de uno mismo y de la propia relaci\u00f3n con el mundo. Y este aspecto estar\u00e1 presente en muchos encuentros y exposiciones. Despu\u00e9s, el hecho de que la Reuni\u00f3n sea all\u00ed. No estaba previsto volver este a\u00f1o a un Encuentro presencial despu\u00e9s de la edici\u00f3n especial del a\u00f1o pasado, que fue principalmente digital. Estamos agradecidos por esta oportunidad y por el gran inter\u00e9s que ha despertado el Encuentro. Prevemos una gran participaci\u00f3n, tambi\u00e9n debido a un programa muy rico y variado. A diferencia de a\u00f1os anteriores, hasta 2019 y en cambio en l\u00ednea con 2020, todo el Encuentro ser\u00e1 accesible tambi\u00e9n v\u00eda <em>streaming<\/em> y tendremos varias exposiciones en formato digital.<\/p>\n<p><strong>Exaudi: Este Meeting es un evento que acaba de cumplir 40 a\u00f1os (la primera edici\u00f3n se celebr\u00f3 en 1980), por lo que ha pasado por bastante historia desde su creaci\u00f3n, sin perder el impulso de sus or\u00edgenes. \u00bfCu\u00e1l es el secreto de su \u201c\u00e9xito\u201d?<\/strong><\/p>\n<p><strong>Bernhard Scholz:<\/strong> Habr\u00eda que preguntar a los participantes. Por mi parte, dir\u00eda que el \u201csecreto\u201d consiste en la capacidad de acoger y dar gratuitamente, de una sensibilidad a la belleza y una verdadera curiosidad humana que son los frutos de la educaci\u00f3n que llega a trav\u00e9s de Comuni\u00f3n y la Liberaci\u00f3n y se extiende y fortalece en una infinidad de encuentros. Y son sobre todo los j\u00f3venes voluntarios del Encuentro los que viven y comunican esta experiencia de forma fascinante.<\/p>\n<p><strong>Exaudi: Habitualmente, el Papa y el presidente de la Rep\u00fablica Italiana env\u00edan mensajes de aliento y aprecio por el trabajo. \u00bfSer\u00e1 tambi\u00e9n el caso este a\u00f1o?<\/strong><\/p>\n<p><strong>Bernhard Scholz:<\/strong> Tambi\u00e9n este a\u00f1o el Santo Padre nos ha anunciado su mensaje y el presidente Sergio Mattarella asistir\u00e1 a la apertura del encuentro.<\/p>\n<p><strong>Exaudi: \u201cEl valor de decir \u2018yo\u2019\u201d es una cita del fil\u00f3sofo dan\u00e9s S\u00f8ren Kierkegaard. Vivimos en la era del individualismo, donde a menudo es m\u00e1s f\u00e1cil decir \u201cyo\u201d que \u201cnosotros\u201d. Me vienen a la mente las palabras de Ratzinger en 2005, antes de ser elegido papa: \u201cSe est\u00e1 configurando una dictadura del relativismo, que no reconoce nada como definitivo y que deja como medida \u00faltima s\u00f3lo el yo y sus deseos\u201d. \u00bfQu\u00e9 mensaje quiere enviar con este t\u00edtulo?<\/strong><\/p>\n<p><strong>Bernhard Scholz:<\/strong> Hemos elegido este t\u00edtulo para compartir y explorar las numerosas experiencias virtuosas que tuvieron lugar durante la pandemia, que demostraron una mayor asunci\u00f3n de responsabilidad personal, una solidaridad m\u00e1s extendida y una creatividad m\u00e1s decidida, todo ello ante situaciones dif\u00edciles, si no dram\u00e1ticas. El redescubrimiento de cuestiones existenciales a menudo olvidadas ha sido muy importante. Todos ellos son factores decisivos para fortalecer la sociabilidad y la sociedad civil y para superar las constantes oscilaciones entre la resignaci\u00f3n y la rebeli\u00f3n con un paciente y decidido esp\u00edritu constructivo. Esta valent\u00eda de decir \u201cyo\u201d consiste en la fidelidad al propio deseo de bien, y es precisamente lo contrario al individualismo, que en cambio se retira del compromiso con la vida y se cierra a los desaf\u00edos. Sin este valor ni siquiera puede haber un verdadero \u201cnosotros\u201d, sino s\u00f3lo un \u201cnosotros\u201d ideol\u00f3gico, como refugio y no como soporte. Y el relativismo del que habla el <a href=\"https:\/\/exaudi.wpengine.com\/es\/teologia-para-millennials-benedicto-xvi-70-anos-de-fidelidad\/\" target=\"_blank\" rel=\"noopener\">papa Benedicto XVI<\/a> tiene su origen en la falta de valor para seguir las cuestiones existenciales m\u00e1s decisivas de la propia vida para dejarse llevar por el aplanamiento general.<\/p>\n<p><strong>Exaudi: \u00bfQu\u00e9 es lo m\u00e1s destacado de este a\u00f1o? Y aunque la gente suele pensar en el Encuentro como un evento m\u00e1s bien italiano, \u00bfcu\u00e1les son los actos del programa que m\u00e1s interesar\u00e1n al p\u00fablico internacional?<\/strong><\/p>\n<p><strong>Bernhard Scholz:<\/strong> Lo verdaderamente m\u00e1s destacado son los numerosos testimonios de personas poco conocidas que se enfrentan a situaciones y retos dif\u00edciles o incluso dram\u00e1ticos en el d\u00eda a d\u00eda, como los problemas de los j\u00f3venes y las personas abandonadas en los suburbios, la enfermedad y la pobreza. Estas personas viven en muchos pa\u00edses diferentes: Uganda, Argentina, Estados Unidos, Ruman\u00eda, Rusia, Ucrania. Son personas que realmente tienen el \u201cvalor de decir &#8216;yo&#8217;\u201c. Adem\u00e1s de estos testimonios, podr\u00edan ser interesantes para el p\u00fablico internacional numerosos encuentros sobre educaci\u00f3n, sobre ciencia, en particular la neurociencia, sobre cultura y medios sociales, sobre el futuro de la democracia, sobre la transici\u00f3n ecol\u00f3gica, casi todos ellos con la participaci\u00f3n de personas de diferentes pa\u00edses.<\/p>\n<p><strong>Exaudi: La emergencia pand\u00e9mica a\u00fan no se ha resuelto. \u00bfQu\u00e9 efecto tendr\u00e1 en la organizaci\u00f3n del Encuentro de este a\u00f1o?<\/strong><\/p>\n<p><strong>Bernhard Scholz:<\/strong> El efecto m\u00e1s importante para los participantes es la necesidad de inscribirse a trav\u00e9s de la aplicaci\u00f3n <em>Meeting R\u00edmini<\/em>, que puede descargarse tanto para smartphones Android como iOS; tras introducir los datos, se genera un c\u00f3digo QR que se activa al introducir los datos del <em>Green Pass<\/em>. Aquellos que no dispongan de un <em>Green Pass<\/em> pueden reservar una prueba de COVID en la entrada del centro de exposiciones. Las mascarillas deben llevarse dentro del recinto ferial.<\/p>\n<p><strong>Exaudi: \u00bfC\u00f3mo encaja el <em>Meeting de R\u00edmini<\/em> en la historia del movimiento de Comuni\u00f3n y Liberaci\u00f3n (CL)? \u00bfY c\u00f3mo ha acompa\u00f1ado el Encuentro a la historia de CL?<\/strong><\/p>\n<p><strong>Bernhard Scholz:<\/strong> El <em>Meeting de R\u00edmini<\/em> es una iniciativa creada por los miembros de Comuni\u00f3n y Liberaci\u00f3n como una posibilidad de di\u00e1logo sobre los temas m\u00e1s importantes de nuestro tiempo y como una invitaci\u00f3n a disfrutar de la belleza del arte. Como ya he mencionado, la adhesi\u00f3n de los numerosos amigos que han creado este evento cada a\u00f1o es sin duda el origen de la acogida, la sensibilidad art\u00edstica y la aut\u00e9ntica curiosidad que caracterizan al evento. Al mismo tiempo, el Meeting ha puesto en la palestra y preocupaciones que el Movimiento ha puesto de relieve de diversas maneras a lo largo de su historia, como la educaci\u00f3n, el trabajo, la relaci\u00f3n entre fe y cultura, el di\u00e1logo entre religiones y culturas, las relaciones entre los cuerpos intermedios y el Estado, y muchas otras cuestiones relacionadas.<\/p>\n<p><strong>EXAUDI: Para todos aquellos que est\u00e9n interesados en formar parte de este evento y seguirlo, pero no puedan estar en R\u00edmini, \u00bfqu\u00e9 posibilidades hay de seguirlo a distancia?<\/strong><\/p>\n<p><strong>Bernhard Scholz:<\/strong> Se pueden seguir los encuentros y gran parte de las exposiciones por <em>streaming<\/em>. Todo estar\u00e1 disponible en directo en ingl\u00e9s y espa\u00f1ol. Algunas reuniones tambi\u00e9n se transmitir\u00e1n en directo por televisi\u00f3n y sitios <em>web<\/em> de noticias. Los detalles se encuentran en el programa de la p\u00e1gina <em>web<\/em>.<\/p>\n","protected":false},"excerpt":{"rendered":"<p>42\u00ba Meeting (encuentro) por la Amistad entre los Pueblos. Bernhard Scholz (presidente de la Fundaci\u00f3n del Meeting): \u201cCompartir las numerosas experiencias virtuosas que tuvieron lugar durante la pandemia\u201d<\/p>\n","protected":false},"author":3,"featured_media":30507,"comment_status":"closed","ping_status":"closed","sticky":false,"template":"","format":"standard","meta":{"_acf_changed":false,"_crdt_document":"","inline_featured_image":false,"footnotes":""},"categories":[108,298],"tags":[3740,3739,516,3738],"class_list":["post-30506","post","type-post","status-publish","format-standard","has-post-thumbnail","hentry","category-entrevistas","category-ultimas-noticias","tag-bernard-scholz","tag-comunion-y-liberacion","tag-italia","tag-meeting-de-rimini"],"acf":[],"yoast_head":"<!-- This site is optimized with the Yoast SEO plugin v27.5 - https:\/\/yoast.com\/product\/yoast-seo-wordpress\/ -->\n<title>Italia: El \u201csecreto\u201d del Meeting de R\u00edmini &#8211; Exaudi<\/title>\n<meta name=\"description\" content=\"Entrevista a Bernhard Scholz, organizador del Meeting de R\u00edmini, Italia, este a\u00f1o bajo el t\u00edtulo &quot;El coraje de decir &#039;yo&#039;&quot;\" \/>\n<meta name=\"robots\" content=\"index, follow, max-snippet:-1, max-image-preview:large, max-video-preview:-1\" \/>\n<link rel=\"canonical\" href=\"https:\/\/exaudi.org\/es\/italia-el-secreto-del-meeting-de-rimini\/\" \/>\n<meta property=\"og:locale\" content=\"es_ES\" \/>\n<meta property=\"og:type\" content=\"article\" \/>\n<meta property=\"og:title\" content=\"Italia: El \u201csecreto\u201d del Meeting de R\u00edmini &#8211; Exaudi\" \/>\n<meta property=\"og:description\" content=\"Entrevista a Bernhard Scholz, organizador del Meeting de R\u00edmini, Italia, este a\u00f1o bajo el t\u00edtulo &quot;El coraje de decir &#039;yo&#039;&quot;\" \/>\n<meta property=\"og:url\" content=\"https:\/\/exaudi.org\/es\/italia-el-secreto-del-meeting-de-rimini\/\" \/>\n<meta property=\"og:site_name\" content=\"Exaudi\" \/>\n<meta property=\"article:publisher\" content=\"https:\/\/www.facebook.com\/ExaudiNews\" \/>\n<meta property=\"article:published_time\" content=\"2021-08-19T05:30:44+00:00\" \/>\n<meta property=\"article:modified_time\" content=\"2021-08-22T11:16:22+00:00\" \/>\n<meta property=\"og:image\" content=\"https:\/\/exaudi.org\/wp-content\/uploads\/2021\/08\/Bernhard-Scholz-4-1.jpg\" \/>\n\t<meta property=\"og:image:width\" content=\"2400\" \/>\n\t<meta property=\"og:image:height\" content=\"1600\" \/>\n\t<meta property=\"og:image:type\" content=\"image\/jpeg\" \/>\n<meta name=\"author\" content=\"Deborah Castellano Lubov\" \/>\n<meta name=\"twitter:card\" content=\"summary_large_image\" \/>\n<meta name=\"twitter:creator\" content=\"@Exaudi_News\" \/>\n<meta name=\"twitter:site\" content=\"@Exaudi_News\" \/>\n<meta name=\"twitter:label1\" content=\"Escrito por\" \/>\n\t<meta name=\"twitter:data1\" content=\"Deborah Castellano Lubov\" \/>\n\t<meta name=\"twitter:label2\" content=\"Tiempo de lectura\" \/>\n\t<meta name=\"twitter:data2\" content=\"6 minutos\" \/>\n<script type=\"application\/ld+json\" class=\"yoast-schema-graph\">{\"@context\":\"https:\\\/\\\/schema.org\",\"@graph\":[{\"@type\":\"Article\",\"@id\":\"https:\\\/\\\/exaudi.org\\\/es\\\/italia-el-secreto-del-meeting-de-rimini\\\/#article\",\"isPartOf\":{\"@id\":\"https:\\\/\\\/exaudi.org\\\/es\\\/italia-el-secreto-del-meeting-de-rimini\\\/\"},\"author\":{\"name\":\"Deborah Castellano Lubov\",\"@id\":\"https:\\\/\\\/exaudi.org\\\/#\\\/schema\\\/person\\\/ca36230f63b85cb8badafaa15f06d602\"},\"headline\":\"Italia: El \u201csecreto\u201d del Meeting de R\u00edmini\",\"datePublished\":\"2021-08-19T05:30:44+00:00\",\"dateModified\":\"2021-08-22T11:16:22+00:00\",\"mainEntityOfPage\":{\"@id\":\"https:\\\/\\\/exaudi.org\\\/es\\\/italia-el-secreto-del-meeting-de-rimini\\\/\"},\"wordCount\":1422,\"image\":{\"@id\":\"https:\\\/\\\/exaudi.org\\\/es\\\/italia-el-secreto-del-meeting-de-rimini\\\/#primaryimage\"},\"thumbnailUrl\":\"https:\\\/\\\/exaudi.org\\\/wp-content\\\/uploads\\\/2021\\\/08\\\/Bernhard-Scholz-4-1.jpg\",\"keywords\":[\"Bernard Scholz\",\"Comuni\u00f3n y Liberaci\u00f3n\",\"Italia\",\"Meeting de R\u00edmini\"],\"articleSection\":[\"Entrevistas\",\"\u00daltimas noticias\"],\"inLanguage\":\"es\"},{\"@type\":\"WebPage\",\"@id\":\"https:\\\/\\\/exaudi.org\\\/es\\\/italia-el-secreto-del-meeting-de-rimini\\\/\",\"url\":\"https:\\\/\\\/exaudi.org\\\/es\\\/italia-el-secreto-del-meeting-de-rimini\\\/\",\"name\":\"Italia: El \u201csecreto\u201d del Meeting de R\u00edmini &#8211; Exaudi\",\"isPartOf\":{\"@id\":\"https:\\\/\\\/exaudi.org\\\/#website\"},\"primaryImageOfPage\":{\"@id\":\"https:\\\/\\\/exaudi.org\\\/es\\\/italia-el-secreto-del-meeting-de-rimini\\\/#primaryimage\"},\"image\":{\"@id\":\"https:\\\/\\\/exaudi.org\\\/es\\\/italia-el-secreto-del-meeting-de-rimini\\\/#primaryimage\"},\"thumbnailUrl\":\"https:\\\/\\\/exaudi.org\\\/wp-content\\\/uploads\\\/2021\\\/08\\\/Bernhard-Scholz-4-1.jpg\",\"datePublished\":\"2021-08-19T05:30:44+00:00\",\"dateModified\":\"2021-08-22T11:16:22+00:00\",\"author\":{\"@id\":\"https:\\\/\\\/exaudi.org\\\/#\\\/schema\\\/person\\\/ca36230f63b85cb8badafaa15f06d602\"},\"description\":\"Entrevista a Bernhard Scholz, organizador del Meeting de R\u00edmini, Italia, este a\u00f1o bajo el t\u00edtulo \\\"El coraje de decir 'yo'\\\"\",\"breadcrumb\":{\"@id\":\"https:\\\/\\\/exaudi.org\\\/es\\\/italia-el-secreto-del-meeting-de-rimini\\\/#breadcrumb\"},\"inLanguage\":\"es\",\"potentialAction\":[{\"@type\":\"ReadAction\",\"target\":[\"https:\\\/\\\/exaudi.org\\\/es\\\/italia-el-secreto-del-meeting-de-rimini\\\/\"]}]},{\"@type\":\"ImageObject\",\"inLanguage\":\"es\",\"@id\":\"https:\\\/\\\/exaudi.org\\\/es\\\/italia-el-secreto-del-meeting-de-rimini\\\/#primaryimage\",\"url\":\"https:\\\/\\\/exaudi.org\\\/wp-content\\\/uploads\\\/2021\\\/08\\\/Bernhard-Scholz-4-1.jpg\",\"contentUrl\":\"https:\\\/\\\/exaudi.org\\\/wp-content\\\/uploads\\\/2021\\\/08\\\/Bernhard-Scholz-4-1.jpg\",\"width\":2400,\"height\":1600,\"caption\":\"Bernhard-Scholz \u00a9 Meeting de R\u00edmini\"},{\"@type\":\"BreadcrumbList\",\"@id\":\"https:\\\/\\\/exaudi.org\\\/es\\\/italia-el-secreto-del-meeting-de-rimini\\\/#breadcrumb\",\"itemListElement\":[{\"@type\":\"ListItem\",\"position\":1,\"name\":\"Portada\",\"item\":\"https:\\\/\\\/exaudi.org\\\/es\\\/\"},{\"@type\":\"ListItem\",\"position\":2,\"name\":\"Italia: El \u201csecreto\u201d del Meeting de R\u00edmini\"}]},{\"@type\":\"WebSite\",\"@id\":\"https:\\\/\\\/exaudi.org\\\/#website\",\"url\":\"https:\\\/\\\/exaudi.org\\\/\",\"name\":\"Exaudi\",\"description\":\"News\",\"potentialAction\":[{\"@type\":\"SearchAction\",\"target\":{\"@type\":\"EntryPoint\",\"urlTemplate\":\"https:\\\/\\\/exaudi.org\\\/?s={search_term_string}\"},\"query-input\":{\"@type\":\"PropertyValueSpecification\",\"valueRequired\":true,\"valueName\":\"search_term_string\"}}],\"inLanguage\":\"es\"},{\"@type\":\"Person\",\"@id\":\"https:\\\/\\\/exaudi.org\\\/#\\\/schema\\\/person\\\/ca36230f63b85cb8badafaa15f06d602\",\"name\":\"Deborah Castellano Lubov\",\"image\":{\"@type\":\"ImageObject\",\"inLanguage\":\"es\",\"@id\":\"https:\\\/\\\/secure.gravatar.com\\\/avatar\\\/1634e49afca8a60560a6701011a51b43f0e7362f22afa1fa6c37dfb70bd8d6a8?s=96&d=mm&r=g\",\"url\":\"https:\\\/\\\/secure.gravatar.com\\\/avatar\\\/1634e49afca8a60560a6701011a51b43f0e7362f22afa1fa6c37dfb70bd8d6a8?s=96&d=mm&r=g\",\"contentUrl\":\"https:\\\/\\\/secure.gravatar.com\\\/avatar\\\/1634e49afca8a60560a6701011a51b43f0e7362f22afa1fa6c37dfb70bd8d6a8?s=96&d=mm&r=g\",\"caption\":\"Deborah Castellano Lubov\"},\"description\":\"Deborah Castellano Lubov is Editorial Director &amp; Senior Vatican &amp; Rome Correspondent for EXAUDI (&amp; Prior, for ZENIT); Author of 'The Other Francis' ('L'Altro Francesco') featuring interviews with those closest to the Pope and preface by Vatican Secretary of State Cardinal Parolin (currently published in 5 languages); Deborah is also NBC &amp; MSNBC Vatican Analyst. She often covers the Pope's travels abroad, often from the Papal Flight (including for historic trips such as to Abu Dhabi and Japan &amp; Thailand), and has also asked him questions on the return-flight press conference on behalf of the English-speaking press present. Lubov has done much TV &amp; radio commentary, including for NBC, Sky, EWTN, BBC, Vatican Radio, AP, Reuters and more. She also has contributed to various books on the Pope and has written for various Catholic publications. For 'The Other Francis': http:\\\/\\\/www.gracewing.co.uk\\\/page219.html or https:\\\/\\\/www.amazon.com\\\/Other-Francis-Everything-They-about\\\/dp\\\/0852449348\\\/\",\"url\":\"https:\\\/\\\/exaudi.org\\\/es\\\/author\\\/dlubovexaudi-org\\\/\"}]}<\/script>\n<!-- \/ Yoast SEO plugin. -->","yoast_head_json":{"title":"Italia: El \u201csecreto\u201d del Meeting de R\u00edmini &#8211; Exaudi","description":"Entrevista a Bernhard Scholz, organizador del Meeting de R\u00edmini, Italia, este a\u00f1o bajo el t\u00edtulo \"El coraje de decir 'yo'\"","robots":{"index":"index","follow":"follow","max-snippet":"max-snippet:-1","max-image-preview":"max-image-preview:large","max-video-preview":"max-video-preview:-1"},"canonical":"https:\/\/exaudi.org\/es\/italia-el-secreto-del-meeting-de-rimini\/","og_locale":"es_ES","og_type":"article","og_title":"Italia: El \u201csecreto\u201d del Meeting de R\u00edmini &#8211; Exaudi","og_description":"Entrevista a Bernhard Scholz, organizador del Meeting de R\u00edmini, Italia, este a\u00f1o bajo el t\u00edtulo \"El coraje de decir 'yo'\"","og_url":"https:\/\/exaudi.org\/es\/italia-el-secreto-del-meeting-de-rimini\/","og_site_name":"Exaudi","article_publisher":"https:\/\/www.facebook.com\/ExaudiNews","article_published_time":"2021-08-19T05:30:44+00:00","article_modified_time":"2021-08-22T11:16:22+00:00","og_image":[{"width":2400,"height":1600,"url":"https:\/\/exaudi.org\/wp-content\/uploads\/2021\/08\/Bernhard-Scholz-4-1.jpg","type":"image\/jpeg"}],"author":"Deborah Castellano Lubov","twitter_card":"summary_large_image","twitter_creator":"@Exaudi_News","twitter_site":"@Exaudi_News","twitter_misc":{"Escrito por":"Deborah Castellano Lubov","Tiempo de lectura":"6 minutos"},"schema":{"@context":"https:\/\/schema.org","@graph":[{"@type":"Article","@id":"https:\/\/exaudi.org\/es\/italia-el-secreto-del-meeting-de-rimini\/#article","isPartOf":{"@id":"https:\/\/exaudi.org\/es\/italia-el-secreto-del-meeting-de-rimini\/"},"author":{"name":"Deborah Castellano Lubov","@id":"https:\/\/exaudi.org\/#\/schema\/person\/ca36230f63b85cb8badafaa15f06d602"},"headline":"Italia: El \u201csecreto\u201d del Meeting de R\u00edmini","datePublished":"2021-08-19T05:30:44+00:00","dateModified":"2021-08-22T11:16:22+00:00","mainEntityOfPage":{"@id":"https:\/\/exaudi.org\/es\/italia-el-secreto-del-meeting-de-rimini\/"},"wordCount":1422,"image":{"@id":"https:\/\/exaudi.org\/es\/italia-el-secreto-del-meeting-de-rimini\/#primaryimage"},"thumbnailUrl":"https:\/\/exaudi.org\/wp-content\/uploads\/2021\/08\/Bernhard-Scholz-4-1.jpg","keywords":["Bernard Scholz","Comuni\u00f3n y Liberaci\u00f3n","Italia","Meeting de R\u00edmini"],"articleSection":["Entrevistas","\u00daltimas noticias"],"inLanguage":"es"},{"@type":"WebPage","@id":"https:\/\/exaudi.org\/es\/italia-el-secreto-del-meeting-de-rimini\/","url":"https:\/\/exaudi.org\/es\/italia-el-secreto-del-meeting-de-rimini\/","name":"Italia: El \u201csecreto\u201d del Meeting de R\u00edmini &#8211; Exaudi","isPartOf":{"@id":"https:\/\/exaudi.org\/#website"},"primaryImageOfPage":{"@id":"https:\/\/exaudi.org\/es\/italia-el-secreto-del-meeting-de-rimini\/#primaryimage"},"image":{"@id":"https:\/\/exaudi.org\/es\/italia-el-secreto-del-meeting-de-rimini\/#primaryimage"},"thumbnailUrl":"https:\/\/exaudi.org\/wp-content\/uploads\/2021\/08\/Bernhard-Scholz-4-1.jpg","datePublished":"2021-08-19T05:30:44+00:00","dateModified":"2021-08-22T11:16:22+00:00","author":{"@id":"https:\/\/exaudi.org\/#\/schema\/person\/ca36230f63b85cb8badafaa15f06d602"},"description":"Entrevista a Bernhard Scholz, organizador del Meeting de R\u00edmini, Italia, este a\u00f1o bajo el t\u00edtulo \"El coraje de decir 'yo'\"","breadcrumb":{"@id":"https:\/\/exaudi.org\/es\/italia-el-secreto-del-meeting-de-rimini\/#breadcrumb"},"inLanguage":"es","potentialAction":[{"@type":"ReadAction","target":["https:\/\/exaudi.org\/es\/italia-el-secreto-del-meeting-de-rimini\/"]}]},{"@type":"ImageObject","inLanguage":"es","@id":"https:\/\/exaudi.org\/es\/italia-el-secreto-del-meeting-de-rimini\/#primaryimage","url":"https:\/\/exaudi.org\/wp-content\/uploads\/2021\/08\/Bernhard-Scholz-4-1.jpg","contentUrl":"https:\/\/exaudi.org\/wp-content\/uploads\/2021\/08\/Bernhard-Scholz-4-1.jpg","width":2400,"height":1600,"caption":"Bernhard-Scholz \u00a9 Meeting de R\u00edmini"},{"@type":"BreadcrumbList","@id":"https:\/\/exaudi.org\/es\/italia-el-secreto-del-meeting-de-rimini\/#breadcrumb","itemListElement":[{"@type":"ListItem","position":1,"name":"Portada","item":"https:\/\/exaudi.org\/es\/"},{"@type":"ListItem","position":2,"name":"Italia: El \u201csecreto\u201d del Meeting de R\u00edmini"}]},{"@type":"WebSite","@id":"https:\/\/exaudi.org\/#website","url":"https:\/\/exaudi.org\/","name":"Exaudi","description":"News","potentialAction":[{"@type":"SearchAction","target":{"@type":"EntryPoint","urlTemplate":"https:\/\/exaudi.org\/?s={search_term_string}"},"query-input":{"@type":"PropertyValueSpecification","valueRequired":true,"valueName":"search_term_string"}}],"inLanguage":"es"},{"@type":"Person","@id":"https:\/\/exaudi.org\/#\/schema\/person\/ca36230f63b85cb8badafaa15f06d602","name":"Deborah Castellano Lubov","image":{"@type":"ImageObject","inLanguage":"es","@id":"https:\/\/secure.gravatar.com\/avatar\/1634e49afca8a60560a6701011a51b43f0e7362f22afa1fa6c37dfb70bd8d6a8?s=96&d=mm&r=g","url":"https:\/\/secure.gravatar.com\/avatar\/1634e49afca8a60560a6701011a51b43f0e7362f22afa1fa6c37dfb70bd8d6a8?s=96&d=mm&r=g","contentUrl":"https:\/\/secure.gravatar.com\/avatar\/1634e49afca8a60560a6701011a51b43f0e7362f22afa1fa6c37dfb70bd8d6a8?s=96&d=mm&r=g","caption":"Deborah Castellano Lubov"},"description":"Deborah Castellano Lubov is Editorial Director &amp; Senior Vatican &amp; Rome Correspondent for EXAUDI (&amp; Prior, for ZENIT); Author of 'The Other Francis' ('L'Altro Francesco') featuring interviews with those closest to the Pope and preface by Vatican Secretary of State Cardinal Parolin (currently published in 5 languages); Deborah is also NBC &amp; MSNBC Vatican Analyst. She often covers the Pope's travels abroad, often from the Papal Flight (including for historic trips such as to Abu Dhabi and Japan &amp; Thailand), and has also asked him questions on the return-flight press conference on behalf of the English-speaking press present. Lubov has done much TV &amp; radio commentary, including for NBC, Sky, EWTN, BBC, Vatican Radio, AP, Reuters and more. She also has contributed to various books on the Pope and has written for various Catholic publications. For 'The Other Francis': http:\/\/www.gracewing.co.uk\/page219.html or https:\/\/www.amazon.com\/Other-Francis-Everything-They-about\/dp\/0852449348\/","url":"https:\/\/exaudi.org\/es\/author\/dlubovexaudi-org\/"}]}},"jetpack_featured_media_url":"https:\/\/exaudi.org\/wp-content\/uploads\/2021\/08\/Bernhard-Scholz-4-1.jpg","jetpack_shortlink":"https:\/\/wp.me\/pgKjF2-7W2","_links":{"self":[{"href":"https:\/\/exaudi.org\/es\/wp-json\/wp\/v2\/posts\/30506","targetHints":{"allow":["GET"]}}],"collection":[{"href":"https:\/\/exaudi.org\/es\/wp-json\/wp\/v2\/posts"}],"about":[{"href":"https:\/\/exaudi.org\/es\/wp-json\/wp\/v2\/types\/post"}],"author":[{"embeddable":true,"href":"https:\/\/exaudi.org\/es\/wp-json\/wp\/v2\/users\/3"}],"replies":[{"embeddable":true,"href":"https:\/\/exaudi.org\/es\/wp-json\/wp\/v2\/comments?post=30506"}],"version-history":[{"count":0,"href":"https:\/\/exaudi.org\/es\/wp-json\/wp\/v2\/posts\/30506\/revisions"}],"wp:featuredmedia":[{"embeddable":true,"href":"https:\/\/exaudi.org\/es\/wp-json\/wp\/v2\/media\/30507"}],"wp:attachment":[{"href":"https:\/\/exaudi.org\/es\/wp-json\/wp\/v2\/media?parent=30506"}],"wp:term":[{"taxonomy":"category","embeddable":true,"href":"https:\/\/exaudi.org\/es\/wp-json\/wp\/v2\/categories?post=30506"},{"taxonomy":"post_tag","embeddable":true,"href":"https:\/\/exaudi.org\/es\/wp-json\/wp\/v2\/tags?post=30506"}],"curies":[{"name":"wp","href":"https:\/\/api.w.org\/{rel}","templated":true}]}}