{"id":30409,"date":"2021-08-18T09:52:25","date_gmt":"2021-08-18T07:52:25","guid":{"rendered":"https:\/\/exaudi.wpengine.com\/?p=30409"},"modified":"2021-08-19T17:06:21","modified_gmt":"2021-08-19T15:06:21","slug":"cual-es-el-papel-de-la-ley-san-pablo-responde","status":"publish","type":"post","link":"https:\/\/exaudi.org\/es\/cual-es-el-papel-de-la-ley-san-pablo-responde\/","title":{"rendered":"\u201c\u00bfCu\u00e1l es el papel de la Ley?\u201d, san Pablo responde"},"content":{"rendered":"<p>El Papa Francisco ha se\u00f1alado c\u00f3mo el ap\u00f3stol san Pablo ayuda en su Carta a los G\u00e1latas a responder a la pregunta \u201c\u00bfCu\u00e1l es el papel de la Ley?\u201d.<\/p>\n<p>En la audiencia general de hoy, 18 de agosto de 2021, celebrada en el Aula Pablo VI, el Santo Padre ha proseguido con el ciclo de <a href=\"https:\/\/exaudi.wpengine.com\/es\/gracia-vivir-hijos-de-dios-amor\/\" target=\"_blank\" rel=\"noopener\">catequesis<\/a> sobre la <a href=\"https:\/\/www.vatican.va\/archive\/ESL0506\/_PYT.HTM\" target=\"_blank\" rel=\"noopener\">Carta del Ap\u00f3stol Pablo a los G\u00e1latas<\/a>, centrada en este d\u00eda en el tema: \u201cEl valor propede\u00fatico de la Ley\u201d (Lectura: Gal 3,23-25).<\/p>\n<p><img loading=\"lazy\" decoding=\"async\" class=\"size-medium wp-image-30494 alignleft\" src=\"https:\/\/exaudi.wpengine.com\/wp-content\/uploads\/2021\/08\/cq5dam.web_.800.800-4-1-300x200.jpeg\" alt=\"\" width=\"300\" height=\"200\" srcset=\"https:\/\/exaudi.org\/wp-content\/uploads\/2021\/08\/cq5dam.web_.800.800-4-1-300x200.jpeg 300w, https:\/\/exaudi.org\/wp-content\/uploads\/2021\/08\/cq5dam.web_.800.800-4-1-768x512.jpeg 768w, https:\/\/exaudi.org\/wp-content\/uploads\/2021\/08\/cq5dam.web_.800.800-4-1-150x100.jpeg 150w, https:\/\/exaudi.org\/wp-content\/uploads\/2021\/08\/cq5dam.web_.800.800-4-1-696x464.jpeg 696w, https:\/\/exaudi.org\/wp-content\/uploads\/2021\/08\/cq5dam.web_.800.800-4-1-630x420.jpeg 630w, https:\/\/exaudi.org\/wp-content\/uploads\/2021\/08\/cq5dam.web_.800.800-4-1.jpeg 800w\" sizes=\"auto, (max-width: 300px) 100vw, 300px\" \/>Francisco explica que en su respuesta a la citada pregunta, el ap\u00f3stol Pablo, \u201cconsidera que hay dos tiempos en la Historia de la Salvaci\u00f3n y en la propia historia de cada uno\u201d. En un primer periodo \u201c\u00e9ramos como los ni\u00f1os, est\u00e1bamos dominados por las pasiones, la debilidad de la carne, y, por tanto, necesitados de un gu\u00eda, alguien que nos llevara y nos trajese, y nos \u00a0impidiera meternos en problemas. Ese era el papel de la Ley y su bondad\u201d. No obstante, san Pablo a\u00f1ade que la Ley, \u201cadem\u00e1s de sostenernos en este combate, tambi\u00e9n pone de manifiesto nuestro sometimiento\u201d.<\/p>\n<p>En un segundo periodo, prosigue el Papa, \u201cJes\u00fas nos ha librado del pecado y de la muerte con su muerte y resurrecci\u00f3n, y la Ley puede dejar paso a la libertad de los hijos de Dios, pues ya no estamos sometidos a ella\u201d. No obstante, subraya que \u201cesto implica un estilo de vida comprometido, en el que nos hacemos conscientes de la gracia de ser hijos de Dios, para vivir en el amor de forma adulta\u201d. De este modo, aclara el Pont\u00edfice, la Ley \u201cla Ley ya no es absoluta sino que los mandamientos nos ayudan, pero para vivir en la libertad, vivir en el Esp\u00edritu Santo\u201d.<\/p>\n<p>Por \u00faltimo, el Sucesor de Pedro salud\u00f3 a los fieles de lengua espa\u00f1ola, diciendo: \u201cLos animo a dejarse interpelar por esta pregunta que nos ha suscitado san Pablo: \u00bfEstamos todav\u00eda bajo la Ley o hemos alcanzado ya la madurez para abrazar con convicci\u00f3n a Jes\u00fas y al proyecto de amor que el Padre reserva para cada uno de nosotros?\u201d.<\/p>\n","protected":false},"excerpt":{"rendered":"<p>Resumen de sus palabras en espa\u00f1ol<\/p>\n","protected":false},"author":5,"featured_media":30446,"comment_status":"open","ping_status":"open","sticky":false,"template":"","format":"standard","meta":{"_acf_changed":false,"_crdt_document":"","inline_featured_image":false,"footnotes":""},"categories":[112,298],"tags":[179,3586,158,3122],"class_list":["post-30409","post","type-post","status-publish","format-standard","has-post-thumbnail","hentry","category-audiencia-general","category-ultimas-noticias","tag-audiencia-general","tag-carta-a-los-galatas","tag-papa-francisco","tag-san-pablo-es"],"acf":[],"yoast_head":"<!-- This site is optimized with the Yoast SEO plugin v27.5 - https:\/\/yoast.com\/product\/yoast-seo-wordpress\/ -->\n<title>\u201c\u00bfCu\u00e1l es el papel de la Ley?\u201d, san Pablo responde &#8211; Exaudi<\/title>\n<meta name=\"description\" content=\"El Papa ha se\u00f1alado c\u00f3mo el ap\u00f3stol san Pablo ayuda en su Carta a los G\u00e1latas a responder a la pregunta \u201c\u00bfCu\u00e1l es el papel de la Ley?\u201d.\" \/>\n<meta name=\"robots\" content=\"index, follow, max-snippet:-1, max-image-preview:large, max-video-preview:-1\" \/>\n<link rel=\"canonical\" href=\"https:\/\/exaudi.org\/es\/cual-es-el-papel-de-la-ley-san-pablo-responde\/\" \/>\n<meta property=\"og:locale\" content=\"es_ES\" \/>\n<meta property=\"og:type\" content=\"article\" \/>\n<meta property=\"og:title\" content=\"\u201c\u00bfCu\u00e1l es el papel de la Ley?\u201d, san Pablo responde &#8211; Exaudi\" \/>\n<meta property=\"og:description\" content=\"El Papa ha se\u00f1alado c\u00f3mo el ap\u00f3stol san Pablo ayuda en su Carta a los G\u00e1latas a responder a la pregunta \u201c\u00bfCu\u00e1l es el papel de la Ley?\u201d.\" \/>\n<meta property=\"og:url\" content=\"https:\/\/exaudi.org\/es\/cual-es-el-papel-de-la-ley-san-pablo-responde\/\" \/>\n<meta property=\"og:site_name\" content=\"Exaudi\" \/>\n<meta property=\"article:publisher\" content=\"https:\/\/www.facebook.com\/ExaudiNews\" \/>\n<meta property=\"article:published_time\" content=\"2021-08-18T07:52:25+00:00\" \/>\n<meta property=\"article:modified_time\" content=\"2021-08-19T15:06:21+00:00\" \/>\n<meta property=\"og:image\" content=\"https:\/\/exaudi.org\/wp-content\/uploads\/2021\/08\/SFO4416_050421--scaled.jpg\" \/>\n\t<meta property=\"og:image:width\" content=\"2560\" \/>\n\t<meta property=\"og:image:height\" content=\"1706\" \/>\n\t<meta property=\"og:image:type\" content=\"image\/jpeg\" \/>\n<meta name=\"author\" content=\"Larissa I. L\u00f3pez\" \/>\n<meta name=\"twitter:card\" content=\"summary_large_image\" \/>\n<meta name=\"twitter:creator\" content=\"@Exaudi_News\" \/>\n<meta name=\"twitter:site\" content=\"@Exaudi_News\" \/>\n<meta name=\"twitter:label1\" content=\"Escrito por\" \/>\n\t<meta name=\"twitter:data1\" content=\"Larissa I. L\u00f3pez\" \/>\n\t<meta name=\"twitter:label2\" content=\"Tiempo de lectura\" \/>\n\t<meta name=\"twitter:data2\" content=\"2 minutos\" \/>\n<script type=\"application\/ld+json\" class=\"yoast-schema-graph\">{\"@context\":\"https:\\\/\\\/schema.org\",\"@graph\":[{\"@type\":\"Article\",\"@id\":\"https:\\\/\\\/exaudi.org\\\/es\\\/cual-es-el-papel-de-la-ley-san-pablo-responde\\\/#article\",\"isPartOf\":{\"@id\":\"https:\\\/\\\/exaudi.org\\\/es\\\/cual-es-el-papel-de-la-ley-san-pablo-responde\\\/\"},\"author\":{\"name\":\"Larissa I. L\u00f3pez\",\"@id\":\"https:\\\/\\\/exaudi.org\\\/#\\\/schema\\\/person\\\/7d2f77db033c2c0929edfab6dbe8c588\"},\"headline\":\"\u201c\u00bfCu\u00e1l es el papel de la Ley?\u201d, san Pablo responde\",\"datePublished\":\"2021-08-18T07:52:25+00:00\",\"dateModified\":\"2021-08-19T15:06:21+00:00\",\"mainEntityOfPage\":{\"@id\":\"https:\\\/\\\/exaudi.org\\\/es\\\/cual-es-el-papel-de-la-ley-san-pablo-responde\\\/\"},\"wordCount\":381,\"commentCount\":0,\"image\":{\"@id\":\"https:\\\/\\\/exaudi.org\\\/es\\\/cual-es-el-papel-de-la-ley-san-pablo-responde\\\/#primaryimage\"},\"thumbnailUrl\":\"https:\\\/\\\/exaudi.org\\\/wp-content\\\/uploads\\\/2021\\\/08\\\/SFO4416_050421--scaled.jpg\",\"keywords\":[\"audiencia general\",\"Carta a los G\u00e1latas\",\"papa francisco\",\"San Pablo\"],\"articleSection\":[\"Audiencia General\",\"\u00daltimas noticias\"],\"inLanguage\":\"es\",\"potentialAction\":[{\"@type\":\"CommentAction\",\"name\":\"Comment\",\"target\":[\"https:\\\/\\\/exaudi.org\\\/es\\\/cual-es-el-papel-de-la-ley-san-pablo-responde\\\/#respond\"]}]},{\"@type\":\"WebPage\",\"@id\":\"https:\\\/\\\/exaudi.org\\\/es\\\/cual-es-el-papel-de-la-ley-san-pablo-responde\\\/\",\"url\":\"https:\\\/\\\/exaudi.org\\\/es\\\/cual-es-el-papel-de-la-ley-san-pablo-responde\\\/\",\"name\":\"\u201c\u00bfCu\u00e1l es el papel de la Ley?\u201d, san Pablo responde &#8211; Exaudi\",\"isPartOf\":{\"@id\":\"https:\\\/\\\/exaudi.org\\\/#website\"},\"primaryImageOfPage\":{\"@id\":\"https:\\\/\\\/exaudi.org\\\/es\\\/cual-es-el-papel-de-la-ley-san-pablo-responde\\\/#primaryimage\"},\"image\":{\"@id\":\"https:\\\/\\\/exaudi.org\\\/es\\\/cual-es-el-papel-de-la-ley-san-pablo-responde\\\/#primaryimage\"},\"thumbnailUrl\":\"https:\\\/\\\/exaudi.org\\\/wp-content\\\/uploads\\\/2021\\\/08\\\/SFO4416_050421--scaled.jpg\",\"datePublished\":\"2021-08-18T07:52:25+00:00\",\"dateModified\":\"2021-08-19T15:06:21+00:00\",\"author\":{\"@id\":\"https:\\\/\\\/exaudi.org\\\/#\\\/schema\\\/person\\\/7d2f77db033c2c0929edfab6dbe8c588\"},\"description\":\"El Papa ha se\u00f1alado c\u00f3mo el ap\u00f3stol san Pablo ayuda en su Carta a los G\u00e1latas a responder a la pregunta \u201c\u00bfCu\u00e1l es el papel de la Ley?\u201d.\",\"breadcrumb\":{\"@id\":\"https:\\\/\\\/exaudi.org\\\/es\\\/cual-es-el-papel-de-la-ley-san-pablo-responde\\\/#breadcrumb\"},\"inLanguage\":\"es\",\"potentialAction\":[{\"@type\":\"ReadAction\",\"target\":[\"https:\\\/\\\/exaudi.org\\\/es\\\/cual-es-el-papel-de-la-ley-san-pablo-responde\\\/\"]}]},{\"@type\":\"ImageObject\",\"inLanguage\":\"es\",\"@id\":\"https:\\\/\\\/exaudi.org\\\/es\\\/cual-es-el-papel-de-la-ley-san-pablo-responde\\\/#primaryimage\",\"url\":\"https:\\\/\\\/exaudi.org\\\/wp-content\\\/uploads\\\/2021\\\/08\\\/SFO4416_050421--scaled.jpg\",\"contentUrl\":\"https:\\\/\\\/exaudi.org\\\/wp-content\\\/uploads\\\/2021\\\/08\\\/SFO4416_050421--scaled.jpg\",\"width\":2560,\"height\":1706,\"caption\":\"Audiencia general, 18 agosto 2021 \u00a9 Vatican Media\"},{\"@type\":\"BreadcrumbList\",\"@id\":\"https:\\\/\\\/exaudi.org\\\/es\\\/cual-es-el-papel-de-la-ley-san-pablo-responde\\\/#breadcrumb\",\"itemListElement\":[{\"@type\":\"ListItem\",\"position\":1,\"name\":\"Portada\",\"item\":\"https:\\\/\\\/exaudi.org\\\/es\\\/\"},{\"@type\":\"ListItem\",\"position\":2,\"name\":\"\u201c\u00bfCu\u00e1l es el papel de la Ley?\u201d, san Pablo responde\"}]},{\"@type\":\"WebSite\",\"@id\":\"https:\\\/\\\/exaudi.org\\\/#website\",\"url\":\"https:\\\/\\\/exaudi.org\\\/\",\"name\":\"Exaudi\",\"description\":\"News\",\"potentialAction\":[{\"@type\":\"SearchAction\",\"target\":{\"@type\":\"EntryPoint\",\"urlTemplate\":\"https:\\\/\\\/exaudi.org\\\/?s={search_term_string}\"},\"query-input\":{\"@type\":\"PropertyValueSpecification\",\"valueRequired\":true,\"valueName\":\"search_term_string\"}}],\"inLanguage\":\"es\"},{\"@type\":\"Person\",\"@id\":\"https:\\\/\\\/exaudi.org\\\/#\\\/schema\\\/person\\\/7d2f77db033c2c0929edfab6dbe8c588\",\"name\":\"Larissa I. L\u00f3pez\",\"image\":{\"@type\":\"ImageObject\",\"inLanguage\":\"es\",\"@id\":\"https:\\\/\\\/secure.gravatar.com\\\/avatar\\\/db3ef399ff343d0bb9d25dc5198bc8ece5ac6d621eca79876697a354dabc1e3f?s=96&d=mm&r=g\",\"url\":\"https:\\\/\\\/secure.gravatar.com\\\/avatar\\\/db3ef399ff343d0bb9d25dc5198bc8ece5ac6d621eca79876697a354dabc1e3f?s=96&d=mm&r=g\",\"contentUrl\":\"https:\\\/\\\/secure.gravatar.com\\\/avatar\\\/db3ef399ff343d0bb9d25dc5198bc8ece5ac6d621eca79876697a354dabc1e3f?s=96&d=mm&r=g\",\"caption\":\"Larissa I. L\u00f3pez\"},\"description\":\"Doctora en Comunicaci\u00f3n. Mi trayectoria profesional ha transcurrido entre el \u00e1mbito de la comunicaci\u00f3n y el de la docencia. En los \u00faltimos a\u00f1os, he trabajado como coordinadora y redactora de la edici\u00f3n de ZENIT en espa\u00f1ol. Como profesora, he impartido clases en la universidad y en centros de FP y bachillerato. Cordobesa de nacimiento, tambi\u00e9n he vivido en Sevilla, Madrid y Roma\",\"url\":\"https:\\\/\\\/exaudi.org\\\/es\\\/author\\\/llopezexaudi-org\\\/\"}]}<\/script>\n<!-- \/ Yoast SEO plugin. -->","yoast_head_json":{"title":"\u201c\u00bfCu\u00e1l es el papel de la Ley?\u201d, san Pablo responde &#8211; Exaudi","description":"El Papa ha se\u00f1alado c\u00f3mo el ap\u00f3stol san Pablo ayuda en su Carta a los G\u00e1latas a responder a la pregunta \u201c\u00bfCu\u00e1l es el papel de la Ley?\u201d.","robots":{"index":"index","follow":"follow","max-snippet":"max-snippet:-1","max-image-preview":"max-image-preview:large","max-video-preview":"max-video-preview:-1"},"canonical":"https:\/\/exaudi.org\/es\/cual-es-el-papel-de-la-ley-san-pablo-responde\/","og_locale":"es_ES","og_type":"article","og_title":"\u201c\u00bfCu\u00e1l es el papel de la Ley?\u201d, san Pablo responde &#8211; Exaudi","og_description":"El Papa ha se\u00f1alado c\u00f3mo el ap\u00f3stol san Pablo ayuda en su Carta a los G\u00e1latas a responder a la pregunta \u201c\u00bfCu\u00e1l es el papel de la Ley?\u201d.","og_url":"https:\/\/exaudi.org\/es\/cual-es-el-papel-de-la-ley-san-pablo-responde\/","og_site_name":"Exaudi","article_publisher":"https:\/\/www.facebook.com\/ExaudiNews","article_published_time":"2021-08-18T07:52:25+00:00","article_modified_time":"2021-08-19T15:06:21+00:00","og_image":[{"width":2560,"height":1706,"url":"https:\/\/exaudi.org\/wp-content\/uploads\/2021\/08\/SFO4416_050421--scaled.jpg","type":"image\/jpeg"}],"author":"Larissa I. L\u00f3pez","twitter_card":"summary_large_image","twitter_creator":"@Exaudi_News","twitter_site":"@Exaudi_News","twitter_misc":{"Escrito por":"Larissa I. L\u00f3pez","Tiempo de lectura":"2 minutos"},"schema":{"@context":"https:\/\/schema.org","@graph":[{"@type":"Article","@id":"https:\/\/exaudi.org\/es\/cual-es-el-papel-de-la-ley-san-pablo-responde\/#article","isPartOf":{"@id":"https:\/\/exaudi.org\/es\/cual-es-el-papel-de-la-ley-san-pablo-responde\/"},"author":{"name":"Larissa I. L\u00f3pez","@id":"https:\/\/exaudi.org\/#\/schema\/person\/7d2f77db033c2c0929edfab6dbe8c588"},"headline":"\u201c\u00bfCu\u00e1l es el papel de la Ley?\u201d, san Pablo responde","datePublished":"2021-08-18T07:52:25+00:00","dateModified":"2021-08-19T15:06:21+00:00","mainEntityOfPage":{"@id":"https:\/\/exaudi.org\/es\/cual-es-el-papel-de-la-ley-san-pablo-responde\/"},"wordCount":381,"commentCount":0,"image":{"@id":"https:\/\/exaudi.org\/es\/cual-es-el-papel-de-la-ley-san-pablo-responde\/#primaryimage"},"thumbnailUrl":"https:\/\/exaudi.org\/wp-content\/uploads\/2021\/08\/SFO4416_050421--scaled.jpg","keywords":["audiencia general","Carta a los G\u00e1latas","papa francisco","San Pablo"],"articleSection":["Audiencia General","\u00daltimas noticias"],"inLanguage":"es","potentialAction":[{"@type":"CommentAction","name":"Comment","target":["https:\/\/exaudi.org\/es\/cual-es-el-papel-de-la-ley-san-pablo-responde\/#respond"]}]},{"@type":"WebPage","@id":"https:\/\/exaudi.org\/es\/cual-es-el-papel-de-la-ley-san-pablo-responde\/","url":"https:\/\/exaudi.org\/es\/cual-es-el-papel-de-la-ley-san-pablo-responde\/","name":"\u201c\u00bfCu\u00e1l es el papel de la Ley?\u201d, san Pablo responde &#8211; Exaudi","isPartOf":{"@id":"https:\/\/exaudi.org\/#website"},"primaryImageOfPage":{"@id":"https:\/\/exaudi.org\/es\/cual-es-el-papel-de-la-ley-san-pablo-responde\/#primaryimage"},"image":{"@id":"https:\/\/exaudi.org\/es\/cual-es-el-papel-de-la-ley-san-pablo-responde\/#primaryimage"},"thumbnailUrl":"https:\/\/exaudi.org\/wp-content\/uploads\/2021\/08\/SFO4416_050421--scaled.jpg","datePublished":"2021-08-18T07:52:25+00:00","dateModified":"2021-08-19T15:06:21+00:00","author":{"@id":"https:\/\/exaudi.org\/#\/schema\/person\/7d2f77db033c2c0929edfab6dbe8c588"},"description":"El Papa ha se\u00f1alado c\u00f3mo el ap\u00f3stol san Pablo ayuda en su Carta a los G\u00e1latas a responder a la pregunta \u201c\u00bfCu\u00e1l es el papel de la Ley?\u201d.","breadcrumb":{"@id":"https:\/\/exaudi.org\/es\/cual-es-el-papel-de-la-ley-san-pablo-responde\/#breadcrumb"},"inLanguage":"es","potentialAction":[{"@type":"ReadAction","target":["https:\/\/exaudi.org\/es\/cual-es-el-papel-de-la-ley-san-pablo-responde\/"]}]},{"@type":"ImageObject","inLanguage":"es","@id":"https:\/\/exaudi.org\/es\/cual-es-el-papel-de-la-ley-san-pablo-responde\/#primaryimage","url":"https:\/\/exaudi.org\/wp-content\/uploads\/2021\/08\/SFO4416_050421--scaled.jpg","contentUrl":"https:\/\/exaudi.org\/wp-content\/uploads\/2021\/08\/SFO4416_050421--scaled.jpg","width":2560,"height":1706,"caption":"Audiencia general, 18 agosto 2021 \u00a9 Vatican Media"},{"@type":"BreadcrumbList","@id":"https:\/\/exaudi.org\/es\/cual-es-el-papel-de-la-ley-san-pablo-responde\/#breadcrumb","itemListElement":[{"@type":"ListItem","position":1,"name":"Portada","item":"https:\/\/exaudi.org\/es\/"},{"@type":"ListItem","position":2,"name":"\u201c\u00bfCu\u00e1l es el papel de la Ley?\u201d, san Pablo responde"}]},{"@type":"WebSite","@id":"https:\/\/exaudi.org\/#website","url":"https:\/\/exaudi.org\/","name":"Exaudi","description":"News","potentialAction":[{"@type":"SearchAction","target":{"@type":"EntryPoint","urlTemplate":"https:\/\/exaudi.org\/?s={search_term_string}"},"query-input":{"@type":"PropertyValueSpecification","valueRequired":true,"valueName":"search_term_string"}}],"inLanguage":"es"},{"@type":"Person","@id":"https:\/\/exaudi.org\/#\/schema\/person\/7d2f77db033c2c0929edfab6dbe8c588","name":"Larissa I. L\u00f3pez","image":{"@type":"ImageObject","inLanguage":"es","@id":"https:\/\/secure.gravatar.com\/avatar\/db3ef399ff343d0bb9d25dc5198bc8ece5ac6d621eca79876697a354dabc1e3f?s=96&d=mm&r=g","url":"https:\/\/secure.gravatar.com\/avatar\/db3ef399ff343d0bb9d25dc5198bc8ece5ac6d621eca79876697a354dabc1e3f?s=96&d=mm&r=g","contentUrl":"https:\/\/secure.gravatar.com\/avatar\/db3ef399ff343d0bb9d25dc5198bc8ece5ac6d621eca79876697a354dabc1e3f?s=96&d=mm&r=g","caption":"Larissa I. L\u00f3pez"},"description":"Doctora en Comunicaci\u00f3n. Mi trayectoria profesional ha transcurrido entre el \u00e1mbito de la comunicaci\u00f3n y el de la docencia. En los \u00faltimos a\u00f1os, he trabajado como coordinadora y redactora de la edici\u00f3n de ZENIT en espa\u00f1ol. Como profesora, he impartido clases en la universidad y en centros de FP y bachillerato. Cordobesa de nacimiento, tambi\u00e9n he vivido en Sevilla, Madrid y Roma","url":"https:\/\/exaudi.org\/es\/author\/llopezexaudi-org\/"}]}},"jetpack_featured_media_url":"https:\/\/exaudi.org\/wp-content\/uploads\/2021\/08\/SFO4416_050421--scaled.jpg","jetpack_shortlink":"https:\/\/wp.me\/pgKjF2-7Ut","_links":{"self":[{"href":"https:\/\/exaudi.org\/es\/wp-json\/wp\/v2\/posts\/30409","targetHints":{"allow":["GET"]}}],"collection":[{"href":"https:\/\/exaudi.org\/es\/wp-json\/wp\/v2\/posts"}],"about":[{"href":"https:\/\/exaudi.org\/es\/wp-json\/wp\/v2\/types\/post"}],"author":[{"embeddable":true,"href":"https:\/\/exaudi.org\/es\/wp-json\/wp\/v2\/users\/5"}],"replies":[{"embeddable":true,"href":"https:\/\/exaudi.org\/es\/wp-json\/wp\/v2\/comments?post=30409"}],"version-history":[{"count":0,"href":"https:\/\/exaudi.org\/es\/wp-json\/wp\/v2\/posts\/30409\/revisions"}],"wp:featuredmedia":[{"embeddable":true,"href":"https:\/\/exaudi.org\/es\/wp-json\/wp\/v2\/media\/30446"}],"wp:attachment":[{"href":"https:\/\/exaudi.org\/es\/wp-json\/wp\/v2\/media?parent=30409"}],"wp:term":[{"taxonomy":"category","embeddable":true,"href":"https:\/\/exaudi.org\/es\/wp-json\/wp\/v2\/categories?post=30409"},{"taxonomy":"post_tag","embeddable":true,"href":"https:\/\/exaudi.org\/es\/wp-json\/wp\/v2\/tags?post=30409"}],"curies":[{"name":"wp","href":"https:\/\/api.w.org\/{rel}","templated":true}]}}