{"id":30405,"date":"2021-08-18T08:50:53","date_gmt":"2021-08-18T06:50:53","guid":{"rendered":"https:\/\/exaudi.wpengine.com\/?p=30405"},"modified":"2021-08-19T11:38:05","modified_gmt":"2021-08-19T09:38:05","slug":"sudan-del-sur-pesame-papa-por-asesinato-de-2-religiosas","status":"publish","type":"post","link":"https:\/\/exaudi.org\/es\/sudan-del-sur-pesame-papa-por-asesinato-de-2-religiosas\/","title":{"rendered":"Sudan del Sur: P\u00e9same del Papa por asesinato de 2 religiosas"},"content":{"rendered":"<p>En un\u00a0telegrama de p\u00e9same\u00a0firmado por el <a href=\"https:\/\/exaudi.wpengine.com\/es\/cardenal-parolin-detener-el-conflicto-de-tierra-santa\/\" target=\"_blank\" rel=\"noopener\">cardenal Pietro Parolin<\/a>, secretario de Estado, el Papa Francisco se muestra \u201cprofundamente entristecido al conocer el ataque a un grupo de Religiosas de la Congregaci\u00f3n del Sagrado Coraz\u00f3n el pasado domingo, 15 de agosto de 2021, que provoc\u00f3 la muerte de sor Mar\u00eda Abud y sor Regina Roba\u201d.<\/p>\n<p>El Santo Padre expresa sus condolencias a las familias y a la comunidad religiosa \u201ctras este acto de violencia sin sentido\u201d. Y conf\u00eda en que su sacrificio \u201chaga avanzar la causa de la paz, la reconciliaci\u00f3n y la seguridad en la regi\u00f3n\u201d.<\/p>\n<p>Finalmente, la misiva indica que Francisco reza \u201cpor su eterno descanso y por el consuelo de los que lloran su p\u00e9rdida. Invocando sobre todos los participantes en la Misa de exequias cristianas el consuelo y la fuerza del se\u00f1or resucitado, vencedor del pecado y de la muerte\u201d e \u201cimparte cordialmente su bendici\u00f3n apost\u00f3lica\u201d.<\/p>\n<h4><strong>Los hechos<\/strong><\/h4>\n<p>Seg\u00fan informa Vatican News, el pasado 15 de agosto, sor Mar\u00eda y sor Regina fueron asesinadas en una emboscada en la carretera que une la capital sur sudanesa, Juba, con Nimule, en la frontera con Uganda. Las religiosas, junto con algunas hermanas y varios fieles, regresaban a Juba tras participar en la celebraci\u00f3n del centenario de la creaci\u00f3n de la parroquia de Loa, en la di\u00f3cesis de Torit, donde la iglesia est\u00e1 dedicada a Nuestra Se\u00f1ora de la Asunci\u00f3n.<\/p>\n<p>El autob\u00fas en el que se trasladaban fue asaltado por hombres armados. Como resultado del ataque, murieron la hermana Mar\u00eda, la hermana Regina y otras tres personas, de acuerdo a fuentes locales.<\/p>\n","protected":false},"excerpt":{"rendered":"<p>Sor Mar\u00eda Abud y sor Regina Roba<\/p>\n","protected":false},"author":5,"featured_media":30406,"comment_status":"open","ping_status":"open","sticky":false,"template":"","format":"standard","meta":{"_acf_changed":false,"_crdt_document":"","inline_featured_image":false,"footnotes":""},"categories":[68,298],"tags":[2025,3726,158,1971],"class_list":["post-30405","post","type-post","status-publish","format-standard","has-post-thumbnail","hentry","category-leon-xiv","category-ultimas-noticias","tag-asesinato","tag-congregacion-del-sagrado-corazon","tag-papa-francisco","tag-sudan-del-sur"],"acf":[],"yoast_head":"<!-- This site is optimized with the Yoast SEO plugin v27.5 - https:\/\/yoast.com\/product\/yoast-seo-wordpress\/ -->\n<title>Sudan del Sur: P\u00e9same del Papa por asesinato de 2 religiosas &#8211; Exaudi<\/title>\n<meta name=\"description\" content=\"Telegrama de p\u00e9same del Papa Francisco por la muerte de dos religiosas en Sud\u00e1n del Sur,\u00a0sor Mar\u00eda Abud y sor Regina Roba\" \/>\n<meta name=\"robots\" content=\"index, follow, max-snippet:-1, max-image-preview:large, max-video-preview:-1\" \/>\n<link rel=\"canonical\" href=\"https:\/\/exaudi.org\/es\/sudan-del-sur-pesame-papa-por-asesinato-de-2-religiosas\/\" \/>\n<meta property=\"og:locale\" content=\"es_ES\" \/>\n<meta property=\"og:type\" content=\"article\" \/>\n<meta property=\"og:title\" content=\"Sudan del Sur: P\u00e9same del Papa por asesinato de 2 religiosas &#8211; Exaudi\" \/>\n<meta property=\"og:description\" content=\"Telegrama de p\u00e9same del Papa Francisco por la muerte de dos religiosas en Sud\u00e1n del Sur,\u00a0sor Mar\u00eda Abud y sor Regina Roba\" \/>\n<meta property=\"og:url\" content=\"https:\/\/exaudi.org\/es\/sudan-del-sur-pesame-papa-por-asesinato-de-2-religiosas\/\" \/>\n<meta property=\"og:site_name\" content=\"Exaudi\" \/>\n<meta property=\"article:publisher\" content=\"https:\/\/www.facebook.com\/ExaudiNews\" \/>\n<meta property=\"article:published_time\" content=\"2021-08-18T06:50:53+00:00\" \/>\n<meta property=\"article:modified_time\" content=\"2021-08-19T09:38:05+00:00\" \/>\n<meta property=\"og:image\" content=\"https:\/\/exaudi.org\/wp-content\/uploads\/2021\/08\/Audiencia-general-4-de-agosto-2021.jpeg\" \/>\n\t<meta property=\"og:image:width\" content=\"800\" \/>\n\t<meta property=\"og:image:height\" content=\"533\" \/>\n\t<meta property=\"og:image:type\" content=\"image\/jpeg\" \/>\n<meta name=\"author\" content=\"Larissa I. L\u00f3pez\" \/>\n<meta name=\"twitter:card\" content=\"summary_large_image\" \/>\n<meta name=\"twitter:creator\" content=\"@Exaudi_News\" \/>\n<meta name=\"twitter:site\" content=\"@Exaudi_News\" \/>\n<meta name=\"twitter:label1\" content=\"Escrito por\" \/>\n\t<meta name=\"twitter:data1\" content=\"Larissa I. L\u00f3pez\" \/>\n\t<meta name=\"twitter:label2\" content=\"Tiempo de lectura\" \/>\n\t<meta name=\"twitter:data2\" content=\"2 minutos\" \/>\n<script type=\"application\/ld+json\" class=\"yoast-schema-graph\">{\"@context\":\"https:\\\/\\\/schema.org\",\"@graph\":[{\"@type\":\"Article\",\"@id\":\"https:\\\/\\\/exaudi.org\\\/es\\\/sudan-del-sur-pesame-papa-por-asesinato-de-2-religiosas\\\/#article\",\"isPartOf\":{\"@id\":\"https:\\\/\\\/exaudi.org\\\/es\\\/sudan-del-sur-pesame-papa-por-asesinato-de-2-religiosas\\\/\"},\"author\":{\"name\":\"Larissa I. L\u00f3pez\",\"@id\":\"https:\\\/\\\/exaudi.org\\\/#\\\/schema\\\/person\\\/7d2f77db033c2c0929edfab6dbe8c588\"},\"headline\":\"Sudan del Sur: P\u00e9same del Papa por asesinato de 2 religiosas\",\"datePublished\":\"2021-08-18T06:50:53+00:00\",\"dateModified\":\"2021-08-19T09:38:05+00:00\",\"mainEntityOfPage\":{\"@id\":\"https:\\\/\\\/exaudi.org\\\/es\\\/sudan-del-sur-pesame-papa-por-asesinato-de-2-religiosas\\\/\"},\"wordCount\":292,\"commentCount\":0,\"image\":{\"@id\":\"https:\\\/\\\/exaudi.org\\\/es\\\/sudan-del-sur-pesame-papa-por-asesinato-de-2-religiosas\\\/#primaryimage\"},\"thumbnailUrl\":\"https:\\\/\\\/exaudi.org\\\/wp-content\\\/uploads\\\/2021\\\/08\\\/Audiencia-general-4-de-agosto-2021.jpeg\",\"keywords\":[\"Asesinato\",\"Congregaci\u00f3n del Sagrado Coraz\u00f3n\",\"papa francisco\",\"Sud\u00e1n del Sur\"],\"articleSection\":[\"Le\u00f3n XIV\",\"\u00daltimas noticias\"],\"inLanguage\":\"es\",\"potentialAction\":[{\"@type\":\"CommentAction\",\"name\":\"Comment\",\"target\":[\"https:\\\/\\\/exaudi.org\\\/es\\\/sudan-del-sur-pesame-papa-por-asesinato-de-2-religiosas\\\/#respond\"]}]},{\"@type\":\"WebPage\",\"@id\":\"https:\\\/\\\/exaudi.org\\\/es\\\/sudan-del-sur-pesame-papa-por-asesinato-de-2-religiosas\\\/\",\"url\":\"https:\\\/\\\/exaudi.org\\\/es\\\/sudan-del-sur-pesame-papa-por-asesinato-de-2-religiosas\\\/\",\"name\":\"Sudan del Sur: P\u00e9same del Papa por asesinato de 2 religiosas &#8211; Exaudi\",\"isPartOf\":{\"@id\":\"https:\\\/\\\/exaudi.org\\\/#website\"},\"primaryImageOfPage\":{\"@id\":\"https:\\\/\\\/exaudi.org\\\/es\\\/sudan-del-sur-pesame-papa-por-asesinato-de-2-religiosas\\\/#primaryimage\"},\"image\":{\"@id\":\"https:\\\/\\\/exaudi.org\\\/es\\\/sudan-del-sur-pesame-papa-por-asesinato-de-2-religiosas\\\/#primaryimage\"},\"thumbnailUrl\":\"https:\\\/\\\/exaudi.org\\\/wp-content\\\/uploads\\\/2021\\\/08\\\/Audiencia-general-4-de-agosto-2021.jpeg\",\"datePublished\":\"2021-08-18T06:50:53+00:00\",\"dateModified\":\"2021-08-19T09:38:05+00:00\",\"author\":{\"@id\":\"https:\\\/\\\/exaudi.org\\\/#\\\/schema\\\/person\\\/7d2f77db033c2c0929edfab6dbe8c588\"},\"description\":\"Telegrama de p\u00e9same del Papa Francisco por la muerte de dos religiosas en Sud\u00e1n del Sur,\u00a0sor Mar\u00eda Abud y sor Regina Roba\",\"breadcrumb\":{\"@id\":\"https:\\\/\\\/exaudi.org\\\/es\\\/sudan-del-sur-pesame-papa-por-asesinato-de-2-religiosas\\\/#breadcrumb\"},\"inLanguage\":\"es\",\"potentialAction\":[{\"@type\":\"ReadAction\",\"target\":[\"https:\\\/\\\/exaudi.org\\\/es\\\/sudan-del-sur-pesame-papa-por-asesinato-de-2-religiosas\\\/\"]}]},{\"@type\":\"ImageObject\",\"inLanguage\":\"es\",\"@id\":\"https:\\\/\\\/exaudi.org\\\/es\\\/sudan-del-sur-pesame-papa-por-asesinato-de-2-religiosas\\\/#primaryimage\",\"url\":\"https:\\\/\\\/exaudi.org\\\/wp-content\\\/uploads\\\/2021\\\/08\\\/Audiencia-general-4-de-agosto-2021.jpeg\",\"contentUrl\":\"https:\\\/\\\/exaudi.org\\\/wp-content\\\/uploads\\\/2021\\\/08\\\/Audiencia-general-4-de-agosto-2021.jpeg\",\"width\":800,\"height\":533,\"caption\":\"Audiencia general, 4 de agosto 2021 \u00a9 Vatican Media\"},{\"@type\":\"BreadcrumbList\",\"@id\":\"https:\\\/\\\/exaudi.org\\\/es\\\/sudan-del-sur-pesame-papa-por-asesinato-de-2-religiosas\\\/#breadcrumb\",\"itemListElement\":[{\"@type\":\"ListItem\",\"position\":1,\"name\":\"Portada\",\"item\":\"https:\\\/\\\/exaudi.org\\\/es\\\/\"},{\"@type\":\"ListItem\",\"position\":2,\"name\":\"Sudan del Sur: P\u00e9same del Papa por asesinato de 2 religiosas\"}]},{\"@type\":\"WebSite\",\"@id\":\"https:\\\/\\\/exaudi.org\\\/#website\",\"url\":\"https:\\\/\\\/exaudi.org\\\/\",\"name\":\"Exaudi\",\"description\":\"News\",\"potentialAction\":[{\"@type\":\"SearchAction\",\"target\":{\"@type\":\"EntryPoint\",\"urlTemplate\":\"https:\\\/\\\/exaudi.org\\\/?s={search_term_string}\"},\"query-input\":{\"@type\":\"PropertyValueSpecification\",\"valueRequired\":true,\"valueName\":\"search_term_string\"}}],\"inLanguage\":\"es\"},{\"@type\":\"Person\",\"@id\":\"https:\\\/\\\/exaudi.org\\\/#\\\/schema\\\/person\\\/7d2f77db033c2c0929edfab6dbe8c588\",\"name\":\"Larissa I. L\u00f3pez\",\"image\":{\"@type\":\"ImageObject\",\"inLanguage\":\"es\",\"@id\":\"https:\\\/\\\/secure.gravatar.com\\\/avatar\\\/db3ef399ff343d0bb9d25dc5198bc8ece5ac6d621eca79876697a354dabc1e3f?s=96&d=mm&r=g\",\"url\":\"https:\\\/\\\/secure.gravatar.com\\\/avatar\\\/db3ef399ff343d0bb9d25dc5198bc8ece5ac6d621eca79876697a354dabc1e3f?s=96&d=mm&r=g\",\"contentUrl\":\"https:\\\/\\\/secure.gravatar.com\\\/avatar\\\/db3ef399ff343d0bb9d25dc5198bc8ece5ac6d621eca79876697a354dabc1e3f?s=96&d=mm&r=g\",\"caption\":\"Larissa I. L\u00f3pez\"},\"description\":\"Doctora en Comunicaci\u00f3n. Mi trayectoria profesional ha transcurrido entre el \u00e1mbito de la comunicaci\u00f3n y el de la docencia. En los \u00faltimos a\u00f1os, he trabajado como coordinadora y redactora de la edici\u00f3n de ZENIT en espa\u00f1ol. Como profesora, he impartido clases en la universidad y en centros de FP y bachillerato. Cordobesa de nacimiento, tambi\u00e9n he vivido en Sevilla, Madrid y Roma\",\"url\":\"https:\\\/\\\/exaudi.org\\\/es\\\/author\\\/llopezexaudi-org\\\/\"}]}<\/script>\n<!-- \/ Yoast SEO plugin. -->","yoast_head_json":{"title":"Sudan del Sur: P\u00e9same del Papa por asesinato de 2 religiosas &#8211; Exaudi","description":"Telegrama de p\u00e9same del Papa Francisco por la muerte de dos religiosas en Sud\u00e1n del Sur,\u00a0sor Mar\u00eda Abud y sor Regina Roba","robots":{"index":"index","follow":"follow","max-snippet":"max-snippet:-1","max-image-preview":"max-image-preview:large","max-video-preview":"max-video-preview:-1"},"canonical":"https:\/\/exaudi.org\/es\/sudan-del-sur-pesame-papa-por-asesinato-de-2-religiosas\/","og_locale":"es_ES","og_type":"article","og_title":"Sudan del Sur: P\u00e9same del Papa por asesinato de 2 religiosas &#8211; Exaudi","og_description":"Telegrama de p\u00e9same del Papa Francisco por la muerte de dos religiosas en Sud\u00e1n del Sur,\u00a0sor Mar\u00eda Abud y sor Regina Roba","og_url":"https:\/\/exaudi.org\/es\/sudan-del-sur-pesame-papa-por-asesinato-de-2-religiosas\/","og_site_name":"Exaudi","article_publisher":"https:\/\/www.facebook.com\/ExaudiNews","article_published_time":"2021-08-18T06:50:53+00:00","article_modified_time":"2021-08-19T09:38:05+00:00","og_image":[{"width":800,"height":533,"url":"https:\/\/exaudi.org\/wp-content\/uploads\/2021\/08\/Audiencia-general-4-de-agosto-2021.jpeg","type":"image\/jpeg"}],"author":"Larissa I. L\u00f3pez","twitter_card":"summary_large_image","twitter_creator":"@Exaudi_News","twitter_site":"@Exaudi_News","twitter_misc":{"Escrito por":"Larissa I. L\u00f3pez","Tiempo de lectura":"2 minutos"},"schema":{"@context":"https:\/\/schema.org","@graph":[{"@type":"Article","@id":"https:\/\/exaudi.org\/es\/sudan-del-sur-pesame-papa-por-asesinato-de-2-religiosas\/#article","isPartOf":{"@id":"https:\/\/exaudi.org\/es\/sudan-del-sur-pesame-papa-por-asesinato-de-2-religiosas\/"},"author":{"name":"Larissa I. L\u00f3pez","@id":"https:\/\/exaudi.org\/#\/schema\/person\/7d2f77db033c2c0929edfab6dbe8c588"},"headline":"Sudan del Sur: P\u00e9same del Papa por asesinato de 2 religiosas","datePublished":"2021-08-18T06:50:53+00:00","dateModified":"2021-08-19T09:38:05+00:00","mainEntityOfPage":{"@id":"https:\/\/exaudi.org\/es\/sudan-del-sur-pesame-papa-por-asesinato-de-2-religiosas\/"},"wordCount":292,"commentCount":0,"image":{"@id":"https:\/\/exaudi.org\/es\/sudan-del-sur-pesame-papa-por-asesinato-de-2-religiosas\/#primaryimage"},"thumbnailUrl":"https:\/\/exaudi.org\/wp-content\/uploads\/2021\/08\/Audiencia-general-4-de-agosto-2021.jpeg","keywords":["Asesinato","Congregaci\u00f3n del Sagrado Coraz\u00f3n","papa francisco","Sud\u00e1n del Sur"],"articleSection":["Le\u00f3n XIV","\u00daltimas noticias"],"inLanguage":"es","potentialAction":[{"@type":"CommentAction","name":"Comment","target":["https:\/\/exaudi.org\/es\/sudan-del-sur-pesame-papa-por-asesinato-de-2-religiosas\/#respond"]}]},{"@type":"WebPage","@id":"https:\/\/exaudi.org\/es\/sudan-del-sur-pesame-papa-por-asesinato-de-2-religiosas\/","url":"https:\/\/exaudi.org\/es\/sudan-del-sur-pesame-papa-por-asesinato-de-2-religiosas\/","name":"Sudan del Sur: P\u00e9same del Papa por asesinato de 2 religiosas &#8211; Exaudi","isPartOf":{"@id":"https:\/\/exaudi.org\/#website"},"primaryImageOfPage":{"@id":"https:\/\/exaudi.org\/es\/sudan-del-sur-pesame-papa-por-asesinato-de-2-religiosas\/#primaryimage"},"image":{"@id":"https:\/\/exaudi.org\/es\/sudan-del-sur-pesame-papa-por-asesinato-de-2-religiosas\/#primaryimage"},"thumbnailUrl":"https:\/\/exaudi.org\/wp-content\/uploads\/2021\/08\/Audiencia-general-4-de-agosto-2021.jpeg","datePublished":"2021-08-18T06:50:53+00:00","dateModified":"2021-08-19T09:38:05+00:00","author":{"@id":"https:\/\/exaudi.org\/#\/schema\/person\/7d2f77db033c2c0929edfab6dbe8c588"},"description":"Telegrama de p\u00e9same del Papa Francisco por la muerte de dos religiosas en Sud\u00e1n del Sur,\u00a0sor Mar\u00eda Abud y sor Regina Roba","breadcrumb":{"@id":"https:\/\/exaudi.org\/es\/sudan-del-sur-pesame-papa-por-asesinato-de-2-religiosas\/#breadcrumb"},"inLanguage":"es","potentialAction":[{"@type":"ReadAction","target":["https:\/\/exaudi.org\/es\/sudan-del-sur-pesame-papa-por-asesinato-de-2-religiosas\/"]}]},{"@type":"ImageObject","inLanguage":"es","@id":"https:\/\/exaudi.org\/es\/sudan-del-sur-pesame-papa-por-asesinato-de-2-religiosas\/#primaryimage","url":"https:\/\/exaudi.org\/wp-content\/uploads\/2021\/08\/Audiencia-general-4-de-agosto-2021.jpeg","contentUrl":"https:\/\/exaudi.org\/wp-content\/uploads\/2021\/08\/Audiencia-general-4-de-agosto-2021.jpeg","width":800,"height":533,"caption":"Audiencia general, 4 de agosto 2021 \u00a9 Vatican Media"},{"@type":"BreadcrumbList","@id":"https:\/\/exaudi.org\/es\/sudan-del-sur-pesame-papa-por-asesinato-de-2-religiosas\/#breadcrumb","itemListElement":[{"@type":"ListItem","position":1,"name":"Portada","item":"https:\/\/exaudi.org\/es\/"},{"@type":"ListItem","position":2,"name":"Sudan del Sur: P\u00e9same del Papa por asesinato de 2 religiosas"}]},{"@type":"WebSite","@id":"https:\/\/exaudi.org\/#website","url":"https:\/\/exaudi.org\/","name":"Exaudi","description":"News","potentialAction":[{"@type":"SearchAction","target":{"@type":"EntryPoint","urlTemplate":"https:\/\/exaudi.org\/?s={search_term_string}"},"query-input":{"@type":"PropertyValueSpecification","valueRequired":true,"valueName":"search_term_string"}}],"inLanguage":"es"},{"@type":"Person","@id":"https:\/\/exaudi.org\/#\/schema\/person\/7d2f77db033c2c0929edfab6dbe8c588","name":"Larissa I. L\u00f3pez","image":{"@type":"ImageObject","inLanguage":"es","@id":"https:\/\/secure.gravatar.com\/avatar\/db3ef399ff343d0bb9d25dc5198bc8ece5ac6d621eca79876697a354dabc1e3f?s=96&d=mm&r=g","url":"https:\/\/secure.gravatar.com\/avatar\/db3ef399ff343d0bb9d25dc5198bc8ece5ac6d621eca79876697a354dabc1e3f?s=96&d=mm&r=g","contentUrl":"https:\/\/secure.gravatar.com\/avatar\/db3ef399ff343d0bb9d25dc5198bc8ece5ac6d621eca79876697a354dabc1e3f?s=96&d=mm&r=g","caption":"Larissa I. L\u00f3pez"},"description":"Doctora en Comunicaci\u00f3n. Mi trayectoria profesional ha transcurrido entre el \u00e1mbito de la comunicaci\u00f3n y el de la docencia. En los \u00faltimos a\u00f1os, he trabajado como coordinadora y redactora de la edici\u00f3n de ZENIT en espa\u00f1ol. Como profesora, he impartido clases en la universidad y en centros de FP y bachillerato. Cordobesa de nacimiento, tambi\u00e9n he vivido en Sevilla, Madrid y Roma","url":"https:\/\/exaudi.org\/es\/author\/llopezexaudi-org\/"}]}},"jetpack_featured_media_url":"https:\/\/exaudi.org\/wp-content\/uploads\/2021\/08\/Audiencia-general-4-de-agosto-2021.jpeg","jetpack_shortlink":"https:\/\/wp.me\/pgKjF2-7Up","_links":{"self":[{"href":"https:\/\/exaudi.org\/es\/wp-json\/wp\/v2\/posts\/30405","targetHints":{"allow":["GET"]}}],"collection":[{"href":"https:\/\/exaudi.org\/es\/wp-json\/wp\/v2\/posts"}],"about":[{"href":"https:\/\/exaudi.org\/es\/wp-json\/wp\/v2\/types\/post"}],"author":[{"embeddable":true,"href":"https:\/\/exaudi.org\/es\/wp-json\/wp\/v2\/users\/5"}],"replies":[{"embeddable":true,"href":"https:\/\/exaudi.org\/es\/wp-json\/wp\/v2\/comments?post=30405"}],"version-history":[{"count":0,"href":"https:\/\/exaudi.org\/es\/wp-json\/wp\/v2\/posts\/30405\/revisions"}],"wp:featuredmedia":[{"embeddable":true,"href":"https:\/\/exaudi.org\/es\/wp-json\/wp\/v2\/media\/30406"}],"wp:attachment":[{"href":"https:\/\/exaudi.org\/es\/wp-json\/wp\/v2\/media?parent=30405"}],"wp:term":[{"taxonomy":"category","embeddable":true,"href":"https:\/\/exaudi.org\/es\/wp-json\/wp\/v2\/categories?post=30405"},{"taxonomy":"post_tag","embeddable":true,"href":"https:\/\/exaudi.org\/es\/wp-json\/wp\/v2\/tags?post=30405"}],"curies":[{"name":"wp","href":"https:\/\/api.w.org\/{rel}","templated":true}]}}