{"id":30293,"date":"2021-08-16T14:58:52","date_gmt":"2021-08-16T12:58:52","guid":{"rendered":"https:\/\/exaudi.wpengine.com\/?p=30293"},"modified":"2021-08-17T14:17:05","modified_gmt":"2021-08-17T12:17:05","slug":"paraguay-papa-agradece-cercania-episcopado","status":"publish","type":"post","link":"https:\/\/exaudi.org\/es\/paraguay-papa-agradece-cercania-episcopado\/","title":{"rendered":"Paraguay: El Papa agradece cercan\u00eda al Episcopado del pa\u00eds"},"content":{"rendered":"<p>A trav\u00e9s de una carta firmada por monse\u00f1or Edgar Pe\u00f1a Parra, de la Secretar\u00eda de Estado del Vaticano, <a href=\"https:\/\/drive.google.com\/file\/d\/12Pp517ecgUTvrJ4j6AooEJzK4s7q4Vwy\/view\" target=\"_blank\" rel=\"noopener noreferrer\">el Papa Francisco salud\u00f3<\/a> a los <a href=\"https:\/\/episcopal.org.py\/\" target=\"_blank\" rel=\"noopener noreferrer\">obispos de Paraguay<\/a> y agradeci\u00f3 la cercan\u00eda y afecto expresados en la misiva remitida desde este pa\u00eds, cuando el Pont\u00edfice se encontraba hospitalizado en el Policl\u00ednico Gemelli de Roma. En ella, los prelados presentaron sus oraciones y deseos de pronta recuperaci\u00f3n ante su reciente operaci\u00f3n de colon.<\/p>\n<p>En su respuesta \u201cSu Santidad Francisco agradece esta muestra de cordial cercan\u00eda, y suplica que recen por \u00e9l y por los frutos de su servicio al santo Pueblo de Dios, al mismo tiempo que, invocando la protecci\u00f3n maternal de la Sant\u00edsima Virgen Mar\u00eda, Madre de la Iglesia, les imparte de coraz\u00f3n la implorada Bendici\u00f3n Apost\u00f3lica, que hace extensiva a quienes estaba bajo sus cuidados pastorales\u201d, se lee en el texto enviado de parte del Sucesor de Pedro.<\/p>\n<p>Se puede acceder a una copia digital de la carta ofrecida por la Conferencia Episcopal Paraguaya <a href=\"https:\/\/drive.google.com\/file\/d\/12Pp517ecgUTvrJ4j6AooEJzK4s7q4Vwy\/view?usp=sharing\" target=\"_blank\" rel=\"noopener noreferrer\">aqu\u00ed<\/a>.<\/p>\n<h4><strong>Cercan\u00eda y afecto del Episcopado<\/strong><\/h4>\n<p>Igualmente, el pasado 12 de julio, momento en el que los obispos paraguayos celebraban el sexto <a href=\"https:\/\/exaudi.wpengine.com\/es\/paraguay-carta-obispos-papa-aniversario-visita\/\" target=\"_blank\" rel=\"noopener noreferrer\">aniversario de la visita del Santo Padre al Paraguay<\/a>, tambi\u00e9n le enviaron una carta en la que manifestaron su \u201ccercan\u00eda y afecto fraternal\u201d.<\/p>\n<p>La misiva reflejaba la alegr\u00eda de los prelados al recordar del Papa que \u201csus palabras y sus gestos todav\u00eda tienen eco\u201d en ellos: \u201cEn este sentido, en el contexto de nuestro encuentro, tuvimos un conversatorio sobre el di\u00e1logo social y hemos iluminado ese momento escuchando de nuevo sus palabras a los actores de la sociedad civil, oportunidad en la cual se refiri\u00f3 a las caracter\u00edsticas y a las condiciones del di\u00e1logo social\u201d, se lee en el texto.<\/p>\n<p>\u201cLa Iglesia y el pueblo paraguayo rezamos por la recuperaci\u00f3n plena de su salud. Le comprometemos nuestras oraciones para que Dios Padre, en su infinita misericordia, le conceda salud, que Nuestro Se\u00f1or Jesucristo le fortalezca y le acompa\u00f1e y que el Esp\u00edritu Santo le siga iluminando para el cumplimiento de su ministerio petrino. Pedimos que la Virgen de los Milagros de Caacup\u00e9 lo bendiga y lo proteja\u201d, a\u00f1aden.<\/p>\n","protected":false},"excerpt":{"rendered":"<p>Obispos le enviaron una carta mientras estaba hospitalizado<\/p>\n","protected":false},"author":5,"featured_media":30294,"comment_status":"open","ping_status":"open","sticky":false,"template":"","format":"standard","meta":{"_acf_changed":false,"_crdt_document":"","inline_featured_image":false,"footnotes":""},"categories":[68,298],"tags":[2628,158,962],"class_list":["post-30293","post","type-post","status-publish","format-standard","has-post-thumbnail","hentry","category-leon-xiv","category-ultimas-noticias","tag-conferencia-episcopal-paraguaya-cep","tag-papa-francisco","tag-paraguay"],"acf":[],"yoast_head":"<!-- This site is optimized with the Yoast SEO plugin v27.5 - https:\/\/yoast.com\/product\/yoast-seo-wordpress\/ -->\n<title>Paraguay: El Papa agradece cercan\u00eda al Episcopado del pa\u00eds &#8211; Exaudi<\/title>\n<meta name=\"description\" content=\"A trav\u00e9s de una carta, el Papa salud\u00f3 al Episcopado de Paraguay y agradeci\u00f3 su cercan\u00eda cuando el Pont\u00edfice se encontraba hospitalizado\" \/>\n<meta name=\"robots\" content=\"index, follow, max-snippet:-1, max-image-preview:large, max-video-preview:-1\" \/>\n<link rel=\"canonical\" href=\"https:\/\/exaudi.org\/es\/paraguay-papa-agradece-cercania-episcopado\/\" \/>\n<meta property=\"og:locale\" content=\"es_ES\" \/>\n<meta property=\"og:type\" content=\"article\" \/>\n<meta property=\"og:title\" content=\"Paraguay: El Papa agradece cercan\u00eda al Episcopado del pa\u00eds &#8211; Exaudi\" \/>\n<meta property=\"og:description\" content=\"A trav\u00e9s de una carta, el Papa salud\u00f3 al Episcopado de Paraguay y agradeci\u00f3 su cercan\u00eda cuando el Pont\u00edfice se encontraba hospitalizado\" \/>\n<meta property=\"og:url\" content=\"https:\/\/exaudi.org\/es\/paraguay-papa-agradece-cercania-episcopado\/\" \/>\n<meta property=\"og:site_name\" content=\"Exaudi\" \/>\n<meta property=\"article:publisher\" content=\"https:\/\/www.facebook.com\/ExaudiNews\" \/>\n<meta property=\"article:published_time\" content=\"2021-08-16T12:58:52+00:00\" \/>\n<meta property=\"article:modified_time\" content=\"2021-08-17T12:17:05+00:00\" \/>\n<meta property=\"og:image\" content=\"https:\/\/exaudi.org\/wp-content\/uploads\/2021\/08\/Papa-Francisco.jpg\" \/>\n\t<meta property=\"og:image:width\" content=\"1500\" \/>\n\t<meta property=\"og:image:height\" content=\"844\" \/>\n\t<meta property=\"og:image:type\" content=\"image\/jpeg\" \/>\n<meta name=\"author\" content=\"Larissa I. L\u00f3pez\" \/>\n<meta name=\"twitter:card\" content=\"summary_large_image\" \/>\n<meta name=\"twitter:creator\" content=\"@Exaudi_News\" \/>\n<meta name=\"twitter:site\" content=\"@Exaudi_News\" \/>\n<meta name=\"twitter:label1\" content=\"Escrito por\" \/>\n\t<meta name=\"twitter:data1\" content=\"Larissa I. L\u00f3pez\" \/>\n\t<meta name=\"twitter:label2\" content=\"Tiempo de lectura\" \/>\n\t<meta name=\"twitter:data2\" content=\"2 minutos\" \/>\n<script type=\"application\/ld+json\" class=\"yoast-schema-graph\">{\"@context\":\"https:\\\/\\\/schema.org\",\"@graph\":[{\"@type\":\"Article\",\"@id\":\"https:\\\/\\\/exaudi.org\\\/es\\\/paraguay-papa-agradece-cercania-episcopado\\\/#article\",\"isPartOf\":{\"@id\":\"https:\\\/\\\/exaudi.org\\\/es\\\/paraguay-papa-agradece-cercania-episcopado\\\/\"},\"author\":{\"name\":\"Larissa I. L\u00f3pez\",\"@id\":\"https:\\\/\\\/exaudi.org\\\/#\\\/schema\\\/person\\\/7d2f77db033c2c0929edfab6dbe8c588\"},\"headline\":\"Paraguay: El Papa agradece cercan\u00eda al Episcopado del pa\u00eds\",\"datePublished\":\"2021-08-16T12:58:52+00:00\",\"dateModified\":\"2021-08-17T12:17:05+00:00\",\"mainEntityOfPage\":{\"@id\":\"https:\\\/\\\/exaudi.org\\\/es\\\/paraguay-papa-agradece-cercania-episcopado\\\/\"},\"wordCount\":394,\"commentCount\":0,\"image\":{\"@id\":\"https:\\\/\\\/exaudi.org\\\/es\\\/paraguay-papa-agradece-cercania-episcopado\\\/#primaryimage\"},\"thumbnailUrl\":\"https:\\\/\\\/exaudi.org\\\/wp-content\\\/uploads\\\/2021\\\/08\\\/Papa-Francisco.jpg\",\"keywords\":[\"Conferencia Episcopal Paraguaya (CEP)\",\"papa francisco\",\"Paraguay\"],\"articleSection\":[\"Le\u00f3n XIV\",\"\u00daltimas noticias\"],\"inLanguage\":\"es\",\"potentialAction\":[{\"@type\":\"CommentAction\",\"name\":\"Comment\",\"target\":[\"https:\\\/\\\/exaudi.org\\\/es\\\/paraguay-papa-agradece-cercania-episcopado\\\/#respond\"]}]},{\"@type\":\"WebPage\",\"@id\":\"https:\\\/\\\/exaudi.org\\\/es\\\/paraguay-papa-agradece-cercania-episcopado\\\/\",\"url\":\"https:\\\/\\\/exaudi.org\\\/es\\\/paraguay-papa-agradece-cercania-episcopado\\\/\",\"name\":\"Paraguay: El Papa agradece cercan\u00eda al Episcopado del pa\u00eds &#8211; Exaudi\",\"isPartOf\":{\"@id\":\"https:\\\/\\\/exaudi.org\\\/#website\"},\"primaryImageOfPage\":{\"@id\":\"https:\\\/\\\/exaudi.org\\\/es\\\/paraguay-papa-agradece-cercania-episcopado\\\/#primaryimage\"},\"image\":{\"@id\":\"https:\\\/\\\/exaudi.org\\\/es\\\/paraguay-papa-agradece-cercania-episcopado\\\/#primaryimage\"},\"thumbnailUrl\":\"https:\\\/\\\/exaudi.org\\\/wp-content\\\/uploads\\\/2021\\\/08\\\/Papa-Francisco.jpg\",\"datePublished\":\"2021-08-16T12:58:52+00:00\",\"dateModified\":\"2021-08-17T12:17:05+00:00\",\"author\":{\"@id\":\"https:\\\/\\\/exaudi.org\\\/#\\\/schema\\\/person\\\/7d2f77db033c2c0929edfab6dbe8c588\"},\"description\":\"A trav\u00e9s de una carta, el Papa salud\u00f3 al Episcopado de Paraguay y agradeci\u00f3 su cercan\u00eda cuando el Pont\u00edfice se encontraba hospitalizado\",\"breadcrumb\":{\"@id\":\"https:\\\/\\\/exaudi.org\\\/es\\\/paraguay-papa-agradece-cercania-episcopado\\\/#breadcrumb\"},\"inLanguage\":\"es\",\"potentialAction\":[{\"@type\":\"ReadAction\",\"target\":[\"https:\\\/\\\/exaudi.org\\\/es\\\/paraguay-papa-agradece-cercania-episcopado\\\/\"]}]},{\"@type\":\"ImageObject\",\"inLanguage\":\"es\",\"@id\":\"https:\\\/\\\/exaudi.org\\\/es\\\/paraguay-papa-agradece-cercania-episcopado\\\/#primaryimage\",\"url\":\"https:\\\/\\\/exaudi.org\\\/wp-content\\\/uploads\\\/2021\\\/08\\\/Papa-Francisco.jpg\",\"contentUrl\":\"https:\\\/\\\/exaudi.org\\\/wp-content\\\/uploads\\\/2021\\\/08\\\/Papa-Francisco.jpg\",\"width\":1500,\"height\":844,\"caption\":\"Papa Francisco \u00a9 Vatican Media\"},{\"@type\":\"BreadcrumbList\",\"@id\":\"https:\\\/\\\/exaudi.org\\\/es\\\/paraguay-papa-agradece-cercania-episcopado\\\/#breadcrumb\",\"itemListElement\":[{\"@type\":\"ListItem\",\"position\":1,\"name\":\"Portada\",\"item\":\"https:\\\/\\\/exaudi.org\\\/es\\\/\"},{\"@type\":\"ListItem\",\"position\":2,\"name\":\"Paraguay: El Papa agradece cercan\u00eda al Episcopado del pa\u00eds\"}]},{\"@type\":\"WebSite\",\"@id\":\"https:\\\/\\\/exaudi.org\\\/#website\",\"url\":\"https:\\\/\\\/exaudi.org\\\/\",\"name\":\"Exaudi\",\"description\":\"News\",\"potentialAction\":[{\"@type\":\"SearchAction\",\"target\":{\"@type\":\"EntryPoint\",\"urlTemplate\":\"https:\\\/\\\/exaudi.org\\\/?s={search_term_string}\"},\"query-input\":{\"@type\":\"PropertyValueSpecification\",\"valueRequired\":true,\"valueName\":\"search_term_string\"}}],\"inLanguage\":\"es\"},{\"@type\":\"Person\",\"@id\":\"https:\\\/\\\/exaudi.org\\\/#\\\/schema\\\/person\\\/7d2f77db033c2c0929edfab6dbe8c588\",\"name\":\"Larissa I. L\u00f3pez\",\"image\":{\"@type\":\"ImageObject\",\"inLanguage\":\"es\",\"@id\":\"https:\\\/\\\/secure.gravatar.com\\\/avatar\\\/db3ef399ff343d0bb9d25dc5198bc8ece5ac6d621eca79876697a354dabc1e3f?s=96&d=mm&r=g\",\"url\":\"https:\\\/\\\/secure.gravatar.com\\\/avatar\\\/db3ef399ff343d0bb9d25dc5198bc8ece5ac6d621eca79876697a354dabc1e3f?s=96&d=mm&r=g\",\"contentUrl\":\"https:\\\/\\\/secure.gravatar.com\\\/avatar\\\/db3ef399ff343d0bb9d25dc5198bc8ece5ac6d621eca79876697a354dabc1e3f?s=96&d=mm&r=g\",\"caption\":\"Larissa I. L\u00f3pez\"},\"description\":\"Doctora en Comunicaci\u00f3n. Mi trayectoria profesional ha transcurrido entre el \u00e1mbito de la comunicaci\u00f3n y el de la docencia. En los \u00faltimos a\u00f1os, he trabajado como coordinadora y redactora de la edici\u00f3n de ZENIT en espa\u00f1ol. Como profesora, he impartido clases en la universidad y en centros de FP y bachillerato. Cordobesa de nacimiento, tambi\u00e9n he vivido en Sevilla, Madrid y Roma\",\"url\":\"https:\\\/\\\/exaudi.org\\\/es\\\/author\\\/llopezexaudi-org\\\/\"}]}<\/script>\n<!-- \/ Yoast SEO plugin. -->","yoast_head_json":{"title":"Paraguay: El Papa agradece cercan\u00eda al Episcopado del pa\u00eds &#8211; Exaudi","description":"A trav\u00e9s de una carta, el Papa salud\u00f3 al Episcopado de Paraguay y agradeci\u00f3 su cercan\u00eda cuando el Pont\u00edfice se encontraba hospitalizado","robots":{"index":"index","follow":"follow","max-snippet":"max-snippet:-1","max-image-preview":"max-image-preview:large","max-video-preview":"max-video-preview:-1"},"canonical":"https:\/\/exaudi.org\/es\/paraguay-papa-agradece-cercania-episcopado\/","og_locale":"es_ES","og_type":"article","og_title":"Paraguay: El Papa agradece cercan\u00eda al Episcopado del pa\u00eds &#8211; Exaudi","og_description":"A trav\u00e9s de una carta, el Papa salud\u00f3 al Episcopado de Paraguay y agradeci\u00f3 su cercan\u00eda cuando el Pont\u00edfice se encontraba hospitalizado","og_url":"https:\/\/exaudi.org\/es\/paraguay-papa-agradece-cercania-episcopado\/","og_site_name":"Exaudi","article_publisher":"https:\/\/www.facebook.com\/ExaudiNews","article_published_time":"2021-08-16T12:58:52+00:00","article_modified_time":"2021-08-17T12:17:05+00:00","og_image":[{"width":1500,"height":844,"url":"https:\/\/exaudi.org\/wp-content\/uploads\/2021\/08\/Papa-Francisco.jpg","type":"image\/jpeg"}],"author":"Larissa I. L\u00f3pez","twitter_card":"summary_large_image","twitter_creator":"@Exaudi_News","twitter_site":"@Exaudi_News","twitter_misc":{"Escrito por":"Larissa I. L\u00f3pez","Tiempo de lectura":"2 minutos"},"schema":{"@context":"https:\/\/schema.org","@graph":[{"@type":"Article","@id":"https:\/\/exaudi.org\/es\/paraguay-papa-agradece-cercania-episcopado\/#article","isPartOf":{"@id":"https:\/\/exaudi.org\/es\/paraguay-papa-agradece-cercania-episcopado\/"},"author":{"name":"Larissa I. L\u00f3pez","@id":"https:\/\/exaudi.org\/#\/schema\/person\/7d2f77db033c2c0929edfab6dbe8c588"},"headline":"Paraguay: El Papa agradece cercan\u00eda al Episcopado del pa\u00eds","datePublished":"2021-08-16T12:58:52+00:00","dateModified":"2021-08-17T12:17:05+00:00","mainEntityOfPage":{"@id":"https:\/\/exaudi.org\/es\/paraguay-papa-agradece-cercania-episcopado\/"},"wordCount":394,"commentCount":0,"image":{"@id":"https:\/\/exaudi.org\/es\/paraguay-papa-agradece-cercania-episcopado\/#primaryimage"},"thumbnailUrl":"https:\/\/exaudi.org\/wp-content\/uploads\/2021\/08\/Papa-Francisco.jpg","keywords":["Conferencia Episcopal Paraguaya (CEP)","papa francisco","Paraguay"],"articleSection":["Le\u00f3n XIV","\u00daltimas noticias"],"inLanguage":"es","potentialAction":[{"@type":"CommentAction","name":"Comment","target":["https:\/\/exaudi.org\/es\/paraguay-papa-agradece-cercania-episcopado\/#respond"]}]},{"@type":"WebPage","@id":"https:\/\/exaudi.org\/es\/paraguay-papa-agradece-cercania-episcopado\/","url":"https:\/\/exaudi.org\/es\/paraguay-papa-agradece-cercania-episcopado\/","name":"Paraguay: El Papa agradece cercan\u00eda al Episcopado del pa\u00eds &#8211; Exaudi","isPartOf":{"@id":"https:\/\/exaudi.org\/#website"},"primaryImageOfPage":{"@id":"https:\/\/exaudi.org\/es\/paraguay-papa-agradece-cercania-episcopado\/#primaryimage"},"image":{"@id":"https:\/\/exaudi.org\/es\/paraguay-papa-agradece-cercania-episcopado\/#primaryimage"},"thumbnailUrl":"https:\/\/exaudi.org\/wp-content\/uploads\/2021\/08\/Papa-Francisco.jpg","datePublished":"2021-08-16T12:58:52+00:00","dateModified":"2021-08-17T12:17:05+00:00","author":{"@id":"https:\/\/exaudi.org\/#\/schema\/person\/7d2f77db033c2c0929edfab6dbe8c588"},"description":"A trav\u00e9s de una carta, el Papa salud\u00f3 al Episcopado de Paraguay y agradeci\u00f3 su cercan\u00eda cuando el Pont\u00edfice se encontraba hospitalizado","breadcrumb":{"@id":"https:\/\/exaudi.org\/es\/paraguay-papa-agradece-cercania-episcopado\/#breadcrumb"},"inLanguage":"es","potentialAction":[{"@type":"ReadAction","target":["https:\/\/exaudi.org\/es\/paraguay-papa-agradece-cercania-episcopado\/"]}]},{"@type":"ImageObject","inLanguage":"es","@id":"https:\/\/exaudi.org\/es\/paraguay-papa-agradece-cercania-episcopado\/#primaryimage","url":"https:\/\/exaudi.org\/wp-content\/uploads\/2021\/08\/Papa-Francisco.jpg","contentUrl":"https:\/\/exaudi.org\/wp-content\/uploads\/2021\/08\/Papa-Francisco.jpg","width":1500,"height":844,"caption":"Papa Francisco \u00a9 Vatican Media"},{"@type":"BreadcrumbList","@id":"https:\/\/exaudi.org\/es\/paraguay-papa-agradece-cercania-episcopado\/#breadcrumb","itemListElement":[{"@type":"ListItem","position":1,"name":"Portada","item":"https:\/\/exaudi.org\/es\/"},{"@type":"ListItem","position":2,"name":"Paraguay: El Papa agradece cercan\u00eda al Episcopado del pa\u00eds"}]},{"@type":"WebSite","@id":"https:\/\/exaudi.org\/#website","url":"https:\/\/exaudi.org\/","name":"Exaudi","description":"News","potentialAction":[{"@type":"SearchAction","target":{"@type":"EntryPoint","urlTemplate":"https:\/\/exaudi.org\/?s={search_term_string}"},"query-input":{"@type":"PropertyValueSpecification","valueRequired":true,"valueName":"search_term_string"}}],"inLanguage":"es"},{"@type":"Person","@id":"https:\/\/exaudi.org\/#\/schema\/person\/7d2f77db033c2c0929edfab6dbe8c588","name":"Larissa I. L\u00f3pez","image":{"@type":"ImageObject","inLanguage":"es","@id":"https:\/\/secure.gravatar.com\/avatar\/db3ef399ff343d0bb9d25dc5198bc8ece5ac6d621eca79876697a354dabc1e3f?s=96&d=mm&r=g","url":"https:\/\/secure.gravatar.com\/avatar\/db3ef399ff343d0bb9d25dc5198bc8ece5ac6d621eca79876697a354dabc1e3f?s=96&d=mm&r=g","contentUrl":"https:\/\/secure.gravatar.com\/avatar\/db3ef399ff343d0bb9d25dc5198bc8ece5ac6d621eca79876697a354dabc1e3f?s=96&d=mm&r=g","caption":"Larissa I. L\u00f3pez"},"description":"Doctora en Comunicaci\u00f3n. Mi trayectoria profesional ha transcurrido entre el \u00e1mbito de la comunicaci\u00f3n y el de la docencia. En los \u00faltimos a\u00f1os, he trabajado como coordinadora y redactora de la edici\u00f3n de ZENIT en espa\u00f1ol. Como profesora, he impartido clases en la universidad y en centros de FP y bachillerato. Cordobesa de nacimiento, tambi\u00e9n he vivido en Sevilla, Madrid y Roma","url":"https:\/\/exaudi.org\/es\/author\/llopezexaudi-org\/"}]}},"jetpack_featured_media_url":"https:\/\/exaudi.org\/wp-content\/uploads\/2021\/08\/Papa-Francisco.jpg","jetpack_shortlink":"https:\/\/wp.me\/pgKjF2-7SB","_links":{"self":[{"href":"https:\/\/exaudi.org\/es\/wp-json\/wp\/v2\/posts\/30293","targetHints":{"allow":["GET"]}}],"collection":[{"href":"https:\/\/exaudi.org\/es\/wp-json\/wp\/v2\/posts"}],"about":[{"href":"https:\/\/exaudi.org\/es\/wp-json\/wp\/v2\/types\/post"}],"author":[{"embeddable":true,"href":"https:\/\/exaudi.org\/es\/wp-json\/wp\/v2\/users\/5"}],"replies":[{"embeddable":true,"href":"https:\/\/exaudi.org\/es\/wp-json\/wp\/v2\/comments?post=30293"}],"version-history":[{"count":0,"href":"https:\/\/exaudi.org\/es\/wp-json\/wp\/v2\/posts\/30293\/revisions"}],"wp:featuredmedia":[{"embeddable":true,"href":"https:\/\/exaudi.org\/es\/wp-json\/wp\/v2\/media\/30294"}],"wp:attachment":[{"href":"https:\/\/exaudi.org\/es\/wp-json\/wp\/v2\/media?parent=30293"}],"wp:term":[{"taxonomy":"category","embeddable":true,"href":"https:\/\/exaudi.org\/es\/wp-json\/wp\/v2\/categories?post=30293"},{"taxonomy":"post_tag","embeddable":true,"href":"https:\/\/exaudi.org\/es\/wp-json\/wp\/v2\/tags?post=30293"}],"curies":[{"name":"wp","href":"https:\/\/api.w.org\/{rel}","templated":true}]}}