{"id":30267,"date":"2021-08-16T12:13:05","date_gmt":"2021-08-16T10:13:05","guid":{"rendered":"https:\/\/exaudi.wpengine.com\/?p=30267"},"modified":"2021-08-17T12:27:27","modified_gmt":"2021-08-17T10:27:27","slug":"nicaragua-obispos-consagran-el-pais-al-inmaculado-corazon-de-maria","status":"publish","type":"post","link":"https:\/\/exaudi.org\/es\/nicaragua-obispos-consagran-el-pais-al-inmaculado-corazon-de-maria\/","title":{"rendered":"Nicaragua: Obispos consagran pa\u00eds al Inmaculado Coraz\u00f3n de Mar\u00eda"},"content":{"rendered":"<p>Los obispos de la <a href=\"https:\/\/www.facebook.com\/CENicaragua\/\" target=\"_blank\" rel=\"noopener noreferrer\">Conferencia Episcopal de Nicaragua<\/a> renovaron, cada uno en su di\u00f3cesis, la consagraci\u00f3n del pa\u00eds al Inmaculado Coraz\u00f3n de Mar\u00eda, en la solemnidad de la Asunci\u00f3n de la Virgen Mar\u00eda, el domingo 15 de agosto de 2021.<\/p>\n<h4><strong>Cardenal Brenes pide di\u00e1logo y tolerancia<\/strong><\/h4>\n<p>El cardenal Leopoldo Brenes, arzobispo de <a href=\"https:\/\/exaudi.wpengine.com\/es\/arquidiocesis-managua-rechaza-amenazas-gobierno\/\" target=\"_blank\" rel=\"noopener noreferrer\">Managua<\/a>, rog\u00f3 por di\u00e1logo y tolerancia, durante su homil\u00eda en la Misa dominical, sin aludir directamente a las recientes acciones del r\u00e9gimen de Daniel Ortega en detrimento de las libertades y la democracia en el pa\u00eds, dijo que el pa\u00eds vive \u201cmomentos bastante dif\u00edciles\u201d.<\/p>\n<p>\u201cNuestra patria est\u00e1 viviendo momentos bastante dif\u00edciles, ya sea a nivel pol\u00edtico, a nivel social, a nivel econ\u00f3mico, a nivel de las familias, a nivel internacional\u201d, expuso, y agreg\u00f3 que \u201cen estos momentos de incertidumbre. Toma a Nicaragua entre tus manos y ac\u00f3genos en tu coraz\u00f3n. Ay\u00fadanos a saber dialogar entre nosotros, a luchar por la dignidad de todos los seres humanos, a no dejar de tener hambre y sed de justicia, a ser hombres y mujeres tolerantes y constructores de paz\u201d, dijo el cardenal.<\/p>\n<h4><strong>El veneno de la opresi\u00f3n se extingue con la oraci\u00f3n<\/strong><\/h4>\n<p>Por su parte el <a href=\"https:\/\/twitter.com\/jorgesolorzanop\/status\/1426145444380479490\" target=\"_blank\" rel=\"noopener noreferrer\">obispo de la di\u00f3cesis de Granada<\/a> monse\u00f1or Jorge Solorzano expres\u00f3 que \u201cel veneno del pecado, del odio, de la injusticia, la opresi\u00f3n, se extingue con la oraci\u00f3n en el silencio de la confianza y la esperanza\u201d.<\/p>\n<p>Agreg\u00f3 adem\u00e1s que la Virgen \u201cMar\u00eda anima nuestra esperanza y nuestro compromiso para transformar este mundo, para convertir en realidad el deseo de Jes\u00fas: un lugar de fraternidad, donde todos tengamos un puesto en la mesa que nos ha preparado Dios\u201d.<\/p>\n<h4><strong>74 a\u00f1os de devoci\u00f3n y piedad<\/strong><\/h4>\n<figure id=\"attachment_30275\" aria-describedby=\"caption-attachment-30275\" style=\"width: 300px\" class=\"wp-caption alignleft\"><img loading=\"lazy\" decoding=\"async\" class=\"size-medium wp-image-30275\" src=\"https:\/\/exaudi.wpengine.com\/wp-content\/uploads\/2021\/08\/237681266_4324247830987945_6791242123875750938_n-1-300x225.jpg\" alt=\"\" width=\"300\" height=\"225\" srcset=\"https:\/\/exaudi.org\/wp-content\/uploads\/2021\/08\/237681266_4324247830987945_6791242123875750938_n-1-300x225.jpg 300w, https:\/\/exaudi.org\/wp-content\/uploads\/2021\/08\/237681266_4324247830987945_6791242123875750938_n-1-768x576.jpg 768w, https:\/\/exaudi.org\/wp-content\/uploads\/2021\/08\/237681266_4324247830987945_6791242123875750938_n-1-150x113.jpg 150w, https:\/\/exaudi.org\/wp-content\/uploads\/2021\/08\/237681266_4324247830987945_6791242123875750938_n-1-696x522.jpg 696w, https:\/\/exaudi.org\/wp-content\/uploads\/2021\/08\/237681266_4324247830987945_6791242123875750938_n-1-560x420.jpg 560w, https:\/\/exaudi.org\/wp-content\/uploads\/2021\/08\/237681266_4324247830987945_6791242123875750938_n-1-80x60.jpg 80w, https:\/\/exaudi.org\/wp-content\/uploads\/2021\/08\/237681266_4324247830987945_6791242123875750938_n-1-265x198.jpg 265w, https:\/\/exaudi.org\/wp-content\/uploads\/2021\/08\/237681266_4324247830987945_6791242123875750938_n-1.jpg 960w\" sizes=\"auto, (max-width: 300px) 100vw, 300px\" \/><figcaption id=\"caption-attachment-30275\" class=\"wp-caption-text\">\u00a9 Asunci\u00f3n de Mar\u00eda en el Santuario Diocesano de San Francisco de As\u00eds de L\u00e9on, Nicaragua<\/figcaption><\/figure>\n<p>La <a href=\"https:\/\/www.youtube.com\/watch?v=ETd9SK66J0I\" target=\"_blank\" rel=\"noopener noreferrer\">di\u00f3cesis de Le\u00f3n<\/a>, en el occidente de Nicaragua, celebr\u00f3 la<strong>\u00a0<\/strong>Griter\u00eda Chiquita, que tiene su origen en 1947 ante las erupciones del volc\u00e1n Cerro Negro. Mons. Isidro Augusto Oviedo\u00a0y Reyes en ese entonces,\u00a0convoc\u00f3 al pueblo de Le\u00f3n a que se unieran en oraci\u00f3n a Mar\u00eda y pongan Altares con su imagen pidiendo por la culminaci\u00f3n de las erupciones, celebrando una Pur\u00edsima de penitencia, entregando como gorra, estampitas de la Virgen.<\/p>\n<p>74 a\u00f1os despu\u00e9s, monse\u00f1or Ren\u00e9 S\u00e1ndigo presidio la Eucarist\u00eda y posteriormente dio el tradicional grito, poniendo ante la imagen de la Virgen las intenciones de las familias y orando por las v\u00edctimas de la pandemia del Covid-19.<\/p>\n<h4><strong>Basta de palabras que dividen y hieren<\/strong><\/h4>\n<p>El <a href=\"https:\/\/www.youtube.com\/watch?v=ETd9SK66J0I\" target=\"_blank\" rel=\"noopener noreferrer\">obispo auxiliar de la arquidi\u00f3cesis de Managua, Mons. Silvio B\u00e1ez<\/a>, exiliado en Estados Unidos, clam\u00f3 este domingo para que en Nicaragua cese el autoritarismo irracional que pretenden imponer el gobierno de Ortega-Murillo, as\u00ed como las acciones represivas que impiden la libertad de expresi\u00f3n y atropellan los derechos humanos.<\/p>\n<p>\u201cBasta de palabras de odio que dividen y hieren. Basta de autoritarismos irracionales que pretenden crear sociedades de pensamiento \u00fanico, donde disentir es un delito. Basta de acciones represivas que impiden la libertad de expresi\u00f3n y atropellan los derechos humanos. Una sociedad no se puede construir sobre el irrespeto y el despojo de la dignidad y la libertad de las personas, ni sobre agresiones y allanamientos\u201d, expuso el prelado.<\/p>\n<p><strong>Un pueblo capaz de resurgir hasta de las cenizas<\/strong><\/p>\n<p>Por su parte, <a href=\"https:\/\/fb.watch\/7pE2aDP0zn\/\" target=\"_blank\" rel=\"noopener noreferrer\">el obispo de Matagalpa y administrador apost\u00f3lico de la di\u00f3cesis de Estel\u00ed Sede Vacante<\/a>, monse\u00f1or Rolando \u00c1lvarez, expres\u00f3 desde la parroquia de la Asunci\u00f3n en Ocotal, al norte del pa\u00eds que \u201csomos un pueblo que somos capaces de resurgir hasta de las cenizas porque la libertad viene del pueblo, no es una d\u00e1diva ni regalo de nadie, ni es algo que pueda quitar ni el poder ni la explotaci\u00f3n\u201d.<\/p>\n<p>\u201cHa sonado la hora de la victoria de nuestro Dios, de su dominio y de su reinado y del poder de su Mes\u00edas. Hoy c\u00e1ntanos con Mar\u00eda: proclama mi alma la grandeza del Se\u00f1or, se ha alegra mi esp\u00edritu en Dios mi salvador\u2026 porque derriba del trono a los poderosos y exalta a los humildes\u2026 acord\u00e1ndose de su Misericordia en ayuda de Israel su pueblo\u2026 en ayuda de Nicaragua su pueblo\u2026 Tu reinar\u00e1s en nuestra Patria\u2026 Es de Mar\u00eda la Naci\u00f3n\u201d.<\/p>\n<p>Asimismo, indic\u00f3 que \u201cNicaragua vive momentos tr\u00e1gicos, de lucha encarnizada entre el bien y el mal que como el drag\u00f3n infernal quiere acabar con todo lo que encuentra a su paso, que se enciende de furia y de ira, ante todo aquello que represente un signo de esperanza; es una fuerza descontrolada y aparentemente devastadora, infernal que con su cola quiere barrer con la historia, imperar e imponerse en la historia, cerrando toda puerta o ventana de esperanza. Sin embargo, hoy en la Solemnidad de la Asunci\u00f3n, como Ella, nuestra esperanza se levanta, se alza como el AVE F\u00e9nix y remonta el vuelo\u201d.<\/p>\n<p>La consagraci\u00f3n al <a href=\"https:\/\/drive.google.com\/file\/d\/1RzMPeXbT6r_g8QZc0-0QAZfH9KygCCtL\/view?fbclid=IwAR2Z6LAn8YgufhiPlvlxReMF07vsJnHJhLve03EsEUkIW-XxgHYlmrPhYxk\" target=\"_blank\" rel=\"noopener noreferrer\">Inmaculado Coraz\u00f3n de Mar\u00eda<\/a> fue realizada dos d\u00edas despu\u00e9s de que el <a href=\"https:\/\/www.el19digital.com\/articulos\/ver\/titulo:119523-acto-del-41-aniversario-de-la-fuerza-navalv\" target=\"_blank\" rel=\"noopener noreferrer\">presidente Ortega<\/a> declarara que \u201calgunos curas son hijos del demonio\u201d, en referencia al papel de la Iglesia en las protestas antigubernamentales de 2018.<\/p>\n<p>Seg\u00fan reportes de la <a href=\"http:\/\/www.oas.org\/es\/cidh\/\" target=\"_blank\" rel=\"noopener noreferrer\">Comisi\u00f3n Interamericana de Derechos Humanos<\/a> (CIDH) y el Centro Nicarag\u00fcense de Derechos Humanos (Cenidh), ese a\u00f1o los religiosos abrieron las puertas de sus parroquias para dar protecci\u00f3n a las v\u00edctimas de los ataques armados de la Polic\u00eda contra las manifestaciones. Adem\u00e1s, el Episcopado lider\u00f3 un di\u00e1logo nacional para superar la mayor crisis de la gesti\u00f3n de Ortega desde su vuelta al poder en 2007.<\/p>\n","protected":false},"excerpt":{"rendered":"<p>En la fiesta de la Asunci\u00f3n<\/p>\n","protected":false},"author":29,"featured_media":30271,"comment_status":"open","ping_status":"open","sticky":false,"template":"","format":"standard","meta":{"_acf_changed":false,"_crdt_document":"","inline_featured_image":false,"footnotes":""},"categories":[86,298],"tags":[2742,1269,602],"class_list":["post-30267","post","type-post","status-publish","format-standard","has-post-thumbnail","hentry","category-iglesia-local","category-ultimas-noticias","tag-consagracion-al-corazon-inmaculado-de-maria","tag-nicaragua","tag-obispos"],"acf":[],"yoast_head":"<!-- This site is optimized with the Yoast SEO plugin v27.4 - https:\/\/yoast.com\/product\/yoast-seo-wordpress\/ -->\n<title>Nicaragua: Obispos consagran pa\u00eds al Inmaculado Coraz\u00f3n de Mar\u00eda &#8211; Exaudi<\/title>\n<meta name=\"description\" content=\"Los obispos de Nicaragua consagraron cada uno en su di\u00f3cesis al Inmaculado Coraz\u00f3n de Mar\u00eda en la fiesta de la Asunci\u00f3n de la Virgen\" \/>\n<meta name=\"robots\" content=\"index, follow, max-snippet:-1, max-image-preview:large, max-video-preview:-1\" \/>\n<link rel=\"canonical\" href=\"https:\/\/exaudi.org\/es\/nicaragua-obispos-consagran-el-pais-al-inmaculado-corazon-de-maria\/\" \/>\n<meta property=\"og:locale\" content=\"es_ES\" \/>\n<meta property=\"og:type\" content=\"article\" \/>\n<meta property=\"og:title\" content=\"Nicaragua: Obispos consagran pa\u00eds al Inmaculado Coraz\u00f3n de Mar\u00eda &#8211; Exaudi\" \/>\n<meta property=\"og:description\" content=\"Los obispos de Nicaragua consagraron cada uno en su di\u00f3cesis al Inmaculado Coraz\u00f3n de Mar\u00eda en la fiesta de la Asunci\u00f3n de la Virgen\" \/>\n<meta property=\"og:url\" content=\"https:\/\/exaudi.org\/es\/nicaragua-obispos-consagran-el-pais-al-inmaculado-corazon-de-maria\/\" \/>\n<meta property=\"og:site_name\" content=\"Exaudi\" \/>\n<meta property=\"article:publisher\" content=\"https:\/\/www.facebook.com\/ExaudiNews\" \/>\n<meta property=\"article:published_time\" content=\"2021-08-16T10:13:05+00:00\" \/>\n<meta property=\"article:modified_time\" content=\"2021-08-17T10:27:27+00:00\" \/>\n<meta property=\"og:image\" content=\"https:\/\/exaudi.org\/wp-content\/uploads\/2021\/08\/Matagalpa.jpg\" \/>\n\t<meta property=\"og:image:width\" content=\"960\" \/>\n\t<meta property=\"og:image:height\" content=\"920\" \/>\n\t<meta property=\"og:image:type\" content=\"image\/jpeg\" \/>\n<meta name=\"author\" content=\"Cristhian Alvarenga\" \/>\n<meta name=\"twitter:card\" content=\"summary_large_image\" \/>\n<meta name=\"twitter:creator\" content=\"@Exaudi_News\" \/>\n<meta name=\"twitter:site\" content=\"@Exaudi_News\" \/>\n<meta name=\"twitter:label1\" content=\"Escrito por\" \/>\n\t<meta name=\"twitter:data1\" content=\"Cristhian Alvarenga\" \/>\n\t<meta name=\"twitter:label2\" content=\"Tiempo de lectura\" \/>\n\t<meta name=\"twitter:data2\" content=\"5 minutos\" \/>\n<script type=\"application\/ld+json\" class=\"yoast-schema-graph\">{\"@context\":\"https:\\\/\\\/schema.org\",\"@graph\":[{\"@type\":\"Article\",\"@id\":\"https:\\\/\\\/exaudi.org\\\/es\\\/nicaragua-obispos-consagran-el-pais-al-inmaculado-corazon-de-maria\\\/#article\",\"isPartOf\":{\"@id\":\"https:\\\/\\\/exaudi.org\\\/es\\\/nicaragua-obispos-consagran-el-pais-al-inmaculado-corazon-de-maria\\\/\"},\"author\":{\"name\":\"Cristhian Alvarenga\",\"@id\":\"https:\\\/\\\/exaudi.org\\\/#\\\/schema\\\/person\\\/cc0c4abb8e41070fb467c5272d6726d1\"},\"headline\":\"Nicaragua: Obispos consagran pa\u00eds al Inmaculado Coraz\u00f3n de Mar\u00eda\",\"datePublished\":\"2021-08-16T10:13:05+00:00\",\"dateModified\":\"2021-08-17T10:27:27+00:00\",\"mainEntityOfPage\":{\"@id\":\"https:\\\/\\\/exaudi.org\\\/es\\\/nicaragua-obispos-consagran-el-pais-al-inmaculado-corazon-de-maria\\\/\"},\"wordCount\":1000,\"commentCount\":0,\"image\":{\"@id\":\"https:\\\/\\\/exaudi.org\\\/es\\\/nicaragua-obispos-consagran-el-pais-al-inmaculado-corazon-de-maria\\\/#primaryimage\"},\"thumbnailUrl\":\"https:\\\/\\\/exaudi.org\\\/wp-content\\\/uploads\\\/2021\\\/08\\\/Matagalpa.jpg\",\"keywords\":[\"Consagraci\u00f3n al Coraz\u00f3n Inmaculado de Mar\u00eda\",\"Nicaragua\",\"obispos\"],\"articleSection\":[\"Iglesia Local\",\"\u00daltimas noticias\"],\"inLanguage\":\"es\",\"potentialAction\":[{\"@type\":\"CommentAction\",\"name\":\"Comment\",\"target\":[\"https:\\\/\\\/exaudi.org\\\/es\\\/nicaragua-obispos-consagran-el-pais-al-inmaculado-corazon-de-maria\\\/#respond\"]}]},{\"@type\":\"WebPage\",\"@id\":\"https:\\\/\\\/exaudi.org\\\/es\\\/nicaragua-obispos-consagran-el-pais-al-inmaculado-corazon-de-maria\\\/\",\"url\":\"https:\\\/\\\/exaudi.org\\\/es\\\/nicaragua-obispos-consagran-el-pais-al-inmaculado-corazon-de-maria\\\/\",\"name\":\"Nicaragua: Obispos consagran pa\u00eds al Inmaculado Coraz\u00f3n de Mar\u00eda &#8211; Exaudi\",\"isPartOf\":{\"@id\":\"https:\\\/\\\/exaudi.org\\\/#website\"},\"primaryImageOfPage\":{\"@id\":\"https:\\\/\\\/exaudi.org\\\/es\\\/nicaragua-obispos-consagran-el-pais-al-inmaculado-corazon-de-maria\\\/#primaryimage\"},\"image\":{\"@id\":\"https:\\\/\\\/exaudi.org\\\/es\\\/nicaragua-obispos-consagran-el-pais-al-inmaculado-corazon-de-maria\\\/#primaryimage\"},\"thumbnailUrl\":\"https:\\\/\\\/exaudi.org\\\/wp-content\\\/uploads\\\/2021\\\/08\\\/Matagalpa.jpg\",\"datePublished\":\"2021-08-16T10:13:05+00:00\",\"dateModified\":\"2021-08-17T10:27:27+00:00\",\"author\":{\"@id\":\"https:\\\/\\\/exaudi.org\\\/#\\\/schema\\\/person\\\/cc0c4abb8e41070fb467c5272d6726d1\"},\"description\":\"Los obispos de Nicaragua consagraron cada uno en su di\u00f3cesis al Inmaculado Coraz\u00f3n de Mar\u00eda en la fiesta de la Asunci\u00f3n de la Virgen\",\"breadcrumb\":{\"@id\":\"https:\\\/\\\/exaudi.org\\\/es\\\/nicaragua-obispos-consagran-el-pais-al-inmaculado-corazon-de-maria\\\/#breadcrumb\"},\"inLanguage\":\"es\",\"potentialAction\":[{\"@type\":\"ReadAction\",\"target\":[\"https:\\\/\\\/exaudi.org\\\/es\\\/nicaragua-obispos-consagran-el-pais-al-inmaculado-corazon-de-maria\\\/\"]}]},{\"@type\":\"ImageObject\",\"inLanguage\":\"es\",\"@id\":\"https:\\\/\\\/exaudi.org\\\/es\\\/nicaragua-obispos-consagran-el-pais-al-inmaculado-corazon-de-maria\\\/#primaryimage\",\"url\":\"https:\\\/\\\/exaudi.org\\\/wp-content\\\/uploads\\\/2021\\\/08\\\/Matagalpa.jpg\",\"contentUrl\":\"https:\\\/\\\/exaudi.org\\\/wp-content\\\/uploads\\\/2021\\\/08\\\/Matagalpa.jpg\",\"width\":960,\"height\":920,\"caption\":\"Consagraci\u00f3n al Inmaculado Coraz\u00f3n de Mar\u00eda en Nicaragua \u00a9 Di\u00f3cesis de Matagalpa\"},{\"@type\":\"BreadcrumbList\",\"@id\":\"https:\\\/\\\/exaudi.org\\\/es\\\/nicaragua-obispos-consagran-el-pais-al-inmaculado-corazon-de-maria\\\/#breadcrumb\",\"itemListElement\":[{\"@type\":\"ListItem\",\"position\":1,\"name\":\"Portada\",\"item\":\"https:\\\/\\\/exaudi.org\\\/es\\\/\"},{\"@type\":\"ListItem\",\"position\":2,\"name\":\"Nicaragua: Obispos consagran pa\u00eds al Inmaculado Coraz\u00f3n de Mar\u00eda\"}]},{\"@type\":\"WebSite\",\"@id\":\"https:\\\/\\\/exaudi.org\\\/#website\",\"url\":\"https:\\\/\\\/exaudi.org\\\/\",\"name\":\"Exaudi\",\"description\":\"News\",\"potentialAction\":[{\"@type\":\"SearchAction\",\"target\":{\"@type\":\"EntryPoint\",\"urlTemplate\":\"https:\\\/\\\/exaudi.org\\\/?s={search_term_string}\"},\"query-input\":{\"@type\":\"PropertyValueSpecification\",\"valueRequired\":true,\"valueName\":\"search_term_string\"}}],\"inLanguage\":\"es\"},{\"@type\":\"Person\",\"@id\":\"https:\\\/\\\/exaudi.org\\\/#\\\/schema\\\/person\\\/cc0c4abb8e41070fb467c5272d6726d1\",\"name\":\"Cristhian Alvarenga\",\"image\":{\"@type\":\"ImageObject\",\"inLanguage\":\"es\",\"@id\":\"https:\\\/\\\/secure.gravatar.com\\\/avatar\\\/4d1e961ad75d3388e09e7a712fdb4ee1c94d947afa0d5dbfdcbd86a5c99bcb40?s=96&d=mm&r=g\",\"url\":\"https:\\\/\\\/secure.gravatar.com\\\/avatar\\\/4d1e961ad75d3388e09e7a712fdb4ee1c94d947afa0d5dbfdcbd86a5c99bcb40?s=96&d=mm&r=g\",\"contentUrl\":\"https:\\\/\\\/secure.gravatar.com\\\/avatar\\\/4d1e961ad75d3388e09e7a712fdb4ee1c94d947afa0d5dbfdcbd86a5c99bcb40?s=96&d=mm&r=g\",\"caption\":\"Cristhian Alvarenga\"},\"description\":\"Periodista de profesi\u00f3n. Del 2015 al 2020 coordin\u00e9 el \u00e1rea de prensa en la di\u00f3cesis de Le\u00f3n, Nicaragua y fui parte de la comisi\u00f3n de comunicaci\u00f3n diocesana, soy el autor del blog Iglesia en Salida, (https:\\\/\\\/www.facebook.com\\\/IglesiaEnSalidaOrg), un espacio de informaci\u00f3n y comunicaci\u00f3n, orientado a generar reflexi\u00f3n, investigaci\u00f3n e informaci\u00f3n sobre el quehacer pastoral de la Iglesia Cat\u00f3lica en Nicaragua, as\u00ed como promover devociones para fomentar nuestra fe. Me gusta producir podcast y escribir poes\u00eda. La defensa del medio ambiente y de los Derechos Humanos debe de ser siempre un compromiso para aportar a un mundo m\u00e1s humano y justo.\",\"url\":\"https:\\\/\\\/exaudi.org\\\/es\\\/author\\\/cristhianalvarenga\\\/\"}]}<\/script>\n<!-- \/ Yoast SEO plugin. -->","yoast_head_json":{"title":"Nicaragua: Obispos consagran pa\u00eds al Inmaculado Coraz\u00f3n de Mar\u00eda &#8211; Exaudi","description":"Los obispos de Nicaragua consagraron cada uno en su di\u00f3cesis al Inmaculado Coraz\u00f3n de Mar\u00eda en la fiesta de la Asunci\u00f3n de la Virgen","robots":{"index":"index","follow":"follow","max-snippet":"max-snippet:-1","max-image-preview":"max-image-preview:large","max-video-preview":"max-video-preview:-1"},"canonical":"https:\/\/exaudi.org\/es\/nicaragua-obispos-consagran-el-pais-al-inmaculado-corazon-de-maria\/","og_locale":"es_ES","og_type":"article","og_title":"Nicaragua: Obispos consagran pa\u00eds al Inmaculado Coraz\u00f3n de Mar\u00eda &#8211; Exaudi","og_description":"Los obispos de Nicaragua consagraron cada uno en su di\u00f3cesis al Inmaculado Coraz\u00f3n de Mar\u00eda en la fiesta de la Asunci\u00f3n de la Virgen","og_url":"https:\/\/exaudi.org\/es\/nicaragua-obispos-consagran-el-pais-al-inmaculado-corazon-de-maria\/","og_site_name":"Exaudi","article_publisher":"https:\/\/www.facebook.com\/ExaudiNews","article_published_time":"2021-08-16T10:13:05+00:00","article_modified_time":"2021-08-17T10:27:27+00:00","og_image":[{"width":960,"height":920,"url":"https:\/\/exaudi.org\/wp-content\/uploads\/2021\/08\/Matagalpa.jpg","type":"image\/jpeg"}],"author":"Cristhian Alvarenga","twitter_card":"summary_large_image","twitter_creator":"@Exaudi_News","twitter_site":"@Exaudi_News","twitter_misc":{"Escrito por":"Cristhian Alvarenga","Tiempo de lectura":"5 minutos"},"schema":{"@context":"https:\/\/schema.org","@graph":[{"@type":"Article","@id":"https:\/\/exaudi.org\/es\/nicaragua-obispos-consagran-el-pais-al-inmaculado-corazon-de-maria\/#article","isPartOf":{"@id":"https:\/\/exaudi.org\/es\/nicaragua-obispos-consagran-el-pais-al-inmaculado-corazon-de-maria\/"},"author":{"name":"Cristhian Alvarenga","@id":"https:\/\/exaudi.org\/#\/schema\/person\/cc0c4abb8e41070fb467c5272d6726d1"},"headline":"Nicaragua: Obispos consagran pa\u00eds al Inmaculado Coraz\u00f3n de Mar\u00eda","datePublished":"2021-08-16T10:13:05+00:00","dateModified":"2021-08-17T10:27:27+00:00","mainEntityOfPage":{"@id":"https:\/\/exaudi.org\/es\/nicaragua-obispos-consagran-el-pais-al-inmaculado-corazon-de-maria\/"},"wordCount":1000,"commentCount":0,"image":{"@id":"https:\/\/exaudi.org\/es\/nicaragua-obispos-consagran-el-pais-al-inmaculado-corazon-de-maria\/#primaryimage"},"thumbnailUrl":"https:\/\/exaudi.org\/wp-content\/uploads\/2021\/08\/Matagalpa.jpg","keywords":["Consagraci\u00f3n al Coraz\u00f3n Inmaculado de Mar\u00eda","Nicaragua","obispos"],"articleSection":["Iglesia Local","\u00daltimas noticias"],"inLanguage":"es","potentialAction":[{"@type":"CommentAction","name":"Comment","target":["https:\/\/exaudi.org\/es\/nicaragua-obispos-consagran-el-pais-al-inmaculado-corazon-de-maria\/#respond"]}]},{"@type":"WebPage","@id":"https:\/\/exaudi.org\/es\/nicaragua-obispos-consagran-el-pais-al-inmaculado-corazon-de-maria\/","url":"https:\/\/exaudi.org\/es\/nicaragua-obispos-consagran-el-pais-al-inmaculado-corazon-de-maria\/","name":"Nicaragua: Obispos consagran pa\u00eds al Inmaculado Coraz\u00f3n de Mar\u00eda &#8211; Exaudi","isPartOf":{"@id":"https:\/\/exaudi.org\/#website"},"primaryImageOfPage":{"@id":"https:\/\/exaudi.org\/es\/nicaragua-obispos-consagran-el-pais-al-inmaculado-corazon-de-maria\/#primaryimage"},"image":{"@id":"https:\/\/exaudi.org\/es\/nicaragua-obispos-consagran-el-pais-al-inmaculado-corazon-de-maria\/#primaryimage"},"thumbnailUrl":"https:\/\/exaudi.org\/wp-content\/uploads\/2021\/08\/Matagalpa.jpg","datePublished":"2021-08-16T10:13:05+00:00","dateModified":"2021-08-17T10:27:27+00:00","author":{"@id":"https:\/\/exaudi.org\/#\/schema\/person\/cc0c4abb8e41070fb467c5272d6726d1"},"description":"Los obispos de Nicaragua consagraron cada uno en su di\u00f3cesis al Inmaculado Coraz\u00f3n de Mar\u00eda en la fiesta de la Asunci\u00f3n de la Virgen","breadcrumb":{"@id":"https:\/\/exaudi.org\/es\/nicaragua-obispos-consagran-el-pais-al-inmaculado-corazon-de-maria\/#breadcrumb"},"inLanguage":"es","potentialAction":[{"@type":"ReadAction","target":["https:\/\/exaudi.org\/es\/nicaragua-obispos-consagran-el-pais-al-inmaculado-corazon-de-maria\/"]}]},{"@type":"ImageObject","inLanguage":"es","@id":"https:\/\/exaudi.org\/es\/nicaragua-obispos-consagran-el-pais-al-inmaculado-corazon-de-maria\/#primaryimage","url":"https:\/\/exaudi.org\/wp-content\/uploads\/2021\/08\/Matagalpa.jpg","contentUrl":"https:\/\/exaudi.org\/wp-content\/uploads\/2021\/08\/Matagalpa.jpg","width":960,"height":920,"caption":"Consagraci\u00f3n al Inmaculado Coraz\u00f3n de Mar\u00eda en Nicaragua \u00a9 Di\u00f3cesis de Matagalpa"},{"@type":"BreadcrumbList","@id":"https:\/\/exaudi.org\/es\/nicaragua-obispos-consagran-el-pais-al-inmaculado-corazon-de-maria\/#breadcrumb","itemListElement":[{"@type":"ListItem","position":1,"name":"Portada","item":"https:\/\/exaudi.org\/es\/"},{"@type":"ListItem","position":2,"name":"Nicaragua: Obispos consagran pa\u00eds al Inmaculado Coraz\u00f3n de Mar\u00eda"}]},{"@type":"WebSite","@id":"https:\/\/exaudi.org\/#website","url":"https:\/\/exaudi.org\/","name":"Exaudi","description":"News","potentialAction":[{"@type":"SearchAction","target":{"@type":"EntryPoint","urlTemplate":"https:\/\/exaudi.org\/?s={search_term_string}"},"query-input":{"@type":"PropertyValueSpecification","valueRequired":true,"valueName":"search_term_string"}}],"inLanguage":"es"},{"@type":"Person","@id":"https:\/\/exaudi.org\/#\/schema\/person\/cc0c4abb8e41070fb467c5272d6726d1","name":"Cristhian Alvarenga","image":{"@type":"ImageObject","inLanguage":"es","@id":"https:\/\/secure.gravatar.com\/avatar\/4d1e961ad75d3388e09e7a712fdb4ee1c94d947afa0d5dbfdcbd86a5c99bcb40?s=96&d=mm&r=g","url":"https:\/\/secure.gravatar.com\/avatar\/4d1e961ad75d3388e09e7a712fdb4ee1c94d947afa0d5dbfdcbd86a5c99bcb40?s=96&d=mm&r=g","contentUrl":"https:\/\/secure.gravatar.com\/avatar\/4d1e961ad75d3388e09e7a712fdb4ee1c94d947afa0d5dbfdcbd86a5c99bcb40?s=96&d=mm&r=g","caption":"Cristhian Alvarenga"},"description":"Periodista de profesi\u00f3n. Del 2015 al 2020 coordin\u00e9 el \u00e1rea de prensa en la di\u00f3cesis de Le\u00f3n, Nicaragua y fui parte de la comisi\u00f3n de comunicaci\u00f3n diocesana, soy el autor del blog Iglesia en Salida, (https:\/\/www.facebook.com\/IglesiaEnSalidaOrg), un espacio de informaci\u00f3n y comunicaci\u00f3n, orientado a generar reflexi\u00f3n, investigaci\u00f3n e informaci\u00f3n sobre el quehacer pastoral de la Iglesia Cat\u00f3lica en Nicaragua, as\u00ed como promover devociones para fomentar nuestra fe. Me gusta producir podcast y escribir poes\u00eda. La defensa del medio ambiente y de los Derechos Humanos debe de ser siempre un compromiso para aportar a un mundo m\u00e1s humano y justo.","url":"https:\/\/exaudi.org\/es\/author\/cristhianalvarenga\/"}]}},"jetpack_featured_media_url":"https:\/\/exaudi.org\/wp-content\/uploads\/2021\/08\/Matagalpa.jpg","jetpack_shortlink":"https:\/\/wp.me\/pgKjF2-7Sb","_links":{"self":[{"href":"https:\/\/exaudi.org\/es\/wp-json\/wp\/v2\/posts\/30267","targetHints":{"allow":["GET"]}}],"collection":[{"href":"https:\/\/exaudi.org\/es\/wp-json\/wp\/v2\/posts"}],"about":[{"href":"https:\/\/exaudi.org\/es\/wp-json\/wp\/v2\/types\/post"}],"author":[{"embeddable":true,"href":"https:\/\/exaudi.org\/es\/wp-json\/wp\/v2\/users\/29"}],"replies":[{"embeddable":true,"href":"https:\/\/exaudi.org\/es\/wp-json\/wp\/v2\/comments?post=30267"}],"version-history":[{"count":0,"href":"https:\/\/exaudi.org\/es\/wp-json\/wp\/v2\/posts\/30267\/revisions"}],"wp:featuredmedia":[{"embeddable":true,"href":"https:\/\/exaudi.org\/es\/wp-json\/wp\/v2\/media\/30271"}],"wp:attachment":[{"href":"https:\/\/exaudi.org\/es\/wp-json\/wp\/v2\/media?parent=30267"}],"wp:term":[{"taxonomy":"category","embeddable":true,"href":"https:\/\/exaudi.org\/es\/wp-json\/wp\/v2\/categories?post=30267"},{"taxonomy":"post_tag","embeddable":true,"href":"https:\/\/exaudi.org\/es\/wp-json\/wp\/v2\/tags?post=30267"}],"curies":[{"name":"wp","href":"https:\/\/api.w.org\/{rel}","templated":true}]}}