{"id":30180,"date":"2025-08-15T07:30:13","date_gmt":"2025-08-15T05:30:13","guid":{"rendered":"https:\/\/exaudi.wpengine.com\/?p=30180"},"modified":"2025-08-13T02:15:45","modified_gmt":"2025-08-13T00:15:45","slug":"san-estanislao-de-kostka-15-agosto","status":"publish","type":"post","link":"https:\/\/exaudi.org\/es\/san-estanislao-de-kostka-15-agosto\/","title":{"rendered":"San Estanislao de Kostka, 15 de agosto"},"content":{"rendered":"<p><span style=\"font-weight: 400;\">La celebraci\u00f3n lit\u00fargica de Estanislao se produce el 13 de agosto, pero en el calendario est\u00e1 fijada el d\u00eda 15, festividad de la Asunci\u00f3n, ya que justamente en esta fecha, a sus 18 a\u00f1os, culmin\u00f3 su vida, cumpli\u00e9ndose as\u00ed su anhelo de festejarla en el cielo.\u00a0<\/span><\/p>\n<p><span style=\"font-weight: 400;\">Naci\u00f3 en el castillo de Rostkow el 28 de octubre de 1550. Su padre era senador de Polonia y lord de Zakroczym, y su madre estaba emparentada con la nobleza. Ten\u00eda\u00a0 tres hermanos y dos hermanas.<\/span><\/p>\n<p><span style=\"font-weight: 400;\"> Pablo, el primog\u00e9nito, era diametralmente opuesto a Estanislao. \u00c9ste disciplinado, sensible, amante de la oraci\u00f3n y de las pr\u00e1cticas de piedad, con una gran inocencia evang\u00e9lica que impulsaba a quienes estaban a su alrededor a respetar sus creencias. <\/span><\/p>\n<p><span style=\"font-weight: 400;\">Y Pablo entregado a las diversiones mundanas. Ten\u00edan el privilegio de formar parte de una familia que por su manera de vivir la fe cat\u00f3lica se hab\u00eda convertido en un punto de referencia importante para todos. <\/span><\/p>\n<p><span style=\"font-weight: 400;\">En su hogar solo vieron piedad, modestia, honestidad y otros valores que adoptados por ellos deb\u00edan ser motivo de descanso para el personal de servicio y para cualquier persona de su entorno. Sin embargo, como suele suceder con los hermanos, aunque recibieron la misma educaci\u00f3n, cada uno la proces\u00f3 de forma distinta.\u00a0<\/span><\/p>\n<p><span style=\"font-weight: 400;\">Los dos recibieron clase en su propia casa siendo su tutor Juan Bilinsky. Pero una vez cubierta la primera etapa de su ense\u00f1anza, los padres juzgaron conveniente enviarlos a Viena. Ten\u00edan noticia del prestigioso centro regido por los jesuitas, y sab\u00edan que custodiados por ellos, su fe no correr\u00eda peligro; al contrario. Estanislao ten\u00eda entonces 14 a\u00f1os.<\/span><\/p>\n<p><span style=\"font-weight: 400;\"> Era alegre, noble, austero, buen estudiante, muy estimado por todos. Apenas pudieron permanecer all\u00ed un a\u00f1o, ya que en 1565 el colegio fue clausurado por el emperador Maximiliano II. As\u00ed que ambos hermanos se alojaron en el domicilio de una luterana, junto a Bilinsky y otros j\u00f3venes polacos. <\/span><\/p>\n<p><span style=\"font-weight: 400;\">Pablo emprendi\u00f3 su particular ataque contra Estanislao, mof\u00e1ndose de su forma de vida caracterizada por la oraci\u00f3n, ayuno, mortificaci\u00f3n, disciplinas, y comuni\u00f3n, siempre que era posible. Bilinsky tampoco ve\u00eda con buenos ojos al joven santo, y las hostilidades comenzaron a cebarse en \u00e9l.<\/span><\/p>\n<p><span style=\"font-weight: 400;\"> Le hac\u00edan creer que era una presunci\u00f3n estimar la santidad como el ideal m\u00e1s elevado, y le recordaban su alta procedencia al objeto de tentarle en su modestia. Le aconsejaban vestir conforme a su rango y a obedecer a Bilinsky. Ignoraban que la vida le apremiaba misteriosamente. Pablo lleg\u00f3 a maltratarle, pero no logr\u00f3 llevarle a su territorio.<\/span><\/p>\n<p><span style=\"font-weight: 400;\">En diciembre de ese a\u00f1o 1565 el santo enferm\u00f3 de gravedad, y la luterana se neg\u00f3 a acoger en su domicilio a un sacerdote para que le diese la comuni\u00f3n y el vi\u00e1tico. Estanislao apel\u00f3 a santa B\u00e1rbara creyendo que por su mediaci\u00f3n se otorgaba el don de no morir sin recibir los sacramentos, y se le apareci\u00f3 rodeada de dos \u00e1ngeles, uno de los cuales le dio la Sagrada Comuni\u00f3n. <\/span><\/p>\n<p><span style=\"font-weight: 400;\">En medio de esta gracia sobrenatural vio tambi\u00e9n a la Virgen Inmaculada y al Ni\u00f1o que deposit\u00f3 en sus manos; se cur\u00f3 instant\u00e1neamente. Ella le advirti\u00f3 que no hab\u00eda llegado su hora y que deb\u00eda ingresar en la Compa\u00f1\u00eda de Jes\u00fas. Y eso hizo. Pero dada su edad, precisaba el consentimiento paterno. Su progenitor se lo neg\u00f3 con rotundidad.<\/span><\/p>\n<p><span style=\"font-weight: 400;\"> Luego fracas\u00f3 su intento de ingresar en Viena ya que el provincial no le admiti\u00f3 temeroso de las represalias que aqu\u00e9l pod\u00eda tomar. Entonces, \u00edntimamente una voz hizo ver al joven que deb\u00eda acudir a Alemania y exponer su deseo a san Pedro Canisio. <\/span><\/p>\n<p><span style=\"font-weight: 400;\">Sali\u00f3 vestido de peregrino, y de ese modo se desembaraz\u00f3 de su hermano y de Bilinsky en medio de situaciones de peligro, ya que cuando se dieron cuenta de su fuga, Pablo solo pudo seguirle.<\/span><\/p>\n<p><span style=\"font-weight: 400;\">Hizo el camino a pie hasta Dilinga donde el padre Canisio le acogi\u00f3, le encomend\u00f3 varias misiones, la mayor\u00eda muy humildes, que desempe\u00f1\u00f3 con fidelidad, alegr\u00eda y obediencia. Despu\u00e9s de probar su vocaci\u00f3n, fue destinado a Roma donde lleg\u00f3 a pie recorriendo los Alpes y los Apeninos. Le recibi\u00f3 san Francisco de Borja. <\/span><\/p>\n<p><span style=\"font-weight: 400;\">All\u00ed le persigui\u00f3 la ira de su padre que le envi\u00f3 una terrible y amenazadora carta. Le reprend\u00eda de forma implacable por haber tomado una \u201dsotana despreciable y haber abrazado una profesi\u00f3n indigna de su alcurnia&#8217;. <\/span><\/p>\n<p><span style=\"font-weight: 400;\">Estanislao respondi\u00f3, con respeto y firmeza, rog\u00e1ndole que le diese permiso para llevar adelante la vida que hab\u00eda escogido. Despu\u00e9s, dejando en manos de Dios el grave problema familiar, se centr\u00f3 en su misi\u00f3n. <\/span><\/p>\n<p><span style=\"font-weight: 400;\">Se propuso vivir la regla de principio a fin sin lesionarla lo m\u00e1s m\u00ednimo, con la gracia divina. Un d\u00eda, el padre Manuel de S\u00e1 lo llev\u00f3 a Santa Mar\u00eda la Mayor y le pregunt\u00f3 que si amaba a la Virgen. \u201d\u00bfY no la he de amar, si es mi Madre?&#8217;, respondi\u00f3 gozoso. Por esa \u00e9poca, a sus 17 a\u00f1os, le ve\u00edan entrar en \u00e9xtasis durante la misa y despu\u00e9s de recibir la comuni\u00f3n.\u00a0<\/span><\/p>\n<p><span style=\"font-weight: 400;\">En los inicios de 1568 profes\u00f3. Ese mismo a\u00f1o la can\u00edcula romana le provoc\u00f3 s\u00fabitos y constantes desvanecimientos; fueron para \u00e9l un aviso de su pronta muerte. Unos d\u00edas previos a la festividad de la Asunci\u00f3n de Mar\u00eda, coment\u00f3: \u201d\u00a1Qu\u00e9 d\u00eda tan feliz debi\u00f3 ser para todos los santos aqu\u00e9l en que Mar\u00eda entr\u00f3 en el cielo! Quiz\u00e1 ellos lo celebran con especial gozo, como lo hacemos nosotros en la tierra. Espero que estar\u00e9 entre ellos en su pr\u00f3xima celebraci\u00f3n&#8217;.<\/span><\/p>\n<p><span style=\"font-weight: 400;\"> Diez d\u00edas m\u00e1s tarde, en la festividad de san Lorenzo, tuvo que guardar cama, y aunque no hab\u00eda elementos para pensar que pudiera morir, no hizo m\u00e1s que repetir que no volver\u00eda a levantarse.\u00a0<\/span><\/p>\n<p><span style=\"font-weight: 400;\">El d\u00eda de la Asunci\u00f3n de 1568 vio a la Virgen rodeada de \u00e1ngeles que le llamaba, y poco despu\u00e9s falleci\u00f3 con suavidad, como si se hubiera quedado dormido. Tiempo atr\u00e1s hab\u00eda dicho: \u201dYo nac\u00ed para grandes cosas&#8217;; as\u00ed era. <\/span><\/p>\n<p><span style=\"font-weight: 400;\">Pasado un mes, lleg\u00f3 Pablo con indicaciones paternas expresas de llev\u00e1rselo a casa, y se encontr\u00f3 con que hab\u00eda muerto. Impresionado, reconoci\u00f3 el mal que le hizo. Fue testigo en el proceso de beatificaci\u00f3n, y a la edad de 60 a\u00f1os solicit\u00f3 ingresar en la Compa\u00f1\u00eda. Estanislao fue beatificado por Paulo V el 19 de octubre de 1605. Benedicto XIII lo canoniz\u00f3 el 31 de diciembre de 1726.<\/span><\/p>\n<p><img loading=\"lazy\" decoding=\"async\" class=\"size-full wp-image-131424 alignnone\" src=\"https:\/\/exaudi.org\/wp-content\/uploads\/2024\/08\/Santoral.jpg\" alt=\"\" width=\"1080\" height=\"1080\" srcset=\"https:\/\/exaudi.org\/wp-content\/uploads\/2024\/08\/Santoral.jpg 1080w, https:\/\/exaudi.org\/wp-content\/uploads\/2024\/08\/Santoral-300x300.jpg 300w, https:\/\/exaudi.org\/wp-content\/uploads\/2024\/08\/Santoral-1024x1024.jpg 1024w, https:\/\/exaudi.org\/wp-content\/uploads\/2024\/08\/Santoral-100x100.jpg?crop=1 100w, https:\/\/exaudi.org\/wp-content\/uploads\/2024\/08\/Santoral-770x770.jpg 770w, https:\/\/exaudi.org\/wp-content\/uploads\/2024\/08\/Santoral-500x500.jpg 500w\" sizes=\"auto, (max-width: 1080px) 100vw, 1080px\" \/><\/p>\n<h6><em><img loading=\"lazy\" decoding=\"async\" class=\"alignright wp-image-2208\" src=\"https:\/\/exaudi.org\/wp-content\/uploads\/2021\/02\/santoral-scaled-1-725x1024.jpg\" alt=\"santoral Isabel Orellana\" width=\"262\" height=\"370\" \/><\/em><\/h6>\n<h6><em>\u00a9 <a href=\"https:\/\/exaudi.wpengine.com\/es\/author\/isabelorellana\/\" target=\"_blank\" rel=\"noopener noreferrer\">Isabel Orellana Vilches<\/a>, 2013<\/em><br \/>\n<em>Autora vinculada a<\/em><br \/>\n<img loading=\"lazy\" decoding=\"async\" class=\"alignnone size-full wp-image-41949\" src=\"https:\/\/www.idente.org\/wp-content\/uploads\/logo-cedro-v01-843x295-1-e1603384654546.png\" alt=\"\" width=\"80\" height=\"28\" \/><br \/>\nObra protegida por derechos de autor.<br \/>\nInscrita en el Registro de la Propiedad Intelectual el 24 de noviembre de 2014.<br \/>\n________________<br \/>\nDerechos de edici\u00f3n reservados:<br \/>\n<a href=\"https:\/\/rielo.com\/\" target=\"_blank\" rel=\"noopener noreferrer\">Fundaci\u00f3n Fernando Rielo<\/a><br \/>\nGoya 20, 4.\u00ba izq. int. 28001 Madrid<br \/>\nTlf.: (34) 91 575 40 91<br \/>\nCorreo electr\u00f3nico: fundacion@rielo.com<\/h6>\n<div class=\"page\" title=\"Page 4\">\n<div class=\"layoutArea\">\n<div class=\"column\">\n<h6>Dep\u00f3sito legal: M-18664-2020<br \/>\nISBN: 978-84-946646-6-3<\/h6>\n<\/div>\n<\/div>\n<\/div>\n","protected":false},"excerpt":{"rendered":"<p>Novicio polaco jesuita<\/p>\n","protected":false},"author":23,"featured_media":30181,"comment_status":"closed","ping_status":"closed","sticky":false,"template":"","format":"standard","meta":{"_acf_changed":false,"_crdt_document":"","inline_featured_image":false,"footnotes":""},"categories":[2772],"tags":[3690,387,4953],"class_list":["post-30180","post","type-post","status-publish","format-standard","has-post-thumbnail","hentry","category-santoral","tag-san-estanislao-de-kostka","tag-santoral","tag-trending-es"],"acf":[],"yoast_head":"<!-- This site is optimized with the Yoast SEO plugin v27.4 - https:\/\/yoast.com\/product\/yoast-seo-wordpress\/ -->\n<title>San Estanislao de Kostka, 15 de agosto - Exaudi<\/title>\n<meta name=\"description\" content=\"Santoral del 15 de agosto, san Estanislao de Kostka, por Isabel Orellana Vilches y editado por la Fundaci\u00f3n Fernando Rielo\" \/>\n<meta name=\"robots\" content=\"index, follow, max-snippet:-1, max-image-preview:large, max-video-preview:-1\" \/>\n<link rel=\"canonical\" href=\"https:\/\/exaudi.org\/es\/san-estanislao-de-kostka-15-agosto\/\" \/>\n<meta property=\"og:locale\" content=\"es_ES\" \/>\n<meta property=\"og:type\" content=\"article\" \/>\n<meta property=\"og:title\" content=\"San Estanislao de Kostka, 15 de agosto - Exaudi\" \/>\n<meta property=\"og:description\" content=\"Santoral del 15 de agosto, san Estanislao de Kostka, por Isabel Orellana Vilches y editado por la Fundaci\u00f3n Fernando Rielo\" \/>\n<meta property=\"og:url\" content=\"https:\/\/exaudi.org\/es\/san-estanislao-de-kostka-15-agosto\/\" \/>\n<meta property=\"og:site_name\" content=\"Exaudi\" \/>\n<meta property=\"article:publisher\" content=\"https:\/\/www.facebook.com\/ExaudiNews\" \/>\n<meta property=\"article:published_time\" content=\"2025-08-15T05:30:13+00:00\" \/>\n<meta property=\"og:image\" content=\"https:\/\/exaudi.org\/wp-content\/uploads\/2021\/08\/2de5d9ab-san-estanislao-de-kostka.jpg\" \/>\n\t<meta property=\"og:image:width\" content=\"1113\" \/>\n\t<meta property=\"og:image:height\" content=\"554\" \/>\n\t<meta property=\"og:image:type\" content=\"image\/jpeg\" \/>\n<meta name=\"author\" content=\"Isabel Orellana\" \/>\n<meta name=\"twitter:card\" content=\"summary_large_image\" \/>\n<meta name=\"twitter:creator\" content=\"@Exaudi_News\" \/>\n<meta name=\"twitter:site\" content=\"@Exaudi_News\" \/>\n<meta name=\"twitter:label1\" content=\"Escrito por\" \/>\n\t<meta name=\"twitter:data1\" content=\"Isabel Orellana\" \/>\n\t<meta name=\"twitter:label2\" content=\"Tiempo de lectura\" \/>\n\t<meta name=\"twitter:data2\" content=\"6 minutos\" \/>\n<script type=\"application\/ld+json\" class=\"yoast-schema-graph\">{\"@context\":\"https:\\\/\\\/schema.org\",\"@graph\":[{\"@type\":\"Article\",\"@id\":\"https:\\\/\\\/exaudi.org\\\/es\\\/san-estanislao-de-kostka-15-agosto\\\/#article\",\"isPartOf\":{\"@id\":\"https:\\\/\\\/exaudi.org\\\/es\\\/san-estanislao-de-kostka-15-agosto\\\/\"},\"author\":{\"name\":\"Isabel Orellana\",\"@id\":\"https:\\\/\\\/exaudi.org\\\/#\\\/schema\\\/person\\\/64e18b96fd6118559a9217b5b3375fdc\"},\"headline\":\"San Estanislao de Kostka, 15 de agosto\",\"datePublished\":\"2025-08-15T05:30:13+00:00\",\"mainEntityOfPage\":{\"@id\":\"https:\\\/\\\/exaudi.org\\\/es\\\/san-estanislao-de-kostka-15-agosto\\\/\"},\"wordCount\":1178,\"image\":{\"@id\":\"https:\\\/\\\/exaudi.org\\\/es\\\/san-estanislao-de-kostka-15-agosto\\\/#primaryimage\"},\"thumbnailUrl\":\"https:\\\/\\\/exaudi.org\\\/wp-content\\\/uploads\\\/2021\\\/08\\\/2de5d9ab-san-estanislao-de-kostka.jpg\",\"keywords\":[\"San Estanislao de Kostka\",\"Santoral\",\"Trending\"],\"articleSection\":[\"Santoral\"],\"inLanguage\":\"es\"},{\"@type\":\"WebPage\",\"@id\":\"https:\\\/\\\/exaudi.org\\\/es\\\/san-estanislao-de-kostka-15-agosto\\\/\",\"url\":\"https:\\\/\\\/exaudi.org\\\/es\\\/san-estanislao-de-kostka-15-agosto\\\/\",\"name\":\"San Estanislao de Kostka, 15 de agosto - Exaudi\",\"isPartOf\":{\"@id\":\"https:\\\/\\\/exaudi.org\\\/#website\"},\"primaryImageOfPage\":{\"@id\":\"https:\\\/\\\/exaudi.org\\\/es\\\/san-estanislao-de-kostka-15-agosto\\\/#primaryimage\"},\"image\":{\"@id\":\"https:\\\/\\\/exaudi.org\\\/es\\\/san-estanislao-de-kostka-15-agosto\\\/#primaryimage\"},\"thumbnailUrl\":\"https:\\\/\\\/exaudi.org\\\/wp-content\\\/uploads\\\/2021\\\/08\\\/2de5d9ab-san-estanislao-de-kostka.jpg\",\"datePublished\":\"2025-08-15T05:30:13+00:00\",\"author\":{\"@id\":\"https:\\\/\\\/exaudi.org\\\/#\\\/schema\\\/person\\\/64e18b96fd6118559a9217b5b3375fdc\"},\"description\":\"Santoral del 15 de agosto, san Estanislao de Kostka, por Isabel Orellana Vilches y editado por la Fundaci\u00f3n Fernando Rielo\",\"breadcrumb\":{\"@id\":\"https:\\\/\\\/exaudi.org\\\/es\\\/san-estanislao-de-kostka-15-agosto\\\/#breadcrumb\"},\"inLanguage\":\"es\",\"potentialAction\":[{\"@type\":\"ReadAction\",\"target\":[\"https:\\\/\\\/exaudi.org\\\/es\\\/san-estanislao-de-kostka-15-agosto\\\/\"]}]},{\"@type\":\"ImageObject\",\"inLanguage\":\"es\",\"@id\":\"https:\\\/\\\/exaudi.org\\\/es\\\/san-estanislao-de-kostka-15-agosto\\\/#primaryimage\",\"url\":\"https:\\\/\\\/exaudi.org\\\/wp-content\\\/uploads\\\/2021\\\/08\\\/2de5d9ab-san-estanislao-de-kostka.jpg\",\"contentUrl\":\"https:\\\/\\\/exaudi.org\\\/wp-content\\\/uploads\\\/2021\\\/08\\\/2de5d9ab-san-estanislao-de-kostka.jpg\",\"width\":1113,\"height\":554,\"caption\":\"San Estanislao de Kostka \u00a9 New Fire\"},{\"@type\":\"BreadcrumbList\",\"@id\":\"https:\\\/\\\/exaudi.org\\\/es\\\/san-estanislao-de-kostka-15-agosto\\\/#breadcrumb\",\"itemListElement\":[{\"@type\":\"ListItem\",\"position\":1,\"name\":\"Portada\",\"item\":\"https:\\\/\\\/exaudi.org\\\/es\\\/\"},{\"@type\":\"ListItem\",\"position\":2,\"name\":\"San Estanislao de Kostka, 15 de agosto\"}]},{\"@type\":\"WebSite\",\"@id\":\"https:\\\/\\\/exaudi.org\\\/#website\",\"url\":\"https:\\\/\\\/exaudi.org\\\/\",\"name\":\"Exaudi\",\"description\":\"News\",\"potentialAction\":[{\"@type\":\"SearchAction\",\"target\":{\"@type\":\"EntryPoint\",\"urlTemplate\":\"https:\\\/\\\/exaudi.org\\\/?s={search_term_string}\"},\"query-input\":{\"@type\":\"PropertyValueSpecification\",\"valueRequired\":true,\"valueName\":\"search_term_string\"}}],\"inLanguage\":\"es\"},{\"@type\":\"Person\",\"@id\":\"https:\\\/\\\/exaudi.org\\\/#\\\/schema\\\/person\\\/64e18b96fd6118559a9217b5b3375fdc\",\"name\":\"Isabel Orellana\",\"image\":{\"@type\":\"ImageObject\",\"inLanguage\":\"es\",\"@id\":\"https:\\\/\\\/secure.gravatar.com\\\/avatar\\\/51968380bbb6b22ae85c605634860366fd9a2a611c6341125115bca32cd6c171?s=96&d=mm&r=g\",\"url\":\"https:\\\/\\\/secure.gravatar.com\\\/avatar\\\/51968380bbb6b22ae85c605634860366fd9a2a611c6341125115bca32cd6c171?s=96&d=mm&r=g\",\"contentUrl\":\"https:\\\/\\\/secure.gravatar.com\\\/avatar\\\/51968380bbb6b22ae85c605634860366fd9a2a611c6341125115bca32cd6c171?s=96&d=mm&r=g\",\"caption\":\"Isabel Orellana\"},\"description\":\"Isabel Orellana Vilches Misionera idente. Doctora en Filosof\u00eda por la Universidad Aut\u00f3noma de Barcelona con la tesis Realismo y progreso cient\u00edfico en la epistemolog\u00eda popperiana. Ha cursado estudios de teolog\u00eda en la Universidad Pontificia de Salamanca. Con amplia actividad docente desde 1986, ha publicado libros como: Realismo y progreso cient\u00edfico en la epistemolog\u00eda popperiana, Universitat Aut\u00f2noma de Barcelona, 1993; El evangelio habla a los j\u00f3venes, Atenas, Madrid, 1997; Qu\u00e9 es... LA TOLERANCIA, Paulinas, Madrid, 1999; Pedagog\u00eda del dolor. Ensayo antropol\u00f3gico, Palabra, Madrid, 1999; En colaboraci\u00f3n con Enrique Rivera de Ventosa (\u2020) OFM. Cap. San Francisco de As\u00eds y Fernando Rielo: Convergencias. Respuestas desde la fe a los interrogantes del hombre de hoy, Universidad Pontificia, Salamanca, 2001; La \\\"mirada\\\" del cine. Recursos did\u00e1cticos del s\u00e9ptimo arte. Librer\u00eda Cervantes, Salamanca, 2001; Paradojas de la convivencia, San Pablo, Madrid, 2002; En la Universidad T\u00e9cnica Particular de Loja, Ecuador, ha publicado: La confianza. El arte de amar, 2002; Educar para la responsabilidad, 2003; Apuntes de \u00e9tica en Karl R. Popper, 2003; De soledades y comunicaci\u00f3n, 2005; Yo educo; t\u00fa respondes, 2008; Humanismo y fe en un crisol de culturas, 2008; Repensar lo cotidiano, 2008; Convivir: un constante desaf\u00edo, 2009; La l\u00f3gica del amor, 2010; El dolor del amor. Apuntes sobre la enfermedad y el dolor en relaci\u00f3n con la virtud heroica, el martirio y la vida santa. Seminario Diocesano de M\u00e1laga, 2006 y Universidad T\u00e9cnica Particular de Loja, Ecuador (2007). Cuenta con numerosas colaboraciones en obras colectivas, as\u00ed como relatos, cuentos, f\u00e1bula y novela juvenil, adem\u00e1s de art\u00edculos de tem\u00e1tica cient\u00edfica, pedag\u00f3gica y espiritual, que viene publicando en distintas revistas nacionales e internacionales. En 2012 culmin\u00f3 el santoral Llamados a ser santos y poco m\u00e1s tarde Epopeyas de amor prologado por mons. Fernando Sebasti\u00e1n. Es la bi\u00f3grafa oficial del fundador de su familia espiritual, autora de Fernando Rielo Pardal. Fundador de los Misioneros Identes, Descl\u00e9e de Brouwer, Bilbao, 2009. Culmina la biograf\u00eda completa. Encargada del santoral de ZENIT desde 2012 a 2020 y ahora en Exaudi\",\"url\":\"https:\\\/\\\/exaudi.org\\\/es\\\/author\\\/isabelorellana\\\/\"}]}<\/script>\n<!-- \/ Yoast SEO plugin. -->","yoast_head_json":{"title":"San Estanislao de Kostka, 15 de agosto - Exaudi","description":"Santoral del 15 de agosto, san Estanislao de Kostka, por Isabel Orellana Vilches y editado por la Fundaci\u00f3n Fernando Rielo","robots":{"index":"index","follow":"follow","max-snippet":"max-snippet:-1","max-image-preview":"max-image-preview:large","max-video-preview":"max-video-preview:-1"},"canonical":"https:\/\/exaudi.org\/es\/san-estanislao-de-kostka-15-agosto\/","og_locale":"es_ES","og_type":"article","og_title":"San Estanislao de Kostka, 15 de agosto - Exaudi","og_description":"Santoral del 15 de agosto, san Estanislao de Kostka, por Isabel Orellana Vilches y editado por la Fundaci\u00f3n Fernando Rielo","og_url":"https:\/\/exaudi.org\/es\/san-estanislao-de-kostka-15-agosto\/","og_site_name":"Exaudi","article_publisher":"https:\/\/www.facebook.com\/ExaudiNews","article_published_time":"2025-08-15T05:30:13+00:00","og_image":[{"width":1113,"height":554,"url":"https:\/\/exaudi.org\/wp-content\/uploads\/2021\/08\/2de5d9ab-san-estanislao-de-kostka.jpg","type":"image\/jpeg"}],"author":"Isabel Orellana","twitter_card":"summary_large_image","twitter_creator":"@Exaudi_News","twitter_site":"@Exaudi_News","twitter_misc":{"Escrito por":"Isabel Orellana","Tiempo de lectura":"6 minutos"},"schema":{"@context":"https:\/\/schema.org","@graph":[{"@type":"Article","@id":"https:\/\/exaudi.org\/es\/san-estanislao-de-kostka-15-agosto\/#article","isPartOf":{"@id":"https:\/\/exaudi.org\/es\/san-estanislao-de-kostka-15-agosto\/"},"author":{"name":"Isabel Orellana","@id":"https:\/\/exaudi.org\/#\/schema\/person\/64e18b96fd6118559a9217b5b3375fdc"},"headline":"San Estanislao de Kostka, 15 de agosto","datePublished":"2025-08-15T05:30:13+00:00","mainEntityOfPage":{"@id":"https:\/\/exaudi.org\/es\/san-estanislao-de-kostka-15-agosto\/"},"wordCount":1178,"image":{"@id":"https:\/\/exaudi.org\/es\/san-estanislao-de-kostka-15-agosto\/#primaryimage"},"thumbnailUrl":"https:\/\/exaudi.org\/wp-content\/uploads\/2021\/08\/2de5d9ab-san-estanislao-de-kostka.jpg","keywords":["San Estanislao de Kostka","Santoral","Trending"],"articleSection":["Santoral"],"inLanguage":"es"},{"@type":"WebPage","@id":"https:\/\/exaudi.org\/es\/san-estanislao-de-kostka-15-agosto\/","url":"https:\/\/exaudi.org\/es\/san-estanislao-de-kostka-15-agosto\/","name":"San Estanislao de Kostka, 15 de agosto - Exaudi","isPartOf":{"@id":"https:\/\/exaudi.org\/#website"},"primaryImageOfPage":{"@id":"https:\/\/exaudi.org\/es\/san-estanislao-de-kostka-15-agosto\/#primaryimage"},"image":{"@id":"https:\/\/exaudi.org\/es\/san-estanislao-de-kostka-15-agosto\/#primaryimage"},"thumbnailUrl":"https:\/\/exaudi.org\/wp-content\/uploads\/2021\/08\/2de5d9ab-san-estanislao-de-kostka.jpg","datePublished":"2025-08-15T05:30:13+00:00","author":{"@id":"https:\/\/exaudi.org\/#\/schema\/person\/64e18b96fd6118559a9217b5b3375fdc"},"description":"Santoral del 15 de agosto, san Estanislao de Kostka, por Isabel Orellana Vilches y editado por la Fundaci\u00f3n Fernando Rielo","breadcrumb":{"@id":"https:\/\/exaudi.org\/es\/san-estanislao-de-kostka-15-agosto\/#breadcrumb"},"inLanguage":"es","potentialAction":[{"@type":"ReadAction","target":["https:\/\/exaudi.org\/es\/san-estanislao-de-kostka-15-agosto\/"]}]},{"@type":"ImageObject","inLanguage":"es","@id":"https:\/\/exaudi.org\/es\/san-estanislao-de-kostka-15-agosto\/#primaryimage","url":"https:\/\/exaudi.org\/wp-content\/uploads\/2021\/08\/2de5d9ab-san-estanislao-de-kostka.jpg","contentUrl":"https:\/\/exaudi.org\/wp-content\/uploads\/2021\/08\/2de5d9ab-san-estanislao-de-kostka.jpg","width":1113,"height":554,"caption":"San Estanislao de Kostka \u00a9 New Fire"},{"@type":"BreadcrumbList","@id":"https:\/\/exaudi.org\/es\/san-estanislao-de-kostka-15-agosto\/#breadcrumb","itemListElement":[{"@type":"ListItem","position":1,"name":"Portada","item":"https:\/\/exaudi.org\/es\/"},{"@type":"ListItem","position":2,"name":"San Estanislao de Kostka, 15 de agosto"}]},{"@type":"WebSite","@id":"https:\/\/exaudi.org\/#website","url":"https:\/\/exaudi.org\/","name":"Exaudi","description":"News","potentialAction":[{"@type":"SearchAction","target":{"@type":"EntryPoint","urlTemplate":"https:\/\/exaudi.org\/?s={search_term_string}"},"query-input":{"@type":"PropertyValueSpecification","valueRequired":true,"valueName":"search_term_string"}}],"inLanguage":"es"},{"@type":"Person","@id":"https:\/\/exaudi.org\/#\/schema\/person\/64e18b96fd6118559a9217b5b3375fdc","name":"Isabel Orellana","image":{"@type":"ImageObject","inLanguage":"es","@id":"https:\/\/secure.gravatar.com\/avatar\/51968380bbb6b22ae85c605634860366fd9a2a611c6341125115bca32cd6c171?s=96&d=mm&r=g","url":"https:\/\/secure.gravatar.com\/avatar\/51968380bbb6b22ae85c605634860366fd9a2a611c6341125115bca32cd6c171?s=96&d=mm&r=g","contentUrl":"https:\/\/secure.gravatar.com\/avatar\/51968380bbb6b22ae85c605634860366fd9a2a611c6341125115bca32cd6c171?s=96&d=mm&r=g","caption":"Isabel Orellana"},"description":"Isabel Orellana Vilches Misionera idente. Doctora en Filosof\u00eda por la Universidad Aut\u00f3noma de Barcelona con la tesis Realismo y progreso cient\u00edfico en la epistemolog\u00eda popperiana. Ha cursado estudios de teolog\u00eda en la Universidad Pontificia de Salamanca. Con amplia actividad docente desde 1986, ha publicado libros como: Realismo y progreso cient\u00edfico en la epistemolog\u00eda popperiana, Universitat Aut\u00f2noma de Barcelona, 1993; El evangelio habla a los j\u00f3venes, Atenas, Madrid, 1997; Qu\u00e9 es... LA TOLERANCIA, Paulinas, Madrid, 1999; Pedagog\u00eda del dolor. Ensayo antropol\u00f3gico, Palabra, Madrid, 1999; En colaboraci\u00f3n con Enrique Rivera de Ventosa (\u2020) OFM. Cap. San Francisco de As\u00eds y Fernando Rielo: Convergencias. Respuestas desde la fe a los interrogantes del hombre de hoy, Universidad Pontificia, Salamanca, 2001; La \"mirada\" del cine. Recursos did\u00e1cticos del s\u00e9ptimo arte. Librer\u00eda Cervantes, Salamanca, 2001; Paradojas de la convivencia, San Pablo, Madrid, 2002; En la Universidad T\u00e9cnica Particular de Loja, Ecuador, ha publicado: La confianza. El arte de amar, 2002; Educar para la responsabilidad, 2003; Apuntes de \u00e9tica en Karl R. Popper, 2003; De soledades y comunicaci\u00f3n, 2005; Yo educo; t\u00fa respondes, 2008; Humanismo y fe en un crisol de culturas, 2008; Repensar lo cotidiano, 2008; Convivir: un constante desaf\u00edo, 2009; La l\u00f3gica del amor, 2010; El dolor del amor. Apuntes sobre la enfermedad y el dolor en relaci\u00f3n con la virtud heroica, el martirio y la vida santa. Seminario Diocesano de M\u00e1laga, 2006 y Universidad T\u00e9cnica Particular de Loja, Ecuador (2007). Cuenta con numerosas colaboraciones en obras colectivas, as\u00ed como relatos, cuentos, f\u00e1bula y novela juvenil, adem\u00e1s de art\u00edculos de tem\u00e1tica cient\u00edfica, pedag\u00f3gica y espiritual, que viene publicando en distintas revistas nacionales e internacionales. En 2012 culmin\u00f3 el santoral Llamados a ser santos y poco m\u00e1s tarde Epopeyas de amor prologado por mons. Fernando Sebasti\u00e1n. Es la bi\u00f3grafa oficial del fundador de su familia espiritual, autora de Fernando Rielo Pardal. Fundador de los Misioneros Identes, Descl\u00e9e de Brouwer, Bilbao, 2009. Culmina la biograf\u00eda completa. Encargada del santoral de ZENIT desde 2012 a 2020 y ahora en Exaudi","url":"https:\/\/exaudi.org\/es\/author\/isabelorellana\/"}]}},"jetpack_featured_media_url":"https:\/\/exaudi.org\/wp-content\/uploads\/2021\/08\/2de5d9ab-san-estanislao-de-kostka.jpg","jetpack_shortlink":"https:\/\/wp.me\/pgKjF2-7QM","_links":{"self":[{"href":"https:\/\/exaudi.org\/es\/wp-json\/wp\/v2\/posts\/30180","targetHints":{"allow":["GET"]}}],"collection":[{"href":"https:\/\/exaudi.org\/es\/wp-json\/wp\/v2\/posts"}],"about":[{"href":"https:\/\/exaudi.org\/es\/wp-json\/wp\/v2\/types\/post"}],"author":[{"embeddable":true,"href":"https:\/\/exaudi.org\/es\/wp-json\/wp\/v2\/users\/23"}],"replies":[{"embeddable":true,"href":"https:\/\/exaudi.org\/es\/wp-json\/wp\/v2\/comments?post=30180"}],"version-history":[{"count":2,"href":"https:\/\/exaudi.org\/es\/wp-json\/wp\/v2\/posts\/30180\/revisions"}],"predecessor-version":[{"id":131605,"href":"https:\/\/exaudi.org\/es\/wp-json\/wp\/v2\/posts\/30180\/revisions\/131605"}],"wp:featuredmedia":[{"embeddable":true,"href":"https:\/\/exaudi.org\/es\/wp-json\/wp\/v2\/media\/30181"}],"wp:attachment":[{"href":"https:\/\/exaudi.org\/es\/wp-json\/wp\/v2\/media?parent=30180"}],"wp:term":[{"taxonomy":"category","embeddable":true,"href":"https:\/\/exaudi.org\/es\/wp-json\/wp\/v2\/categories?post=30180"},{"taxonomy":"post_tag","embeddable":true,"href":"https:\/\/exaudi.org\/es\/wp-json\/wp\/v2\/tags?post=30180"}],"curies":[{"name":"wp","href":"https:\/\/api.w.org\/{rel}","templated":true}]}}