{"id":30159,"date":"2021-08-16T09:00:26","date_gmt":"2021-08-16T07:00:26","guid":{"rendered":"https:\/\/exaudi.wpengine.com\/?p=30159"},"modified":"2021-08-13T11:36:51","modified_gmt":"2021-08-13T09:36:51","slug":"teologia-millennials-waze-libertad-dios","status":"publish","type":"post","link":"https:\/\/exaudi.org\/es\/teologia-millennials-waze-libertad-dios\/","title":{"rendered":"Teolog\u00eda para Millennials: El Waze, la libertad y Dios"},"content":{"rendered":"<p>Hoy, lunes 2 de agosto de 2021, en \u201c<a href=\"https:\/\/teologiaparamillennials.com\/\">Teolog\u00eda para Millennials<\/a>\u201d, el sacerdote mexicano\u00a0<a href=\"https:\/\/exaudi.wpengine.com\/es\/author\/padremarioarroyo\/\" target=\"_blank\" rel=\"noopener noreferrer\">Mario Arroyo Mart\u00ednez<\/a>, comparte con los lectores de Exaudi su art\u00edculo semanal titulado \u201cEl Waze, la libertad y Dios\u201d, en el que reflexiona sobre el misterio de la elecci\u00f3n divina.<\/p>\n<p>***<\/p>\n<p><span style=\"font-weight: 400\">Pregunta Roberto, alumno de filosof\u00eda, \u201c\u00bfPadre, en el Cielo perderemos la libertad? Pues ya no podremos no elegir a Dios, no podremos elegir algo distinto de Dios, no seremos libres.\u201d Debo reconocer que de momento me dej\u00f3 fr\u00edo la pregunta, no se la pude responder. <\/span><\/p>\n<p><span style=\"font-weight: 400\">Ten\u00eda dos cosas claras, pero no sab\u00eda explicar c\u00f3mo se conjuntaban: que en el Cielo no perdemos la libertad, y que en el Cielo no podemos no elegir a Dios. El misterio era: conserv\u00e1bamos la libertad y perd\u00edamos la capacidad de elegir. Me sonaba un poco al absurdo, a un c\u00edrculo cuadrado, algo contradictorio. Meses despu\u00e9s escuch\u00e9 una conferencia del Dr. \u00c1ngel Rodr\u00edguez Lu\u00f1o, que me esclareci\u00f3 bastante la cuesti\u00f3n. Sirvan estas l\u00edneas como respuesta tard\u00eda a Roberto, pues en su momento no se la pude ofrecer.\u00a0<\/span><\/p>\n<p><span style=\"font-weight: 400\">La clave de la cuesti\u00f3n es tomar como punto de referencia la libertad de Dios. En Dios, por ejemplo, la procesi\u00f3n del Esp\u00edritu Santo, es decir, la procesi\u00f3n del Amor en Dios, es necesaria y libre al mismo tiempo. El Amor no puede sino ser libre, el Esp\u00edritu Santo, Amor subsistente entre el Padre y el Hijo procede con necesidad de Ellos y es libre.\u00a0<\/span><\/p>\n<p><span style=\"font-weight: 400\">Esto, que pareciera muy abstracto, tiene su l\u00f3gica y su aplicaci\u00f3n en nuestra vida corriente. Podr\u00eda expresarse con la pregunta, \u00bfla inteligencia artificial eliminar\u00e1 nuestra libertad? Es decir, \u00bfel Waze me quita la libertad? Pareciera que la libertad estar\u00eda afincada en nuestra capacidad de equivocaci\u00f3n, en la limitaci\u00f3n de nuestro conocimiento. <\/span><\/p>\n<p><span style=\"font-weight: 400\">Porque somos libres podemos elegir, porque somos libres, podemos hacer el bien y el mal. \u00bfPero qu\u00e9 pasa cuando tengo certeza de lo mejor? Nadie me obliga a seguir la ruta se\u00f1alada por el Waze, pero la sigo porque s\u00e9 que es la mejor, la m\u00e1s r\u00e1pida. Conforme la inteligencia artificial vaya avanzando, cada vez ser\u00e1n menos frecuentes nuestras decisiones, pues si tenemos sentido com\u00fan, seguiremos lo que nos indique la IA.<\/span><\/p>\n<p><span style=\"font-weight: 400\">Pero hay algo viciado en esta visi\u00f3n de la libertad. Pues liga necesariamente libertad e imperfecci\u00f3n. Pero si Dios es perfecto y es libre, algo no concuerda. Si la libertad es \u201csigno eminente de la imagen divina en el hombre\u201d, algo debe estar mal. O si no, el mundo feliz al que nos encamina la inteligencia artificial, ser\u00e1 feliz precisamente porque no ser\u00e1 libre. Pero todos tenemos la experiencia de que, sin libertad, no somos felices.<\/span><\/p>\n<p><span style=\"font-weight: 400\">La clave del \u201cnudo gordiano\u201d, que resuelve la apor\u00eda de la libertad tanto en Dios como en el Waze, est\u00e1 en replantear su noci\u00f3n. M\u00e1s que en la capacidad de elegir \u2013que tambi\u00e9n lo es-, la libertad estribar\u00eda en la afirmaci\u00f3n del bien. M\u00e1s que en la elecci\u00f3n estar\u00eda en la libre afirmaci\u00f3n del bien. <\/span><\/p>\n<p><span style=\"font-weight: 400\">Cuando elijo el camino se\u00f1alado por el Waze no pierdo la capacidad de irme por otra ruta, pero escojo esa por ser la mejor. An\u00e1logamente, cuando en el Cielo elijo a Dios, afirmo libremente ese bien, que es Dios; la diferencia es que, al saturar mi capacidad de bien, es decir, de lo que justifica mi elecci\u00f3n, ya no tengo posibilidad de elegir otra cosa; a diferencia del Waze, pues \u00e9ste no es el bien absoluto, sino uno parcial.<\/span><\/p>\n<p><span style=\"font-weight: 400\">Tanto la teolog\u00eda como la inteligencia artificial nos conducen a la misma conclusi\u00f3n. La libertad es capacidad de elegir, pero no es eso primordialmente. Fundamentalmente es afirmaci\u00f3n del bien, porque es bueno. As\u00ed encuentra su sentido la libertad, que est\u00e1 hecha para el amor y no para el pecado, aunque gracias a la libertad puedo pecar. <\/span><\/p>\n<p><span style=\"font-weight: 400\">Su plenitud, sin embargo, no est\u00e1 en el pecado, ni en la carencia de informaci\u00f3n adecuada, sino en el amor al bien. M\u00e1s grande es la libertad cuando el objeto de su amor es m\u00e1s elevado, llegando a ser absoluta, cuando el objeto de su amor es Dios.<\/span><\/p>\n<p><span style=\"font-weight: 400\">Esto tiene consecuencias pr\u00e1cticas en la vida ordinaria. Pues me induce a que libremente escoja lo mejor, porque es bueno. A que busque hacer las cosas amando, pues as\u00ed doy plenitud a mi libertad, a que busque a Dios como mi sumo bien, y no caiga en la falacia de hacer el mal justific\u00e1ndolo en mi libertad. La libertad se pierde, en efecto, por el pecado, porque engendra el vicio. Lo que libremente eleg\u00ed mal, termina por arrebatarme la libertad. Cuando elijo libremente el bien, consolido mi libertad.<\/span><\/p>\n","protected":false},"excerpt":{"rendered":"<p>Misterio de la elecci\u00f3n<\/p>\n","protected":false},"author":22,"featured_media":30160,"comment_status":"closed","ping_status":"closed","sticky":false,"template":"","format":"standard","meta":{"_acf_changed":false,"_crdt_document":"","inline_featured_image":false,"footnotes":""},"categories":[130],"tags":[3241,2419,1542,459],"class_list":["post-30159","post","type-post","status-publish","format-standard","has-post-thumbnail","hentry","category-voces","tag-dios","tag-featured","tag-libertad","tag-teologia-para-millennials"],"acf":[],"yoast_head":"<!-- This site is optimized with the Yoast SEO plugin v27.5 - https:\/\/yoast.com\/product\/yoast-seo-wordpress\/ -->\n<title>Teolog\u00eda para Millennials: El Waze, la libertad y Dios - Exaudi<\/title>\n<meta name=\"description\" content=\"En \u201cTeolog\u00eda para Millennials\u201d, el padre Mario Arroyo Mart\u00ednez comparte su art\u00edculo semanal titulado \u201cEl Waze, la libertad y Dios\u201d\" \/>\n<meta name=\"robots\" content=\"index, follow, max-snippet:-1, max-image-preview:large, max-video-preview:-1\" \/>\n<link rel=\"canonical\" href=\"https:\/\/exaudi.org\/es\/teologia-millennials-waze-libertad-dios\/\" \/>\n<meta property=\"og:locale\" content=\"es_ES\" \/>\n<meta property=\"og:type\" content=\"article\" \/>\n<meta property=\"og:title\" content=\"Teolog\u00eda para Millennials: El Waze, la libertad y Dios - Exaudi\" \/>\n<meta property=\"og:description\" content=\"En \u201cTeolog\u00eda para Millennials\u201d, el padre Mario Arroyo Mart\u00ednez comparte su art\u00edculo semanal titulado \u201cEl Waze, la libertad y Dios\u201d\" \/>\n<meta property=\"og:url\" content=\"https:\/\/exaudi.org\/es\/teologia-millennials-waze-libertad-dios\/\" \/>\n<meta property=\"og:site_name\" content=\"Exaudi\" \/>\n<meta property=\"article:publisher\" content=\"https:\/\/www.facebook.com\/ExaudiNews\" \/>\n<meta property=\"article:published_time\" content=\"2021-08-16T07:00:26+00:00\" \/>\n<meta property=\"og:image\" content=\"https:\/\/exaudi.org\/wp-content\/uploads\/2021\/08\/6bh566-scaled.jpg\" \/>\n\t<meta property=\"og:image:width\" content=\"2560\" \/>\n\t<meta property=\"og:image:height\" content=\"1695\" \/>\n\t<meta property=\"og:image:type\" content=\"image\/jpeg\" \/>\n<meta name=\"author\" content=\"Mario Arroyo\" \/>\n<meta name=\"twitter:card\" content=\"summary_large_image\" \/>\n<meta name=\"twitter:creator\" content=\"@Exaudi_News\" \/>\n<meta name=\"twitter:site\" content=\"@Exaudi_News\" \/>\n<meta name=\"twitter:label1\" content=\"Escrito por\" \/>\n\t<meta name=\"twitter:data1\" content=\"Mario Arroyo\" \/>\n\t<meta name=\"twitter:label2\" content=\"Tiempo de lectura\" \/>\n\t<meta name=\"twitter:data2\" content=\"4 minutos\" \/>\n<script type=\"application\/ld+json\" class=\"yoast-schema-graph\">{\"@context\":\"https:\\\/\\\/schema.org\",\"@graph\":[{\"@type\":\"Article\",\"@id\":\"https:\\\/\\\/exaudi.org\\\/es\\\/teologia-millennials-waze-libertad-dios\\\/#article\",\"isPartOf\":{\"@id\":\"https:\\\/\\\/exaudi.org\\\/es\\\/teologia-millennials-waze-libertad-dios\\\/\"},\"author\":{\"name\":\"Mario Arroyo\",\"@id\":\"https:\\\/\\\/exaudi.org\\\/#\\\/schema\\\/person\\\/2195e6e643f4a07a343345d49e4e6985\"},\"headline\":\"Teolog\u00eda para Millennials: El Waze, la libertad y Dios\",\"datePublished\":\"2021-08-16T07:00:26+00:00\",\"mainEntityOfPage\":{\"@id\":\"https:\\\/\\\/exaudi.org\\\/es\\\/teologia-millennials-waze-libertad-dios\\\/\"},\"wordCount\":831,\"image\":{\"@id\":\"https:\\\/\\\/exaudi.org\\\/es\\\/teologia-millennials-waze-libertad-dios\\\/#primaryimage\"},\"thumbnailUrl\":\"https:\\\/\\\/exaudi.org\\\/wp-content\\\/uploads\\\/2021\\\/08\\\/6bh566-scaled.jpg\",\"keywords\":[\"Dios\",\"Featured\",\"Libertad\",\"Teolog\u00eda para Millennials\"],\"articleSection\":[\"Voces\"],\"inLanguage\":\"es\"},{\"@type\":\"WebPage\",\"@id\":\"https:\\\/\\\/exaudi.org\\\/es\\\/teologia-millennials-waze-libertad-dios\\\/\",\"url\":\"https:\\\/\\\/exaudi.org\\\/es\\\/teologia-millennials-waze-libertad-dios\\\/\",\"name\":\"Teolog\u00eda para Millennials: El Waze, la libertad y Dios - Exaudi\",\"isPartOf\":{\"@id\":\"https:\\\/\\\/exaudi.org\\\/#website\"},\"primaryImageOfPage\":{\"@id\":\"https:\\\/\\\/exaudi.org\\\/es\\\/teologia-millennials-waze-libertad-dios\\\/#primaryimage\"},\"image\":{\"@id\":\"https:\\\/\\\/exaudi.org\\\/es\\\/teologia-millennials-waze-libertad-dios\\\/#primaryimage\"},\"thumbnailUrl\":\"https:\\\/\\\/exaudi.org\\\/wp-content\\\/uploads\\\/2021\\\/08\\\/6bh566-scaled.jpg\",\"datePublished\":\"2021-08-16T07:00:26+00:00\",\"author\":{\"@id\":\"https:\\\/\\\/exaudi.org\\\/#\\\/schema\\\/person\\\/2195e6e643f4a07a343345d49e4e6985\"},\"description\":\"En \u201cTeolog\u00eda para Millennials\u201d, el padre Mario Arroyo Mart\u00ednez comparte su art\u00edculo semanal titulado \u201cEl Waze, la libertad y Dios\u201d\",\"breadcrumb\":{\"@id\":\"https:\\\/\\\/exaudi.org\\\/es\\\/teologia-millennials-waze-libertad-dios\\\/#breadcrumb\"},\"inLanguage\":\"es\",\"potentialAction\":[{\"@type\":\"ReadAction\",\"target\":[\"https:\\\/\\\/exaudi.org\\\/es\\\/teologia-millennials-waze-libertad-dios\\\/\"]}]},{\"@type\":\"ImageObject\",\"inLanguage\":\"es\",\"@id\":\"https:\\\/\\\/exaudi.org\\\/es\\\/teologia-millennials-waze-libertad-dios\\\/#primaryimage\",\"url\":\"https:\\\/\\\/exaudi.org\\\/wp-content\\\/uploads\\\/2021\\\/08\\\/6bh566-scaled.jpg\",\"contentUrl\":\"https:\\\/\\\/exaudi.org\\\/wp-content\\\/uploads\\\/2021\\\/08\\\/6bh566-scaled.jpg\",\"width\":2560,\"height\":1695,\"caption\":\"Imagen del Sant\u00edsimo iluminado \u00a9 Cathopic\"},{\"@type\":\"BreadcrumbList\",\"@id\":\"https:\\\/\\\/exaudi.org\\\/es\\\/teologia-millennials-waze-libertad-dios\\\/#breadcrumb\",\"itemListElement\":[{\"@type\":\"ListItem\",\"position\":1,\"name\":\"Portada\",\"item\":\"https:\\\/\\\/exaudi.org\\\/es\\\/\"},{\"@type\":\"ListItem\",\"position\":2,\"name\":\"Teolog\u00eda para Millennials: El Waze, la libertad y Dios\"}]},{\"@type\":\"WebSite\",\"@id\":\"https:\\\/\\\/exaudi.org\\\/#website\",\"url\":\"https:\\\/\\\/exaudi.org\\\/\",\"name\":\"Exaudi\",\"description\":\"News\",\"potentialAction\":[{\"@type\":\"SearchAction\",\"target\":{\"@type\":\"EntryPoint\",\"urlTemplate\":\"https:\\\/\\\/exaudi.org\\\/?s={search_term_string}\"},\"query-input\":{\"@type\":\"PropertyValueSpecification\",\"valueRequired\":true,\"valueName\":\"search_term_string\"}}],\"inLanguage\":\"es\"},{\"@type\":\"Person\",\"@id\":\"https:\\\/\\\/exaudi.org\\\/#\\\/schema\\\/person\\\/2195e6e643f4a07a343345d49e4e6985\",\"name\":\"Mario Arroyo\",\"image\":{\"@type\":\"ImageObject\",\"inLanguage\":\"es\",\"@id\":\"https:\\\/\\\/secure.gravatar.com\\\/avatar\\\/0e2dddc1d3bf207409f5b4d542cef9a9955ad497448376a1621fcb1df592d137?s=96&d=mm&r=g\",\"url\":\"https:\\\/\\\/secure.gravatar.com\\\/avatar\\\/0e2dddc1d3bf207409f5b4d542cef9a9955ad497448376a1621fcb1df592d137?s=96&d=mm&r=g\",\"contentUrl\":\"https:\\\/\\\/secure.gravatar.com\\\/avatar\\\/0e2dddc1d3bf207409f5b4d542cef9a9955ad497448376a1621fcb1df592d137?s=96&d=mm&r=g\",\"caption\":\"Mario Arroyo\"},\"description\":\"Licenciado en Filosof\u00eda por la Universidad Panamericana, M\u00e9xico 1996, ostenta el bachiller en Teolog\u00eda por la Pontificia Universidad de la Santa Cruz, Roma 1999. Doctor en Filosof\u00eda por la Pontificia Universidad de la Santa Cruz, Roma 2002. Ordenado sacerdote en Torreciudad, Espa\u00f1a, en 2002. Autor de: Poder, Dinero y Santidad, Lima 2012; Ciencia y Fe. Un equilibrio posible, UCSS, Lima 2015; Ciencia y Fe. Situaci\u00f3n actual, Facultad de Teolog\u00eda Pontificia y Civil de Lima, Lima 2016; La Iglesia y los Homosexuales. Un falso conflicto, Facultad de Teolog\u00eda Pontificia y Civil de Lima, Lima 2017. Coautor de Dios Busca al Hombre, CDSCO, Lima 2013; Neurona mata esp\u00edritu, Amazon, Lima 2018; Teolog\u00eda para Millennials, Amazon, Lima 2018. El padre Mario es columnista de los portales peruanos Cr\u00f3nica Viva, La abeja y Lucidez, as\u00ed como de los peri\u00f3dicos mexicanos Mural, Expreso, del portal mexicano Vox Fides y de ZENIT. Capell\u00e1n de la Universidad de Piura, Campus de Lima durante los cursos 2017 y 2018. Actualmente, profesor de Teolog\u00eda en la Universidad Panamericana, Ciudad de M\u00e9xico.\",\"url\":\"https:\\\/\\\/exaudi.org\\\/es\\\/author\\\/padremarioarroyo\\\/\"}]}<\/script>\n<!-- \/ Yoast SEO plugin. -->","yoast_head_json":{"title":"Teolog\u00eda para Millennials: El Waze, la libertad y Dios - Exaudi","description":"En \u201cTeolog\u00eda para Millennials\u201d, el padre Mario Arroyo Mart\u00ednez comparte su art\u00edculo semanal titulado \u201cEl Waze, la libertad y Dios\u201d","robots":{"index":"index","follow":"follow","max-snippet":"max-snippet:-1","max-image-preview":"max-image-preview:large","max-video-preview":"max-video-preview:-1"},"canonical":"https:\/\/exaudi.org\/es\/teologia-millennials-waze-libertad-dios\/","og_locale":"es_ES","og_type":"article","og_title":"Teolog\u00eda para Millennials: El Waze, la libertad y Dios - Exaudi","og_description":"En \u201cTeolog\u00eda para Millennials\u201d, el padre Mario Arroyo Mart\u00ednez comparte su art\u00edculo semanal titulado \u201cEl Waze, la libertad y Dios\u201d","og_url":"https:\/\/exaudi.org\/es\/teologia-millennials-waze-libertad-dios\/","og_site_name":"Exaudi","article_publisher":"https:\/\/www.facebook.com\/ExaudiNews","article_published_time":"2021-08-16T07:00:26+00:00","og_image":[{"width":2560,"height":1695,"url":"https:\/\/exaudi.org\/wp-content\/uploads\/2021\/08\/6bh566-scaled.jpg","type":"image\/jpeg"}],"author":"Mario Arroyo","twitter_card":"summary_large_image","twitter_creator":"@Exaudi_News","twitter_site":"@Exaudi_News","twitter_misc":{"Escrito por":"Mario Arroyo","Tiempo de lectura":"4 minutos"},"schema":{"@context":"https:\/\/schema.org","@graph":[{"@type":"Article","@id":"https:\/\/exaudi.org\/es\/teologia-millennials-waze-libertad-dios\/#article","isPartOf":{"@id":"https:\/\/exaudi.org\/es\/teologia-millennials-waze-libertad-dios\/"},"author":{"name":"Mario Arroyo","@id":"https:\/\/exaudi.org\/#\/schema\/person\/2195e6e643f4a07a343345d49e4e6985"},"headline":"Teolog\u00eda para Millennials: El Waze, la libertad y Dios","datePublished":"2021-08-16T07:00:26+00:00","mainEntityOfPage":{"@id":"https:\/\/exaudi.org\/es\/teologia-millennials-waze-libertad-dios\/"},"wordCount":831,"image":{"@id":"https:\/\/exaudi.org\/es\/teologia-millennials-waze-libertad-dios\/#primaryimage"},"thumbnailUrl":"https:\/\/exaudi.org\/wp-content\/uploads\/2021\/08\/6bh566-scaled.jpg","keywords":["Dios","Featured","Libertad","Teolog\u00eda para Millennials"],"articleSection":["Voces"],"inLanguage":"es"},{"@type":"WebPage","@id":"https:\/\/exaudi.org\/es\/teologia-millennials-waze-libertad-dios\/","url":"https:\/\/exaudi.org\/es\/teologia-millennials-waze-libertad-dios\/","name":"Teolog\u00eda para Millennials: El Waze, la libertad y Dios - Exaudi","isPartOf":{"@id":"https:\/\/exaudi.org\/#website"},"primaryImageOfPage":{"@id":"https:\/\/exaudi.org\/es\/teologia-millennials-waze-libertad-dios\/#primaryimage"},"image":{"@id":"https:\/\/exaudi.org\/es\/teologia-millennials-waze-libertad-dios\/#primaryimage"},"thumbnailUrl":"https:\/\/exaudi.org\/wp-content\/uploads\/2021\/08\/6bh566-scaled.jpg","datePublished":"2021-08-16T07:00:26+00:00","author":{"@id":"https:\/\/exaudi.org\/#\/schema\/person\/2195e6e643f4a07a343345d49e4e6985"},"description":"En \u201cTeolog\u00eda para Millennials\u201d, el padre Mario Arroyo Mart\u00ednez comparte su art\u00edculo semanal titulado \u201cEl Waze, la libertad y Dios\u201d","breadcrumb":{"@id":"https:\/\/exaudi.org\/es\/teologia-millennials-waze-libertad-dios\/#breadcrumb"},"inLanguage":"es","potentialAction":[{"@type":"ReadAction","target":["https:\/\/exaudi.org\/es\/teologia-millennials-waze-libertad-dios\/"]}]},{"@type":"ImageObject","inLanguage":"es","@id":"https:\/\/exaudi.org\/es\/teologia-millennials-waze-libertad-dios\/#primaryimage","url":"https:\/\/exaudi.org\/wp-content\/uploads\/2021\/08\/6bh566-scaled.jpg","contentUrl":"https:\/\/exaudi.org\/wp-content\/uploads\/2021\/08\/6bh566-scaled.jpg","width":2560,"height":1695,"caption":"Imagen del Sant\u00edsimo iluminado \u00a9 Cathopic"},{"@type":"BreadcrumbList","@id":"https:\/\/exaudi.org\/es\/teologia-millennials-waze-libertad-dios\/#breadcrumb","itemListElement":[{"@type":"ListItem","position":1,"name":"Portada","item":"https:\/\/exaudi.org\/es\/"},{"@type":"ListItem","position":2,"name":"Teolog\u00eda para Millennials: El Waze, la libertad y Dios"}]},{"@type":"WebSite","@id":"https:\/\/exaudi.org\/#website","url":"https:\/\/exaudi.org\/","name":"Exaudi","description":"News","potentialAction":[{"@type":"SearchAction","target":{"@type":"EntryPoint","urlTemplate":"https:\/\/exaudi.org\/?s={search_term_string}"},"query-input":{"@type":"PropertyValueSpecification","valueRequired":true,"valueName":"search_term_string"}}],"inLanguage":"es"},{"@type":"Person","@id":"https:\/\/exaudi.org\/#\/schema\/person\/2195e6e643f4a07a343345d49e4e6985","name":"Mario Arroyo","image":{"@type":"ImageObject","inLanguage":"es","@id":"https:\/\/secure.gravatar.com\/avatar\/0e2dddc1d3bf207409f5b4d542cef9a9955ad497448376a1621fcb1df592d137?s=96&d=mm&r=g","url":"https:\/\/secure.gravatar.com\/avatar\/0e2dddc1d3bf207409f5b4d542cef9a9955ad497448376a1621fcb1df592d137?s=96&d=mm&r=g","contentUrl":"https:\/\/secure.gravatar.com\/avatar\/0e2dddc1d3bf207409f5b4d542cef9a9955ad497448376a1621fcb1df592d137?s=96&d=mm&r=g","caption":"Mario Arroyo"},"description":"Licenciado en Filosof\u00eda por la Universidad Panamericana, M\u00e9xico 1996, ostenta el bachiller en Teolog\u00eda por la Pontificia Universidad de la Santa Cruz, Roma 1999. Doctor en Filosof\u00eda por la Pontificia Universidad de la Santa Cruz, Roma 2002. Ordenado sacerdote en Torreciudad, Espa\u00f1a, en 2002. Autor de: Poder, Dinero y Santidad, Lima 2012; Ciencia y Fe. Un equilibrio posible, UCSS, Lima 2015; Ciencia y Fe. Situaci\u00f3n actual, Facultad de Teolog\u00eda Pontificia y Civil de Lima, Lima 2016; La Iglesia y los Homosexuales. Un falso conflicto, Facultad de Teolog\u00eda Pontificia y Civil de Lima, Lima 2017. Coautor de Dios Busca al Hombre, CDSCO, Lima 2013; Neurona mata esp\u00edritu, Amazon, Lima 2018; Teolog\u00eda para Millennials, Amazon, Lima 2018. El padre Mario es columnista de los portales peruanos Cr\u00f3nica Viva, La abeja y Lucidez, as\u00ed como de los peri\u00f3dicos mexicanos Mural, Expreso, del portal mexicano Vox Fides y de ZENIT. Capell\u00e1n de la Universidad de Piura, Campus de Lima durante los cursos 2017 y 2018. Actualmente, profesor de Teolog\u00eda en la Universidad Panamericana, Ciudad de M\u00e9xico.","url":"https:\/\/exaudi.org\/es\/author\/padremarioarroyo\/"}]}},"jetpack_featured_media_url":"https:\/\/exaudi.org\/wp-content\/uploads\/2021\/08\/6bh566-scaled.jpg","jetpack_shortlink":"https:\/\/wp.me\/pgKjF2-7Qr","_links":{"self":[{"href":"https:\/\/exaudi.org\/es\/wp-json\/wp\/v2\/posts\/30159","targetHints":{"allow":["GET"]}}],"collection":[{"href":"https:\/\/exaudi.org\/es\/wp-json\/wp\/v2\/posts"}],"about":[{"href":"https:\/\/exaudi.org\/es\/wp-json\/wp\/v2\/types\/post"}],"author":[{"embeddable":true,"href":"https:\/\/exaudi.org\/es\/wp-json\/wp\/v2\/users\/22"}],"replies":[{"embeddable":true,"href":"https:\/\/exaudi.org\/es\/wp-json\/wp\/v2\/comments?post=30159"}],"version-history":[{"count":0,"href":"https:\/\/exaudi.org\/es\/wp-json\/wp\/v2\/posts\/30159\/revisions"}],"wp:featuredmedia":[{"embeddable":true,"href":"https:\/\/exaudi.org\/es\/wp-json\/wp\/v2\/media\/30160"}],"wp:attachment":[{"href":"https:\/\/exaudi.org\/es\/wp-json\/wp\/v2\/media?parent=30159"}],"wp:term":[{"taxonomy":"category","embeddable":true,"href":"https:\/\/exaudi.org\/es\/wp-json\/wp\/v2\/categories?post=30159"},{"taxonomy":"post_tag","embeddable":true,"href":"https:\/\/exaudi.org\/es\/wp-json\/wp\/v2\/tags?post=30159"}],"curies":[{"name":"wp","href":"https:\/\/api.w.org\/{rel}","templated":true}]}}