{"id":30065,"date":"2021-08-11T13:53:40","date_gmt":"2021-08-11T11:53:40","guid":{"rendered":"https:\/\/exaudi.wpengine.com\/?p=30065"},"modified":"2021-08-12T10:45:45","modified_gmt":"2021-08-12T08:45:45","slug":"comision-permanente-argentina-carta-papa","status":"publish","type":"post","link":"https:\/\/exaudi.org\/es\/comision-permanente-argentina-carta-papa\/","title":{"rendered":"Comisi\u00f3n Permanente Argentina escribe una carta al Papa"},"content":{"rendered":"<p>Durante el transcurso de su 188\u00aa reuni\u00f3n, virtual y presencial, en la Comisi\u00f3n Permanente del <a href=\"https:\/\/www.episcopado.org\/\" target=\"_blank\" rel=\"noopener noreferrer\">Episcopado de Argentina<\/a> (CEA), los obispos escribieron el pasado martes 10 de agosto de 2021 una carta al Papa Francisco en la que le mandan un saludo y renuevan su comuni\u00f3n filial y alegr\u00eda por la evoluci\u00f3n favorable de la salud del Santo Padre.<\/p>\n<p>\u201cEn estos d\u00edas trabajaremos en la preparaci\u00f3n de la 119\u00aa Asamblea plenaria del Episcopado que tendr\u00e1 lugar del 8 al 13 de noviembre\u201d, anuncian al Santo Padre, y recalcan que abordar\u00e1n \u201cla participaci\u00f3n en la Asamblea Eclesial de Am\u00e9rica Latina y el Caribe y la preparaci\u00f3n del S\u00ednodo de los Obispos 2023\u201d.<\/p>\n<p>Por \u00faltimo, los prelados argentinos ofrecen al Pont\u00edfice un \u201cabrazo fraterno y la seguridad\u201d de su oraci\u00f3n \u201cpor su ministerio de caridad al servicio de toda la humanidad\u201d.<\/p>\n<h4><strong>Reuni\u00f3n de la Comisi\u00f3n Permanente<\/strong><\/h4>\n<p>Tal y como se\u00f1ala la Conferencia Episcopal argentina en una nota, la 188\u00b0 reuni\u00f3n de Comisi\u00f3n Permanente fue presidida por <a href=\"https:\/\/exaudi.wpengine.com\/es\/argentina-monsenor-ojea-pide-oracion-papa\/\" target=\"_blank\" rel=\"noopener noreferrer\">monse\u00f1or Oscar Ojea<\/a>, su presidente, el cardenal Mario Poli, vicepresidente primero, Mons. Marcelo Colombo, vicepresidente segundo, y Mons, Carlos Malfa, secretario general. Estuvo presente durante la ma\u00f1ana el encargado de Negocios de la Nunciatura Apost\u00f3lica, Mons. Aliaksandr Rahinia.<\/p>\n<p>A propuesta de la Comisi\u00f3n Episcopal de Vida, Laicos y Familia, se aprobaron nuevas autoridades para la Pastoral Nacional de Juventud: Coordinadores nacionales, Cecilia Asc\u00faa, de la di\u00f3cesis de Avellaneda\u2013Lan\u00fas y C\u00e9sar Contreras, de la Rama Juvenil del Movimiento de la Renovaci\u00f3n Carism\u00e1tica y el Asesor nacional, el Hno. Hugo Carlos Vera.<\/p>\n<p>Asimismo se reconocieron los integrantes del Equipo Eclesial Nacional del Movimiento Encuentro Matrimonial Mundial en Argentina por un periodo de 4 a\u00f1os: Presb\u00edtero \u00d3scar Williams Dibot y el matrimonio de Noem\u00ed y Juan Trebaiochi. Se confirmaron las autoridades del Movimiento Familiar Cristiano elegidos por la XXIII Asamblea Nacional; Presidentes nacionales: H\u00e9ctor Lana y Margarita Castro. Vicepresidentes nacionales: Roberto Danna y Marcela Migueles.<\/p>\n<p>Los Obispos recibieron un informe por parte de la comisi\u00f3n que lleva adelante la animaci\u00f3n en la Iglesia Argentina del camino y el proceso de escucha hacia la\u00a0<a href=\"https:\/\/asambleaeclesial.lat\/\" target=\"_blank\" rel=\"noopener noreferrer\">Asamblea Eclesial de Am\u00e9rica Latina y el Caribe<\/a>.\u00a0La Comisi\u00f3n Permanente abordo el comienzo de la preparaci\u00f3n para el S\u00ednodo de los Obispos del a\u00f1o 2023 y el temario para la 119\u00b0 Asamblea Plenaria, prevista para el mes de noviembre del corriente a\u00f1o.<\/p>\n","protected":false},"excerpt":{"rendered":"<p>Preparaci\u00f3n de la 119\u00aa Asamblea plenaria<\/p>\n","protected":false},"author":6,"featured_media":30066,"comment_status":"closed","ping_status":"closed","sticky":false,"template":"","format":"standard","meta":{"_acf_changed":false,"_crdt_document":"","inline_featured_image":false,"footnotes":""},"categories":[68,298],"tags":[1901,164,742,158],"class_list":["post-30065","post","type-post","status-publish","format-standard","has-post-thumbnail","hentry","category-leon-xiv","category-ultimas-noticias","tag-asamblea-plenaria","tag-carta","tag-conferencia-episcopal-argentina-cea","tag-papa-francisco"],"acf":[],"yoast_head":"<!-- This site is optimized with the Yoast SEO plugin v27.5 - https:\/\/yoast.com\/product\/yoast-seo-wordpress\/ -->\n<title>Comisi\u00f3n Permanente Argentina escribe una carta al Papa - Exaudi<\/title>\n<meta name=\"description\" content=\"Durante la 188\u00aa reuni\u00f3n de la Comisi\u00f3n Permanente del Episcopado de Argentina, los obispos escribieron una carta al Papa Francisco.\" \/>\n<meta name=\"robots\" content=\"index, follow, max-snippet:-1, max-image-preview:large, max-video-preview:-1\" \/>\n<link rel=\"canonical\" href=\"https:\/\/exaudi.org\/es\/comision-permanente-argentina-carta-papa\/\" \/>\n<meta property=\"og:locale\" content=\"es_ES\" \/>\n<meta property=\"og:type\" content=\"article\" \/>\n<meta property=\"og:title\" content=\"Comisi\u00f3n Permanente Argentina escribe una carta al Papa - Exaudi\" \/>\n<meta property=\"og:description\" content=\"Durante la 188\u00aa reuni\u00f3n de la Comisi\u00f3n Permanente del Episcopado de Argentina, los obispos escribieron una carta al Papa Francisco.\" \/>\n<meta property=\"og:url\" content=\"https:\/\/exaudi.org\/es\/comision-permanente-argentina-carta-papa\/\" \/>\n<meta property=\"og:site_name\" content=\"Exaudi\" \/>\n<meta property=\"article:publisher\" content=\"https:\/\/www.facebook.com\/ExaudiNews\" \/>\n<meta property=\"article:published_time\" content=\"2021-08-11T11:53:40+00:00\" \/>\n<meta property=\"article:modified_time\" content=\"2021-08-12T08:45:45+00:00\" \/>\n<meta property=\"og:image\" content=\"https:\/\/exaudi.org\/wp-content\/uploads\/2021\/08\/334vvv.jpg\" \/>\n\t<meta property=\"og:image:width\" content=\"1169\" \/>\n\t<meta property=\"og:image:height\" content=\"779\" \/>\n\t<meta property=\"og:image:type\" content=\"image\/jpeg\" \/>\n<meta name=\"author\" content=\"Gabriel Sales\" \/>\n<meta name=\"twitter:card\" content=\"summary_large_image\" \/>\n<meta name=\"twitter:creator\" content=\"@habemusman\" \/>\n<meta name=\"twitter:site\" content=\"@Exaudi_News\" \/>\n<meta name=\"twitter:label1\" content=\"Escrito por\" \/>\n\t<meta name=\"twitter:data1\" content=\"Gabriel Sales\" \/>\n\t<meta name=\"twitter:label2\" content=\"Tiempo de lectura\" \/>\n\t<meta name=\"twitter:data2\" content=\"2 minutos\" \/>\n<script type=\"application\/ld+json\" class=\"yoast-schema-graph\">{\"@context\":\"https:\\\/\\\/schema.org\",\"@graph\":[{\"@type\":\"Article\",\"@id\":\"https:\\\/\\\/exaudi.org\\\/es\\\/comision-permanente-argentina-carta-papa\\\/#article\",\"isPartOf\":{\"@id\":\"https:\\\/\\\/exaudi.org\\\/es\\\/comision-permanente-argentina-carta-papa\\\/\"},\"author\":{\"name\":\"Gabriel Sales\",\"@id\":\"https:\\\/\\\/exaudi.org\\\/#\\\/schema\\\/person\\\/d134b96438278131ce90c90c03fda6cd\"},\"headline\":\"Comisi\u00f3n Permanente Argentina escribe una carta al Papa\",\"datePublished\":\"2021-08-11T11:53:40+00:00\",\"dateModified\":\"2021-08-12T08:45:45+00:00\",\"mainEntityOfPage\":{\"@id\":\"https:\\\/\\\/exaudi.org\\\/es\\\/comision-permanente-argentina-carta-papa\\\/\"},\"wordCount\":426,\"image\":{\"@id\":\"https:\\\/\\\/exaudi.org\\\/es\\\/comision-permanente-argentina-carta-papa\\\/#primaryimage\"},\"thumbnailUrl\":\"https:\\\/\\\/exaudi.org\\\/wp-content\\\/uploads\\\/2021\\\/08\\\/334vvv.jpg\",\"keywords\":[\"Asamblea Plenaria\",\"carta\",\"Conferencia Episcopal Argentina (CEA)\",\"papa francisco\"],\"articleSection\":[\"Le\u00f3n XIV\",\"\u00daltimas noticias\"],\"inLanguage\":\"es\"},{\"@type\":\"WebPage\",\"@id\":\"https:\\\/\\\/exaudi.org\\\/es\\\/comision-permanente-argentina-carta-papa\\\/\",\"url\":\"https:\\\/\\\/exaudi.org\\\/es\\\/comision-permanente-argentina-carta-papa\\\/\",\"name\":\"Comisi\u00f3n Permanente Argentina escribe una carta al Papa - Exaudi\",\"isPartOf\":{\"@id\":\"https:\\\/\\\/exaudi.org\\\/#website\"},\"primaryImageOfPage\":{\"@id\":\"https:\\\/\\\/exaudi.org\\\/es\\\/comision-permanente-argentina-carta-papa\\\/#primaryimage\"},\"image\":{\"@id\":\"https:\\\/\\\/exaudi.org\\\/es\\\/comision-permanente-argentina-carta-papa\\\/#primaryimage\"},\"thumbnailUrl\":\"https:\\\/\\\/exaudi.org\\\/wp-content\\\/uploads\\\/2021\\\/08\\\/334vvv.jpg\",\"datePublished\":\"2021-08-11T11:53:40+00:00\",\"dateModified\":\"2021-08-12T08:45:45+00:00\",\"author\":{\"@id\":\"https:\\\/\\\/exaudi.org\\\/#\\\/schema\\\/person\\\/d134b96438278131ce90c90c03fda6cd\"},\"description\":\"Durante la 188\u00aa reuni\u00f3n de la Comisi\u00f3n Permanente del Episcopado de Argentina, los obispos escribieron una carta al Papa Francisco.\",\"breadcrumb\":{\"@id\":\"https:\\\/\\\/exaudi.org\\\/es\\\/comision-permanente-argentina-carta-papa\\\/#breadcrumb\"},\"inLanguage\":\"es\",\"potentialAction\":[{\"@type\":\"ReadAction\",\"target\":[\"https:\\\/\\\/exaudi.org\\\/es\\\/comision-permanente-argentina-carta-papa\\\/\"]}]},{\"@type\":\"ImageObject\",\"inLanguage\":\"es\",\"@id\":\"https:\\\/\\\/exaudi.org\\\/es\\\/comision-permanente-argentina-carta-papa\\\/#primaryimage\",\"url\":\"https:\\\/\\\/exaudi.org\\\/wp-content\\\/uploads\\\/2021\\\/08\\\/334vvv.jpg\",\"contentUrl\":\"https:\\\/\\\/exaudi.org\\\/wp-content\\\/uploads\\\/2021\\\/08\\\/334vvv.jpg\",\"width\":1169,\"height\":779,\"caption\":\"Comisi\u00f3n Permanente Argentina \u00a9 CEA\"},{\"@type\":\"BreadcrumbList\",\"@id\":\"https:\\\/\\\/exaudi.org\\\/es\\\/comision-permanente-argentina-carta-papa\\\/#breadcrumb\",\"itemListElement\":[{\"@type\":\"ListItem\",\"position\":1,\"name\":\"Portada\",\"item\":\"https:\\\/\\\/exaudi.org\\\/es\\\/\"},{\"@type\":\"ListItem\",\"position\":2,\"name\":\"Comisi\u00f3n Permanente Argentina escribe una carta al Papa\"}]},{\"@type\":\"WebSite\",\"@id\":\"https:\\\/\\\/exaudi.org\\\/#website\",\"url\":\"https:\\\/\\\/exaudi.org\\\/\",\"name\":\"Exaudi\",\"description\":\"News\",\"potentialAction\":[{\"@type\":\"SearchAction\",\"target\":{\"@type\":\"EntryPoint\",\"urlTemplate\":\"https:\\\/\\\/exaudi.org\\\/?s={search_term_string}\"},\"query-input\":{\"@type\":\"PropertyValueSpecification\",\"valueRequired\":true,\"valueName\":\"search_term_string\"}}],\"inLanguage\":\"es\"},{\"@type\":\"Person\",\"@id\":\"https:\\\/\\\/exaudi.org\\\/#\\\/schema\\\/person\\\/d134b96438278131ce90c90c03fda6cd\",\"name\":\"Gabriel Sales\",\"image\":{\"@type\":\"ImageObject\",\"inLanguage\":\"es\",\"@id\":\"https:\\\/\\\/secure.gravatar.com\\\/avatar\\\/9b1269566f6a063ed26ffb3532b66a373cdde231ce5d0effb266167437fdaffd?s=96&d=mm&r=g\",\"url\":\"https:\\\/\\\/secure.gravatar.com\\\/avatar\\\/9b1269566f6a063ed26ffb3532b66a373cdde231ce5d0effb266167437fdaffd?s=96&d=mm&r=g\",\"contentUrl\":\"https:\\\/\\\/secure.gravatar.com\\\/avatar\\\/9b1269566f6a063ed26ffb3532b66a373cdde231ce5d0effb266167437fdaffd?s=96&d=mm&r=g\",\"caption\":\"Gabriel Sales\"},\"description\":\"Periodista y especialista en Comunicaci\u00f3n y Branding digital. Cin\u00e9filo y cr\u00edtico de cine y series de televisi\u00f3n.\",\"sameAs\":[\"https:\\\/\\\/www.instagram.com\\\/cine90segundos\\\/\",\"www.linkedin.com\\\/in\\\/habemusman\",\"https:\\\/\\\/x.com\\\/habemusman\",\"https:\\\/\\\/www.youtube.com\\\/channel\\\/UCVfCiOMkJ_C7T7OpyjuaLDg\"],\"url\":\"https:\\\/\\\/exaudi.org\\\/es\\\/author\\\/gsalesexaudi-org\\\/\"}]}<\/script>\n<!-- \/ Yoast SEO plugin. -->","yoast_head_json":{"title":"Comisi\u00f3n Permanente Argentina escribe una carta al Papa - Exaudi","description":"Durante la 188\u00aa reuni\u00f3n de la Comisi\u00f3n Permanente del Episcopado de Argentina, los obispos escribieron una carta al Papa Francisco.","robots":{"index":"index","follow":"follow","max-snippet":"max-snippet:-1","max-image-preview":"max-image-preview:large","max-video-preview":"max-video-preview:-1"},"canonical":"https:\/\/exaudi.org\/es\/comision-permanente-argentina-carta-papa\/","og_locale":"es_ES","og_type":"article","og_title":"Comisi\u00f3n Permanente Argentina escribe una carta al Papa - Exaudi","og_description":"Durante la 188\u00aa reuni\u00f3n de la Comisi\u00f3n Permanente del Episcopado de Argentina, los obispos escribieron una carta al Papa Francisco.","og_url":"https:\/\/exaudi.org\/es\/comision-permanente-argentina-carta-papa\/","og_site_name":"Exaudi","article_publisher":"https:\/\/www.facebook.com\/ExaudiNews","article_published_time":"2021-08-11T11:53:40+00:00","article_modified_time":"2021-08-12T08:45:45+00:00","og_image":[{"width":1169,"height":779,"url":"https:\/\/exaudi.org\/wp-content\/uploads\/2021\/08\/334vvv.jpg","type":"image\/jpeg"}],"author":"Gabriel Sales","twitter_card":"summary_large_image","twitter_creator":"@habemusman","twitter_site":"@Exaudi_News","twitter_misc":{"Escrito por":"Gabriel Sales","Tiempo de lectura":"2 minutos"},"schema":{"@context":"https:\/\/schema.org","@graph":[{"@type":"Article","@id":"https:\/\/exaudi.org\/es\/comision-permanente-argentina-carta-papa\/#article","isPartOf":{"@id":"https:\/\/exaudi.org\/es\/comision-permanente-argentina-carta-papa\/"},"author":{"name":"Gabriel Sales","@id":"https:\/\/exaudi.org\/#\/schema\/person\/d134b96438278131ce90c90c03fda6cd"},"headline":"Comisi\u00f3n Permanente Argentina escribe una carta al Papa","datePublished":"2021-08-11T11:53:40+00:00","dateModified":"2021-08-12T08:45:45+00:00","mainEntityOfPage":{"@id":"https:\/\/exaudi.org\/es\/comision-permanente-argentina-carta-papa\/"},"wordCount":426,"image":{"@id":"https:\/\/exaudi.org\/es\/comision-permanente-argentina-carta-papa\/#primaryimage"},"thumbnailUrl":"https:\/\/exaudi.org\/wp-content\/uploads\/2021\/08\/334vvv.jpg","keywords":["Asamblea Plenaria","carta","Conferencia Episcopal Argentina (CEA)","papa francisco"],"articleSection":["Le\u00f3n XIV","\u00daltimas noticias"],"inLanguage":"es"},{"@type":"WebPage","@id":"https:\/\/exaudi.org\/es\/comision-permanente-argentina-carta-papa\/","url":"https:\/\/exaudi.org\/es\/comision-permanente-argentina-carta-papa\/","name":"Comisi\u00f3n Permanente Argentina escribe una carta al Papa - Exaudi","isPartOf":{"@id":"https:\/\/exaudi.org\/#website"},"primaryImageOfPage":{"@id":"https:\/\/exaudi.org\/es\/comision-permanente-argentina-carta-papa\/#primaryimage"},"image":{"@id":"https:\/\/exaudi.org\/es\/comision-permanente-argentina-carta-papa\/#primaryimage"},"thumbnailUrl":"https:\/\/exaudi.org\/wp-content\/uploads\/2021\/08\/334vvv.jpg","datePublished":"2021-08-11T11:53:40+00:00","dateModified":"2021-08-12T08:45:45+00:00","author":{"@id":"https:\/\/exaudi.org\/#\/schema\/person\/d134b96438278131ce90c90c03fda6cd"},"description":"Durante la 188\u00aa reuni\u00f3n de la Comisi\u00f3n Permanente del Episcopado de Argentina, los obispos escribieron una carta al Papa Francisco.","breadcrumb":{"@id":"https:\/\/exaudi.org\/es\/comision-permanente-argentina-carta-papa\/#breadcrumb"},"inLanguage":"es","potentialAction":[{"@type":"ReadAction","target":["https:\/\/exaudi.org\/es\/comision-permanente-argentina-carta-papa\/"]}]},{"@type":"ImageObject","inLanguage":"es","@id":"https:\/\/exaudi.org\/es\/comision-permanente-argentina-carta-papa\/#primaryimage","url":"https:\/\/exaudi.org\/wp-content\/uploads\/2021\/08\/334vvv.jpg","contentUrl":"https:\/\/exaudi.org\/wp-content\/uploads\/2021\/08\/334vvv.jpg","width":1169,"height":779,"caption":"Comisi\u00f3n Permanente Argentina \u00a9 CEA"},{"@type":"BreadcrumbList","@id":"https:\/\/exaudi.org\/es\/comision-permanente-argentina-carta-papa\/#breadcrumb","itemListElement":[{"@type":"ListItem","position":1,"name":"Portada","item":"https:\/\/exaudi.org\/es\/"},{"@type":"ListItem","position":2,"name":"Comisi\u00f3n Permanente Argentina escribe una carta al Papa"}]},{"@type":"WebSite","@id":"https:\/\/exaudi.org\/#website","url":"https:\/\/exaudi.org\/","name":"Exaudi","description":"News","potentialAction":[{"@type":"SearchAction","target":{"@type":"EntryPoint","urlTemplate":"https:\/\/exaudi.org\/?s={search_term_string}"},"query-input":{"@type":"PropertyValueSpecification","valueRequired":true,"valueName":"search_term_string"}}],"inLanguage":"es"},{"@type":"Person","@id":"https:\/\/exaudi.org\/#\/schema\/person\/d134b96438278131ce90c90c03fda6cd","name":"Gabriel Sales","image":{"@type":"ImageObject","inLanguage":"es","@id":"https:\/\/secure.gravatar.com\/avatar\/9b1269566f6a063ed26ffb3532b66a373cdde231ce5d0effb266167437fdaffd?s=96&d=mm&r=g","url":"https:\/\/secure.gravatar.com\/avatar\/9b1269566f6a063ed26ffb3532b66a373cdde231ce5d0effb266167437fdaffd?s=96&d=mm&r=g","contentUrl":"https:\/\/secure.gravatar.com\/avatar\/9b1269566f6a063ed26ffb3532b66a373cdde231ce5d0effb266167437fdaffd?s=96&d=mm&r=g","caption":"Gabriel Sales"},"description":"Periodista y especialista en Comunicaci\u00f3n y Branding digital. Cin\u00e9filo y cr\u00edtico de cine y series de televisi\u00f3n.","sameAs":["https:\/\/www.instagram.com\/cine90segundos\/","www.linkedin.com\/in\/habemusman","https:\/\/x.com\/habemusman","https:\/\/www.youtube.com\/channel\/UCVfCiOMkJ_C7T7OpyjuaLDg"],"url":"https:\/\/exaudi.org\/es\/author\/gsalesexaudi-org\/"}]}},"jetpack_featured_media_url":"https:\/\/exaudi.org\/wp-content\/uploads\/2021\/08\/334vvv.jpg","jetpack_shortlink":"https:\/\/wp.me\/pgKjF2-7OV","_links":{"self":[{"href":"https:\/\/exaudi.org\/es\/wp-json\/wp\/v2\/posts\/30065","targetHints":{"allow":["GET"]}}],"collection":[{"href":"https:\/\/exaudi.org\/es\/wp-json\/wp\/v2\/posts"}],"about":[{"href":"https:\/\/exaudi.org\/es\/wp-json\/wp\/v2\/types\/post"}],"author":[{"embeddable":true,"href":"https:\/\/exaudi.org\/es\/wp-json\/wp\/v2\/users\/6"}],"replies":[{"embeddable":true,"href":"https:\/\/exaudi.org\/es\/wp-json\/wp\/v2\/comments?post=30065"}],"version-history":[{"count":0,"href":"https:\/\/exaudi.org\/es\/wp-json\/wp\/v2\/posts\/30065\/revisions"}],"wp:featuredmedia":[{"embeddable":true,"href":"https:\/\/exaudi.org\/es\/wp-json\/wp\/v2\/media\/30066"}],"wp:attachment":[{"href":"https:\/\/exaudi.org\/es\/wp-json\/wp\/v2\/media?parent=30065"}],"wp:term":[{"taxonomy":"category","embeddable":true,"href":"https:\/\/exaudi.org\/es\/wp-json\/wp\/v2\/categories?post=30065"},{"taxonomy":"post_tag","embeddable":true,"href":"https:\/\/exaudi.org\/es\/wp-json\/wp\/v2\/tags?post=30065"}],"curies":[{"name":"wp","href":"https:\/\/api.w.org\/{rel}","templated":true}]}}