{"id":30061,"date":"2021-08-11T13:18:46","date_gmt":"2021-08-11T11:18:46","guid":{"rendered":"https:\/\/exaudi.wpengine.com\/?p=30061"},"modified":"2021-08-12T12:17:18","modified_gmt":"2021-08-12T10:17:18","slug":"pesame-papa-muerte-cardenal-somalo","status":"publish","type":"post","link":"https:\/\/exaudi.org\/es\/pesame-papa-muerte-cardenal-somalo\/","title":{"rendered":"P\u00e9same del Papa por la muerte del cardenal Somalo"},"content":{"rendered":"<p>El <a href=\"https:\/\/exaudi.org\/es\/papa-sistema-alimentario-integral\/\" target=\"_blank\" rel=\"noopener noreferrer\">Papa Francisco<\/a> ha enviado un telegrama de p\u00e9same por la muerte ayer, 10 de agosto de 2021, del cardenal Eduardo Mart\u00ednez Somalo, prefecto em\u00e9rito de la Congregaci\u00f3n para los Institutos de Vida Consagrada y Sociedades de Vida Apost\u00f3lica, camarlengo em\u00e9rito de la Santa Iglesia Romana, del T\u00edtulo del Sant\u00edsimo Nombre de Jes\u00fas. As\u00ed ha informado hoy, 11 de agosto, la <a href=\"https:\/\/www.vatican.va\/news_services\/press\/index_sp.htm\" target=\"_blank\" rel=\"noopener noreferrer\">Oficina de Prensa de la Santa Sede.<\/a><\/p>\n<p>En el telegrama, enviado al reverendo Fernando Loza Mart\u00ednez, , el Santo Padre, muestra su deseo de expresar su cercan\u00eda a Mons. Loza, sobrino del fallecido, \u201ca su familia y a todos los que le conocieron y estimaron, recordando con afecto el testimonio espiritualmente fruct\u00edfero de este querido hermano\u201d.<\/p>\n<p>En esta l\u00ednea, manifiesta su consideraci\u00f3n \u201ccon sincera admiraci\u00f3n la larga y rica experiencia adquirida por el difunto cardenal como colaborador diligente de nada menos que seis papas\u201d, los predecesores de Francisco, que \u201cle encomendaron oficios delicados e importantes\u201d. Del mismo modo, agradece su \u201cfiel y generoso servicio a la Iglesia y a la Santa Sede\u201d.<\/p>\n<p>El Papa pide \u201cal Se\u00f1or, por la intercesi\u00f3n materna de la Santa Virgen, para acogerlo en la Patria del Cielo para que disfrute de la beatitud prometida a los fieles servidores del Evangelio\u201d, e imparte \u201cde coraz\u00f3n\u201d su bendici\u00f3n apost\u00f3lica \u201ca todos los que lloran su muerte, con un pensamiento especial para las hermanas misioneras de Jes\u00fas Sacerdote Eterno que lo asisti\u00f3 amorosamente\u201d.<\/p>\n<h4><strong>Funeral<\/strong><\/h4>\n<p>El Vaticano ha informado que el pr\u00f3ximo viernes 13 de agosto de 2021, a las 11 horas, en el Altar de la C\u00e1tedra de la Bas\u00edlica de San Pedro, tendr\u00e1n lugar los funerales del cardenal Somalo.\u00a0La liturgia de las exequias ser\u00e1 celebrada por el cardenal Giovanni Battista Re, decano del Colegio Cardenalicio, junto con los eminentes cardenales, arzobispos y obispos.<\/p>\n<p>Los cardenales, arzobispos y obispos que deseen concelebrar deber\u00e1n estar en la sacrist\u00eda de la bas\u00edlica de San Pedro a las 10.30 horas para ponerse los ornamentos sagrados, llevando consigo: los cardenales, la mitra blanca adamascada, los arzobispos y obispos, la mitra blanca simple.<\/p>\n<h4><strong>Cardenal Somalo<\/strong><\/h4>\n<p>Naci\u00f3 en Espa\u00f1a el 31 de marzo de 1927, en la peque\u00f1a localidad de Ba\u00f1os de R\u00edo Tob\u00eda, provincia de La Rioja y di\u00f3cesis de Calahorra y La Calzada-Logro\u00f1o. Despu\u00e9s de asistir al Seminario Diocesano, fue enviado a Roma para continuar sus estudios eclesi\u00e1sticos en el Pontificio Colegio Espa\u00f1ol y en el Colegio Pontificio Espa\u00f1ol y en la Pontificia Universidad Gregoriana, obteniendo la Licenciatura en Teolog\u00eda y Derecho Can\u00f3nico.<\/p>\n<p>Ordenado sacerdote en Roma el 19 de marzo de 1950, ejerci\u00f3 su ministerio pastoral en su di\u00f3cesis natal. Despu\u00e9s fue enviado de vuelta a Roma para asistir a los cursos de la Pontificia Academia Eclesi\u00e1stica y prepararse as\u00ed para servir a la Santa Sede en las Representaciones Papales. Se doctor\u00f3 en Derecho Can\u00f3nico en la Universidad Pontificia Lateranense, con una tesis sobre el tesis sobre el Concordato espa\u00f1ol de 1953 a la luz de sus dos primeros art\u00edculos.<\/p>\n<p>Al a\u00f1o siguiente fue promovido a secretario de la Nunciatura y nombrado profesor de la Pontificia Academia Eclesi\u00e1stica. Como jefe de la secci\u00f3n espa\u00f1ola de la Secretar\u00eda de Estado, acompa\u00f1\u00f3 al Papa Montini en su peregrinaci\u00f3n apost\u00f3lica a Colombia, del 22 al 25 de agosto de 1968, con motivo del 39\u00aa Congreso Eucar\u00edstico Internacional.<\/p>\n<p>Dos a\u00f1os m\u00e1s tarde, el 25 de abril de 1970, fue nombrado Consejero de la Delegaci\u00f3n Apost\u00f3lica en Gran Breta\u00f1a. Fue nombrado prelado Honor de Su Santidad el 14 de mayo de 1970, fue llamado al Vaticano el 9 de octubre del mismo a\u00f1o como secretario de Estado y, por tanto, colaborador directo del entonces sustituto de la Secretar\u00eda de Estado, el arzobispo Giovanni Benelli.<\/p>\n<p>El 12 de noviembre de 1975, Pablo VI lo nombr\u00f3 nuncio apost\u00f3lico en Colombia, elev\u00e1ndolo a Arzobispo de Tagora. El cardenal Jean Villot, entonces secretario de Estado, le confiri\u00f3 el la ordenaci\u00f3n episcopal el 13 de diciembre del mismo a\u00f1o. Tras cuatro a\u00f1os de servicio como representante papal, recibi\u00f3 de Juan Pablo II, el 5 de mayo de 1979, el cargo de sustituto de la Secretar\u00eda de Estado.<\/p>\n<p>El 1 de julio de 1988 fue nombrado prefecto de la Congregaci\u00f3n para el Culto Divino y la Disciplina de los Sacramentos. Del 5 de abril de 1993 al 4 de abril de 2007 fue tambi\u00e9n camarlengo de la Santa Iglesia Romana. Fue presidente delegado de la primera Asamblea Especial para Europa del S\u00ednodo de los Obispos (1991) y presidente delegado a la Novena Asamblea General del S\u00ednodo de los Obispos en 1994, sobre la vida consagrada.<\/p>\n<p>Desde el 11 de febrero de 2004 fue prefecto em\u00e9rito de la Congregaci\u00f3n para los Institutos de Vida Consagrada y Sociedades de Vida Apost\u00f3lica. Particip\u00f3 en el c\u00f3nclave de abril de 2005 que eligi\u00f3 al Papa Benedicto XVI. Creado y publicado cardenal por san Juan Pablo II en el Consistorio del 28 de junio de 1988, del T\u00edtulo del Sant\u00edsimo Nombre de Jes\u00fas, Diacon\u00eda elevada pro hac vice a T\u00edtulo Presbiteral el 9 de enero de 1999.<\/p>\n","protected":false},"excerpt":{"rendered":"<p>Prefecto em\u00e9rito de la Congregaci\u00f3n para los Institutos de Vida Consagrada y Sociedades de Vida Apost\u00f3lica<\/p>\n","protected":false},"author":6,"featured_media":30062,"comment_status":"closed","ping_status":"closed","sticky":false,"template":"","format":"standard","meta":{"_acf_changed":false,"_crdt_document":"","inline_featured_image":false,"footnotes":""},"categories":[68,298],"tags":[3670,158,1575,315],"class_list":["post-30061","post","type-post","status-publish","format-standard","has-post-thumbnail","hentry","category-leon-xiv","category-ultimas-noticias","tag-cardenal-eduardo-martinez-somalo","tag-papa-francisco","tag-pesame","tag-telegrama"],"acf":[],"yoast_head":"<!-- This site is optimized with the Yoast SEO plugin v27.5 - https:\/\/yoast.com\/product\/yoast-seo-wordpress\/ -->\n<title>P\u00e9same del Papa por la muerte del cardenal Somalo - Exaudi<\/title>\n<meta name=\"description\" content=\"El Papa Francisco ha enviado un telegrama de p\u00e9same por la muerte ayer, 10 de agosto de 2021, del cardenal Eduardo Mart\u00ednez Somalo.\" \/>\n<meta name=\"robots\" content=\"index, follow, max-snippet:-1, max-image-preview:large, max-video-preview:-1\" \/>\n<link rel=\"canonical\" href=\"https:\/\/exaudi.org\/es\/pesame-papa-muerte-cardenal-somalo\/\" \/>\n<meta property=\"og:locale\" content=\"es_ES\" \/>\n<meta property=\"og:type\" content=\"article\" \/>\n<meta property=\"og:title\" content=\"P\u00e9same del Papa por la muerte del cardenal Somalo - Exaudi\" \/>\n<meta property=\"og:description\" content=\"El Papa Francisco ha enviado un telegrama de p\u00e9same por la muerte ayer, 10 de agosto de 2021, del cardenal Eduardo Mart\u00ednez Somalo.\" \/>\n<meta property=\"og:url\" content=\"https:\/\/exaudi.org\/es\/pesame-papa-muerte-cardenal-somalo\/\" \/>\n<meta property=\"og:site_name\" content=\"Exaudi\" \/>\n<meta property=\"article:publisher\" content=\"https:\/\/www.facebook.com\/ExaudiNews\" \/>\n<meta property=\"article:published_time\" content=\"2021-08-11T11:18:46+00:00\" \/>\n<meta property=\"article:modified_time\" content=\"2021-08-12T10:17:18+00:00\" \/>\n<meta property=\"og:image\" content=\"https:\/\/exaudi.org\/wp-content\/uploads\/2021\/08\/56bn56.jpeg\" \/>\n\t<meta property=\"og:image:width\" content=\"1241\" \/>\n\t<meta property=\"og:image:height\" content=\"699\" \/>\n\t<meta property=\"og:image:type\" content=\"image\/jpeg\" \/>\n<meta name=\"author\" content=\"Gabriel Sales\" \/>\n<meta name=\"twitter:card\" content=\"summary_large_image\" \/>\n<meta name=\"twitter:creator\" content=\"@habemusman\" \/>\n<meta name=\"twitter:site\" content=\"@Exaudi_News\" \/>\n<meta name=\"twitter:label1\" content=\"Escrito por\" \/>\n\t<meta name=\"twitter:data1\" content=\"Gabriel Sales\" \/>\n\t<meta name=\"twitter:label2\" content=\"Tiempo de lectura\" \/>\n\t<meta name=\"twitter:data2\" content=\"4 minutos\" \/>\n<script type=\"application\/ld+json\" class=\"yoast-schema-graph\">{\"@context\":\"https:\\\/\\\/schema.org\",\"@graph\":[{\"@type\":\"Article\",\"@id\":\"https:\\\/\\\/exaudi.org\\\/es\\\/pesame-papa-muerte-cardenal-somalo\\\/#article\",\"isPartOf\":{\"@id\":\"https:\\\/\\\/exaudi.org\\\/es\\\/pesame-papa-muerte-cardenal-somalo\\\/\"},\"author\":{\"name\":\"Gabriel Sales\",\"@id\":\"https:\\\/\\\/exaudi.org\\\/#\\\/schema\\\/person\\\/d134b96438278131ce90c90c03fda6cd\"},\"headline\":\"P\u00e9same del Papa por la muerte del cardenal Somalo\",\"datePublished\":\"2021-08-11T11:18:46+00:00\",\"dateModified\":\"2021-08-12T10:17:18+00:00\",\"mainEntityOfPage\":{\"@id\":\"https:\\\/\\\/exaudi.org\\\/es\\\/pesame-papa-muerte-cardenal-somalo\\\/\"},\"wordCount\":881,\"image\":{\"@id\":\"https:\\\/\\\/exaudi.org\\\/es\\\/pesame-papa-muerte-cardenal-somalo\\\/#primaryimage\"},\"thumbnailUrl\":\"https:\\\/\\\/exaudi.org\\\/wp-content\\\/uploads\\\/2021\\\/08\\\/56bn56.jpeg\",\"keywords\":[\"Cardenal Eduardo Mart\u00ednez Somalo\",\"papa francisco\",\"P\u00e9same\",\"Telegrama\"],\"articleSection\":[\"Le\u00f3n XIV\",\"\u00daltimas noticias\"],\"inLanguage\":\"es\"},{\"@type\":\"WebPage\",\"@id\":\"https:\\\/\\\/exaudi.org\\\/es\\\/pesame-papa-muerte-cardenal-somalo\\\/\",\"url\":\"https:\\\/\\\/exaudi.org\\\/es\\\/pesame-papa-muerte-cardenal-somalo\\\/\",\"name\":\"P\u00e9same del Papa por la muerte del cardenal Somalo - Exaudi\",\"isPartOf\":{\"@id\":\"https:\\\/\\\/exaudi.org\\\/#website\"},\"primaryImageOfPage\":{\"@id\":\"https:\\\/\\\/exaudi.org\\\/es\\\/pesame-papa-muerte-cardenal-somalo\\\/#primaryimage\"},\"image\":{\"@id\":\"https:\\\/\\\/exaudi.org\\\/es\\\/pesame-papa-muerte-cardenal-somalo\\\/#primaryimage\"},\"thumbnailUrl\":\"https:\\\/\\\/exaudi.org\\\/wp-content\\\/uploads\\\/2021\\\/08\\\/56bn56.jpeg\",\"datePublished\":\"2021-08-11T11:18:46+00:00\",\"dateModified\":\"2021-08-12T10:17:18+00:00\",\"author\":{\"@id\":\"https:\\\/\\\/exaudi.org\\\/#\\\/schema\\\/person\\\/d134b96438278131ce90c90c03fda6cd\"},\"description\":\"El Papa Francisco ha enviado un telegrama de p\u00e9same por la muerte ayer, 10 de agosto de 2021, del cardenal Eduardo Mart\u00ednez Somalo.\",\"breadcrumb\":{\"@id\":\"https:\\\/\\\/exaudi.org\\\/es\\\/pesame-papa-muerte-cardenal-somalo\\\/#breadcrumb\"},\"inLanguage\":\"es\",\"potentialAction\":[{\"@type\":\"ReadAction\",\"target\":[\"https:\\\/\\\/exaudi.org\\\/es\\\/pesame-papa-muerte-cardenal-somalo\\\/\"]}]},{\"@type\":\"ImageObject\",\"inLanguage\":\"es\",\"@id\":\"https:\\\/\\\/exaudi.org\\\/es\\\/pesame-papa-muerte-cardenal-somalo\\\/#primaryimage\",\"url\":\"https:\\\/\\\/exaudi.org\\\/wp-content\\\/uploads\\\/2021\\\/08\\\/56bn56.jpeg\",\"contentUrl\":\"https:\\\/\\\/exaudi.org\\\/wp-content\\\/uploads\\\/2021\\\/08\\\/56bn56.jpeg\",\"width\":1241,\"height\":699,\"caption\":\"Cardenal Somalo \u00a9 Vatican Media\"},{\"@type\":\"BreadcrumbList\",\"@id\":\"https:\\\/\\\/exaudi.org\\\/es\\\/pesame-papa-muerte-cardenal-somalo\\\/#breadcrumb\",\"itemListElement\":[{\"@type\":\"ListItem\",\"position\":1,\"name\":\"Portada\",\"item\":\"https:\\\/\\\/exaudi.org\\\/es\\\/\"},{\"@type\":\"ListItem\",\"position\":2,\"name\":\"P\u00e9same del Papa por la muerte del cardenal Somalo\"}]},{\"@type\":\"WebSite\",\"@id\":\"https:\\\/\\\/exaudi.org\\\/#website\",\"url\":\"https:\\\/\\\/exaudi.org\\\/\",\"name\":\"Exaudi\",\"description\":\"News\",\"potentialAction\":[{\"@type\":\"SearchAction\",\"target\":{\"@type\":\"EntryPoint\",\"urlTemplate\":\"https:\\\/\\\/exaudi.org\\\/?s={search_term_string}\"},\"query-input\":{\"@type\":\"PropertyValueSpecification\",\"valueRequired\":true,\"valueName\":\"search_term_string\"}}],\"inLanguage\":\"es\"},{\"@type\":\"Person\",\"@id\":\"https:\\\/\\\/exaudi.org\\\/#\\\/schema\\\/person\\\/d134b96438278131ce90c90c03fda6cd\",\"name\":\"Gabriel Sales\",\"image\":{\"@type\":\"ImageObject\",\"inLanguage\":\"es\",\"@id\":\"https:\\\/\\\/secure.gravatar.com\\\/avatar\\\/9b1269566f6a063ed26ffb3532b66a373cdde231ce5d0effb266167437fdaffd?s=96&d=mm&r=g\",\"url\":\"https:\\\/\\\/secure.gravatar.com\\\/avatar\\\/9b1269566f6a063ed26ffb3532b66a373cdde231ce5d0effb266167437fdaffd?s=96&d=mm&r=g\",\"contentUrl\":\"https:\\\/\\\/secure.gravatar.com\\\/avatar\\\/9b1269566f6a063ed26ffb3532b66a373cdde231ce5d0effb266167437fdaffd?s=96&d=mm&r=g\",\"caption\":\"Gabriel Sales\"},\"description\":\"Periodista y especialista en Comunicaci\u00f3n y Branding digital. Cin\u00e9filo y cr\u00edtico de cine y series de televisi\u00f3n.\",\"sameAs\":[\"https:\\\/\\\/www.instagram.com\\\/cine90segundos\\\/\",\"www.linkedin.com\\\/in\\\/habemusman\",\"https:\\\/\\\/x.com\\\/habemusman\",\"https:\\\/\\\/www.youtube.com\\\/channel\\\/UCVfCiOMkJ_C7T7OpyjuaLDg\"],\"url\":\"https:\\\/\\\/exaudi.org\\\/es\\\/author\\\/gsalesexaudi-org\\\/\"}]}<\/script>\n<!-- \/ Yoast SEO plugin. -->","yoast_head_json":{"title":"P\u00e9same del Papa por la muerte del cardenal Somalo - Exaudi","description":"El Papa Francisco ha enviado un telegrama de p\u00e9same por la muerte ayer, 10 de agosto de 2021, del cardenal Eduardo Mart\u00ednez Somalo.","robots":{"index":"index","follow":"follow","max-snippet":"max-snippet:-1","max-image-preview":"max-image-preview:large","max-video-preview":"max-video-preview:-1"},"canonical":"https:\/\/exaudi.org\/es\/pesame-papa-muerte-cardenal-somalo\/","og_locale":"es_ES","og_type":"article","og_title":"P\u00e9same del Papa por la muerte del cardenal Somalo - Exaudi","og_description":"El Papa Francisco ha enviado un telegrama de p\u00e9same por la muerte ayer, 10 de agosto de 2021, del cardenal Eduardo Mart\u00ednez Somalo.","og_url":"https:\/\/exaudi.org\/es\/pesame-papa-muerte-cardenal-somalo\/","og_site_name":"Exaudi","article_publisher":"https:\/\/www.facebook.com\/ExaudiNews","article_published_time":"2021-08-11T11:18:46+00:00","article_modified_time":"2021-08-12T10:17:18+00:00","og_image":[{"width":1241,"height":699,"url":"https:\/\/exaudi.org\/wp-content\/uploads\/2021\/08\/56bn56.jpeg","type":"image\/jpeg"}],"author":"Gabriel Sales","twitter_card":"summary_large_image","twitter_creator":"@habemusman","twitter_site":"@Exaudi_News","twitter_misc":{"Escrito por":"Gabriel Sales","Tiempo de lectura":"4 minutos"},"schema":{"@context":"https:\/\/schema.org","@graph":[{"@type":"Article","@id":"https:\/\/exaudi.org\/es\/pesame-papa-muerte-cardenal-somalo\/#article","isPartOf":{"@id":"https:\/\/exaudi.org\/es\/pesame-papa-muerte-cardenal-somalo\/"},"author":{"name":"Gabriel Sales","@id":"https:\/\/exaudi.org\/#\/schema\/person\/d134b96438278131ce90c90c03fda6cd"},"headline":"P\u00e9same del Papa por la muerte del cardenal Somalo","datePublished":"2021-08-11T11:18:46+00:00","dateModified":"2021-08-12T10:17:18+00:00","mainEntityOfPage":{"@id":"https:\/\/exaudi.org\/es\/pesame-papa-muerte-cardenal-somalo\/"},"wordCount":881,"image":{"@id":"https:\/\/exaudi.org\/es\/pesame-papa-muerte-cardenal-somalo\/#primaryimage"},"thumbnailUrl":"https:\/\/exaudi.org\/wp-content\/uploads\/2021\/08\/56bn56.jpeg","keywords":["Cardenal Eduardo Mart\u00ednez Somalo","papa francisco","P\u00e9same","Telegrama"],"articleSection":["Le\u00f3n XIV","\u00daltimas noticias"],"inLanguage":"es"},{"@type":"WebPage","@id":"https:\/\/exaudi.org\/es\/pesame-papa-muerte-cardenal-somalo\/","url":"https:\/\/exaudi.org\/es\/pesame-papa-muerte-cardenal-somalo\/","name":"P\u00e9same del Papa por la muerte del cardenal Somalo - Exaudi","isPartOf":{"@id":"https:\/\/exaudi.org\/#website"},"primaryImageOfPage":{"@id":"https:\/\/exaudi.org\/es\/pesame-papa-muerte-cardenal-somalo\/#primaryimage"},"image":{"@id":"https:\/\/exaudi.org\/es\/pesame-papa-muerte-cardenal-somalo\/#primaryimage"},"thumbnailUrl":"https:\/\/exaudi.org\/wp-content\/uploads\/2021\/08\/56bn56.jpeg","datePublished":"2021-08-11T11:18:46+00:00","dateModified":"2021-08-12T10:17:18+00:00","author":{"@id":"https:\/\/exaudi.org\/#\/schema\/person\/d134b96438278131ce90c90c03fda6cd"},"description":"El Papa Francisco ha enviado un telegrama de p\u00e9same por la muerte ayer, 10 de agosto de 2021, del cardenal Eduardo Mart\u00ednez Somalo.","breadcrumb":{"@id":"https:\/\/exaudi.org\/es\/pesame-papa-muerte-cardenal-somalo\/#breadcrumb"},"inLanguage":"es","potentialAction":[{"@type":"ReadAction","target":["https:\/\/exaudi.org\/es\/pesame-papa-muerte-cardenal-somalo\/"]}]},{"@type":"ImageObject","inLanguage":"es","@id":"https:\/\/exaudi.org\/es\/pesame-papa-muerte-cardenal-somalo\/#primaryimage","url":"https:\/\/exaudi.org\/wp-content\/uploads\/2021\/08\/56bn56.jpeg","contentUrl":"https:\/\/exaudi.org\/wp-content\/uploads\/2021\/08\/56bn56.jpeg","width":1241,"height":699,"caption":"Cardenal Somalo \u00a9 Vatican Media"},{"@type":"BreadcrumbList","@id":"https:\/\/exaudi.org\/es\/pesame-papa-muerte-cardenal-somalo\/#breadcrumb","itemListElement":[{"@type":"ListItem","position":1,"name":"Portada","item":"https:\/\/exaudi.org\/es\/"},{"@type":"ListItem","position":2,"name":"P\u00e9same del Papa por la muerte del cardenal Somalo"}]},{"@type":"WebSite","@id":"https:\/\/exaudi.org\/#website","url":"https:\/\/exaudi.org\/","name":"Exaudi","description":"News","potentialAction":[{"@type":"SearchAction","target":{"@type":"EntryPoint","urlTemplate":"https:\/\/exaudi.org\/?s={search_term_string}"},"query-input":{"@type":"PropertyValueSpecification","valueRequired":true,"valueName":"search_term_string"}}],"inLanguage":"es"},{"@type":"Person","@id":"https:\/\/exaudi.org\/#\/schema\/person\/d134b96438278131ce90c90c03fda6cd","name":"Gabriel Sales","image":{"@type":"ImageObject","inLanguage":"es","@id":"https:\/\/secure.gravatar.com\/avatar\/9b1269566f6a063ed26ffb3532b66a373cdde231ce5d0effb266167437fdaffd?s=96&d=mm&r=g","url":"https:\/\/secure.gravatar.com\/avatar\/9b1269566f6a063ed26ffb3532b66a373cdde231ce5d0effb266167437fdaffd?s=96&d=mm&r=g","contentUrl":"https:\/\/secure.gravatar.com\/avatar\/9b1269566f6a063ed26ffb3532b66a373cdde231ce5d0effb266167437fdaffd?s=96&d=mm&r=g","caption":"Gabriel Sales"},"description":"Periodista y especialista en Comunicaci\u00f3n y Branding digital. Cin\u00e9filo y cr\u00edtico de cine y series de televisi\u00f3n.","sameAs":["https:\/\/www.instagram.com\/cine90segundos\/","www.linkedin.com\/in\/habemusman","https:\/\/x.com\/habemusman","https:\/\/www.youtube.com\/channel\/UCVfCiOMkJ_C7T7OpyjuaLDg"],"url":"https:\/\/exaudi.org\/es\/author\/gsalesexaudi-org\/"}]}},"jetpack_featured_media_url":"https:\/\/exaudi.org\/wp-content\/uploads\/2021\/08\/56bn56.jpeg","jetpack_shortlink":"https:\/\/wp.me\/pgKjF2-7OR","_links":{"self":[{"href":"https:\/\/exaudi.org\/es\/wp-json\/wp\/v2\/posts\/30061","targetHints":{"allow":["GET"]}}],"collection":[{"href":"https:\/\/exaudi.org\/es\/wp-json\/wp\/v2\/posts"}],"about":[{"href":"https:\/\/exaudi.org\/es\/wp-json\/wp\/v2\/types\/post"}],"author":[{"embeddable":true,"href":"https:\/\/exaudi.org\/es\/wp-json\/wp\/v2\/users\/6"}],"replies":[{"embeddable":true,"href":"https:\/\/exaudi.org\/es\/wp-json\/wp\/v2\/comments?post=30061"}],"version-history":[{"count":0,"href":"https:\/\/exaudi.org\/es\/wp-json\/wp\/v2\/posts\/30061\/revisions"}],"wp:featuredmedia":[{"embeddable":true,"href":"https:\/\/exaudi.org\/es\/wp-json\/wp\/v2\/media\/30062"}],"wp:attachment":[{"href":"https:\/\/exaudi.org\/es\/wp-json\/wp\/v2\/media?parent=30061"}],"wp:term":[{"taxonomy":"category","embeddable":true,"href":"https:\/\/exaudi.org\/es\/wp-json\/wp\/v2\/categories?post=30061"},{"taxonomy":"post_tag","embeddable":true,"href":"https:\/\/exaudi.org\/es\/wp-json\/wp\/v2\/tags?post=30061"}],"curies":[{"name":"wp","href":"https:\/\/api.w.org\/{rel}","templated":true}]}}