{"id":29991,"date":"2021-08-11T10:56:22","date_gmt":"2021-08-11T08:56:22","guid":{"rendered":"https:\/\/exaudi.wpengine.com\/?p=29991"},"modified":"2021-08-11T16:38:47","modified_gmt":"2021-08-11T14:38:47","slug":"monsenor-cabrejos-amistad-social-incluye-todos","status":"publish","type":"post","link":"https:\/\/exaudi.org\/es\/monsenor-cabrejos-amistad-social-incluye-todos\/","title":{"rendered":"Mons. Cabrejos: \u201cLa amistad social incluye a todos\u201d"},"content":{"rendered":"<p><span style=\"font-weight: 400\"><a href=\"https:\/\/exaudi.wpengine.com\/es\/entrevista-mons-cabrejos-presidente-episcopado-latinoamericano\/\" target=\"_blank\" rel=\"noopener noreferrer\">Monse\u00f1or Miguel Cabrejos Vidarte<\/a>, presidente de la <a href=\"https:\/\/www.iglesiacatolica.org.pe\/\" target=\"_blank\" rel=\"noopener noreferrer\">Conferencia Episcopal de Per\u00fa<\/a> (CEP) y presidente del Consejo Episcopal Latinoamericano (CELAM), se reuni\u00f3, la noche de este lunes 9 de agosto en la sede del Episcopado, en un \u201cambiente fraterno y cordial\u201d, con 10 congresistas que asumieron funciones el 27 de julio, que representan a los pueblos originarios y zonas alejadas del Per\u00fa. En la cita, explic\u00f3 que \u201cla amistad social incluye a todos\u201d.<\/span><\/p>\n<p><span style=\"font-weight: 400\">Durante la reuni\u00f3n, explica la CEP en una nota informativa, los congresistas expresaron sus perspectivas del pa\u00eds con respecto a los \u00e1mbitos pol\u00edtico, social, econ\u00f3mico y ambiental para este nuevo quinquenio. Por su parte, Mons. Cabrejos agradeci\u00f3 la presencia de los nuevos parlamentarios y les invit\u00f3 a seguir estableciendo canales de di\u00e1logo con la Iglesia a fin de velar por los m\u00e1s necesitados. <\/span><\/p>\n<p><span style=\"font-weight: 400\">Del mismo modo, el presidente episcopal realiz\u00f3 una reflexi\u00f3n sobre lo que significa la \u201cBuena Pol\u00edtica\u201d a la luz de la \u00faltima enc\u00edclica del Papa Francisco <em>Fratelli Tutti.\u00a0<\/em><\/span><span style=\"font-weight: 400\">\u201cLa amistad social incluye a todos, llegando hasta las periferias m\u00e1s lejanas, hasta quienes no pueden ejercer su &#8216;ciudadan\u00eda plena&#8217;. Caminar hacia un desarrollo humano integral implica reconocer la prioridad de la vida digna de todos sobre los intereses particulares\u201d, expres\u00f3 Mons. Cabrejos, citando las palabras del Santo Padre.<\/span><\/p>\n<p><span style=\"font-weight: 400\">Los parlamentarios que participaron de la cita fueron Oscar Zea Choquemani, Flavio Cruz Mamani y Fernando Mario Herrera Mamani del partido pol\u00edtico Per\u00fa Libre; y Wilson Soto Palacios, Marleny Portero L\u00f3pez, Jorge Luis Flores Ancachi, Ra\u00fal Felipe Doroteo Carbajo, Luis \u00c1ngel Arag\u00f3n Carre\u00f1o, Ilich L\u00f3pez Ure\u00f1a, Elvis Hern\u00e1n Vergara Mendoza del partido Acci\u00f3n Popular.<\/span><\/p>\n","protected":false},"excerpt":{"rendered":"<p>Reuni\u00f3n del presidente de la CEP con congresistas representantes de pueblos originarios y zonas alejadas de Per\u00fa<\/p>\n","protected":false},"author":15,"featured_media":29993,"comment_status":"closed","ping_status":"closed","sticky":false,"template":"","format":"standard","meta":{"_acf_changed":false,"_crdt_document":"","inline_featured_image":false,"footnotes":""},"categories":[86,298],"tags":[609,2909,945],"class_list":["post-29991","post","type-post","status-publish","format-standard","has-post-thumbnail","hentry","category-iglesia-local","category-ultimas-noticias","tag-conferencia-episcopal-peruana-cep","tag-monsenor-miguel-cabrejos-vidarte","tag-peru"],"acf":[],"yoast_head":"<!-- This site is optimized with the Yoast SEO plugin v27.5 - https:\/\/yoast.com\/product\/yoast-seo-wordpress\/ -->\n<title>Mons. Cabrejos: \u201cLa amistad social incluye a todos\u201d - Exaudi<\/title>\n<meta name=\"description\" content=\"En una reuni\u00f3n con congresistas representantes de zonas originarias de Per\u00fa, Mons. Cabrejos habl\u00f3 de la amistad social que incluye a todos.\" \/>\n<meta name=\"robots\" content=\"index, follow, max-snippet:-1, max-image-preview:large, max-video-preview:-1\" \/>\n<link rel=\"canonical\" href=\"https:\/\/exaudi.org\/es\/monsenor-cabrejos-amistad-social-incluye-todos\/\" \/>\n<meta property=\"og:locale\" content=\"es_ES\" \/>\n<meta property=\"og:type\" content=\"article\" \/>\n<meta property=\"og:title\" content=\"Mons. Cabrejos: \u201cLa amistad social incluye a todos\u201d - Exaudi\" \/>\n<meta property=\"og:description\" content=\"En una reuni\u00f3n con congresistas representantes de zonas originarias de Per\u00fa, Mons. Cabrejos habl\u00f3 de la amistad social que incluye a todos.\" \/>\n<meta property=\"og:url\" content=\"https:\/\/exaudi.org\/es\/monsenor-cabrejos-amistad-social-incluye-todos\/\" \/>\n<meta property=\"og:site_name\" content=\"Exaudi\" \/>\n<meta property=\"article:publisher\" content=\"https:\/\/www.facebook.com\/ExaudiNews\" \/>\n<meta property=\"article:author\" content=\"https:\/\/www.facebook.com\/ExaudiNoticias\/\" \/>\n<meta property=\"article:published_time\" content=\"2021-08-11T08:56:22+00:00\" \/>\n<meta property=\"article:modified_time\" content=\"2021-08-11T14:38:47+00:00\" \/>\n<meta property=\"og:image\" content=\"https:\/\/exaudi.org\/wp-content\/uploads\/2021\/08\/kljlkn77.jpg\" \/>\n\t<meta property=\"og:image:width\" content=\"1943\" \/>\n\t<meta property=\"og:image:height\" content=\"1139\" \/>\n\t<meta property=\"og:image:type\" content=\"image\/jpeg\" \/>\n<meta name=\"author\" content=\"Exaudi Redacci\u00f3n\" \/>\n<meta name=\"twitter:card\" content=\"summary_large_image\" \/>\n<meta name=\"twitter:creator\" content=\"@Exaudi_noticias\" \/>\n<meta name=\"twitter:site\" content=\"@Exaudi_News\" \/>\n<meta name=\"twitter:label1\" content=\"Escrito por\" \/>\n\t<meta name=\"twitter:data1\" content=\"Exaudi Redacci\u00f3n\" \/>\n\t<meta name=\"twitter:label2\" content=\"Tiempo de lectura\" \/>\n\t<meta name=\"twitter:data2\" content=\"2 minutos\" \/>\n<script type=\"application\/ld+json\" class=\"yoast-schema-graph\">{\"@context\":\"https:\\\/\\\/schema.org\",\"@graph\":[{\"@type\":\"Article\",\"@id\":\"https:\\\/\\\/exaudi.org\\\/es\\\/monsenor-cabrejos-amistad-social-incluye-todos\\\/#article\",\"isPartOf\":{\"@id\":\"https:\\\/\\\/exaudi.org\\\/es\\\/monsenor-cabrejos-amistad-social-incluye-todos\\\/\"},\"author\":{\"name\":\"Exaudi Redacci\u00f3n\",\"@id\":\"https:\\\/\\\/exaudi.org\\\/#\\\/schema\\\/person\\\/f5fc8f063065e38742da7afe15f25df7\"},\"headline\":\"Mons. Cabrejos: \u201cLa amistad social incluye a todos\u201d\",\"datePublished\":\"2021-08-11T08:56:22+00:00\",\"dateModified\":\"2021-08-11T14:38:47+00:00\",\"mainEntityOfPage\":{\"@id\":\"https:\\\/\\\/exaudi.org\\\/es\\\/monsenor-cabrejos-amistad-social-incluye-todos\\\/\"},\"wordCount\":292,\"image\":{\"@id\":\"https:\\\/\\\/exaudi.org\\\/es\\\/monsenor-cabrejos-amistad-social-incluye-todos\\\/#primaryimage\"},\"thumbnailUrl\":\"https:\\\/\\\/exaudi.org\\\/wp-content\\\/uploads\\\/2021\\\/08\\\/kljlkn77.jpg\",\"keywords\":[\"Conferencia Episcopal Peruana (CEP)\",\"Monse\u00f1or Miguel Cabrejos Vidarte\",\"Per\u00fa\"],\"articleSection\":[\"Iglesia Local\",\"\u00daltimas noticias\"],\"inLanguage\":\"es\"},{\"@type\":\"WebPage\",\"@id\":\"https:\\\/\\\/exaudi.org\\\/es\\\/monsenor-cabrejos-amistad-social-incluye-todos\\\/\",\"url\":\"https:\\\/\\\/exaudi.org\\\/es\\\/monsenor-cabrejos-amistad-social-incluye-todos\\\/\",\"name\":\"Mons. Cabrejos: \u201cLa amistad social incluye a todos\u201d - Exaudi\",\"isPartOf\":{\"@id\":\"https:\\\/\\\/exaudi.org\\\/#website\"},\"primaryImageOfPage\":{\"@id\":\"https:\\\/\\\/exaudi.org\\\/es\\\/monsenor-cabrejos-amistad-social-incluye-todos\\\/#primaryimage\"},\"image\":{\"@id\":\"https:\\\/\\\/exaudi.org\\\/es\\\/monsenor-cabrejos-amistad-social-incluye-todos\\\/#primaryimage\"},\"thumbnailUrl\":\"https:\\\/\\\/exaudi.org\\\/wp-content\\\/uploads\\\/2021\\\/08\\\/kljlkn77.jpg\",\"datePublished\":\"2021-08-11T08:56:22+00:00\",\"dateModified\":\"2021-08-11T14:38:47+00:00\",\"author\":{\"@id\":\"https:\\\/\\\/exaudi.org\\\/#\\\/schema\\\/person\\\/f5fc8f063065e38742da7afe15f25df7\"},\"description\":\"En una reuni\u00f3n con congresistas representantes de zonas originarias de Per\u00fa, Mons. Cabrejos habl\u00f3 de la amistad social que incluye a todos.\",\"breadcrumb\":{\"@id\":\"https:\\\/\\\/exaudi.org\\\/es\\\/monsenor-cabrejos-amistad-social-incluye-todos\\\/#breadcrumb\"},\"inLanguage\":\"es\",\"potentialAction\":[{\"@type\":\"ReadAction\",\"target\":[\"https:\\\/\\\/exaudi.org\\\/es\\\/monsenor-cabrejos-amistad-social-incluye-todos\\\/\"]}]},{\"@type\":\"ImageObject\",\"inLanguage\":\"es\",\"@id\":\"https:\\\/\\\/exaudi.org\\\/es\\\/monsenor-cabrejos-amistad-social-incluye-todos\\\/#primaryimage\",\"url\":\"https:\\\/\\\/exaudi.org\\\/wp-content\\\/uploads\\\/2021\\\/08\\\/kljlkn77.jpg\",\"contentUrl\":\"https:\\\/\\\/exaudi.org\\\/wp-content\\\/uploads\\\/2021\\\/08\\\/kljlkn77.jpg\",\"width\":1943,\"height\":1139,\"caption\":\"Mons. Cabrejos junto a los congresistas de Per\u00fa \u00a9 CEP\"},{\"@type\":\"BreadcrumbList\",\"@id\":\"https:\\\/\\\/exaudi.org\\\/es\\\/monsenor-cabrejos-amistad-social-incluye-todos\\\/#breadcrumb\",\"itemListElement\":[{\"@type\":\"ListItem\",\"position\":1,\"name\":\"Portada\",\"item\":\"https:\\\/\\\/exaudi.org\\\/es\\\/\"},{\"@type\":\"ListItem\",\"position\":2,\"name\":\"Mons. Cabrejos: \u201cLa amistad social incluye a todos\u201d\"}]},{\"@type\":\"WebSite\",\"@id\":\"https:\\\/\\\/exaudi.org\\\/#website\",\"url\":\"https:\\\/\\\/exaudi.org\\\/\",\"name\":\"Exaudi\",\"description\":\"News\",\"potentialAction\":[{\"@type\":\"SearchAction\",\"target\":{\"@type\":\"EntryPoint\",\"urlTemplate\":\"https:\\\/\\\/exaudi.org\\\/?s={search_term_string}\"},\"query-input\":{\"@type\":\"PropertyValueSpecification\",\"valueRequired\":true,\"valueName\":\"search_term_string\"}}],\"inLanguage\":\"es\"},{\"@type\":\"Person\",\"@id\":\"https:\\\/\\\/exaudi.org\\\/#\\\/schema\\\/person\\\/f5fc8f063065e38742da7afe15f25df7\",\"name\":\"Exaudi Redacci\u00f3n\",\"image\":{\"@type\":\"ImageObject\",\"inLanguage\":\"es\",\"@id\":\"https:\\\/\\\/secure.gravatar.com\\\/avatar\\\/fe0f6a059fb68d9b3e11bc5850dd4899b1c7492091a3cb6dd9b01b56ad828be2?s=96&d=mm&r=g\",\"url\":\"https:\\\/\\\/secure.gravatar.com\\\/avatar\\\/fe0f6a059fb68d9b3e11bc5850dd4899b1c7492091a3cb6dd9b01b56ad828be2?s=96&d=mm&r=g\",\"contentUrl\":\"https:\\\/\\\/secure.gravatar.com\\\/avatar\\\/fe0f6a059fb68d9b3e11bc5850dd4899b1c7492091a3cb6dd9b01b56ad828be2?s=96&d=mm&r=g\",\"caption\":\"Exaudi Redacci\u00f3n\"},\"description\":\"\u00bfQu\u00e9 es Exaudi News? Exaudi News es un medio de comunicaci\u00f3n cat\u00f3lico internacional que informa, forma y transforma, diariamente en espa\u00f1ol, ingl\u00e9s e italiano. A trav\u00e9s de noticias, art\u00edculos de an\u00e1lisis y transmisiones en directo de los eventos del Papa, Exaudi busca fortalecer la unidad de los cristianos y contribuir a la evangelizaci\u00f3n del mundo, siempre guiados por la doctrina social de la Iglesia. Trabajamos para acercar la verdad y los valores cristianos a cada rinc\u00f3n del planeta. \u00a1Ay\u00fadanos a transformar el mundo con Exaudi! En Exaudi creemos que la evangelizaci\u00f3n y la informaci\u00f3n de calidad pueden cambiar vidas. Para continuar con nuestra misi\u00f3n y expandir nuestro alcance, necesitamos tu ayuda. Adem\u00e1s, buscamos personas comprometidas que deseen unirse a nuestro equipo. Con tu apoyo, lograremos llegar a m\u00e1s personas, difundir el mensaje de Cristo y reforzar la unidad de los cristianos. \u00bfTe unes a nuestra misi\u00f3n? Para m\u00e1s informaci\u00f3n sobre c\u00f3mo colaborar, visita Exaudi.org\\\/es o cont\u00e1ctanos directamente: info@exaudi.org Exaudi: Informa, forma y transforma.\",\"sameAs\":[\"https:\\\/\\\/www.facebook.com\\\/ExaudiNoticias\\\/\",\"https:\\\/\\\/www.instagram.com\\\/exaudi_noticias\\\/\",\"https:\\\/\\\/x.com\\\/Exaudi_noticias\",\"https:\\\/\\\/www.youtube.com\\\/@exaudicatholicnews\"],\"url\":\"https:\\\/\\\/exaudi.org\\\/es\\\/author\\\/redaccionexaudi\\\/\"}]}<\/script>\n<!-- \/ Yoast SEO plugin. -->","yoast_head_json":{"title":"Mons. Cabrejos: \u201cLa amistad social incluye a todos\u201d - Exaudi","description":"En una reuni\u00f3n con congresistas representantes de zonas originarias de Per\u00fa, Mons. Cabrejos habl\u00f3 de la amistad social que incluye a todos.","robots":{"index":"index","follow":"follow","max-snippet":"max-snippet:-1","max-image-preview":"max-image-preview:large","max-video-preview":"max-video-preview:-1"},"canonical":"https:\/\/exaudi.org\/es\/monsenor-cabrejos-amistad-social-incluye-todos\/","og_locale":"es_ES","og_type":"article","og_title":"Mons. Cabrejos: \u201cLa amistad social incluye a todos\u201d - Exaudi","og_description":"En una reuni\u00f3n con congresistas representantes de zonas originarias de Per\u00fa, Mons. Cabrejos habl\u00f3 de la amistad social que incluye a todos.","og_url":"https:\/\/exaudi.org\/es\/monsenor-cabrejos-amistad-social-incluye-todos\/","og_site_name":"Exaudi","article_publisher":"https:\/\/www.facebook.com\/ExaudiNews","article_author":"https:\/\/www.facebook.com\/ExaudiNoticias\/","article_published_time":"2021-08-11T08:56:22+00:00","article_modified_time":"2021-08-11T14:38:47+00:00","og_image":[{"width":1943,"height":1139,"url":"https:\/\/exaudi.org\/wp-content\/uploads\/2021\/08\/kljlkn77.jpg","type":"image\/jpeg"}],"author":"Exaudi Redacci\u00f3n","twitter_card":"summary_large_image","twitter_creator":"@Exaudi_noticias","twitter_site":"@Exaudi_News","twitter_misc":{"Escrito por":"Exaudi Redacci\u00f3n","Tiempo de lectura":"2 minutos"},"schema":{"@context":"https:\/\/schema.org","@graph":[{"@type":"Article","@id":"https:\/\/exaudi.org\/es\/monsenor-cabrejos-amistad-social-incluye-todos\/#article","isPartOf":{"@id":"https:\/\/exaudi.org\/es\/monsenor-cabrejos-amistad-social-incluye-todos\/"},"author":{"name":"Exaudi Redacci\u00f3n","@id":"https:\/\/exaudi.org\/#\/schema\/person\/f5fc8f063065e38742da7afe15f25df7"},"headline":"Mons. Cabrejos: \u201cLa amistad social incluye a todos\u201d","datePublished":"2021-08-11T08:56:22+00:00","dateModified":"2021-08-11T14:38:47+00:00","mainEntityOfPage":{"@id":"https:\/\/exaudi.org\/es\/monsenor-cabrejos-amistad-social-incluye-todos\/"},"wordCount":292,"image":{"@id":"https:\/\/exaudi.org\/es\/monsenor-cabrejos-amistad-social-incluye-todos\/#primaryimage"},"thumbnailUrl":"https:\/\/exaudi.org\/wp-content\/uploads\/2021\/08\/kljlkn77.jpg","keywords":["Conferencia Episcopal Peruana (CEP)","Monse\u00f1or Miguel Cabrejos Vidarte","Per\u00fa"],"articleSection":["Iglesia Local","\u00daltimas noticias"],"inLanguage":"es"},{"@type":"WebPage","@id":"https:\/\/exaudi.org\/es\/monsenor-cabrejos-amistad-social-incluye-todos\/","url":"https:\/\/exaudi.org\/es\/monsenor-cabrejos-amistad-social-incluye-todos\/","name":"Mons. Cabrejos: \u201cLa amistad social incluye a todos\u201d - Exaudi","isPartOf":{"@id":"https:\/\/exaudi.org\/#website"},"primaryImageOfPage":{"@id":"https:\/\/exaudi.org\/es\/monsenor-cabrejos-amistad-social-incluye-todos\/#primaryimage"},"image":{"@id":"https:\/\/exaudi.org\/es\/monsenor-cabrejos-amistad-social-incluye-todos\/#primaryimage"},"thumbnailUrl":"https:\/\/exaudi.org\/wp-content\/uploads\/2021\/08\/kljlkn77.jpg","datePublished":"2021-08-11T08:56:22+00:00","dateModified":"2021-08-11T14:38:47+00:00","author":{"@id":"https:\/\/exaudi.org\/#\/schema\/person\/f5fc8f063065e38742da7afe15f25df7"},"description":"En una reuni\u00f3n con congresistas representantes de zonas originarias de Per\u00fa, Mons. Cabrejos habl\u00f3 de la amistad social que incluye a todos.","breadcrumb":{"@id":"https:\/\/exaudi.org\/es\/monsenor-cabrejos-amistad-social-incluye-todos\/#breadcrumb"},"inLanguage":"es","potentialAction":[{"@type":"ReadAction","target":["https:\/\/exaudi.org\/es\/monsenor-cabrejos-amistad-social-incluye-todos\/"]}]},{"@type":"ImageObject","inLanguage":"es","@id":"https:\/\/exaudi.org\/es\/monsenor-cabrejos-amistad-social-incluye-todos\/#primaryimage","url":"https:\/\/exaudi.org\/wp-content\/uploads\/2021\/08\/kljlkn77.jpg","contentUrl":"https:\/\/exaudi.org\/wp-content\/uploads\/2021\/08\/kljlkn77.jpg","width":1943,"height":1139,"caption":"Mons. Cabrejos junto a los congresistas de Per\u00fa \u00a9 CEP"},{"@type":"BreadcrumbList","@id":"https:\/\/exaudi.org\/es\/monsenor-cabrejos-amistad-social-incluye-todos\/#breadcrumb","itemListElement":[{"@type":"ListItem","position":1,"name":"Portada","item":"https:\/\/exaudi.org\/es\/"},{"@type":"ListItem","position":2,"name":"Mons. Cabrejos: \u201cLa amistad social incluye a todos\u201d"}]},{"@type":"WebSite","@id":"https:\/\/exaudi.org\/#website","url":"https:\/\/exaudi.org\/","name":"Exaudi","description":"News","potentialAction":[{"@type":"SearchAction","target":{"@type":"EntryPoint","urlTemplate":"https:\/\/exaudi.org\/?s={search_term_string}"},"query-input":{"@type":"PropertyValueSpecification","valueRequired":true,"valueName":"search_term_string"}}],"inLanguage":"es"},{"@type":"Person","@id":"https:\/\/exaudi.org\/#\/schema\/person\/f5fc8f063065e38742da7afe15f25df7","name":"Exaudi Redacci\u00f3n","image":{"@type":"ImageObject","inLanguage":"es","@id":"https:\/\/secure.gravatar.com\/avatar\/fe0f6a059fb68d9b3e11bc5850dd4899b1c7492091a3cb6dd9b01b56ad828be2?s=96&d=mm&r=g","url":"https:\/\/secure.gravatar.com\/avatar\/fe0f6a059fb68d9b3e11bc5850dd4899b1c7492091a3cb6dd9b01b56ad828be2?s=96&d=mm&r=g","contentUrl":"https:\/\/secure.gravatar.com\/avatar\/fe0f6a059fb68d9b3e11bc5850dd4899b1c7492091a3cb6dd9b01b56ad828be2?s=96&d=mm&r=g","caption":"Exaudi Redacci\u00f3n"},"description":"\u00bfQu\u00e9 es Exaudi News? Exaudi News es un medio de comunicaci\u00f3n cat\u00f3lico internacional que informa, forma y transforma, diariamente en espa\u00f1ol, ingl\u00e9s e italiano. A trav\u00e9s de noticias, art\u00edculos de an\u00e1lisis y transmisiones en directo de los eventos del Papa, Exaudi busca fortalecer la unidad de los cristianos y contribuir a la evangelizaci\u00f3n del mundo, siempre guiados por la doctrina social de la Iglesia. Trabajamos para acercar la verdad y los valores cristianos a cada rinc\u00f3n del planeta. \u00a1Ay\u00fadanos a transformar el mundo con Exaudi! En Exaudi creemos que la evangelizaci\u00f3n y la informaci\u00f3n de calidad pueden cambiar vidas. Para continuar con nuestra misi\u00f3n y expandir nuestro alcance, necesitamos tu ayuda. Adem\u00e1s, buscamos personas comprometidas que deseen unirse a nuestro equipo. Con tu apoyo, lograremos llegar a m\u00e1s personas, difundir el mensaje de Cristo y reforzar la unidad de los cristianos. \u00bfTe unes a nuestra misi\u00f3n? Para m\u00e1s informaci\u00f3n sobre c\u00f3mo colaborar, visita Exaudi.org\/es o cont\u00e1ctanos directamente: info@exaudi.org Exaudi: Informa, forma y transforma.","sameAs":["https:\/\/www.facebook.com\/ExaudiNoticias\/","https:\/\/www.instagram.com\/exaudi_noticias\/","https:\/\/x.com\/Exaudi_noticias","https:\/\/www.youtube.com\/@exaudicatholicnews"],"url":"https:\/\/exaudi.org\/es\/author\/redaccionexaudi\/"}]}},"jetpack_featured_media_url":"https:\/\/exaudi.org\/wp-content\/uploads\/2021\/08\/kljlkn77.jpg","jetpack_shortlink":"https:\/\/wp.me\/pgKjF2-7NJ","_links":{"self":[{"href":"https:\/\/exaudi.org\/es\/wp-json\/wp\/v2\/posts\/29991","targetHints":{"allow":["GET"]}}],"collection":[{"href":"https:\/\/exaudi.org\/es\/wp-json\/wp\/v2\/posts"}],"about":[{"href":"https:\/\/exaudi.org\/es\/wp-json\/wp\/v2\/types\/post"}],"author":[{"embeddable":true,"href":"https:\/\/exaudi.org\/es\/wp-json\/wp\/v2\/users\/15"}],"replies":[{"embeddable":true,"href":"https:\/\/exaudi.org\/es\/wp-json\/wp\/v2\/comments?post=29991"}],"version-history":[{"count":0,"href":"https:\/\/exaudi.org\/es\/wp-json\/wp\/v2\/posts\/29991\/revisions"}],"wp:featuredmedia":[{"embeddable":true,"href":"https:\/\/exaudi.org\/es\/wp-json\/wp\/v2\/media\/29993"}],"wp:attachment":[{"href":"https:\/\/exaudi.org\/es\/wp-json\/wp\/v2\/media?parent=29991"}],"wp:term":[{"taxonomy":"category","embeddable":true,"href":"https:\/\/exaudi.org\/es\/wp-json\/wp\/v2\/categories?post=29991"},{"taxonomy":"post_tag","embeddable":true,"href":"https:\/\/exaudi.org\/es\/wp-json\/wp\/v2\/tags?post=29991"}],"curies":[{"name":"wp","href":"https:\/\/api.w.org\/{rel}","templated":true}]}}