{"id":29979,"date":"2021-08-11T09:56:24","date_gmt":"2021-08-11T07:56:24","guid":{"rendered":"https:\/\/exaudi.wpengine.com\/?p=29979"},"modified":"2021-08-12T12:49:23","modified_gmt":"2021-08-12T10:49:23","slug":"pesame-papa-asesinato-padre-olivier-maire","status":"publish","type":"post","link":"https:\/\/exaudi.org\/es\/pesame-papa-asesinato-padre-olivier-maire\/","title":{"rendered":"P\u00e9same del Papa por el asesinato del padre Maire"},"content":{"rendered":"<p>En la <a href=\"https:\/\/exaudi.wpengine.com\/es\/ley-origen-divino-no-da-vida\/\" target=\"_blank\" rel=\"noopener noreferrer\">audiencia general<\/a> de hoy, mi\u00e9rcoles 11 de agosto de 2021, el Papa Francisco ha mostrado su alegr\u00eda al saludar a los fieles de lengua francesa y les ha compartido su dolor tras el conocimiento de la muerte del padre Olivier Maire, superior provincial de la Congregaci\u00f3n de los Montfortianos, asesinado en la Vend\u00e9e, en Saint-Laurent-Sur-Sevre, Francia, el pasado 9 de agosto.<\/p>\n<p>Del mismo modo, el Santo Padre ha dado su p\u00e9same a la comunidad religiosa de los monfortianos en Vend\u00e9e, a la familia del difunto y a todos los cat\u00f3licos de Francia: \u201cLe aseguro que mi participaci\u00f3n y mi cercan\u00eda espiritual. A todos mi bendici\u00f3n\u201d.<\/p>\n<h4><strong>Solidaridad de la Iglesia francesa<\/strong><\/h4>\n<p>La Iglesia en Francia mostr\u00f3 su cercan\u00eda y solidaridad ante el asesinato del padre Maire.\u00a0Al conocer la tragedia, la\u00a0<a href=\"https:\/\/eglise.catholique.fr\/\" target=\"_blank\" rel=\"noopener noreferrer\">Conferencia Episcopal Francesa<\/a> (CEF) y la Conferencia de Religiosos y Religiosas de Francia (CORREF) expresaron en un comunicado \u201csu inmensa tristeza y horror\u201d. \u201cEl autor de este asesinato se alojaba en casa del padre Olivier Maire y se present\u00f3 a la polic\u00eda esta ma\u00f1ana. Por el momento, se desconocen las circunstancias de esta tragedia\u201d, describe la nota.<\/p>\n<p>El CEF y el CORREF aseguraron \u201ca sus padres, a su familia, a los Misioneros de Monfort, a la comunidad de la bas\u00edlica de San Luis-Mar\u00eda Grignon de Montfort en Saint-Laurent-sur-S\u00e8vres y a toda la gran familia religiosa monfortiana sus oraciones\u201d.\u00a0Los padres y hermanos de la Compa\u00f1\u00eda de Mar\u00eda (llamados Misioneros Montfortianos) \u201cest\u00e1n presentes en los cinco continentes. Persiguen el proyecto de su fundador, evangelizar en proximidad y atenci\u00f3n a todos\u201d, concluye el comunicado.<\/p>\n<h4><strong>Sucesos<\/strong><\/h4>\n<p>El P. Maire fue asesinado en la Vend\u00e9e, en Saint-Laurent-Sur-Sevre, Francia, el 9 de agosto de 2021. Su cuerpo fue encontrado por la polic\u00eda tras la denuncia de un hombre que se present\u00f3 a la gendarmer\u00eda confesando el crimen.<\/p>\n<p>De acuerdo a Vatican News, Emmanuel Abayisenga, de 40 a\u00f1os, nacido en Ruanda, asesino confeso, es el principal sospechoso del incendio provocado en la catedral de Nantes, Francia, en julio de 2020. Hab\u00eda sido puesto en libertad bajo supervisi\u00f3n judicial a principios de junio y fue acogido en la comunidad religiosa a la que pertenec\u00eda el sacerdote asesinado mientras esperaba su juicio, previsto para 2022.<\/p>\n","protected":false},"excerpt":{"rendered":"<p>Condolencias durante la Audiencia general<\/p>\n","protected":false},"author":6,"featured_media":29980,"comment_status":"closed","ping_status":"closed","sticky":false,"template":"","format":"standard","meta":{"_acf_changed":false,"_crdt_document":"","inline_featured_image":false,"footnotes":""},"categories":[112,298],"tags":[179,3653,158,1575],"class_list":["post-29979","post","type-post","status-publish","format-standard","has-post-thumbnail","hentry","category-audiencia-general","category-ultimas-noticias","tag-audiencia-general","tag-padre-olivier-maire","tag-papa-francisco","tag-pesame"],"acf":[],"yoast_head":"<!-- This site is optimized with the Yoast SEO plugin v27.5 - https:\/\/yoast.com\/product\/yoast-seo-wordpress\/ -->\n<title>P\u00e9same del Papa por el asesinato del padre Maire - Exaudi<\/title>\n<meta name=\"description\" content=\"El la audiencia general de esta ma\u00f1ana, el Papa Francisco ha dado su p\u00e9same por el reciente asesinato del padre Olivier Maire.\" \/>\n<meta name=\"robots\" content=\"index, follow, max-snippet:-1, max-image-preview:large, max-video-preview:-1\" \/>\n<link rel=\"canonical\" href=\"https:\/\/exaudi.org\/es\/pesame-papa-asesinato-padre-olivier-maire\/\" \/>\n<meta property=\"og:locale\" content=\"es_ES\" \/>\n<meta property=\"og:type\" content=\"article\" \/>\n<meta property=\"og:title\" content=\"P\u00e9same del Papa por el asesinato del padre Maire - Exaudi\" \/>\n<meta property=\"og:description\" content=\"El la audiencia general de esta ma\u00f1ana, el Papa Francisco ha dado su p\u00e9same por el reciente asesinato del padre Olivier Maire.\" \/>\n<meta property=\"og:url\" content=\"https:\/\/exaudi.org\/es\/pesame-papa-asesinato-padre-olivier-maire\/\" \/>\n<meta property=\"og:site_name\" content=\"Exaudi\" \/>\n<meta property=\"article:publisher\" content=\"https:\/\/www.facebook.com\/ExaudiNews\" \/>\n<meta property=\"article:published_time\" content=\"2021-08-11T07:56:24+00:00\" \/>\n<meta property=\"article:modified_time\" content=\"2021-08-12T10:49:23+00:00\" \/>\n<meta property=\"og:image\" content=\"https:\/\/exaudi.org\/wp-content\/uploads\/2021\/08\/7657n5655-scaled.jpg\" \/>\n\t<meta property=\"og:image:width\" content=\"2560\" \/>\n\t<meta property=\"og:image:height\" content=\"1707\" \/>\n\t<meta property=\"og:image:type\" content=\"image\/jpeg\" \/>\n<meta name=\"author\" content=\"Gabriel Sales\" \/>\n<meta name=\"twitter:card\" content=\"summary_large_image\" \/>\n<meta name=\"twitter:creator\" content=\"@habemusman\" \/>\n<meta name=\"twitter:site\" content=\"@Exaudi_News\" \/>\n<meta name=\"twitter:label1\" content=\"Escrito por\" \/>\n\t<meta name=\"twitter:data1\" content=\"Gabriel Sales\" \/>\n\t<meta name=\"twitter:label2\" content=\"Tiempo de lectura\" \/>\n\t<meta name=\"twitter:data2\" content=\"2 minutos\" \/>\n<script type=\"application\/ld+json\" class=\"yoast-schema-graph\">{\"@context\":\"https:\\\/\\\/schema.org\",\"@graph\":[{\"@type\":\"Article\",\"@id\":\"https:\\\/\\\/exaudi.org\\\/es\\\/pesame-papa-asesinato-padre-olivier-maire\\\/#article\",\"isPartOf\":{\"@id\":\"https:\\\/\\\/exaudi.org\\\/es\\\/pesame-papa-asesinato-padre-olivier-maire\\\/\"},\"author\":{\"name\":\"Gabriel Sales\",\"@id\":\"https:\\\/\\\/exaudi.org\\\/#\\\/schema\\\/person\\\/d134b96438278131ce90c90c03fda6cd\"},\"headline\":\"P\u00e9same del Papa por el asesinato del padre Maire\",\"datePublished\":\"2021-08-11T07:56:24+00:00\",\"dateModified\":\"2021-08-12T10:49:23+00:00\",\"mainEntityOfPage\":{\"@id\":\"https:\\\/\\\/exaudi.org\\\/es\\\/pesame-papa-asesinato-padre-olivier-maire\\\/\"},\"wordCount\":398,\"image\":{\"@id\":\"https:\\\/\\\/exaudi.org\\\/es\\\/pesame-papa-asesinato-padre-olivier-maire\\\/#primaryimage\"},\"thumbnailUrl\":\"https:\\\/\\\/exaudi.org\\\/wp-content\\\/uploads\\\/2021\\\/08\\\/7657n5655-scaled.jpg\",\"keywords\":[\"audiencia general\",\"Padre Olivier Maire\",\"papa francisco\",\"P\u00e9same\"],\"articleSection\":[\"Audiencia General\",\"\u00daltimas noticias\"],\"inLanguage\":\"es\"},{\"@type\":\"WebPage\",\"@id\":\"https:\\\/\\\/exaudi.org\\\/es\\\/pesame-papa-asesinato-padre-olivier-maire\\\/\",\"url\":\"https:\\\/\\\/exaudi.org\\\/es\\\/pesame-papa-asesinato-padre-olivier-maire\\\/\",\"name\":\"P\u00e9same del Papa por el asesinato del padre Maire - Exaudi\",\"isPartOf\":{\"@id\":\"https:\\\/\\\/exaudi.org\\\/#website\"},\"primaryImageOfPage\":{\"@id\":\"https:\\\/\\\/exaudi.org\\\/es\\\/pesame-papa-asesinato-padre-olivier-maire\\\/#primaryimage\"},\"image\":{\"@id\":\"https:\\\/\\\/exaudi.org\\\/es\\\/pesame-papa-asesinato-padre-olivier-maire\\\/#primaryimage\"},\"thumbnailUrl\":\"https:\\\/\\\/exaudi.org\\\/wp-content\\\/uploads\\\/2021\\\/08\\\/7657n5655-scaled.jpg\",\"datePublished\":\"2021-08-11T07:56:24+00:00\",\"dateModified\":\"2021-08-12T10:49:23+00:00\",\"author\":{\"@id\":\"https:\\\/\\\/exaudi.org\\\/#\\\/schema\\\/person\\\/d134b96438278131ce90c90c03fda6cd\"},\"description\":\"El la audiencia general de esta ma\u00f1ana, el Papa Francisco ha dado su p\u00e9same por el reciente asesinato del padre Olivier Maire.\",\"breadcrumb\":{\"@id\":\"https:\\\/\\\/exaudi.org\\\/es\\\/pesame-papa-asesinato-padre-olivier-maire\\\/#breadcrumb\"},\"inLanguage\":\"es\",\"potentialAction\":[{\"@type\":\"ReadAction\",\"target\":[\"https:\\\/\\\/exaudi.org\\\/es\\\/pesame-papa-asesinato-padre-olivier-maire\\\/\"]}]},{\"@type\":\"ImageObject\",\"inLanguage\":\"es\",\"@id\":\"https:\\\/\\\/exaudi.org\\\/es\\\/pesame-papa-asesinato-padre-olivier-maire\\\/#primaryimage\",\"url\":\"https:\\\/\\\/exaudi.org\\\/wp-content\\\/uploads\\\/2021\\\/08\\\/7657n5655-scaled.jpg\",\"contentUrl\":\"https:\\\/\\\/exaudi.org\\\/wp-content\\\/uploads\\\/2021\\\/08\\\/7657n5655-scaled.jpg\",\"width\":2560,\"height\":1707,\"caption\":\"Audiencia general 11 agosto 2021 \u00a9 Vatican Media\"},{\"@type\":\"BreadcrumbList\",\"@id\":\"https:\\\/\\\/exaudi.org\\\/es\\\/pesame-papa-asesinato-padre-olivier-maire\\\/#breadcrumb\",\"itemListElement\":[{\"@type\":\"ListItem\",\"position\":1,\"name\":\"Portada\",\"item\":\"https:\\\/\\\/exaudi.org\\\/es\\\/\"},{\"@type\":\"ListItem\",\"position\":2,\"name\":\"P\u00e9same del Papa por el asesinato del padre Maire\"}]},{\"@type\":\"WebSite\",\"@id\":\"https:\\\/\\\/exaudi.org\\\/#website\",\"url\":\"https:\\\/\\\/exaudi.org\\\/\",\"name\":\"Exaudi\",\"description\":\"News\",\"potentialAction\":[{\"@type\":\"SearchAction\",\"target\":{\"@type\":\"EntryPoint\",\"urlTemplate\":\"https:\\\/\\\/exaudi.org\\\/?s={search_term_string}\"},\"query-input\":{\"@type\":\"PropertyValueSpecification\",\"valueRequired\":true,\"valueName\":\"search_term_string\"}}],\"inLanguage\":\"es\"},{\"@type\":\"Person\",\"@id\":\"https:\\\/\\\/exaudi.org\\\/#\\\/schema\\\/person\\\/d134b96438278131ce90c90c03fda6cd\",\"name\":\"Gabriel Sales\",\"image\":{\"@type\":\"ImageObject\",\"inLanguage\":\"es\",\"@id\":\"https:\\\/\\\/secure.gravatar.com\\\/avatar\\\/9b1269566f6a063ed26ffb3532b66a373cdde231ce5d0effb266167437fdaffd?s=96&d=mm&r=g\",\"url\":\"https:\\\/\\\/secure.gravatar.com\\\/avatar\\\/9b1269566f6a063ed26ffb3532b66a373cdde231ce5d0effb266167437fdaffd?s=96&d=mm&r=g\",\"contentUrl\":\"https:\\\/\\\/secure.gravatar.com\\\/avatar\\\/9b1269566f6a063ed26ffb3532b66a373cdde231ce5d0effb266167437fdaffd?s=96&d=mm&r=g\",\"caption\":\"Gabriel Sales\"},\"description\":\"Periodista y especialista en Comunicaci\u00f3n y Branding digital. Cin\u00e9filo y cr\u00edtico de cine y series de televisi\u00f3n.\",\"sameAs\":[\"https:\\\/\\\/www.instagram.com\\\/cine90segundos\\\/\",\"www.linkedin.com\\\/in\\\/habemusman\",\"https:\\\/\\\/x.com\\\/habemusman\",\"https:\\\/\\\/www.youtube.com\\\/channel\\\/UCVfCiOMkJ_C7T7OpyjuaLDg\"],\"url\":\"https:\\\/\\\/exaudi.org\\\/es\\\/author\\\/gsalesexaudi-org\\\/\"}]}<\/script>\n<!-- \/ Yoast SEO plugin. -->","yoast_head_json":{"title":"P\u00e9same del Papa por el asesinato del padre Maire - Exaudi","description":"El la audiencia general de esta ma\u00f1ana, el Papa Francisco ha dado su p\u00e9same por el reciente asesinato del padre Olivier Maire.","robots":{"index":"index","follow":"follow","max-snippet":"max-snippet:-1","max-image-preview":"max-image-preview:large","max-video-preview":"max-video-preview:-1"},"canonical":"https:\/\/exaudi.org\/es\/pesame-papa-asesinato-padre-olivier-maire\/","og_locale":"es_ES","og_type":"article","og_title":"P\u00e9same del Papa por el asesinato del padre Maire - Exaudi","og_description":"El la audiencia general de esta ma\u00f1ana, el Papa Francisco ha dado su p\u00e9same por el reciente asesinato del padre Olivier Maire.","og_url":"https:\/\/exaudi.org\/es\/pesame-papa-asesinato-padre-olivier-maire\/","og_site_name":"Exaudi","article_publisher":"https:\/\/www.facebook.com\/ExaudiNews","article_published_time":"2021-08-11T07:56:24+00:00","article_modified_time":"2021-08-12T10:49:23+00:00","og_image":[{"width":2560,"height":1707,"url":"https:\/\/exaudi.org\/wp-content\/uploads\/2021\/08\/7657n5655-scaled.jpg","type":"image\/jpeg"}],"author":"Gabriel Sales","twitter_card":"summary_large_image","twitter_creator":"@habemusman","twitter_site":"@Exaudi_News","twitter_misc":{"Escrito por":"Gabriel Sales","Tiempo de lectura":"2 minutos"},"schema":{"@context":"https:\/\/schema.org","@graph":[{"@type":"Article","@id":"https:\/\/exaudi.org\/es\/pesame-papa-asesinato-padre-olivier-maire\/#article","isPartOf":{"@id":"https:\/\/exaudi.org\/es\/pesame-papa-asesinato-padre-olivier-maire\/"},"author":{"name":"Gabriel Sales","@id":"https:\/\/exaudi.org\/#\/schema\/person\/d134b96438278131ce90c90c03fda6cd"},"headline":"P\u00e9same del Papa por el asesinato del padre Maire","datePublished":"2021-08-11T07:56:24+00:00","dateModified":"2021-08-12T10:49:23+00:00","mainEntityOfPage":{"@id":"https:\/\/exaudi.org\/es\/pesame-papa-asesinato-padre-olivier-maire\/"},"wordCount":398,"image":{"@id":"https:\/\/exaudi.org\/es\/pesame-papa-asesinato-padre-olivier-maire\/#primaryimage"},"thumbnailUrl":"https:\/\/exaudi.org\/wp-content\/uploads\/2021\/08\/7657n5655-scaled.jpg","keywords":["audiencia general","Padre Olivier Maire","papa francisco","P\u00e9same"],"articleSection":["Audiencia General","\u00daltimas noticias"],"inLanguage":"es"},{"@type":"WebPage","@id":"https:\/\/exaudi.org\/es\/pesame-papa-asesinato-padre-olivier-maire\/","url":"https:\/\/exaudi.org\/es\/pesame-papa-asesinato-padre-olivier-maire\/","name":"P\u00e9same del Papa por el asesinato del padre Maire - Exaudi","isPartOf":{"@id":"https:\/\/exaudi.org\/#website"},"primaryImageOfPage":{"@id":"https:\/\/exaudi.org\/es\/pesame-papa-asesinato-padre-olivier-maire\/#primaryimage"},"image":{"@id":"https:\/\/exaudi.org\/es\/pesame-papa-asesinato-padre-olivier-maire\/#primaryimage"},"thumbnailUrl":"https:\/\/exaudi.org\/wp-content\/uploads\/2021\/08\/7657n5655-scaled.jpg","datePublished":"2021-08-11T07:56:24+00:00","dateModified":"2021-08-12T10:49:23+00:00","author":{"@id":"https:\/\/exaudi.org\/#\/schema\/person\/d134b96438278131ce90c90c03fda6cd"},"description":"El la audiencia general de esta ma\u00f1ana, el Papa Francisco ha dado su p\u00e9same por el reciente asesinato del padre Olivier Maire.","breadcrumb":{"@id":"https:\/\/exaudi.org\/es\/pesame-papa-asesinato-padre-olivier-maire\/#breadcrumb"},"inLanguage":"es","potentialAction":[{"@type":"ReadAction","target":["https:\/\/exaudi.org\/es\/pesame-papa-asesinato-padre-olivier-maire\/"]}]},{"@type":"ImageObject","inLanguage":"es","@id":"https:\/\/exaudi.org\/es\/pesame-papa-asesinato-padre-olivier-maire\/#primaryimage","url":"https:\/\/exaudi.org\/wp-content\/uploads\/2021\/08\/7657n5655-scaled.jpg","contentUrl":"https:\/\/exaudi.org\/wp-content\/uploads\/2021\/08\/7657n5655-scaled.jpg","width":2560,"height":1707,"caption":"Audiencia general 11 agosto 2021 \u00a9 Vatican Media"},{"@type":"BreadcrumbList","@id":"https:\/\/exaudi.org\/es\/pesame-papa-asesinato-padre-olivier-maire\/#breadcrumb","itemListElement":[{"@type":"ListItem","position":1,"name":"Portada","item":"https:\/\/exaudi.org\/es\/"},{"@type":"ListItem","position":2,"name":"P\u00e9same del Papa por el asesinato del padre Maire"}]},{"@type":"WebSite","@id":"https:\/\/exaudi.org\/#website","url":"https:\/\/exaudi.org\/","name":"Exaudi","description":"News","potentialAction":[{"@type":"SearchAction","target":{"@type":"EntryPoint","urlTemplate":"https:\/\/exaudi.org\/?s={search_term_string}"},"query-input":{"@type":"PropertyValueSpecification","valueRequired":true,"valueName":"search_term_string"}}],"inLanguage":"es"},{"@type":"Person","@id":"https:\/\/exaudi.org\/#\/schema\/person\/d134b96438278131ce90c90c03fda6cd","name":"Gabriel Sales","image":{"@type":"ImageObject","inLanguage":"es","@id":"https:\/\/secure.gravatar.com\/avatar\/9b1269566f6a063ed26ffb3532b66a373cdde231ce5d0effb266167437fdaffd?s=96&d=mm&r=g","url":"https:\/\/secure.gravatar.com\/avatar\/9b1269566f6a063ed26ffb3532b66a373cdde231ce5d0effb266167437fdaffd?s=96&d=mm&r=g","contentUrl":"https:\/\/secure.gravatar.com\/avatar\/9b1269566f6a063ed26ffb3532b66a373cdde231ce5d0effb266167437fdaffd?s=96&d=mm&r=g","caption":"Gabriel Sales"},"description":"Periodista y especialista en Comunicaci\u00f3n y Branding digital. Cin\u00e9filo y cr\u00edtico de cine y series de televisi\u00f3n.","sameAs":["https:\/\/www.instagram.com\/cine90segundos\/","www.linkedin.com\/in\/habemusman","https:\/\/x.com\/habemusman","https:\/\/www.youtube.com\/channel\/UCVfCiOMkJ_C7T7OpyjuaLDg"],"url":"https:\/\/exaudi.org\/es\/author\/gsalesexaudi-org\/"}]}},"jetpack_featured_media_url":"https:\/\/exaudi.org\/wp-content\/uploads\/2021\/08\/7657n5655-scaled.jpg","jetpack_shortlink":"https:\/\/wp.me\/pgKjF2-7Nx","_links":{"self":[{"href":"https:\/\/exaudi.org\/es\/wp-json\/wp\/v2\/posts\/29979","targetHints":{"allow":["GET"]}}],"collection":[{"href":"https:\/\/exaudi.org\/es\/wp-json\/wp\/v2\/posts"}],"about":[{"href":"https:\/\/exaudi.org\/es\/wp-json\/wp\/v2\/types\/post"}],"author":[{"embeddable":true,"href":"https:\/\/exaudi.org\/es\/wp-json\/wp\/v2\/users\/6"}],"replies":[{"embeddable":true,"href":"https:\/\/exaudi.org\/es\/wp-json\/wp\/v2\/comments?post=29979"}],"version-history":[{"count":0,"href":"https:\/\/exaudi.org\/es\/wp-json\/wp\/v2\/posts\/29979\/revisions"}],"wp:featuredmedia":[{"embeddable":true,"href":"https:\/\/exaudi.org\/es\/wp-json\/wp\/v2\/media\/29980"}],"wp:attachment":[{"href":"https:\/\/exaudi.org\/es\/wp-json\/wp\/v2\/media?parent=29979"}],"wp:term":[{"taxonomy":"category","embeddable":true,"href":"https:\/\/exaudi.org\/es\/wp-json\/wp\/v2\/categories?post=29979"},{"taxonomy":"post_tag","embeddable":true,"href":"https:\/\/exaudi.org\/es\/wp-json\/wp\/v2\/tags?post=29979"}],"curies":[{"name":"wp","href":"https:\/\/api.w.org\/{rel}","templated":true}]}}