{"id":29966,"date":"2021-08-13T08:30:42","date_gmt":"2021-08-13T06:30:42","guid":{"rendered":"https:\/\/exaudi.wpengine.com\/?p=29966"},"modified":"2021-08-26T16:58:05","modified_gmt":"2021-08-26T14:58:05","slug":"beato-fernando-saperas-castidad-es-posible","status":"publish","type":"post","link":"https:\/\/exaudi.org\/es\/beato-fernando-saperas-castidad-es-posible\/","title":{"rendered":"Beato Fernando Saperas. La castidad es posible"},"content":{"rendered":"<p>El\u00a0<a href=\"https:\/\/exaudi.org\/es\/author\/josepmariamontiudenuix\/\">sacerdote y doctor en Filosof\u00eda Jos\u00e9 Mar\u00eda Montiu de Nuix<\/a> ofrece a los lectores de Exaudi este art\u00edculo titulado \u201cLa castidad es posible\u201d, sobre la figura del beato Fernando Saperas, martirizado el 13 de agosto.<\/p>\n<p>***<\/p>\n<p><span style=\"font-weight: 400;\">La castidad significa la integraci\u00f3n de la sexualidad en la persona. Entra\u00f1a el aprendizaje del dominio personal. Dios pide la castidad. La pide a todos, en todos los estados de vida. Y, Dios no pide ning\u00fan imposible. Luego, se puede y se debe vivir castamente. Es una virtud; debe, pues, vivirse. El valiente Hermano claretiano catal\u00e1n Fernando Saperas Aluja (Tarragona 1905; T\u00e1rrega 1936) es un elocuente ejemplo de que se puede ser casto incluso durante las peores embestidas.\u00a0\u00a0<\/span><\/p>\n<p><span style=\"font-weight: 400;\">Fue detenido por la mera sospecha de ser religioso. Se intent\u00f3 averiguar si lo era. \u00c9l y ellos sab\u00edan que si se descubr\u00eda que era tal, ser\u00eda asesinado. Le hablaron de manera inconveniente de mujeres, intentaron hacerle blasfemar. Protest\u00f3: \u00a1soy religioso y jam\u00e1s blasfemar\u00e9! Decir esto, conllevaba morir. Prefiere morir a ofender a Dios con una blasfemia. Se disponen entonces a matarle, y a destruir sus restos, quem\u00e1ndolos. Pero, finalmente, porque la gente oir\u00eda las descargas, aplazaron algo su asesinato.\u00a0\u00a0\u00a0\u00a0\u00a0<\/span><\/p>\n<p><span style=\"font-weight: 400;\">Con gran malicia, en lo sexual, le dijeron: \u00bfNo has ido nunca a una\u2026? Respondi\u00f3: matadme si quer\u00e9is, pero no me habl\u00e9is de esas cosas. Prefiere muerte cruel a o\u00edr hablar de cosas impuras.\u00a0<\/span><\/p>\n<p><span style=\"font-weight: 400;\">Le quitan los vestidos y uno de ellos se le echa encima como el toro a la vaca. El Hermano se opone totalmente a acto tan indigno. \u00a1Matadme si quer\u00e9is, matadme, pero no me hagas eso! Prefiere la muerte al pecado impuro\u00a0 con un var\u00f3n.\u00a0\u00a0<\/span><\/p>\n<p><span style=\"font-weight: 400;\">Le dijeron que le llevar\u00edan a prost\u00edbulos y que salvar\u00eda su vida si all\u00ed consent\u00eda en impureza. Respondi\u00f3: que le matasen, si quer\u00edan, pero que \u00e9l no har\u00eda nada de eso. Prefiere que le maten a un pecado impuro con una mujer.\u00a0\u00a0<\/span><\/p>\n<p><span style=\"font-weight: 400;\">Le llevan a 4 \u00f3 5 prost\u00edbulos. Fueron 15 horas de violentas provocaciones sexuales. Ah\u00ed, qued\u00f3 como hab\u00eda venido al mundo. Ellas, igual, se le echaron encima con un fuerte contacto f\u00edsico. Todo esto ocurr\u00eda a la vista de la gente. Lo provocaron continuamente con todo lo contrario a la castidad. <\/span><\/p>\n<p><span style=\"font-weight: 400;\">El joven Hermano se santiguaba. Oraba fervorosamente, pidiendo mantenerse casto. Su naturaleza no se inmut\u00f3, se suspendieron las leyes fisiol\u00f3gicas ordinarias en el hombre. Conserv\u00f3 la modestia, el pudor, la santa pureza, la castidad. Valientemente exclamaba: \u00a1Virgen soy y virgen morir\u00e9! \u00a1Matadme si quer\u00e9is, pero no me forc\u00e9is a pecar! \u00a1Eso jam\u00e1s! Al decirle que no era hombre, dijo ser tan hombre como ellos, pero que no le daba la gana pecar. <\/span><\/p>\n<p><span style=\"font-weight: 400;\">Dec\u00eda tambi\u00e9n: soy religioso y prefiero cumplir mi deber; no os cans\u00e9is. Lo que profeso no me permite hacer estas cosas y no las har\u00e9\u2026 Matadme si quer\u00e9is, pero no me forc\u00e9is a pecar. No, eso jam\u00e1s. Soport\u00f3 las acometidas con paciencia, resignaci\u00f3n, dolorosas l\u00e1grimas de fortaleza.<\/span><\/p>\n<p><span style=\"font-weight: 400;\"> Ellas llegaron incluso a enfrentarse con los que lo hab\u00edan detenido, diciendo que si \u00e9l no quer\u00eda, que lo dejaran, que no lo atormentaran as\u00ed. Un espectador de los hechos, \u00a1enloqueci\u00f3! Finalmente, ellas lloraron y echaron a aquellos peligrosos hombres armados. En definitiva, el cielo venci\u00f3, el fuego destructor del pecado no pudo vencer la hermosura de la pulcra nieve de la castidad del joven.\u00a0\u00a0\u00a0<\/span><\/p>\n<p><span style=\"font-weight: 400;\">Fuera ya de aquella casa, lo golpearon y blasfemaron. Encontrando un control se habl\u00f3 de arrancarle el \u00f3rgano viril. Lo fusilaron a las puertas del cementerio de T\u00e1rrega. Por tres veces dijo: \u00a1Perd\u00f3nales, Se\u00f1or, pues no saben lo que hacen! Tambi\u00e9n: Os perdono, s\u00ed, os perdono. <\/span><\/p>\n<p><span style=\"font-weight: 400;\">Ellos, dijeron: \u00a1Apunten! \u00c9l, grit\u00f3: \u00a1Viva Cristo Rey! \u00a1Viva la religi\u00f3n! El jefe del Comit\u00e9 revolucionario de Cervera le dio el tiro de gracia. Tard\u00f3 en morir, fue desangr\u00e1ndose. En sus momentos finales, musitaba: \u00a1Madre! \u00a1Madre m\u00eda! Fue m\u00e1rtir de la castidad durante el caluroso agosto; ten\u00eda 30 a\u00f1os. Momento \u00e9ste en que es m\u00e1s ardua y meritoria la victoria sobre estas pasiones. Sus restos est\u00e1n en su altar del templo parroquial de T\u00e1rrega (Espa\u00f1a). Es un modelo e intercesor en la virtud de la castidad.\u00a0<\/span><\/p>\n<p><span style=\"font-weight: 400;\">En definitiva, todos podemos, y debemos, tener la dignidad de vivir la virtud de la castidad.\u00a0<\/span><\/p>\n","protected":false},"excerpt":{"rendered":"<p>Martirizado el 13 de agosto<\/p>\n","protected":false},"author":45,"featured_media":29967,"comment_status":"closed","ping_status":"closed","sticky":false,"template":"","format":"standard","meta":{"_acf_changed":false,"_crdt_document":"","inline_featured_image":false,"footnotes":""},"categories":[2772,2772],"tags":[3660,3661],"class_list":{"0":"post-29966","1":"post","2":"type-post","3":"status-publish","4":"format-standard","5":"has-post-thumbnail","6":"hentry","7":"category-santoral","9":"tag-beato-fernando-saperas","10":"tag-castidad"},"acf":[],"yoast_head":"<!-- This site is optimized with the Yoast SEO plugin v27.5 - https:\/\/yoast.com\/product\/yoast-seo-wordpress\/ -->\n<title>Beato Fernando Saperas. La castidad es posible &#8211; Exaudi<\/title>\n<meta name=\"description\" content=\"El\u00a0sacerdote Josep Maria Montiu ofrece este art\u00edculo titulado \u201cLa castidad es posible\u201d, sobre la figura del beato Fernando Saperas.\" \/>\n<meta name=\"robots\" content=\"index, follow, max-snippet:-1, max-image-preview:large, max-video-preview:-1\" \/>\n<link rel=\"canonical\" href=\"https:\/\/exaudi.org\/es\/beato-fernando-saperas-castidad-es-posible\/\" \/>\n<meta property=\"og:locale\" content=\"es_ES\" \/>\n<meta property=\"og:type\" content=\"article\" \/>\n<meta property=\"og:title\" content=\"Beato Fernando Saperas. La castidad es posible &#8211; Exaudi\" \/>\n<meta property=\"og:description\" content=\"El\u00a0sacerdote Josep Maria Montiu ofrece este art\u00edculo titulado \u201cLa castidad es posible\u201d, sobre la figura del beato Fernando Saperas.\" \/>\n<meta property=\"og:url\" content=\"https:\/\/exaudi.org\/es\/beato-fernando-saperas-castidad-es-posible\/\" \/>\n<meta property=\"og:site_name\" content=\"Exaudi\" \/>\n<meta property=\"article:publisher\" content=\"https:\/\/www.facebook.com\/ExaudiNews\" \/>\n<meta property=\"article:published_time\" content=\"2021-08-13T06:30:42+00:00\" \/>\n<meta property=\"article:modified_time\" content=\"2021-08-26T14:58:05+00:00\" \/>\n<meta property=\"og:image\" content=\"https:\/\/exaudi.org\/wp-content\/uploads\/2021\/08\/fernando_saperas_aluja.jpg\" \/>\n\t<meta property=\"og:image:width\" content=\"400\" \/>\n\t<meta property=\"og:image:height\" content=\"471\" \/>\n\t<meta property=\"og:image:type\" content=\"image\/jpeg\" \/>\n<meta name=\"author\" content=\"Jos\u00e9 Mar\u00eda Montiu de Nuix\" \/>\n<meta name=\"twitter:card\" content=\"summary_large_image\" \/>\n<meta name=\"twitter:creator\" content=\"@Exaudi_News\" \/>\n<meta name=\"twitter:site\" content=\"@Exaudi_News\" \/>\n<meta name=\"twitter:label1\" content=\"Escrito por\" \/>\n\t<meta name=\"twitter:data1\" content=\"Jos\u00e9 Mar\u00eda Montiu de Nuix\" \/>\n\t<meta name=\"twitter:label2\" content=\"Tiempo de lectura\" \/>\n\t<meta name=\"twitter:data2\" content=\"4 minutos\" \/>\n<script type=\"application\/ld+json\" class=\"yoast-schema-graph\">{\"@context\":\"https:\\\/\\\/schema.org\",\"@graph\":[{\"@type\":\"Article\",\"@id\":\"https:\\\/\\\/exaudi.org\\\/es\\\/beato-fernando-saperas-castidad-es-posible\\\/#article\",\"isPartOf\":{\"@id\":\"https:\\\/\\\/exaudi.org\\\/es\\\/beato-fernando-saperas-castidad-es-posible\\\/\"},\"author\":{\"name\":\"Jos\u00e9 Mar\u00eda Montiu de Nuix\",\"@id\":\"https:\\\/\\\/exaudi.org\\\/#\\\/schema\\\/person\\\/63aa8d363a4039100348c8036010e9fa\"},\"headline\":\"Beato Fernando Saperas. La castidad es posible\",\"datePublished\":\"2021-08-13T06:30:42+00:00\",\"dateModified\":\"2021-08-26T14:58:05+00:00\",\"mainEntityOfPage\":{\"@id\":\"https:\\\/\\\/exaudi.org\\\/es\\\/beato-fernando-saperas-castidad-es-posible\\\/\"},\"wordCount\":754,\"image\":{\"@id\":\"https:\\\/\\\/exaudi.org\\\/es\\\/beato-fernando-saperas-castidad-es-posible\\\/#primaryimage\"},\"thumbnailUrl\":\"https:\\\/\\\/exaudi.org\\\/wp-content\\\/uploads\\\/2021\\\/08\\\/fernando_saperas_aluja.jpg\",\"keywords\":[\"Beato Fernando Saperas\",\"Castidad\"],\"articleSection\":[\"Santoral\",\"Santoral\"],\"inLanguage\":\"es\"},{\"@type\":\"WebPage\",\"@id\":\"https:\\\/\\\/exaudi.org\\\/es\\\/beato-fernando-saperas-castidad-es-posible\\\/\",\"url\":\"https:\\\/\\\/exaudi.org\\\/es\\\/beato-fernando-saperas-castidad-es-posible\\\/\",\"name\":\"Beato Fernando Saperas. La castidad es posible &#8211; Exaudi\",\"isPartOf\":{\"@id\":\"https:\\\/\\\/exaudi.org\\\/#website\"},\"primaryImageOfPage\":{\"@id\":\"https:\\\/\\\/exaudi.org\\\/es\\\/beato-fernando-saperas-castidad-es-posible\\\/#primaryimage\"},\"image\":{\"@id\":\"https:\\\/\\\/exaudi.org\\\/es\\\/beato-fernando-saperas-castidad-es-posible\\\/#primaryimage\"},\"thumbnailUrl\":\"https:\\\/\\\/exaudi.org\\\/wp-content\\\/uploads\\\/2021\\\/08\\\/fernando_saperas_aluja.jpg\",\"datePublished\":\"2021-08-13T06:30:42+00:00\",\"dateModified\":\"2021-08-26T14:58:05+00:00\",\"author\":{\"@id\":\"https:\\\/\\\/exaudi.org\\\/#\\\/schema\\\/person\\\/63aa8d363a4039100348c8036010e9fa\"},\"description\":\"El\u00a0sacerdote Josep Maria Montiu ofrece este art\u00edculo titulado \u201cLa castidad es posible\u201d, sobre la figura del beato Fernando Saperas.\",\"breadcrumb\":{\"@id\":\"https:\\\/\\\/exaudi.org\\\/es\\\/beato-fernando-saperas-castidad-es-posible\\\/#breadcrumb\"},\"inLanguage\":\"es\",\"potentialAction\":[{\"@type\":\"ReadAction\",\"target\":[\"https:\\\/\\\/exaudi.org\\\/es\\\/beato-fernando-saperas-castidad-es-posible\\\/\"]}]},{\"@type\":\"ImageObject\",\"inLanguage\":\"es\",\"@id\":\"https:\\\/\\\/exaudi.org\\\/es\\\/beato-fernando-saperas-castidad-es-posible\\\/#primaryimage\",\"url\":\"https:\\\/\\\/exaudi.org\\\/wp-content\\\/uploads\\\/2021\\\/08\\\/fernando_saperas_aluja.jpg\",\"contentUrl\":\"https:\\\/\\\/exaudi.org\\\/wp-content\\\/uploads\\\/2021\\\/08\\\/fernando_saperas_aluja.jpg\",\"width\":400,\"height\":471,\"caption\":\"beato Fernando Saperas castidad \u00a9 Parroquia San Mart\u00edn de Porres\"},{\"@type\":\"BreadcrumbList\",\"@id\":\"https:\\\/\\\/exaudi.org\\\/es\\\/beato-fernando-saperas-castidad-es-posible\\\/#breadcrumb\",\"itemListElement\":[{\"@type\":\"ListItem\",\"position\":1,\"name\":\"Portada\",\"item\":\"https:\\\/\\\/exaudi.org\\\/es\\\/\"},{\"@type\":\"ListItem\",\"position\":2,\"name\":\"Beato Fernando Saperas. La castidad es posible\"}]},{\"@type\":\"WebSite\",\"@id\":\"https:\\\/\\\/exaudi.org\\\/#website\",\"url\":\"https:\\\/\\\/exaudi.org\\\/\",\"name\":\"Exaudi\",\"description\":\"News\",\"potentialAction\":[{\"@type\":\"SearchAction\",\"target\":{\"@type\":\"EntryPoint\",\"urlTemplate\":\"https:\\\/\\\/exaudi.org\\\/?s={search_term_string}\"},\"query-input\":{\"@type\":\"PropertyValueSpecification\",\"valueRequired\":true,\"valueName\":\"search_term_string\"}}],\"inLanguage\":\"es\"},{\"@type\":\"Person\",\"@id\":\"https:\\\/\\\/exaudi.org\\\/#\\\/schema\\\/person\\\/63aa8d363a4039100348c8036010e9fa\",\"name\":\"Jos\u00e9 Mar\u00eda Montiu de Nuix\",\"image\":{\"@type\":\"ImageObject\",\"inLanguage\":\"es\",\"@id\":\"https:\\\/\\\/secure.gravatar.com\\\/avatar\\\/f3d1e54272060740a50258cef7d916098d4ffe7ad9f6a7a8603d12c508634d10?s=96&d=mm&r=g\",\"url\":\"https:\\\/\\\/secure.gravatar.com\\\/avatar\\\/f3d1e54272060740a50258cef7d916098d4ffe7ad9f6a7a8603d12c508634d10?s=96&d=mm&r=g\",\"contentUrl\":\"https:\\\/\\\/secure.gravatar.com\\\/avatar\\\/f3d1e54272060740a50258cef7d916098d4ffe7ad9f6a7a8603d12c508634d10?s=96&d=mm&r=g\",\"caption\":\"Jos\u00e9 Mar\u00eda Montiu de Nuix\"},\"description\":\"Nacido en Cervera, L\u00e9rida, Espa\u00f1a, en 1960 y bautizado ese mismo a\u00f1o. Ordenado sacerdote en 1992. Doctor en Filosof\u00eda. Licenciado en Filosof\u00eda y Ciencias de la Educaci\u00f3n por la Universidad de Barcelona (UB). Licenciado (especialidad: Matem\u00e1tica Fundamental), cursos de doctorado y suficiencia investigadora en Ciencias Exactas por la UB. Licenciado en Filosof\u00eda por la Universidad de Navarra. Licenciado en Estudios Eclesi\u00e1sticos por la Facultad de Teolog\u00eda San Vicente Ferrer, Valencia. Docente e investigador con m\u00e1s de medio millar de publicaciones. Acad\u00e9mico de la Academia Hispanoamericana de Doctores.\",\"url\":\"https:\\\/\\\/exaudi.org\\\/es\\\/author\\\/josepmariamontiudenuix\\\/\"}]}<\/script>\n<!-- \/ Yoast SEO plugin. -->","yoast_head_json":{"title":"Beato Fernando Saperas. La castidad es posible &#8211; Exaudi","description":"El\u00a0sacerdote Josep Maria Montiu ofrece este art\u00edculo titulado \u201cLa castidad es posible\u201d, sobre la figura del beato Fernando Saperas.","robots":{"index":"index","follow":"follow","max-snippet":"max-snippet:-1","max-image-preview":"max-image-preview:large","max-video-preview":"max-video-preview:-1"},"canonical":"https:\/\/exaudi.org\/es\/beato-fernando-saperas-castidad-es-posible\/","og_locale":"es_ES","og_type":"article","og_title":"Beato Fernando Saperas. La castidad es posible &#8211; Exaudi","og_description":"El\u00a0sacerdote Josep Maria Montiu ofrece este art\u00edculo titulado \u201cLa castidad es posible\u201d, sobre la figura del beato Fernando Saperas.","og_url":"https:\/\/exaudi.org\/es\/beato-fernando-saperas-castidad-es-posible\/","og_site_name":"Exaudi","article_publisher":"https:\/\/www.facebook.com\/ExaudiNews","article_published_time":"2021-08-13T06:30:42+00:00","article_modified_time":"2021-08-26T14:58:05+00:00","og_image":[{"width":400,"height":471,"url":"https:\/\/exaudi.org\/wp-content\/uploads\/2021\/08\/fernando_saperas_aluja.jpg","type":"image\/jpeg"}],"author":"Jos\u00e9 Mar\u00eda Montiu de Nuix","twitter_card":"summary_large_image","twitter_creator":"@Exaudi_News","twitter_site":"@Exaudi_News","twitter_misc":{"Escrito por":"Jos\u00e9 Mar\u00eda Montiu de Nuix","Tiempo de lectura":"4 minutos"},"schema":{"@context":"https:\/\/schema.org","@graph":[{"@type":"Article","@id":"https:\/\/exaudi.org\/es\/beato-fernando-saperas-castidad-es-posible\/#article","isPartOf":{"@id":"https:\/\/exaudi.org\/es\/beato-fernando-saperas-castidad-es-posible\/"},"author":{"name":"Jos\u00e9 Mar\u00eda Montiu de Nuix","@id":"https:\/\/exaudi.org\/#\/schema\/person\/63aa8d363a4039100348c8036010e9fa"},"headline":"Beato Fernando Saperas. La castidad es posible","datePublished":"2021-08-13T06:30:42+00:00","dateModified":"2021-08-26T14:58:05+00:00","mainEntityOfPage":{"@id":"https:\/\/exaudi.org\/es\/beato-fernando-saperas-castidad-es-posible\/"},"wordCount":754,"image":{"@id":"https:\/\/exaudi.org\/es\/beato-fernando-saperas-castidad-es-posible\/#primaryimage"},"thumbnailUrl":"https:\/\/exaudi.org\/wp-content\/uploads\/2021\/08\/fernando_saperas_aluja.jpg","keywords":["Beato Fernando Saperas","Castidad"],"articleSection":["Santoral","Santoral"],"inLanguage":"es"},{"@type":"WebPage","@id":"https:\/\/exaudi.org\/es\/beato-fernando-saperas-castidad-es-posible\/","url":"https:\/\/exaudi.org\/es\/beato-fernando-saperas-castidad-es-posible\/","name":"Beato Fernando Saperas. La castidad es posible &#8211; Exaudi","isPartOf":{"@id":"https:\/\/exaudi.org\/#website"},"primaryImageOfPage":{"@id":"https:\/\/exaudi.org\/es\/beato-fernando-saperas-castidad-es-posible\/#primaryimage"},"image":{"@id":"https:\/\/exaudi.org\/es\/beato-fernando-saperas-castidad-es-posible\/#primaryimage"},"thumbnailUrl":"https:\/\/exaudi.org\/wp-content\/uploads\/2021\/08\/fernando_saperas_aluja.jpg","datePublished":"2021-08-13T06:30:42+00:00","dateModified":"2021-08-26T14:58:05+00:00","author":{"@id":"https:\/\/exaudi.org\/#\/schema\/person\/63aa8d363a4039100348c8036010e9fa"},"description":"El\u00a0sacerdote Josep Maria Montiu ofrece este art\u00edculo titulado \u201cLa castidad es posible\u201d, sobre la figura del beato Fernando Saperas.","breadcrumb":{"@id":"https:\/\/exaudi.org\/es\/beato-fernando-saperas-castidad-es-posible\/#breadcrumb"},"inLanguage":"es","potentialAction":[{"@type":"ReadAction","target":["https:\/\/exaudi.org\/es\/beato-fernando-saperas-castidad-es-posible\/"]}]},{"@type":"ImageObject","inLanguage":"es","@id":"https:\/\/exaudi.org\/es\/beato-fernando-saperas-castidad-es-posible\/#primaryimage","url":"https:\/\/exaudi.org\/wp-content\/uploads\/2021\/08\/fernando_saperas_aluja.jpg","contentUrl":"https:\/\/exaudi.org\/wp-content\/uploads\/2021\/08\/fernando_saperas_aluja.jpg","width":400,"height":471,"caption":"beato Fernando Saperas castidad \u00a9 Parroquia San Mart\u00edn de Porres"},{"@type":"BreadcrumbList","@id":"https:\/\/exaudi.org\/es\/beato-fernando-saperas-castidad-es-posible\/#breadcrumb","itemListElement":[{"@type":"ListItem","position":1,"name":"Portada","item":"https:\/\/exaudi.org\/es\/"},{"@type":"ListItem","position":2,"name":"Beato Fernando Saperas. La castidad es posible"}]},{"@type":"WebSite","@id":"https:\/\/exaudi.org\/#website","url":"https:\/\/exaudi.org\/","name":"Exaudi","description":"News","potentialAction":[{"@type":"SearchAction","target":{"@type":"EntryPoint","urlTemplate":"https:\/\/exaudi.org\/?s={search_term_string}"},"query-input":{"@type":"PropertyValueSpecification","valueRequired":true,"valueName":"search_term_string"}}],"inLanguage":"es"},{"@type":"Person","@id":"https:\/\/exaudi.org\/#\/schema\/person\/63aa8d363a4039100348c8036010e9fa","name":"Jos\u00e9 Mar\u00eda Montiu de Nuix","image":{"@type":"ImageObject","inLanguage":"es","@id":"https:\/\/secure.gravatar.com\/avatar\/f3d1e54272060740a50258cef7d916098d4ffe7ad9f6a7a8603d12c508634d10?s=96&d=mm&r=g","url":"https:\/\/secure.gravatar.com\/avatar\/f3d1e54272060740a50258cef7d916098d4ffe7ad9f6a7a8603d12c508634d10?s=96&d=mm&r=g","contentUrl":"https:\/\/secure.gravatar.com\/avatar\/f3d1e54272060740a50258cef7d916098d4ffe7ad9f6a7a8603d12c508634d10?s=96&d=mm&r=g","caption":"Jos\u00e9 Mar\u00eda Montiu de Nuix"},"description":"Nacido en Cervera, L\u00e9rida, Espa\u00f1a, en 1960 y bautizado ese mismo a\u00f1o. Ordenado sacerdote en 1992. Doctor en Filosof\u00eda. Licenciado en Filosof\u00eda y Ciencias de la Educaci\u00f3n por la Universidad de Barcelona (UB). Licenciado (especialidad: Matem\u00e1tica Fundamental), cursos de doctorado y suficiencia investigadora en Ciencias Exactas por la UB. Licenciado en Filosof\u00eda por la Universidad de Navarra. Licenciado en Estudios Eclesi\u00e1sticos por la Facultad de Teolog\u00eda San Vicente Ferrer, Valencia. Docente e investigador con m\u00e1s de medio millar de publicaciones. Acad\u00e9mico de la Academia Hispanoamericana de Doctores.","url":"https:\/\/exaudi.org\/es\/author\/josepmariamontiudenuix\/"}]}},"jetpack_featured_media_url":"https:\/\/exaudi.org\/wp-content\/uploads\/2021\/08\/fernando_saperas_aluja.jpg","jetpack_shortlink":"https:\/\/wp.me\/pgKjF2-7Nk","_links":{"self":[{"href":"https:\/\/exaudi.org\/es\/wp-json\/wp\/v2\/posts\/29966","targetHints":{"allow":["GET"]}}],"collection":[{"href":"https:\/\/exaudi.org\/es\/wp-json\/wp\/v2\/posts"}],"about":[{"href":"https:\/\/exaudi.org\/es\/wp-json\/wp\/v2\/types\/post"}],"author":[{"embeddable":true,"href":"https:\/\/exaudi.org\/es\/wp-json\/wp\/v2\/users\/45"}],"replies":[{"embeddable":true,"href":"https:\/\/exaudi.org\/es\/wp-json\/wp\/v2\/comments?post=29966"}],"version-history":[{"count":0,"href":"https:\/\/exaudi.org\/es\/wp-json\/wp\/v2\/posts\/29966\/revisions"}],"wp:featuredmedia":[{"embeddable":true,"href":"https:\/\/exaudi.org\/es\/wp-json\/wp\/v2\/media\/29967"}],"wp:attachment":[{"href":"https:\/\/exaudi.org\/es\/wp-json\/wp\/v2\/media?parent=29966"}],"wp:term":[{"taxonomy":"category","embeddable":true,"href":"https:\/\/exaudi.org\/es\/wp-json\/wp\/v2\/categories?post=29966"},{"taxonomy":"post_tag","embeddable":true,"href":"https:\/\/exaudi.org\/es\/wp-json\/wp\/v2\/tags?post=29966"}],"curies":[{"name":"wp","href":"https:\/\/api.w.org\/{rel}","templated":true}]}}