{"id":29912,"date":"2021-08-10T11:06:06","date_gmt":"2021-08-10T09:06:06","guid":{"rendered":"https:\/\/exaudi.wpengine.com\/?p=29912"},"modified":"2021-08-11T11:21:49","modified_gmt":"2021-08-11T09:21:49","slug":"colombia-iglesia-denuncia-efectos-de-la-violencia-en-el-sur-de-bolivar","status":"publish","type":"post","link":"https:\/\/exaudi.org\/es\/colombia-iglesia-denuncia-efectos-de-la-violencia-en-el-sur-de-bolivar\/","title":{"rendered":"Colombia: Iglesia denuncia efectos de la violencia en Bol\u00edvar"},"content":{"rendered":"<p>La Iglesia, a trav\u00e9s del obispo de la <a href=\"https:\/\/www.facebook.com\/diocesismag\" target=\"_blank\" rel=\"noopener noreferrer\">di\u00f3cesis de Magangu\u00e9<\/a>, Colombia, Monse\u00f1or Ariel Lascarro Tapia, denuncia la \u201ccompleja situaci\u00f3n\u201d que vive el sur del departamento de Bol\u00edvar, afectado por la violencia del enfrentamiento de grupos armados al margen de la ley que buscan el control territorial de la zona.<\/p>\n<p>\u201cEl obispo, su presbiterio y los fieles laicos, alzamos nuestra voz ante la compleja situaci\u00f3n que se vive hoy en el cono sur de este departamento. Este territorio, azotado por el conflicto armado durante m\u00e1s de 50 a\u00f1os, hoy se siente nuevamente amenazado por los enfrentamientos entre los grupos armados presentes en esta zona, por la b\u00fasqueda del poder y el dominio de este territorio\u201d, se lee en el texto.<\/p>\n<h4><strong>Miles de desplazados<\/strong><\/h4>\n<p>Este conflicto, \u201cque ha causado muchas muertes en estos \u00faltimos d\u00edas, genera zozobra y angustia en las familias que buscan su sustento en la agricultura, la miner\u00eda artesanal y en los pobladores que trabajan en esta regi\u00f3n con sus peque\u00f1as empresas y cooperativas, y que nada tienen que ver con esta guerra. Esta dura realidad, est\u00e1 obligando a centenares de estas familias, con ni\u00f1os, j\u00f3venes y personas vulnerables a desplazarse hasta la cabecera del municipio de Santa Rosa del sur\u201d, contin\u00faa el comunicado.<\/p>\n<p>De acuerdo a datos registrados por la Cruz Roja Internacional y ofrecidos por el <a href=\"https:\/\/exaudi.wpengine.com\/es\/colombia-obispos-rechazan-eutanasia\/\" target=\"_blank\" rel=\"noopener noreferrer\">Episcopado colombiano<\/a>, ya son m\u00e1s de 2.600 personas que componen 580 familias, las que han llegado al casco urbano del municipio de Santa Rosa del Sur, huyendo por las amenazas y enfrentamientos que se dan entre los grupos ilegales que se disputan los negocios de miner\u00eda ilegal y narcotr\u00e1fico en la serran\u00eda de San Lucas, Bol\u00edvar.<\/p>\n<h4><strong>Atenci\u00f3n humanitaria y b\u00fasqueda de una soluci\u00f3n<\/strong><\/h4>\n<p>Por todo ello, el obispo de Magangu\u00e9 hace un llamado al Gobierno Nacional y a los entes gubernamentales: \u201cPrimero a pensar en este territorio, puesto que centenares de familias desplazadas, siguen clamando por una ayuda humanitaria que sea m\u00e1s eficaz y constante\u201d.<\/p>\n<p>Y segundo, \u201ca buscar una soluci\u00f3n a este conflicto que permita que las familias desplazadas, puedan volver a su territorio con seguridad y en paz, donde se le respete el derecho a la vida y al trabajo digno, donde puedan continuar con una vida normal y sin miedos\u201d.<\/p>\n<p>Finalmente, el mensaje garantiza que \u201cIglesia Cat\u00f3lica seguir\u00e1 acompa\u00f1ando a las comunidades afectadas por la violencia, alent\u00e1ndolas a no abandonar sus territorios y a perseverar en la reivindicaci\u00f3n de los derechos que les reconoce la Constituci\u00f3n Nacional\u201d.<\/p>\n","protected":false},"excerpt":{"rendered":"<p>Incremento de asesinatos y desplazamiento forzado causado por grupos armados<\/p>\n","protected":false},"author":5,"featured_media":29913,"comment_status":"closed","ping_status":"closed","sticky":false,"template":"","format":"standard","meta":{"_acf_changed":false,"_crdt_document":"","inline_featured_image":false,"footnotes":""},"categories":[86,94,298],"tags":[3645,724,2788,3646,725],"class_list":["post-29912","post","type-post","status-publish","format-standard","has-post-thumbnail","hentry","category-iglesia-local","category-justicia-y-paz","category-ultimas-noticias","tag-bolivar","tag-colombia","tag-desplazados","tag-diocesis-de-magangue","tag-violencia"],"acf":[],"yoast_head":"<!-- This site is optimized with the Yoast SEO plugin v27.5 - https:\/\/yoast.com\/product\/yoast-seo-wordpress\/ -->\n<title>Colombia: Iglesia denuncia efectos de la violencia en Bol\u00edvar &#8211; Exaudi<\/title>\n<meta name=\"description\" content=\"Colombia: La Iglesia, a trav\u00e9s del obispo de Magangu\u00e9, denuncia la situaci\u00f3n del sur de Bol\u00edvar, afectado por la violencia de grupos armados\" \/>\n<meta name=\"robots\" content=\"index, follow, max-snippet:-1, max-image-preview:large, max-video-preview:-1\" \/>\n<link rel=\"canonical\" href=\"https:\/\/exaudi.org\/es\/colombia-iglesia-denuncia-efectos-de-la-violencia-en-el-sur-de-bolivar\/\" \/>\n<meta property=\"og:locale\" content=\"es_ES\" \/>\n<meta property=\"og:type\" content=\"article\" \/>\n<meta property=\"og:title\" content=\"Colombia: Iglesia denuncia efectos de la violencia en Bol\u00edvar &#8211; Exaudi\" \/>\n<meta property=\"og:description\" content=\"Colombia: La Iglesia, a trav\u00e9s del obispo de Magangu\u00e9, denuncia la situaci\u00f3n del sur de Bol\u00edvar, afectado por la violencia de grupos armados\" \/>\n<meta property=\"og:url\" content=\"https:\/\/exaudi.org\/es\/colombia-iglesia-denuncia-efectos-de-la-violencia-en-el-sur-de-bolivar\/\" \/>\n<meta property=\"og:site_name\" content=\"Exaudi\" \/>\n<meta property=\"article:publisher\" content=\"https:\/\/www.facebook.com\/ExaudiNews\" \/>\n<meta property=\"article:published_time\" content=\"2021-08-10T09:06:06+00:00\" \/>\n<meta property=\"article:modified_time\" content=\"2021-08-11T09:21:49+00:00\" \/>\n<meta property=\"og:image\" content=\"https:\/\/exaudi.org\/wp-content\/uploads\/2021\/08\/Desplazados-CELAM.jpg\" \/>\n\t<meta property=\"og:image:width\" content=\"1920\" \/>\n\t<meta property=\"og:image:height\" content=\"1080\" \/>\n\t<meta property=\"og:image:type\" content=\"image\/jpeg\" \/>\n<meta name=\"author\" content=\"Larissa I. L\u00f3pez\" \/>\n<meta name=\"twitter:card\" content=\"summary_large_image\" \/>\n<meta name=\"twitter:creator\" content=\"@Exaudi_News\" \/>\n<meta name=\"twitter:site\" content=\"@Exaudi_News\" \/>\n<meta name=\"twitter:label1\" content=\"Escrito por\" \/>\n\t<meta name=\"twitter:data1\" content=\"Larissa I. L\u00f3pez\" \/>\n\t<meta name=\"twitter:label2\" content=\"Tiempo de lectura\" \/>\n\t<meta name=\"twitter:data2\" content=\"2 minutos\" \/>\n<script type=\"application\/ld+json\" class=\"yoast-schema-graph\">{\"@context\":\"https:\\\/\\\/schema.org\",\"@graph\":[{\"@type\":\"Article\",\"@id\":\"https:\\\/\\\/exaudi.org\\\/es\\\/colombia-iglesia-denuncia-efectos-de-la-violencia-en-el-sur-de-bolivar\\\/#article\",\"isPartOf\":{\"@id\":\"https:\\\/\\\/exaudi.org\\\/es\\\/colombia-iglesia-denuncia-efectos-de-la-violencia-en-el-sur-de-bolivar\\\/\"},\"author\":{\"name\":\"Larissa I. L\u00f3pez\",\"@id\":\"https:\\\/\\\/exaudi.org\\\/#\\\/schema\\\/person\\\/7d2f77db033c2c0929edfab6dbe8c588\"},\"headline\":\"Colombia: Iglesia denuncia efectos de la violencia en Bol\u00edvar\",\"datePublished\":\"2021-08-10T09:06:06+00:00\",\"dateModified\":\"2021-08-11T09:21:49+00:00\",\"mainEntityOfPage\":{\"@id\":\"https:\\\/\\\/exaudi.org\\\/es\\\/colombia-iglesia-denuncia-efectos-de-la-violencia-en-el-sur-de-bolivar\\\/\"},\"wordCount\":448,\"image\":{\"@id\":\"https:\\\/\\\/exaudi.org\\\/es\\\/colombia-iglesia-denuncia-efectos-de-la-violencia-en-el-sur-de-bolivar\\\/#primaryimage\"},\"thumbnailUrl\":\"https:\\\/\\\/exaudi.org\\\/wp-content\\\/uploads\\\/2021\\\/08\\\/Desplazados-CELAM.jpg\",\"keywords\":[\"Bol\u00edvar\",\"Colombia\",\"Desplazados\",\"Di\u00f3cesis de Magangu\u00e9\",\"violencia\"],\"articleSection\":[\"Iglesia Local\",\"Justicia y Paz\",\"\u00daltimas noticias\"],\"inLanguage\":\"es\"},{\"@type\":\"WebPage\",\"@id\":\"https:\\\/\\\/exaudi.org\\\/es\\\/colombia-iglesia-denuncia-efectos-de-la-violencia-en-el-sur-de-bolivar\\\/\",\"url\":\"https:\\\/\\\/exaudi.org\\\/es\\\/colombia-iglesia-denuncia-efectos-de-la-violencia-en-el-sur-de-bolivar\\\/\",\"name\":\"Colombia: Iglesia denuncia efectos de la violencia en Bol\u00edvar &#8211; Exaudi\",\"isPartOf\":{\"@id\":\"https:\\\/\\\/exaudi.org\\\/#website\"},\"primaryImageOfPage\":{\"@id\":\"https:\\\/\\\/exaudi.org\\\/es\\\/colombia-iglesia-denuncia-efectos-de-la-violencia-en-el-sur-de-bolivar\\\/#primaryimage\"},\"image\":{\"@id\":\"https:\\\/\\\/exaudi.org\\\/es\\\/colombia-iglesia-denuncia-efectos-de-la-violencia-en-el-sur-de-bolivar\\\/#primaryimage\"},\"thumbnailUrl\":\"https:\\\/\\\/exaudi.org\\\/wp-content\\\/uploads\\\/2021\\\/08\\\/Desplazados-CELAM.jpg\",\"datePublished\":\"2021-08-10T09:06:06+00:00\",\"dateModified\":\"2021-08-11T09:21:49+00:00\",\"author\":{\"@id\":\"https:\\\/\\\/exaudi.org\\\/#\\\/schema\\\/person\\\/7d2f77db033c2c0929edfab6dbe8c588\"},\"description\":\"Colombia: La Iglesia, a trav\u00e9s del obispo de Magangu\u00e9, denuncia la situaci\u00f3n del sur de Bol\u00edvar, afectado por la violencia de grupos armados\",\"breadcrumb\":{\"@id\":\"https:\\\/\\\/exaudi.org\\\/es\\\/colombia-iglesia-denuncia-efectos-de-la-violencia-en-el-sur-de-bolivar\\\/#breadcrumb\"},\"inLanguage\":\"es\",\"potentialAction\":[{\"@type\":\"ReadAction\",\"target\":[\"https:\\\/\\\/exaudi.org\\\/es\\\/colombia-iglesia-denuncia-efectos-de-la-violencia-en-el-sur-de-bolivar\\\/\"]}]},{\"@type\":\"ImageObject\",\"inLanguage\":\"es\",\"@id\":\"https:\\\/\\\/exaudi.org\\\/es\\\/colombia-iglesia-denuncia-efectos-de-la-violencia-en-el-sur-de-bolivar\\\/#primaryimage\",\"url\":\"https:\\\/\\\/exaudi.org\\\/wp-content\\\/uploads\\\/2021\\\/08\\\/Desplazados-CELAM.jpg\",\"contentUrl\":\"https:\\\/\\\/exaudi.org\\\/wp-content\\\/uploads\\\/2021\\\/08\\\/Desplazados-CELAM.jpg\",\"width\":1920,\"height\":1080,\"caption\":\"Desplazados \u00a9 CELAM\"},{\"@type\":\"BreadcrumbList\",\"@id\":\"https:\\\/\\\/exaudi.org\\\/es\\\/colombia-iglesia-denuncia-efectos-de-la-violencia-en-el-sur-de-bolivar\\\/#breadcrumb\",\"itemListElement\":[{\"@type\":\"ListItem\",\"position\":1,\"name\":\"Portada\",\"item\":\"https:\\\/\\\/exaudi.org\\\/es\\\/\"},{\"@type\":\"ListItem\",\"position\":2,\"name\":\"Colombia: Iglesia denuncia efectos de la violencia en Bol\u00edvar\"}]},{\"@type\":\"WebSite\",\"@id\":\"https:\\\/\\\/exaudi.org\\\/#website\",\"url\":\"https:\\\/\\\/exaudi.org\\\/\",\"name\":\"Exaudi\",\"description\":\"News\",\"potentialAction\":[{\"@type\":\"SearchAction\",\"target\":{\"@type\":\"EntryPoint\",\"urlTemplate\":\"https:\\\/\\\/exaudi.org\\\/?s={search_term_string}\"},\"query-input\":{\"@type\":\"PropertyValueSpecification\",\"valueRequired\":true,\"valueName\":\"search_term_string\"}}],\"inLanguage\":\"es\"},{\"@type\":\"Person\",\"@id\":\"https:\\\/\\\/exaudi.org\\\/#\\\/schema\\\/person\\\/7d2f77db033c2c0929edfab6dbe8c588\",\"name\":\"Larissa I. L\u00f3pez\",\"image\":{\"@type\":\"ImageObject\",\"inLanguage\":\"es\",\"@id\":\"https:\\\/\\\/secure.gravatar.com\\\/avatar\\\/db3ef399ff343d0bb9d25dc5198bc8ece5ac6d621eca79876697a354dabc1e3f?s=96&d=mm&r=g\",\"url\":\"https:\\\/\\\/secure.gravatar.com\\\/avatar\\\/db3ef399ff343d0bb9d25dc5198bc8ece5ac6d621eca79876697a354dabc1e3f?s=96&d=mm&r=g\",\"contentUrl\":\"https:\\\/\\\/secure.gravatar.com\\\/avatar\\\/db3ef399ff343d0bb9d25dc5198bc8ece5ac6d621eca79876697a354dabc1e3f?s=96&d=mm&r=g\",\"caption\":\"Larissa I. L\u00f3pez\"},\"description\":\"Doctora en Comunicaci\u00f3n. Mi trayectoria profesional ha transcurrido entre el \u00e1mbito de la comunicaci\u00f3n y el de la docencia. En los \u00faltimos a\u00f1os, he trabajado como coordinadora y redactora de la edici\u00f3n de ZENIT en espa\u00f1ol. Como profesora, he impartido clases en la universidad y en centros de FP y bachillerato. Cordobesa de nacimiento, tambi\u00e9n he vivido en Sevilla, Madrid y Roma\",\"url\":\"https:\\\/\\\/exaudi.org\\\/es\\\/author\\\/llopezexaudi-org\\\/\"}]}<\/script>\n<!-- \/ Yoast SEO plugin. -->","yoast_head_json":{"title":"Colombia: Iglesia denuncia efectos de la violencia en Bol\u00edvar &#8211; Exaudi","description":"Colombia: La Iglesia, a trav\u00e9s del obispo de Magangu\u00e9, denuncia la situaci\u00f3n del sur de Bol\u00edvar, afectado por la violencia de grupos armados","robots":{"index":"index","follow":"follow","max-snippet":"max-snippet:-1","max-image-preview":"max-image-preview:large","max-video-preview":"max-video-preview:-1"},"canonical":"https:\/\/exaudi.org\/es\/colombia-iglesia-denuncia-efectos-de-la-violencia-en-el-sur-de-bolivar\/","og_locale":"es_ES","og_type":"article","og_title":"Colombia: Iglesia denuncia efectos de la violencia en Bol\u00edvar &#8211; Exaudi","og_description":"Colombia: La Iglesia, a trav\u00e9s del obispo de Magangu\u00e9, denuncia la situaci\u00f3n del sur de Bol\u00edvar, afectado por la violencia de grupos armados","og_url":"https:\/\/exaudi.org\/es\/colombia-iglesia-denuncia-efectos-de-la-violencia-en-el-sur-de-bolivar\/","og_site_name":"Exaudi","article_publisher":"https:\/\/www.facebook.com\/ExaudiNews","article_published_time":"2021-08-10T09:06:06+00:00","article_modified_time":"2021-08-11T09:21:49+00:00","og_image":[{"width":1920,"height":1080,"url":"https:\/\/exaudi.org\/wp-content\/uploads\/2021\/08\/Desplazados-CELAM.jpg","type":"image\/jpeg"}],"author":"Larissa I. L\u00f3pez","twitter_card":"summary_large_image","twitter_creator":"@Exaudi_News","twitter_site":"@Exaudi_News","twitter_misc":{"Escrito por":"Larissa I. L\u00f3pez","Tiempo de lectura":"2 minutos"},"schema":{"@context":"https:\/\/schema.org","@graph":[{"@type":"Article","@id":"https:\/\/exaudi.org\/es\/colombia-iglesia-denuncia-efectos-de-la-violencia-en-el-sur-de-bolivar\/#article","isPartOf":{"@id":"https:\/\/exaudi.org\/es\/colombia-iglesia-denuncia-efectos-de-la-violencia-en-el-sur-de-bolivar\/"},"author":{"name":"Larissa I. L\u00f3pez","@id":"https:\/\/exaudi.org\/#\/schema\/person\/7d2f77db033c2c0929edfab6dbe8c588"},"headline":"Colombia: Iglesia denuncia efectos de la violencia en Bol\u00edvar","datePublished":"2021-08-10T09:06:06+00:00","dateModified":"2021-08-11T09:21:49+00:00","mainEntityOfPage":{"@id":"https:\/\/exaudi.org\/es\/colombia-iglesia-denuncia-efectos-de-la-violencia-en-el-sur-de-bolivar\/"},"wordCount":448,"image":{"@id":"https:\/\/exaudi.org\/es\/colombia-iglesia-denuncia-efectos-de-la-violencia-en-el-sur-de-bolivar\/#primaryimage"},"thumbnailUrl":"https:\/\/exaudi.org\/wp-content\/uploads\/2021\/08\/Desplazados-CELAM.jpg","keywords":["Bol\u00edvar","Colombia","Desplazados","Di\u00f3cesis de Magangu\u00e9","violencia"],"articleSection":["Iglesia Local","Justicia y Paz","\u00daltimas noticias"],"inLanguage":"es"},{"@type":"WebPage","@id":"https:\/\/exaudi.org\/es\/colombia-iglesia-denuncia-efectos-de-la-violencia-en-el-sur-de-bolivar\/","url":"https:\/\/exaudi.org\/es\/colombia-iglesia-denuncia-efectos-de-la-violencia-en-el-sur-de-bolivar\/","name":"Colombia: Iglesia denuncia efectos de la violencia en Bol\u00edvar &#8211; Exaudi","isPartOf":{"@id":"https:\/\/exaudi.org\/#website"},"primaryImageOfPage":{"@id":"https:\/\/exaudi.org\/es\/colombia-iglesia-denuncia-efectos-de-la-violencia-en-el-sur-de-bolivar\/#primaryimage"},"image":{"@id":"https:\/\/exaudi.org\/es\/colombia-iglesia-denuncia-efectos-de-la-violencia-en-el-sur-de-bolivar\/#primaryimage"},"thumbnailUrl":"https:\/\/exaudi.org\/wp-content\/uploads\/2021\/08\/Desplazados-CELAM.jpg","datePublished":"2021-08-10T09:06:06+00:00","dateModified":"2021-08-11T09:21:49+00:00","author":{"@id":"https:\/\/exaudi.org\/#\/schema\/person\/7d2f77db033c2c0929edfab6dbe8c588"},"description":"Colombia: La Iglesia, a trav\u00e9s del obispo de Magangu\u00e9, denuncia la situaci\u00f3n del sur de Bol\u00edvar, afectado por la violencia de grupos armados","breadcrumb":{"@id":"https:\/\/exaudi.org\/es\/colombia-iglesia-denuncia-efectos-de-la-violencia-en-el-sur-de-bolivar\/#breadcrumb"},"inLanguage":"es","potentialAction":[{"@type":"ReadAction","target":["https:\/\/exaudi.org\/es\/colombia-iglesia-denuncia-efectos-de-la-violencia-en-el-sur-de-bolivar\/"]}]},{"@type":"ImageObject","inLanguage":"es","@id":"https:\/\/exaudi.org\/es\/colombia-iglesia-denuncia-efectos-de-la-violencia-en-el-sur-de-bolivar\/#primaryimage","url":"https:\/\/exaudi.org\/wp-content\/uploads\/2021\/08\/Desplazados-CELAM.jpg","contentUrl":"https:\/\/exaudi.org\/wp-content\/uploads\/2021\/08\/Desplazados-CELAM.jpg","width":1920,"height":1080,"caption":"Desplazados \u00a9 CELAM"},{"@type":"BreadcrumbList","@id":"https:\/\/exaudi.org\/es\/colombia-iglesia-denuncia-efectos-de-la-violencia-en-el-sur-de-bolivar\/#breadcrumb","itemListElement":[{"@type":"ListItem","position":1,"name":"Portada","item":"https:\/\/exaudi.org\/es\/"},{"@type":"ListItem","position":2,"name":"Colombia: Iglesia denuncia efectos de la violencia en Bol\u00edvar"}]},{"@type":"WebSite","@id":"https:\/\/exaudi.org\/#website","url":"https:\/\/exaudi.org\/","name":"Exaudi","description":"News","potentialAction":[{"@type":"SearchAction","target":{"@type":"EntryPoint","urlTemplate":"https:\/\/exaudi.org\/?s={search_term_string}"},"query-input":{"@type":"PropertyValueSpecification","valueRequired":true,"valueName":"search_term_string"}}],"inLanguage":"es"},{"@type":"Person","@id":"https:\/\/exaudi.org\/#\/schema\/person\/7d2f77db033c2c0929edfab6dbe8c588","name":"Larissa I. L\u00f3pez","image":{"@type":"ImageObject","inLanguage":"es","@id":"https:\/\/secure.gravatar.com\/avatar\/db3ef399ff343d0bb9d25dc5198bc8ece5ac6d621eca79876697a354dabc1e3f?s=96&d=mm&r=g","url":"https:\/\/secure.gravatar.com\/avatar\/db3ef399ff343d0bb9d25dc5198bc8ece5ac6d621eca79876697a354dabc1e3f?s=96&d=mm&r=g","contentUrl":"https:\/\/secure.gravatar.com\/avatar\/db3ef399ff343d0bb9d25dc5198bc8ece5ac6d621eca79876697a354dabc1e3f?s=96&d=mm&r=g","caption":"Larissa I. L\u00f3pez"},"description":"Doctora en Comunicaci\u00f3n. Mi trayectoria profesional ha transcurrido entre el \u00e1mbito de la comunicaci\u00f3n y el de la docencia. En los \u00faltimos a\u00f1os, he trabajado como coordinadora y redactora de la edici\u00f3n de ZENIT en espa\u00f1ol. Como profesora, he impartido clases en la universidad y en centros de FP y bachillerato. Cordobesa de nacimiento, tambi\u00e9n he vivido en Sevilla, Madrid y Roma","url":"https:\/\/exaudi.org\/es\/author\/llopezexaudi-org\/"}]}},"jetpack_featured_media_url":"https:\/\/exaudi.org\/wp-content\/uploads\/2021\/08\/Desplazados-CELAM.jpg","jetpack_shortlink":"https:\/\/wp.me\/pgKjF2-7Ms","_links":{"self":[{"href":"https:\/\/exaudi.org\/es\/wp-json\/wp\/v2\/posts\/29912","targetHints":{"allow":["GET"]}}],"collection":[{"href":"https:\/\/exaudi.org\/es\/wp-json\/wp\/v2\/posts"}],"about":[{"href":"https:\/\/exaudi.org\/es\/wp-json\/wp\/v2\/types\/post"}],"author":[{"embeddable":true,"href":"https:\/\/exaudi.org\/es\/wp-json\/wp\/v2\/users\/5"}],"replies":[{"embeddable":true,"href":"https:\/\/exaudi.org\/es\/wp-json\/wp\/v2\/comments?post=29912"}],"version-history":[{"count":0,"href":"https:\/\/exaudi.org\/es\/wp-json\/wp\/v2\/posts\/29912\/revisions"}],"wp:featuredmedia":[{"embeddable":true,"href":"https:\/\/exaudi.org\/es\/wp-json\/wp\/v2\/media\/29913"}],"wp:attachment":[{"href":"https:\/\/exaudi.org\/es\/wp-json\/wp\/v2\/media?parent=29912"}],"wp:term":[{"taxonomy":"category","embeddable":true,"href":"https:\/\/exaudi.org\/es\/wp-json\/wp\/v2\/categories?post=29912"},{"taxonomy":"post_tag","embeddable":true,"href":"https:\/\/exaudi.org\/es\/wp-json\/wp\/v2\/tags?post=29912"}],"curies":[{"name":"wp","href":"https:\/\/api.w.org\/{rel}","templated":true}]}}