{"id":29872,"date":"2021-08-09T10:00:27","date_gmt":"2021-08-09T08:00:27","guid":{"rendered":"https:\/\/exaudi.wpengine.com\/?p=29872"},"modified":"2021-08-10T11:09:21","modified_gmt":"2021-08-10T09:09:21","slug":"argentina-el-papa-nombra-al-obispo-de-avellaneda-lanus","status":"publish","type":"post","link":"https:\/\/exaudi.org\/es\/argentina-el-papa-nombra-al-obispo-de-avellaneda-lanus\/","title":{"rendered":"Argentina: El Papa nombra al obispo de Avellaneda-Lan\u00fas"},"content":{"rendered":"<p>El Papa Francisco ha\u00a0nombrado obispo de la <a href=\"https:\/\/www.facebook.com\/diocesisAvellanedaLanus\/\">di\u00f3cesis de Avellaneda-Lan\u00fas<\/a>, Argentina, a monse\u00f1or Marcelo Juli\u00e1n Margni, hasta ahora obispo titular de Stefaniaco y auxiliar de la di\u00f3cesis de Quilmes. As\u00ed inform\u00f3 la Oficina de Prensa de la Santa Sede el pasado s\u00e1bado, 7 de agosto de 2021.<\/p>\n<h4><strong>Monse\u00f1or Marcelo Juli\u00e1n Margni<\/strong><\/h4>\n<p>Naci\u00f3 en Avellaneda el 12 de septiembre de 1971. Estudi\u00f3 en el seminario de la di\u00f3cesis de Quilmes y fue ordenado sacerdote el 24 de septiembre de 1999. Se licenci\u00f3 en Teolog\u00eda con especializaci\u00f3n en Pastoral Juvenil y Catequesis en la Universidad Pontificia Salesiana de Roma.<\/p>\n<p>Ha ocupado los siguientes cargos: vicario parroquial de la Sagrada Familia en Berazategu\u00ed, de San Cayetano en Quilmes Oeste, de San Mart\u00edn de Porres en Florencio Varela, de la Exaltaci\u00f3n de la Cruz de los Quilmes en Ribera de Quilmes y de la Catedral de Quilmes; P\u00e1rroco de Nuestra Se\u00f1ora de la Medalla Milagrosa en Bernal Oeste; director del Instituto Diocesano de Catequesis San Pablo Ap\u00f3stol, director Pastoral de la Parroquia Nuestra Se\u00f1ora de Itat\u00ed, vicario episcopal de Evangelizaci\u00f3n, rector del Seminario Diocesano y miembro del Consejo Presbiteral y del Colegio de Consultores.<\/p>\n<p>El 5 de diciembre de 2017 fue nombrado obispo titular de Stefaniaco y auxiliar de Quilmes, recibiendo la Ordenaci\u00f3n Episcopal el 16 de marzo de 2018.<\/p>\n","protected":false},"excerpt":{"rendered":"<p>Monse\u00f1or Marcelo Juli\u00e1n Margni<\/p>\n","protected":false},"author":15,"featured_media":29873,"comment_status":"open","ping_status":"open","sticky":false,"template":"","format":"standard","meta":{"_acf_changed":false,"_crdt_document":"","inline_featured_image":false,"footnotes":""},"categories":[86,298],"tags":[1550,3637,3638,1062,158],"class_list":["post-29872","post","type-post","status-publish","format-standard","has-post-thumbnail","hentry","category-iglesia-local","category-ultimas-noticias","tag-argentina","tag-diocesis-de-avellaneda-lanus","tag-monsenor-marcelo-julian-margni","tag-obispo","tag-papa-francisco"],"acf":[],"yoast_head":"<!-- This site is optimized with the Yoast SEO plugin v27.4 - https:\/\/yoast.com\/product\/yoast-seo-wordpress\/ -->\n<title>Argentina: El Papa nombra al obispo de Avellaneda-Lan\u00fas &#8211; Exaudi<\/title>\n<meta name=\"description\" content=\"Argentina: El Papa nombra obispo de de Avellaneda-Lan\u00fas, Argentina, a Mons. Margni, hasta ahora obispo de Stefaniaco y auxiliar de Quilmes\" \/>\n<meta name=\"robots\" content=\"index, follow, max-snippet:-1, max-image-preview:large, max-video-preview:-1\" \/>\n<link rel=\"canonical\" href=\"https:\/\/exaudi.org\/es\/argentina-el-papa-nombra-al-obispo-de-avellaneda-lanus\/\" \/>\n<meta property=\"og:locale\" content=\"es_ES\" \/>\n<meta property=\"og:type\" content=\"article\" \/>\n<meta property=\"og:title\" content=\"Argentina: El Papa nombra al obispo de Avellaneda-Lan\u00fas &#8211; Exaudi\" \/>\n<meta property=\"og:description\" content=\"Argentina: El Papa nombra obispo de de Avellaneda-Lan\u00fas, Argentina, a Mons. Margni, hasta ahora obispo de Stefaniaco y auxiliar de Quilmes\" \/>\n<meta property=\"og:url\" content=\"https:\/\/exaudi.org\/es\/argentina-el-papa-nombra-al-obispo-de-avellaneda-lanus\/\" \/>\n<meta property=\"og:site_name\" content=\"Exaudi\" \/>\n<meta property=\"article:publisher\" content=\"https:\/\/www.facebook.com\/ExaudiNews\" \/>\n<meta property=\"article:author\" content=\"https:\/\/www.facebook.com\/ExaudiNoticias\/\" \/>\n<meta property=\"article:published_time\" content=\"2021-08-09T08:00:27+00:00\" \/>\n<meta property=\"article:modified_time\" content=\"2021-08-10T09:09:21+00:00\" \/>\n<meta property=\"og:image\" content=\"https:\/\/exaudi.org\/wp-content\/uploads\/2021\/08\/Monsenor-Marcelo-Julian-Margni-AICA.png\" \/>\n\t<meta property=\"og:image:width\" content=\"745\" \/>\n\t<meta property=\"og:image:height\" content=\"498\" \/>\n\t<meta property=\"og:image:type\" content=\"image\/png\" \/>\n<meta name=\"author\" content=\"Exaudi Redacci\u00f3n\" \/>\n<meta name=\"twitter:card\" content=\"summary_large_image\" \/>\n<meta name=\"twitter:creator\" content=\"@Exaudi_noticias\" \/>\n<meta name=\"twitter:site\" content=\"@Exaudi_News\" \/>\n<meta name=\"twitter:label1\" content=\"Escrito por\" \/>\n\t<meta name=\"twitter:data1\" content=\"Exaudi Redacci\u00f3n\" \/>\n\t<meta name=\"twitter:label2\" content=\"Tiempo de lectura\" \/>\n\t<meta name=\"twitter:data2\" content=\"1 minuto\" \/>\n<script type=\"application\/ld+json\" class=\"yoast-schema-graph\">{\"@context\":\"https:\\\/\\\/schema.org\",\"@graph\":[{\"@type\":\"Article\",\"@id\":\"https:\\\/\\\/exaudi.org\\\/es\\\/argentina-el-papa-nombra-al-obispo-de-avellaneda-lanus\\\/#article\",\"isPartOf\":{\"@id\":\"https:\\\/\\\/exaudi.org\\\/es\\\/argentina-el-papa-nombra-al-obispo-de-avellaneda-lanus\\\/\"},\"author\":{\"name\":\"Exaudi Redacci\u00f3n\",\"@id\":\"https:\\\/\\\/exaudi.org\\\/#\\\/schema\\\/person\\\/f5fc8f063065e38742da7afe15f25df7\"},\"headline\":\"Argentina: El Papa nombra al obispo de Avellaneda-Lan\u00fas\",\"datePublished\":\"2021-08-09T08:00:27+00:00\",\"dateModified\":\"2021-08-10T09:09:21+00:00\",\"mainEntityOfPage\":{\"@id\":\"https:\\\/\\\/exaudi.org\\\/es\\\/argentina-el-papa-nombra-al-obispo-de-avellaneda-lanus\\\/\"},\"wordCount\":235,\"commentCount\":0,\"image\":{\"@id\":\"https:\\\/\\\/exaudi.org\\\/es\\\/argentina-el-papa-nombra-al-obispo-de-avellaneda-lanus\\\/#primaryimage\"},\"thumbnailUrl\":\"https:\\\/\\\/exaudi.org\\\/wp-content\\\/uploads\\\/2021\\\/08\\\/Monsenor-Marcelo-Julian-Margni-AICA.png\",\"keywords\":[\"Argentina\",\"Di\u00f3cesis de Avellaneda-Lan\u00fas\",\"Monse\u00f1or Marcelo Juli\u00e1n Margni\",\"obispo\",\"papa francisco\"],\"articleSection\":[\"Iglesia Local\",\"\u00daltimas noticias\"],\"inLanguage\":\"es\",\"potentialAction\":[{\"@type\":\"CommentAction\",\"name\":\"Comment\",\"target\":[\"https:\\\/\\\/exaudi.org\\\/es\\\/argentina-el-papa-nombra-al-obispo-de-avellaneda-lanus\\\/#respond\"]}]},{\"@type\":\"WebPage\",\"@id\":\"https:\\\/\\\/exaudi.org\\\/es\\\/argentina-el-papa-nombra-al-obispo-de-avellaneda-lanus\\\/\",\"url\":\"https:\\\/\\\/exaudi.org\\\/es\\\/argentina-el-papa-nombra-al-obispo-de-avellaneda-lanus\\\/\",\"name\":\"Argentina: El Papa nombra al obispo de Avellaneda-Lan\u00fas &#8211; Exaudi\",\"isPartOf\":{\"@id\":\"https:\\\/\\\/exaudi.org\\\/#website\"},\"primaryImageOfPage\":{\"@id\":\"https:\\\/\\\/exaudi.org\\\/es\\\/argentina-el-papa-nombra-al-obispo-de-avellaneda-lanus\\\/#primaryimage\"},\"image\":{\"@id\":\"https:\\\/\\\/exaudi.org\\\/es\\\/argentina-el-papa-nombra-al-obispo-de-avellaneda-lanus\\\/#primaryimage\"},\"thumbnailUrl\":\"https:\\\/\\\/exaudi.org\\\/wp-content\\\/uploads\\\/2021\\\/08\\\/Monsenor-Marcelo-Julian-Margni-AICA.png\",\"datePublished\":\"2021-08-09T08:00:27+00:00\",\"dateModified\":\"2021-08-10T09:09:21+00:00\",\"author\":{\"@id\":\"https:\\\/\\\/exaudi.org\\\/#\\\/schema\\\/person\\\/f5fc8f063065e38742da7afe15f25df7\"},\"description\":\"Argentina: El Papa nombra obispo de de Avellaneda-Lan\u00fas, Argentina, a Mons. Margni, hasta ahora obispo de Stefaniaco y auxiliar de Quilmes\",\"breadcrumb\":{\"@id\":\"https:\\\/\\\/exaudi.org\\\/es\\\/argentina-el-papa-nombra-al-obispo-de-avellaneda-lanus\\\/#breadcrumb\"},\"inLanguage\":\"es\",\"potentialAction\":[{\"@type\":\"ReadAction\",\"target\":[\"https:\\\/\\\/exaudi.org\\\/es\\\/argentina-el-papa-nombra-al-obispo-de-avellaneda-lanus\\\/\"]}]},{\"@type\":\"ImageObject\",\"inLanguage\":\"es\",\"@id\":\"https:\\\/\\\/exaudi.org\\\/es\\\/argentina-el-papa-nombra-al-obispo-de-avellaneda-lanus\\\/#primaryimage\",\"url\":\"https:\\\/\\\/exaudi.org\\\/wp-content\\\/uploads\\\/2021\\\/08\\\/Monsenor-Marcelo-Julian-Margni-AICA.png\",\"contentUrl\":\"https:\\\/\\\/exaudi.org\\\/wp-content\\\/uploads\\\/2021\\\/08\\\/Monsenor-Marcelo-Julian-Margni-AICA.png\",\"width\":745,\"height\":498,\"caption\":\"Monse\u00f1or Marcelo Juli\u00e1n Margni \u00a9 AICA\"},{\"@type\":\"BreadcrumbList\",\"@id\":\"https:\\\/\\\/exaudi.org\\\/es\\\/argentina-el-papa-nombra-al-obispo-de-avellaneda-lanus\\\/#breadcrumb\",\"itemListElement\":[{\"@type\":\"ListItem\",\"position\":1,\"name\":\"Portada\",\"item\":\"https:\\\/\\\/exaudi.org\\\/es\\\/\"},{\"@type\":\"ListItem\",\"position\":2,\"name\":\"Argentina: El Papa nombra al obispo de Avellaneda-Lan\u00fas\"}]},{\"@type\":\"WebSite\",\"@id\":\"https:\\\/\\\/exaudi.org\\\/#website\",\"url\":\"https:\\\/\\\/exaudi.org\\\/\",\"name\":\"Exaudi\",\"description\":\"News\",\"potentialAction\":[{\"@type\":\"SearchAction\",\"target\":{\"@type\":\"EntryPoint\",\"urlTemplate\":\"https:\\\/\\\/exaudi.org\\\/?s={search_term_string}\"},\"query-input\":{\"@type\":\"PropertyValueSpecification\",\"valueRequired\":true,\"valueName\":\"search_term_string\"}}],\"inLanguage\":\"es\"},{\"@type\":\"Person\",\"@id\":\"https:\\\/\\\/exaudi.org\\\/#\\\/schema\\\/person\\\/f5fc8f063065e38742da7afe15f25df7\",\"name\":\"Exaudi Redacci\u00f3n\",\"image\":{\"@type\":\"ImageObject\",\"inLanguage\":\"es\",\"@id\":\"https:\\\/\\\/secure.gravatar.com\\\/avatar\\\/fe0f6a059fb68d9b3e11bc5850dd4899b1c7492091a3cb6dd9b01b56ad828be2?s=96&d=mm&r=g\",\"url\":\"https:\\\/\\\/secure.gravatar.com\\\/avatar\\\/fe0f6a059fb68d9b3e11bc5850dd4899b1c7492091a3cb6dd9b01b56ad828be2?s=96&d=mm&r=g\",\"contentUrl\":\"https:\\\/\\\/secure.gravatar.com\\\/avatar\\\/fe0f6a059fb68d9b3e11bc5850dd4899b1c7492091a3cb6dd9b01b56ad828be2?s=96&d=mm&r=g\",\"caption\":\"Exaudi Redacci\u00f3n\"},\"description\":\"\u00bfQu\u00e9 es Exaudi News? Exaudi News es un medio de comunicaci\u00f3n cat\u00f3lico internacional que informa, forma y transforma, diariamente en espa\u00f1ol, ingl\u00e9s e italiano. A trav\u00e9s de noticias, art\u00edculos de an\u00e1lisis y transmisiones en directo de los eventos del Papa, Exaudi busca fortalecer la unidad de los cristianos y contribuir a la evangelizaci\u00f3n del mundo, siempre guiados por la doctrina social de la Iglesia. Trabajamos para acercar la verdad y los valores cristianos a cada rinc\u00f3n del planeta. \u00a1Ay\u00fadanos a transformar el mundo con Exaudi! En Exaudi creemos que la evangelizaci\u00f3n y la informaci\u00f3n de calidad pueden cambiar vidas. Para continuar con nuestra misi\u00f3n y expandir nuestro alcance, necesitamos tu ayuda. Adem\u00e1s, buscamos personas comprometidas que deseen unirse a nuestro equipo. Con tu apoyo, lograremos llegar a m\u00e1s personas, difundir el mensaje de Cristo y reforzar la unidad de los cristianos. \u00bfTe unes a nuestra misi\u00f3n? Para m\u00e1s informaci\u00f3n sobre c\u00f3mo colaborar, visita Exaudi.org\\\/es o cont\u00e1ctanos directamente: info@exaudi.org Exaudi: Informa, forma y transforma.\",\"sameAs\":[\"https:\\\/\\\/www.facebook.com\\\/ExaudiNoticias\\\/\",\"https:\\\/\\\/www.instagram.com\\\/exaudi_noticias\\\/\",\"https:\\\/\\\/x.com\\\/Exaudi_noticias\",\"https:\\\/\\\/www.youtube.com\\\/@exaudicatholicnews\"],\"url\":\"https:\\\/\\\/exaudi.org\\\/es\\\/author\\\/redaccionexaudi\\\/\"}]}<\/script>\n<!-- \/ Yoast SEO plugin. -->","yoast_head_json":{"title":"Argentina: El Papa nombra al obispo de Avellaneda-Lan\u00fas &#8211; Exaudi","description":"Argentina: El Papa nombra obispo de de Avellaneda-Lan\u00fas, Argentina, a Mons. Margni, hasta ahora obispo de Stefaniaco y auxiliar de Quilmes","robots":{"index":"index","follow":"follow","max-snippet":"max-snippet:-1","max-image-preview":"max-image-preview:large","max-video-preview":"max-video-preview:-1"},"canonical":"https:\/\/exaudi.org\/es\/argentina-el-papa-nombra-al-obispo-de-avellaneda-lanus\/","og_locale":"es_ES","og_type":"article","og_title":"Argentina: El Papa nombra al obispo de Avellaneda-Lan\u00fas &#8211; Exaudi","og_description":"Argentina: El Papa nombra obispo de de Avellaneda-Lan\u00fas, Argentina, a Mons. Margni, hasta ahora obispo de Stefaniaco y auxiliar de Quilmes","og_url":"https:\/\/exaudi.org\/es\/argentina-el-papa-nombra-al-obispo-de-avellaneda-lanus\/","og_site_name":"Exaudi","article_publisher":"https:\/\/www.facebook.com\/ExaudiNews","article_author":"https:\/\/www.facebook.com\/ExaudiNoticias\/","article_published_time":"2021-08-09T08:00:27+00:00","article_modified_time":"2021-08-10T09:09:21+00:00","og_image":[{"width":745,"height":498,"url":"https:\/\/exaudi.org\/wp-content\/uploads\/2021\/08\/Monsenor-Marcelo-Julian-Margni-AICA.png","type":"image\/png"}],"author":"Exaudi Redacci\u00f3n","twitter_card":"summary_large_image","twitter_creator":"@Exaudi_noticias","twitter_site":"@Exaudi_News","twitter_misc":{"Escrito por":"Exaudi Redacci\u00f3n","Tiempo de lectura":"1 minuto"},"schema":{"@context":"https:\/\/schema.org","@graph":[{"@type":"Article","@id":"https:\/\/exaudi.org\/es\/argentina-el-papa-nombra-al-obispo-de-avellaneda-lanus\/#article","isPartOf":{"@id":"https:\/\/exaudi.org\/es\/argentina-el-papa-nombra-al-obispo-de-avellaneda-lanus\/"},"author":{"name":"Exaudi Redacci\u00f3n","@id":"https:\/\/exaudi.org\/#\/schema\/person\/f5fc8f063065e38742da7afe15f25df7"},"headline":"Argentina: El Papa nombra al obispo de Avellaneda-Lan\u00fas","datePublished":"2021-08-09T08:00:27+00:00","dateModified":"2021-08-10T09:09:21+00:00","mainEntityOfPage":{"@id":"https:\/\/exaudi.org\/es\/argentina-el-papa-nombra-al-obispo-de-avellaneda-lanus\/"},"wordCount":235,"commentCount":0,"image":{"@id":"https:\/\/exaudi.org\/es\/argentina-el-papa-nombra-al-obispo-de-avellaneda-lanus\/#primaryimage"},"thumbnailUrl":"https:\/\/exaudi.org\/wp-content\/uploads\/2021\/08\/Monsenor-Marcelo-Julian-Margni-AICA.png","keywords":["Argentina","Di\u00f3cesis de Avellaneda-Lan\u00fas","Monse\u00f1or Marcelo Juli\u00e1n Margni","obispo","papa francisco"],"articleSection":["Iglesia Local","\u00daltimas noticias"],"inLanguage":"es","potentialAction":[{"@type":"CommentAction","name":"Comment","target":["https:\/\/exaudi.org\/es\/argentina-el-papa-nombra-al-obispo-de-avellaneda-lanus\/#respond"]}]},{"@type":"WebPage","@id":"https:\/\/exaudi.org\/es\/argentina-el-papa-nombra-al-obispo-de-avellaneda-lanus\/","url":"https:\/\/exaudi.org\/es\/argentina-el-papa-nombra-al-obispo-de-avellaneda-lanus\/","name":"Argentina: El Papa nombra al obispo de Avellaneda-Lan\u00fas &#8211; Exaudi","isPartOf":{"@id":"https:\/\/exaudi.org\/#website"},"primaryImageOfPage":{"@id":"https:\/\/exaudi.org\/es\/argentina-el-papa-nombra-al-obispo-de-avellaneda-lanus\/#primaryimage"},"image":{"@id":"https:\/\/exaudi.org\/es\/argentina-el-papa-nombra-al-obispo-de-avellaneda-lanus\/#primaryimage"},"thumbnailUrl":"https:\/\/exaudi.org\/wp-content\/uploads\/2021\/08\/Monsenor-Marcelo-Julian-Margni-AICA.png","datePublished":"2021-08-09T08:00:27+00:00","dateModified":"2021-08-10T09:09:21+00:00","author":{"@id":"https:\/\/exaudi.org\/#\/schema\/person\/f5fc8f063065e38742da7afe15f25df7"},"description":"Argentina: El Papa nombra obispo de de Avellaneda-Lan\u00fas, Argentina, a Mons. Margni, hasta ahora obispo de Stefaniaco y auxiliar de Quilmes","breadcrumb":{"@id":"https:\/\/exaudi.org\/es\/argentina-el-papa-nombra-al-obispo-de-avellaneda-lanus\/#breadcrumb"},"inLanguage":"es","potentialAction":[{"@type":"ReadAction","target":["https:\/\/exaudi.org\/es\/argentina-el-papa-nombra-al-obispo-de-avellaneda-lanus\/"]}]},{"@type":"ImageObject","inLanguage":"es","@id":"https:\/\/exaudi.org\/es\/argentina-el-papa-nombra-al-obispo-de-avellaneda-lanus\/#primaryimage","url":"https:\/\/exaudi.org\/wp-content\/uploads\/2021\/08\/Monsenor-Marcelo-Julian-Margni-AICA.png","contentUrl":"https:\/\/exaudi.org\/wp-content\/uploads\/2021\/08\/Monsenor-Marcelo-Julian-Margni-AICA.png","width":745,"height":498,"caption":"Monse\u00f1or Marcelo Juli\u00e1n Margni \u00a9 AICA"},{"@type":"BreadcrumbList","@id":"https:\/\/exaudi.org\/es\/argentina-el-papa-nombra-al-obispo-de-avellaneda-lanus\/#breadcrumb","itemListElement":[{"@type":"ListItem","position":1,"name":"Portada","item":"https:\/\/exaudi.org\/es\/"},{"@type":"ListItem","position":2,"name":"Argentina: El Papa nombra al obispo de Avellaneda-Lan\u00fas"}]},{"@type":"WebSite","@id":"https:\/\/exaudi.org\/#website","url":"https:\/\/exaudi.org\/","name":"Exaudi","description":"News","potentialAction":[{"@type":"SearchAction","target":{"@type":"EntryPoint","urlTemplate":"https:\/\/exaudi.org\/?s={search_term_string}"},"query-input":{"@type":"PropertyValueSpecification","valueRequired":true,"valueName":"search_term_string"}}],"inLanguage":"es"},{"@type":"Person","@id":"https:\/\/exaudi.org\/#\/schema\/person\/f5fc8f063065e38742da7afe15f25df7","name":"Exaudi Redacci\u00f3n","image":{"@type":"ImageObject","inLanguage":"es","@id":"https:\/\/secure.gravatar.com\/avatar\/fe0f6a059fb68d9b3e11bc5850dd4899b1c7492091a3cb6dd9b01b56ad828be2?s=96&d=mm&r=g","url":"https:\/\/secure.gravatar.com\/avatar\/fe0f6a059fb68d9b3e11bc5850dd4899b1c7492091a3cb6dd9b01b56ad828be2?s=96&d=mm&r=g","contentUrl":"https:\/\/secure.gravatar.com\/avatar\/fe0f6a059fb68d9b3e11bc5850dd4899b1c7492091a3cb6dd9b01b56ad828be2?s=96&d=mm&r=g","caption":"Exaudi Redacci\u00f3n"},"description":"\u00bfQu\u00e9 es Exaudi News? Exaudi News es un medio de comunicaci\u00f3n cat\u00f3lico internacional que informa, forma y transforma, diariamente en espa\u00f1ol, ingl\u00e9s e italiano. A trav\u00e9s de noticias, art\u00edculos de an\u00e1lisis y transmisiones en directo de los eventos del Papa, Exaudi busca fortalecer la unidad de los cristianos y contribuir a la evangelizaci\u00f3n del mundo, siempre guiados por la doctrina social de la Iglesia. Trabajamos para acercar la verdad y los valores cristianos a cada rinc\u00f3n del planeta. \u00a1Ay\u00fadanos a transformar el mundo con Exaudi! En Exaudi creemos que la evangelizaci\u00f3n y la informaci\u00f3n de calidad pueden cambiar vidas. Para continuar con nuestra misi\u00f3n y expandir nuestro alcance, necesitamos tu ayuda. Adem\u00e1s, buscamos personas comprometidas que deseen unirse a nuestro equipo. Con tu apoyo, lograremos llegar a m\u00e1s personas, difundir el mensaje de Cristo y reforzar la unidad de los cristianos. \u00bfTe unes a nuestra misi\u00f3n? Para m\u00e1s informaci\u00f3n sobre c\u00f3mo colaborar, visita Exaudi.org\/es o cont\u00e1ctanos directamente: info@exaudi.org Exaudi: Informa, forma y transforma.","sameAs":["https:\/\/www.facebook.com\/ExaudiNoticias\/","https:\/\/www.instagram.com\/exaudi_noticias\/","https:\/\/x.com\/Exaudi_noticias","https:\/\/www.youtube.com\/@exaudicatholicnews"],"url":"https:\/\/exaudi.org\/es\/author\/redaccionexaudi\/"}]}},"jetpack_featured_media_url":"https:\/\/exaudi.org\/wp-content\/uploads\/2021\/08\/Monsenor-Marcelo-Julian-Margni-AICA.png","jetpack_shortlink":"https:\/\/wp.me\/pgKjF2-7LO","_links":{"self":[{"href":"https:\/\/exaudi.org\/es\/wp-json\/wp\/v2\/posts\/29872","targetHints":{"allow":["GET"]}}],"collection":[{"href":"https:\/\/exaudi.org\/es\/wp-json\/wp\/v2\/posts"}],"about":[{"href":"https:\/\/exaudi.org\/es\/wp-json\/wp\/v2\/types\/post"}],"author":[{"embeddable":true,"href":"https:\/\/exaudi.org\/es\/wp-json\/wp\/v2\/users\/15"}],"replies":[{"embeddable":true,"href":"https:\/\/exaudi.org\/es\/wp-json\/wp\/v2\/comments?post=29872"}],"version-history":[{"count":0,"href":"https:\/\/exaudi.org\/es\/wp-json\/wp\/v2\/posts\/29872\/revisions"}],"wp:featuredmedia":[{"embeddable":true,"href":"https:\/\/exaudi.org\/es\/wp-json\/wp\/v2\/media\/29873"}],"wp:attachment":[{"href":"https:\/\/exaudi.org\/es\/wp-json\/wp\/v2\/media?parent=29872"}],"wp:term":[{"taxonomy":"category","embeddable":true,"href":"https:\/\/exaudi.org\/es\/wp-json\/wp\/v2\/categories?post=29872"},{"taxonomy":"post_tag","embeddable":true,"href":"https:\/\/exaudi.org\/es\/wp-json\/wp\/v2\/tags?post=29872"}],"curies":[{"name":"wp","href":"https:\/\/api.w.org\/{rel}","templated":true}]}}