{"id":29824,"date":"2021-08-10T09:45:01","date_gmt":"2021-08-10T07:45:01","guid":{"rendered":"https:\/\/exaudi.wpengine.com\/?p=29824"},"modified":"2021-08-11T10:56:24","modified_gmt":"2021-08-11T08:56:24","slug":"nicaragua-virgen-peregrina-de-fatima-recorre-diocesis-de-granada","status":"publish","type":"post","link":"https:\/\/exaudi.org\/es\/nicaragua-virgen-peregrina-de-fatima-recorre-diocesis-de-granada\/","title":{"rendered":"Nicaragua: Virgen peregrina de F\u00e1tima recorre di\u00f3cesis de Granada"},"content":{"rendered":"<p>La <a href=\"https:\/\/www.facebook.com\/DiocGranada\/\" target=\"_blank\" rel=\"noopener noreferrer\">di\u00f3cesis de Granada <\/a>en <a href=\"https:\/\/exaudi.wpengine.com\/es\/nicaragua-ano-quema-sangre-de-cristo-dia-silencio\/\" target=\"_blank\" rel=\"noopener noreferrer\">Nicaragua<\/a> recibi\u00f3 la visita de la imagen peregrina de Nuestra Se\u00f1ora de F\u00e1tima el pasado 8 de agosto en el contexto del Jubileo Mariano, la imagen recorrer\u00e1 los departamentos (provincias) de Rivas, Granada y Boaco.<\/p>\n<p><img loading=\"lazy\" decoding=\"async\" class=\"size-medium wp-image-29828 alignleft\" src=\"https:\/\/exaudi.wpengine.com\/wp-content\/uploads\/2021\/08\/230460553_216254130508246_485435977560567618_n-300x220.jpg\" alt=\"\" width=\"300\" height=\"220\" srcset=\"https:\/\/exaudi.org\/wp-content\/uploads\/2021\/08\/230460553_216254130508246_485435977560567618_n-300x220.jpg 300w, https:\/\/exaudi.org\/wp-content\/uploads\/2021\/08\/230460553_216254130508246_485435977560567618_n-1024x749.jpg 1024w, https:\/\/exaudi.org\/wp-content\/uploads\/2021\/08\/230460553_216254130508246_485435977560567618_n-768x562.jpg 768w, https:\/\/exaudi.org\/wp-content\/uploads\/2021\/08\/230460553_216254130508246_485435977560567618_n-1536x1124.jpg 1536w, https:\/\/exaudi.org\/wp-content\/uploads\/2021\/08\/230460553_216254130508246_485435977560567618_n-150x110.jpg 150w, https:\/\/exaudi.org\/wp-content\/uploads\/2021\/08\/230460553_216254130508246_485435977560567618_n-696x509.jpg 696w, https:\/\/exaudi.org\/wp-content\/uploads\/2021\/08\/230460553_216254130508246_485435977560567618_n-1068x781.jpg 1068w, https:\/\/exaudi.org\/wp-content\/uploads\/2021\/08\/230460553_216254130508246_485435977560567618_n-574x420.jpg 574w, https:\/\/exaudi.org\/wp-content\/uploads\/2021\/08\/230460553_216254130508246_485435977560567618_n-80x60.jpg 80w, https:\/\/exaudi.org\/wp-content\/uploads\/2021\/08\/230460553_216254130508246_485435977560567618_n.jpg 1860w\" sizes=\"auto, (max-width: 300px) 100vw, 300px\" \/>Monse\u00f1or Jorge Solorzano, obispo de esta di\u00f3cesis, con fe fervorosa coron\u00f3 e impuso el Santo Rosario a la venerada imagen, durante su homil\u00eda reflexion\u00f3 en torno a la esperanza y expreso que como el salmista hay que confiar en el Se\u00f1or, \u00a0pidi\u00f3 a los fieles que en el contexto que vive el pa\u00eds hay que pedirle a la Virgen \u201cque no nos cansemos, aunque el desaliento por el poco fruto o por la ingratitud nos asalte, aunque la flaqueza nos ablande y aunque el furor del enemigo nos persiga y nos calumnie, aunque se vinieran al suelo nuestras obras y tuvi\u00e9ramos que empezar de nuevo\u2026\u00a1Madre querida! Que no nos cansemos\u201d, expres\u00f3.<\/p>\n<h4><strong>Llamado a estar firmes en la oraci\u00f3n<\/strong><\/h4>\n<p>El obispo de Granada exhort\u00f3 a los fieles de su di\u00f3cesis a vivir \u201cla Eucarist\u00eda, ya que ella nos sostiene, cuando muchas veces nos sentimos sin fuerza, cuando no vemos futuro, lo encontramos en la gracia divina de la Eucarist\u00eda\u201d.<\/p>\n<p>\u201cFirmes, decididos, alentados, sonrientes siempre como T\u00fa, con los ojos de la cara fijos en el otro y en sus necesidades para socorrernos, con los ojos del alma fijos en el Coraz\u00f3n de tu Hijo que est\u00e1 en el Sagrario, ocupemos nuestro puesto, el que a cada uno nos ha se\u00f1alado Dios\u201d, apunt\u00f3 viendo atento a la imagen llegada desde su santuario en Portugal.<\/p>\n<p>Adem\u00e1s, agreg\u00f3 que es momento de pedirle a la Virgen de F\u00e1tima que \u201cmientras nos quede una gota de sangre que derramar, unas monedas que repartir, un poco de energ\u00eda que gastar, una palabra que decir, un aliento de nuestro coraz\u00f3n, un poco de fuerza en nuestras manos o en nuestros pies, que puedan servir para dar gloria a \u00c9l y a Ti y para hacer un poco de bien a nuestros hermanos\u201d.<\/p>\n<h4><strong>Una peregrinaci\u00f3n de oraci\u00f3n y reparaci\u00f3n <\/strong><\/h4>\n<p>Por su parte el padre Winder Morales, director de comunicaci\u00f3n de esta di\u00f3cesis, declar\u00f3 al concluir la acci\u00f3n lit\u00fargica que \u201cen cada parroquia la imagen estar\u00e1 por 24 horas\u201d y que ser\u00e1 recibida por \u201cgrupos parroquiales, movimientos laicales y comunidades eclesiales estar\u00e1n en jornadas de oraci\u00f3n y reparaci\u00f3n durante la visita\u201d.<\/p>\n<p>Granada cuenta con 62 parroquias y, como ha pedido la <a href=\"http:\/\/www.cen-nicaragua.org\/\">Conferencia Episcopal de Nicaragua<\/a>, este pr\u00f3ximo 15 de agosto realizar\u00e1n la consagraci\u00f3n al Inmaculado Coraz\u00f3n de Mar\u00eda.<\/p>\n","protected":false},"excerpt":{"rendered":"<p>En el contexto del Jubileo Mariano<\/p>\n","protected":false},"author":29,"featured_media":29825,"comment_status":"closed","ping_status":"closed","sticky":false,"template":"","format":"standard","meta":{"_acf_changed":false,"_crdt_document":"","inline_featured_image":false,"footnotes":""},"categories":[298],"tags":[3635,1269,2271],"class_list":["post-29824","post","type-post","status-publish","format-standard","has-post-thumbnail","hentry","category-ultimas-noticias","tag-diocesis-de-granada","tag-nicaragua","tag-virgen-de-fatima"],"acf":[],"yoast_head":"<!-- This site is optimized with the Yoast SEO plugin v27.5 - https:\/\/yoast.com\/product\/yoast-seo-wordpress\/ -->\n<title>Nicaragua: Virgen peregrina de F\u00e1tima recorre di\u00f3cesis de Granada &#8211; Exaudi<\/title>\n<meta name=\"description\" content=\"Nicaragua: La di\u00f3cesis de Granada recibi\u00f3 la visita de la Virgen de F\u00e1tima peregrina el 8 de agosto con motivo del Jubileo Mariano\" \/>\n<meta name=\"robots\" content=\"index, follow, max-snippet:-1, max-image-preview:large, max-video-preview:-1\" \/>\n<link rel=\"canonical\" href=\"https:\/\/exaudi.org\/es\/nicaragua-virgen-peregrina-de-fatima-recorre-diocesis-de-granada\/\" \/>\n<meta property=\"og:locale\" content=\"es_ES\" \/>\n<meta property=\"og:type\" content=\"article\" \/>\n<meta property=\"og:title\" content=\"Nicaragua: Virgen peregrina de F\u00e1tima recorre di\u00f3cesis de Granada &#8211; Exaudi\" \/>\n<meta property=\"og:description\" content=\"Nicaragua: La di\u00f3cesis de Granada recibi\u00f3 la visita de la Virgen de F\u00e1tima peregrina el 8 de agosto con motivo del Jubileo Mariano\" \/>\n<meta property=\"og:url\" content=\"https:\/\/exaudi.org\/es\/nicaragua-virgen-peregrina-de-fatima-recorre-diocesis-de-granada\/\" \/>\n<meta property=\"og:site_name\" content=\"Exaudi\" \/>\n<meta property=\"article:publisher\" content=\"https:\/\/www.facebook.com\/ExaudiNews\" \/>\n<meta property=\"article:published_time\" content=\"2021-08-10T07:45:01+00:00\" \/>\n<meta property=\"article:modified_time\" content=\"2021-08-11T08:56:24+00:00\" \/>\n<meta property=\"og:image\" content=\"https:\/\/exaudi.org\/wp-content\/uploads\/2021\/08\/217673933_216254560508203_2356931205019365791_n.jpg\" \/>\n\t<meta property=\"og:image:width\" content=\"1860\" \/>\n\t<meta property=\"og:image:height\" content=\"1860\" \/>\n\t<meta property=\"og:image:type\" content=\"image\/jpeg\" \/>\n<meta name=\"author\" content=\"Cristhian Alvarenga\" \/>\n<meta name=\"twitter:card\" content=\"summary_large_image\" \/>\n<meta name=\"twitter:creator\" content=\"@Exaudi_News\" \/>\n<meta name=\"twitter:site\" content=\"@Exaudi_News\" \/>\n<meta name=\"twitter:label1\" content=\"Escrito por\" \/>\n\t<meta name=\"twitter:data1\" content=\"Cristhian Alvarenga\" \/>\n\t<meta name=\"twitter:label2\" content=\"Tiempo de lectura\" \/>\n\t<meta name=\"twitter:data2\" content=\"3 minutos\" \/>\n<script type=\"application\/ld+json\" class=\"yoast-schema-graph\">{\"@context\":\"https:\\\/\\\/schema.org\",\"@graph\":[{\"@type\":\"Article\",\"@id\":\"https:\\\/\\\/exaudi.org\\\/es\\\/nicaragua-virgen-peregrina-de-fatima-recorre-diocesis-de-granada\\\/#article\",\"isPartOf\":{\"@id\":\"https:\\\/\\\/exaudi.org\\\/es\\\/nicaragua-virgen-peregrina-de-fatima-recorre-diocesis-de-granada\\\/\"},\"author\":{\"name\":\"Cristhian Alvarenga\",\"@id\":\"https:\\\/\\\/exaudi.org\\\/#\\\/schema\\\/person\\\/cc0c4abb8e41070fb467c5272d6726d1\"},\"headline\":\"Nicaragua: Virgen peregrina de F\u00e1tima recorre di\u00f3cesis de Granada\",\"datePublished\":\"2021-08-10T07:45:01+00:00\",\"dateModified\":\"2021-08-11T08:56:24+00:00\",\"mainEntityOfPage\":{\"@id\":\"https:\\\/\\\/exaudi.org\\\/es\\\/nicaragua-virgen-peregrina-de-fatima-recorre-diocesis-de-granada\\\/\"},\"wordCount\":461,\"image\":{\"@id\":\"https:\\\/\\\/exaudi.org\\\/es\\\/nicaragua-virgen-peregrina-de-fatima-recorre-diocesis-de-granada\\\/#primaryimage\"},\"thumbnailUrl\":\"https:\\\/\\\/exaudi.org\\\/wp-content\\\/uploads\\\/2021\\\/08\\\/217673933_216254560508203_2356931205019365791_n.jpg\",\"keywords\":[\"Diocesis de Granada\",\"Nicaragua\",\"Virgen de F\u00e1tima\"],\"articleSection\":[\"\u00daltimas noticias\"],\"inLanguage\":\"es\"},{\"@type\":\"WebPage\",\"@id\":\"https:\\\/\\\/exaudi.org\\\/es\\\/nicaragua-virgen-peregrina-de-fatima-recorre-diocesis-de-granada\\\/\",\"url\":\"https:\\\/\\\/exaudi.org\\\/es\\\/nicaragua-virgen-peregrina-de-fatima-recorre-diocesis-de-granada\\\/\",\"name\":\"Nicaragua: Virgen peregrina de F\u00e1tima recorre di\u00f3cesis de Granada &#8211; Exaudi\",\"isPartOf\":{\"@id\":\"https:\\\/\\\/exaudi.org\\\/#website\"},\"primaryImageOfPage\":{\"@id\":\"https:\\\/\\\/exaudi.org\\\/es\\\/nicaragua-virgen-peregrina-de-fatima-recorre-diocesis-de-granada\\\/#primaryimage\"},\"image\":{\"@id\":\"https:\\\/\\\/exaudi.org\\\/es\\\/nicaragua-virgen-peregrina-de-fatima-recorre-diocesis-de-granada\\\/#primaryimage\"},\"thumbnailUrl\":\"https:\\\/\\\/exaudi.org\\\/wp-content\\\/uploads\\\/2021\\\/08\\\/217673933_216254560508203_2356931205019365791_n.jpg\",\"datePublished\":\"2021-08-10T07:45:01+00:00\",\"dateModified\":\"2021-08-11T08:56:24+00:00\",\"author\":{\"@id\":\"https:\\\/\\\/exaudi.org\\\/#\\\/schema\\\/person\\\/cc0c4abb8e41070fb467c5272d6726d1\"},\"description\":\"Nicaragua: La di\u00f3cesis de Granada recibi\u00f3 la visita de la Virgen de F\u00e1tima peregrina el 8 de agosto con motivo del Jubileo Mariano\",\"breadcrumb\":{\"@id\":\"https:\\\/\\\/exaudi.org\\\/es\\\/nicaragua-virgen-peregrina-de-fatima-recorre-diocesis-de-granada\\\/#breadcrumb\"},\"inLanguage\":\"es\",\"potentialAction\":[{\"@type\":\"ReadAction\",\"target\":[\"https:\\\/\\\/exaudi.org\\\/es\\\/nicaragua-virgen-peregrina-de-fatima-recorre-diocesis-de-granada\\\/\"]}]},{\"@type\":\"ImageObject\",\"inLanguage\":\"es\",\"@id\":\"https:\\\/\\\/exaudi.org\\\/es\\\/nicaragua-virgen-peregrina-de-fatima-recorre-diocesis-de-granada\\\/#primaryimage\",\"url\":\"https:\\\/\\\/exaudi.org\\\/wp-content\\\/uploads\\\/2021\\\/08\\\/217673933_216254560508203_2356931205019365791_n.jpg\",\"contentUrl\":\"https:\\\/\\\/exaudi.org\\\/wp-content\\\/uploads\\\/2021\\\/08\\\/217673933_216254560508203_2356931205019365791_n.jpg\",\"width\":1860,\"height\":1860,\"caption\":\"El obispo de Granada junto a la Virgen peregrina de F\u00e1tima \u00a9 Di\u00f3ceis de Granada\"},{\"@type\":\"BreadcrumbList\",\"@id\":\"https:\\\/\\\/exaudi.org\\\/es\\\/nicaragua-virgen-peregrina-de-fatima-recorre-diocesis-de-granada\\\/#breadcrumb\",\"itemListElement\":[{\"@type\":\"ListItem\",\"position\":1,\"name\":\"Portada\",\"item\":\"https:\\\/\\\/exaudi.org\\\/es\\\/\"},{\"@type\":\"ListItem\",\"position\":2,\"name\":\"Nicaragua: Virgen peregrina de F\u00e1tima recorre di\u00f3cesis de Granada\"}]},{\"@type\":\"WebSite\",\"@id\":\"https:\\\/\\\/exaudi.org\\\/#website\",\"url\":\"https:\\\/\\\/exaudi.org\\\/\",\"name\":\"Exaudi\",\"description\":\"News\",\"potentialAction\":[{\"@type\":\"SearchAction\",\"target\":{\"@type\":\"EntryPoint\",\"urlTemplate\":\"https:\\\/\\\/exaudi.org\\\/?s={search_term_string}\"},\"query-input\":{\"@type\":\"PropertyValueSpecification\",\"valueRequired\":true,\"valueName\":\"search_term_string\"}}],\"inLanguage\":\"es\"},{\"@type\":\"Person\",\"@id\":\"https:\\\/\\\/exaudi.org\\\/#\\\/schema\\\/person\\\/cc0c4abb8e41070fb467c5272d6726d1\",\"name\":\"Cristhian Alvarenga\",\"image\":{\"@type\":\"ImageObject\",\"inLanguage\":\"es\",\"@id\":\"https:\\\/\\\/secure.gravatar.com\\\/avatar\\\/4d1e961ad75d3388e09e7a712fdb4ee1c94d947afa0d5dbfdcbd86a5c99bcb40?s=96&d=mm&r=g\",\"url\":\"https:\\\/\\\/secure.gravatar.com\\\/avatar\\\/4d1e961ad75d3388e09e7a712fdb4ee1c94d947afa0d5dbfdcbd86a5c99bcb40?s=96&d=mm&r=g\",\"contentUrl\":\"https:\\\/\\\/secure.gravatar.com\\\/avatar\\\/4d1e961ad75d3388e09e7a712fdb4ee1c94d947afa0d5dbfdcbd86a5c99bcb40?s=96&d=mm&r=g\",\"caption\":\"Cristhian Alvarenga\"},\"description\":\"Periodista de profesi\u00f3n. Del 2015 al 2020 coordin\u00e9 el \u00e1rea de prensa en la di\u00f3cesis de Le\u00f3n, Nicaragua y fui parte de la comisi\u00f3n de comunicaci\u00f3n diocesana, soy el autor del blog Iglesia en Salida, (https:\\\/\\\/www.facebook.com\\\/IglesiaEnSalidaOrg), un espacio de informaci\u00f3n y comunicaci\u00f3n, orientado a generar reflexi\u00f3n, investigaci\u00f3n e informaci\u00f3n sobre el quehacer pastoral de la Iglesia Cat\u00f3lica en Nicaragua, as\u00ed como promover devociones para fomentar nuestra fe. Me gusta producir podcast y escribir poes\u00eda. La defensa del medio ambiente y de los Derechos Humanos debe de ser siempre un compromiso para aportar a un mundo m\u00e1s humano y justo.\",\"url\":\"https:\\\/\\\/exaudi.org\\\/es\\\/author\\\/cristhianalvarenga\\\/\"}]}<\/script>\n<!-- \/ Yoast SEO plugin. -->","yoast_head_json":{"title":"Nicaragua: Virgen peregrina de F\u00e1tima recorre di\u00f3cesis de Granada &#8211; Exaudi","description":"Nicaragua: La di\u00f3cesis de Granada recibi\u00f3 la visita de la Virgen de F\u00e1tima peregrina el 8 de agosto con motivo del Jubileo Mariano","robots":{"index":"index","follow":"follow","max-snippet":"max-snippet:-1","max-image-preview":"max-image-preview:large","max-video-preview":"max-video-preview:-1"},"canonical":"https:\/\/exaudi.org\/es\/nicaragua-virgen-peregrina-de-fatima-recorre-diocesis-de-granada\/","og_locale":"es_ES","og_type":"article","og_title":"Nicaragua: Virgen peregrina de F\u00e1tima recorre di\u00f3cesis de Granada &#8211; Exaudi","og_description":"Nicaragua: La di\u00f3cesis de Granada recibi\u00f3 la visita de la Virgen de F\u00e1tima peregrina el 8 de agosto con motivo del Jubileo Mariano","og_url":"https:\/\/exaudi.org\/es\/nicaragua-virgen-peregrina-de-fatima-recorre-diocesis-de-granada\/","og_site_name":"Exaudi","article_publisher":"https:\/\/www.facebook.com\/ExaudiNews","article_published_time":"2021-08-10T07:45:01+00:00","article_modified_time":"2021-08-11T08:56:24+00:00","og_image":[{"width":1860,"height":1860,"url":"https:\/\/exaudi.org\/wp-content\/uploads\/2021\/08\/217673933_216254560508203_2356931205019365791_n.jpg","type":"image\/jpeg"}],"author":"Cristhian Alvarenga","twitter_card":"summary_large_image","twitter_creator":"@Exaudi_News","twitter_site":"@Exaudi_News","twitter_misc":{"Escrito por":"Cristhian Alvarenga","Tiempo de lectura":"3 minutos"},"schema":{"@context":"https:\/\/schema.org","@graph":[{"@type":"Article","@id":"https:\/\/exaudi.org\/es\/nicaragua-virgen-peregrina-de-fatima-recorre-diocesis-de-granada\/#article","isPartOf":{"@id":"https:\/\/exaudi.org\/es\/nicaragua-virgen-peregrina-de-fatima-recorre-diocesis-de-granada\/"},"author":{"name":"Cristhian Alvarenga","@id":"https:\/\/exaudi.org\/#\/schema\/person\/cc0c4abb8e41070fb467c5272d6726d1"},"headline":"Nicaragua: Virgen peregrina de F\u00e1tima recorre di\u00f3cesis de Granada","datePublished":"2021-08-10T07:45:01+00:00","dateModified":"2021-08-11T08:56:24+00:00","mainEntityOfPage":{"@id":"https:\/\/exaudi.org\/es\/nicaragua-virgen-peregrina-de-fatima-recorre-diocesis-de-granada\/"},"wordCount":461,"image":{"@id":"https:\/\/exaudi.org\/es\/nicaragua-virgen-peregrina-de-fatima-recorre-diocesis-de-granada\/#primaryimage"},"thumbnailUrl":"https:\/\/exaudi.org\/wp-content\/uploads\/2021\/08\/217673933_216254560508203_2356931205019365791_n.jpg","keywords":["Diocesis de Granada","Nicaragua","Virgen de F\u00e1tima"],"articleSection":["\u00daltimas noticias"],"inLanguage":"es"},{"@type":"WebPage","@id":"https:\/\/exaudi.org\/es\/nicaragua-virgen-peregrina-de-fatima-recorre-diocesis-de-granada\/","url":"https:\/\/exaudi.org\/es\/nicaragua-virgen-peregrina-de-fatima-recorre-diocesis-de-granada\/","name":"Nicaragua: Virgen peregrina de F\u00e1tima recorre di\u00f3cesis de Granada &#8211; Exaudi","isPartOf":{"@id":"https:\/\/exaudi.org\/#website"},"primaryImageOfPage":{"@id":"https:\/\/exaudi.org\/es\/nicaragua-virgen-peregrina-de-fatima-recorre-diocesis-de-granada\/#primaryimage"},"image":{"@id":"https:\/\/exaudi.org\/es\/nicaragua-virgen-peregrina-de-fatima-recorre-diocesis-de-granada\/#primaryimage"},"thumbnailUrl":"https:\/\/exaudi.org\/wp-content\/uploads\/2021\/08\/217673933_216254560508203_2356931205019365791_n.jpg","datePublished":"2021-08-10T07:45:01+00:00","dateModified":"2021-08-11T08:56:24+00:00","author":{"@id":"https:\/\/exaudi.org\/#\/schema\/person\/cc0c4abb8e41070fb467c5272d6726d1"},"description":"Nicaragua: La di\u00f3cesis de Granada recibi\u00f3 la visita de la Virgen de F\u00e1tima peregrina el 8 de agosto con motivo del Jubileo Mariano","breadcrumb":{"@id":"https:\/\/exaudi.org\/es\/nicaragua-virgen-peregrina-de-fatima-recorre-diocesis-de-granada\/#breadcrumb"},"inLanguage":"es","potentialAction":[{"@type":"ReadAction","target":["https:\/\/exaudi.org\/es\/nicaragua-virgen-peregrina-de-fatima-recorre-diocesis-de-granada\/"]}]},{"@type":"ImageObject","inLanguage":"es","@id":"https:\/\/exaudi.org\/es\/nicaragua-virgen-peregrina-de-fatima-recorre-diocesis-de-granada\/#primaryimage","url":"https:\/\/exaudi.org\/wp-content\/uploads\/2021\/08\/217673933_216254560508203_2356931205019365791_n.jpg","contentUrl":"https:\/\/exaudi.org\/wp-content\/uploads\/2021\/08\/217673933_216254560508203_2356931205019365791_n.jpg","width":1860,"height":1860,"caption":"El obispo de Granada junto a la Virgen peregrina de F\u00e1tima \u00a9 Di\u00f3ceis de Granada"},{"@type":"BreadcrumbList","@id":"https:\/\/exaudi.org\/es\/nicaragua-virgen-peregrina-de-fatima-recorre-diocesis-de-granada\/#breadcrumb","itemListElement":[{"@type":"ListItem","position":1,"name":"Portada","item":"https:\/\/exaudi.org\/es\/"},{"@type":"ListItem","position":2,"name":"Nicaragua: Virgen peregrina de F\u00e1tima recorre di\u00f3cesis de Granada"}]},{"@type":"WebSite","@id":"https:\/\/exaudi.org\/#website","url":"https:\/\/exaudi.org\/","name":"Exaudi","description":"News","potentialAction":[{"@type":"SearchAction","target":{"@type":"EntryPoint","urlTemplate":"https:\/\/exaudi.org\/?s={search_term_string}"},"query-input":{"@type":"PropertyValueSpecification","valueRequired":true,"valueName":"search_term_string"}}],"inLanguage":"es"},{"@type":"Person","@id":"https:\/\/exaudi.org\/#\/schema\/person\/cc0c4abb8e41070fb467c5272d6726d1","name":"Cristhian Alvarenga","image":{"@type":"ImageObject","inLanguage":"es","@id":"https:\/\/secure.gravatar.com\/avatar\/4d1e961ad75d3388e09e7a712fdb4ee1c94d947afa0d5dbfdcbd86a5c99bcb40?s=96&d=mm&r=g","url":"https:\/\/secure.gravatar.com\/avatar\/4d1e961ad75d3388e09e7a712fdb4ee1c94d947afa0d5dbfdcbd86a5c99bcb40?s=96&d=mm&r=g","contentUrl":"https:\/\/secure.gravatar.com\/avatar\/4d1e961ad75d3388e09e7a712fdb4ee1c94d947afa0d5dbfdcbd86a5c99bcb40?s=96&d=mm&r=g","caption":"Cristhian Alvarenga"},"description":"Periodista de profesi\u00f3n. Del 2015 al 2020 coordin\u00e9 el \u00e1rea de prensa en la di\u00f3cesis de Le\u00f3n, Nicaragua y fui parte de la comisi\u00f3n de comunicaci\u00f3n diocesana, soy el autor del blog Iglesia en Salida, (https:\/\/www.facebook.com\/IglesiaEnSalidaOrg), un espacio de informaci\u00f3n y comunicaci\u00f3n, orientado a generar reflexi\u00f3n, investigaci\u00f3n e informaci\u00f3n sobre el quehacer pastoral de la Iglesia Cat\u00f3lica en Nicaragua, as\u00ed como promover devociones para fomentar nuestra fe. Me gusta producir podcast y escribir poes\u00eda. La defensa del medio ambiente y de los Derechos Humanos debe de ser siempre un compromiso para aportar a un mundo m\u00e1s humano y justo.","url":"https:\/\/exaudi.org\/es\/author\/cristhianalvarenga\/"}]}},"jetpack_featured_media_url":"https:\/\/exaudi.org\/wp-content\/uploads\/2021\/08\/217673933_216254560508203_2356931205019365791_n.jpg","jetpack_shortlink":"https:\/\/wp.me\/pgKjF2-7L2","_links":{"self":[{"href":"https:\/\/exaudi.org\/es\/wp-json\/wp\/v2\/posts\/29824","targetHints":{"allow":["GET"]}}],"collection":[{"href":"https:\/\/exaudi.org\/es\/wp-json\/wp\/v2\/posts"}],"about":[{"href":"https:\/\/exaudi.org\/es\/wp-json\/wp\/v2\/types\/post"}],"author":[{"embeddable":true,"href":"https:\/\/exaudi.org\/es\/wp-json\/wp\/v2\/users\/29"}],"replies":[{"embeddable":true,"href":"https:\/\/exaudi.org\/es\/wp-json\/wp\/v2\/comments?post=29824"}],"version-history":[{"count":0,"href":"https:\/\/exaudi.org\/es\/wp-json\/wp\/v2\/posts\/29824\/revisions"}],"wp:featuredmedia":[{"embeddable":true,"href":"https:\/\/exaudi.org\/es\/wp-json\/wp\/v2\/media\/29825"}],"wp:attachment":[{"href":"https:\/\/exaudi.org\/es\/wp-json\/wp\/v2\/media?parent=29824"}],"wp:term":[{"taxonomy":"category","embeddable":true,"href":"https:\/\/exaudi.org\/es\/wp-json\/wp\/v2\/categories?post=29824"},{"taxonomy":"post_tag","embeddable":true,"href":"https:\/\/exaudi.org\/es\/wp-json\/wp\/v2\/tags?post=29824"}],"curies":[{"name":"wp","href":"https:\/\/api.w.org\/{rel}","templated":true}]}}