{"id":29712,"date":"2021-08-06T11:14:34","date_gmt":"2021-08-06T09:14:34","guid":{"rendered":"https:\/\/exaudi.wpengine.com\/?p=29712"},"modified":"2021-08-06T18:29:06","modified_gmt":"2021-08-06T16:29:06","slug":"santa-maria-la-mayor-dedica-nevada-milagrosa-corazon-generoso-papa","status":"publish","type":"post","link":"https:\/\/exaudi.org\/es\/santa-maria-la-mayor-dedica-nevada-milagrosa-corazon-generoso-papa\/","title":{"rendered":"Santa Mar\u00eda la Mayor dedica nevada milagrosa al \u201ccoraz\u00f3n generoso\u201d del Papa"},"content":{"rendered":"<p>Este a\u00f1o, ayer, 5 de agosto de 2021, la edici\u00f3n n\u00famero 38 de la evocaci\u00f3n del milagro de Nuestra Se\u00f1ora de las Nieves en la <a href=\"https:\/\/www.facebook.com\/Basilica-Papale-di-Santa-Maria-Maggiore-109157834049624\/\" target=\"_blank\" rel=\"noopener noreferrer\">bas\u00edlica de Santa Mar\u00eda la Mayor<\/a>, una de las cuatro bas\u00edlicas papales de Roma, ha sido dedicada al \u201ccoraz\u00f3n generoso del Papa Francisco\u201d.<\/p>\n<p>As\u00ed lo ha afirmado, seg\u00fan <a href=\"https:\/\/www.adnkronos.com\/\" target=\"_blank\" rel=\"noopener noreferrer\">ADNKronos<\/a>, el arquitecto Cesare Esposito que invit\u00f3 en una carta a Francisco \u201ca dar testimonio de la representaci\u00f3n de la Virgen de las Nieves, para que se convierta en un s\u00edmbolo de esperanza y amor para todos los fieles y la ciudad\u201d.<\/p>\n<p>En la <a href=\"https:\/\/exaudi.wpengine.com\/es\/el-evangelio-es-siempre-nuevo-no-hay-evangelios-de-moda\/\" target=\"_blank\" rel=\"noopener noreferrer\">audiencia general<\/a> del pasado mi\u00e9rcoles, 4 de agosto de 2021, en su saludo a los fieles italianos, dijo: \u201cOs encomiendo a la protecci\u00f3n maternal de la Virgen Mar\u00eda, a quien la liturgia de ma\u00f1ana, fiesta de la dedicaci\u00f3n de la bas\u00edlica de Santa Mar\u00eda la Mayor, nos invita a contemplar en el icono de la <em>Salus Populi Romani<\/em>\u201d.<\/p>\n<h4><strong>Lugar especial para el Papa<\/strong><\/h4>\n<p>La bas\u00edlica de Santa Mar\u00eda la Mayor, donde se encuentra la imagen de Nuestra Se\u00f1ora de las Nieves, es un lugar especial para el Santo Padre. Se trata de una visita obligada antes de emprender un viaje apost\u00f3lico y a su regreso.<\/p>\n<p>Asimismo, en marzo de 2020, en medio de la pandemia de la COVID-19, el Papa acudi\u00f3 a la bas\u00edlica para orar ante este icono y a la iglesia de San Marcello, en el Corso, donde se encuentra el milagroso Crucifijo que salv\u00f3 a la Ciudad Eterna de la peste en el siglo XVI.<\/p>\n<p>El pasado 15 de julio, al ser dado de alta tras una <a href=\"https:\/\/exaudi.wpengine.com\/es\/papa-francisco-hospital-gemelli-operacion-programada\/\" target=\"_blank\" rel=\"noopener noreferrer\">operaci\u00f3n de colon programada<\/a> y antes de regresar al Vaticano, el Sucesor de Pedro se dirigi\u00f3 a la bas\u00edlica de Santa Mar\u00eda la Mayor donde, ante el icono de la Virgen Mar\u00eda\u00a0<em>Salus populi romani<\/em>, \u201c<a href=\"https:\/\/exaudi.wpengine.com\/es\/papa-regresa-vaticano\/\" target=\"_blank\" rel=\"noopener noreferrer\">agradeci\u00f3 el \u00e9xito de su intervenci\u00f3n quir\u00fargica<\/a> y elev\u00f3 una oraci\u00f3n por todos los enfermos, especialmente por los que hab\u00eda encontrado durante su estancia en el hospital\u201d.<\/p>\n<h4><strong>Historia de la bas\u00edlica<\/strong><\/h4>\n<p>La historia de esta bas\u00edlica papal, la iglesia m\u00e1s antigua de Roma dedicada a la Virgen, indica que en siglo IV, a\u00f1o 338,\u00a0la Virgen Mar\u00eda se apareci\u00f3 en sue\u00f1os al papa Libero y al patricio Juan y les orden\u00f3 construir una iglesia\u00a0en su honor en el lugar que Ella indicara.<\/p>\n<p>El 5 de agosto del 358 se produjo una peque\u00f1a nevada sobre la colina del Esquilino.\u00a0La ca\u00edda de la nieve en pleno verano en la cima de este monte fue interpretada como el signo que daba la Virgen\u00a0para el emplazamiento de la bas\u00edlica. Se trata de la iglesia m\u00e1s antigua de Roma dedicada a la Virgen Mar\u00eda.<\/p>\n","protected":false},"excerpt":{"rendered":"<p>En su 38 conmemoraci\u00f3n, el 5 de agosto<\/p>\n","protected":false},"author":5,"featured_media":29713,"comment_status":"open","ping_status":"open","sticky":false,"template":"","format":"standard","meta":{"_acf_changed":false,"_crdt_document":"","inline_featured_image":false,"footnotes":""},"categories":[59,68],"tags":[3617,3615,2419,3616,158,1533],"class_list":["post-29712","post","type-post","status-publish","format-standard","has-post-thumbnail","hentry","category-featured-news","category-leon-xiv","tag-5-de-agosto","tag-basilica-santa-maria-la-mayor","tag-featured","tag-nevada-milagrosa","tag-papa-francisco","tag-roma-es"],"acf":[],"yoast_head":"<!-- This site is optimized with the Yoast SEO plugin v27.5 - https:\/\/yoast.com\/product\/yoast-seo-wordpress\/ -->\n<title>Santa Mar\u00eda la Mayor dedica nevada milagrosa al \u201ccoraz\u00f3n generoso\u201d del Papa &#8211; Exaudi<\/title>\n<meta name=\"description\" content=\"Este a\u00f1o la bas\u00edlica de Santa Mar\u00eda la Mayor, dedic\u00f3 la conmemoraci\u00f3n de la nevada milagrosa al \u201ccoraz\u00f3n generoso del Papa Francisco\u201d\" \/>\n<meta name=\"robots\" content=\"index, follow, max-snippet:-1, max-image-preview:large, max-video-preview:-1\" \/>\n<link rel=\"canonical\" href=\"https:\/\/exaudi.org\/es\/santa-maria-la-mayor-dedica-nevada-milagrosa-corazon-generoso-papa\/\" \/>\n<meta property=\"og:locale\" content=\"es_ES\" \/>\n<meta property=\"og:type\" content=\"article\" \/>\n<meta property=\"og:title\" content=\"Santa Mar\u00eda la Mayor dedica nevada milagrosa al \u201ccoraz\u00f3n generoso\u201d del Papa &#8211; Exaudi\" \/>\n<meta property=\"og:description\" content=\"Este a\u00f1o la bas\u00edlica de Santa Mar\u00eda la Mayor, dedic\u00f3 la conmemoraci\u00f3n de la nevada milagrosa al \u201ccoraz\u00f3n generoso del Papa Francisco\u201d\" \/>\n<meta property=\"og:url\" content=\"https:\/\/exaudi.org\/es\/santa-maria-la-mayor-dedica-nevada-milagrosa-corazon-generoso-papa\/\" \/>\n<meta property=\"og:site_name\" content=\"Exaudi\" \/>\n<meta property=\"article:publisher\" content=\"https:\/\/www.facebook.com\/ExaudiNews\" \/>\n<meta property=\"article:published_time\" content=\"2021-08-06T09:14:34+00:00\" \/>\n<meta property=\"article:modified_time\" content=\"2021-08-06T16:29:06+00:00\" \/>\n<meta property=\"og:image\" content=\"https:\/\/exaudi.org\/wp-content\/uploads\/2021\/08\/Papa-Francisco-en-Santa-Maria-la-Mayor-Facebook.-Basilica-Papale-di-Santa-Maria-Maggiore.jpg\" \/>\n\t<meta property=\"og:image:width\" content=\"1500\" \/>\n\t<meta property=\"og:image:height\" content=\"844\" \/>\n\t<meta property=\"og:image:type\" content=\"image\/jpeg\" \/>\n<meta name=\"author\" content=\"Larissa I. L\u00f3pez\" \/>\n<meta name=\"twitter:card\" content=\"summary_large_image\" \/>\n<meta name=\"twitter:creator\" content=\"@Exaudi_News\" \/>\n<meta name=\"twitter:site\" content=\"@Exaudi_News\" \/>\n<meta name=\"twitter:label1\" content=\"Escrito por\" \/>\n\t<meta name=\"twitter:data1\" content=\"Larissa I. L\u00f3pez\" \/>\n\t<meta name=\"twitter:label2\" content=\"Tiempo de lectura\" \/>\n\t<meta name=\"twitter:data2\" content=\"2 minutos\" \/>\n<script type=\"application\/ld+json\" class=\"yoast-schema-graph\">{\"@context\":\"https:\\\/\\\/schema.org\",\"@graph\":[{\"@type\":\"Article\",\"@id\":\"https:\\\/\\\/exaudi.org\\\/es\\\/santa-maria-la-mayor-dedica-nevada-milagrosa-corazon-generoso-papa\\\/#article\",\"isPartOf\":{\"@id\":\"https:\\\/\\\/exaudi.org\\\/es\\\/santa-maria-la-mayor-dedica-nevada-milagrosa-corazon-generoso-papa\\\/\"},\"author\":{\"name\":\"Larissa I. L\u00f3pez\",\"@id\":\"https:\\\/\\\/exaudi.org\\\/#\\\/schema\\\/person\\\/7d2f77db033c2c0929edfab6dbe8c588\"},\"headline\":\"Santa Mar\u00eda la Mayor dedica nevada milagrosa al \u201ccoraz\u00f3n generoso\u201d del Papa\",\"datePublished\":\"2021-08-06T09:14:34+00:00\",\"dateModified\":\"2021-08-06T16:29:06+00:00\",\"mainEntityOfPage\":{\"@id\":\"https:\\\/\\\/exaudi.org\\\/es\\\/santa-maria-la-mayor-dedica-nevada-milagrosa-corazon-generoso-papa\\\/\"},\"wordCount\":491,\"commentCount\":0,\"image\":{\"@id\":\"https:\\\/\\\/exaudi.org\\\/es\\\/santa-maria-la-mayor-dedica-nevada-milagrosa-corazon-generoso-papa\\\/#primaryimage\"},\"thumbnailUrl\":\"https:\\\/\\\/exaudi.org\\\/wp-content\\\/uploads\\\/2021\\\/08\\\/Papa-Francisco-en-Santa-Maria-la-Mayor-Facebook.-Basilica-Papale-di-Santa-Maria-Maggiore.jpg\",\"keywords\":[\"5 de agosto\",\"Bas\u00edlica Santa Mar\u00eda la Mayor\",\"Featured\",\"Nevada milagrosa\",\"papa francisco\",\"Roma\"],\"articleSection\":[\"Featured News\",\"Le\u00f3n XIV\"],\"inLanguage\":\"es\",\"potentialAction\":[{\"@type\":\"CommentAction\",\"name\":\"Comment\",\"target\":[\"https:\\\/\\\/exaudi.org\\\/es\\\/santa-maria-la-mayor-dedica-nevada-milagrosa-corazon-generoso-papa\\\/#respond\"]}]},{\"@type\":\"WebPage\",\"@id\":\"https:\\\/\\\/exaudi.org\\\/es\\\/santa-maria-la-mayor-dedica-nevada-milagrosa-corazon-generoso-papa\\\/\",\"url\":\"https:\\\/\\\/exaudi.org\\\/es\\\/santa-maria-la-mayor-dedica-nevada-milagrosa-corazon-generoso-papa\\\/\",\"name\":\"Santa Mar\u00eda la Mayor dedica nevada milagrosa al \u201ccoraz\u00f3n generoso\u201d del Papa &#8211; Exaudi\",\"isPartOf\":{\"@id\":\"https:\\\/\\\/exaudi.org\\\/#website\"},\"primaryImageOfPage\":{\"@id\":\"https:\\\/\\\/exaudi.org\\\/es\\\/santa-maria-la-mayor-dedica-nevada-milagrosa-corazon-generoso-papa\\\/#primaryimage\"},\"image\":{\"@id\":\"https:\\\/\\\/exaudi.org\\\/es\\\/santa-maria-la-mayor-dedica-nevada-milagrosa-corazon-generoso-papa\\\/#primaryimage\"},\"thumbnailUrl\":\"https:\\\/\\\/exaudi.org\\\/wp-content\\\/uploads\\\/2021\\\/08\\\/Papa-Francisco-en-Santa-Maria-la-Mayor-Facebook.-Basilica-Papale-di-Santa-Maria-Maggiore.jpg\",\"datePublished\":\"2021-08-06T09:14:34+00:00\",\"dateModified\":\"2021-08-06T16:29:06+00:00\",\"author\":{\"@id\":\"https:\\\/\\\/exaudi.org\\\/#\\\/schema\\\/person\\\/7d2f77db033c2c0929edfab6dbe8c588\"},\"description\":\"Este a\u00f1o la bas\u00edlica de Santa Mar\u00eda la Mayor, dedic\u00f3 la conmemoraci\u00f3n de la nevada milagrosa al \u201ccoraz\u00f3n generoso del Papa Francisco\u201d\",\"breadcrumb\":{\"@id\":\"https:\\\/\\\/exaudi.org\\\/es\\\/santa-maria-la-mayor-dedica-nevada-milagrosa-corazon-generoso-papa\\\/#breadcrumb\"},\"inLanguage\":\"es\",\"potentialAction\":[{\"@type\":\"ReadAction\",\"target\":[\"https:\\\/\\\/exaudi.org\\\/es\\\/santa-maria-la-mayor-dedica-nevada-milagrosa-corazon-generoso-papa\\\/\"]}]},{\"@type\":\"ImageObject\",\"inLanguage\":\"es\",\"@id\":\"https:\\\/\\\/exaudi.org\\\/es\\\/santa-maria-la-mayor-dedica-nevada-milagrosa-corazon-generoso-papa\\\/#primaryimage\",\"url\":\"https:\\\/\\\/exaudi.org\\\/wp-content\\\/uploads\\\/2021\\\/08\\\/Papa-Francisco-en-Santa-Maria-la-Mayor-Facebook.-Basilica-Papale-di-Santa-Maria-Maggiore.jpg\",\"contentUrl\":\"https:\\\/\\\/exaudi.org\\\/wp-content\\\/uploads\\\/2021\\\/08\\\/Papa-Francisco-en-Santa-Maria-la-Mayor-Facebook.-Basilica-Papale-di-Santa-Maria-Maggiore.jpg\",\"width\":1500,\"height\":844,\"caption\":\"Papa Francisco en Santa Mar\u00eda la Mayor Facebook \u00a9 Basilica Papale di Santa Maria Maggiore\"},{\"@type\":\"BreadcrumbList\",\"@id\":\"https:\\\/\\\/exaudi.org\\\/es\\\/santa-maria-la-mayor-dedica-nevada-milagrosa-corazon-generoso-papa\\\/#breadcrumb\",\"itemListElement\":[{\"@type\":\"ListItem\",\"position\":1,\"name\":\"Portada\",\"item\":\"https:\\\/\\\/exaudi.org\\\/es\\\/\"},{\"@type\":\"ListItem\",\"position\":2,\"name\":\"Santa Mar\u00eda la Mayor dedica nevada milagrosa al \u201ccoraz\u00f3n generoso\u201d del Papa\"}]},{\"@type\":\"WebSite\",\"@id\":\"https:\\\/\\\/exaudi.org\\\/#website\",\"url\":\"https:\\\/\\\/exaudi.org\\\/\",\"name\":\"Exaudi\",\"description\":\"News\",\"potentialAction\":[{\"@type\":\"SearchAction\",\"target\":{\"@type\":\"EntryPoint\",\"urlTemplate\":\"https:\\\/\\\/exaudi.org\\\/?s={search_term_string}\"},\"query-input\":{\"@type\":\"PropertyValueSpecification\",\"valueRequired\":true,\"valueName\":\"search_term_string\"}}],\"inLanguage\":\"es\"},{\"@type\":\"Person\",\"@id\":\"https:\\\/\\\/exaudi.org\\\/#\\\/schema\\\/person\\\/7d2f77db033c2c0929edfab6dbe8c588\",\"name\":\"Larissa I. L\u00f3pez\",\"image\":{\"@type\":\"ImageObject\",\"inLanguage\":\"es\",\"@id\":\"https:\\\/\\\/secure.gravatar.com\\\/avatar\\\/db3ef399ff343d0bb9d25dc5198bc8ece5ac6d621eca79876697a354dabc1e3f?s=96&d=mm&r=g\",\"url\":\"https:\\\/\\\/secure.gravatar.com\\\/avatar\\\/db3ef399ff343d0bb9d25dc5198bc8ece5ac6d621eca79876697a354dabc1e3f?s=96&d=mm&r=g\",\"contentUrl\":\"https:\\\/\\\/secure.gravatar.com\\\/avatar\\\/db3ef399ff343d0bb9d25dc5198bc8ece5ac6d621eca79876697a354dabc1e3f?s=96&d=mm&r=g\",\"caption\":\"Larissa I. L\u00f3pez\"},\"description\":\"Doctora en Comunicaci\u00f3n. Mi trayectoria profesional ha transcurrido entre el \u00e1mbito de la comunicaci\u00f3n y el de la docencia. En los \u00faltimos a\u00f1os, he trabajado como coordinadora y redactora de la edici\u00f3n de ZENIT en espa\u00f1ol. Como profesora, he impartido clases en la universidad y en centros de FP y bachillerato. Cordobesa de nacimiento, tambi\u00e9n he vivido en Sevilla, Madrid y Roma\",\"url\":\"https:\\\/\\\/exaudi.org\\\/es\\\/author\\\/llopezexaudi-org\\\/\"}]}<\/script>\n<!-- \/ Yoast SEO plugin. -->","yoast_head_json":{"title":"Santa Mar\u00eda la Mayor dedica nevada milagrosa al \u201ccoraz\u00f3n generoso\u201d del Papa &#8211; Exaudi","description":"Este a\u00f1o la bas\u00edlica de Santa Mar\u00eda la Mayor, dedic\u00f3 la conmemoraci\u00f3n de la nevada milagrosa al \u201ccoraz\u00f3n generoso del Papa Francisco\u201d","robots":{"index":"index","follow":"follow","max-snippet":"max-snippet:-1","max-image-preview":"max-image-preview:large","max-video-preview":"max-video-preview:-1"},"canonical":"https:\/\/exaudi.org\/es\/santa-maria-la-mayor-dedica-nevada-milagrosa-corazon-generoso-papa\/","og_locale":"es_ES","og_type":"article","og_title":"Santa Mar\u00eda la Mayor dedica nevada milagrosa al \u201ccoraz\u00f3n generoso\u201d del Papa &#8211; Exaudi","og_description":"Este a\u00f1o la bas\u00edlica de Santa Mar\u00eda la Mayor, dedic\u00f3 la conmemoraci\u00f3n de la nevada milagrosa al \u201ccoraz\u00f3n generoso del Papa Francisco\u201d","og_url":"https:\/\/exaudi.org\/es\/santa-maria-la-mayor-dedica-nevada-milagrosa-corazon-generoso-papa\/","og_site_name":"Exaudi","article_publisher":"https:\/\/www.facebook.com\/ExaudiNews","article_published_time":"2021-08-06T09:14:34+00:00","article_modified_time":"2021-08-06T16:29:06+00:00","og_image":[{"width":1500,"height":844,"url":"https:\/\/exaudi.org\/wp-content\/uploads\/2021\/08\/Papa-Francisco-en-Santa-Maria-la-Mayor-Facebook.-Basilica-Papale-di-Santa-Maria-Maggiore.jpg","type":"image\/jpeg"}],"author":"Larissa I. L\u00f3pez","twitter_card":"summary_large_image","twitter_creator":"@Exaudi_News","twitter_site":"@Exaudi_News","twitter_misc":{"Escrito por":"Larissa I. L\u00f3pez","Tiempo de lectura":"2 minutos"},"schema":{"@context":"https:\/\/schema.org","@graph":[{"@type":"Article","@id":"https:\/\/exaudi.org\/es\/santa-maria-la-mayor-dedica-nevada-milagrosa-corazon-generoso-papa\/#article","isPartOf":{"@id":"https:\/\/exaudi.org\/es\/santa-maria-la-mayor-dedica-nevada-milagrosa-corazon-generoso-papa\/"},"author":{"name":"Larissa I. L\u00f3pez","@id":"https:\/\/exaudi.org\/#\/schema\/person\/7d2f77db033c2c0929edfab6dbe8c588"},"headline":"Santa Mar\u00eda la Mayor dedica nevada milagrosa al \u201ccoraz\u00f3n generoso\u201d del Papa","datePublished":"2021-08-06T09:14:34+00:00","dateModified":"2021-08-06T16:29:06+00:00","mainEntityOfPage":{"@id":"https:\/\/exaudi.org\/es\/santa-maria-la-mayor-dedica-nevada-milagrosa-corazon-generoso-papa\/"},"wordCount":491,"commentCount":0,"image":{"@id":"https:\/\/exaudi.org\/es\/santa-maria-la-mayor-dedica-nevada-milagrosa-corazon-generoso-papa\/#primaryimage"},"thumbnailUrl":"https:\/\/exaudi.org\/wp-content\/uploads\/2021\/08\/Papa-Francisco-en-Santa-Maria-la-Mayor-Facebook.-Basilica-Papale-di-Santa-Maria-Maggiore.jpg","keywords":["5 de agosto","Bas\u00edlica Santa Mar\u00eda la Mayor","Featured","Nevada milagrosa","papa francisco","Roma"],"articleSection":["Featured News","Le\u00f3n XIV"],"inLanguage":"es","potentialAction":[{"@type":"CommentAction","name":"Comment","target":["https:\/\/exaudi.org\/es\/santa-maria-la-mayor-dedica-nevada-milagrosa-corazon-generoso-papa\/#respond"]}]},{"@type":"WebPage","@id":"https:\/\/exaudi.org\/es\/santa-maria-la-mayor-dedica-nevada-milagrosa-corazon-generoso-papa\/","url":"https:\/\/exaudi.org\/es\/santa-maria-la-mayor-dedica-nevada-milagrosa-corazon-generoso-papa\/","name":"Santa Mar\u00eda la Mayor dedica nevada milagrosa al \u201ccoraz\u00f3n generoso\u201d del Papa &#8211; Exaudi","isPartOf":{"@id":"https:\/\/exaudi.org\/#website"},"primaryImageOfPage":{"@id":"https:\/\/exaudi.org\/es\/santa-maria-la-mayor-dedica-nevada-milagrosa-corazon-generoso-papa\/#primaryimage"},"image":{"@id":"https:\/\/exaudi.org\/es\/santa-maria-la-mayor-dedica-nevada-milagrosa-corazon-generoso-papa\/#primaryimage"},"thumbnailUrl":"https:\/\/exaudi.org\/wp-content\/uploads\/2021\/08\/Papa-Francisco-en-Santa-Maria-la-Mayor-Facebook.-Basilica-Papale-di-Santa-Maria-Maggiore.jpg","datePublished":"2021-08-06T09:14:34+00:00","dateModified":"2021-08-06T16:29:06+00:00","author":{"@id":"https:\/\/exaudi.org\/#\/schema\/person\/7d2f77db033c2c0929edfab6dbe8c588"},"description":"Este a\u00f1o la bas\u00edlica de Santa Mar\u00eda la Mayor, dedic\u00f3 la conmemoraci\u00f3n de la nevada milagrosa al \u201ccoraz\u00f3n generoso del Papa Francisco\u201d","breadcrumb":{"@id":"https:\/\/exaudi.org\/es\/santa-maria-la-mayor-dedica-nevada-milagrosa-corazon-generoso-papa\/#breadcrumb"},"inLanguage":"es","potentialAction":[{"@type":"ReadAction","target":["https:\/\/exaudi.org\/es\/santa-maria-la-mayor-dedica-nevada-milagrosa-corazon-generoso-papa\/"]}]},{"@type":"ImageObject","inLanguage":"es","@id":"https:\/\/exaudi.org\/es\/santa-maria-la-mayor-dedica-nevada-milagrosa-corazon-generoso-papa\/#primaryimage","url":"https:\/\/exaudi.org\/wp-content\/uploads\/2021\/08\/Papa-Francisco-en-Santa-Maria-la-Mayor-Facebook.-Basilica-Papale-di-Santa-Maria-Maggiore.jpg","contentUrl":"https:\/\/exaudi.org\/wp-content\/uploads\/2021\/08\/Papa-Francisco-en-Santa-Maria-la-Mayor-Facebook.-Basilica-Papale-di-Santa-Maria-Maggiore.jpg","width":1500,"height":844,"caption":"Papa Francisco en Santa Mar\u00eda la Mayor Facebook \u00a9 Basilica Papale di Santa Maria Maggiore"},{"@type":"BreadcrumbList","@id":"https:\/\/exaudi.org\/es\/santa-maria-la-mayor-dedica-nevada-milagrosa-corazon-generoso-papa\/#breadcrumb","itemListElement":[{"@type":"ListItem","position":1,"name":"Portada","item":"https:\/\/exaudi.org\/es\/"},{"@type":"ListItem","position":2,"name":"Santa Mar\u00eda la Mayor dedica nevada milagrosa al \u201ccoraz\u00f3n generoso\u201d del Papa"}]},{"@type":"WebSite","@id":"https:\/\/exaudi.org\/#website","url":"https:\/\/exaudi.org\/","name":"Exaudi","description":"News","potentialAction":[{"@type":"SearchAction","target":{"@type":"EntryPoint","urlTemplate":"https:\/\/exaudi.org\/?s={search_term_string}"},"query-input":{"@type":"PropertyValueSpecification","valueRequired":true,"valueName":"search_term_string"}}],"inLanguage":"es"},{"@type":"Person","@id":"https:\/\/exaudi.org\/#\/schema\/person\/7d2f77db033c2c0929edfab6dbe8c588","name":"Larissa I. L\u00f3pez","image":{"@type":"ImageObject","inLanguage":"es","@id":"https:\/\/secure.gravatar.com\/avatar\/db3ef399ff343d0bb9d25dc5198bc8ece5ac6d621eca79876697a354dabc1e3f?s=96&d=mm&r=g","url":"https:\/\/secure.gravatar.com\/avatar\/db3ef399ff343d0bb9d25dc5198bc8ece5ac6d621eca79876697a354dabc1e3f?s=96&d=mm&r=g","contentUrl":"https:\/\/secure.gravatar.com\/avatar\/db3ef399ff343d0bb9d25dc5198bc8ece5ac6d621eca79876697a354dabc1e3f?s=96&d=mm&r=g","caption":"Larissa I. L\u00f3pez"},"description":"Doctora en Comunicaci\u00f3n. Mi trayectoria profesional ha transcurrido entre el \u00e1mbito de la comunicaci\u00f3n y el de la docencia. En los \u00faltimos a\u00f1os, he trabajado como coordinadora y redactora de la edici\u00f3n de ZENIT en espa\u00f1ol. Como profesora, he impartido clases en la universidad y en centros de FP y bachillerato. Cordobesa de nacimiento, tambi\u00e9n he vivido en Sevilla, Madrid y Roma","url":"https:\/\/exaudi.org\/es\/author\/llopezexaudi-org\/"}]}},"jetpack_featured_media_url":"https:\/\/exaudi.org\/wp-content\/uploads\/2021\/08\/Papa-Francisco-en-Santa-Maria-la-Mayor-Facebook.-Basilica-Papale-di-Santa-Maria-Maggiore.jpg","jetpack_shortlink":"https:\/\/wp.me\/pgKjF2-7Je","_links":{"self":[{"href":"https:\/\/exaudi.org\/es\/wp-json\/wp\/v2\/posts\/29712","targetHints":{"allow":["GET"]}}],"collection":[{"href":"https:\/\/exaudi.org\/es\/wp-json\/wp\/v2\/posts"}],"about":[{"href":"https:\/\/exaudi.org\/es\/wp-json\/wp\/v2\/types\/post"}],"author":[{"embeddable":true,"href":"https:\/\/exaudi.org\/es\/wp-json\/wp\/v2\/users\/5"}],"replies":[{"embeddable":true,"href":"https:\/\/exaudi.org\/es\/wp-json\/wp\/v2\/comments?post=29712"}],"version-history":[{"count":0,"href":"https:\/\/exaudi.org\/es\/wp-json\/wp\/v2\/posts\/29712\/revisions"}],"wp:featuredmedia":[{"embeddable":true,"href":"https:\/\/exaudi.org\/es\/wp-json\/wp\/v2\/media\/29713"}],"wp:attachment":[{"href":"https:\/\/exaudi.org\/es\/wp-json\/wp\/v2\/media?parent=29712"}],"wp:term":[{"taxonomy":"category","embeddable":true,"href":"https:\/\/exaudi.org\/es\/wp-json\/wp\/v2\/categories?post=29712"},{"taxonomy":"post_tag","embeddable":true,"href":"https:\/\/exaudi.org\/es\/wp-json\/wp\/v2\/tags?post=29712"}],"curies":[{"name":"wp","href":"https:\/\/api.w.org\/{rel}","templated":true}]}}