{"id":2971,"date":"2021-03-02T14:47:23","date_gmt":"2021-03-02T14:47:23","guid":{"rendered":"https:\/\/exaudi.org\/?p=2971"},"modified":"2021-03-03T10:22:23","modified_gmt":"2021-03-03T10:22:23","slug":"viaje-a-irak-actualizacion-del-programa","status":"publish","type":"post","link":"https:\/\/exaudi.org\/es\/viaje-a-irak-actualizacion-del-programa\/","title":{"rendered":"Viaje del Papa a Irak: Actualizaci\u00f3n del programa"},"content":{"rendered":"<p>El Papa Francisco visitar\u00e1 Irak del 5 al 8 de marzo de 2021, en el que ser\u00e1 su <a href=\"http:\/\/w2.vatican.va\/content\/francesco\/es\/travels\/2019\/outside.index.html\">33\u00ba viaje apost\u00f3lico<\/a> fuera de Roma, siendo el <a href=\"https:\/\/exaudi.org\/es\/programa-logo-viaje-papa-irak\/\" target=\"_blank\" rel=\"noopener\">primer Papa de la historia que visite Irak<\/a>, un hecho hist\u00f3rico.<\/p>\n<p>El pasado 4 de febrero, la Oficina de Prensa de la Santa Sede public\u00f3 el programa del viaje, y hoy martes 2 de marzo ha publicado una actualizaci\u00f3n con horarios, que incluir\u00e1 un encuentro interreligioso, cuatro discursos y dos celebraciones eucar\u00edsticas, y el viaje del Santo Padre a las ciudades de Bagdad, Najaf, Nassiriya, Erbil, Mossoul y Qaraqosh.<\/p>\n<p>A continuaci\u00f3n se expone el programa completo del Pont\u00edfice, en hora local, con los horarios de Roma entre par\u00e9ntesis.<\/p>\n<p style=\"text-align: center\">***<\/p>\n<table style=\"height: 3592px\" width=\"1334\">\n<tbody>\n<tr>\n<td><\/td>\n<td>\n<h4 style=\"text-align: center\"><strong>Viernes 5 de marzo de 2021<br \/>\n<\/strong><strong>Roma &#8211; Bagdad<\/strong><\/h4>\n<\/td>\n<td><\/td>\n<\/tr>\n<tr>\n<td><span style=\"font-weight: 400\">7:30 horas<\/span><\/td>\n<td><span style=\"font-weight: 400\">Salida en avi\u00f3n desde el aeropuerto internacional de Roma \/ Fiumicino hacia\u00a0<\/span><span style=\"font-weight: 400\">Bagdad\u00a0<\/span><\/td>\n<td><\/td>\n<\/tr>\n<tr>\n<td><span style=\"font-weight: 400\">14 (12 h. en Roma)<\/span><\/td>\n<td><span style=\"font-weight: 400\">Llegada al Aeropuerto Internacional de Bagdad<\/span><\/td>\n<td><\/td>\n<\/tr>\n<tr>\n<td><span style=\"font-weight: 400\">14 (12 h. en Roma)<\/span><\/td>\n<td><span style=\"font-weight: 400\">Bienvenida oficial en el aeropuerto<\/span><\/td>\n<td><\/td>\n<\/tr>\n<tr>\n<td><span style=\"font-weight: 400\">14:10 (12:10 h. en Roma)<\/span><\/td>\n<td><span style=\"font-weight: 400\"><strong>Reuni\u00f3n con el primer ministro <\/strong>en la Sala VIP del aeropuerto<\/span><\/td>\n<td><\/td>\n<\/tr>\n<tr>\n<td><span style=\"font-weight: 400\">15 (13 h. en Roma)<\/span><\/td>\n<td><span style=\"font-weight: 400\"><strong>Ceremonia oficial de acogida <\/strong>en el Palacio Presidencial en Bagdad\u00a0<\/span><\/td>\n<td><\/td>\n<\/tr>\n<tr>\n<td><span style=\"font-weight: 400\">15:15 (13:15 h. en Roma)<\/span><\/td>\n<td><span style=\"font-weight: 400\"><strong>Visita de cortes\u00eda al presidente de la Rep\u00fablica <\/strong>en el despacho privado del Palacio<\/span><\/td>\n<td><\/td>\n<\/tr>\n<tr>\n<td><span style=\"font-weight: 400\">15:45 (13:45 h. en Roma)<\/span><\/td>\n<td><span style=\"font-weight: 400\"><strong>Reuni\u00f3n con autoridades, Sociedad Civil y Cuerpo Diplom\u00e1tico <\/strong>en el sal\u00f3n del Palacio<\/span><\/td>\n<td><strong>Discurso de Francisco<\/strong><\/td>\n<\/tr>\n<tr>\n<td><span style=\"font-weight: 400\">16:40 (14:40 h. en Roma)<\/span><\/td>\n<td><span style=\"font-weight: 400\"><strong>Encuentro con obispos, sacerdotes, religiosos, consagrados, seminarios y catequistas <\/strong>en la Catedral Siro-Cat\u00f3lica de Nuestra Se\u00f1ora de la Salvaci\u00f3n en Bagdad<\/span><\/td>\n<td><strong>Discurso de Francisco<\/strong><\/td>\n<\/tr>\n<tr>\n<td><\/td>\n<td><\/td>\n<td><\/td>\n<\/tr>\n<tr>\n<td><\/td>\n<td>\n<h4 style=\"text-align: center\"><strong>S\u00e1bado 6 de marzo de 2021<br \/>\n<\/strong><strong>Bagdad &#8211; Najaf &#8211; Ur &#8211; Bagdad\u00a0<\/strong><\/h4>\n<\/td>\n<td><\/td>\n<\/tr>\n<tr>\n<td><span style=\"font-weight: 400\">7:45 (5:45 h. en Roma)<\/span><\/td>\n<td><span style=\"font-weight: 400\">Salida en avi\u00f3n hacia Nayaf<\/span><\/td>\n<td><\/td>\n<\/tr>\n<tr>\n<td><span style=\"font-weight: 400\">8:30 (6:30 h. en Roma)<\/span><\/td>\n<td><span style=\"font-weight: 400\">Llegada al aeropuerto de Nayaf<\/span><\/td>\n<td><\/td>\n<\/tr>\n<tr>\n<td><span style=\"font-weight: 400\">9 (7 h. en Roma)<\/span><\/td>\n<td><strong>Visita de cortes\u00eda al Gran Ayatol\u00e1 Sayyid Ali Al-Husayni Al-Sistani <\/strong><span style=\"font-weight: 400\">en Nayaf<\/span><\/td>\n<td><\/td>\n<\/tr>\n<tr>\n<td><span style=\"font-weight: 400\">10 (8 h. en Roma)<\/span><\/td>\n<td><span style=\"font-weight: 400\">Salida en avi\u00f3n hacia Nassiriya<\/span><\/td>\n<td><\/td>\n<\/tr>\n<tr>\n<td><span style=\"font-weight: 400\">10:50 (8:50 h. en Roma)<\/span><\/td>\n<td><span style=\"font-weight: 400\">Llegada al aeropuerto de Nassiriya<\/span><\/td>\n<td><\/td>\n<\/tr>\n<tr>\n<td><span style=\"font-weight: 400\">11:10 (9:10 h. en Roma)<\/span><\/td>\n<td><span style=\"font-weight: 400\"><strong>Reuni\u00f3n interreligiosa <\/strong>en la Llanura de Ur<\/span><\/td>\n<td><strong>Discurso de Francisco<\/strong><\/td>\n<\/tr>\n<tr>\n<td><span style=\"font-weight: 400\">12:30 (10:30 h. en Roma)<\/span><\/td>\n<td><span style=\"font-weight: 400\">Salida en avi\u00f3n hacia Bagdad<\/span><\/td>\n<td><\/td>\n<\/tr>\n<tr>\n<td><span style=\"font-weight: 400\">13:20 (11:20 h. en Roma)<\/span><\/td>\n<td><span style=\"font-weight: 400\">Llegada al aeropuerto internacional de Bagdad<\/span><\/td>\n<td><\/td>\n<\/tr>\n<tr>\n<td><span style=\"font-weight: 400\">18 (16 h. en Roma)<\/span><\/td>\n<td><span style=\"font-weight: 400\"><strong>Santa Misa <\/strong>en la catedral caldea de San Jos\u00e9 en <\/span><span style=\"font-weight: 400\">Bagdad<\/span><\/td>\n<td><strong>Homil\u00eda de Francisco<\/strong><\/td>\n<\/tr>\n<tr>\n<td><\/td>\n<td><\/td>\n<td><\/td>\n<\/tr>\n<tr>\n<td><\/td>\n<td>\n<h4 style=\"text-align: center\"><strong>Domingo 7 de marzo de 2021<br \/>\n<\/strong><strong>Bagdad &#8211; Erbil &#8211; Mosul &#8211; Qaraqosh &#8211; Erbil &#8211; Bagdad<\/strong><\/h4>\n<\/td>\n<td><\/td>\n<\/tr>\n<tr>\n<td><span style=\"font-weight: 400\">7:15 (5:15 h. en Roma)<\/span><\/td>\n<td><span style=\"font-weight: 400\">Salida en avi\u00f3n hacia Erbil\u00a0<\/span><\/td>\n<td><\/td>\n<\/tr>\n<tr>\n<td><span style=\"font-weight: 400\">8:20 (6:20 h. en Roma)<\/span><\/td>\n<td><span style=\"font-weight: 400\">Llegada al aeropuerto de Erbil<\/span><\/td>\n<td><\/td>\n<\/tr>\n<tr>\n<td><span style=\"font-weight: 400\">8:20 (6:20 h. en Roma)<\/span><\/td>\n<td><strong>Bienvenida del presidente de la Regi\u00f3n Aut\u00f3noma del Kurdist\u00e1n Iraqu\u00ed y las autoridades religiosas y civiles de la regi\u00f3n <\/strong><span style=\"font-weight: 400\">en el aeropuerto de Erbil<\/span><\/td>\n<td><\/td>\n<\/tr>\n<tr>\n<td><span style=\"font-weight: 400\">8:30 (6:30 h. en Roma)<\/span><\/td>\n<td><span style=\"font-weight: 400\"><strong>Encuentro con el presidente y el primer ministro de la Regi\u00f3n Aut\u00f3noma <\/strong>en la Sala Presidencial VIP <\/span><span style=\"font-weight: 400\">Presidencial del aeropuerto de Erbil<\/span><\/td>\n<td><\/td>\n<\/tr>\n<tr>\n<td><span style=\"font-weight: 400\">9 (7 h. en Roma)<\/span><\/td>\n<td><span style=\"font-weight: 400\">Salida en helic\u00f3ptero hacia Mosul<\/span><\/td>\n<td><\/td>\n<\/tr>\n<tr>\n<td><span style=\"font-weight: 400\">9:35 (7:35 h. en Roma)<\/span><\/td>\n<td><span style=\"font-weight: 400\">Llegada a la zona de desembarco en Mosul\u00a0<\/span><\/td>\n<td><\/td>\n<\/tr>\n<tr>\n<td><span style=\"font-weight: 400\">10 (8 h. en Roma)<\/span><\/td>\n<td><strong>Oraci\u00f3n de sufragio por las v\u00edctimas de la guerra <\/strong><span style=\"font-weight: 400\">en Hosh al-Bieaa (plaza de la Iglesia) en Mosul<\/span><\/td>\n<td><strong>Oraci\u00f3n de Francisco<\/strong><\/td>\n<\/tr>\n<tr>\n<td><span style=\"font-weight: 400\">10:55 (8:55 h. en Roma)<\/span><\/td>\n<td><span style=\"font-weight: 400\">Salida en helic\u00f3ptero hacia Qaraqosh<\/span><\/td>\n<td><\/td>\n<\/tr>\n<tr>\n<td><span style=\"font-weight: 400\">11:10 (9:10 h. en Roma)<\/span><\/td>\n<td><span style=\"font-weight: 400\">Llegada a la zona de aterrizaje en Qaraqosh<\/span><\/td>\n<td><\/td>\n<\/tr>\n<tr>\n<td><span style=\"font-weight: 400\">11:30 (9:30 h. en Roma)<\/span><\/td>\n<td><span style=\"font-weight: 400\"><strong>Visita a la comunidad de Qaraqosh <\/strong>en la Iglesia de la Inmaculada Concepci\u00f3n de Qaraqosh\u00a0<\/span><\/td>\n<td><strong>Discurso de Francisco<\/strong><\/td>\n<\/tr>\n<tr>\n<td><span style=\"font-weight: 400\">12:15 (10:15 h. en Roma)<\/span><\/td>\n<td><span style=\"font-weight: 400\">Traslado a Erbil<\/span><\/td>\n<td><\/td>\n<\/tr>\n<tr>\n<td><span style=\"font-weight: 400\">16 (14 h. en Roma)<\/span><\/td>\n<td><span style=\"font-weight: 400\"><strong>Santa Misa <\/strong>en el estadio Franso Hariri de Erbil<\/span><\/td>\n<td><strong>Homil\u00eda de Francisco<\/strong><\/td>\n<\/tr>\n<tr>\n<td><span style=\"font-weight: 400\">18:10 (16:10 h. en Roma)<\/span><\/td>\n<td><span style=\"font-weight: 400\">Salida en avi\u00f3n hacia Bagdad\u00a0<\/span><\/td>\n<td><\/td>\n<\/tr>\n<tr>\n<td><span style=\"font-weight: 400\">19:15 (17:15 h. en Roma)<\/span><\/td>\n<td><span style=\"font-weight: 400\">Llegada al aeropuerto internacional de Bagdad<\/span><\/td>\n<td><\/td>\n<\/tr>\n<tr>\n<td><\/td>\n<td><\/td>\n<td><\/td>\n<\/tr>\n<tr>\n<td><\/td>\n<td>\n<h4 style=\"text-align: center\"><strong>Lunes 8 de marzo de 2021<br \/>\n<\/strong><strong>Bagdad &#8211; Roma<\/strong><\/h4>\n<\/td>\n<td><\/td>\n<\/tr>\n<tr>\n<td><span style=\"font-weight: 400\">9:20 (7:20 h. en Roma)<\/span><\/td>\n<td><span style=\"font-weight: 400\"><strong>Ceremonia de despedida <\/strong>en el aeropuerto internacional de Bagdad<\/span><\/td>\n<td><\/td>\n<\/tr>\n<tr>\n<td><span style=\"font-weight: 400\">9:40 (7:40 h. en Roma)<\/span><\/td>\n<td><span style=\"font-weight: 400\">Salida en avi\u00f3n hacia Roma<\/span><\/td>\n<td><\/td>\n<\/tr>\n<tr>\n<td><span style=\"font-weight: 400\">12:55 h<\/span><\/td>\n<td><span style=\"font-weight: 400\">Llegada al aeropuerto internacional de Roma\/Ciampino<\/span><\/td>\n<td><\/td>\n<\/tr>\n<\/tbody>\n<\/table>\n<p>&nbsp;<\/p>\n","protected":false},"excerpt":{"rendered":"<p>Del 5 al 8 de marzo<\/p>\n","protected":false},"author":6,"featured_media":2983,"comment_status":"closed","ping_status":"closed","sticky":false,"template":"","format":"standard","meta":{"_acf_changed":false,"_crdt_document":"","inline_featured_image":false,"footnotes":""},"categories":[68,298,126],"tags":[552,158,551,327],"class_list":["post-2971","post","type-post","status-publish","format-standard","has-post-thumbnail","hentry","category-leon-xiv","category-ultimas-noticias","category-viajes-papales","tag-horarios","tag-papa-francisco","tag-programa","tag-viaje-a-irak-2021"],"acf":[],"yoast_head":"<!-- This site is optimized with the Yoast SEO plugin v27.5 - https:\/\/yoast.com\/product\/yoast-seo-wordpress\/ -->\n<title>Viaje del Papa a Irak: Actualizaci\u00f3n del programa - Exaudi Espa\u00f1a<\/title>\n<meta name=\"description\" content=\"La Oficina de Prensa de la Santa Sede ha publicado hoy el programa con horarios del Viaje a Irak del Papa Francisco, del 5 al 8 de marzo.\" \/>\n<meta name=\"robots\" content=\"index, follow, max-snippet:-1, max-image-preview:large, max-video-preview:-1\" \/>\n<link rel=\"canonical\" href=\"https:\/\/exaudi.org\/es\/viaje-a-irak-actualizacion-del-programa\/\" \/>\n<meta property=\"og:locale\" content=\"es_ES\" \/>\n<meta property=\"og:type\" content=\"article\" \/>\n<meta property=\"og:title\" content=\"Viaje del Papa a Irak: Actualizaci\u00f3n del programa - Exaudi Espa\u00f1a\" \/>\n<meta property=\"og:description\" content=\"La Oficina de Prensa de la Santa Sede ha publicado hoy el programa con horarios del Viaje a Irak del Papa Francisco, del 5 al 8 de marzo.\" \/>\n<meta property=\"og:url\" content=\"https:\/\/exaudi.org\/es\/viaje-a-irak-actualizacion-del-programa\/\" \/>\n<meta property=\"og:site_name\" content=\"Exaudi\" \/>\n<meta property=\"article:publisher\" content=\"https:\/\/www.facebook.com\/ExaudiNews\" \/>\n<meta property=\"article:published_time\" content=\"2021-03-02T14:47:23+00:00\" \/>\n<meta property=\"article:modified_time\" content=\"2021-03-03T10:22:23+00:00\" \/>\n<meta property=\"og:image\" content=\"https:\/\/exaudi.org\/wp-content\/uploads\/2021\/03\/Viaje-Irak-programa.png\" \/>\n\t<meta property=\"og:image:width\" content=\"2000\" \/>\n\t<meta property=\"og:image:height\" content=\"1200\" \/>\n\t<meta property=\"og:image:type\" content=\"image\/png\" \/>\n<meta name=\"author\" content=\"Gabriel Sales\" \/>\n<meta name=\"twitter:card\" content=\"summary_large_image\" \/>\n<meta name=\"twitter:creator\" content=\"@habemusman\" \/>\n<meta name=\"twitter:site\" content=\"@Exaudi_News\" \/>\n<meta name=\"twitter:label1\" content=\"Escrito por\" \/>\n\t<meta name=\"twitter:data1\" content=\"Gabriel Sales\" \/>\n\t<meta name=\"twitter:label2\" content=\"Tiempo de lectura\" \/>\n\t<meta name=\"twitter:data2\" content=\"3 minutos\" \/>\n<script type=\"application\/ld+json\" class=\"yoast-schema-graph\">{\"@context\":\"https:\\\/\\\/schema.org\",\"@graph\":[{\"@type\":\"Article\",\"@id\":\"https:\\\/\\\/exaudi.org\\\/es\\\/viaje-a-irak-actualizacion-del-programa\\\/#article\",\"isPartOf\":{\"@id\":\"https:\\\/\\\/exaudi.org\\\/es\\\/viaje-a-irak-actualizacion-del-programa\\\/\"},\"author\":{\"name\":\"Gabriel Sales\",\"@id\":\"https:\\\/\\\/exaudi.org\\\/#\\\/schema\\\/person\\\/d134b96438278131ce90c90c03fda6cd\"},\"headline\":\"Viaje del Papa a Irak: Actualizaci\u00f3n del programa\",\"datePublished\":\"2021-03-02T14:47:23+00:00\",\"dateModified\":\"2021-03-03T10:22:23+00:00\",\"mainEntityOfPage\":{\"@id\":\"https:\\\/\\\/exaudi.org\\\/es\\\/viaje-a-irak-actualizacion-del-programa\\\/\"},\"wordCount\":629,\"image\":{\"@id\":\"https:\\\/\\\/exaudi.org\\\/es\\\/viaje-a-irak-actualizacion-del-programa\\\/#primaryimage\"},\"thumbnailUrl\":\"https:\\\/\\\/exaudi.org\\\/wp-content\\\/uploads\\\/2021\\\/03\\\/Viaje-Irak-programa.png\",\"keywords\":[\"Horarios\",\"papa francisco\",\"Programa\",\"Viaje a Irak 2021\"],\"articleSection\":[\"Le\u00f3n XIV\",\"\u00daltimas noticias\",\"Viajes Papales\"],\"inLanguage\":\"es\"},{\"@type\":\"WebPage\",\"@id\":\"https:\\\/\\\/exaudi.org\\\/es\\\/viaje-a-irak-actualizacion-del-programa\\\/\",\"url\":\"https:\\\/\\\/exaudi.org\\\/es\\\/viaje-a-irak-actualizacion-del-programa\\\/\",\"name\":\"Viaje del Papa a Irak: Actualizaci\u00f3n del programa - Exaudi Espa\u00f1a\",\"isPartOf\":{\"@id\":\"https:\\\/\\\/exaudi.org\\\/#website\"},\"primaryImageOfPage\":{\"@id\":\"https:\\\/\\\/exaudi.org\\\/es\\\/viaje-a-irak-actualizacion-del-programa\\\/#primaryimage\"},\"image\":{\"@id\":\"https:\\\/\\\/exaudi.org\\\/es\\\/viaje-a-irak-actualizacion-del-programa\\\/#primaryimage\"},\"thumbnailUrl\":\"https:\\\/\\\/exaudi.org\\\/wp-content\\\/uploads\\\/2021\\\/03\\\/Viaje-Irak-programa.png\",\"datePublished\":\"2021-03-02T14:47:23+00:00\",\"dateModified\":\"2021-03-03T10:22:23+00:00\",\"author\":{\"@id\":\"https:\\\/\\\/exaudi.org\\\/#\\\/schema\\\/person\\\/d134b96438278131ce90c90c03fda6cd\"},\"description\":\"La Oficina de Prensa de la Santa Sede ha publicado hoy el programa con horarios del Viaje a Irak del Papa Francisco, del 5 al 8 de marzo.\",\"breadcrumb\":{\"@id\":\"https:\\\/\\\/exaudi.org\\\/es\\\/viaje-a-irak-actualizacion-del-programa\\\/#breadcrumb\"},\"inLanguage\":\"es\",\"potentialAction\":[{\"@type\":\"ReadAction\",\"target\":[\"https:\\\/\\\/exaudi.org\\\/es\\\/viaje-a-irak-actualizacion-del-programa\\\/\"]}]},{\"@type\":\"ImageObject\",\"inLanguage\":\"es\",\"@id\":\"https:\\\/\\\/exaudi.org\\\/es\\\/viaje-a-irak-actualizacion-del-programa\\\/#primaryimage\",\"url\":\"https:\\\/\\\/exaudi.org\\\/wp-content\\\/uploads\\\/2021\\\/03\\\/Viaje-Irak-programa.png\",\"contentUrl\":\"https:\\\/\\\/exaudi.org\\\/wp-content\\\/uploads\\\/2021\\\/03\\\/Viaje-Irak-programa.png\",\"width\":2000,\"height\":1200,\"caption\":\"Logo del Viaje a Irak del Papa Francisco \u00a9 Vatican Media\"},{\"@type\":\"BreadcrumbList\",\"@id\":\"https:\\\/\\\/exaudi.org\\\/es\\\/viaje-a-irak-actualizacion-del-programa\\\/#breadcrumb\",\"itemListElement\":[{\"@type\":\"ListItem\",\"position\":1,\"name\":\"Portada\",\"item\":\"https:\\\/\\\/exaudi.org\\\/es\\\/\"},{\"@type\":\"ListItem\",\"position\":2,\"name\":\"Viaje del Papa a Irak: Actualizaci\u00f3n del programa\"}]},{\"@type\":\"WebSite\",\"@id\":\"https:\\\/\\\/exaudi.org\\\/#website\",\"url\":\"https:\\\/\\\/exaudi.org\\\/\",\"name\":\"Exaudi\",\"description\":\"News\",\"potentialAction\":[{\"@type\":\"SearchAction\",\"target\":{\"@type\":\"EntryPoint\",\"urlTemplate\":\"https:\\\/\\\/exaudi.org\\\/?s={search_term_string}\"},\"query-input\":{\"@type\":\"PropertyValueSpecification\",\"valueRequired\":true,\"valueName\":\"search_term_string\"}}],\"inLanguage\":\"es\"},{\"@type\":\"Person\",\"@id\":\"https:\\\/\\\/exaudi.org\\\/#\\\/schema\\\/person\\\/d134b96438278131ce90c90c03fda6cd\",\"name\":\"Gabriel Sales\",\"image\":{\"@type\":\"ImageObject\",\"inLanguage\":\"es\",\"@id\":\"https:\\\/\\\/secure.gravatar.com\\\/avatar\\\/9b1269566f6a063ed26ffb3532b66a373cdde231ce5d0effb266167437fdaffd?s=96&d=mm&r=g\",\"url\":\"https:\\\/\\\/secure.gravatar.com\\\/avatar\\\/9b1269566f6a063ed26ffb3532b66a373cdde231ce5d0effb266167437fdaffd?s=96&d=mm&r=g\",\"contentUrl\":\"https:\\\/\\\/secure.gravatar.com\\\/avatar\\\/9b1269566f6a063ed26ffb3532b66a373cdde231ce5d0effb266167437fdaffd?s=96&d=mm&r=g\",\"caption\":\"Gabriel Sales\"},\"description\":\"Periodista y especialista en Comunicaci\u00f3n y Branding digital. Cin\u00e9filo y cr\u00edtico de cine y series de televisi\u00f3n.\",\"sameAs\":[\"https:\\\/\\\/www.instagram.com\\\/cine90segundos\\\/\",\"www.linkedin.com\\\/in\\\/habemusman\",\"https:\\\/\\\/x.com\\\/habemusman\",\"https:\\\/\\\/www.youtube.com\\\/channel\\\/UCVfCiOMkJ_C7T7OpyjuaLDg\"],\"url\":\"https:\\\/\\\/exaudi.org\\\/es\\\/author\\\/gsalesexaudi-org\\\/\"}]}<\/script>\n<!-- \/ Yoast SEO plugin. -->","yoast_head_json":{"title":"Viaje del Papa a Irak: Actualizaci\u00f3n del programa - Exaudi Espa\u00f1a","description":"La Oficina de Prensa de la Santa Sede ha publicado hoy el programa con horarios del Viaje a Irak del Papa Francisco, del 5 al 8 de marzo.","robots":{"index":"index","follow":"follow","max-snippet":"max-snippet:-1","max-image-preview":"max-image-preview:large","max-video-preview":"max-video-preview:-1"},"canonical":"https:\/\/exaudi.org\/es\/viaje-a-irak-actualizacion-del-programa\/","og_locale":"es_ES","og_type":"article","og_title":"Viaje del Papa a Irak: Actualizaci\u00f3n del programa - Exaudi Espa\u00f1a","og_description":"La Oficina de Prensa de la Santa Sede ha publicado hoy el programa con horarios del Viaje a Irak del Papa Francisco, del 5 al 8 de marzo.","og_url":"https:\/\/exaudi.org\/es\/viaje-a-irak-actualizacion-del-programa\/","og_site_name":"Exaudi","article_publisher":"https:\/\/www.facebook.com\/ExaudiNews","article_published_time":"2021-03-02T14:47:23+00:00","article_modified_time":"2021-03-03T10:22:23+00:00","og_image":[{"width":2000,"height":1200,"url":"https:\/\/exaudi.org\/wp-content\/uploads\/2021\/03\/Viaje-Irak-programa.png","type":"image\/png"}],"author":"Gabriel Sales","twitter_card":"summary_large_image","twitter_creator":"@habemusman","twitter_site":"@Exaudi_News","twitter_misc":{"Escrito por":"Gabriel Sales","Tiempo de lectura":"3 minutos"},"schema":{"@context":"https:\/\/schema.org","@graph":[{"@type":"Article","@id":"https:\/\/exaudi.org\/es\/viaje-a-irak-actualizacion-del-programa\/#article","isPartOf":{"@id":"https:\/\/exaudi.org\/es\/viaje-a-irak-actualizacion-del-programa\/"},"author":{"name":"Gabriel Sales","@id":"https:\/\/exaudi.org\/#\/schema\/person\/d134b96438278131ce90c90c03fda6cd"},"headline":"Viaje del Papa a Irak: Actualizaci\u00f3n del programa","datePublished":"2021-03-02T14:47:23+00:00","dateModified":"2021-03-03T10:22:23+00:00","mainEntityOfPage":{"@id":"https:\/\/exaudi.org\/es\/viaje-a-irak-actualizacion-del-programa\/"},"wordCount":629,"image":{"@id":"https:\/\/exaudi.org\/es\/viaje-a-irak-actualizacion-del-programa\/#primaryimage"},"thumbnailUrl":"https:\/\/exaudi.org\/wp-content\/uploads\/2021\/03\/Viaje-Irak-programa.png","keywords":["Horarios","papa francisco","Programa","Viaje a Irak 2021"],"articleSection":["Le\u00f3n XIV","\u00daltimas noticias","Viajes Papales"],"inLanguage":"es"},{"@type":"WebPage","@id":"https:\/\/exaudi.org\/es\/viaje-a-irak-actualizacion-del-programa\/","url":"https:\/\/exaudi.org\/es\/viaje-a-irak-actualizacion-del-programa\/","name":"Viaje del Papa a Irak: Actualizaci\u00f3n del programa - Exaudi Espa\u00f1a","isPartOf":{"@id":"https:\/\/exaudi.org\/#website"},"primaryImageOfPage":{"@id":"https:\/\/exaudi.org\/es\/viaje-a-irak-actualizacion-del-programa\/#primaryimage"},"image":{"@id":"https:\/\/exaudi.org\/es\/viaje-a-irak-actualizacion-del-programa\/#primaryimage"},"thumbnailUrl":"https:\/\/exaudi.org\/wp-content\/uploads\/2021\/03\/Viaje-Irak-programa.png","datePublished":"2021-03-02T14:47:23+00:00","dateModified":"2021-03-03T10:22:23+00:00","author":{"@id":"https:\/\/exaudi.org\/#\/schema\/person\/d134b96438278131ce90c90c03fda6cd"},"description":"La Oficina de Prensa de la Santa Sede ha publicado hoy el programa con horarios del Viaje a Irak del Papa Francisco, del 5 al 8 de marzo.","breadcrumb":{"@id":"https:\/\/exaudi.org\/es\/viaje-a-irak-actualizacion-del-programa\/#breadcrumb"},"inLanguage":"es","potentialAction":[{"@type":"ReadAction","target":["https:\/\/exaudi.org\/es\/viaje-a-irak-actualizacion-del-programa\/"]}]},{"@type":"ImageObject","inLanguage":"es","@id":"https:\/\/exaudi.org\/es\/viaje-a-irak-actualizacion-del-programa\/#primaryimage","url":"https:\/\/exaudi.org\/wp-content\/uploads\/2021\/03\/Viaje-Irak-programa.png","contentUrl":"https:\/\/exaudi.org\/wp-content\/uploads\/2021\/03\/Viaje-Irak-programa.png","width":2000,"height":1200,"caption":"Logo del Viaje a Irak del Papa Francisco \u00a9 Vatican Media"},{"@type":"BreadcrumbList","@id":"https:\/\/exaudi.org\/es\/viaje-a-irak-actualizacion-del-programa\/#breadcrumb","itemListElement":[{"@type":"ListItem","position":1,"name":"Portada","item":"https:\/\/exaudi.org\/es\/"},{"@type":"ListItem","position":2,"name":"Viaje del Papa a Irak: Actualizaci\u00f3n del programa"}]},{"@type":"WebSite","@id":"https:\/\/exaudi.org\/#website","url":"https:\/\/exaudi.org\/","name":"Exaudi","description":"News","potentialAction":[{"@type":"SearchAction","target":{"@type":"EntryPoint","urlTemplate":"https:\/\/exaudi.org\/?s={search_term_string}"},"query-input":{"@type":"PropertyValueSpecification","valueRequired":true,"valueName":"search_term_string"}}],"inLanguage":"es"},{"@type":"Person","@id":"https:\/\/exaudi.org\/#\/schema\/person\/d134b96438278131ce90c90c03fda6cd","name":"Gabriel Sales","image":{"@type":"ImageObject","inLanguage":"es","@id":"https:\/\/secure.gravatar.com\/avatar\/9b1269566f6a063ed26ffb3532b66a373cdde231ce5d0effb266167437fdaffd?s=96&d=mm&r=g","url":"https:\/\/secure.gravatar.com\/avatar\/9b1269566f6a063ed26ffb3532b66a373cdde231ce5d0effb266167437fdaffd?s=96&d=mm&r=g","contentUrl":"https:\/\/secure.gravatar.com\/avatar\/9b1269566f6a063ed26ffb3532b66a373cdde231ce5d0effb266167437fdaffd?s=96&d=mm&r=g","caption":"Gabriel Sales"},"description":"Periodista y especialista en Comunicaci\u00f3n y Branding digital. Cin\u00e9filo y cr\u00edtico de cine y series de televisi\u00f3n.","sameAs":["https:\/\/www.instagram.com\/cine90segundos\/","www.linkedin.com\/in\/habemusman","https:\/\/x.com\/habemusman","https:\/\/www.youtube.com\/channel\/UCVfCiOMkJ_C7T7OpyjuaLDg"],"url":"https:\/\/exaudi.org\/es\/author\/gsalesexaudi-org\/"}]}},"jetpack_featured_media_url":"https:\/\/exaudi.org\/wp-content\/uploads\/2021\/03\/Viaje-Irak-programa.png","jetpack_shortlink":"https:\/\/wp.me\/pgKjF2-LV","_links":{"self":[{"href":"https:\/\/exaudi.org\/es\/wp-json\/wp\/v2\/posts\/2971","targetHints":{"allow":["GET"]}}],"collection":[{"href":"https:\/\/exaudi.org\/es\/wp-json\/wp\/v2\/posts"}],"about":[{"href":"https:\/\/exaudi.org\/es\/wp-json\/wp\/v2\/types\/post"}],"author":[{"embeddable":true,"href":"https:\/\/exaudi.org\/es\/wp-json\/wp\/v2\/users\/6"}],"replies":[{"embeddable":true,"href":"https:\/\/exaudi.org\/es\/wp-json\/wp\/v2\/comments?post=2971"}],"version-history":[{"count":0,"href":"https:\/\/exaudi.org\/es\/wp-json\/wp\/v2\/posts\/2971\/revisions"}],"wp:featuredmedia":[{"embeddable":true,"href":"https:\/\/exaudi.org\/es\/wp-json\/wp\/v2\/media\/2983"}],"wp:attachment":[{"href":"https:\/\/exaudi.org\/es\/wp-json\/wp\/v2\/media?parent=2971"}],"wp:term":[{"taxonomy":"category","embeddable":true,"href":"https:\/\/exaudi.org\/es\/wp-json\/wp\/v2\/categories?post=2971"},{"taxonomy":"post_tag","embeddable":true,"href":"https:\/\/exaudi.org\/es\/wp-json\/wp\/v2\/tags?post=2971"}],"curies":[{"name":"wp","href":"https:\/\/api.w.org\/{rel}","templated":true}]}}