{"id":29616,"date":"2021-08-12T07:00:24","date_gmt":"2021-08-12T05:00:24","guid":{"rendered":"https:\/\/exaudi.wpengine.com\/?p=29616"},"modified":"2021-08-13T16:05:51","modified_gmt":"2021-08-13T14:05:51","slug":"padre-solana-tierra-santa-patrimonio-espiritual-humanidad-cristianos","status":"publish","type":"post","link":"https:\/\/exaudi.org\/es\/padre-solana-tierra-santa-patrimonio-espiritual-humanidad-cristianos\/","title":{"rendered":"P. Solana: Tierra Santa, \u201cpatrimonio espiritual de la humanidad, pero sobre todo de los cristianos\u201d"},"content":{"rendered":"<p>El padre Juan Mar\u00eda Solana, sacerdote de los Legionarios de Cristo residente en Tierra Santa y director del <a href=\"https:\/\/www.magdala.org\/?lang=es\" target=\"_blank\" rel=\"noopener noreferrer\">Proyecto Magdala<\/a> en Israel, recuerda que Tierra Santa es un \u201cpatrimonio espiritual de toda la humanidad, pero sobre todo de todos los cristianos\u201d.<\/p>\n<p>El padre Solana, mexicano, inici\u00f3 en 2005 la iniciativa de Magdala, situada en dicho lugar de Israel, conocido como la antigua ciudad de Mar\u00eda Magdalena, con el fin de destacar en \u00e9l el ministerio de Jes\u00fas en esa zona del lago de Galilea, atraer a las personas y transformar sus vidas. El Centro Magdala est\u00e1 pensado como espacio de oraci\u00f3n, de alabanza, de meditaci\u00f3n, de formaci\u00f3n y de crecimiento espiritual para personas de todas las religiones.En noviembre de 2019, pocos meses antes de la irrupci\u00f3n de la emergencia sanitaria mundial por la COVID-19, Magdala inaugur\u00f3 un nuevo\u00a0centro de hospedaje para peregrinos y visitantes.<\/p>\n<p>El complejo de Magdala, desarrollado en gran parte por mexicanos, est\u00e1 ubicado a las orillas del Mar de Galilea en la regi\u00f3n del norte de Israel. La casa cuenta con 160 habitaciones, la mayor\u00eda con balcones y vista al Mar de Galilea o a las ruinas de la antigua ciudad de Magdala, as\u00ed como con amplios espacios de oraci\u00f3n, meditaci\u00f3n y reflexi\u00f3n.<\/p>\n<p>Con el fin de conocer de primera mano la situaci\u00f3n vivida en Tierra Santa tras m\u00e1s de un a\u00f1o de pandemia, Exaudi ha conversado en exclusiva con el padre Solana. El sacerdote habla tambi\u00e9n sobre las actividades realizadas en el centro a lo largo de la emergencia sanitaria, de las perspectivas de futuro, de las pr\u00f3ximas actividades y peregrinaciones y de la importancia de la <a href=\"https:\/\/exaudi.wpengine.com\/es\/carta-colecta-cristianos-tierra-santa-2021\/\" target=\"_blank\" rel=\"noopener noreferrer\">Colecta para Tierra Santa<\/a> para el mantenimiento de los santos lugares.<\/p>\n<p>A continuaci\u00f3n, sigue la entrevista completa.<\/p>\n<p>***<\/p>\n<p><strong>Exaudi: Tierra Santa ha sufrido terriblemente las consecuencias de la pandemia de COVID-19 debido a que las peregrinaciones cesaron y la econom\u00eda de los santos lugares y sus comunidades dependen de este turismo, \u00bfPuede contarnos c\u00f3mo han vivido este tiempo de prueba en Magdala en particular y en esta regi\u00f3n en general? \u00bfC\u00f3mo han podido sobrevivir?<\/strong><\/p>\n<p><strong>Padre Juan Solana:<\/strong> Me temo que el sufrimiento es para todos en todas partes. La p\u00e9rdida de empleo ha sido una de las fuentes de mayor sufrimiento para muchas familias. Aqu\u00ed en Tierra Santa quiz\u00e1 ha sido m\u00e1s grave, porque el Gobierno cerr\u00f3 el aeropuerto a la entrada de peregrinos&#8230; S\u00f3lo hace un mes comenzaron a venir peque\u00f1os grupos de visitantes, con muchas condiciones y restricciones. Por otro lado, tengo que admitir que el Gobierno israel\u00ed ha dado ejemplo en muchos campos, como la pronta vacunaci\u00f3n, el control de los contagiados, etc. Y en el campo econ\u00f3mico apoy\u00f3 a todos los trabajadores con un salario del 70% de su salario normal, por todo el tiempo que ha durado la pandemia. Lo sentimos mucho por los que por cualquier motivo no pudieron beneficiarse de estas ayudas, sobre todo los del <em>West Bank<\/em>&#8230;.<\/p>\n<p><strong>Exaudi: Cu\u00e9ntenos cu\u00e1les han sido las actividades de Magdala durante este a\u00f1o de emergencia sanitaria y c\u00f3mo se han desarrollado, sus frutos\u2026<\/strong><\/p>\n<p><strong>Padre Juan Solana:<\/strong> Puedo decir que hemos desarrollado una gran actividad: en los primeros meses de la pandemia fue una actividad <em>ad intra<\/em>: es decir, para nosotros, que en ese tiempo eramos los sacerdotes, las consagradas, y un grupo consistente de voluntarios y becarios. Tuvimos reuniones de programaci\u00f3n y actualizaci\u00f3n; hicimos un retiro de sanaci\u00f3n, una peque\u00f1a peregrinaci\u00f3n para los voluntarios, adem\u00e1s de todos los quehaceres del centro, pues tuvimos que encargarnos de todo: vigilancia, lavander\u00eda, cocina, jardines, limpieza y todo. Luego comenzamos algo <em>ad extra<\/em>: sobre todo con la trasmisi\u00f3n cotidiana de la Eucarist\u00eda, algunas conferencias y pl\u00e1ticas espirituales&#8230;. lo cual nos llev\u00f3 a iniciar con la peregrinaci\u00f3n virtual de octubre 2020, luego a la de Cuaresma 2021 y a la que estamos preparando ahora para el mes de octubre pr\u00f3ximo. Ha sido un tiempo de mucha intensidad y estamos muy satisfechos.<\/p>\n<p><strong>Exaudi: Ahora que la vacunaci\u00f3n est\u00e1 avanzando en todo el mundo se reanudan tambi\u00e9n las peregrinaciones a Tierra Santa, \u00bfqu\u00e9 expectativas tienen desde Magdala? \u00bfComienzan a llegar personas a las inmediaciones y el hospedaje?<\/strong><\/p>\n<p><strong>Padre Juan Solana:<\/strong> Israel ha sido el pa\u00eds l\u00edder en la vuelta a la normalidad, pero despu\u00e9s de un inicio glorioso, hemos ca\u00eddo en el realismo de que las vacunas no cubren del todo la variante Delta, por lo que estamos volviendo a medidas preventivas. Tanto el a\u00f1o pasado como este, hemos trabajado con el turismo local en algunos per\u00edodos; peregrinos y turistas, hemos tenido muy pocos y solamente para visitar el lugar durante algunas horas.<\/p>\n<p><strong>Exaudi: Del 28 de septiembre al 4 de noviembre de 2021 tendr\u00e1 lugar la <a href=\"https:\/\/exaudi.wpengine.com\/es\/tierra-santa-peregrinacion-virtual-sanacion-maria-magdalena\/\" target=\"_blank\" rel=\"noopener noreferrer\">Peregrinaci\u00f3n Virtual de Sanaci\u00f3n<\/a> recorriendo Tierra Santa. \u00bfEn qu\u00e9 consistir\u00e1? \u00bfPor qu\u00e9 se llama \u201cde Sanaci\u00f3n\u201d?<\/strong><\/p>\n<p><strong>Padre Juan Solana:<\/strong> Durante la pasada peregrinaci\u00f3n virtual en Cuaresma y Semana Santa tuvimos contacto con innumerables personas necesitadas de un alivio espiritual, moral y psicol\u00f3gico&#8230; Esto nos motiv\u00f3 a lanzar una peregrinaci\u00f3n espec\u00edfica en este campo. En realidad, todos somos enfermos&#8230;. Ya lo dijo Jesucristo: \u201cNo he venido a sanar a los sanos, sino a los enfermos\u201d y dice tambi\u00e9n la Escritura que \u201cSus llagas nos han sanado\u201d. Podemos decir que Dios es el Gran M\u00e9dico de las Almas. Seguir la Sagrada Escritura, el Evangelio y la Tierra Santa bajo ese punto de vista, puede aliviar muchos sufrimientos y corregir situaciones que necesitan ser iluminadas por Cristo y su Evangelio.<\/p>\n<p><strong>Exaudi: \u00bfQu\u00e9 otros proyectos est\u00e1n previstos para el futuro cercano del Proyecto Magdala?<\/strong>\u00a0 <strong>Padre Juan Solana:<\/strong> Estamos planeando la siguiente peregrinaci\u00f3n virtual en cuaresma y Semana Santa, pues va a ser muy especial y requiere tambi\u00e9n mucha preparaci\u00f3n log\u00edstica, estudio, oraci\u00f3n, investigaci\u00f3n, etc. De momento lo dejamos como sorpresa. Y aqu\u00ed en Magdala seguir con nuestras trasmisiones cotidianas, y ojal\u00e1&#8230; Dios lo quiera, atendiendo a los peregrinos.<\/p>\n<p><strong>Exaudi: \u00bfPuede recordar a los lectores de Exaudi la importancia de la Colecta de Tierra Santa para esta regi\u00f3n? <\/strong><\/p>\n<p><strong>Padre Juan Solana:<\/strong> Con gusto. La Tierra Santa es un patrimonio espiritual de toda la humanidad, pero sobre todo de todos los cristianos. En el siglo XIII el Papa se la encomend\u00f3 a los Franciscanos, y se estableci\u00f3 as\u00ed lo que se llama \u201cLa Custodia\u201d. La Custodia es una provincia franciscana <em>sui generis<\/em>, algo especial. Pues est\u00e1 compuesta de frailes de todo el mundo, que ofrecen su vida entera o parte de ella a venir y servir en los santos lugares, y tambi\u00e9n a la poblaci\u00f3n cristiana local. La Custodia tiene seminarios, escuelas, hospitales, viviendas para los cristianos pobres, adem\u00e1s de la propiedad y atenci\u00f3n de la mayor\u00eda de los lugares santos donde vivi\u00f3 Jesucristo.<\/p>\n<p>Me atrevo a decir que, sin los franciscanos, a esta hora, ya no quedar\u00eda mucho de cristiano en la Tierra Santa. Pues el Papa Pio IX estableci\u00f3 la Orden Ecuestre del Santo Sepulcro, y una colecta universal para apoyar a la Custodia de Tierra Santa. En otras palabras, ayudar econ\u00f3micamente entre todos para que se mantengan los lugares y las comunidades cristianas. Esta colecta se lleva a cabo normalmente el Viernes Santo en todas las iglesias del mundo. Se recogen esas colectas a trav\u00e9s de las nunciaturas, se env\u00edan al Vaticano y este las distribuye para el sostenimiento de la Custodia y de algunas otras obras de capital importancia en esta zona del mundo.<\/p>\n<p>Ojal\u00e1 que seamos todos generosos con esa colecta. En este a\u00f1o y el pasado tuvo que hacerse en otra fecha por motivos de la pandemia, y eso afect\u00f3 mucho a los resultados. Ojal\u00e1 que tomemos conciencia de la importancia del apoyo material para la Tierra Santa. El apoyo personal ya lo hacen los franciscanos y otros, con un ejemplo muy edificante de ofrecer sus vidas y su ministerio por estas causas.<\/p>\n<p><strong>Exaudi: \u00bfC\u00f3mo pueden ayudar las personas de todo el mundo a Magdala?<\/strong><\/p>\n<p><strong>Padre Juan Solana:<\/strong> Magdala es parte de este gran patrimonio que es la Tierra Santa. Magdala naci\u00f3 gracias a la generosidad de muchas personas y sigue as\u00ed. Ahora que nos hemos lanzado a las peregrinaciones virtuales y a las Redes Sociales para acercar la Tierra Santa a los hogares cristianos, necesitamos mucho apoyo para poderlo consolidar y mantener en el tiempo. Pueden ayudarnos a trav\u00e9s de nuestra p\u00e1gina de internet: <a href=\"www.magdala.org%20\">www.magdala.org<\/a> desde ahora agradezco de coraz\u00f3n a quienes quieran apoyarnos en la consolidaci\u00f3n y expansi\u00f3n de Magdala.<\/p>\n","protected":false},"excerpt":{"rendered":"<p>El director del Proyecto Magdala habla sobre la situaci\u00f3n en esta regi\u00f3n tras el estallido de la pandemia<\/p>\n","protected":false},"author":5,"featured_media":29620,"comment_status":"closed","ping_status":"closed","sticky":false,"template":"","format":"standard","meta":{"_acf_changed":false,"_crdt_document":"","inline_featured_image":false,"footnotes":""},"categories":[108],"tags":[2419,3446,813,392],"class_list":["post-29616","post","type-post","status-publish","format-standard","has-post-thumbnail","hentry","category-entrevistas","tag-featured","tag-padre-juan-maria-solana","tag-proyecto-magdala","tag-tierra-santa"],"acf":[],"yoast_head":"<!-- This site is optimized with the Yoast SEO plugin v27.5 - https:\/\/yoast.com\/product\/yoast-seo-wordpress\/ -->\n<title>P. Solana: Tierra Santa, \u201cpatrimonio espiritual de la humanidad, pero sobre todo de los cristianos\u201d &#8211; Exaudi<\/title>\n<meta name=\"description\" content=\"P. Solana, director del Proyecto Magdala: Tierra Santa, \u201cpatrimonio espiritual de toda la humanidad, pero sobre todo de todos los cristianos\u201d.\" \/>\n<meta name=\"robots\" content=\"index, follow, max-snippet:-1, max-image-preview:large, max-video-preview:-1\" \/>\n<link rel=\"canonical\" href=\"https:\/\/exaudi.org\/es\/padre-solana-tierra-santa-patrimonio-espiritual-humanidad-cristianos\/\" \/>\n<meta property=\"og:locale\" content=\"es_ES\" \/>\n<meta property=\"og:type\" content=\"article\" \/>\n<meta property=\"og:title\" content=\"P. Solana: Tierra Santa, \u201cpatrimonio espiritual de la humanidad, pero sobre todo de los cristianos\u201d &#8211; Exaudi\" \/>\n<meta property=\"og:description\" content=\"P. Solana, director del Proyecto Magdala: Tierra Santa, \u201cpatrimonio espiritual de toda la humanidad, pero sobre todo de todos los cristianos\u201d.\" \/>\n<meta property=\"og:url\" content=\"https:\/\/exaudi.org\/es\/padre-solana-tierra-santa-patrimonio-espiritual-humanidad-cristianos\/\" \/>\n<meta property=\"og:site_name\" content=\"Exaudi\" \/>\n<meta property=\"article:publisher\" content=\"https:\/\/www.facebook.com\/ExaudiNews\" \/>\n<meta property=\"article:published_time\" content=\"2021-08-12T05:00:24+00:00\" \/>\n<meta property=\"article:modified_time\" content=\"2021-08-13T14:05:51+00:00\" \/>\n<meta property=\"og:image\" content=\"https:\/\/exaudi.org\/wp-content\/uploads\/2021\/08\/Padre-Juana-Solana-en-el-Proyecto-Magdala.jpg\" \/>\n\t<meta property=\"og:image:width\" content=\"780\" \/>\n\t<meta property=\"og:image:height\" content=\"519\" \/>\n\t<meta property=\"og:image:type\" content=\"image\/jpeg\" \/>\n<meta name=\"author\" content=\"Larissa I. L\u00f3pez\" \/>\n<meta name=\"twitter:card\" content=\"summary_large_image\" \/>\n<meta name=\"twitter:creator\" content=\"@Exaudi_News\" \/>\n<meta name=\"twitter:site\" content=\"@Exaudi_News\" \/>\n<meta name=\"twitter:label1\" content=\"Escrito por\" \/>\n\t<meta name=\"twitter:data1\" content=\"Larissa I. L\u00f3pez\" \/>\n\t<meta name=\"twitter:label2\" content=\"Tiempo de lectura\" \/>\n\t<meta name=\"twitter:data2\" content=\"7 minutos\" \/>\n<script type=\"application\/ld+json\" class=\"yoast-schema-graph\">{\"@context\":\"https:\\\/\\\/schema.org\",\"@graph\":[{\"@type\":\"Article\",\"@id\":\"https:\\\/\\\/exaudi.org\\\/es\\\/padre-solana-tierra-santa-patrimonio-espiritual-humanidad-cristianos\\\/#article\",\"isPartOf\":{\"@id\":\"https:\\\/\\\/exaudi.org\\\/es\\\/padre-solana-tierra-santa-patrimonio-espiritual-humanidad-cristianos\\\/\"},\"author\":{\"name\":\"Larissa I. L\u00f3pez\",\"@id\":\"https:\\\/\\\/exaudi.org\\\/#\\\/schema\\\/person\\\/7d2f77db033c2c0929edfab6dbe8c588\"},\"headline\":\"P. Solana: Tierra Santa, \u201cpatrimonio espiritual de la humanidad, pero sobre todo de los cristianos\u201d\",\"datePublished\":\"2021-08-12T05:00:24+00:00\",\"dateModified\":\"2021-08-13T14:05:51+00:00\",\"mainEntityOfPage\":{\"@id\":\"https:\\\/\\\/exaudi.org\\\/es\\\/padre-solana-tierra-santa-patrimonio-espiritual-humanidad-cristianos\\\/\"},\"wordCount\":1481,\"image\":{\"@id\":\"https:\\\/\\\/exaudi.org\\\/es\\\/padre-solana-tierra-santa-patrimonio-espiritual-humanidad-cristianos\\\/#primaryimage\"},\"thumbnailUrl\":\"https:\\\/\\\/exaudi.org\\\/wp-content\\\/uploads\\\/2021\\\/08\\\/Padre-Juana-Solana-en-el-Proyecto-Magdala.jpg\",\"keywords\":[\"Featured\",\"Padre Juan Mar\u00eda Solana\",\"Proyecto Magdala\",\"Tierra Santa\"],\"articleSection\":[\"Entrevistas\"],\"inLanguage\":\"es\"},{\"@type\":\"WebPage\",\"@id\":\"https:\\\/\\\/exaudi.org\\\/es\\\/padre-solana-tierra-santa-patrimonio-espiritual-humanidad-cristianos\\\/\",\"url\":\"https:\\\/\\\/exaudi.org\\\/es\\\/padre-solana-tierra-santa-patrimonio-espiritual-humanidad-cristianos\\\/\",\"name\":\"P. Solana: Tierra Santa, \u201cpatrimonio espiritual de la humanidad, pero sobre todo de los cristianos\u201d &#8211; Exaudi\",\"isPartOf\":{\"@id\":\"https:\\\/\\\/exaudi.org\\\/#website\"},\"primaryImageOfPage\":{\"@id\":\"https:\\\/\\\/exaudi.org\\\/es\\\/padre-solana-tierra-santa-patrimonio-espiritual-humanidad-cristianos\\\/#primaryimage\"},\"image\":{\"@id\":\"https:\\\/\\\/exaudi.org\\\/es\\\/padre-solana-tierra-santa-patrimonio-espiritual-humanidad-cristianos\\\/#primaryimage\"},\"thumbnailUrl\":\"https:\\\/\\\/exaudi.org\\\/wp-content\\\/uploads\\\/2021\\\/08\\\/Padre-Juana-Solana-en-el-Proyecto-Magdala.jpg\",\"datePublished\":\"2021-08-12T05:00:24+00:00\",\"dateModified\":\"2021-08-13T14:05:51+00:00\",\"author\":{\"@id\":\"https:\\\/\\\/exaudi.org\\\/#\\\/schema\\\/person\\\/7d2f77db033c2c0929edfab6dbe8c588\"},\"description\":\"P. Solana, director del Proyecto Magdala: Tierra Santa, \u201cpatrimonio espiritual de toda la humanidad, pero sobre todo de todos los cristianos\u201d.\",\"breadcrumb\":{\"@id\":\"https:\\\/\\\/exaudi.org\\\/es\\\/padre-solana-tierra-santa-patrimonio-espiritual-humanidad-cristianos\\\/#breadcrumb\"},\"inLanguage\":\"es\",\"potentialAction\":[{\"@type\":\"ReadAction\",\"target\":[\"https:\\\/\\\/exaudi.org\\\/es\\\/padre-solana-tierra-santa-patrimonio-espiritual-humanidad-cristianos\\\/\"]}]},{\"@type\":\"ImageObject\",\"inLanguage\":\"es\",\"@id\":\"https:\\\/\\\/exaudi.org\\\/es\\\/padre-solana-tierra-santa-patrimonio-espiritual-humanidad-cristianos\\\/#primaryimage\",\"url\":\"https:\\\/\\\/exaudi.org\\\/wp-content\\\/uploads\\\/2021\\\/08\\\/Padre-Juana-Solana-en-el-Proyecto-Magdala.jpg\",\"contentUrl\":\"https:\\\/\\\/exaudi.org\\\/wp-content\\\/uploads\\\/2021\\\/08\\\/Padre-Juana-Solana-en-el-Proyecto-Magdala.jpg\",\"width\":780,\"height\":519,\"caption\":\"Padre Juan Solana en el Proyecto Magdala \u00a9 Proyecto Magdala\"},{\"@type\":\"BreadcrumbList\",\"@id\":\"https:\\\/\\\/exaudi.org\\\/es\\\/padre-solana-tierra-santa-patrimonio-espiritual-humanidad-cristianos\\\/#breadcrumb\",\"itemListElement\":[{\"@type\":\"ListItem\",\"position\":1,\"name\":\"Portada\",\"item\":\"https:\\\/\\\/exaudi.org\\\/es\\\/\"},{\"@type\":\"ListItem\",\"position\":2,\"name\":\"P. Solana: Tierra Santa, \u201cpatrimonio espiritual de la humanidad, pero sobre todo de los cristianos\u201d\"}]},{\"@type\":\"WebSite\",\"@id\":\"https:\\\/\\\/exaudi.org\\\/#website\",\"url\":\"https:\\\/\\\/exaudi.org\\\/\",\"name\":\"Exaudi\",\"description\":\"News\",\"potentialAction\":[{\"@type\":\"SearchAction\",\"target\":{\"@type\":\"EntryPoint\",\"urlTemplate\":\"https:\\\/\\\/exaudi.org\\\/?s={search_term_string}\"},\"query-input\":{\"@type\":\"PropertyValueSpecification\",\"valueRequired\":true,\"valueName\":\"search_term_string\"}}],\"inLanguage\":\"es\"},{\"@type\":\"Person\",\"@id\":\"https:\\\/\\\/exaudi.org\\\/#\\\/schema\\\/person\\\/7d2f77db033c2c0929edfab6dbe8c588\",\"name\":\"Larissa I. L\u00f3pez\",\"image\":{\"@type\":\"ImageObject\",\"inLanguage\":\"es\",\"@id\":\"https:\\\/\\\/secure.gravatar.com\\\/avatar\\\/db3ef399ff343d0bb9d25dc5198bc8ece5ac6d621eca79876697a354dabc1e3f?s=96&d=mm&r=g\",\"url\":\"https:\\\/\\\/secure.gravatar.com\\\/avatar\\\/db3ef399ff343d0bb9d25dc5198bc8ece5ac6d621eca79876697a354dabc1e3f?s=96&d=mm&r=g\",\"contentUrl\":\"https:\\\/\\\/secure.gravatar.com\\\/avatar\\\/db3ef399ff343d0bb9d25dc5198bc8ece5ac6d621eca79876697a354dabc1e3f?s=96&d=mm&r=g\",\"caption\":\"Larissa I. L\u00f3pez\"},\"description\":\"Doctora en Comunicaci\u00f3n. Mi trayectoria profesional ha transcurrido entre el \u00e1mbito de la comunicaci\u00f3n y el de la docencia. En los \u00faltimos a\u00f1os, he trabajado como coordinadora y redactora de la edici\u00f3n de ZENIT en espa\u00f1ol. Como profesora, he impartido clases en la universidad y en centros de FP y bachillerato. Cordobesa de nacimiento, tambi\u00e9n he vivido en Sevilla, Madrid y Roma\",\"url\":\"https:\\\/\\\/exaudi.org\\\/es\\\/author\\\/llopezexaudi-org\\\/\"}]}<\/script>\n<!-- \/ Yoast SEO plugin. -->","yoast_head_json":{"title":"P. Solana: Tierra Santa, \u201cpatrimonio espiritual de la humanidad, pero sobre todo de los cristianos\u201d &#8211; Exaudi","description":"P. Solana, director del Proyecto Magdala: Tierra Santa, \u201cpatrimonio espiritual de toda la humanidad, pero sobre todo de todos los cristianos\u201d.","robots":{"index":"index","follow":"follow","max-snippet":"max-snippet:-1","max-image-preview":"max-image-preview:large","max-video-preview":"max-video-preview:-1"},"canonical":"https:\/\/exaudi.org\/es\/padre-solana-tierra-santa-patrimonio-espiritual-humanidad-cristianos\/","og_locale":"es_ES","og_type":"article","og_title":"P. Solana: Tierra Santa, \u201cpatrimonio espiritual de la humanidad, pero sobre todo de los cristianos\u201d &#8211; Exaudi","og_description":"P. Solana, director del Proyecto Magdala: Tierra Santa, \u201cpatrimonio espiritual de toda la humanidad, pero sobre todo de todos los cristianos\u201d.","og_url":"https:\/\/exaudi.org\/es\/padre-solana-tierra-santa-patrimonio-espiritual-humanidad-cristianos\/","og_site_name":"Exaudi","article_publisher":"https:\/\/www.facebook.com\/ExaudiNews","article_published_time":"2021-08-12T05:00:24+00:00","article_modified_time":"2021-08-13T14:05:51+00:00","og_image":[{"width":780,"height":519,"url":"https:\/\/exaudi.org\/wp-content\/uploads\/2021\/08\/Padre-Juana-Solana-en-el-Proyecto-Magdala.jpg","type":"image\/jpeg"}],"author":"Larissa I. L\u00f3pez","twitter_card":"summary_large_image","twitter_creator":"@Exaudi_News","twitter_site":"@Exaudi_News","twitter_misc":{"Escrito por":"Larissa I. L\u00f3pez","Tiempo de lectura":"7 minutos"},"schema":{"@context":"https:\/\/schema.org","@graph":[{"@type":"Article","@id":"https:\/\/exaudi.org\/es\/padre-solana-tierra-santa-patrimonio-espiritual-humanidad-cristianos\/#article","isPartOf":{"@id":"https:\/\/exaudi.org\/es\/padre-solana-tierra-santa-patrimonio-espiritual-humanidad-cristianos\/"},"author":{"name":"Larissa I. L\u00f3pez","@id":"https:\/\/exaudi.org\/#\/schema\/person\/7d2f77db033c2c0929edfab6dbe8c588"},"headline":"P. Solana: Tierra Santa, \u201cpatrimonio espiritual de la humanidad, pero sobre todo de los cristianos\u201d","datePublished":"2021-08-12T05:00:24+00:00","dateModified":"2021-08-13T14:05:51+00:00","mainEntityOfPage":{"@id":"https:\/\/exaudi.org\/es\/padre-solana-tierra-santa-patrimonio-espiritual-humanidad-cristianos\/"},"wordCount":1481,"image":{"@id":"https:\/\/exaudi.org\/es\/padre-solana-tierra-santa-patrimonio-espiritual-humanidad-cristianos\/#primaryimage"},"thumbnailUrl":"https:\/\/exaudi.org\/wp-content\/uploads\/2021\/08\/Padre-Juana-Solana-en-el-Proyecto-Magdala.jpg","keywords":["Featured","Padre Juan Mar\u00eda Solana","Proyecto Magdala","Tierra Santa"],"articleSection":["Entrevistas"],"inLanguage":"es"},{"@type":"WebPage","@id":"https:\/\/exaudi.org\/es\/padre-solana-tierra-santa-patrimonio-espiritual-humanidad-cristianos\/","url":"https:\/\/exaudi.org\/es\/padre-solana-tierra-santa-patrimonio-espiritual-humanidad-cristianos\/","name":"P. Solana: Tierra Santa, \u201cpatrimonio espiritual de la humanidad, pero sobre todo de los cristianos\u201d &#8211; Exaudi","isPartOf":{"@id":"https:\/\/exaudi.org\/#website"},"primaryImageOfPage":{"@id":"https:\/\/exaudi.org\/es\/padre-solana-tierra-santa-patrimonio-espiritual-humanidad-cristianos\/#primaryimage"},"image":{"@id":"https:\/\/exaudi.org\/es\/padre-solana-tierra-santa-patrimonio-espiritual-humanidad-cristianos\/#primaryimage"},"thumbnailUrl":"https:\/\/exaudi.org\/wp-content\/uploads\/2021\/08\/Padre-Juana-Solana-en-el-Proyecto-Magdala.jpg","datePublished":"2021-08-12T05:00:24+00:00","dateModified":"2021-08-13T14:05:51+00:00","author":{"@id":"https:\/\/exaudi.org\/#\/schema\/person\/7d2f77db033c2c0929edfab6dbe8c588"},"description":"P. Solana, director del Proyecto Magdala: Tierra Santa, \u201cpatrimonio espiritual de toda la humanidad, pero sobre todo de todos los cristianos\u201d.","breadcrumb":{"@id":"https:\/\/exaudi.org\/es\/padre-solana-tierra-santa-patrimonio-espiritual-humanidad-cristianos\/#breadcrumb"},"inLanguage":"es","potentialAction":[{"@type":"ReadAction","target":["https:\/\/exaudi.org\/es\/padre-solana-tierra-santa-patrimonio-espiritual-humanidad-cristianos\/"]}]},{"@type":"ImageObject","inLanguage":"es","@id":"https:\/\/exaudi.org\/es\/padre-solana-tierra-santa-patrimonio-espiritual-humanidad-cristianos\/#primaryimage","url":"https:\/\/exaudi.org\/wp-content\/uploads\/2021\/08\/Padre-Juana-Solana-en-el-Proyecto-Magdala.jpg","contentUrl":"https:\/\/exaudi.org\/wp-content\/uploads\/2021\/08\/Padre-Juana-Solana-en-el-Proyecto-Magdala.jpg","width":780,"height":519,"caption":"Padre Juan Solana en el Proyecto Magdala \u00a9 Proyecto Magdala"},{"@type":"BreadcrumbList","@id":"https:\/\/exaudi.org\/es\/padre-solana-tierra-santa-patrimonio-espiritual-humanidad-cristianos\/#breadcrumb","itemListElement":[{"@type":"ListItem","position":1,"name":"Portada","item":"https:\/\/exaudi.org\/es\/"},{"@type":"ListItem","position":2,"name":"P. Solana: Tierra Santa, \u201cpatrimonio espiritual de la humanidad, pero sobre todo de los cristianos\u201d"}]},{"@type":"WebSite","@id":"https:\/\/exaudi.org\/#website","url":"https:\/\/exaudi.org\/","name":"Exaudi","description":"News","potentialAction":[{"@type":"SearchAction","target":{"@type":"EntryPoint","urlTemplate":"https:\/\/exaudi.org\/?s={search_term_string}"},"query-input":{"@type":"PropertyValueSpecification","valueRequired":true,"valueName":"search_term_string"}}],"inLanguage":"es"},{"@type":"Person","@id":"https:\/\/exaudi.org\/#\/schema\/person\/7d2f77db033c2c0929edfab6dbe8c588","name":"Larissa I. L\u00f3pez","image":{"@type":"ImageObject","inLanguage":"es","@id":"https:\/\/secure.gravatar.com\/avatar\/db3ef399ff343d0bb9d25dc5198bc8ece5ac6d621eca79876697a354dabc1e3f?s=96&d=mm&r=g","url":"https:\/\/secure.gravatar.com\/avatar\/db3ef399ff343d0bb9d25dc5198bc8ece5ac6d621eca79876697a354dabc1e3f?s=96&d=mm&r=g","contentUrl":"https:\/\/secure.gravatar.com\/avatar\/db3ef399ff343d0bb9d25dc5198bc8ece5ac6d621eca79876697a354dabc1e3f?s=96&d=mm&r=g","caption":"Larissa I. L\u00f3pez"},"description":"Doctora en Comunicaci\u00f3n. Mi trayectoria profesional ha transcurrido entre el \u00e1mbito de la comunicaci\u00f3n y el de la docencia. En los \u00faltimos a\u00f1os, he trabajado como coordinadora y redactora de la edici\u00f3n de ZENIT en espa\u00f1ol. Como profesora, he impartido clases en la universidad y en centros de FP y bachillerato. Cordobesa de nacimiento, tambi\u00e9n he vivido en Sevilla, Madrid y Roma","url":"https:\/\/exaudi.org\/es\/author\/llopezexaudi-org\/"}]}},"jetpack_featured_media_url":"https:\/\/exaudi.org\/wp-content\/uploads\/2021\/08\/Padre-Juana-Solana-en-el-Proyecto-Magdala.jpg","jetpack_shortlink":"https:\/\/wp.me\/pgKjF2-7HG","_links":{"self":[{"href":"https:\/\/exaudi.org\/es\/wp-json\/wp\/v2\/posts\/29616","targetHints":{"allow":["GET"]}}],"collection":[{"href":"https:\/\/exaudi.org\/es\/wp-json\/wp\/v2\/posts"}],"about":[{"href":"https:\/\/exaudi.org\/es\/wp-json\/wp\/v2\/types\/post"}],"author":[{"embeddable":true,"href":"https:\/\/exaudi.org\/es\/wp-json\/wp\/v2\/users\/5"}],"replies":[{"embeddable":true,"href":"https:\/\/exaudi.org\/es\/wp-json\/wp\/v2\/comments?post=29616"}],"version-history":[{"count":0,"href":"https:\/\/exaudi.org\/es\/wp-json\/wp\/v2\/posts\/29616\/revisions"}],"wp:featuredmedia":[{"embeddable":true,"href":"https:\/\/exaudi.org\/es\/wp-json\/wp\/v2\/media\/29620"}],"wp:attachment":[{"href":"https:\/\/exaudi.org\/es\/wp-json\/wp\/v2\/media?parent=29616"}],"wp:term":[{"taxonomy":"category","embeddable":true,"href":"https:\/\/exaudi.org\/es\/wp-json\/wp\/v2\/categories?post=29616"},{"taxonomy":"post_tag","embeddable":true,"href":"https:\/\/exaudi.org\/es\/wp-json\/wp\/v2\/tags?post=29616"}],"curies":[{"name":"wp","href":"https:\/\/api.w.org\/{rel}","templated":true}]}}