{"id":29451,"date":"2021-08-04T09:59:50","date_gmt":"2021-08-04T07:59:50","guid":{"rendered":"https:\/\/exaudi.wpengine.com\/?p=29451"},"modified":"2021-08-05T14:53:54","modified_gmt":"2021-08-05T12:53:54","slug":"audiencia-papa-tras-operacion-colon","status":"publish","type":"post","link":"https:\/\/exaudi.org\/es\/audiencia-papa-tras-operacion-colon\/","title":{"rendered":"1\u00aa audiencia del Papa tras descanso estivo y operaci\u00f3n de colon"},"content":{"rendered":"<p>En la primera audiencia general tras el descanso estivo y su reciente operaci\u00f3n de colon, el Papa Francisco se ha referido a la invitaci\u00f3n de Pablo a los G\u00e1latas a \u201cpermanecer fieles al \u00fanico Evangelio, que no es observancia de la ley, sino configuraci\u00f3n con la Persona de Jesucristo, que nos libera de la muerte y del pecado\u201d para no desviarse de la fe.<\/p>\n<p>El Santo Padre ha retomado hoy, 4 de agosto de 2021, las audiencias generales de los mi\u00e9rcoles en el<a href=\"https:\/\/exaudi.wpengine.com\/es\/el-papa-reanuda-audiencias-generales-agosto-aula-pablo-vi\/\" target=\"_blank\" rel=\"noopener noreferrer\"> Aula Pablo VI<\/a>, continuando con el nuevo ciclo de <a href=\"https:\/\/exaudi.wpengine.com\/es\/el-evangelio-es-siempre-nuevo-no-hay-evangelios-de-moda\/\" target=\"_blank\" rel=\"noopener noreferrer\">catequesis<\/a> sobre la <a href=\"https:\/\/www.vatican.va\/archive\/ESL0506\/_PYT.HTM\" target=\"_blank\" rel=\"noopener noreferrer\">Carta del Ap\u00f3stol Pablo a los G\u00e1latas<\/a>, centrada en este d\u00eda en el tema: \u201cEl Evangelio es uno solo\u201d (Lectura: Gal 1,6-8).<\/p>\n<p><img loading=\"lazy\" decoding=\"async\" class=\"size-medium wp-image-29490 alignleft\" src=\"https:\/\/exaudi.wpengine.com\/wp-content\/uploads\/2021\/08\/DSC3609_050421--300x200.jpg\" alt=\"\" width=\"300\" height=\"200\" srcset=\"https:\/\/exaudi.org\/wp-content\/uploads\/2021\/08\/DSC3609_050421--300x200.jpg 300w, https:\/\/exaudi.org\/wp-content\/uploads\/2021\/08\/DSC3609_050421--1024x683.jpg 1024w, https:\/\/exaudi.org\/wp-content\/uploads\/2021\/08\/DSC3609_050421--768x512.jpg 768w, https:\/\/exaudi.org\/wp-content\/uploads\/2021\/08\/DSC3609_050421--1536x1024.jpg 1536w, https:\/\/exaudi.org\/wp-content\/uploads\/2021\/08\/DSC3609_050421--2048x1365.jpg 2048w, https:\/\/exaudi.org\/wp-content\/uploads\/2021\/08\/DSC3609_050421--150x100.jpg 150w, https:\/\/exaudi.org\/wp-content\/uploads\/2021\/08\/DSC3609_050421--696x464.jpg 696w, https:\/\/exaudi.org\/wp-content\/uploads\/2021\/08\/DSC3609_050421--1068x712.jpg 1068w, https:\/\/exaudi.org\/wp-content\/uploads\/2021\/08\/DSC3609_050421--1920x1280.jpg 1920w, https:\/\/exaudi.org\/wp-content\/uploads\/2021\/08\/DSC3609_050421--630x420.jpg 630w\" sizes=\"auto, (max-width: 300px) 100vw, 300px\" \/>Francisco ha reflexionado en torno al citado pasaje que<em> \u201c<\/em>nos descubre que San Pablo entiende su vida como una\u00a0 llamada a evangelizar, misi\u00f3n a la que se dedica con todas sus fuerzas\u201d. Para el Ap\u00f3stol \u201cel Evangelio es el <em>Kerygma<\/em>, es decir, el anuncio de la muerte y resurrecci\u00f3n de Cristo, misterio pascual en el que Dios cumple sus promesas a Israel y ofrece la salvaci\u00f3n a todos los hombres\u201d y \u201cacogiendo el Evangelio nos reconciliamos con Dios nuestro Padre, nos convertimos en hijos suyos y herederos de la vida eterna\u201d.<\/p>\n<p>Asimismo, el Papa describe que, \u201ccuando Pablo ve que la comunidad de los G\u00e1latas corre el peligro dar o\u00eddos a falsos predicadores y desviarse del camino de la fe\u201d, los invita \u201ca permanecer fieles al \u00fanico Evangelio, \u00a0\u00a0que no es observancia de la ley, sino configuraci\u00f3n con la Persona de Jesucristo, que nos libera de la muerte y del pecado\u201d.<\/p>\n<p>Finalmente, el Pont\u00edfice salud\u00f3 a los fieles de lengua espa\u00f1ola: \u201cPidamos al Se\u00f1or que nos conceda la gracia de perseverar en el seguimiento del Se\u00f1or Jes\u00fas, para que nuestra vida sea, a los ojos de nuestros hermanos y hermanas, un testimonio gozoso del amor de Dios por toda la humanidad\u201d.<\/p>\n","protected":false},"excerpt":{"rendered":"<p>Palabras del Pont\u00edfiice en espa\u00f1ol<\/p>\n","protected":false},"author":5,"featured_media":29502,"comment_status":"open","ping_status":"open","sticky":false,"template":"","format":"standard","meta":{"_acf_changed":false,"_crdt_document":"","inline_featured_image":false,"footnotes":""},"categories":[112],"tags":[179,3586,2419,158,3122],"class_list":["post-29451","post","type-post","status-publish","format-standard","has-post-thumbnail","hentry","category-audiencia-general","tag-audiencia-general","tag-carta-a-los-galatas","tag-featured","tag-papa-francisco","tag-san-pablo-es"],"acf":[],"yoast_head":"<!-- This site is optimized with the Yoast SEO plugin v27.5 - https:\/\/yoast.com\/product\/yoast-seo-wordpress\/ -->\n<title>1\u00aa audiencia del Papa tras descanso estivo y operaci\u00f3n de colon &#8211; Exaudi<\/title>\n<meta name=\"description\" content=\"Primera audiencia general del Papa Francisco en agosto tras el descanso estivo y su reciente operaci\u00f3n de colon en el Aula Pablo VI\" \/>\n<meta name=\"robots\" content=\"index, follow, max-snippet:-1, max-image-preview:large, max-video-preview:-1\" \/>\n<link rel=\"canonical\" href=\"https:\/\/exaudi.org\/es\/audiencia-papa-tras-operacion-colon\/\" \/>\n<meta property=\"og:locale\" content=\"es_ES\" \/>\n<meta property=\"og:type\" content=\"article\" \/>\n<meta property=\"og:title\" content=\"1\u00aa audiencia del Papa tras descanso estivo y operaci\u00f3n de colon &#8211; Exaudi\" \/>\n<meta property=\"og:description\" content=\"Primera audiencia general del Papa Francisco en agosto tras el descanso estivo y su reciente operaci\u00f3n de colon en el Aula Pablo VI\" \/>\n<meta property=\"og:url\" content=\"https:\/\/exaudi.org\/es\/audiencia-papa-tras-operacion-colon\/\" \/>\n<meta property=\"og:site_name\" content=\"Exaudi\" \/>\n<meta property=\"article:publisher\" content=\"https:\/\/www.facebook.com\/ExaudiNews\" \/>\n<meta property=\"article:published_time\" content=\"2021-08-04T07:59:50+00:00\" \/>\n<meta property=\"article:modified_time\" content=\"2021-08-05T12:53:54+00:00\" \/>\n<meta property=\"og:image\" content=\"https:\/\/exaudi.org\/wp-content\/uploads\/2021\/08\/SFO2353_050421--scaled.jpg\" \/>\n\t<meta property=\"og:image:width\" content=\"2560\" \/>\n\t<meta property=\"og:image:height\" content=\"1707\" \/>\n\t<meta property=\"og:image:type\" content=\"image\/jpeg\" \/>\n<meta name=\"author\" content=\"Larissa I. L\u00f3pez\" \/>\n<meta name=\"twitter:card\" content=\"summary_large_image\" \/>\n<meta name=\"twitter:creator\" content=\"@Exaudi_News\" \/>\n<meta name=\"twitter:site\" content=\"@Exaudi_News\" \/>\n<meta name=\"twitter:label1\" content=\"Escrito por\" \/>\n\t<meta name=\"twitter:data1\" content=\"Larissa I. L\u00f3pez\" \/>\n\t<meta name=\"twitter:label2\" content=\"Tiempo de lectura\" \/>\n\t<meta name=\"twitter:data2\" content=\"2 minutos\" \/>\n<script type=\"application\/ld+json\" class=\"yoast-schema-graph\">{\"@context\":\"https:\\\/\\\/schema.org\",\"@graph\":[{\"@type\":\"Article\",\"@id\":\"https:\\\/\\\/exaudi.org\\\/es\\\/audiencia-papa-tras-operacion-colon\\\/#article\",\"isPartOf\":{\"@id\":\"https:\\\/\\\/exaudi.org\\\/es\\\/audiencia-papa-tras-operacion-colon\\\/\"},\"author\":{\"name\":\"Larissa I. L\u00f3pez\",\"@id\":\"https:\\\/\\\/exaudi.org\\\/#\\\/schema\\\/person\\\/7d2f77db033c2c0929edfab6dbe8c588\"},\"headline\":\"1\u00aa audiencia del Papa tras descanso estivo y operaci\u00f3n de colon\",\"datePublished\":\"2021-08-04T07:59:50+00:00\",\"dateModified\":\"2021-08-05T12:53:54+00:00\",\"mainEntityOfPage\":{\"@id\":\"https:\\\/\\\/exaudi.org\\\/es\\\/audiencia-papa-tras-operacion-colon\\\/\"},\"wordCount\":347,\"commentCount\":0,\"image\":{\"@id\":\"https:\\\/\\\/exaudi.org\\\/es\\\/audiencia-papa-tras-operacion-colon\\\/#primaryimage\"},\"thumbnailUrl\":\"https:\\\/\\\/exaudi.org\\\/wp-content\\\/uploads\\\/2021\\\/08\\\/SFO2353_050421--scaled.jpg\",\"keywords\":[\"audiencia general\",\"Carta a los G\u00e1latas\",\"Featured\",\"papa francisco\",\"San Pablo\"],\"articleSection\":[\"Audiencia General\"],\"inLanguage\":\"es\",\"potentialAction\":[{\"@type\":\"CommentAction\",\"name\":\"Comment\",\"target\":[\"https:\\\/\\\/exaudi.org\\\/es\\\/audiencia-papa-tras-operacion-colon\\\/#respond\"]}]},{\"@type\":\"WebPage\",\"@id\":\"https:\\\/\\\/exaudi.org\\\/es\\\/audiencia-papa-tras-operacion-colon\\\/\",\"url\":\"https:\\\/\\\/exaudi.org\\\/es\\\/audiencia-papa-tras-operacion-colon\\\/\",\"name\":\"1\u00aa audiencia del Papa tras descanso estivo y operaci\u00f3n de colon &#8211; Exaudi\",\"isPartOf\":{\"@id\":\"https:\\\/\\\/exaudi.org\\\/#website\"},\"primaryImageOfPage\":{\"@id\":\"https:\\\/\\\/exaudi.org\\\/es\\\/audiencia-papa-tras-operacion-colon\\\/#primaryimage\"},\"image\":{\"@id\":\"https:\\\/\\\/exaudi.org\\\/es\\\/audiencia-papa-tras-operacion-colon\\\/#primaryimage\"},\"thumbnailUrl\":\"https:\\\/\\\/exaudi.org\\\/wp-content\\\/uploads\\\/2021\\\/08\\\/SFO2353_050421--scaled.jpg\",\"datePublished\":\"2021-08-04T07:59:50+00:00\",\"dateModified\":\"2021-08-05T12:53:54+00:00\",\"author\":{\"@id\":\"https:\\\/\\\/exaudi.org\\\/#\\\/schema\\\/person\\\/7d2f77db033c2c0929edfab6dbe8c588\"},\"description\":\"Primera audiencia general del Papa Francisco en agosto tras el descanso estivo y su reciente operaci\u00f3n de colon en el Aula Pablo VI\",\"breadcrumb\":{\"@id\":\"https:\\\/\\\/exaudi.org\\\/es\\\/audiencia-papa-tras-operacion-colon\\\/#breadcrumb\"},\"inLanguage\":\"es\",\"potentialAction\":[{\"@type\":\"ReadAction\",\"target\":[\"https:\\\/\\\/exaudi.org\\\/es\\\/audiencia-papa-tras-operacion-colon\\\/\"]}]},{\"@type\":\"ImageObject\",\"inLanguage\":\"es\",\"@id\":\"https:\\\/\\\/exaudi.org\\\/es\\\/audiencia-papa-tras-operacion-colon\\\/#primaryimage\",\"url\":\"https:\\\/\\\/exaudi.org\\\/wp-content\\\/uploads\\\/2021\\\/08\\\/SFO2353_050421--scaled.jpg\",\"contentUrl\":\"https:\\\/\\\/exaudi.org\\\/wp-content\\\/uploads\\\/2021\\\/08\\\/SFO2353_050421--scaled.jpg\",\"width\":2560,\"height\":1707,\"caption\":\"Audiencia general, 4 agosto 2021 \u00a9 Vatican Media\"},{\"@type\":\"BreadcrumbList\",\"@id\":\"https:\\\/\\\/exaudi.org\\\/es\\\/audiencia-papa-tras-operacion-colon\\\/#breadcrumb\",\"itemListElement\":[{\"@type\":\"ListItem\",\"position\":1,\"name\":\"Portada\",\"item\":\"https:\\\/\\\/exaudi.org\\\/es\\\/\"},{\"@type\":\"ListItem\",\"position\":2,\"name\":\"1\u00aa audiencia del Papa tras descanso estivo y operaci\u00f3n de colon\"}]},{\"@type\":\"WebSite\",\"@id\":\"https:\\\/\\\/exaudi.org\\\/#website\",\"url\":\"https:\\\/\\\/exaudi.org\\\/\",\"name\":\"Exaudi\",\"description\":\"News\",\"potentialAction\":[{\"@type\":\"SearchAction\",\"target\":{\"@type\":\"EntryPoint\",\"urlTemplate\":\"https:\\\/\\\/exaudi.org\\\/?s={search_term_string}\"},\"query-input\":{\"@type\":\"PropertyValueSpecification\",\"valueRequired\":true,\"valueName\":\"search_term_string\"}}],\"inLanguage\":\"es\"},{\"@type\":\"Person\",\"@id\":\"https:\\\/\\\/exaudi.org\\\/#\\\/schema\\\/person\\\/7d2f77db033c2c0929edfab6dbe8c588\",\"name\":\"Larissa I. L\u00f3pez\",\"image\":{\"@type\":\"ImageObject\",\"inLanguage\":\"es\",\"@id\":\"https:\\\/\\\/secure.gravatar.com\\\/avatar\\\/db3ef399ff343d0bb9d25dc5198bc8ece5ac6d621eca79876697a354dabc1e3f?s=96&d=mm&r=g\",\"url\":\"https:\\\/\\\/secure.gravatar.com\\\/avatar\\\/db3ef399ff343d0bb9d25dc5198bc8ece5ac6d621eca79876697a354dabc1e3f?s=96&d=mm&r=g\",\"contentUrl\":\"https:\\\/\\\/secure.gravatar.com\\\/avatar\\\/db3ef399ff343d0bb9d25dc5198bc8ece5ac6d621eca79876697a354dabc1e3f?s=96&d=mm&r=g\",\"caption\":\"Larissa I. L\u00f3pez\"},\"description\":\"Doctora en Comunicaci\u00f3n. Mi trayectoria profesional ha transcurrido entre el \u00e1mbito de la comunicaci\u00f3n y el de la docencia. En los \u00faltimos a\u00f1os, he trabajado como coordinadora y redactora de la edici\u00f3n de ZENIT en espa\u00f1ol. Como profesora, he impartido clases en la universidad y en centros de FP y bachillerato. Cordobesa de nacimiento, tambi\u00e9n he vivido en Sevilla, Madrid y Roma\",\"url\":\"https:\\\/\\\/exaudi.org\\\/es\\\/author\\\/llopezexaudi-org\\\/\"}]}<\/script>\n<!-- \/ Yoast SEO plugin. -->","yoast_head_json":{"title":"1\u00aa audiencia del Papa tras descanso estivo y operaci\u00f3n de colon &#8211; Exaudi","description":"Primera audiencia general del Papa Francisco en agosto tras el descanso estivo y su reciente operaci\u00f3n de colon en el Aula Pablo VI","robots":{"index":"index","follow":"follow","max-snippet":"max-snippet:-1","max-image-preview":"max-image-preview:large","max-video-preview":"max-video-preview:-1"},"canonical":"https:\/\/exaudi.org\/es\/audiencia-papa-tras-operacion-colon\/","og_locale":"es_ES","og_type":"article","og_title":"1\u00aa audiencia del Papa tras descanso estivo y operaci\u00f3n de colon &#8211; Exaudi","og_description":"Primera audiencia general del Papa Francisco en agosto tras el descanso estivo y su reciente operaci\u00f3n de colon en el Aula Pablo VI","og_url":"https:\/\/exaudi.org\/es\/audiencia-papa-tras-operacion-colon\/","og_site_name":"Exaudi","article_publisher":"https:\/\/www.facebook.com\/ExaudiNews","article_published_time":"2021-08-04T07:59:50+00:00","article_modified_time":"2021-08-05T12:53:54+00:00","og_image":[{"width":2560,"height":1707,"url":"https:\/\/exaudi.org\/wp-content\/uploads\/2021\/08\/SFO2353_050421--scaled.jpg","type":"image\/jpeg"}],"author":"Larissa I. L\u00f3pez","twitter_card":"summary_large_image","twitter_creator":"@Exaudi_News","twitter_site":"@Exaudi_News","twitter_misc":{"Escrito por":"Larissa I. L\u00f3pez","Tiempo de lectura":"2 minutos"},"schema":{"@context":"https:\/\/schema.org","@graph":[{"@type":"Article","@id":"https:\/\/exaudi.org\/es\/audiencia-papa-tras-operacion-colon\/#article","isPartOf":{"@id":"https:\/\/exaudi.org\/es\/audiencia-papa-tras-operacion-colon\/"},"author":{"name":"Larissa I. L\u00f3pez","@id":"https:\/\/exaudi.org\/#\/schema\/person\/7d2f77db033c2c0929edfab6dbe8c588"},"headline":"1\u00aa audiencia del Papa tras descanso estivo y operaci\u00f3n de colon","datePublished":"2021-08-04T07:59:50+00:00","dateModified":"2021-08-05T12:53:54+00:00","mainEntityOfPage":{"@id":"https:\/\/exaudi.org\/es\/audiencia-papa-tras-operacion-colon\/"},"wordCount":347,"commentCount":0,"image":{"@id":"https:\/\/exaudi.org\/es\/audiencia-papa-tras-operacion-colon\/#primaryimage"},"thumbnailUrl":"https:\/\/exaudi.org\/wp-content\/uploads\/2021\/08\/SFO2353_050421--scaled.jpg","keywords":["audiencia general","Carta a los G\u00e1latas","Featured","papa francisco","San Pablo"],"articleSection":["Audiencia General"],"inLanguage":"es","potentialAction":[{"@type":"CommentAction","name":"Comment","target":["https:\/\/exaudi.org\/es\/audiencia-papa-tras-operacion-colon\/#respond"]}]},{"@type":"WebPage","@id":"https:\/\/exaudi.org\/es\/audiencia-papa-tras-operacion-colon\/","url":"https:\/\/exaudi.org\/es\/audiencia-papa-tras-operacion-colon\/","name":"1\u00aa audiencia del Papa tras descanso estivo y operaci\u00f3n de colon &#8211; Exaudi","isPartOf":{"@id":"https:\/\/exaudi.org\/#website"},"primaryImageOfPage":{"@id":"https:\/\/exaudi.org\/es\/audiencia-papa-tras-operacion-colon\/#primaryimage"},"image":{"@id":"https:\/\/exaudi.org\/es\/audiencia-papa-tras-operacion-colon\/#primaryimage"},"thumbnailUrl":"https:\/\/exaudi.org\/wp-content\/uploads\/2021\/08\/SFO2353_050421--scaled.jpg","datePublished":"2021-08-04T07:59:50+00:00","dateModified":"2021-08-05T12:53:54+00:00","author":{"@id":"https:\/\/exaudi.org\/#\/schema\/person\/7d2f77db033c2c0929edfab6dbe8c588"},"description":"Primera audiencia general del Papa Francisco en agosto tras el descanso estivo y su reciente operaci\u00f3n de colon en el Aula Pablo VI","breadcrumb":{"@id":"https:\/\/exaudi.org\/es\/audiencia-papa-tras-operacion-colon\/#breadcrumb"},"inLanguage":"es","potentialAction":[{"@type":"ReadAction","target":["https:\/\/exaudi.org\/es\/audiencia-papa-tras-operacion-colon\/"]}]},{"@type":"ImageObject","inLanguage":"es","@id":"https:\/\/exaudi.org\/es\/audiencia-papa-tras-operacion-colon\/#primaryimage","url":"https:\/\/exaudi.org\/wp-content\/uploads\/2021\/08\/SFO2353_050421--scaled.jpg","contentUrl":"https:\/\/exaudi.org\/wp-content\/uploads\/2021\/08\/SFO2353_050421--scaled.jpg","width":2560,"height":1707,"caption":"Audiencia general, 4 agosto 2021 \u00a9 Vatican Media"},{"@type":"BreadcrumbList","@id":"https:\/\/exaudi.org\/es\/audiencia-papa-tras-operacion-colon\/#breadcrumb","itemListElement":[{"@type":"ListItem","position":1,"name":"Portada","item":"https:\/\/exaudi.org\/es\/"},{"@type":"ListItem","position":2,"name":"1\u00aa audiencia del Papa tras descanso estivo y operaci\u00f3n de colon"}]},{"@type":"WebSite","@id":"https:\/\/exaudi.org\/#website","url":"https:\/\/exaudi.org\/","name":"Exaudi","description":"News","potentialAction":[{"@type":"SearchAction","target":{"@type":"EntryPoint","urlTemplate":"https:\/\/exaudi.org\/?s={search_term_string}"},"query-input":{"@type":"PropertyValueSpecification","valueRequired":true,"valueName":"search_term_string"}}],"inLanguage":"es"},{"@type":"Person","@id":"https:\/\/exaudi.org\/#\/schema\/person\/7d2f77db033c2c0929edfab6dbe8c588","name":"Larissa I. L\u00f3pez","image":{"@type":"ImageObject","inLanguage":"es","@id":"https:\/\/secure.gravatar.com\/avatar\/db3ef399ff343d0bb9d25dc5198bc8ece5ac6d621eca79876697a354dabc1e3f?s=96&d=mm&r=g","url":"https:\/\/secure.gravatar.com\/avatar\/db3ef399ff343d0bb9d25dc5198bc8ece5ac6d621eca79876697a354dabc1e3f?s=96&d=mm&r=g","contentUrl":"https:\/\/secure.gravatar.com\/avatar\/db3ef399ff343d0bb9d25dc5198bc8ece5ac6d621eca79876697a354dabc1e3f?s=96&d=mm&r=g","caption":"Larissa I. L\u00f3pez"},"description":"Doctora en Comunicaci\u00f3n. Mi trayectoria profesional ha transcurrido entre el \u00e1mbito de la comunicaci\u00f3n y el de la docencia. En los \u00faltimos a\u00f1os, he trabajado como coordinadora y redactora de la edici\u00f3n de ZENIT en espa\u00f1ol. Como profesora, he impartido clases en la universidad y en centros de FP y bachillerato. Cordobesa de nacimiento, tambi\u00e9n he vivido en Sevilla, Madrid y Roma","url":"https:\/\/exaudi.org\/es\/author\/llopezexaudi-org\/"}]}},"jetpack_featured_media_url":"https:\/\/exaudi.org\/wp-content\/uploads\/2021\/08\/SFO2353_050421--scaled.jpg","jetpack_shortlink":"https:\/\/wp.me\/pgKjF2-7F1","_links":{"self":[{"href":"https:\/\/exaudi.org\/es\/wp-json\/wp\/v2\/posts\/29451","targetHints":{"allow":["GET"]}}],"collection":[{"href":"https:\/\/exaudi.org\/es\/wp-json\/wp\/v2\/posts"}],"about":[{"href":"https:\/\/exaudi.org\/es\/wp-json\/wp\/v2\/types\/post"}],"author":[{"embeddable":true,"href":"https:\/\/exaudi.org\/es\/wp-json\/wp\/v2\/users\/5"}],"replies":[{"embeddable":true,"href":"https:\/\/exaudi.org\/es\/wp-json\/wp\/v2\/comments?post=29451"}],"version-history":[{"count":0,"href":"https:\/\/exaudi.org\/es\/wp-json\/wp\/v2\/posts\/29451\/revisions"}],"wp:featuredmedia":[{"embeddable":true,"href":"https:\/\/exaudi.org\/es\/wp-json\/wp\/v2\/media\/29502"}],"wp:attachment":[{"href":"https:\/\/exaudi.org\/es\/wp-json\/wp\/v2\/media?parent=29451"}],"wp:term":[{"taxonomy":"category","embeddable":true,"href":"https:\/\/exaudi.org\/es\/wp-json\/wp\/v2\/categories?post=29451"},{"taxonomy":"post_tag","embeddable":true,"href":"https:\/\/exaudi.org\/es\/wp-json\/wp\/v2\/tags?post=29451"}],"curies":[{"name":"wp","href":"https:\/\/api.w.org\/{rel}","templated":true}]}}