{"id":29444,"date":"2021-08-04T09:01:59","date_gmt":"2021-08-04T07:01:59","guid":{"rendered":"https:\/\/exaudi.wpengine.com\/?p=29444"},"modified":"2021-08-04T16:44:20","modified_gmt":"2021-08-04T14:44:20","slug":"cardenal-arizmendi-otro-pais-desde-la-comunidad","status":"publish","type":"post","link":"https:\/\/exaudi.org\/es\/cardenal-arizmendi-otro-pais-desde-la-comunidad\/","title":{"rendered":"Cardenal Arizmendi: Otro pa\u00eds, desde la comunidad"},"content":{"rendered":"<p>El <a href=\"https:\/\/exaudi.wpengine.com\/es\/author\/felipearizmendi\/\" target=\"_blank\" rel=\"noopener noreferrer\">cardenal\u00a0Felipe Arizmendi Esquivel<\/a>, obispo em\u00e9rito de San Crist\u00f3bal de Las Casas y responsable de la Doctrina de la Fe en la\u00a0<a href=\"https:\/\/www.cem.org.mx\/\">Conferencia del Episcopado Mexicano<\/a>\u00a0(CEM), ofrece a los lectores de Exaudi su art\u00edculo semanal titulado \u201cOtro pa\u00eds, desde la comunidad\u201d.<\/p>\n<h4><strong>Ver<\/strong><\/h4>\n<p>All\u00e1 por los inicios de la d\u00e9cada 1960, para llegar a mi pueblo, hab\u00eda una brecha de tierra por la que s\u00f3lo pod\u00edan transitar camiones altos de redilas. En tiempos de lluvias, con mucha dificultad se avanzaba, por tantos lodazales y atascaderos. Se pidi\u00f3 insistentemente al gobierno estatal que mandara maquinaria, para hacer una buena carretera, aunque de momento s\u00f3lo fuera de terracer\u00eda. Como no se les hizo caso, la gente se organiz\u00f3 y todos los lunes sal\u00edan con palas, picos, azadones y carretillas a abrir una mejor v\u00eda. El p\u00e1rroco siempre les acompa\u00f1\u00f3, trabajando con ellos. Las mujeres les llevaban alimentos y agua. Cuando el gobierno vio el empe\u00f1o del pueblo, mand\u00f3 m\u00e1quinas y, con el tiempo, se paviment\u00f3 la carretera. La organizaci\u00f3n comunitaria resolvi\u00f3 este problema. Lo mismo hicieron para que hubiera luz el\u00e9ctrica, escuelas, cl\u00ednica de salud y otros servicios.<\/p>\n<p>En este a\u00f1o, por tanta lluvia, se han formado varios agujeros y baches en la carretera pavimentada, que complican la circulaci\u00f3n. Los presidentes de los dos municipios por donde pasa, no hacen caso de taparlos, porque se gastaron el dinero en sus recientes campa\u00f1as electorales. Ante esto, se organizaron los productores de jitomate, chile, aguacate y flor del pueblo, y con sus recursos rellenaron los hoyos con cascajo, aunque sea algo provisional. La organizaci\u00f3n comunitaria resolvi\u00f3 esta situaci\u00f3n, sin esperar que todo lo haga el gobierno.<\/p>\n<p>En varias di\u00f3cesis, sobre todo del sur del pa\u00eds, se ha promovido lo que se llama Trabajo Com\u00fan Organizado (TCO), que es la organizaci\u00f3n comunitaria para enfrentar diversas necesidades de los pueblos, sin ayuda de los gobiernos. Se organizan los peque\u00f1os productores de caf\u00e9, cacao, miel, etc., algunos se constituyen en cooperativas, y exportan sus productos a Europa y al Norte del continente, con lo que mejora un poco su econom\u00eda. No se quedan esperando que todo se los resuelva el gobierno, ni s\u00f3lo lamentando su situaci\u00f3n. El pueblo organizado es una fuerza de cambio.<\/p>\n<p>Cuando fui presidente de la OSLAM (Organizaci\u00f3n de Seminarios Latinoamericanos) (1983-1986), tuve que visitar Cuba. Me llam\u00f3 la atenci\u00f3n lo que obispos y sacerdotes me comentaban: Como todo depend\u00eda del gobierno castrista, la gente se hizo muy dependiente e indolente, pues no se permit\u00eda la iniciativa privada, ni una organizaci\u00f3n comunitaria que no fuera la oficial. Todo lo ten\u00eda que resolver el gobierno. La gente se organiz\u00f3 en secreto y miles huyeron de la isla, pues quer\u00edan progresar y vivir en libertad.<\/p>\n<h4><strong>P<\/strong><strong>ensar<\/strong><\/h4>\n<p>El Papa Francisco, en su enc\u00edclica <em><a href=\"https:\/\/www.vatican.va\/content\/francesco\/es\/encyclicals\/documents\/papa-francesco_20201003_enciclica-fratelli-tutti.html\" target=\"_blank\" rel=\"noopener noreferrer\">Fratelli tutti<\/a>, <\/em>dice:<\/p>\n<p>\u201cEn algunos barrios populares, todav\u00eda se vive el esp\u00edritu del \u201cvecindario\u201d, donde cada uno siente espont\u00e1neamente el deber de acompa\u00f1ar y ayudar al vecino. En estos lugares que conservan esos valores comunitarios, se viven las relaciones de cercan\u00eda con notas de gratuidad, solidaridad y reciprocidad, a partir del sentido de un \u201cnosotros\u201d barrial\u201d (152).<\/p>\n<p>\u201cLo verdaderamente popular \u2014porque promueve el bien del pueblo\u2014 es asegurar a todos la posibilidad de hacer brotar las semillas que Dios ha puesto en cada uno, sus capacidades, su iniciativa, sus fuerzas. Esa es la mejor ayuda para un pobre, el mejor camino hacia una existencia digna. Por ello insisto en que ayudar a los pobres con dinero debe ser siempre una soluci\u00f3n provisoria para resolver urgencias\u201d (162).<\/p>\n<p>\u201cGracias a Dios, tantas agrupaciones y organizaciones de la sociedad civil ayudan a paliar las debilidades de la comunidad internacional, su falta de coordinaci\u00f3n en situaciones complejas, su falta de atenci\u00f3n frente a derechos humanos fundamentales y a situaciones muy cr\u00edticas de algunos grupos. As\u00ed adquiere una expresi\u00f3n concreta el principio de subsidiariedad, que garantiza la participaci\u00f3n y la acci\u00f3n de las comunidades y organizaciones de menor rango, las que complementan la acci\u00f3n del Estado. Muchas veces desarrollan esfuerzos admirables pensando en el bien com\u00fan y algunos de sus miembros llegan a realizar gestos verdaderamente heroicos que muestran de cu\u00e1nta belleza todav\u00eda es capaz nuestra humanidad\u201d (175).<\/p>\n<p>\u201cA partir del amor social,\u00a0es posible avanzar hacia una civilizaci\u00f3n del amor a la que todos podamos sentirnos convocados. La caridad, con su dinamismo universal, puede construir un mundo nuevo, porque no es un sentimiento est\u00e9ril, sino la mejor manera de lograr caminos eficaces de desarrollo para todos. El amor social es una fuerza capaz de suscitar v\u00edas nuevas para afrontar los problemas del mundo de hoy\u201d (183). \u201cEs un acto de caridad el esfuerzo dirigido a organizar y estructurar la sociedad de modo que el pr\u00f3jimo no tenga que padecer la miseria\u201d (186).<\/p>\n<h4><strong>A<\/strong><strong>ctuar<\/strong><\/h4>\n<p>Organic\u00e9monos para hacer ver a los gobernantes las necesidades de nuestros pueblos y pedir que las atiendan, porque para eso pagamos impuestos. Es necesaria la organizaci\u00f3n comunitaria, porque a uno solo no le hacen caso. Pero no esperemos que todo lo haga el gobierno; organic\u00e9monos en todo lo que podamos, y entre nosotros mismos tratemos de atender las necesidades de la comunidad y de los excluidos. La organizaci\u00f3n comunitaria es fuerza de transformaci\u00f3n. Tambi\u00e9n al interior de las comunidades eclesiales.<\/p>\n<audio class=\"wp-audio-shortcode\" id=\"audio-29444-1\" preload=\"none\" style=\"width: 100%;\" controls=\"controls\"><source type=\"audio\/mpeg\" src=\"https:\/\/exaudi.wpengine.com\/wp-content\/uploads\/2021\/08\/Articulo-4-agosto.mp3?_=1\" \/><a href=\"https:\/\/exaudi.wpengine.com\/wp-content\/uploads\/2021\/08\/Articulo-4-agosto.mp3\">https:\/\/exaudi.wpengine.com\/wp-content\/uploads\/2021\/08\/Articulo-4-agosto.mp3<\/a><\/audio>\n","protected":false},"excerpt":{"rendered":"<p>Tratar de atender las necesidades de la comunidad y de los excluidos<\/p>\n","protected":false},"author":24,"featured_media":29448,"comment_status":"open","ping_status":"open","sticky":false,"template":"","format":"standard","meta":{"_acf_changed":false,"_crdt_document":"","inline_featured_image":false,"footnotes":""},"categories":[298,130],"tags":[413,415],"class_list":["post-29444","post","type-post","status-publish","format-standard","has-post-thumbnail","hentry","category-ultimas-noticias","category-voces","tag-cardenal-felipe-arizmendi-esquivel","tag-mexico"],"acf":[],"yoast_head":"<!-- This site is optimized with the Yoast SEO plugin v27.5 - https:\/\/yoast.com\/product\/yoast-seo-wordpress\/ -->\n<title>Cardenal Arizmendi: Otro pa\u00eds, desde la comunidad &#8211; Exaudi<\/title>\n<meta name=\"description\" content=\"El cardenal\u00a0Felipe Arizmendi, obispo em\u00e9rito de San Crist\u00f3bal de Las Casas, ofrece su art\u00edculo titulado \u201cOtro pa\u00eds, desde la comunidad\u201d.\" \/>\n<meta name=\"robots\" content=\"index, follow, max-snippet:-1, max-image-preview:large, max-video-preview:-1\" \/>\n<link rel=\"canonical\" href=\"https:\/\/exaudi.org\/es\/cardenal-arizmendi-otro-pais-desde-la-comunidad\/\" \/>\n<meta property=\"og:locale\" content=\"es_ES\" \/>\n<meta property=\"og:type\" content=\"article\" \/>\n<meta property=\"og:title\" content=\"Cardenal Arizmendi: Otro pa\u00eds, desde la comunidad &#8211; Exaudi\" \/>\n<meta property=\"og:description\" content=\"El cardenal\u00a0Felipe Arizmendi, obispo em\u00e9rito de San Crist\u00f3bal de Las Casas, ofrece su art\u00edculo titulado \u201cOtro pa\u00eds, desde la comunidad\u201d.\" \/>\n<meta property=\"og:url\" content=\"https:\/\/exaudi.org\/es\/cardenal-arizmendi-otro-pais-desde-la-comunidad\/\" \/>\n<meta property=\"og:site_name\" content=\"Exaudi\" \/>\n<meta property=\"article:publisher\" content=\"https:\/\/www.facebook.com\/ExaudiNews\" \/>\n<meta property=\"article:published_time\" content=\"2021-08-04T07:01:59+00:00\" \/>\n<meta property=\"article:modified_time\" content=\"2021-08-04T14:44:20+00:00\" \/>\n<meta property=\"og:image\" content=\"https:\/\/exaudi.org\/wp-content\/uploads\/2021\/08\/cathopic_1520886506178940-scaled.jpg\" \/>\n\t<meta property=\"og:image:width\" content=\"2560\" \/>\n\t<meta property=\"og:image:height\" content=\"1708\" \/>\n\t<meta property=\"og:image:type\" content=\"image\/jpeg\" \/>\n<meta name=\"author\" content=\"Cardenal Felipe Arizmendi\" \/>\n<meta name=\"twitter:card\" content=\"summary_large_image\" \/>\n<meta name=\"twitter:creator\" content=\"@Exaudi_News\" \/>\n<meta name=\"twitter:site\" content=\"@Exaudi_News\" \/>\n<meta name=\"twitter:label1\" content=\"Escrito por\" \/>\n\t<meta name=\"twitter:data1\" content=\"Cardenal Felipe Arizmendi\" \/>\n\t<meta name=\"twitter:label2\" content=\"Tiempo de lectura\" \/>\n\t<meta name=\"twitter:data2\" content=\"4 minutos\" \/>\n<script type=\"application\/ld+json\" class=\"yoast-schema-graph\">{\"@context\":\"https:\\\/\\\/schema.org\",\"@graph\":[{\"@type\":\"Article\",\"@id\":\"https:\\\/\\\/exaudi.org\\\/es\\\/cardenal-arizmendi-otro-pais-desde-la-comunidad\\\/#article\",\"isPartOf\":{\"@id\":\"https:\\\/\\\/exaudi.org\\\/es\\\/cardenal-arizmendi-otro-pais-desde-la-comunidad\\\/\"},\"author\":{\"name\":\"Cardenal Felipe Arizmendi\",\"@id\":\"https:\\\/\\\/exaudi.org\\\/#\\\/schema\\\/person\\\/c7d223f87e58f1105d044d8da1439102\"},\"headline\":\"Cardenal Arizmendi: Otro pa\u00eds, desde la comunidad\",\"datePublished\":\"2021-08-04T07:01:59+00:00\",\"dateModified\":\"2021-08-04T14:44:20+00:00\",\"mainEntityOfPage\":{\"@id\":\"https:\\\/\\\/exaudi.org\\\/es\\\/cardenal-arizmendi-otro-pais-desde-la-comunidad\\\/\"},\"wordCount\":947,\"commentCount\":0,\"image\":{\"@id\":\"https:\\\/\\\/exaudi.org\\\/es\\\/cardenal-arizmendi-otro-pais-desde-la-comunidad\\\/#primaryimage\"},\"thumbnailUrl\":\"https:\\\/\\\/exaudi.org\\\/wp-content\\\/uploads\\\/2021\\\/08\\\/cathopic_1520886506178940-scaled.jpg\",\"keywords\":[\"Cardenal Felipe Arizmendi Esquivel\",\"M\u00e9xico\"],\"articleSection\":[\"\u00daltimas noticias\",\"Voces\"],\"inLanguage\":\"es\",\"potentialAction\":[{\"@type\":\"CommentAction\",\"name\":\"Comment\",\"target\":[\"https:\\\/\\\/exaudi.org\\\/es\\\/cardenal-arizmendi-otro-pais-desde-la-comunidad\\\/#respond\"]}]},{\"@type\":\"WebPage\",\"@id\":\"https:\\\/\\\/exaudi.org\\\/es\\\/cardenal-arizmendi-otro-pais-desde-la-comunidad\\\/\",\"url\":\"https:\\\/\\\/exaudi.org\\\/es\\\/cardenal-arizmendi-otro-pais-desde-la-comunidad\\\/\",\"name\":\"Cardenal Arizmendi: Otro pa\u00eds, desde la comunidad &#8211; Exaudi\",\"isPartOf\":{\"@id\":\"https:\\\/\\\/exaudi.org\\\/#website\"},\"primaryImageOfPage\":{\"@id\":\"https:\\\/\\\/exaudi.org\\\/es\\\/cardenal-arizmendi-otro-pais-desde-la-comunidad\\\/#primaryimage\"},\"image\":{\"@id\":\"https:\\\/\\\/exaudi.org\\\/es\\\/cardenal-arizmendi-otro-pais-desde-la-comunidad\\\/#primaryimage\"},\"thumbnailUrl\":\"https:\\\/\\\/exaudi.org\\\/wp-content\\\/uploads\\\/2021\\\/08\\\/cathopic_1520886506178940-scaled.jpg\",\"datePublished\":\"2021-08-04T07:01:59+00:00\",\"dateModified\":\"2021-08-04T14:44:20+00:00\",\"author\":{\"@id\":\"https:\\\/\\\/exaudi.org\\\/#\\\/schema\\\/person\\\/c7d223f87e58f1105d044d8da1439102\"},\"description\":\"El cardenal\u00a0Felipe Arizmendi, obispo em\u00e9rito de San Crist\u00f3bal de Las Casas, ofrece su art\u00edculo titulado \u201cOtro pa\u00eds, desde la comunidad\u201d.\",\"breadcrumb\":{\"@id\":\"https:\\\/\\\/exaudi.org\\\/es\\\/cardenal-arizmendi-otro-pais-desde-la-comunidad\\\/#breadcrumb\"},\"inLanguage\":\"es\",\"potentialAction\":[{\"@type\":\"ReadAction\",\"target\":[\"https:\\\/\\\/exaudi.org\\\/es\\\/cardenal-arizmendi-otro-pais-desde-la-comunidad\\\/\"]}]},{\"@type\":\"ImageObject\",\"inLanguage\":\"es\",\"@id\":\"https:\\\/\\\/exaudi.org\\\/es\\\/cardenal-arizmendi-otro-pais-desde-la-comunidad\\\/#primaryimage\",\"url\":\"https:\\\/\\\/exaudi.org\\\/wp-content\\\/uploads\\\/2021\\\/08\\\/cathopic_1520886506178940-scaled.jpg\",\"contentUrl\":\"https:\\\/\\\/exaudi.org\\\/wp-content\\\/uploads\\\/2021\\\/08\\\/cathopic_1520886506178940-scaled.jpg\",\"width\":2560,\"height\":1708,\"caption\":\"Comunidad \u00a9 Cathopic. Navegando\"},{\"@type\":\"BreadcrumbList\",\"@id\":\"https:\\\/\\\/exaudi.org\\\/es\\\/cardenal-arizmendi-otro-pais-desde-la-comunidad\\\/#breadcrumb\",\"itemListElement\":[{\"@type\":\"ListItem\",\"position\":1,\"name\":\"Portada\",\"item\":\"https:\\\/\\\/exaudi.org\\\/es\\\/\"},{\"@type\":\"ListItem\",\"position\":2,\"name\":\"Cardenal Arizmendi: Otro pa\u00eds, desde la comunidad\"}]},{\"@type\":\"WebSite\",\"@id\":\"https:\\\/\\\/exaudi.org\\\/#website\",\"url\":\"https:\\\/\\\/exaudi.org\\\/\",\"name\":\"Exaudi\",\"description\":\"News\",\"potentialAction\":[{\"@type\":\"SearchAction\",\"target\":{\"@type\":\"EntryPoint\",\"urlTemplate\":\"https:\\\/\\\/exaudi.org\\\/?s={search_term_string}\"},\"query-input\":{\"@type\":\"PropertyValueSpecification\",\"valueRequired\":true,\"valueName\":\"search_term_string\"}}],\"inLanguage\":\"es\"},{\"@type\":\"Person\",\"@id\":\"https:\\\/\\\/exaudi.org\\\/#\\\/schema\\\/person\\\/c7d223f87e58f1105d044d8da1439102\",\"name\":\"Cardenal Felipe Arizmendi\",\"image\":{\"@type\":\"ImageObject\",\"inLanguage\":\"es\",\"@id\":\"https:\\\/\\\/secure.gravatar.com\\\/avatar\\\/4ffc5520d896b86d39346168903de33a17ef0f23d16de0ff45062c1ff422ed2f?s=96&d=mm&r=g\",\"url\":\"https:\\\/\\\/secure.gravatar.com\\\/avatar\\\/4ffc5520d896b86d39346168903de33a17ef0f23d16de0ff45062c1ff422ed2f?s=96&d=mm&r=g\",\"contentUrl\":\"https:\\\/\\\/secure.gravatar.com\\\/avatar\\\/4ffc5520d896b86d39346168903de33a17ef0f23d16de0ff45062c1ff422ed2f?s=96&d=mm&r=g\",\"caption\":\"Cardenal Felipe Arizmendi\"},\"description\":\"Nacido en Chiltepec el 1 de mayo de 1940. Estudi\u00f3 Humanidades y Filosof\u00eda en el Seminario de Toluca, de 1952 a 1959. Curs\u00f3 la Teolog\u00eda en la Universidad Pontificia de Salamanca, Espa\u00f1a, de 1959 a 1963, obteniendo la licenciatura en Teolog\u00eda Dogm\u00e1tica. Por su cuenta, se especializ\u00f3 en Liturgia. Fue ordenado sacerdote el 25 de agosto de 1963 en Toluca. Sirvi\u00f3 como Vicario Parroquial en tres parroquias por tres a\u00f1os y medio y fue p\u00e1rroco de una comunidad ind\u00edgena otom\u00ed, de 1967 a 1970. Fue Director Espiritual del Seminario de Toluca por diez a\u00f1os, y Rector del mismo de 1981 a 1991. El 7 de marzo de 1991, fue ordenado obispo de la di\u00f3cesis de Tapachula, donde estuvo hasta el 30 de abril del a\u00f1o 2000. El 1 de mayo del 2000, inici\u00f3 su ministerio episcopal como XLVI obispo de la di\u00f3cesis de San Crist\u00f3bal de las Casas, Chiapas, una de las di\u00f3cesis m\u00e1s antiguas de M\u00e9xico, erigida en 1539; all\u00ed sirvi\u00f3 por casi 18 a\u00f1os. Ha ocupado diversos cargos en la Conferencia del Episcopado Mexicano y en el CELAM. El 3 de noviembre de 2017, el Papa Francisco le acept\u00f3, por edad, su renuncia al servicio episcopal en esta di\u00f3cesis, que entreg\u00f3 a su sucesor el 3 de enero de 2018. Desde entonces, reside en la ciudad de Toluca. Desde 1979, escribe art\u00edculos de actualidad en varios medios religiosos y civiles. Es autor de varias publicaciones.\",\"url\":\"https:\\\/\\\/exaudi.org\\\/es\\\/author\\\/felipearizmendi\\\/\"}]}<\/script>\n<!-- \/ Yoast SEO plugin. -->","yoast_head_json":{"title":"Cardenal Arizmendi: Otro pa\u00eds, desde la comunidad &#8211; Exaudi","description":"El cardenal\u00a0Felipe Arizmendi, obispo em\u00e9rito de San Crist\u00f3bal de Las Casas, ofrece su art\u00edculo titulado \u201cOtro pa\u00eds, desde la comunidad\u201d.","robots":{"index":"index","follow":"follow","max-snippet":"max-snippet:-1","max-image-preview":"max-image-preview:large","max-video-preview":"max-video-preview:-1"},"canonical":"https:\/\/exaudi.org\/es\/cardenal-arizmendi-otro-pais-desde-la-comunidad\/","og_locale":"es_ES","og_type":"article","og_title":"Cardenal Arizmendi: Otro pa\u00eds, desde la comunidad &#8211; Exaudi","og_description":"El cardenal\u00a0Felipe Arizmendi, obispo em\u00e9rito de San Crist\u00f3bal de Las Casas, ofrece su art\u00edculo titulado \u201cOtro pa\u00eds, desde la comunidad\u201d.","og_url":"https:\/\/exaudi.org\/es\/cardenal-arizmendi-otro-pais-desde-la-comunidad\/","og_site_name":"Exaudi","article_publisher":"https:\/\/www.facebook.com\/ExaudiNews","article_published_time":"2021-08-04T07:01:59+00:00","article_modified_time":"2021-08-04T14:44:20+00:00","og_image":[{"width":2560,"height":1708,"url":"https:\/\/exaudi.org\/wp-content\/uploads\/2021\/08\/cathopic_1520886506178940-scaled.jpg","type":"image\/jpeg"}],"author":"Cardenal Felipe Arizmendi","twitter_card":"summary_large_image","twitter_creator":"@Exaudi_News","twitter_site":"@Exaudi_News","twitter_misc":{"Escrito por":"Cardenal Felipe Arizmendi","Tiempo de lectura":"4 minutos"},"schema":{"@context":"https:\/\/schema.org","@graph":[{"@type":"Article","@id":"https:\/\/exaudi.org\/es\/cardenal-arizmendi-otro-pais-desde-la-comunidad\/#article","isPartOf":{"@id":"https:\/\/exaudi.org\/es\/cardenal-arizmendi-otro-pais-desde-la-comunidad\/"},"author":{"name":"Cardenal Felipe Arizmendi","@id":"https:\/\/exaudi.org\/#\/schema\/person\/c7d223f87e58f1105d044d8da1439102"},"headline":"Cardenal Arizmendi: Otro pa\u00eds, desde la comunidad","datePublished":"2021-08-04T07:01:59+00:00","dateModified":"2021-08-04T14:44:20+00:00","mainEntityOfPage":{"@id":"https:\/\/exaudi.org\/es\/cardenal-arizmendi-otro-pais-desde-la-comunidad\/"},"wordCount":947,"commentCount":0,"image":{"@id":"https:\/\/exaudi.org\/es\/cardenal-arizmendi-otro-pais-desde-la-comunidad\/#primaryimage"},"thumbnailUrl":"https:\/\/exaudi.org\/wp-content\/uploads\/2021\/08\/cathopic_1520886506178940-scaled.jpg","keywords":["Cardenal Felipe Arizmendi Esquivel","M\u00e9xico"],"articleSection":["\u00daltimas noticias","Voces"],"inLanguage":"es","potentialAction":[{"@type":"CommentAction","name":"Comment","target":["https:\/\/exaudi.org\/es\/cardenal-arizmendi-otro-pais-desde-la-comunidad\/#respond"]}]},{"@type":"WebPage","@id":"https:\/\/exaudi.org\/es\/cardenal-arizmendi-otro-pais-desde-la-comunidad\/","url":"https:\/\/exaudi.org\/es\/cardenal-arizmendi-otro-pais-desde-la-comunidad\/","name":"Cardenal Arizmendi: Otro pa\u00eds, desde la comunidad &#8211; Exaudi","isPartOf":{"@id":"https:\/\/exaudi.org\/#website"},"primaryImageOfPage":{"@id":"https:\/\/exaudi.org\/es\/cardenal-arizmendi-otro-pais-desde-la-comunidad\/#primaryimage"},"image":{"@id":"https:\/\/exaudi.org\/es\/cardenal-arizmendi-otro-pais-desde-la-comunidad\/#primaryimage"},"thumbnailUrl":"https:\/\/exaudi.org\/wp-content\/uploads\/2021\/08\/cathopic_1520886506178940-scaled.jpg","datePublished":"2021-08-04T07:01:59+00:00","dateModified":"2021-08-04T14:44:20+00:00","author":{"@id":"https:\/\/exaudi.org\/#\/schema\/person\/c7d223f87e58f1105d044d8da1439102"},"description":"El cardenal\u00a0Felipe Arizmendi, obispo em\u00e9rito de San Crist\u00f3bal de Las Casas, ofrece su art\u00edculo titulado \u201cOtro pa\u00eds, desde la comunidad\u201d.","breadcrumb":{"@id":"https:\/\/exaudi.org\/es\/cardenal-arizmendi-otro-pais-desde-la-comunidad\/#breadcrumb"},"inLanguage":"es","potentialAction":[{"@type":"ReadAction","target":["https:\/\/exaudi.org\/es\/cardenal-arizmendi-otro-pais-desde-la-comunidad\/"]}]},{"@type":"ImageObject","inLanguage":"es","@id":"https:\/\/exaudi.org\/es\/cardenal-arizmendi-otro-pais-desde-la-comunidad\/#primaryimage","url":"https:\/\/exaudi.org\/wp-content\/uploads\/2021\/08\/cathopic_1520886506178940-scaled.jpg","contentUrl":"https:\/\/exaudi.org\/wp-content\/uploads\/2021\/08\/cathopic_1520886506178940-scaled.jpg","width":2560,"height":1708,"caption":"Comunidad \u00a9 Cathopic. Navegando"},{"@type":"BreadcrumbList","@id":"https:\/\/exaudi.org\/es\/cardenal-arizmendi-otro-pais-desde-la-comunidad\/#breadcrumb","itemListElement":[{"@type":"ListItem","position":1,"name":"Portada","item":"https:\/\/exaudi.org\/es\/"},{"@type":"ListItem","position":2,"name":"Cardenal Arizmendi: Otro pa\u00eds, desde la comunidad"}]},{"@type":"WebSite","@id":"https:\/\/exaudi.org\/#website","url":"https:\/\/exaudi.org\/","name":"Exaudi","description":"News","potentialAction":[{"@type":"SearchAction","target":{"@type":"EntryPoint","urlTemplate":"https:\/\/exaudi.org\/?s={search_term_string}"},"query-input":{"@type":"PropertyValueSpecification","valueRequired":true,"valueName":"search_term_string"}}],"inLanguage":"es"},{"@type":"Person","@id":"https:\/\/exaudi.org\/#\/schema\/person\/c7d223f87e58f1105d044d8da1439102","name":"Cardenal Felipe Arizmendi","image":{"@type":"ImageObject","inLanguage":"es","@id":"https:\/\/secure.gravatar.com\/avatar\/4ffc5520d896b86d39346168903de33a17ef0f23d16de0ff45062c1ff422ed2f?s=96&d=mm&r=g","url":"https:\/\/secure.gravatar.com\/avatar\/4ffc5520d896b86d39346168903de33a17ef0f23d16de0ff45062c1ff422ed2f?s=96&d=mm&r=g","contentUrl":"https:\/\/secure.gravatar.com\/avatar\/4ffc5520d896b86d39346168903de33a17ef0f23d16de0ff45062c1ff422ed2f?s=96&d=mm&r=g","caption":"Cardenal Felipe Arizmendi"},"description":"Nacido en Chiltepec el 1 de mayo de 1940. Estudi\u00f3 Humanidades y Filosof\u00eda en el Seminario de Toluca, de 1952 a 1959. Curs\u00f3 la Teolog\u00eda en la Universidad Pontificia de Salamanca, Espa\u00f1a, de 1959 a 1963, obteniendo la licenciatura en Teolog\u00eda Dogm\u00e1tica. Por su cuenta, se especializ\u00f3 en Liturgia. Fue ordenado sacerdote el 25 de agosto de 1963 en Toluca. Sirvi\u00f3 como Vicario Parroquial en tres parroquias por tres a\u00f1os y medio y fue p\u00e1rroco de una comunidad ind\u00edgena otom\u00ed, de 1967 a 1970. Fue Director Espiritual del Seminario de Toluca por diez a\u00f1os, y Rector del mismo de 1981 a 1991. El 7 de marzo de 1991, fue ordenado obispo de la di\u00f3cesis de Tapachula, donde estuvo hasta el 30 de abril del a\u00f1o 2000. El 1 de mayo del 2000, inici\u00f3 su ministerio episcopal como XLVI obispo de la di\u00f3cesis de San Crist\u00f3bal de las Casas, Chiapas, una de las di\u00f3cesis m\u00e1s antiguas de M\u00e9xico, erigida en 1539; all\u00ed sirvi\u00f3 por casi 18 a\u00f1os. Ha ocupado diversos cargos en la Conferencia del Episcopado Mexicano y en el CELAM. El 3 de noviembre de 2017, el Papa Francisco le acept\u00f3, por edad, su renuncia al servicio episcopal en esta di\u00f3cesis, que entreg\u00f3 a su sucesor el 3 de enero de 2018. Desde entonces, reside en la ciudad de Toluca. Desde 1979, escribe art\u00edculos de actualidad en varios medios religiosos y civiles. Es autor de varias publicaciones.","url":"https:\/\/exaudi.org\/es\/author\/felipearizmendi\/"}]}},"jetpack_featured_media_url":"https:\/\/exaudi.org\/wp-content\/uploads\/2021\/08\/cathopic_1520886506178940-scaled.jpg","jetpack_shortlink":"https:\/\/wp.me\/pgKjF2-7EU","_links":{"self":[{"href":"https:\/\/exaudi.org\/es\/wp-json\/wp\/v2\/posts\/29444","targetHints":{"allow":["GET"]}}],"collection":[{"href":"https:\/\/exaudi.org\/es\/wp-json\/wp\/v2\/posts"}],"about":[{"href":"https:\/\/exaudi.org\/es\/wp-json\/wp\/v2\/types\/post"}],"author":[{"embeddable":true,"href":"https:\/\/exaudi.org\/es\/wp-json\/wp\/v2\/users\/24"}],"replies":[{"embeddable":true,"href":"https:\/\/exaudi.org\/es\/wp-json\/wp\/v2\/comments?post=29444"}],"version-history":[{"count":0,"href":"https:\/\/exaudi.org\/es\/wp-json\/wp\/v2\/posts\/29444\/revisions"}],"wp:featuredmedia":[{"embeddable":true,"href":"https:\/\/exaudi.org\/es\/wp-json\/wp\/v2\/media\/29448"}],"wp:attachment":[{"href":"https:\/\/exaudi.org\/es\/wp-json\/wp\/v2\/media?parent=29444"}],"wp:term":[{"taxonomy":"category","embeddable":true,"href":"https:\/\/exaudi.org\/es\/wp-json\/wp\/v2\/categories?post=29444"},{"taxonomy":"post_tag","embeddable":true,"href":"https:\/\/exaudi.org\/es\/wp-json\/wp\/v2\/tags?post=29444"}],"curies":[{"name":"wp","href":"https:\/\/api.w.org\/{rel}","templated":true}]}}