{"id":29396,"date":"2021-08-03T16:01:49","date_gmt":"2021-08-03T14:01:49","guid":{"rendered":"https:\/\/exaudi.org\/?p=29396"},"modified":"2021-08-03T18:06:04","modified_gmt":"2021-08-03T16:06:04","slug":"academia-ciencias-ewine-fleur-van-dishoeck","status":"publish","type":"post","link":"https:\/\/exaudi.org\/es\/academia-ciencias-ewine-fleur-van-dishoeck\/","title":{"rendered":"Academia de las Ciencias: Ewine Fleur van Dishoeck, nuevo miembro"},"content":{"rendered":"<p>El Papa Francisco ha nombrado a la profesora Ewine Fleur van Dishoeck, catedr\u00e1tica de Astrof\u00edsica Molecular en el Observatorio de Leiden, Pa\u00edses Bajos, miembro ordinario de la <a href=\"https:\/\/www.vatican.va\/roman_curia\/pontifical_academies\/acdscien\/index_sp.htm\" target=\"_blank\" rel=\"noopener noreferrer\">Pontificia Academia de las Ciencias<\/a>.<\/p>\n<h4><strong>Ewine Fleur van Dishoeck<\/strong><\/h4>\n<p>Naci\u00f3 el 13 de junio de 1955 en Leiden. Se licenci\u00f3 en Qu\u00edmica en la <em>Universiteit Leiden<\/em> y se doctor\u00f3 en la misma universidad. Actualmente es profesora de astrof\u00edsica molecular en el Observatorio de Leiden.<\/p>\n<p>Desde 2018 es miembro honorario de la <em>Koninklijke Nederlandse Chemische Vereniging.<\/em> Sus investigaciones se centran en: la transferencia radiativa de la radiaci\u00f3n lineal y continua; las mol\u00e9culas interestelares; la evoluci\u00f3n f\u00edsica y qu\u00edmica durante la formaci\u00f3n de estrellas y planetas; la astronom\u00eda submilim\u00e9trica y del infrarrojo medio; y los procesos moleculares b\u00e1sicos.<\/p>\n<h4><strong>Pontificia Academia de las Ciencias<\/strong><\/h4>\n<p>El Vaticano describe que la Pontificia Academia de las Ciencias es de alcance internacional, multirracial en su composici\u00f3n, y no-sectaria en la elecci\u00f3n de sus miembros. El trabajo de la Academia incluye seis grandes \u00e1reas: ciencias b\u00e1sicas, ciencias y tecnolog\u00eda de los problemas globales, ciencia de los problemas del mundo en desarrollo, pol\u00edtica cient\u00edfica, bio\u00e9tica, epistemolog\u00eda.<\/p>\n","protected":false},"excerpt":{"rendered":"<p>Nombrada por el Santo Padre<\/p>\n","protected":false},"author":5,"featured_media":29397,"comment_status":"open","ping_status":"open","sticky":false,"template":"","format":"standard","meta":{"_acf_changed":false,"_crdt_document":"","inline_featured_image":false,"footnotes":""},"categories":[298,132],"tags":[3578,3528],"class_list":["post-29396","post","type-post","status-publish","format-standard","has-post-thumbnail","hentry","category-ultimas-noticias","category-vaticano-es","tag-ewine-fleur-van-dishoeck","tag-pontificia-academia-de-las-ciencias"],"acf":[],"yoast_head":"<!-- This site is optimized with the Yoast SEO plugin v27.5 - https:\/\/yoast.com\/product\/yoast-seo-wordpress\/ -->\n<title>Academia de las Ciencias: Ewine Fleur van Dishoeck, nuevo miembro &#8211; Exaudi<\/title>\n<meta name=\"description\" content=\"El Papa ha nombrado a Ewine Fleur van Dishoeck, catedr\u00e1tica de Astrof\u00edsica Molecular, miembro de la Pontificia Academia de las Ciencias.\" \/>\n<meta name=\"robots\" content=\"index, follow, max-snippet:-1, max-image-preview:large, max-video-preview:-1\" \/>\n<link rel=\"canonical\" href=\"https:\/\/exaudi.org\/es\/academia-ciencias-ewine-fleur-van-dishoeck\/\" \/>\n<meta property=\"og:locale\" content=\"es_ES\" \/>\n<meta property=\"og:type\" content=\"article\" \/>\n<meta property=\"og:title\" content=\"Academia de las Ciencias: Ewine Fleur van Dishoeck, nuevo miembro &#8211; Exaudi\" \/>\n<meta property=\"og:description\" content=\"El Papa ha nombrado a Ewine Fleur van Dishoeck, catedr\u00e1tica de Astrof\u00edsica Molecular, miembro de la Pontificia Academia de las Ciencias.\" \/>\n<meta property=\"og:url\" content=\"https:\/\/exaudi.org\/es\/academia-ciencias-ewine-fleur-van-dishoeck\/\" \/>\n<meta property=\"og:site_name\" content=\"Exaudi\" \/>\n<meta property=\"article:publisher\" content=\"https:\/\/www.facebook.com\/ExaudiNews\" \/>\n<meta property=\"article:published_time\" content=\"2021-08-03T14:01:49+00:00\" \/>\n<meta property=\"article:modified_time\" content=\"2021-08-03T16:06:04+00:00\" \/>\n<meta property=\"og:image\" content=\"https:\/\/exaudi.org\/wp-content\/uploads\/2021\/08\/\u00a9-Ewine-Fleur-van-Dishoeck.jpg\" \/>\n\t<meta property=\"og:image:width\" content=\"2244\" \/>\n\t<meta property=\"og:image:height\" content=\"1820\" \/>\n\t<meta property=\"og:image:type\" content=\"image\/jpeg\" \/>\n<meta name=\"author\" content=\"Larissa I. L\u00f3pez\" \/>\n<meta name=\"twitter:card\" content=\"summary_large_image\" \/>\n<meta name=\"twitter:creator\" content=\"@Exaudi_News\" \/>\n<meta name=\"twitter:site\" content=\"@Exaudi_News\" \/>\n<meta name=\"twitter:label1\" content=\"Escrito por\" \/>\n\t<meta name=\"twitter:data1\" content=\"Larissa I. L\u00f3pez\" \/>\n\t<meta name=\"twitter:label2\" content=\"Tiempo de lectura\" \/>\n\t<meta name=\"twitter:data2\" content=\"1 minuto\" \/>\n<script type=\"application\/ld+json\" class=\"yoast-schema-graph\">{\"@context\":\"https:\\\/\\\/schema.org\",\"@graph\":[{\"@type\":\"Article\",\"@id\":\"https:\\\/\\\/exaudi.org\\\/es\\\/academia-ciencias-ewine-fleur-van-dishoeck\\\/#article\",\"isPartOf\":{\"@id\":\"https:\\\/\\\/exaudi.org\\\/es\\\/academia-ciencias-ewine-fleur-van-dishoeck\\\/\"},\"author\":{\"name\":\"Larissa I. L\u00f3pez\",\"@id\":\"https:\\\/\\\/exaudi.org\\\/#\\\/schema\\\/person\\\/7d2f77db033c2c0929edfab6dbe8c588\"},\"headline\":\"Academia de las Ciencias: Ewine Fleur van Dishoeck, nuevo miembro\",\"datePublished\":\"2021-08-03T14:01:49+00:00\",\"dateModified\":\"2021-08-03T16:06:04+00:00\",\"mainEntityOfPage\":{\"@id\":\"https:\\\/\\\/exaudi.org\\\/es\\\/academia-ciencias-ewine-fleur-van-dishoeck\\\/\"},\"wordCount\":213,\"commentCount\":0,\"image\":{\"@id\":\"https:\\\/\\\/exaudi.org\\\/es\\\/academia-ciencias-ewine-fleur-van-dishoeck\\\/#primaryimage\"},\"thumbnailUrl\":\"https:\\\/\\\/exaudi.org\\\/wp-content\\\/uploads\\\/2021\\\/08\\\/\u00a9-Ewine-Fleur-van-Dishoeck.jpg\",\"keywords\":[\"Ewine Fleur van Dishoeck\",\"Pontificia Academia de las Ciencias\"],\"articleSection\":[\"\u00daltimas noticias\",\"Vaticano\"],\"inLanguage\":\"es\",\"potentialAction\":[{\"@type\":\"CommentAction\",\"name\":\"Comment\",\"target\":[\"https:\\\/\\\/exaudi.org\\\/es\\\/academia-ciencias-ewine-fleur-van-dishoeck\\\/#respond\"]}]},{\"@type\":\"WebPage\",\"@id\":\"https:\\\/\\\/exaudi.org\\\/es\\\/academia-ciencias-ewine-fleur-van-dishoeck\\\/\",\"url\":\"https:\\\/\\\/exaudi.org\\\/es\\\/academia-ciencias-ewine-fleur-van-dishoeck\\\/\",\"name\":\"Academia de las Ciencias: Ewine Fleur van Dishoeck, nuevo miembro &#8211; Exaudi\",\"isPartOf\":{\"@id\":\"https:\\\/\\\/exaudi.org\\\/#website\"},\"primaryImageOfPage\":{\"@id\":\"https:\\\/\\\/exaudi.org\\\/es\\\/academia-ciencias-ewine-fleur-van-dishoeck\\\/#primaryimage\"},\"image\":{\"@id\":\"https:\\\/\\\/exaudi.org\\\/es\\\/academia-ciencias-ewine-fleur-van-dishoeck\\\/#primaryimage\"},\"thumbnailUrl\":\"https:\\\/\\\/exaudi.org\\\/wp-content\\\/uploads\\\/2021\\\/08\\\/\u00a9-Ewine-Fleur-van-Dishoeck.jpg\",\"datePublished\":\"2021-08-03T14:01:49+00:00\",\"dateModified\":\"2021-08-03T16:06:04+00:00\",\"author\":{\"@id\":\"https:\\\/\\\/exaudi.org\\\/#\\\/schema\\\/person\\\/7d2f77db033c2c0929edfab6dbe8c588\"},\"description\":\"El Papa ha nombrado a Ewine Fleur van Dishoeck, catedr\u00e1tica de Astrof\u00edsica Molecular, miembro de la Pontificia Academia de las Ciencias.\",\"breadcrumb\":{\"@id\":\"https:\\\/\\\/exaudi.org\\\/es\\\/academia-ciencias-ewine-fleur-van-dishoeck\\\/#breadcrumb\"},\"inLanguage\":\"es\",\"potentialAction\":[{\"@type\":\"ReadAction\",\"target\":[\"https:\\\/\\\/exaudi.org\\\/es\\\/academia-ciencias-ewine-fleur-van-dishoeck\\\/\"]}]},{\"@type\":\"ImageObject\",\"inLanguage\":\"es\",\"@id\":\"https:\\\/\\\/exaudi.org\\\/es\\\/academia-ciencias-ewine-fleur-van-dishoeck\\\/#primaryimage\",\"url\":\"https:\\\/\\\/exaudi.org\\\/wp-content\\\/uploads\\\/2021\\\/08\\\/\u00a9-Ewine-Fleur-van-Dishoeck.jpg\",\"contentUrl\":\"https:\\\/\\\/exaudi.org\\\/wp-content\\\/uploads\\\/2021\\\/08\\\/\u00a9-Ewine-Fleur-van-Dishoeck.jpg\",\"width\":2244,\"height\":1820,\"caption\":\"Ewine Fleur van Dishoeck\"},{\"@type\":\"BreadcrumbList\",\"@id\":\"https:\\\/\\\/exaudi.org\\\/es\\\/academia-ciencias-ewine-fleur-van-dishoeck\\\/#breadcrumb\",\"itemListElement\":[{\"@type\":\"ListItem\",\"position\":1,\"name\":\"Portada\",\"item\":\"https:\\\/\\\/exaudi.org\\\/es\\\/\"},{\"@type\":\"ListItem\",\"position\":2,\"name\":\"Academia de las Ciencias: Ewine Fleur van Dishoeck, nuevo miembro\"}]},{\"@type\":\"WebSite\",\"@id\":\"https:\\\/\\\/exaudi.org\\\/#website\",\"url\":\"https:\\\/\\\/exaudi.org\\\/\",\"name\":\"Exaudi\",\"description\":\"News\",\"potentialAction\":[{\"@type\":\"SearchAction\",\"target\":{\"@type\":\"EntryPoint\",\"urlTemplate\":\"https:\\\/\\\/exaudi.org\\\/?s={search_term_string}\"},\"query-input\":{\"@type\":\"PropertyValueSpecification\",\"valueRequired\":true,\"valueName\":\"search_term_string\"}}],\"inLanguage\":\"es\"},{\"@type\":\"Person\",\"@id\":\"https:\\\/\\\/exaudi.org\\\/#\\\/schema\\\/person\\\/7d2f77db033c2c0929edfab6dbe8c588\",\"name\":\"Larissa I. L\u00f3pez\",\"image\":{\"@type\":\"ImageObject\",\"inLanguage\":\"es\",\"@id\":\"https:\\\/\\\/secure.gravatar.com\\\/avatar\\\/db3ef399ff343d0bb9d25dc5198bc8ece5ac6d621eca79876697a354dabc1e3f?s=96&d=mm&r=g\",\"url\":\"https:\\\/\\\/secure.gravatar.com\\\/avatar\\\/db3ef399ff343d0bb9d25dc5198bc8ece5ac6d621eca79876697a354dabc1e3f?s=96&d=mm&r=g\",\"contentUrl\":\"https:\\\/\\\/secure.gravatar.com\\\/avatar\\\/db3ef399ff343d0bb9d25dc5198bc8ece5ac6d621eca79876697a354dabc1e3f?s=96&d=mm&r=g\",\"caption\":\"Larissa I. L\u00f3pez\"},\"description\":\"Doctora en Comunicaci\u00f3n. Mi trayectoria profesional ha transcurrido entre el \u00e1mbito de la comunicaci\u00f3n y el de la docencia. En los \u00faltimos a\u00f1os, he trabajado como coordinadora y redactora de la edici\u00f3n de ZENIT en espa\u00f1ol. Como profesora, he impartido clases en la universidad y en centros de FP y bachillerato. Cordobesa de nacimiento, tambi\u00e9n he vivido en Sevilla, Madrid y Roma\",\"url\":\"https:\\\/\\\/exaudi.org\\\/es\\\/author\\\/llopezexaudi-org\\\/\"}]}<\/script>\n<!-- \/ Yoast SEO plugin. -->","yoast_head_json":{"title":"Academia de las Ciencias: Ewine Fleur van Dishoeck, nuevo miembro &#8211; Exaudi","description":"El Papa ha nombrado a Ewine Fleur van Dishoeck, catedr\u00e1tica de Astrof\u00edsica Molecular, miembro de la Pontificia Academia de las Ciencias.","robots":{"index":"index","follow":"follow","max-snippet":"max-snippet:-1","max-image-preview":"max-image-preview:large","max-video-preview":"max-video-preview:-1"},"canonical":"https:\/\/exaudi.org\/es\/academia-ciencias-ewine-fleur-van-dishoeck\/","og_locale":"es_ES","og_type":"article","og_title":"Academia de las Ciencias: Ewine Fleur van Dishoeck, nuevo miembro &#8211; Exaudi","og_description":"El Papa ha nombrado a Ewine Fleur van Dishoeck, catedr\u00e1tica de Astrof\u00edsica Molecular, miembro de la Pontificia Academia de las Ciencias.","og_url":"https:\/\/exaudi.org\/es\/academia-ciencias-ewine-fleur-van-dishoeck\/","og_site_name":"Exaudi","article_publisher":"https:\/\/www.facebook.com\/ExaudiNews","article_published_time":"2021-08-03T14:01:49+00:00","article_modified_time":"2021-08-03T16:06:04+00:00","og_image":[{"width":2244,"height":1820,"url":"https:\/\/exaudi.org\/wp-content\/uploads\/2021\/08\/\u00a9-Ewine-Fleur-van-Dishoeck.jpg","type":"image\/jpeg"}],"author":"Larissa I. L\u00f3pez","twitter_card":"summary_large_image","twitter_creator":"@Exaudi_News","twitter_site":"@Exaudi_News","twitter_misc":{"Escrito por":"Larissa I. L\u00f3pez","Tiempo de lectura":"1 minuto"},"schema":{"@context":"https:\/\/schema.org","@graph":[{"@type":"Article","@id":"https:\/\/exaudi.org\/es\/academia-ciencias-ewine-fleur-van-dishoeck\/#article","isPartOf":{"@id":"https:\/\/exaudi.org\/es\/academia-ciencias-ewine-fleur-van-dishoeck\/"},"author":{"name":"Larissa I. L\u00f3pez","@id":"https:\/\/exaudi.org\/#\/schema\/person\/7d2f77db033c2c0929edfab6dbe8c588"},"headline":"Academia de las Ciencias: Ewine Fleur van Dishoeck, nuevo miembro","datePublished":"2021-08-03T14:01:49+00:00","dateModified":"2021-08-03T16:06:04+00:00","mainEntityOfPage":{"@id":"https:\/\/exaudi.org\/es\/academia-ciencias-ewine-fleur-van-dishoeck\/"},"wordCount":213,"commentCount":0,"image":{"@id":"https:\/\/exaudi.org\/es\/academia-ciencias-ewine-fleur-van-dishoeck\/#primaryimage"},"thumbnailUrl":"https:\/\/exaudi.org\/wp-content\/uploads\/2021\/08\/\u00a9-Ewine-Fleur-van-Dishoeck.jpg","keywords":["Ewine Fleur van Dishoeck","Pontificia Academia de las Ciencias"],"articleSection":["\u00daltimas noticias","Vaticano"],"inLanguage":"es","potentialAction":[{"@type":"CommentAction","name":"Comment","target":["https:\/\/exaudi.org\/es\/academia-ciencias-ewine-fleur-van-dishoeck\/#respond"]}]},{"@type":"WebPage","@id":"https:\/\/exaudi.org\/es\/academia-ciencias-ewine-fleur-van-dishoeck\/","url":"https:\/\/exaudi.org\/es\/academia-ciencias-ewine-fleur-van-dishoeck\/","name":"Academia de las Ciencias: Ewine Fleur van Dishoeck, nuevo miembro &#8211; Exaudi","isPartOf":{"@id":"https:\/\/exaudi.org\/#website"},"primaryImageOfPage":{"@id":"https:\/\/exaudi.org\/es\/academia-ciencias-ewine-fleur-van-dishoeck\/#primaryimage"},"image":{"@id":"https:\/\/exaudi.org\/es\/academia-ciencias-ewine-fleur-van-dishoeck\/#primaryimage"},"thumbnailUrl":"https:\/\/exaudi.org\/wp-content\/uploads\/2021\/08\/\u00a9-Ewine-Fleur-van-Dishoeck.jpg","datePublished":"2021-08-03T14:01:49+00:00","dateModified":"2021-08-03T16:06:04+00:00","author":{"@id":"https:\/\/exaudi.org\/#\/schema\/person\/7d2f77db033c2c0929edfab6dbe8c588"},"description":"El Papa ha nombrado a Ewine Fleur van Dishoeck, catedr\u00e1tica de Astrof\u00edsica Molecular, miembro de la Pontificia Academia de las Ciencias.","breadcrumb":{"@id":"https:\/\/exaudi.org\/es\/academia-ciencias-ewine-fleur-van-dishoeck\/#breadcrumb"},"inLanguage":"es","potentialAction":[{"@type":"ReadAction","target":["https:\/\/exaudi.org\/es\/academia-ciencias-ewine-fleur-van-dishoeck\/"]}]},{"@type":"ImageObject","inLanguage":"es","@id":"https:\/\/exaudi.org\/es\/academia-ciencias-ewine-fleur-van-dishoeck\/#primaryimage","url":"https:\/\/exaudi.org\/wp-content\/uploads\/2021\/08\/\u00a9-Ewine-Fleur-van-Dishoeck.jpg","contentUrl":"https:\/\/exaudi.org\/wp-content\/uploads\/2021\/08\/\u00a9-Ewine-Fleur-van-Dishoeck.jpg","width":2244,"height":1820,"caption":"Ewine Fleur van Dishoeck"},{"@type":"BreadcrumbList","@id":"https:\/\/exaudi.org\/es\/academia-ciencias-ewine-fleur-van-dishoeck\/#breadcrumb","itemListElement":[{"@type":"ListItem","position":1,"name":"Portada","item":"https:\/\/exaudi.org\/es\/"},{"@type":"ListItem","position":2,"name":"Academia de las Ciencias: Ewine Fleur van Dishoeck, nuevo miembro"}]},{"@type":"WebSite","@id":"https:\/\/exaudi.org\/#website","url":"https:\/\/exaudi.org\/","name":"Exaudi","description":"News","potentialAction":[{"@type":"SearchAction","target":{"@type":"EntryPoint","urlTemplate":"https:\/\/exaudi.org\/?s={search_term_string}"},"query-input":{"@type":"PropertyValueSpecification","valueRequired":true,"valueName":"search_term_string"}}],"inLanguage":"es"},{"@type":"Person","@id":"https:\/\/exaudi.org\/#\/schema\/person\/7d2f77db033c2c0929edfab6dbe8c588","name":"Larissa I. L\u00f3pez","image":{"@type":"ImageObject","inLanguage":"es","@id":"https:\/\/secure.gravatar.com\/avatar\/db3ef399ff343d0bb9d25dc5198bc8ece5ac6d621eca79876697a354dabc1e3f?s=96&d=mm&r=g","url":"https:\/\/secure.gravatar.com\/avatar\/db3ef399ff343d0bb9d25dc5198bc8ece5ac6d621eca79876697a354dabc1e3f?s=96&d=mm&r=g","contentUrl":"https:\/\/secure.gravatar.com\/avatar\/db3ef399ff343d0bb9d25dc5198bc8ece5ac6d621eca79876697a354dabc1e3f?s=96&d=mm&r=g","caption":"Larissa I. L\u00f3pez"},"description":"Doctora en Comunicaci\u00f3n. Mi trayectoria profesional ha transcurrido entre el \u00e1mbito de la comunicaci\u00f3n y el de la docencia. En los \u00faltimos a\u00f1os, he trabajado como coordinadora y redactora de la edici\u00f3n de ZENIT en espa\u00f1ol. Como profesora, he impartido clases en la universidad y en centros de FP y bachillerato. Cordobesa de nacimiento, tambi\u00e9n he vivido en Sevilla, Madrid y Roma","url":"https:\/\/exaudi.org\/es\/author\/llopezexaudi-org\/"}]}},"jetpack_featured_media_url":"https:\/\/exaudi.org\/wp-content\/uploads\/2021\/08\/\u00a9-Ewine-Fleur-van-Dishoeck.jpg","jetpack_shortlink":"https:\/\/wp.me\/pgKjF2-7E8","_links":{"self":[{"href":"https:\/\/exaudi.org\/es\/wp-json\/wp\/v2\/posts\/29396","targetHints":{"allow":["GET"]}}],"collection":[{"href":"https:\/\/exaudi.org\/es\/wp-json\/wp\/v2\/posts"}],"about":[{"href":"https:\/\/exaudi.org\/es\/wp-json\/wp\/v2\/types\/post"}],"author":[{"embeddable":true,"href":"https:\/\/exaudi.org\/es\/wp-json\/wp\/v2\/users\/5"}],"replies":[{"embeddable":true,"href":"https:\/\/exaudi.org\/es\/wp-json\/wp\/v2\/comments?post=29396"}],"version-history":[{"count":0,"href":"https:\/\/exaudi.org\/es\/wp-json\/wp\/v2\/posts\/29396\/revisions"}],"wp:featuredmedia":[{"embeddable":true,"href":"https:\/\/exaudi.org\/es\/wp-json\/wp\/v2\/media\/29397"}],"wp:attachment":[{"href":"https:\/\/exaudi.org\/es\/wp-json\/wp\/v2\/media?parent=29396"}],"wp:term":[{"taxonomy":"category","embeddable":true,"href":"https:\/\/exaudi.org\/es\/wp-json\/wp\/v2\/categories?post=29396"},{"taxonomy":"post_tag","embeddable":true,"href":"https:\/\/exaudi.org\/es\/wp-json\/wp\/v2\/tags?post=29396"}],"curies":[{"name":"wp","href":"https:\/\/api.w.org\/{rel}","templated":true}]}}