{"id":29273,"date":"2021-08-02T17:19:31","date_gmt":"2021-08-02T15:19:31","guid":{"rendered":"https:\/\/exaudi.org\/?p=29273"},"modified":"2021-08-03T16:01:38","modified_gmt":"2021-08-03T14:01:38","slug":"nicaragua-ano-quema-sangre-de-cristo-dia-silencio","status":"publish","type":"post","link":"https:\/\/exaudi.org\/es\/nicaragua-ano-quema-sangre-de-cristo-dia-silencio\/","title":{"rendered":"Nicaragua: 1 a\u00f1o de la quema de la Sangre de Cristo, \u201cd\u00eda del silencio\u201d"},"content":{"rendered":"<p>Desde tempranas horas del pasado s\u00e1bado 31 de julio de 2021, inici\u00f3 la <a href=\"https:\/\/exaudi.org\/es\/nicaragua-oracion-imagen-sangre-cristo\/\" target=\"_blank\" rel=\"noopener noreferrer\">jornada de oraci\u00f3n<\/a> a la que el cardenal Leopoldo Brenes llam\u00f3 \u201cel d\u00eda del silencio\u201d. Las compuertas de la capilla de la Sangre de Cristo fueron abiertas en la catedral de Managua para que los feligreses levantaran sus plegarias ante la imagen calcinada.<\/p>\n<p>La Iglesia cat\u00f3lica de Nicaragua celebr\u00f3 una Misa de desagravio por la hist\u00f3rica imagen de la\u00a0<a href=\"https:\/\/www.confidencial.com.ni\/nacion\/atentado-con-bomba-molotov-en-la-catedral-de-managua\/\">Sangre de Cristo de la catedral de Managua, que fue calcinada el 31 de julio<\/a>\u00a0de 2020, en un acto que el Papa Francisco calific\u00f3 de \u201catentado\u201d, mientras que las autoridades nicarag\u00fcenses lo determinaron como un \u201caccidente\u201d.<\/p>\n<p><img loading=\"lazy\" decoding=\"async\" class=\"size-medium wp-image-29278 alignleft\" src=\"https:\/\/exaudi.org\/wp-content\/uploads\/2021\/08\/227175799_3723076527916840_756244191819267290_n-300x225.jpg\" alt=\"\" width=\"300\" height=\"225\" srcset=\"https:\/\/exaudi.org\/wp-content\/uploads\/2021\/08\/227175799_3723076527916840_756244191819267290_n-300x225.jpg 300w, https:\/\/exaudi.org\/wp-content\/uploads\/2021\/08\/227175799_3723076527916840_756244191819267290_n-1024x768.jpg 1024w, https:\/\/exaudi.org\/wp-content\/uploads\/2021\/08\/227175799_3723076527916840_756244191819267290_n-768x576.jpg 768w, https:\/\/exaudi.org\/wp-content\/uploads\/2021\/08\/227175799_3723076527916840_756244191819267290_n-1536x1152.jpg 1536w, https:\/\/exaudi.org\/wp-content\/uploads\/2021\/08\/227175799_3723076527916840_756244191819267290_n-150x113.jpg 150w, https:\/\/exaudi.org\/wp-content\/uploads\/2021\/08\/227175799_3723076527916840_756244191819267290_n-696x522.jpg 696w, https:\/\/exaudi.org\/wp-content\/uploads\/2021\/08\/227175799_3723076527916840_756244191819267290_n-1068x801.jpg 1068w, https:\/\/exaudi.org\/wp-content\/uploads\/2021\/08\/227175799_3723076527916840_756244191819267290_n-1920x1440.jpg 1920w, https:\/\/exaudi.org\/wp-content\/uploads\/2021\/08\/227175799_3723076527916840_756244191819267290_n-560x420.jpg 560w, https:\/\/exaudi.org\/wp-content\/uploads\/2021\/08\/227175799_3723076527916840_756244191819267290_n-80x60.jpg 80w, https:\/\/exaudi.org\/wp-content\/uploads\/2021\/08\/227175799_3723076527916840_756244191819267290_n-265x198.jpg 265w, https:\/\/exaudi.org\/wp-content\/uploads\/2021\/08\/227175799_3723076527916840_756244191819267290_n.jpg 2048w\" sizes=\"auto, (max-width: 300px) 100vw, 300px\" \/>El cardenal Leopoldo Brenes, quien presidi\u00f3 la Misa, brind\u00f3 un mensaje a los creyentes en el que resalt\u00f3 la capacidad de los cristianos para perdonar y amar, frente al impacto que caus\u00f3 el incendio parcial del templo cat\u00f3lico que calcin\u00f3 la imagen de la Sangre de Cristo de 383 a\u00f1os, y ante la cual, en 1996, el papa san Juan Pablo II se arrodill\u00f3 y or\u00f3.<\/p>\n<p>\u201cEse momento triste hace un a\u00f1o, cuando a esta hora la noticia recorr\u00eda el mundo registrando c\u00f3mo nuestra imagen de m\u00e1s de 300 a\u00f1os, venerada por personas sencillas y humildes de coraz\u00f3n, experimentaba un atentado bochornoso, producto del odio a la fe de todos nosotros\u201d, dijo el cardenal.<\/p>\n<p>\u201cEl silencio habla mucho, cu\u00e1ntas veces Jes\u00fas guard\u00f3 silencio ante sus acusadores, el silencio cuestiona, el silencio fortalece hoy\u201d, remarc\u00f3 el prelado.<\/p>\n<h4><strong>Cardenal responde a acusaciones del presidente<\/strong><\/h4>\n<p>A pesar que el Gobierno de Daniel Ortega y Rosario Murillo han emprendido una campa\u00f1a de amenazas en contra de la Iglesia Cat\u00f3lica en el pa\u00eds centroamericano, el 58.5% de sus 6.5 millones de habitantes dice profesar la fe cat\u00f3lica, seg\u00fan datos oficiales.<\/p>\n<p>Despu\u00e9s de la Eucarist\u00eda, en un encuentro con periodistas, estos le consultaron al cardenal Brenes por una posible acci\u00f3n represiva en contra de la Iglesia, a lo que Brenes respondi\u00f3:\u00a0\u201cSi llega, bienvenido, lo vamos a afrontar como ya se afront\u00f3 en otras situaciones, ya en los 80 vivimos situaciones bastantes dif\u00edciles, pero el problema es que la Iglesia no est\u00e1 llevada por hombres. Nosotros solamente somos instrumentos, la Iglesia es animada, fortalecida por el Esp\u00edritu Santo\u201d, dijo.<\/p>\n<p>En un acto de la Fuerza A\u00e9rea, Ortega dijo que los fariseos no han desaparecido porque \u201call\u00ed andan vestidos elegantes, hablando como si fueran unos santos, y basta levantar un poquito y lo que se encuentra es la inmundicia, porque no hay ning\u00fan respeto a Cristo, ning\u00fan respeto a Dios\u201d.<\/p>\n<p>La <a href=\"http:\/\/www.cen-nicaragua.org\/\" target=\"_blank\" rel=\"noopener noreferrer\">Conferencia Episcopal de Nicaragua<\/a>, por su parte, ha negado estar involucrada en un \u201cintento de golpe de Estado\u201d. Lo que s\u00ed han reconocido y afirman que lo har\u00edan si fuese necesario es atender a las v\u00edctimas y defenderlas sin importar su ideolog\u00eda pol\u00edtica.<\/p>\n","protected":false},"excerpt":{"rendered":"<p>Misa de desagravio en la catedral de Managua presidida por el cardenal Brenes<\/p>\n","protected":false},"author":29,"featured_media":29275,"comment_status":"closed","ping_status":"closed","sticky":false,"template":"","format":"standard","meta":{"_acf_changed":false,"_crdt_document":"","inline_featured_image":false,"footnotes":""},"categories":[86,298],"tags":[1270,3559,2914,3560,1269],"class_list":["post-29273","post","type-post","status-publish","format-standard","has-post-thumbnail","hentry","category-iglesia-local","category-ultimas-noticias","tag-arquidiocesis-de-managua","tag-capilla-de-la-sangre-de-cristo","tag-cardenal-leopoldo-brenes","tag-catedral-de-managua","tag-nicaragua"],"acf":[],"yoast_head":"<!-- This site is optimized with the Yoast SEO plugin v27.5 - https:\/\/yoast.com\/product\/yoast-seo-wordpress\/ -->\n<title>Nicaragua: 1 a\u00f1o de la quema de la Sangre de Cristo, \u201cd\u00eda del silencio\u201d &#8211; Exaudi<\/title>\n<meta name=\"description\" content=\"Nicaragua: 1 a\u00f1o de la quema de la capilla de la Sangre de Cristo, jornada de oraci\u00f3n que el cardenal Brenes llam\u00f3 &quot;d\u00eda del silencio&quot;\" \/>\n<meta name=\"robots\" content=\"index, follow, max-snippet:-1, max-image-preview:large, max-video-preview:-1\" \/>\n<link rel=\"canonical\" href=\"https:\/\/exaudi.org\/es\/nicaragua-ano-quema-sangre-de-cristo-dia-silencio\/\" \/>\n<meta property=\"og:locale\" content=\"es_ES\" \/>\n<meta property=\"og:type\" content=\"article\" \/>\n<meta property=\"og:title\" content=\"Nicaragua: 1 a\u00f1o de la quema de la Sangre de Cristo, \u201cd\u00eda del silencio\u201d &#8211; Exaudi\" \/>\n<meta property=\"og:description\" content=\"Nicaragua: 1 a\u00f1o de la quema de la capilla de la Sangre de Cristo, jornada de oraci\u00f3n que el cardenal Brenes llam\u00f3 &quot;d\u00eda del silencio&quot;\" \/>\n<meta property=\"og:url\" content=\"https:\/\/exaudi.org\/es\/nicaragua-ano-quema-sangre-de-cristo-dia-silencio\/\" \/>\n<meta property=\"og:site_name\" content=\"Exaudi\" \/>\n<meta property=\"article:publisher\" content=\"https:\/\/www.facebook.com\/ExaudiNews\" \/>\n<meta property=\"article:published_time\" content=\"2021-08-02T15:19:31+00:00\" \/>\n<meta property=\"article:modified_time\" content=\"2021-08-03T14:01:38+00:00\" \/>\n<meta property=\"og:image\" content=\"https:\/\/exaudi.org\/wp-content\/uploads\/2021\/08\/228980483_3723076481250178_5173416785923895331_n.jpg\" \/>\n\t<meta property=\"og:image:width\" content=\"2048\" \/>\n\t<meta property=\"og:image:height\" content=\"1350\" \/>\n\t<meta property=\"og:image:type\" content=\"image\/jpeg\" \/>\n<meta name=\"author\" content=\"Cristhian Alvarenga\" \/>\n<meta name=\"twitter:card\" content=\"summary_large_image\" \/>\n<meta name=\"twitter:creator\" content=\"@Exaudi_News\" \/>\n<meta name=\"twitter:site\" content=\"@Exaudi_News\" \/>\n<meta name=\"twitter:label1\" content=\"Escrito por\" \/>\n\t<meta name=\"twitter:data1\" content=\"Cristhian Alvarenga\" \/>\n\t<meta name=\"twitter:label2\" content=\"Tiempo de lectura\" \/>\n\t<meta name=\"twitter:data2\" content=\"3 minutos\" \/>\n<script type=\"application\/ld+json\" class=\"yoast-schema-graph\">{\"@context\":\"https:\\\/\\\/schema.org\",\"@graph\":[{\"@type\":\"Article\",\"@id\":\"https:\\\/\\\/exaudi.org\\\/es\\\/nicaragua-ano-quema-sangre-de-cristo-dia-silencio\\\/#article\",\"isPartOf\":{\"@id\":\"https:\\\/\\\/exaudi.org\\\/es\\\/nicaragua-ano-quema-sangre-de-cristo-dia-silencio\\\/\"},\"author\":{\"name\":\"Cristhian Alvarenga\",\"@id\":\"https:\\\/\\\/exaudi.org\\\/#\\\/schema\\\/person\\\/cc0c4abb8e41070fb467c5272d6726d1\"},\"headline\":\"Nicaragua: 1 a\u00f1o de la quema de la Sangre de Cristo, \u201cd\u00eda del silencio\u201d\",\"datePublished\":\"2021-08-02T15:19:31+00:00\",\"dateModified\":\"2021-08-03T14:01:38+00:00\",\"mainEntityOfPage\":{\"@id\":\"https:\\\/\\\/exaudi.org\\\/es\\\/nicaragua-ano-quema-sangre-de-cristo-dia-silencio\\\/\"},\"wordCount\":504,\"image\":{\"@id\":\"https:\\\/\\\/exaudi.org\\\/es\\\/nicaragua-ano-quema-sangre-de-cristo-dia-silencio\\\/#primaryimage\"},\"thumbnailUrl\":\"https:\\\/\\\/exaudi.org\\\/wp-content\\\/uploads\\\/2021\\\/08\\\/228980483_3723076481250178_5173416785923895331_n.jpg\",\"keywords\":[\"Arquidi\u00f3cesis de Managua\",\"Capilla de la Sangre de Cristo\",\"Cardenal Leopoldo Brenes\",\"Catedral de Managua\",\"Nicaragua\"],\"articleSection\":[\"Iglesia Local\",\"\u00daltimas noticias\"],\"inLanguage\":\"es\"},{\"@type\":\"WebPage\",\"@id\":\"https:\\\/\\\/exaudi.org\\\/es\\\/nicaragua-ano-quema-sangre-de-cristo-dia-silencio\\\/\",\"url\":\"https:\\\/\\\/exaudi.org\\\/es\\\/nicaragua-ano-quema-sangre-de-cristo-dia-silencio\\\/\",\"name\":\"Nicaragua: 1 a\u00f1o de la quema de la Sangre de Cristo, \u201cd\u00eda del silencio\u201d &#8211; Exaudi\",\"isPartOf\":{\"@id\":\"https:\\\/\\\/exaudi.org\\\/#website\"},\"primaryImageOfPage\":{\"@id\":\"https:\\\/\\\/exaudi.org\\\/es\\\/nicaragua-ano-quema-sangre-de-cristo-dia-silencio\\\/#primaryimage\"},\"image\":{\"@id\":\"https:\\\/\\\/exaudi.org\\\/es\\\/nicaragua-ano-quema-sangre-de-cristo-dia-silencio\\\/#primaryimage\"},\"thumbnailUrl\":\"https:\\\/\\\/exaudi.org\\\/wp-content\\\/uploads\\\/2021\\\/08\\\/228980483_3723076481250178_5173416785923895331_n.jpg\",\"datePublished\":\"2021-08-02T15:19:31+00:00\",\"dateModified\":\"2021-08-03T14:01:38+00:00\",\"author\":{\"@id\":\"https:\\\/\\\/exaudi.org\\\/#\\\/schema\\\/person\\\/cc0c4abb8e41070fb467c5272d6726d1\"},\"description\":\"Nicaragua: 1 a\u00f1o de la quema de la capilla de la Sangre de Cristo, jornada de oraci\u00f3n que el cardenal Brenes llam\u00f3 \\\"d\u00eda del silencio\\\"\",\"breadcrumb\":{\"@id\":\"https:\\\/\\\/exaudi.org\\\/es\\\/nicaragua-ano-quema-sangre-de-cristo-dia-silencio\\\/#breadcrumb\"},\"inLanguage\":\"es\",\"potentialAction\":[{\"@type\":\"ReadAction\",\"target\":[\"https:\\\/\\\/exaudi.org\\\/es\\\/nicaragua-ano-quema-sangre-de-cristo-dia-silencio\\\/\"]}]},{\"@type\":\"ImageObject\",\"inLanguage\":\"es\",\"@id\":\"https:\\\/\\\/exaudi.org\\\/es\\\/nicaragua-ano-quema-sangre-de-cristo-dia-silencio\\\/#primaryimage\",\"url\":\"https:\\\/\\\/exaudi.org\\\/wp-content\\\/uploads\\\/2021\\\/08\\\/228980483_3723076481250178_5173416785923895331_n.jpg\",\"contentUrl\":\"https:\\\/\\\/exaudi.org\\\/wp-content\\\/uploads\\\/2021\\\/08\\\/228980483_3723076481250178_5173416785923895331_n.jpg\",\"width\":2048,\"height\":1350,\"caption\":\"Misa en el primer aniversario de la quema de la capilla de la Sangre \u00a9 Arquidi\u00f3cesis de Managua\"},{\"@type\":\"BreadcrumbList\",\"@id\":\"https:\\\/\\\/exaudi.org\\\/es\\\/nicaragua-ano-quema-sangre-de-cristo-dia-silencio\\\/#breadcrumb\",\"itemListElement\":[{\"@type\":\"ListItem\",\"position\":1,\"name\":\"Portada\",\"item\":\"https:\\\/\\\/exaudi.org\\\/es\\\/\"},{\"@type\":\"ListItem\",\"position\":2,\"name\":\"Nicaragua: 1 a\u00f1o de la quema de la Sangre de Cristo, \u201cd\u00eda del silencio\u201d\"}]},{\"@type\":\"WebSite\",\"@id\":\"https:\\\/\\\/exaudi.org\\\/#website\",\"url\":\"https:\\\/\\\/exaudi.org\\\/\",\"name\":\"Exaudi\",\"description\":\"News\",\"potentialAction\":[{\"@type\":\"SearchAction\",\"target\":{\"@type\":\"EntryPoint\",\"urlTemplate\":\"https:\\\/\\\/exaudi.org\\\/?s={search_term_string}\"},\"query-input\":{\"@type\":\"PropertyValueSpecification\",\"valueRequired\":true,\"valueName\":\"search_term_string\"}}],\"inLanguage\":\"es\"},{\"@type\":\"Person\",\"@id\":\"https:\\\/\\\/exaudi.org\\\/#\\\/schema\\\/person\\\/cc0c4abb8e41070fb467c5272d6726d1\",\"name\":\"Cristhian Alvarenga\",\"image\":{\"@type\":\"ImageObject\",\"inLanguage\":\"es\",\"@id\":\"https:\\\/\\\/secure.gravatar.com\\\/avatar\\\/4d1e961ad75d3388e09e7a712fdb4ee1c94d947afa0d5dbfdcbd86a5c99bcb40?s=96&d=mm&r=g\",\"url\":\"https:\\\/\\\/secure.gravatar.com\\\/avatar\\\/4d1e961ad75d3388e09e7a712fdb4ee1c94d947afa0d5dbfdcbd86a5c99bcb40?s=96&d=mm&r=g\",\"contentUrl\":\"https:\\\/\\\/secure.gravatar.com\\\/avatar\\\/4d1e961ad75d3388e09e7a712fdb4ee1c94d947afa0d5dbfdcbd86a5c99bcb40?s=96&d=mm&r=g\",\"caption\":\"Cristhian Alvarenga\"},\"description\":\"Periodista de profesi\u00f3n. Del 2015 al 2020 coordin\u00e9 el \u00e1rea de prensa en la di\u00f3cesis de Le\u00f3n, Nicaragua y fui parte de la comisi\u00f3n de comunicaci\u00f3n diocesana, soy el autor del blog Iglesia en Salida, (https:\\\/\\\/www.facebook.com\\\/IglesiaEnSalidaOrg), un espacio de informaci\u00f3n y comunicaci\u00f3n, orientado a generar reflexi\u00f3n, investigaci\u00f3n e informaci\u00f3n sobre el quehacer pastoral de la Iglesia Cat\u00f3lica en Nicaragua, as\u00ed como promover devociones para fomentar nuestra fe. Me gusta producir podcast y escribir poes\u00eda. La defensa del medio ambiente y de los Derechos Humanos debe de ser siempre un compromiso para aportar a un mundo m\u00e1s humano y justo.\",\"url\":\"https:\\\/\\\/exaudi.org\\\/es\\\/author\\\/cristhianalvarenga\\\/\"}]}<\/script>\n<!-- \/ Yoast SEO plugin. -->","yoast_head_json":{"title":"Nicaragua: 1 a\u00f1o de la quema de la Sangre de Cristo, \u201cd\u00eda del silencio\u201d &#8211; Exaudi","description":"Nicaragua: 1 a\u00f1o de la quema de la capilla de la Sangre de Cristo, jornada de oraci\u00f3n que el cardenal Brenes llam\u00f3 \"d\u00eda del silencio\"","robots":{"index":"index","follow":"follow","max-snippet":"max-snippet:-1","max-image-preview":"max-image-preview:large","max-video-preview":"max-video-preview:-1"},"canonical":"https:\/\/exaudi.org\/es\/nicaragua-ano-quema-sangre-de-cristo-dia-silencio\/","og_locale":"es_ES","og_type":"article","og_title":"Nicaragua: 1 a\u00f1o de la quema de la Sangre de Cristo, \u201cd\u00eda del silencio\u201d &#8211; Exaudi","og_description":"Nicaragua: 1 a\u00f1o de la quema de la capilla de la Sangre de Cristo, jornada de oraci\u00f3n que el cardenal Brenes llam\u00f3 \"d\u00eda del silencio\"","og_url":"https:\/\/exaudi.org\/es\/nicaragua-ano-quema-sangre-de-cristo-dia-silencio\/","og_site_name":"Exaudi","article_publisher":"https:\/\/www.facebook.com\/ExaudiNews","article_published_time":"2021-08-02T15:19:31+00:00","article_modified_time":"2021-08-03T14:01:38+00:00","og_image":[{"width":2048,"height":1350,"url":"https:\/\/exaudi.org\/wp-content\/uploads\/2021\/08\/228980483_3723076481250178_5173416785923895331_n.jpg","type":"image\/jpeg"}],"author":"Cristhian Alvarenga","twitter_card":"summary_large_image","twitter_creator":"@Exaudi_News","twitter_site":"@Exaudi_News","twitter_misc":{"Escrito por":"Cristhian Alvarenga","Tiempo de lectura":"3 minutos"},"schema":{"@context":"https:\/\/schema.org","@graph":[{"@type":"Article","@id":"https:\/\/exaudi.org\/es\/nicaragua-ano-quema-sangre-de-cristo-dia-silencio\/#article","isPartOf":{"@id":"https:\/\/exaudi.org\/es\/nicaragua-ano-quema-sangre-de-cristo-dia-silencio\/"},"author":{"name":"Cristhian Alvarenga","@id":"https:\/\/exaudi.org\/#\/schema\/person\/cc0c4abb8e41070fb467c5272d6726d1"},"headline":"Nicaragua: 1 a\u00f1o de la quema de la Sangre de Cristo, \u201cd\u00eda del silencio\u201d","datePublished":"2021-08-02T15:19:31+00:00","dateModified":"2021-08-03T14:01:38+00:00","mainEntityOfPage":{"@id":"https:\/\/exaudi.org\/es\/nicaragua-ano-quema-sangre-de-cristo-dia-silencio\/"},"wordCount":504,"image":{"@id":"https:\/\/exaudi.org\/es\/nicaragua-ano-quema-sangre-de-cristo-dia-silencio\/#primaryimage"},"thumbnailUrl":"https:\/\/exaudi.org\/wp-content\/uploads\/2021\/08\/228980483_3723076481250178_5173416785923895331_n.jpg","keywords":["Arquidi\u00f3cesis de Managua","Capilla de la Sangre de Cristo","Cardenal Leopoldo Brenes","Catedral de Managua","Nicaragua"],"articleSection":["Iglesia Local","\u00daltimas noticias"],"inLanguage":"es"},{"@type":"WebPage","@id":"https:\/\/exaudi.org\/es\/nicaragua-ano-quema-sangre-de-cristo-dia-silencio\/","url":"https:\/\/exaudi.org\/es\/nicaragua-ano-quema-sangre-de-cristo-dia-silencio\/","name":"Nicaragua: 1 a\u00f1o de la quema de la Sangre de Cristo, \u201cd\u00eda del silencio\u201d &#8211; Exaudi","isPartOf":{"@id":"https:\/\/exaudi.org\/#website"},"primaryImageOfPage":{"@id":"https:\/\/exaudi.org\/es\/nicaragua-ano-quema-sangre-de-cristo-dia-silencio\/#primaryimage"},"image":{"@id":"https:\/\/exaudi.org\/es\/nicaragua-ano-quema-sangre-de-cristo-dia-silencio\/#primaryimage"},"thumbnailUrl":"https:\/\/exaudi.org\/wp-content\/uploads\/2021\/08\/228980483_3723076481250178_5173416785923895331_n.jpg","datePublished":"2021-08-02T15:19:31+00:00","dateModified":"2021-08-03T14:01:38+00:00","author":{"@id":"https:\/\/exaudi.org\/#\/schema\/person\/cc0c4abb8e41070fb467c5272d6726d1"},"description":"Nicaragua: 1 a\u00f1o de la quema de la capilla de la Sangre de Cristo, jornada de oraci\u00f3n que el cardenal Brenes llam\u00f3 \"d\u00eda del silencio\"","breadcrumb":{"@id":"https:\/\/exaudi.org\/es\/nicaragua-ano-quema-sangre-de-cristo-dia-silencio\/#breadcrumb"},"inLanguage":"es","potentialAction":[{"@type":"ReadAction","target":["https:\/\/exaudi.org\/es\/nicaragua-ano-quema-sangre-de-cristo-dia-silencio\/"]}]},{"@type":"ImageObject","inLanguage":"es","@id":"https:\/\/exaudi.org\/es\/nicaragua-ano-quema-sangre-de-cristo-dia-silencio\/#primaryimage","url":"https:\/\/exaudi.org\/wp-content\/uploads\/2021\/08\/228980483_3723076481250178_5173416785923895331_n.jpg","contentUrl":"https:\/\/exaudi.org\/wp-content\/uploads\/2021\/08\/228980483_3723076481250178_5173416785923895331_n.jpg","width":2048,"height":1350,"caption":"Misa en el primer aniversario de la quema de la capilla de la Sangre \u00a9 Arquidi\u00f3cesis de Managua"},{"@type":"BreadcrumbList","@id":"https:\/\/exaudi.org\/es\/nicaragua-ano-quema-sangre-de-cristo-dia-silencio\/#breadcrumb","itemListElement":[{"@type":"ListItem","position":1,"name":"Portada","item":"https:\/\/exaudi.org\/es\/"},{"@type":"ListItem","position":2,"name":"Nicaragua: 1 a\u00f1o de la quema de la Sangre de Cristo, \u201cd\u00eda del silencio\u201d"}]},{"@type":"WebSite","@id":"https:\/\/exaudi.org\/#website","url":"https:\/\/exaudi.org\/","name":"Exaudi","description":"News","potentialAction":[{"@type":"SearchAction","target":{"@type":"EntryPoint","urlTemplate":"https:\/\/exaudi.org\/?s={search_term_string}"},"query-input":{"@type":"PropertyValueSpecification","valueRequired":true,"valueName":"search_term_string"}}],"inLanguage":"es"},{"@type":"Person","@id":"https:\/\/exaudi.org\/#\/schema\/person\/cc0c4abb8e41070fb467c5272d6726d1","name":"Cristhian Alvarenga","image":{"@type":"ImageObject","inLanguage":"es","@id":"https:\/\/secure.gravatar.com\/avatar\/4d1e961ad75d3388e09e7a712fdb4ee1c94d947afa0d5dbfdcbd86a5c99bcb40?s=96&d=mm&r=g","url":"https:\/\/secure.gravatar.com\/avatar\/4d1e961ad75d3388e09e7a712fdb4ee1c94d947afa0d5dbfdcbd86a5c99bcb40?s=96&d=mm&r=g","contentUrl":"https:\/\/secure.gravatar.com\/avatar\/4d1e961ad75d3388e09e7a712fdb4ee1c94d947afa0d5dbfdcbd86a5c99bcb40?s=96&d=mm&r=g","caption":"Cristhian Alvarenga"},"description":"Periodista de profesi\u00f3n. Del 2015 al 2020 coordin\u00e9 el \u00e1rea de prensa en la di\u00f3cesis de Le\u00f3n, Nicaragua y fui parte de la comisi\u00f3n de comunicaci\u00f3n diocesana, soy el autor del blog Iglesia en Salida, (https:\/\/www.facebook.com\/IglesiaEnSalidaOrg), un espacio de informaci\u00f3n y comunicaci\u00f3n, orientado a generar reflexi\u00f3n, investigaci\u00f3n e informaci\u00f3n sobre el quehacer pastoral de la Iglesia Cat\u00f3lica en Nicaragua, as\u00ed como promover devociones para fomentar nuestra fe. Me gusta producir podcast y escribir poes\u00eda. La defensa del medio ambiente y de los Derechos Humanos debe de ser siempre un compromiso para aportar a un mundo m\u00e1s humano y justo.","url":"https:\/\/exaudi.org\/es\/author\/cristhianalvarenga\/"}]}},"jetpack_featured_media_url":"https:\/\/exaudi.org\/wp-content\/uploads\/2021\/08\/228980483_3723076481250178_5173416785923895331_n.jpg","jetpack_shortlink":"https:\/\/wp.me\/pgKjF2-7C9","_links":{"self":[{"href":"https:\/\/exaudi.org\/es\/wp-json\/wp\/v2\/posts\/29273","targetHints":{"allow":["GET"]}}],"collection":[{"href":"https:\/\/exaudi.org\/es\/wp-json\/wp\/v2\/posts"}],"about":[{"href":"https:\/\/exaudi.org\/es\/wp-json\/wp\/v2\/types\/post"}],"author":[{"embeddable":true,"href":"https:\/\/exaudi.org\/es\/wp-json\/wp\/v2\/users\/29"}],"replies":[{"embeddable":true,"href":"https:\/\/exaudi.org\/es\/wp-json\/wp\/v2\/comments?post=29273"}],"version-history":[{"count":0,"href":"https:\/\/exaudi.org\/es\/wp-json\/wp\/v2\/posts\/29273\/revisions"}],"wp:featuredmedia":[{"embeddable":true,"href":"https:\/\/exaudi.org\/es\/wp-json\/wp\/v2\/media\/29275"}],"wp:attachment":[{"href":"https:\/\/exaudi.org\/es\/wp-json\/wp\/v2\/media?parent=29273"}],"wp:term":[{"taxonomy":"category","embeddable":true,"href":"https:\/\/exaudi.org\/es\/wp-json\/wp\/v2\/categories?post=29273"},{"taxonomy":"post_tag","embeddable":true,"href":"https:\/\/exaudi.org\/es\/wp-json\/wp\/v2\/tags?post=29273"}],"curies":[{"name":"wp","href":"https:\/\/api.w.org\/{rel}","templated":true}]}}