{"id":29244,"date":"2021-08-02T14:21:00","date_gmt":"2021-08-02T12:21:00","guid":{"rendered":"https:\/\/exaudi.org\/?p=29244"},"modified":"2021-08-03T15:15:10","modified_gmt":"2021-08-03T13:15:10","slug":"myanmar-sacerdotes-religiosas-contra-covid-19","status":"publish","type":"post","link":"https:\/\/exaudi.org\/es\/myanmar-sacerdotes-religiosas-contra-covid-19\/","title":{"rendered":"Myanmar: Sacerdotes y religiosos en primera l\u00ednea contra COVID-19"},"content":{"rendered":"<p>Sacerdotes, religiosos y fieles laicos en Myanmar est\u00e1n comprometidos en primera l\u00ednea para proporcionar atenci\u00f3n m\u00e9dica a las personas que han sido contagiadas por la pandemia de COVID-19, mientras el pa\u00eds registra en los \u00faltimos d\u00edas unos 5.000 nuevos casos diarios de infecci\u00f3n. En muchas di\u00f3cesis, la labor de solidaridad es muy amplia y constituye una valiosa contribuci\u00f3n al bien com\u00fan.<\/p>\n<p>Seg\u00fan informa la <a href=\"http:\/\/www.fides.org\/es\/news\/70594-ASIA_MYANMAR_Sacerdotes_y_religiosos_catolicos_en_primera_linea_en_la_lucha_contra_la_pandemia\" target=\"_blank\" rel=\"noopener noreferrer\">Agencia Fides<\/a> en una nota del 30 de julio de 2021, la Comisi\u00f3n de Salud de la di\u00f3cesis de Myitkyina, en el norte de Mynamar, ha movilizado a muchos voluntarios cat\u00f3licos en este momento de verdadera emergencia. La <a href=\"https:\/\/exaudi.org\/es\/myanmar-testimonio-de-religiosa-que-se-arrodillo-frente-a-policia\/\" target=\"_blank\" rel=\"noopener noreferrer\">hermana Ann Rose Nu Tawng<\/a>, la religiosa que se arrodill\u00f3 en los \u00faltimos meses para detener a los militares, y que se ha convertido en un icono de la protesta no violenta, se encuentra entre las personas que se han puesto la bata y las protecciones para llevar a cabo las pruebas anti-COVID-19 en la cl\u00ednica que dirigen las hermanas.<\/p>\n<p>Las religiosas est\u00e1n recibiendo el respeto y la gratitud de tantas familias afectadas por COVID-19-19 y de toda la poblaci\u00f3n local, por su dedicaci\u00f3n: \u201cEstoy dispuesto a dar mi vida al servicio y cuidado de los necesitados y los que sufren. Rezo intensamente al Se\u00f1or para que salve y bendiga al pueblo de Myanmar\u201d, declara la religiosa a la Agencia Fides.<\/p>\n<p>Entre otras instalaciones, la di\u00f3cesis de Myitkyina ha creado un centro de salud especial para pacientes de COVID-19, que ofrece atenci\u00f3n integral, incluida la administraci\u00f3n de ox\u00edgeno, a los enfermos y sus familias. \u201cEn Myanmar, no basta con que los sacerdotes y las religiosas sean s\u00f3lo de buen coraz\u00f3n. Se necesitan sacerdotes y religiosas que se ofrezcan sin reservas, entreg\u00e1ndose en nombre de Cristo, para un aut\u00e9ntico servicio a los dem\u00e1s, porque Cristo est\u00e1 presente en el hermano que sufre\u201d, afirma el P. Clement, de la di\u00f3cesis de Keng Tong.<\/p>\n<p>La inmensa labor de solidaridad y de reparto material y espiritual de la Iglesia cat\u00f3lica en Myanmar surge tambi\u00e9n del ejemplo del padre Marcian Thet Kyaw, p\u00e1rroco de la archidi\u00f3cesis de Yangon.<\/p>\n<p>El p\u00e1rroco ha abierto en su iglesia un Centro de Salud Parroquial dedicado a la Epifan\u00eda. El Centro desempe\u00f1a un papel muy importante en Yangon al proporcionar pruebas gratuitas de coronavirus y primeros auxilios a los enfermos. Miles de personas acuden cada d\u00eda al Centro Cat\u00f3lico, que se ha convertido en un s\u00edmbolo del compromiso de la Iglesia con los servicios sanitarios para los necesitados.<\/p>\n<p>Muchos m\u00e9dicos y enfermeras cat\u00f3licos y no cat\u00f3licos trabajan all\u00ed como voluntarios. Debido a la gran necesidad de camas, el Centro Cat\u00f3lico se ha ampliado recientemente para ocupar otro espacio disponible en el complejo de la Iglesia.<\/p>\n<p>Aunque el suministro de ox\u00edgeno a los hospitales est\u00e1 controlado por los militares, cientos de pacientes de COVID-19 reciben ox\u00edgeno en este centro parroquial. Gracias a la ayuda de los donantes, el p\u00e1rroco ha podido adquirir 25 aparatos para suministrar ox\u00edgeno a los pacientes.<\/p>\n<p>El P. Marcian Thet Kyawha apunta a la Agencia Fides: \u201cDoy gracias a la Virgen Mar\u00eda, Madre de Jes\u00fas: nos dirigimos a Ella, nuestra Madre, todos los d\u00edas y estamos recibiendo mucha ayuda de los donantes, por la providencia de Dios. Nos ponemos bajo la protecci\u00f3n celestial de la Virgen Mar\u00eda para salvar a tantos pacientes y a tantas familias desesperadas\u201d. El sacerdote tambi\u00e9n se contagi\u00f3 con COVID-19 y se recuper\u00f3. Ahora lleva a cabo su misi\u00f3n pastoral y social de asistir, consolar y acompa\u00f1ar a los que sufren con ayuda material y espiritual.<\/p>\n","protected":false},"excerpt":{"rendered":"<p>Amplia labor de solidaridad<\/p>\n","protected":false},"author":15,"featured_media":29246,"comment_status":"open","ping_status":"open","sticky":false,"template":"","format":"standard","meta":{"_acf_changed":false,"_crdt_document":"","inline_featured_image":false,"footnotes":""},"categories":[86,298],"tags":[541,533],"class_list":["post-29244","post","type-post","status-publish","format-standard","has-post-thumbnail","hentry","category-iglesia-local","category-ultimas-noticias","tag-covid-19","tag-myanmar-es"],"acf":[],"yoast_head":"<!-- This site is optimized with the Yoast SEO plugin v27.5 - https:\/\/yoast.com\/product\/yoast-seo-wordpress\/ -->\n<title>Myanmar: Sacerdotes y religiosos en primera l\u00ednea contra COVID-19 &#8211; Exaudi<\/title>\n<meta name=\"description\" content=\"Sacerdotes, religiosas y fieles laicos en Myanmar, comprometidos en primera l\u00ednea contra la pandemia de COVID-19 en una amplia labor solidaria\" \/>\n<meta name=\"robots\" content=\"index, follow, max-snippet:-1, max-image-preview:large, max-video-preview:-1\" \/>\n<link rel=\"canonical\" href=\"https:\/\/exaudi.org\/es\/myanmar-sacerdotes-religiosas-contra-covid-19\/\" \/>\n<meta property=\"og:locale\" content=\"es_ES\" \/>\n<meta property=\"og:type\" content=\"article\" \/>\n<meta property=\"og:title\" content=\"Myanmar: Sacerdotes y religiosos en primera l\u00ednea contra COVID-19 &#8211; Exaudi\" \/>\n<meta property=\"og:description\" content=\"Sacerdotes, religiosas y fieles laicos en Myanmar, comprometidos en primera l\u00ednea contra la pandemia de COVID-19 en una amplia labor solidaria\" \/>\n<meta property=\"og:url\" content=\"https:\/\/exaudi.org\/es\/myanmar-sacerdotes-religiosas-contra-covid-19\/\" \/>\n<meta property=\"og:site_name\" content=\"Exaudi\" \/>\n<meta property=\"article:publisher\" content=\"https:\/\/www.facebook.com\/ExaudiNews\" \/>\n<meta property=\"article:author\" content=\"https:\/\/www.facebook.com\/ExaudiNoticias\/\" \/>\n<meta property=\"article:published_time\" content=\"2021-08-02T12:21:00+00:00\" \/>\n<meta property=\"article:modified_time\" content=\"2021-08-03T13:15:10+00:00\" \/>\n<meta property=\"og:image\" content=\"https:\/\/exaudi.org\/wp-content\/uploads\/2021\/08\/204424034_2792825127695709_1349492455239036844_n.jpg\" \/>\n\t<meta property=\"og:image:width\" content=\"750\" \/>\n\t<meta property=\"og:image:height\" content=\"562\" \/>\n\t<meta property=\"og:image:type\" content=\"image\/jpeg\" \/>\n<meta name=\"author\" content=\"Exaudi Redacci\u00f3n\" \/>\n<meta name=\"twitter:card\" content=\"summary_large_image\" \/>\n<meta name=\"twitter:creator\" content=\"@Exaudi_noticias\" \/>\n<meta name=\"twitter:site\" content=\"@Exaudi_News\" \/>\n<meta name=\"twitter:label1\" content=\"Escrito por\" \/>\n\t<meta name=\"twitter:data1\" content=\"Exaudi Redacci\u00f3n\" \/>\n\t<meta name=\"twitter:label2\" content=\"Tiempo de lectura\" \/>\n\t<meta name=\"twitter:data2\" content=\"3 minutos\" \/>\n<script type=\"application\/ld+json\" class=\"yoast-schema-graph\">{\"@context\":\"https:\\\/\\\/schema.org\",\"@graph\":[{\"@type\":\"Article\",\"@id\":\"https:\\\/\\\/exaudi.org\\\/es\\\/myanmar-sacerdotes-religiosas-contra-covid-19\\\/#article\",\"isPartOf\":{\"@id\":\"https:\\\/\\\/exaudi.org\\\/es\\\/myanmar-sacerdotes-religiosas-contra-covid-19\\\/\"},\"author\":{\"name\":\"Exaudi Redacci\u00f3n\",\"@id\":\"https:\\\/\\\/exaudi.org\\\/#\\\/schema\\\/person\\\/f5fc8f063065e38742da7afe15f25df7\"},\"headline\":\"Myanmar: Sacerdotes y religiosos en primera l\u00ednea contra COVID-19\",\"datePublished\":\"2021-08-02T12:21:00+00:00\",\"dateModified\":\"2021-08-03T13:15:10+00:00\",\"mainEntityOfPage\":{\"@id\":\"https:\\\/\\\/exaudi.org\\\/es\\\/myanmar-sacerdotes-religiosas-contra-covid-19\\\/\"},\"wordCount\":647,\"commentCount\":0,\"image\":{\"@id\":\"https:\\\/\\\/exaudi.org\\\/es\\\/myanmar-sacerdotes-religiosas-contra-covid-19\\\/#primaryimage\"},\"thumbnailUrl\":\"https:\\\/\\\/exaudi.org\\\/wp-content\\\/uploads\\\/2021\\\/08\\\/204424034_2792825127695709_1349492455239036844_n.jpg\",\"keywords\":[\"COVID-19\",\"myanmar\"],\"articleSection\":[\"Iglesia Local\",\"\u00daltimas noticias\"],\"inLanguage\":\"es\",\"potentialAction\":[{\"@type\":\"CommentAction\",\"name\":\"Comment\",\"target\":[\"https:\\\/\\\/exaudi.org\\\/es\\\/myanmar-sacerdotes-religiosas-contra-covid-19\\\/#respond\"]}]},{\"@type\":\"WebPage\",\"@id\":\"https:\\\/\\\/exaudi.org\\\/es\\\/myanmar-sacerdotes-religiosas-contra-covid-19\\\/\",\"url\":\"https:\\\/\\\/exaudi.org\\\/es\\\/myanmar-sacerdotes-religiosas-contra-covid-19\\\/\",\"name\":\"Myanmar: Sacerdotes y religiosos en primera l\u00ednea contra COVID-19 &#8211; Exaudi\",\"isPartOf\":{\"@id\":\"https:\\\/\\\/exaudi.org\\\/#website\"},\"primaryImageOfPage\":{\"@id\":\"https:\\\/\\\/exaudi.org\\\/es\\\/myanmar-sacerdotes-religiosas-contra-covid-19\\\/#primaryimage\"},\"image\":{\"@id\":\"https:\\\/\\\/exaudi.org\\\/es\\\/myanmar-sacerdotes-religiosas-contra-covid-19\\\/#primaryimage\"},\"thumbnailUrl\":\"https:\\\/\\\/exaudi.org\\\/wp-content\\\/uploads\\\/2021\\\/08\\\/204424034_2792825127695709_1349492455239036844_n.jpg\",\"datePublished\":\"2021-08-02T12:21:00+00:00\",\"dateModified\":\"2021-08-03T13:15:10+00:00\",\"author\":{\"@id\":\"https:\\\/\\\/exaudi.org\\\/#\\\/schema\\\/person\\\/f5fc8f063065e38742da7afe15f25df7\"},\"description\":\"Sacerdotes, religiosas y fieles laicos en Myanmar, comprometidos en primera l\u00ednea contra la pandemia de COVID-19 en una amplia labor solidaria\",\"breadcrumb\":{\"@id\":\"https:\\\/\\\/exaudi.org\\\/es\\\/myanmar-sacerdotes-religiosas-contra-covid-19\\\/#breadcrumb\"},\"inLanguage\":\"es\",\"potentialAction\":[{\"@type\":\"ReadAction\",\"target\":[\"https:\\\/\\\/exaudi.org\\\/es\\\/myanmar-sacerdotes-religiosas-contra-covid-19\\\/\"]}]},{\"@type\":\"ImageObject\",\"inLanguage\":\"es\",\"@id\":\"https:\\\/\\\/exaudi.org\\\/es\\\/myanmar-sacerdotes-religiosas-contra-covid-19\\\/#primaryimage\",\"url\":\"https:\\\/\\\/exaudi.org\\\/wp-content\\\/uploads\\\/2021\\\/08\\\/204424034_2792825127695709_1349492455239036844_n.jpg\",\"contentUrl\":\"https:\\\/\\\/exaudi.org\\\/wp-content\\\/uploads\\\/2021\\\/08\\\/204424034_2792825127695709_1349492455239036844_n.jpg\",\"width\":750,\"height\":562,\"caption\":\"Sacerdote atiende a enfermo de COVID-19 \u00a9 Facebook, Catholic Social Communications Myanmar\"},{\"@type\":\"BreadcrumbList\",\"@id\":\"https:\\\/\\\/exaudi.org\\\/es\\\/myanmar-sacerdotes-religiosas-contra-covid-19\\\/#breadcrumb\",\"itemListElement\":[{\"@type\":\"ListItem\",\"position\":1,\"name\":\"Portada\",\"item\":\"https:\\\/\\\/exaudi.org\\\/es\\\/\"},{\"@type\":\"ListItem\",\"position\":2,\"name\":\"Myanmar: Sacerdotes y religiosos en primera l\u00ednea contra COVID-19\"}]},{\"@type\":\"WebSite\",\"@id\":\"https:\\\/\\\/exaudi.org\\\/#website\",\"url\":\"https:\\\/\\\/exaudi.org\\\/\",\"name\":\"Exaudi\",\"description\":\"News\",\"potentialAction\":[{\"@type\":\"SearchAction\",\"target\":{\"@type\":\"EntryPoint\",\"urlTemplate\":\"https:\\\/\\\/exaudi.org\\\/?s={search_term_string}\"},\"query-input\":{\"@type\":\"PropertyValueSpecification\",\"valueRequired\":true,\"valueName\":\"search_term_string\"}}],\"inLanguage\":\"es\"},{\"@type\":\"Person\",\"@id\":\"https:\\\/\\\/exaudi.org\\\/#\\\/schema\\\/person\\\/f5fc8f063065e38742da7afe15f25df7\",\"name\":\"Exaudi Redacci\u00f3n\",\"image\":{\"@type\":\"ImageObject\",\"inLanguage\":\"es\",\"@id\":\"https:\\\/\\\/secure.gravatar.com\\\/avatar\\\/fe0f6a059fb68d9b3e11bc5850dd4899b1c7492091a3cb6dd9b01b56ad828be2?s=96&d=mm&r=g\",\"url\":\"https:\\\/\\\/secure.gravatar.com\\\/avatar\\\/fe0f6a059fb68d9b3e11bc5850dd4899b1c7492091a3cb6dd9b01b56ad828be2?s=96&d=mm&r=g\",\"contentUrl\":\"https:\\\/\\\/secure.gravatar.com\\\/avatar\\\/fe0f6a059fb68d9b3e11bc5850dd4899b1c7492091a3cb6dd9b01b56ad828be2?s=96&d=mm&r=g\",\"caption\":\"Exaudi Redacci\u00f3n\"},\"description\":\"\u00bfQu\u00e9 es Exaudi News? Exaudi News es un medio de comunicaci\u00f3n cat\u00f3lico internacional que informa, forma y transforma, diariamente en espa\u00f1ol, ingl\u00e9s e italiano. A trav\u00e9s de noticias, art\u00edculos de an\u00e1lisis y transmisiones en directo de los eventos del Papa, Exaudi busca fortalecer la unidad de los cristianos y contribuir a la evangelizaci\u00f3n del mundo, siempre guiados por la doctrina social de la Iglesia. Trabajamos para acercar la verdad y los valores cristianos a cada rinc\u00f3n del planeta. \u00a1Ay\u00fadanos a transformar el mundo con Exaudi! En Exaudi creemos que la evangelizaci\u00f3n y la informaci\u00f3n de calidad pueden cambiar vidas. Para continuar con nuestra misi\u00f3n y expandir nuestro alcance, necesitamos tu ayuda. Adem\u00e1s, buscamos personas comprometidas que deseen unirse a nuestro equipo. Con tu apoyo, lograremos llegar a m\u00e1s personas, difundir el mensaje de Cristo y reforzar la unidad de los cristianos. \u00bfTe unes a nuestra misi\u00f3n? Para m\u00e1s informaci\u00f3n sobre c\u00f3mo colaborar, visita Exaudi.org\\\/es o cont\u00e1ctanos directamente: info@exaudi.org Exaudi: Informa, forma y transforma.\",\"sameAs\":[\"https:\\\/\\\/www.facebook.com\\\/ExaudiNoticias\\\/\",\"https:\\\/\\\/www.instagram.com\\\/exaudi_noticias\\\/\",\"https:\\\/\\\/x.com\\\/Exaudi_noticias\",\"https:\\\/\\\/www.youtube.com\\\/@exaudicatholicnews\"],\"url\":\"https:\\\/\\\/exaudi.org\\\/es\\\/author\\\/redaccionexaudi\\\/\"}]}<\/script>\n<!-- \/ Yoast SEO plugin. -->","yoast_head_json":{"title":"Myanmar: Sacerdotes y religiosos en primera l\u00ednea contra COVID-19 &#8211; Exaudi","description":"Sacerdotes, religiosas y fieles laicos en Myanmar, comprometidos en primera l\u00ednea contra la pandemia de COVID-19 en una amplia labor solidaria","robots":{"index":"index","follow":"follow","max-snippet":"max-snippet:-1","max-image-preview":"max-image-preview:large","max-video-preview":"max-video-preview:-1"},"canonical":"https:\/\/exaudi.org\/es\/myanmar-sacerdotes-religiosas-contra-covid-19\/","og_locale":"es_ES","og_type":"article","og_title":"Myanmar: Sacerdotes y religiosos en primera l\u00ednea contra COVID-19 &#8211; Exaudi","og_description":"Sacerdotes, religiosas y fieles laicos en Myanmar, comprometidos en primera l\u00ednea contra la pandemia de COVID-19 en una amplia labor solidaria","og_url":"https:\/\/exaudi.org\/es\/myanmar-sacerdotes-religiosas-contra-covid-19\/","og_site_name":"Exaudi","article_publisher":"https:\/\/www.facebook.com\/ExaudiNews","article_author":"https:\/\/www.facebook.com\/ExaudiNoticias\/","article_published_time":"2021-08-02T12:21:00+00:00","article_modified_time":"2021-08-03T13:15:10+00:00","og_image":[{"width":750,"height":562,"url":"https:\/\/exaudi.org\/wp-content\/uploads\/2021\/08\/204424034_2792825127695709_1349492455239036844_n.jpg","type":"image\/jpeg"}],"author":"Exaudi Redacci\u00f3n","twitter_card":"summary_large_image","twitter_creator":"@Exaudi_noticias","twitter_site":"@Exaudi_News","twitter_misc":{"Escrito por":"Exaudi Redacci\u00f3n","Tiempo de lectura":"3 minutos"},"schema":{"@context":"https:\/\/schema.org","@graph":[{"@type":"Article","@id":"https:\/\/exaudi.org\/es\/myanmar-sacerdotes-religiosas-contra-covid-19\/#article","isPartOf":{"@id":"https:\/\/exaudi.org\/es\/myanmar-sacerdotes-religiosas-contra-covid-19\/"},"author":{"name":"Exaudi Redacci\u00f3n","@id":"https:\/\/exaudi.org\/#\/schema\/person\/f5fc8f063065e38742da7afe15f25df7"},"headline":"Myanmar: Sacerdotes y religiosos en primera l\u00ednea contra COVID-19","datePublished":"2021-08-02T12:21:00+00:00","dateModified":"2021-08-03T13:15:10+00:00","mainEntityOfPage":{"@id":"https:\/\/exaudi.org\/es\/myanmar-sacerdotes-religiosas-contra-covid-19\/"},"wordCount":647,"commentCount":0,"image":{"@id":"https:\/\/exaudi.org\/es\/myanmar-sacerdotes-religiosas-contra-covid-19\/#primaryimage"},"thumbnailUrl":"https:\/\/exaudi.org\/wp-content\/uploads\/2021\/08\/204424034_2792825127695709_1349492455239036844_n.jpg","keywords":["COVID-19","myanmar"],"articleSection":["Iglesia Local","\u00daltimas noticias"],"inLanguage":"es","potentialAction":[{"@type":"CommentAction","name":"Comment","target":["https:\/\/exaudi.org\/es\/myanmar-sacerdotes-religiosas-contra-covid-19\/#respond"]}]},{"@type":"WebPage","@id":"https:\/\/exaudi.org\/es\/myanmar-sacerdotes-religiosas-contra-covid-19\/","url":"https:\/\/exaudi.org\/es\/myanmar-sacerdotes-religiosas-contra-covid-19\/","name":"Myanmar: Sacerdotes y religiosos en primera l\u00ednea contra COVID-19 &#8211; Exaudi","isPartOf":{"@id":"https:\/\/exaudi.org\/#website"},"primaryImageOfPage":{"@id":"https:\/\/exaudi.org\/es\/myanmar-sacerdotes-religiosas-contra-covid-19\/#primaryimage"},"image":{"@id":"https:\/\/exaudi.org\/es\/myanmar-sacerdotes-religiosas-contra-covid-19\/#primaryimage"},"thumbnailUrl":"https:\/\/exaudi.org\/wp-content\/uploads\/2021\/08\/204424034_2792825127695709_1349492455239036844_n.jpg","datePublished":"2021-08-02T12:21:00+00:00","dateModified":"2021-08-03T13:15:10+00:00","author":{"@id":"https:\/\/exaudi.org\/#\/schema\/person\/f5fc8f063065e38742da7afe15f25df7"},"description":"Sacerdotes, religiosas y fieles laicos en Myanmar, comprometidos en primera l\u00ednea contra la pandemia de COVID-19 en una amplia labor solidaria","breadcrumb":{"@id":"https:\/\/exaudi.org\/es\/myanmar-sacerdotes-religiosas-contra-covid-19\/#breadcrumb"},"inLanguage":"es","potentialAction":[{"@type":"ReadAction","target":["https:\/\/exaudi.org\/es\/myanmar-sacerdotes-religiosas-contra-covid-19\/"]}]},{"@type":"ImageObject","inLanguage":"es","@id":"https:\/\/exaudi.org\/es\/myanmar-sacerdotes-religiosas-contra-covid-19\/#primaryimage","url":"https:\/\/exaudi.org\/wp-content\/uploads\/2021\/08\/204424034_2792825127695709_1349492455239036844_n.jpg","contentUrl":"https:\/\/exaudi.org\/wp-content\/uploads\/2021\/08\/204424034_2792825127695709_1349492455239036844_n.jpg","width":750,"height":562,"caption":"Sacerdote atiende a enfermo de COVID-19 \u00a9 Facebook, Catholic Social Communications Myanmar"},{"@type":"BreadcrumbList","@id":"https:\/\/exaudi.org\/es\/myanmar-sacerdotes-religiosas-contra-covid-19\/#breadcrumb","itemListElement":[{"@type":"ListItem","position":1,"name":"Portada","item":"https:\/\/exaudi.org\/es\/"},{"@type":"ListItem","position":2,"name":"Myanmar: Sacerdotes y religiosos en primera l\u00ednea contra COVID-19"}]},{"@type":"WebSite","@id":"https:\/\/exaudi.org\/#website","url":"https:\/\/exaudi.org\/","name":"Exaudi","description":"News","potentialAction":[{"@type":"SearchAction","target":{"@type":"EntryPoint","urlTemplate":"https:\/\/exaudi.org\/?s={search_term_string}"},"query-input":{"@type":"PropertyValueSpecification","valueRequired":true,"valueName":"search_term_string"}}],"inLanguage":"es"},{"@type":"Person","@id":"https:\/\/exaudi.org\/#\/schema\/person\/f5fc8f063065e38742da7afe15f25df7","name":"Exaudi Redacci\u00f3n","image":{"@type":"ImageObject","inLanguage":"es","@id":"https:\/\/secure.gravatar.com\/avatar\/fe0f6a059fb68d9b3e11bc5850dd4899b1c7492091a3cb6dd9b01b56ad828be2?s=96&d=mm&r=g","url":"https:\/\/secure.gravatar.com\/avatar\/fe0f6a059fb68d9b3e11bc5850dd4899b1c7492091a3cb6dd9b01b56ad828be2?s=96&d=mm&r=g","contentUrl":"https:\/\/secure.gravatar.com\/avatar\/fe0f6a059fb68d9b3e11bc5850dd4899b1c7492091a3cb6dd9b01b56ad828be2?s=96&d=mm&r=g","caption":"Exaudi Redacci\u00f3n"},"description":"\u00bfQu\u00e9 es Exaudi News? Exaudi News es un medio de comunicaci\u00f3n cat\u00f3lico internacional que informa, forma y transforma, diariamente en espa\u00f1ol, ingl\u00e9s e italiano. A trav\u00e9s de noticias, art\u00edculos de an\u00e1lisis y transmisiones en directo de los eventos del Papa, Exaudi busca fortalecer la unidad de los cristianos y contribuir a la evangelizaci\u00f3n del mundo, siempre guiados por la doctrina social de la Iglesia. Trabajamos para acercar la verdad y los valores cristianos a cada rinc\u00f3n del planeta. \u00a1Ay\u00fadanos a transformar el mundo con Exaudi! En Exaudi creemos que la evangelizaci\u00f3n y la informaci\u00f3n de calidad pueden cambiar vidas. Para continuar con nuestra misi\u00f3n y expandir nuestro alcance, necesitamos tu ayuda. Adem\u00e1s, buscamos personas comprometidas que deseen unirse a nuestro equipo. Con tu apoyo, lograremos llegar a m\u00e1s personas, difundir el mensaje de Cristo y reforzar la unidad de los cristianos. \u00bfTe unes a nuestra misi\u00f3n? Para m\u00e1s informaci\u00f3n sobre c\u00f3mo colaborar, visita Exaudi.org\/es o cont\u00e1ctanos directamente: info@exaudi.org Exaudi: Informa, forma y transforma.","sameAs":["https:\/\/www.facebook.com\/ExaudiNoticias\/","https:\/\/www.instagram.com\/exaudi_noticias\/","https:\/\/x.com\/Exaudi_noticias","https:\/\/www.youtube.com\/@exaudicatholicnews"],"url":"https:\/\/exaudi.org\/es\/author\/redaccionexaudi\/"}]}},"jetpack_featured_media_url":"https:\/\/exaudi.org\/wp-content\/uploads\/2021\/08\/204424034_2792825127695709_1349492455239036844_n.jpg","jetpack_shortlink":"https:\/\/wp.me\/pgKjF2-7BG","_links":{"self":[{"href":"https:\/\/exaudi.org\/es\/wp-json\/wp\/v2\/posts\/29244","targetHints":{"allow":["GET"]}}],"collection":[{"href":"https:\/\/exaudi.org\/es\/wp-json\/wp\/v2\/posts"}],"about":[{"href":"https:\/\/exaudi.org\/es\/wp-json\/wp\/v2\/types\/post"}],"author":[{"embeddable":true,"href":"https:\/\/exaudi.org\/es\/wp-json\/wp\/v2\/users\/15"}],"replies":[{"embeddable":true,"href":"https:\/\/exaudi.org\/es\/wp-json\/wp\/v2\/comments?post=29244"}],"version-history":[{"count":0,"href":"https:\/\/exaudi.org\/es\/wp-json\/wp\/v2\/posts\/29244\/revisions"}],"wp:featuredmedia":[{"embeddable":true,"href":"https:\/\/exaudi.org\/es\/wp-json\/wp\/v2\/media\/29246"}],"wp:attachment":[{"href":"https:\/\/exaudi.org\/es\/wp-json\/wp\/v2\/media?parent=29244"}],"wp:term":[{"taxonomy":"category","embeddable":true,"href":"https:\/\/exaudi.org\/es\/wp-json\/wp\/v2\/categories?post=29244"},{"taxonomy":"post_tag","embeddable":true,"href":"https:\/\/exaudi.org\/es\/wp-json\/wp\/v2\/tags?post=29244"}],"curies":[{"name":"wp","href":"https:\/\/api.w.org\/{rel}","templated":true}]}}