{"id":2919,"date":"2021-03-02T09:22:22","date_gmt":"2021-03-02T09:22:22","guid":{"rendered":"https:\/\/exaudi.org\/?p=2919"},"modified":"2021-03-03T11:06:38","modified_gmt":"2021-03-03T11:06:38","slug":"vacunacion-covid-bien-comun-reflexion-2021","status":"publish","type":"post","link":"https:\/\/exaudi.org\/es\/vacunacion-covid-bien-comun-reflexion-2021\/","title":{"rendered":"La vacunaci\u00f3n contra la COVID-19: Una contribuci\u00f3n al bien com\u00fan"},"content":{"rendered":"<p>La <a href=\"https:\/\/exaudi.org\/es\/author\/mariaelizabethdelosrios\/\" target=\"_blank\" rel=\"noopener\">doctora Mar\u00eda Elisabeth de los R\u00edos Uriarte<\/a>, profesora e investigadora de la <a href=\"https:\/\/www.anahuac.mx\/mexico\/EscuelasyFacultades\/bioetica\/\" target=\"_blank\" rel=\"noopener\">Facultad de Bio\u00e9tica de la Universidad An\u00e1huac de M\u00e9xico<\/a>, ofrece a los lectores de <a href=\"https:\/\/exaudi.org\/es\/inicio\/\" target=\"_blank\" rel=\"noopener\">Exaudi<\/a> su art\u00edculo sobre la vacunaci\u00f3n contra la COVID-19 y el bien com\u00fan.<\/p>\n<p>***<\/p>\n<h4><strong>La vacunaci\u00f3n contra la COVID-19: Una contribuci\u00f3n al bien com\u00fan<\/strong><\/h4>\n<p><span style=\"font-weight: 400\">Cada vez que atravesamos tiempos dif\u00edciles, corren, paralelamente, tiempos de solidaridad y gratitud.\u00a0<\/span><\/p>\n<p><span style=\"font-weight: 400\">Hemos visto en meses pasados muestras de profundos lazos humanos donde prima la valent\u00eda de cuidar al otro y de proteger la vida de todos. Hoy, en los albores de un nuevo rumbo para esta pandemia por coronavirus, recibimos con alegr\u00eda la noticia de la vacuna que mitigar\u00e1 contagios y evitar\u00e1 muertes.\u00a0<\/span><\/p>\n<p><span style=\"font-weight: 400\">No obstante, se ha despertado mucho escepticismo en algunos sectores incluso exhortando a no vacunarse a las personas. Ante esta realidad conviene retomar el ejemplo de nuestro papa predecesor, Benedicto XVI y del Papa Francisco quienes han insistido en la importancia de la vacunaci\u00f3n como un acto de contribuci\u00f3n al bien com\u00fan.\u00a0<\/span><\/p>\n<p><span style=\"font-weight: 400\">En esta pandemia, ha quedado en evidencia la necesidad de cuidarnos unos a otros pues de los cuidados que practico en mi persona depende la vida de quienes me rodean. Ahora bien, hablar de bien com\u00fan implica hablar del binomio que existe entre individuo y sociedad donde cada uno contribuye al crecimiento y bienestar del conjunto en donde vive y, a su vez, \u00e9ste lo hace al bienestar de cada persona.\u00a0<\/span><\/p>\n<p><span style=\"font-weight: 400\">En este orden de ideas, no puede haber bien com\u00fan si alguno sufre o no tiene lo necesario para vivir, pues se valora tanto a la persona como fin en s\u00ed mismo como a la comunidad en la que vive, que contribuye a que la primera pueda lograr los m\u00e1ximos est\u00e1ndares de vida posibles, mientras que la persona se compromete a contribuir al orden y promoci\u00f3n de la sociedad en donde se inserta.\u00a0<\/span><\/p>\n<p><span style=\"font-weight: 400\">En el caso de las vacunas, al ayudar a mitigar los contagios y las complicaciones en los cuadros graves de la enfermedad y, por ello, las muertes por COVID, la persona que se vacuna no solamente vela por su propio bien y su propia salud si no que, al hacerlo, vela por el bien de todos y la salud de su familia, comunidad y de la sociedad entera, es por ello que vacunarse es una contribuci\u00f3n al bien com\u00fan, de las m\u00e1s excelsas.\u00a0<\/span><\/p>\n<p><span style=\"font-weight: 400\">El Santo Padre nos ha animado en todos estos meses a caminar todos juntos, pero sin olvidarnos de los hermanos que se han quedado a un costado del camino, por ello, ahora que ya veamos una posibilidad para salir de esta crisis sanitaria de dimensiones mundiales, debemos acudir a los avances de la ciencia y la medicina que nos permiten cuidarnos y cuidar de otros como son las vacunas contra la COVID.<\/span><\/p>\n<p><span style=\"font-weight: 400\">Es cierto que existen muchos mitos que nos hacen dudar de las vacunas, de su eficacia, de su seguridad, de su r\u00e1pida producci\u00f3n, etc., pero es nuestro deber buscar la verdad objetiva y los estudios ya publicados demuestran que las vacunas que se han autorizado para su uso de emergencias tienen porcentajes de efectividad bastante buenos (oscilando entre 80-94%) y han prevenido casos de contagios y, de \u00faltimas semanas a la fecha, hasta los \u00edndices de letalidad en los pa\u00edses donde los planes de vacunaci\u00f3n se iniciaron tempranamente como Israel, Estados Unidos y Chile, han descendido considerablemente.\u00a0<\/span><\/p>\n<p><span style=\"font-weight: 400\">Tenemos la obligaci\u00f3n, por un lado, de buscar fielmente los datos de la ciencia que ayuda a la raz\u00f3n humana a optar por lo que es verdadero y, por el otro, de buscar formas solidarias de acompa\u00f1arnos en nuestra fragilidad, una de ellas, es proteger nuestra vida y la vida de los dem\u00e1s como lugar de encuentro y de crecimiento humano.\u00a0<\/span><\/p>\n<p><span style=\"font-weight: 400\">No hay que dejar de afirmar que, as\u00ed como tenemos la responsabilidad de cuidarnos y cuidar a los dem\u00e1s, tambi\u00e9n tenemos la libertad para ponderar, en un acto de autoconciencia y de honestidad, los medios adecuados para cumplir con el primer prop\u00f3sito y discernir los pasos a seguir para conseguirlo; por ende, no existe ni debe existir obligaci\u00f3n para vacunarse, pero hacerlo es, sin duda, un acto de responsabilidad, de solidaridad y de contribuci\u00f3n al bien com\u00fan.\u00a0<\/span><\/p>\n","protected":false},"excerpt":{"rendered":"<p>Reflexi\u00f3n de la doctora Mar\u00eda Elisabeth de los R\u00edos<\/p>\n","protected":false},"author":27,"featured_media":2928,"comment_status":"closed","ping_status":"closed","sticky":false,"template":"","format":"standard","meta":{"_acf_changed":false,"_crdt_document":"","inline_featured_image":false,"footnotes":""},"categories":[130],"tags":[542,541,539,414,540],"class_list":["post-2919","post","type-post","status-publish","format-standard","has-post-thumbnail","hentry","category-voces","tag-bien-comun","tag-covid-19","tag-maria-elisabeth-de-los-rios-uriarte","tag-reflexion","tag-vacunacion"],"acf":[],"yoast_head":"<!-- This site is optimized with the Yoast SEO plugin v27.5 - https:\/\/yoast.com\/product\/yoast-seo-wordpress\/ -->\n<title>Reflexi\u00f3n sobre la vacunaci\u00f3n contra la COVID y el bien com\u00fan - Exaudi<\/title>\n<meta name=\"description\" content=\"La doctora Mar\u00eda Elisabeth de los R\u00edos ofrece a los lectores de Exaudi su art\u00edculo sobre la vacunaci\u00f3n contra la COVID-19 y el bien com\u00fan.\" \/>\n<meta name=\"robots\" content=\"index, follow, max-snippet:-1, max-image-preview:large, max-video-preview:-1\" \/>\n<link rel=\"canonical\" href=\"https:\/\/exaudi.org\/es\/vacunacion-covid-bien-comun-reflexion-2021\/\" \/>\n<meta property=\"og:locale\" content=\"es_ES\" \/>\n<meta property=\"og:type\" content=\"article\" \/>\n<meta property=\"og:title\" content=\"Reflexi\u00f3n sobre la vacunaci\u00f3n contra la COVID y el bien com\u00fan - Exaudi\" \/>\n<meta property=\"og:description\" content=\"La doctora Mar\u00eda Elisabeth de los R\u00edos ofrece a los lectores de Exaudi su art\u00edculo sobre la vacunaci\u00f3n contra la COVID-19 y el bien com\u00fan.\" \/>\n<meta property=\"og:url\" content=\"https:\/\/exaudi.org\/es\/vacunacion-covid-bien-comun-reflexion-2021\/\" \/>\n<meta property=\"og:site_name\" content=\"Exaudi\" \/>\n<meta property=\"article:publisher\" content=\"https:\/\/www.facebook.com\/ExaudiNews\" \/>\n<meta property=\"article:published_time\" content=\"2021-03-02T09:22:22+00:00\" \/>\n<meta property=\"article:modified_time\" content=\"2021-03-03T11:06:38+00:00\" \/>\n<meta property=\"og:image\" content=\"https:\/\/exaudi.org\/wp-content\/uploads\/2021\/03\/covid-19-coronavirus-covid-cell-pandemic-corona-virus-1608807-pxhere.com_.jpg\" \/>\n\t<meta property=\"og:image:width\" content=\"2000\" \/>\n\t<meta property=\"og:image:height\" content=\"1333\" \/>\n\t<meta property=\"og:image:type\" content=\"image\/jpeg\" \/>\n<meta name=\"author\" content=\"Mar\u00eda Elizabeth de los R\u00edos\" \/>\n<meta name=\"twitter:card\" content=\"summary_large_image\" \/>\n<meta name=\"twitter:creator\" content=\"@Exaudi_News\" \/>\n<meta name=\"twitter:site\" content=\"@Exaudi_News\" \/>\n<meta name=\"twitter:label1\" content=\"Escrito por\" \/>\n\t<meta name=\"twitter:data1\" content=\"Mar\u00eda Elizabeth de los R\u00edos\" \/>\n\t<meta name=\"twitter:label2\" content=\"Tiempo de lectura\" \/>\n\t<meta name=\"twitter:data2\" content=\"4 minutos\" \/>\n<script type=\"application\/ld+json\" class=\"yoast-schema-graph\">{\"@context\":\"https:\\\/\\\/schema.org\",\"@graph\":[{\"@type\":\"Article\",\"@id\":\"https:\\\/\\\/exaudi.org\\\/es\\\/vacunacion-covid-bien-comun-reflexion-2021\\\/#article\",\"isPartOf\":{\"@id\":\"https:\\\/\\\/exaudi.org\\\/es\\\/vacunacion-covid-bien-comun-reflexion-2021\\\/\"},\"author\":{\"name\":\"Mar\u00eda Elizabeth de los R\u00edos\",\"@id\":\"https:\\\/\\\/exaudi.org\\\/#\\\/schema\\\/person\\\/596d1ef0c89a7ba901ad973cd653de32\"},\"headline\":\"La vacunaci\u00f3n contra la COVID-19: Una contribuci\u00f3n al bien com\u00fan\",\"datePublished\":\"2021-03-02T09:22:22+00:00\",\"dateModified\":\"2021-03-03T11:06:38+00:00\",\"mainEntityOfPage\":{\"@id\":\"https:\\\/\\\/exaudi.org\\\/es\\\/vacunacion-covid-bien-comun-reflexion-2021\\\/\"},\"wordCount\":753,\"image\":{\"@id\":\"https:\\\/\\\/exaudi.org\\\/es\\\/vacunacion-covid-bien-comun-reflexion-2021\\\/#primaryimage\"},\"thumbnailUrl\":\"https:\\\/\\\/exaudi.org\\\/wp-content\\\/uploads\\\/2021\\\/03\\\/covid-19-coronavirus-covid-cell-pandemic-corona-virus-1608807-pxhere.com_.jpg\",\"keywords\":[\"Bien com\u00fan\",\"COVID-19\",\"Mar\u00eda Elisabeth de los R\u00edos Uriarte\",\"Reflexi\u00f3n\",\"Vacunaci\u00f3n\"],\"articleSection\":[\"Voces\"],\"inLanguage\":\"es\"},{\"@type\":\"WebPage\",\"@id\":\"https:\\\/\\\/exaudi.org\\\/es\\\/vacunacion-covid-bien-comun-reflexion-2021\\\/\",\"url\":\"https:\\\/\\\/exaudi.org\\\/es\\\/vacunacion-covid-bien-comun-reflexion-2021\\\/\",\"name\":\"Reflexi\u00f3n sobre la vacunaci\u00f3n contra la COVID y el bien com\u00fan - Exaudi\",\"isPartOf\":{\"@id\":\"https:\\\/\\\/exaudi.org\\\/#website\"},\"primaryImageOfPage\":{\"@id\":\"https:\\\/\\\/exaudi.org\\\/es\\\/vacunacion-covid-bien-comun-reflexion-2021\\\/#primaryimage\"},\"image\":{\"@id\":\"https:\\\/\\\/exaudi.org\\\/es\\\/vacunacion-covid-bien-comun-reflexion-2021\\\/#primaryimage\"},\"thumbnailUrl\":\"https:\\\/\\\/exaudi.org\\\/wp-content\\\/uploads\\\/2021\\\/03\\\/covid-19-coronavirus-covid-cell-pandemic-corona-virus-1608807-pxhere.com_.jpg\",\"datePublished\":\"2021-03-02T09:22:22+00:00\",\"dateModified\":\"2021-03-03T11:06:38+00:00\",\"author\":{\"@id\":\"https:\\\/\\\/exaudi.org\\\/#\\\/schema\\\/person\\\/596d1ef0c89a7ba901ad973cd653de32\"},\"description\":\"La doctora Mar\u00eda Elisabeth de los R\u00edos ofrece a los lectores de Exaudi su art\u00edculo sobre la vacunaci\u00f3n contra la COVID-19 y el bien com\u00fan.\",\"breadcrumb\":{\"@id\":\"https:\\\/\\\/exaudi.org\\\/es\\\/vacunacion-covid-bien-comun-reflexion-2021\\\/#breadcrumb\"},\"inLanguage\":\"es\",\"potentialAction\":[{\"@type\":\"ReadAction\",\"target\":[\"https:\\\/\\\/exaudi.org\\\/es\\\/vacunacion-covid-bien-comun-reflexion-2021\\\/\"]}]},{\"@type\":\"ImageObject\",\"inLanguage\":\"es\",\"@id\":\"https:\\\/\\\/exaudi.org\\\/es\\\/vacunacion-covid-bien-comun-reflexion-2021\\\/#primaryimage\",\"url\":\"https:\\\/\\\/exaudi.org\\\/wp-content\\\/uploads\\\/2021\\\/03\\\/covid-19-coronavirus-covid-cell-pandemic-corona-virus-1608807-pxhere.com_.jpg\",\"contentUrl\":\"https:\\\/\\\/exaudi.org\\\/wp-content\\\/uploads\\\/2021\\\/03\\\/covid-19-coronavirus-covid-cell-pandemic-corona-virus-1608807-pxhere.com_.jpg\",\"width\":2000,\"height\":1333,\"caption\":\"Preparaci\u00f3n de las vacunas contra la COVID \u00a9 Pxhere\"},{\"@type\":\"BreadcrumbList\",\"@id\":\"https:\\\/\\\/exaudi.org\\\/es\\\/vacunacion-covid-bien-comun-reflexion-2021\\\/#breadcrumb\",\"itemListElement\":[{\"@type\":\"ListItem\",\"position\":1,\"name\":\"Portada\",\"item\":\"https:\\\/\\\/exaudi.org\\\/es\\\/\"},{\"@type\":\"ListItem\",\"position\":2,\"name\":\"La vacunaci\u00f3n contra la COVID-19: Una contribuci\u00f3n al bien com\u00fan\"}]},{\"@type\":\"WebSite\",\"@id\":\"https:\\\/\\\/exaudi.org\\\/#website\",\"url\":\"https:\\\/\\\/exaudi.org\\\/\",\"name\":\"Exaudi\",\"description\":\"News\",\"potentialAction\":[{\"@type\":\"SearchAction\",\"target\":{\"@type\":\"EntryPoint\",\"urlTemplate\":\"https:\\\/\\\/exaudi.org\\\/?s={search_term_string}\"},\"query-input\":{\"@type\":\"PropertyValueSpecification\",\"valueRequired\":true,\"valueName\":\"search_term_string\"}}],\"inLanguage\":\"es\"},{\"@type\":\"Person\",\"@id\":\"https:\\\/\\\/exaudi.org\\\/#\\\/schema\\\/person\\\/596d1ef0c89a7ba901ad973cd653de32\",\"name\":\"Mar\u00eda Elizabeth de los R\u00edos\",\"image\":{\"@type\":\"ImageObject\",\"inLanguage\":\"es\",\"@id\":\"https:\\\/\\\/secure.gravatar.com\\\/avatar\\\/f553347e62c31310ccf05d7029ee08920c654f90d37757c786ac255d9c9d6e3a?s=96&d=mm&r=g\",\"url\":\"https:\\\/\\\/secure.gravatar.com\\\/avatar\\\/f553347e62c31310ccf05d7029ee08920c654f90d37757c786ac255d9c9d6e3a?s=96&d=mm&r=g\",\"contentUrl\":\"https:\\\/\\\/secure.gravatar.com\\\/avatar\\\/f553347e62c31310ccf05d7029ee08920c654f90d37757c786ac255d9c9d6e3a?s=96&d=mm&r=g\",\"caption\":\"Mar\u00eda Elizabeth de los R\u00edos\"},\"description\":\"Doctora en Filosof\u00eda por la Universidad Iberoamericana.Maestra en Bio\u00e9tica por la Universidad An\u00e1huac M\u00e9xico Norte. Licenciada en Filosof\u00eda por la Universidad Iberoamericana.T\u00e9cnico en Atenci\u00f3n M\u00e9dica Prehospitalaria por SUUMA A.C. Scholar research de la C\u00e1tedra UNESCO en Bio\u00e9tica y Derechos Humanos. Miembro de la Academia Nacional Mexicana de Bio\u00e9tica. Miembro y Secretaria general de la Academia Mexicana para el Di\u00e1logo Ciencia-Fe. Ha impartido clases en niveles licenciatura y posgrado en diversas Universidades. Cuenta con publicaciones en revistas acad\u00e9micas y de divulgaci\u00f3n tanto nacionales como internacionales y es columnista invitado del peri\u00f3dico REFORMA. Actualmente es profesora investigadora de la Facultad de Bio\u00e9tica de la Universidad An\u00e1huac M\u00e9xico y Coordinadora de Investigaci\u00f3n en la misma Facultad.\",\"url\":\"https:\\\/\\\/exaudi.org\\\/es\\\/author\\\/mariaelizabethdelosrios\\\/\"}]}<\/script>\n<!-- \/ Yoast SEO plugin. -->","yoast_head_json":{"title":"Reflexi\u00f3n sobre la vacunaci\u00f3n contra la COVID y el bien com\u00fan - Exaudi","description":"La doctora Mar\u00eda Elisabeth de los R\u00edos ofrece a los lectores de Exaudi su art\u00edculo sobre la vacunaci\u00f3n contra la COVID-19 y el bien com\u00fan.","robots":{"index":"index","follow":"follow","max-snippet":"max-snippet:-1","max-image-preview":"max-image-preview:large","max-video-preview":"max-video-preview:-1"},"canonical":"https:\/\/exaudi.org\/es\/vacunacion-covid-bien-comun-reflexion-2021\/","og_locale":"es_ES","og_type":"article","og_title":"Reflexi\u00f3n sobre la vacunaci\u00f3n contra la COVID y el bien com\u00fan - Exaudi","og_description":"La doctora Mar\u00eda Elisabeth de los R\u00edos ofrece a los lectores de Exaudi su art\u00edculo sobre la vacunaci\u00f3n contra la COVID-19 y el bien com\u00fan.","og_url":"https:\/\/exaudi.org\/es\/vacunacion-covid-bien-comun-reflexion-2021\/","og_site_name":"Exaudi","article_publisher":"https:\/\/www.facebook.com\/ExaudiNews","article_published_time":"2021-03-02T09:22:22+00:00","article_modified_time":"2021-03-03T11:06:38+00:00","og_image":[{"width":2000,"height":1333,"url":"https:\/\/exaudi.org\/wp-content\/uploads\/2021\/03\/covid-19-coronavirus-covid-cell-pandemic-corona-virus-1608807-pxhere.com_.jpg","type":"image\/jpeg"}],"author":"Mar\u00eda Elizabeth de los R\u00edos","twitter_card":"summary_large_image","twitter_creator":"@Exaudi_News","twitter_site":"@Exaudi_News","twitter_misc":{"Escrito por":"Mar\u00eda Elizabeth de los R\u00edos","Tiempo de lectura":"4 minutos"},"schema":{"@context":"https:\/\/schema.org","@graph":[{"@type":"Article","@id":"https:\/\/exaudi.org\/es\/vacunacion-covid-bien-comun-reflexion-2021\/#article","isPartOf":{"@id":"https:\/\/exaudi.org\/es\/vacunacion-covid-bien-comun-reflexion-2021\/"},"author":{"name":"Mar\u00eda Elizabeth de los R\u00edos","@id":"https:\/\/exaudi.org\/#\/schema\/person\/596d1ef0c89a7ba901ad973cd653de32"},"headline":"La vacunaci\u00f3n contra la COVID-19: Una contribuci\u00f3n al bien com\u00fan","datePublished":"2021-03-02T09:22:22+00:00","dateModified":"2021-03-03T11:06:38+00:00","mainEntityOfPage":{"@id":"https:\/\/exaudi.org\/es\/vacunacion-covid-bien-comun-reflexion-2021\/"},"wordCount":753,"image":{"@id":"https:\/\/exaudi.org\/es\/vacunacion-covid-bien-comun-reflexion-2021\/#primaryimage"},"thumbnailUrl":"https:\/\/exaudi.org\/wp-content\/uploads\/2021\/03\/covid-19-coronavirus-covid-cell-pandemic-corona-virus-1608807-pxhere.com_.jpg","keywords":["Bien com\u00fan","COVID-19","Mar\u00eda Elisabeth de los R\u00edos Uriarte","Reflexi\u00f3n","Vacunaci\u00f3n"],"articleSection":["Voces"],"inLanguage":"es"},{"@type":"WebPage","@id":"https:\/\/exaudi.org\/es\/vacunacion-covid-bien-comun-reflexion-2021\/","url":"https:\/\/exaudi.org\/es\/vacunacion-covid-bien-comun-reflexion-2021\/","name":"Reflexi\u00f3n sobre la vacunaci\u00f3n contra la COVID y el bien com\u00fan - Exaudi","isPartOf":{"@id":"https:\/\/exaudi.org\/#website"},"primaryImageOfPage":{"@id":"https:\/\/exaudi.org\/es\/vacunacion-covid-bien-comun-reflexion-2021\/#primaryimage"},"image":{"@id":"https:\/\/exaudi.org\/es\/vacunacion-covid-bien-comun-reflexion-2021\/#primaryimage"},"thumbnailUrl":"https:\/\/exaudi.org\/wp-content\/uploads\/2021\/03\/covid-19-coronavirus-covid-cell-pandemic-corona-virus-1608807-pxhere.com_.jpg","datePublished":"2021-03-02T09:22:22+00:00","dateModified":"2021-03-03T11:06:38+00:00","author":{"@id":"https:\/\/exaudi.org\/#\/schema\/person\/596d1ef0c89a7ba901ad973cd653de32"},"description":"La doctora Mar\u00eda Elisabeth de los R\u00edos ofrece a los lectores de Exaudi su art\u00edculo sobre la vacunaci\u00f3n contra la COVID-19 y el bien com\u00fan.","breadcrumb":{"@id":"https:\/\/exaudi.org\/es\/vacunacion-covid-bien-comun-reflexion-2021\/#breadcrumb"},"inLanguage":"es","potentialAction":[{"@type":"ReadAction","target":["https:\/\/exaudi.org\/es\/vacunacion-covid-bien-comun-reflexion-2021\/"]}]},{"@type":"ImageObject","inLanguage":"es","@id":"https:\/\/exaudi.org\/es\/vacunacion-covid-bien-comun-reflexion-2021\/#primaryimage","url":"https:\/\/exaudi.org\/wp-content\/uploads\/2021\/03\/covid-19-coronavirus-covid-cell-pandemic-corona-virus-1608807-pxhere.com_.jpg","contentUrl":"https:\/\/exaudi.org\/wp-content\/uploads\/2021\/03\/covid-19-coronavirus-covid-cell-pandemic-corona-virus-1608807-pxhere.com_.jpg","width":2000,"height":1333,"caption":"Preparaci\u00f3n de las vacunas contra la COVID \u00a9 Pxhere"},{"@type":"BreadcrumbList","@id":"https:\/\/exaudi.org\/es\/vacunacion-covid-bien-comun-reflexion-2021\/#breadcrumb","itemListElement":[{"@type":"ListItem","position":1,"name":"Portada","item":"https:\/\/exaudi.org\/es\/"},{"@type":"ListItem","position":2,"name":"La vacunaci\u00f3n contra la COVID-19: Una contribuci\u00f3n al bien com\u00fan"}]},{"@type":"WebSite","@id":"https:\/\/exaudi.org\/#website","url":"https:\/\/exaudi.org\/","name":"Exaudi","description":"News","potentialAction":[{"@type":"SearchAction","target":{"@type":"EntryPoint","urlTemplate":"https:\/\/exaudi.org\/?s={search_term_string}"},"query-input":{"@type":"PropertyValueSpecification","valueRequired":true,"valueName":"search_term_string"}}],"inLanguage":"es"},{"@type":"Person","@id":"https:\/\/exaudi.org\/#\/schema\/person\/596d1ef0c89a7ba901ad973cd653de32","name":"Mar\u00eda Elizabeth de los R\u00edos","image":{"@type":"ImageObject","inLanguage":"es","@id":"https:\/\/secure.gravatar.com\/avatar\/f553347e62c31310ccf05d7029ee08920c654f90d37757c786ac255d9c9d6e3a?s=96&d=mm&r=g","url":"https:\/\/secure.gravatar.com\/avatar\/f553347e62c31310ccf05d7029ee08920c654f90d37757c786ac255d9c9d6e3a?s=96&d=mm&r=g","contentUrl":"https:\/\/secure.gravatar.com\/avatar\/f553347e62c31310ccf05d7029ee08920c654f90d37757c786ac255d9c9d6e3a?s=96&d=mm&r=g","caption":"Mar\u00eda Elizabeth de los R\u00edos"},"description":"Doctora en Filosof\u00eda por la Universidad Iberoamericana.Maestra en Bio\u00e9tica por la Universidad An\u00e1huac M\u00e9xico Norte. Licenciada en Filosof\u00eda por la Universidad Iberoamericana.T\u00e9cnico en Atenci\u00f3n M\u00e9dica Prehospitalaria por SUUMA A.C. Scholar research de la C\u00e1tedra UNESCO en Bio\u00e9tica y Derechos Humanos. Miembro de la Academia Nacional Mexicana de Bio\u00e9tica. Miembro y Secretaria general de la Academia Mexicana para el Di\u00e1logo Ciencia-Fe. Ha impartido clases en niveles licenciatura y posgrado en diversas Universidades. Cuenta con publicaciones en revistas acad\u00e9micas y de divulgaci\u00f3n tanto nacionales como internacionales y es columnista invitado del peri\u00f3dico REFORMA. Actualmente es profesora investigadora de la Facultad de Bio\u00e9tica de la Universidad An\u00e1huac M\u00e9xico y Coordinadora de Investigaci\u00f3n en la misma Facultad.","url":"https:\/\/exaudi.org\/es\/author\/mariaelizabethdelosrios\/"}]}},"jetpack_featured_media_url":"https:\/\/exaudi.org\/wp-content\/uploads\/2021\/03\/covid-19-coronavirus-covid-cell-pandemic-corona-virus-1608807-pxhere.com_.jpg","jetpack_shortlink":"https:\/\/wp.me\/pgKjF2-L5","_links":{"self":[{"href":"https:\/\/exaudi.org\/es\/wp-json\/wp\/v2\/posts\/2919","targetHints":{"allow":["GET"]}}],"collection":[{"href":"https:\/\/exaudi.org\/es\/wp-json\/wp\/v2\/posts"}],"about":[{"href":"https:\/\/exaudi.org\/es\/wp-json\/wp\/v2\/types\/post"}],"author":[{"embeddable":true,"href":"https:\/\/exaudi.org\/es\/wp-json\/wp\/v2\/users\/27"}],"replies":[{"embeddable":true,"href":"https:\/\/exaudi.org\/es\/wp-json\/wp\/v2\/comments?post=2919"}],"version-history":[{"count":0,"href":"https:\/\/exaudi.org\/es\/wp-json\/wp\/v2\/posts\/2919\/revisions"}],"wp:featuredmedia":[{"embeddable":true,"href":"https:\/\/exaudi.org\/es\/wp-json\/wp\/v2\/media\/2928"}],"wp:attachment":[{"href":"https:\/\/exaudi.org\/es\/wp-json\/wp\/v2\/media?parent=2919"}],"wp:term":[{"taxonomy":"category","embeddable":true,"href":"https:\/\/exaudi.org\/es\/wp-json\/wp\/v2\/categories?post=2919"},{"taxonomy":"post_tag","embeddable":true,"href":"https:\/\/exaudi.org\/es\/wp-json\/wp\/v2\/tags?post=2919"}],"curies":[{"name":"wp","href":"https:\/\/api.w.org\/{rel}","templated":true}]}}