{"id":29167,"date":"2021-08-01T16:01:10","date_gmt":"2021-08-01T14:01:10","guid":{"rendered":"https:\/\/exaudi.org\/?p=29167"},"modified":"2021-08-02T10:17:54","modified_gmt":"2021-08-02T08:17:54","slug":"el-papa-peruanos-senor-bendiga-vuestro-pais","status":"publish","type":"post","link":"https:\/\/exaudi.org\/es\/el-papa-peruanos-senor-bendiga-vuestro-pais\/","title":{"rendered":"El Papa a los peruanos: \u201c\u00a1Que el Se\u00f1or bendiga siempre vuestro pa\u00eds!\u201d"},"content":{"rendered":"<p>Tras el rezo del <a href=\"https:\/\/exaudi.org\/es\/el-papa-no-basta-con-buscar-a-dios-sino-preguntarse-por-que-le-buscamos\/\" target=\"_blank\" rel=\"noopener noreferrer\">\u00c1ngelus<\/a> de este, domingo, 1 de agosto de 2021, el Papa Francisco salud\u00f3 a los fieles y peregrinos presentes en la plaza de San Pedro, de una manera especial \u201ca los peruanos que tienen un nuevo presidente\u201d, reci\u00e9n elegido en el pa\u00eds. El Santo Padre dese\u00f3 a todos un feliz domingo y un mes de agosto \u201csereno\u201d.<\/p>\n<p>***<\/p>\n<p><strong>Palabras despu\u00e9s del \u00c1ngelus<\/strong><\/p>\n<p><em>Queridos<\/em> <em>hermanos y hermanas<\/em><\/p>\n<p>Saludo de todo coraz\u00f3n a todos vosotros, fieles de Roma y peregrinos de diversos pa\u00edses<\/p>\n<p>Este domingo, en particular, tengo la alegr\u00eda de saludar a varios grupos de j\u00f3venes: los de Zoppola, en la di\u00f3cesis de Concordia-Pordenone, los de Bolonia, que han recorrido la V\u00eda Francigena desde Orvieto hasta Roma, los del campamento itinerante organizado en Roma por las <a href=\"https:\/\/www.pddm.org\/storia\/?lang=es#\" target=\"_blank\" rel=\"noopener noreferrer\">Hermanas P\u00edas Disc\u00edpulas del Divino Maestr<\/a>o.<\/p>\n<p>Tambi\u00e9n saludo con afecto a los j\u00f3venes y educadores del grupo\u00a0<em>\u201cDopo di Noi\u201d<\/em>\u00a0de Villa Iris de Gradiscutta di Varmo, en la provincia de Udine. Y veo algunas banderas peruanas y os saludo a vosotros peruanos, que ten\u00e9is un nuevo presidente. \u00a1Que el Se\u00f1or bendiga siempre vuestro pa\u00eds!<\/p>\n<p>Os deseo a todos un buen domingo y un mes de agosto sereno&#8230; demasiado caluroso, \u00a1pero que sea sereno!<\/p>\n<p>Y, por favor, no os olvid\u00e9is de rezar por m\u00ed. \u00a1Buen almuerzo y hasta pronto!<\/p>\n","protected":false},"excerpt":{"rendered":"<p>Palabras despu\u00e9s de la oraci\u00f3n mariana<\/p>\n","protected":false},"author":7,"featured_media":29204,"comment_status":"closed","ping_status":"closed","sticky":false,"template":"","format":"standard","meta":{"_acf_changed":false,"_crdt_document":"","inline_featured_image":false,"footnotes":""},"categories":[70],"tags":[3543,2419,158],"class_list":["post-29167","post","type-post","status-publish","format-standard","has-post-thumbnail","hentry","category-angelus-es","tag-angelus-1-agosto-2021","tag-featured","tag-papa-francisco"],"acf":[],"yoast_head":"<!-- This site is optimized with the Yoast SEO plugin v27.4 - https:\/\/yoast.com\/product\/yoast-seo-wordpress\/ -->\n<title>El Papa a los peruanos: \u201c\u00a1Que el Se\u00f1or bendiga siempre vuestro pa\u00eds!\u201d &#8211; Exaudi<\/title>\n<meta name=\"description\" content=\"EL Papa Francisco salud\u00f3 a los fieles y peregrinos de una manera especial \u201ca los peruanos que tienen un nuevo presidente\u201d en el pa\u00eds\" \/>\n<meta name=\"robots\" content=\"index, follow, max-snippet:-1, max-image-preview:large, max-video-preview:-1\" \/>\n<link rel=\"canonical\" href=\"https:\/\/exaudi.org\/es\/el-papa-peruanos-senor-bendiga-vuestro-pais\/\" \/>\n<meta property=\"og:locale\" content=\"es_ES\" \/>\n<meta property=\"og:type\" content=\"article\" \/>\n<meta property=\"og:title\" content=\"El Papa a los peruanos: \u201c\u00a1Que el Se\u00f1or bendiga siempre vuestro pa\u00eds!\u201d &#8211; Exaudi\" \/>\n<meta property=\"og:description\" content=\"EL Papa Francisco salud\u00f3 a los fieles y peregrinos de una manera especial \u201ca los peruanos que tienen un nuevo presidente\u201d en el pa\u00eds\" \/>\n<meta property=\"og:url\" content=\"https:\/\/exaudi.org\/es\/el-papa-peruanos-senor-bendiga-vuestro-pais\/\" \/>\n<meta property=\"og:site_name\" content=\"Exaudi\" \/>\n<meta property=\"article:publisher\" content=\"https:\/\/www.facebook.com\/ExaudiNews\" \/>\n<meta property=\"article:published_time\" content=\"2021-08-01T14:01:10+00:00\" \/>\n<meta property=\"article:modified_time\" content=\"2021-08-02T08:17:54+00:00\" \/>\n<meta property=\"og:image\" content=\"https:\/\/exaudi.org\/wp-content\/uploads\/2021\/08\/vm010821110830_00021.jpg\" \/>\n\t<meta property=\"og:image:width\" content=\"2244\" \/>\n\t<meta property=\"og:image:height\" content=\"1497\" \/>\n\t<meta property=\"og:image:type\" content=\"image\/jpeg\" \/>\n<meta name=\"author\" content=\"Raquel Anillo\" \/>\n<meta name=\"twitter:card\" content=\"summary_large_image\" \/>\n<meta name=\"twitter:creator\" content=\"@Exaudi_News\" \/>\n<meta name=\"twitter:site\" content=\"@Exaudi_News\" \/>\n<meta name=\"twitter:label1\" content=\"Escrito por\" \/>\n\t<meta name=\"twitter:data1\" content=\"Raquel Anillo\" \/>\n\t<meta name=\"twitter:label2\" content=\"Tiempo de lectura\" \/>\n\t<meta name=\"twitter:data2\" content=\"1 minuto\" \/>\n<script type=\"application\/ld+json\" class=\"yoast-schema-graph\">{\"@context\":\"https:\\\/\\\/schema.org\",\"@graph\":[{\"@type\":\"Article\",\"@id\":\"https:\\\/\\\/exaudi.org\\\/es\\\/el-papa-peruanos-senor-bendiga-vuestro-pais\\\/#article\",\"isPartOf\":{\"@id\":\"https:\\\/\\\/exaudi.org\\\/es\\\/el-papa-peruanos-senor-bendiga-vuestro-pais\\\/\"},\"author\":{\"name\":\"Raquel Anillo\",\"@id\":\"https:\\\/\\\/exaudi.org\\\/#\\\/schema\\\/person\\\/6ff0af358a606d657c4b1b6e0d5c85cb\"},\"headline\":\"El Papa a los peruanos: \u201c\u00a1Que el Se\u00f1or bendiga siempre vuestro pa\u00eds!\u201d\",\"datePublished\":\"2021-08-01T14:01:10+00:00\",\"dateModified\":\"2021-08-02T08:17:54+00:00\",\"mainEntityOfPage\":{\"@id\":\"https:\\\/\\\/exaudi.org\\\/es\\\/el-papa-peruanos-senor-bendiga-vuestro-pais\\\/\"},\"wordCount\":246,\"image\":{\"@id\":\"https:\\\/\\\/exaudi.org\\\/es\\\/el-papa-peruanos-senor-bendiga-vuestro-pais\\\/#primaryimage\"},\"thumbnailUrl\":\"https:\\\/\\\/exaudi.org\\\/wp-content\\\/uploads\\\/2021\\\/08\\\/vm010821110830_00021.jpg\",\"keywords\":[\"\u00c1ngelus 1 agosto 2021\",\"Featured\",\"papa francisco\"],\"articleSection\":[\"\u00c1ngelus\"],\"inLanguage\":\"es\"},{\"@type\":\"WebPage\",\"@id\":\"https:\\\/\\\/exaudi.org\\\/es\\\/el-papa-peruanos-senor-bendiga-vuestro-pais\\\/\",\"url\":\"https:\\\/\\\/exaudi.org\\\/es\\\/el-papa-peruanos-senor-bendiga-vuestro-pais\\\/\",\"name\":\"El Papa a los peruanos: \u201c\u00a1Que el Se\u00f1or bendiga siempre vuestro pa\u00eds!\u201d &#8211; Exaudi\",\"isPartOf\":{\"@id\":\"https:\\\/\\\/exaudi.org\\\/#website\"},\"primaryImageOfPage\":{\"@id\":\"https:\\\/\\\/exaudi.org\\\/es\\\/el-papa-peruanos-senor-bendiga-vuestro-pais\\\/#primaryimage\"},\"image\":{\"@id\":\"https:\\\/\\\/exaudi.org\\\/es\\\/el-papa-peruanos-senor-bendiga-vuestro-pais\\\/#primaryimage\"},\"thumbnailUrl\":\"https:\\\/\\\/exaudi.org\\\/wp-content\\\/uploads\\\/2021\\\/08\\\/vm010821110830_00021.jpg\",\"datePublished\":\"2021-08-01T14:01:10+00:00\",\"dateModified\":\"2021-08-02T08:17:54+00:00\",\"author\":{\"@id\":\"https:\\\/\\\/exaudi.org\\\/#\\\/schema\\\/person\\\/6ff0af358a606d657c4b1b6e0d5c85cb\"},\"description\":\"EL Papa Francisco salud\u00f3 a los fieles y peregrinos de una manera especial \u201ca los peruanos que tienen un nuevo presidente\u201d en el pa\u00eds\",\"breadcrumb\":{\"@id\":\"https:\\\/\\\/exaudi.org\\\/es\\\/el-papa-peruanos-senor-bendiga-vuestro-pais\\\/#breadcrumb\"},\"inLanguage\":\"es\",\"potentialAction\":[{\"@type\":\"ReadAction\",\"target\":[\"https:\\\/\\\/exaudi.org\\\/es\\\/el-papa-peruanos-senor-bendiga-vuestro-pais\\\/\"]}]},{\"@type\":\"ImageObject\",\"inLanguage\":\"es\",\"@id\":\"https:\\\/\\\/exaudi.org\\\/es\\\/el-papa-peruanos-senor-bendiga-vuestro-pais\\\/#primaryimage\",\"url\":\"https:\\\/\\\/exaudi.org\\\/wp-content\\\/uploads\\\/2021\\\/08\\\/vm010821110830_00021.jpg\",\"contentUrl\":\"https:\\\/\\\/exaudi.org\\\/wp-content\\\/uploads\\\/2021\\\/08\\\/vm010821110830_00021.jpg\",\"width\":2244,\"height\":1497,\"caption\":\"\u00c1ngelus, 1 agosto 2021 \u00a9 Vatican Media\"},{\"@type\":\"BreadcrumbList\",\"@id\":\"https:\\\/\\\/exaudi.org\\\/es\\\/el-papa-peruanos-senor-bendiga-vuestro-pais\\\/#breadcrumb\",\"itemListElement\":[{\"@type\":\"ListItem\",\"position\":1,\"name\":\"Portada\",\"item\":\"https:\\\/\\\/exaudi.org\\\/es\\\/\"},{\"@type\":\"ListItem\",\"position\":2,\"name\":\"El Papa a los peruanos: \u201c\u00a1Que el Se\u00f1or bendiga siempre vuestro pa\u00eds!\u201d\"}]},{\"@type\":\"WebSite\",\"@id\":\"https:\\\/\\\/exaudi.org\\\/#website\",\"url\":\"https:\\\/\\\/exaudi.org\\\/\",\"name\":\"Exaudi\",\"description\":\"News\",\"potentialAction\":[{\"@type\":\"SearchAction\",\"target\":{\"@type\":\"EntryPoint\",\"urlTemplate\":\"https:\\\/\\\/exaudi.org\\\/?s={search_term_string}\"},\"query-input\":{\"@type\":\"PropertyValueSpecification\",\"valueRequired\":true,\"valueName\":\"search_term_string\"}}],\"inLanguage\":\"es\"},{\"@type\":\"Person\",\"@id\":\"https:\\\/\\\/exaudi.org\\\/#\\\/schema\\\/person\\\/6ff0af358a606d657c4b1b6e0d5c85cb\",\"name\":\"Raquel Anillo\",\"image\":{\"@type\":\"ImageObject\",\"inLanguage\":\"es\",\"@id\":\"https:\\\/\\\/secure.gravatar.com\\\/avatar\\\/7f88757c095badfcf277fb437d860f221e7a4fb83008b887cccb1f1299f66efb?s=96&d=mm&r=g\",\"url\":\"https:\\\/\\\/secure.gravatar.com\\\/avatar\\\/7f88757c095badfcf277fb437d860f221e7a4fb83008b887cccb1f1299f66efb?s=96&d=mm&r=g\",\"contentUrl\":\"https:\\\/\\\/secure.gravatar.com\\\/avatar\\\/7f88757c095badfcf277fb437d860f221e7a4fb83008b887cccb1f1299f66efb?s=96&d=mm&r=g\",\"caption\":\"Raquel Anillo\"},\"description\":\"Casada. Comprometida con la Iglesia. Traductora e int\u00e9rprete para la Comunidad Emmanuel, especialmente para las sesiones internacionales de Paray le Monial (Francia) 1986 al 2005. Colaboradora de Zenit de 2012-2014 y de 2017-2020 como traductora.\",\"url\":\"https:\\\/\\\/exaudi.org\\\/es\\\/author\\\/ranilloexaudi-org\\\/\"}]}<\/script>\n<!-- \/ Yoast SEO plugin. -->","yoast_head_json":{"title":"El Papa a los peruanos: \u201c\u00a1Que el Se\u00f1or bendiga siempre vuestro pa\u00eds!\u201d &#8211; Exaudi","description":"EL Papa Francisco salud\u00f3 a los fieles y peregrinos de una manera especial \u201ca los peruanos que tienen un nuevo presidente\u201d en el pa\u00eds","robots":{"index":"index","follow":"follow","max-snippet":"max-snippet:-1","max-image-preview":"max-image-preview:large","max-video-preview":"max-video-preview:-1"},"canonical":"https:\/\/exaudi.org\/es\/el-papa-peruanos-senor-bendiga-vuestro-pais\/","og_locale":"es_ES","og_type":"article","og_title":"El Papa a los peruanos: \u201c\u00a1Que el Se\u00f1or bendiga siempre vuestro pa\u00eds!\u201d &#8211; Exaudi","og_description":"EL Papa Francisco salud\u00f3 a los fieles y peregrinos de una manera especial \u201ca los peruanos que tienen un nuevo presidente\u201d en el pa\u00eds","og_url":"https:\/\/exaudi.org\/es\/el-papa-peruanos-senor-bendiga-vuestro-pais\/","og_site_name":"Exaudi","article_publisher":"https:\/\/www.facebook.com\/ExaudiNews","article_published_time":"2021-08-01T14:01:10+00:00","article_modified_time":"2021-08-02T08:17:54+00:00","og_image":[{"width":2244,"height":1497,"url":"https:\/\/exaudi.org\/wp-content\/uploads\/2021\/08\/vm010821110830_00021.jpg","type":"image\/jpeg"}],"author":"Raquel Anillo","twitter_card":"summary_large_image","twitter_creator":"@Exaudi_News","twitter_site":"@Exaudi_News","twitter_misc":{"Escrito por":"Raquel Anillo","Tiempo de lectura":"1 minuto"},"schema":{"@context":"https:\/\/schema.org","@graph":[{"@type":"Article","@id":"https:\/\/exaudi.org\/es\/el-papa-peruanos-senor-bendiga-vuestro-pais\/#article","isPartOf":{"@id":"https:\/\/exaudi.org\/es\/el-papa-peruanos-senor-bendiga-vuestro-pais\/"},"author":{"name":"Raquel Anillo","@id":"https:\/\/exaudi.org\/#\/schema\/person\/6ff0af358a606d657c4b1b6e0d5c85cb"},"headline":"El Papa a los peruanos: \u201c\u00a1Que el Se\u00f1or bendiga siempre vuestro pa\u00eds!\u201d","datePublished":"2021-08-01T14:01:10+00:00","dateModified":"2021-08-02T08:17:54+00:00","mainEntityOfPage":{"@id":"https:\/\/exaudi.org\/es\/el-papa-peruanos-senor-bendiga-vuestro-pais\/"},"wordCount":246,"image":{"@id":"https:\/\/exaudi.org\/es\/el-papa-peruanos-senor-bendiga-vuestro-pais\/#primaryimage"},"thumbnailUrl":"https:\/\/exaudi.org\/wp-content\/uploads\/2021\/08\/vm010821110830_00021.jpg","keywords":["\u00c1ngelus 1 agosto 2021","Featured","papa francisco"],"articleSection":["\u00c1ngelus"],"inLanguage":"es"},{"@type":"WebPage","@id":"https:\/\/exaudi.org\/es\/el-papa-peruanos-senor-bendiga-vuestro-pais\/","url":"https:\/\/exaudi.org\/es\/el-papa-peruanos-senor-bendiga-vuestro-pais\/","name":"El Papa a los peruanos: \u201c\u00a1Que el Se\u00f1or bendiga siempre vuestro pa\u00eds!\u201d &#8211; Exaudi","isPartOf":{"@id":"https:\/\/exaudi.org\/#website"},"primaryImageOfPage":{"@id":"https:\/\/exaudi.org\/es\/el-papa-peruanos-senor-bendiga-vuestro-pais\/#primaryimage"},"image":{"@id":"https:\/\/exaudi.org\/es\/el-papa-peruanos-senor-bendiga-vuestro-pais\/#primaryimage"},"thumbnailUrl":"https:\/\/exaudi.org\/wp-content\/uploads\/2021\/08\/vm010821110830_00021.jpg","datePublished":"2021-08-01T14:01:10+00:00","dateModified":"2021-08-02T08:17:54+00:00","author":{"@id":"https:\/\/exaudi.org\/#\/schema\/person\/6ff0af358a606d657c4b1b6e0d5c85cb"},"description":"EL Papa Francisco salud\u00f3 a los fieles y peregrinos de una manera especial \u201ca los peruanos que tienen un nuevo presidente\u201d en el pa\u00eds","breadcrumb":{"@id":"https:\/\/exaudi.org\/es\/el-papa-peruanos-senor-bendiga-vuestro-pais\/#breadcrumb"},"inLanguage":"es","potentialAction":[{"@type":"ReadAction","target":["https:\/\/exaudi.org\/es\/el-papa-peruanos-senor-bendiga-vuestro-pais\/"]}]},{"@type":"ImageObject","inLanguage":"es","@id":"https:\/\/exaudi.org\/es\/el-papa-peruanos-senor-bendiga-vuestro-pais\/#primaryimage","url":"https:\/\/exaudi.org\/wp-content\/uploads\/2021\/08\/vm010821110830_00021.jpg","contentUrl":"https:\/\/exaudi.org\/wp-content\/uploads\/2021\/08\/vm010821110830_00021.jpg","width":2244,"height":1497,"caption":"\u00c1ngelus, 1 agosto 2021 \u00a9 Vatican Media"},{"@type":"BreadcrumbList","@id":"https:\/\/exaudi.org\/es\/el-papa-peruanos-senor-bendiga-vuestro-pais\/#breadcrumb","itemListElement":[{"@type":"ListItem","position":1,"name":"Portada","item":"https:\/\/exaudi.org\/es\/"},{"@type":"ListItem","position":2,"name":"El Papa a los peruanos: \u201c\u00a1Que el Se\u00f1or bendiga siempre vuestro pa\u00eds!\u201d"}]},{"@type":"WebSite","@id":"https:\/\/exaudi.org\/#website","url":"https:\/\/exaudi.org\/","name":"Exaudi","description":"News","potentialAction":[{"@type":"SearchAction","target":{"@type":"EntryPoint","urlTemplate":"https:\/\/exaudi.org\/?s={search_term_string}"},"query-input":{"@type":"PropertyValueSpecification","valueRequired":true,"valueName":"search_term_string"}}],"inLanguage":"es"},{"@type":"Person","@id":"https:\/\/exaudi.org\/#\/schema\/person\/6ff0af358a606d657c4b1b6e0d5c85cb","name":"Raquel Anillo","image":{"@type":"ImageObject","inLanguage":"es","@id":"https:\/\/secure.gravatar.com\/avatar\/7f88757c095badfcf277fb437d860f221e7a4fb83008b887cccb1f1299f66efb?s=96&d=mm&r=g","url":"https:\/\/secure.gravatar.com\/avatar\/7f88757c095badfcf277fb437d860f221e7a4fb83008b887cccb1f1299f66efb?s=96&d=mm&r=g","contentUrl":"https:\/\/secure.gravatar.com\/avatar\/7f88757c095badfcf277fb437d860f221e7a4fb83008b887cccb1f1299f66efb?s=96&d=mm&r=g","caption":"Raquel Anillo"},"description":"Casada. Comprometida con la Iglesia. Traductora e int\u00e9rprete para la Comunidad Emmanuel, especialmente para las sesiones internacionales de Paray le Monial (Francia) 1986 al 2005. Colaboradora de Zenit de 2012-2014 y de 2017-2020 como traductora.","url":"https:\/\/exaudi.org\/es\/author\/ranilloexaudi-org\/"}]}},"jetpack_featured_media_url":"https:\/\/exaudi.org\/wp-content\/uploads\/2021\/08\/vm010821110830_00021.jpg","jetpack_shortlink":"https:\/\/wp.me\/pgKjF2-7Ar","_links":{"self":[{"href":"https:\/\/exaudi.org\/es\/wp-json\/wp\/v2\/posts\/29167","targetHints":{"allow":["GET"]}}],"collection":[{"href":"https:\/\/exaudi.org\/es\/wp-json\/wp\/v2\/posts"}],"about":[{"href":"https:\/\/exaudi.org\/es\/wp-json\/wp\/v2\/types\/post"}],"author":[{"embeddable":true,"href":"https:\/\/exaudi.org\/es\/wp-json\/wp\/v2\/users\/7"}],"replies":[{"embeddable":true,"href":"https:\/\/exaudi.org\/es\/wp-json\/wp\/v2\/comments?post=29167"}],"version-history":[{"count":0,"href":"https:\/\/exaudi.org\/es\/wp-json\/wp\/v2\/posts\/29167\/revisions"}],"wp:featuredmedia":[{"embeddable":true,"href":"https:\/\/exaudi.org\/es\/wp-json\/wp\/v2\/media\/29204"}],"wp:attachment":[{"href":"https:\/\/exaudi.org\/es\/wp-json\/wp\/v2\/media?parent=29167"}],"wp:term":[{"taxonomy":"category","embeddable":true,"href":"https:\/\/exaudi.org\/es\/wp-json\/wp\/v2\/categories?post=29167"},{"taxonomy":"post_tag","embeddable":true,"href":"https:\/\/exaudi.org\/es\/wp-json\/wp\/v2\/tags?post=29167"}],"curies":[{"name":"wp","href":"https:\/\/api.w.org\/{rel}","templated":true}]}}