{"id":29155,"date":"2021-08-01T14:14:44","date_gmt":"2021-08-01T12:14:44","guid":{"rendered":"https:\/\/exaudi.org\/?p=29155"},"modified":"2021-08-08T11:42:06","modified_gmt":"2021-08-08T09:42:06","slug":"el-papa-buscar-dios-por-que-buscamos","status":"publish","type":"post","link":"https:\/\/exaudi.org\/es\/el-papa-buscar-dios-por-que-buscamos\/","title":{"rendered":"El Papa: \u201cNo basta con buscar a Dios\u201d, \u201csino preguntarse, por qu\u00e9 lo buscamos\u201d"},"content":{"rendered":"<p>A las 12 del mediod\u00eda de hoy, domingo, 1 de agosto de 2021, el Papa Francisco se asom\u00f3 a la ventana de su estudio en el Palacio Apost\u00f3lico Vaticano para rezar el <a href=\"https:\/\/exaudi.org\/es\/el-papa-a-los-peruanos-que-el-senor-bendiga-siempre-vuestro-pais\/\" target=\"_blank\" rel=\"noopener noreferrer\">\u00c1ngelus<\/a> con los fieles y peregrinos reunidos en la Plaza de San Pedro, antes resalt\u00f3 que\u00a0\u201cno basta con buscar a Dios\u201d, sino que \u201ctambi\u00e9n hay que preguntarse por qu\u00e9 lo buscamos\u201d.<\/p>\n<p>Sobre el <a href=\"https:\/\/twitter.com\/Pontifex_es\/status\/1421780244781010952\" target=\"_blank\" rel=\"noopener noreferrer\">Evangelio de hoy<\/a>, el Santo Padre indica c\u00f3mo \u201cnos muestra que algunas barcas se dirigen a Cafarna\u00fam\u201d a buscar a Jes\u00fas y nos ense\u00f1a que \u201cno basta con buscar a Dios\u201d, sino que \u201ctambi\u00e9n hay que preguntarse por qu\u00e9 lo buscamos\u201d. El Papa apunta que \u201cvosotros me busc\u00e1is, no porque hab\u00e9is visto se\u00f1ales, sino porque hab\u00e9is comido de los panes y os hab\u00e9is saciado\u201d. \u00a0Y \u201cel verdadero amor es desinteresado, es gratuito: \u00a1no se ama para recibir un favor a cambio! Eso es inter\u00e9s; y tantas veces en la vida somos interesados\u201d.<\/p>\n<p>Finalmente, Francisco invita a acoger a Jes\u00fas, \u201cen la vida y vivir <em>una historia de amor con Jes\u00fas.<\/em>\u00a0Ser\u00e1 \u00c9l quien purifique nuestra fe. No podemos hacerlo por nosotros mismos. Pero el Se\u00f1or desea una relaci\u00f3n de amor con nosotros: antes de las cosas que recibimos y hacemos, est\u00e1 \u00c9l para amar. Hay una relaci\u00f3n con \u00c9l que va m\u00e1s all\u00e1 de la l\u00f3gica del inter\u00e9s y del c\u00e1lculo\u201d.<\/p>\n<p>Estas\u00a0son las palabras del Papa al introducir la oraci\u00f3n mariana:<\/p>\n<p>***<\/p>\n<h4><strong>Palabras antes del \u00c1ngelus<\/strong><\/h4>\n<p><em>Queridos hermanos y hermanas, \u00a1buenos d\u00edas!<\/em><\/p>\n<p>La escena inicial del Evangelio en la liturgia de hoy (cf.<em> Jn<\/em> 6,24-35) nos muestra algunas barcas que se dirigen hacia Cafarna\u00fam: la multitud est\u00e1 yendo a buscar a Jes\u00fas. Podr\u00edamos pensar que sea algo muy bueno, sin embargo, el Evangelio nos ense\u00f1a que no basta con buscar a Dios, tambi\u00e9n hay que preguntarse por qu\u00e9 lo buscamos. De hecho, Jes\u00fas dice: \u201cVosotros me busc\u00e1is, no porque hab\u00e9is visto se\u00f1ales, sino porque hab\u00e9is comido de los panes y os hab\u00e9is saciado\u201d. La gente, efectivamente, hab\u00eda asistido al prodigio de la multiplicaci\u00f3n de los panes, pero no hab\u00eda captado el significado de aquel gesto: se hab\u00eda quedado en el milagro exterior y se hab\u00eda quedado en el pan material, solamente all\u00ed, sin ir m\u00e1s all\u00e1, al significado.<\/p>\n<p>He aqu\u00ed, una primera pregunta que podemos hacernos: \u00bfPor qu\u00e9 buscamos al Se\u00f1or? \u00bfPor qu\u00e9 busco yo al Se\u00f1or? \u00bfCu\u00e1les son las motivaciones de nuestra fe? Necesitamos discernirlo porque entre las muchas tentaciones que tenemos en la vida, entre las tantas tentaciones hay una que podr\u00edamos llamar\u00a0<em>tentaci\u00f3n idol\u00e1trica<\/em>. Es la que nos impulsa a buscar a Dios para nuestro propio provecho, para resolver los problemas, para tener gracias a \u00c9l lo que no podemos conseguir por nosotros mismos, por inter\u00e9s. Pero as\u00ed, la fe es superficial y -me permito la palabra- la fe es milagrera: buscamos a Dios para que nos alimente y luego nos olvidamos de \u00c9l cuando estamos satisfechos. En el centro de esta fe inmadura no est\u00e1 Dios, sino nuestras necesidades. Pienso en nuestros intereses, en tantas cosas&#8230;Es justo presentar nuestras necesidades al coraz\u00f3n de Dios, pero el Se\u00f1or, que act\u00faa mucho m\u00e1s all\u00e1 de nuestras expectativas, desea vivir con nosotros ante todo en una relaci\u00f3n de amor. Y el verdadero amor es desinteresado, es gratuito: \u00a1no se ama para recibir un favor a cambio! Eso es inter\u00e9s; y tantas veces en la vida somos interesados.<\/p>\n<p>Nos puede ayudar una segunda pregunta que la multitud dirige a Jes\u00fas: \u201c\u00bfQu\u00e9 hemos de hacer para obrar las obras de Dios?\u201d (v. 28). Es como si la gente, provocada por Jes\u00fas, dijera: \u201c\u00bfC\u00f3mo podemos purificar nuestra b\u00fasqueda de Dios?, \u00bfC\u00f3mo pasar de una fe m\u00e1gica, que s\u00f3lo piensa en las propias necesidades, a la fe que agrada a Dios?\u201d. Y Jes\u00fas indica el camino: responde que la obra de Dios es acoger a quien el Padre ha enviado, es decir, acogerle a \u00c9l mismo, a Jes\u00fas. No es a\u00f1adir pr\u00e1cticas religiosas u observar preceptos especiales; es acoger a Jes\u00fas, es acogerlo en la vida y vivir\u00a0<em>una historia de amor con Jes\u00fas.<\/em>\u00a0Ser\u00e1 \u00c9l quien purifique nuestra fe. No podemos hacerlo por nosotros mismos. Pero el Se\u00f1or desea una relaci\u00f3n de amor con nosotros: antes de las cosas que recibimos y hacemos, est\u00e1 \u00c9l para amar. Hay una relaci\u00f3n con \u00c9l que va m\u00e1s all\u00e1 de la l\u00f3gica del inter\u00e9s y del c\u00e1lculo.<\/p>\n<p>Esto es as\u00ed con respecto a Dios, pero tambi\u00e9n en nuestras relaciones humanas y sociales: cuando buscamos sobre todo la satisfacci\u00f3n de nuestras necesidades, corremos el riesgo de utilizar a las personas y explotar las situaciones para nuestros fines. Cu\u00e1ntas veces hemos escuchado de una persona: \u201cPero esta usa a la gente y luego se olvida\u201d. Usar a las personas por el inter\u00e9s proprio. Est\u00e1 muy mal. Y una sociedad cuyo centro sean los intereses en lugar de las personas es una sociedad que no genera vida. La invitaci\u00f3n del Evangelio es \u00e9sta: en lugar de preocuparnos s\u00f3lo por el pan material que nos quita el hambre, acojamos a Jes\u00fas como pan de vida y, a partir de nuestra amistad con \u00c9l, aprendamos a amarnos entre nosotros. Con gratuidad y sin c\u00e1lculo. Amor gratuito y sin c\u00e1lculos, sin usar a la gente, con gratuidad, con generosidad, con magnanimidad.<\/p>\n<p>Recemos ahora a la Virgen Santa, a la que vivi\u00f3 la m\u00e1s bella historia de amor con Dios, para que nos d\u00e9 la gracia de abrirnos al encuentro con su Hijo.<\/p>\n","protected":false},"excerpt":{"rendered":"<p>Palabras antes del \u00c1ngelus<\/p>\n","protected":false},"author":7,"featured_media":29156,"comment_status":"closed","ping_status":"closed","sticky":false,"template":"","format":"standard","meta":{"_acf_changed":false,"_crdt_document":"","inline_featured_image":false,"footnotes":""},"categories":[70],"tags":[3543,158],"class_list":["post-29155","post","type-post","status-publish","format-standard","has-post-thumbnail","hentry","category-angelus-es","tag-angelus-1-agosto-2021","tag-papa-francisco"],"acf":[],"yoast_head":"<!-- This site is optimized with the Yoast SEO plugin v27.4 - https:\/\/yoast.com\/product\/yoast-seo-wordpress\/ -->\n<title>El Papa: \u201cNo basta con buscar a Dios\u201d, \u201csino preguntarse, por qu\u00e9 lo buscamos\u201d &#8211; Exaudi<\/title>\n<meta name=\"description\" content=\"\u00c1ngelus: El Papa apunta que el Evangelio ense\u00f1a que \u201cno basta con buscar a Dios\u201d, sino que \u201ctambi\u00e9n hay que preguntarse por qu\u00e9 lo buscamos\u201d\" \/>\n<meta name=\"robots\" content=\"index, follow, max-snippet:-1, max-image-preview:large, max-video-preview:-1\" \/>\n<link rel=\"canonical\" href=\"https:\/\/exaudi.org\/es\/el-papa-buscar-dios-por-que-buscamos\/\" \/>\n<meta property=\"og:locale\" content=\"es_ES\" \/>\n<meta property=\"og:type\" content=\"article\" \/>\n<meta property=\"og:title\" content=\"El Papa: \u201cNo basta con buscar a Dios\u201d, \u201csino preguntarse, por qu\u00e9 lo buscamos\u201d &#8211; Exaudi\" \/>\n<meta property=\"og:description\" content=\"\u00c1ngelus: El Papa apunta que el Evangelio ense\u00f1a que \u201cno basta con buscar a Dios\u201d, sino que \u201ctambi\u00e9n hay que preguntarse por qu\u00e9 lo buscamos\u201d\" \/>\n<meta property=\"og:url\" content=\"https:\/\/exaudi.org\/es\/el-papa-buscar-dios-por-que-buscamos\/\" \/>\n<meta property=\"og:site_name\" content=\"Exaudi\" \/>\n<meta property=\"article:publisher\" content=\"https:\/\/www.facebook.com\/ExaudiNews\" \/>\n<meta property=\"article:published_time\" content=\"2021-08-01T12:14:44+00:00\" \/>\n<meta property=\"article:modified_time\" content=\"2021-08-08T09:42:06+00:00\" \/>\n<meta property=\"og:image\" content=\"https:\/\/exaudi.org\/wp-content\/uploads\/2021\/08\/Angelus-1-agosto-2021.jpeg\" \/>\n\t<meta property=\"og:image:width\" content=\"1100\" \/>\n\t<meta property=\"og:image:height\" content=\"733\" \/>\n\t<meta property=\"og:image:type\" content=\"image\/jpeg\" \/>\n<meta name=\"author\" content=\"Raquel Anillo\" \/>\n<meta name=\"twitter:card\" content=\"summary_large_image\" \/>\n<meta name=\"twitter:creator\" content=\"@Exaudi_News\" \/>\n<meta name=\"twitter:site\" content=\"@Exaudi_News\" \/>\n<meta name=\"twitter:label1\" content=\"Escrito por\" \/>\n\t<meta name=\"twitter:data1\" content=\"Raquel Anillo\" \/>\n\t<meta name=\"twitter:label2\" content=\"Tiempo de lectura\" \/>\n\t<meta name=\"twitter:data2\" content=\"4 minutos\" \/>\n<script type=\"application\/ld+json\" class=\"yoast-schema-graph\">{\"@context\":\"https:\\\/\\\/schema.org\",\"@graph\":[{\"@type\":\"Article\",\"@id\":\"https:\\\/\\\/exaudi.org\\\/es\\\/el-papa-buscar-dios-por-que-buscamos\\\/#article\",\"isPartOf\":{\"@id\":\"https:\\\/\\\/exaudi.org\\\/es\\\/el-papa-buscar-dios-por-que-buscamos\\\/\"},\"author\":{\"name\":\"Raquel Anillo\",\"@id\":\"https:\\\/\\\/exaudi.org\\\/#\\\/schema\\\/person\\\/6ff0af358a606d657c4b1b6e0d5c85cb\"},\"headline\":\"El Papa: \u201cNo basta con buscar a Dios\u201d, \u201csino preguntarse, por qu\u00e9 lo buscamos\u201d\",\"datePublished\":\"2021-08-01T12:14:44+00:00\",\"dateModified\":\"2021-08-08T09:42:06+00:00\",\"mainEntityOfPage\":{\"@id\":\"https:\\\/\\\/exaudi.org\\\/es\\\/el-papa-buscar-dios-por-que-buscamos\\\/\"},\"wordCount\":1003,\"image\":{\"@id\":\"https:\\\/\\\/exaudi.org\\\/es\\\/el-papa-buscar-dios-por-que-buscamos\\\/#primaryimage\"},\"thumbnailUrl\":\"https:\\\/\\\/exaudi.org\\\/wp-content\\\/uploads\\\/2021\\\/08\\\/Angelus-1-agosto-2021.jpeg\",\"keywords\":[\"\u00c1ngelus 1 agosto 2021\",\"papa francisco\"],\"articleSection\":[\"\u00c1ngelus\"],\"inLanguage\":\"es\"},{\"@type\":\"WebPage\",\"@id\":\"https:\\\/\\\/exaudi.org\\\/es\\\/el-papa-buscar-dios-por-que-buscamos\\\/\",\"url\":\"https:\\\/\\\/exaudi.org\\\/es\\\/el-papa-buscar-dios-por-que-buscamos\\\/\",\"name\":\"El Papa: \u201cNo basta con buscar a Dios\u201d, \u201csino preguntarse, por qu\u00e9 lo buscamos\u201d &#8211; Exaudi\",\"isPartOf\":{\"@id\":\"https:\\\/\\\/exaudi.org\\\/#website\"},\"primaryImageOfPage\":{\"@id\":\"https:\\\/\\\/exaudi.org\\\/es\\\/el-papa-buscar-dios-por-que-buscamos\\\/#primaryimage\"},\"image\":{\"@id\":\"https:\\\/\\\/exaudi.org\\\/es\\\/el-papa-buscar-dios-por-que-buscamos\\\/#primaryimage\"},\"thumbnailUrl\":\"https:\\\/\\\/exaudi.org\\\/wp-content\\\/uploads\\\/2021\\\/08\\\/Angelus-1-agosto-2021.jpeg\",\"datePublished\":\"2021-08-01T12:14:44+00:00\",\"dateModified\":\"2021-08-08T09:42:06+00:00\",\"author\":{\"@id\":\"https:\\\/\\\/exaudi.org\\\/#\\\/schema\\\/person\\\/6ff0af358a606d657c4b1b6e0d5c85cb\"},\"description\":\"\u00c1ngelus: El Papa apunta que el Evangelio ense\u00f1a que \u201cno basta con buscar a Dios\u201d, sino que \u201ctambi\u00e9n hay que preguntarse por qu\u00e9 lo buscamos\u201d\",\"breadcrumb\":{\"@id\":\"https:\\\/\\\/exaudi.org\\\/es\\\/el-papa-buscar-dios-por-que-buscamos\\\/#breadcrumb\"},\"inLanguage\":\"es\",\"potentialAction\":[{\"@type\":\"ReadAction\",\"target\":[\"https:\\\/\\\/exaudi.org\\\/es\\\/el-papa-buscar-dios-por-que-buscamos\\\/\"]}]},{\"@type\":\"ImageObject\",\"inLanguage\":\"es\",\"@id\":\"https:\\\/\\\/exaudi.org\\\/es\\\/el-papa-buscar-dios-por-que-buscamos\\\/#primaryimage\",\"url\":\"https:\\\/\\\/exaudi.org\\\/wp-content\\\/uploads\\\/2021\\\/08\\\/Angelus-1-agosto-2021.jpeg\",\"contentUrl\":\"https:\\\/\\\/exaudi.org\\\/wp-content\\\/uploads\\\/2021\\\/08\\\/Angelus-1-agosto-2021.jpeg\",\"width\":1100,\"height\":733,\"caption\":\"\u00c1ngelus 1 agosto 2021 \u00a9 Vatican Media\"},{\"@type\":\"BreadcrumbList\",\"@id\":\"https:\\\/\\\/exaudi.org\\\/es\\\/el-papa-buscar-dios-por-que-buscamos\\\/#breadcrumb\",\"itemListElement\":[{\"@type\":\"ListItem\",\"position\":1,\"name\":\"Portada\",\"item\":\"https:\\\/\\\/exaudi.org\\\/es\\\/\"},{\"@type\":\"ListItem\",\"position\":2,\"name\":\"El Papa: \u201cNo basta con buscar a Dios\u201d, \u201csino preguntarse, por qu\u00e9 lo buscamos\u201d\"}]},{\"@type\":\"WebSite\",\"@id\":\"https:\\\/\\\/exaudi.org\\\/#website\",\"url\":\"https:\\\/\\\/exaudi.org\\\/\",\"name\":\"Exaudi\",\"description\":\"News\",\"potentialAction\":[{\"@type\":\"SearchAction\",\"target\":{\"@type\":\"EntryPoint\",\"urlTemplate\":\"https:\\\/\\\/exaudi.org\\\/?s={search_term_string}\"},\"query-input\":{\"@type\":\"PropertyValueSpecification\",\"valueRequired\":true,\"valueName\":\"search_term_string\"}}],\"inLanguage\":\"es\"},{\"@type\":\"Person\",\"@id\":\"https:\\\/\\\/exaudi.org\\\/#\\\/schema\\\/person\\\/6ff0af358a606d657c4b1b6e0d5c85cb\",\"name\":\"Raquel Anillo\",\"image\":{\"@type\":\"ImageObject\",\"inLanguage\":\"es\",\"@id\":\"https:\\\/\\\/secure.gravatar.com\\\/avatar\\\/7f88757c095badfcf277fb437d860f221e7a4fb83008b887cccb1f1299f66efb?s=96&d=mm&r=g\",\"url\":\"https:\\\/\\\/secure.gravatar.com\\\/avatar\\\/7f88757c095badfcf277fb437d860f221e7a4fb83008b887cccb1f1299f66efb?s=96&d=mm&r=g\",\"contentUrl\":\"https:\\\/\\\/secure.gravatar.com\\\/avatar\\\/7f88757c095badfcf277fb437d860f221e7a4fb83008b887cccb1f1299f66efb?s=96&d=mm&r=g\",\"caption\":\"Raquel Anillo\"},\"description\":\"Casada. Comprometida con la Iglesia. Traductora e int\u00e9rprete para la Comunidad Emmanuel, especialmente para las sesiones internacionales de Paray le Monial (Francia) 1986 al 2005. Colaboradora de Zenit de 2012-2014 y de 2017-2020 como traductora.\",\"url\":\"https:\\\/\\\/exaudi.org\\\/es\\\/author\\\/ranilloexaudi-org\\\/\"}]}<\/script>\n<!-- \/ Yoast SEO plugin. -->","yoast_head_json":{"title":"El Papa: \u201cNo basta con buscar a Dios\u201d, \u201csino preguntarse, por qu\u00e9 lo buscamos\u201d &#8211; Exaudi","description":"\u00c1ngelus: El Papa apunta que el Evangelio ense\u00f1a que \u201cno basta con buscar a Dios\u201d, sino que \u201ctambi\u00e9n hay que preguntarse por qu\u00e9 lo buscamos\u201d","robots":{"index":"index","follow":"follow","max-snippet":"max-snippet:-1","max-image-preview":"max-image-preview:large","max-video-preview":"max-video-preview:-1"},"canonical":"https:\/\/exaudi.org\/es\/el-papa-buscar-dios-por-que-buscamos\/","og_locale":"es_ES","og_type":"article","og_title":"El Papa: \u201cNo basta con buscar a Dios\u201d, \u201csino preguntarse, por qu\u00e9 lo buscamos\u201d &#8211; Exaudi","og_description":"\u00c1ngelus: El Papa apunta que el Evangelio ense\u00f1a que \u201cno basta con buscar a Dios\u201d, sino que \u201ctambi\u00e9n hay que preguntarse por qu\u00e9 lo buscamos\u201d","og_url":"https:\/\/exaudi.org\/es\/el-papa-buscar-dios-por-que-buscamos\/","og_site_name":"Exaudi","article_publisher":"https:\/\/www.facebook.com\/ExaudiNews","article_published_time":"2021-08-01T12:14:44+00:00","article_modified_time":"2021-08-08T09:42:06+00:00","og_image":[{"width":1100,"height":733,"url":"https:\/\/exaudi.org\/wp-content\/uploads\/2021\/08\/Angelus-1-agosto-2021.jpeg","type":"image\/jpeg"}],"author":"Raquel Anillo","twitter_card":"summary_large_image","twitter_creator":"@Exaudi_News","twitter_site":"@Exaudi_News","twitter_misc":{"Escrito por":"Raquel Anillo","Tiempo de lectura":"4 minutos"},"schema":{"@context":"https:\/\/schema.org","@graph":[{"@type":"Article","@id":"https:\/\/exaudi.org\/es\/el-papa-buscar-dios-por-que-buscamos\/#article","isPartOf":{"@id":"https:\/\/exaudi.org\/es\/el-papa-buscar-dios-por-que-buscamos\/"},"author":{"name":"Raquel Anillo","@id":"https:\/\/exaudi.org\/#\/schema\/person\/6ff0af358a606d657c4b1b6e0d5c85cb"},"headline":"El Papa: \u201cNo basta con buscar a Dios\u201d, \u201csino preguntarse, por qu\u00e9 lo buscamos\u201d","datePublished":"2021-08-01T12:14:44+00:00","dateModified":"2021-08-08T09:42:06+00:00","mainEntityOfPage":{"@id":"https:\/\/exaudi.org\/es\/el-papa-buscar-dios-por-que-buscamos\/"},"wordCount":1003,"image":{"@id":"https:\/\/exaudi.org\/es\/el-papa-buscar-dios-por-que-buscamos\/#primaryimage"},"thumbnailUrl":"https:\/\/exaudi.org\/wp-content\/uploads\/2021\/08\/Angelus-1-agosto-2021.jpeg","keywords":["\u00c1ngelus 1 agosto 2021","papa francisco"],"articleSection":["\u00c1ngelus"],"inLanguage":"es"},{"@type":"WebPage","@id":"https:\/\/exaudi.org\/es\/el-papa-buscar-dios-por-que-buscamos\/","url":"https:\/\/exaudi.org\/es\/el-papa-buscar-dios-por-que-buscamos\/","name":"El Papa: \u201cNo basta con buscar a Dios\u201d, \u201csino preguntarse, por qu\u00e9 lo buscamos\u201d &#8211; Exaudi","isPartOf":{"@id":"https:\/\/exaudi.org\/#website"},"primaryImageOfPage":{"@id":"https:\/\/exaudi.org\/es\/el-papa-buscar-dios-por-que-buscamos\/#primaryimage"},"image":{"@id":"https:\/\/exaudi.org\/es\/el-papa-buscar-dios-por-que-buscamos\/#primaryimage"},"thumbnailUrl":"https:\/\/exaudi.org\/wp-content\/uploads\/2021\/08\/Angelus-1-agosto-2021.jpeg","datePublished":"2021-08-01T12:14:44+00:00","dateModified":"2021-08-08T09:42:06+00:00","author":{"@id":"https:\/\/exaudi.org\/#\/schema\/person\/6ff0af358a606d657c4b1b6e0d5c85cb"},"description":"\u00c1ngelus: El Papa apunta que el Evangelio ense\u00f1a que \u201cno basta con buscar a Dios\u201d, sino que \u201ctambi\u00e9n hay que preguntarse por qu\u00e9 lo buscamos\u201d","breadcrumb":{"@id":"https:\/\/exaudi.org\/es\/el-papa-buscar-dios-por-que-buscamos\/#breadcrumb"},"inLanguage":"es","potentialAction":[{"@type":"ReadAction","target":["https:\/\/exaudi.org\/es\/el-papa-buscar-dios-por-que-buscamos\/"]}]},{"@type":"ImageObject","inLanguage":"es","@id":"https:\/\/exaudi.org\/es\/el-papa-buscar-dios-por-que-buscamos\/#primaryimage","url":"https:\/\/exaudi.org\/wp-content\/uploads\/2021\/08\/Angelus-1-agosto-2021.jpeg","contentUrl":"https:\/\/exaudi.org\/wp-content\/uploads\/2021\/08\/Angelus-1-agosto-2021.jpeg","width":1100,"height":733,"caption":"\u00c1ngelus 1 agosto 2021 \u00a9 Vatican Media"},{"@type":"BreadcrumbList","@id":"https:\/\/exaudi.org\/es\/el-papa-buscar-dios-por-que-buscamos\/#breadcrumb","itemListElement":[{"@type":"ListItem","position":1,"name":"Portada","item":"https:\/\/exaudi.org\/es\/"},{"@type":"ListItem","position":2,"name":"El Papa: \u201cNo basta con buscar a Dios\u201d, \u201csino preguntarse, por qu\u00e9 lo buscamos\u201d"}]},{"@type":"WebSite","@id":"https:\/\/exaudi.org\/#website","url":"https:\/\/exaudi.org\/","name":"Exaudi","description":"News","potentialAction":[{"@type":"SearchAction","target":{"@type":"EntryPoint","urlTemplate":"https:\/\/exaudi.org\/?s={search_term_string}"},"query-input":{"@type":"PropertyValueSpecification","valueRequired":true,"valueName":"search_term_string"}}],"inLanguage":"es"},{"@type":"Person","@id":"https:\/\/exaudi.org\/#\/schema\/person\/6ff0af358a606d657c4b1b6e0d5c85cb","name":"Raquel Anillo","image":{"@type":"ImageObject","inLanguage":"es","@id":"https:\/\/secure.gravatar.com\/avatar\/7f88757c095badfcf277fb437d860f221e7a4fb83008b887cccb1f1299f66efb?s=96&d=mm&r=g","url":"https:\/\/secure.gravatar.com\/avatar\/7f88757c095badfcf277fb437d860f221e7a4fb83008b887cccb1f1299f66efb?s=96&d=mm&r=g","contentUrl":"https:\/\/secure.gravatar.com\/avatar\/7f88757c095badfcf277fb437d860f221e7a4fb83008b887cccb1f1299f66efb?s=96&d=mm&r=g","caption":"Raquel Anillo"},"description":"Casada. Comprometida con la Iglesia. Traductora e int\u00e9rprete para la Comunidad Emmanuel, especialmente para las sesiones internacionales de Paray le Monial (Francia) 1986 al 2005. Colaboradora de Zenit de 2012-2014 y de 2017-2020 como traductora.","url":"https:\/\/exaudi.org\/es\/author\/ranilloexaudi-org\/"}]}},"jetpack_featured_media_url":"https:\/\/exaudi.org\/wp-content\/uploads\/2021\/08\/Angelus-1-agosto-2021.jpeg","jetpack_shortlink":"https:\/\/wp.me\/pgKjF2-7Af","_links":{"self":[{"href":"https:\/\/exaudi.org\/es\/wp-json\/wp\/v2\/posts\/29155","targetHints":{"allow":["GET"]}}],"collection":[{"href":"https:\/\/exaudi.org\/es\/wp-json\/wp\/v2\/posts"}],"about":[{"href":"https:\/\/exaudi.org\/es\/wp-json\/wp\/v2\/types\/post"}],"author":[{"embeddable":true,"href":"https:\/\/exaudi.org\/es\/wp-json\/wp\/v2\/users\/7"}],"replies":[{"embeddable":true,"href":"https:\/\/exaudi.org\/es\/wp-json\/wp\/v2\/comments?post=29155"}],"version-history":[{"count":0,"href":"https:\/\/exaudi.org\/es\/wp-json\/wp\/v2\/posts\/29155\/revisions"}],"wp:featuredmedia":[{"embeddable":true,"href":"https:\/\/exaudi.org\/es\/wp-json\/wp\/v2\/media\/29156"}],"wp:attachment":[{"href":"https:\/\/exaudi.org\/es\/wp-json\/wp\/v2\/media?parent=29155"}],"wp:term":[{"taxonomy":"category","embeddable":true,"href":"https:\/\/exaudi.org\/es\/wp-json\/wp\/v2\/categories?post=29155"},{"taxonomy":"post_tag","embeddable":true,"href":"https:\/\/exaudi.org\/es\/wp-json\/wp\/v2\/tags?post=29155"}],"curies":[{"name":"wp","href":"https:\/\/api.w.org\/{rel}","templated":true}]}}