{"id":28916,"date":"2021-07-29T13:15:14","date_gmt":"2021-07-29T11:15:14","guid":{"rendered":"https:\/\/exaudi.org\/?p=28916"},"modified":"2021-07-30T10:53:06","modified_gmt":"2021-07-30T08:53:06","slug":"honduras-obispos-rechazan-zonas-empleo-gobierno","status":"publish","type":"post","link":"https:\/\/exaudi.org\/es\/honduras-obispos-rechazan-zonas-empleo-gobierno\/","title":{"rendered":"Honduras: Obispos rechazan las Zonas de empleo del Gobierno"},"content":{"rendered":"<p>Los obispos de la Conferencia Episcopal de <a href=\"https:\/\/exaudi.org\/es\/honduras-obispo-ceiba-defiende-bien-comun\/\" target=\"_blank\" rel=\"noopener noreferrer\">Honduras<\/a> han publicado un comunicado en el que rechazan completamente las llamadas Zonas de empleo y desarrollo econ\u00f3mico (ZEDE), impuestas por el Gobierno nacional. Entre sus motivos se encuentra que \u201chan sido creadas en abierta violaci\u00f3n a la Constituci\u00f3n de la Rep\u00fablica\u00a0y en perjuicio de nuestro ordenamiento territorial\u201d.<\/p>\n<p>Al comienzo de documento, los prelados hondure\u00f1os manifiestan su preocupaci\u00f3n por que \u201cel Gobierno no escuche ni atienda las manifestaciones y pronunciamientos, justos y fundamentados, de muchas instituciones del pa\u00eds de gran importancia\u201d.<\/p>\n<p>Por otra parte, afirman ser \u201ctestigos de la incomprensible y sospechosa insensibilidad e indolencia de las autoridades correspondientes y de la mayor\u00eda de los pol\u00edticos\u201d del pa\u00eds \u201cante las voces que claman justicia y respeto a derechos tan fundamentales como al defensa de la soberan\u00eda y la integridad de\u201d la Patria.<\/p>\n<p>Por todo ello, el Episcopado de Honduras concluye expresando \u201csu solidaridad y se une al pronunciamiento\u201d hecho por los obispos de las di\u00f3cesis, \u201cquienes hicieron suyos los reclamos de la sociedad civil, exigiendo de manera pac\u00edfica la no implementaci\u00f3n de las Zonas de Empleo y Desarrollo Econ\u00f3mico\u201d.<\/p>\n<h4><strong>ZEPE<\/strong><\/h4>\n<p>Seg\u00fan cuenta\u00a0<a href=\"http:\/\/www.fides.org\/es\" target=\"_blank\" rel=\"noopener noreferrer\"><em>Fides<\/em><\/a>, el proyecto de creaci\u00f3n de las ZEDE afecta a varias regiones de Honduras, con el objetivo de hacer crecer la econom\u00eda de la zona. Pero seg\u00fan expertos autorizados, adem\u00e1s de ser inconstitucional, el proyecto transformar\u00eda la vida pol\u00edtica y social de la zona, afectando a la soberan\u00eda nacional, creando \u201cun estado dentro de otro estado\u201d, donde el territorio aut\u00f3nomo ser\u00eda gestionado por un secretario t\u00e9cnico nombrado por el presidente.<\/p>\n<p>En el mensaje de la Conferencia Episcopal, recibido por <em>Fides,<\/em> los obispos expresan su preocupaci\u00f3n por \u201cla dolorosa incertidumbre, el miedo, la indignaci\u00f3n y el enojo que esta realidad despierta en los hondure\u00f1os, buenos, nobles y trabajadores, que ven con desesperanza su futuro y el de sus hijos\u201d.<\/p>\n<p>Los obispos critican tambi\u00e9n la actitud del Congreso en esta coyuntura: \u201c\u00a1Qu\u00e9 f\u00e1cil resulta lavarse las manos ante un problema de esta magnitud, un problema que ellos mismos han causado!\u201d. Y llaman a sus miembros a demostrar \u201csu inter\u00e9s por el bien com\u00fan y que no busquen salvaguardar sus objetivos personales y ego\u00edstas\u201d.<\/p>\n","protected":false},"excerpt":{"rendered":"<p>A trav\u00e9s de un comunicado<\/p>\n","protected":false},"author":6,"featured_media":28917,"comment_status":"closed","ping_status":"closed","sticky":false,"template":"","format":"standard","meta":{"_acf_changed":false,"_crdt_document":"","inline_featured_image":false,"footnotes":""},"categories":[86,298],"tags":[3515,3516,927],"class_list":["post-28916","post","type-post","status-publish","format-standard","has-post-thumbnail","hentry","category-iglesia-local","category-ultimas-noticias","tag-conferencia-episcopal-de-honduras","tag-empleo","tag-gobierno"],"acf":[],"yoast_head":"<!-- This site is optimized with the Yoast SEO plugin v27.5 - https:\/\/yoast.com\/product\/yoast-seo-wordpress\/ -->\n<title>Honduras: Obispos rechazan las Zonas de empleo del Gobierno - Exaudi<\/title>\n<meta name=\"description\" content=\"Los obispos de la Conferencia Episcopal de Honduras han rechazado enteramente las Zonas de empleo y desarrollo econ\u00f3mico del Gobierno.\" \/>\n<meta name=\"robots\" content=\"index, follow, max-snippet:-1, max-image-preview:large, max-video-preview:-1\" \/>\n<link rel=\"canonical\" href=\"https:\/\/exaudi.org\/es\/honduras-obispos-rechazan-zonas-empleo-gobierno\/\" \/>\n<meta property=\"og:locale\" content=\"es_ES\" \/>\n<meta property=\"og:type\" content=\"article\" \/>\n<meta property=\"og:title\" content=\"Honduras: Obispos rechazan las Zonas de empleo del Gobierno - Exaudi\" \/>\n<meta property=\"og:description\" content=\"Los obispos de la Conferencia Episcopal de Honduras han rechazado enteramente las Zonas de empleo y desarrollo econ\u00f3mico del Gobierno.\" \/>\n<meta property=\"og:url\" content=\"https:\/\/exaudi.org\/es\/honduras-obispos-rechazan-zonas-empleo-gobierno\/\" \/>\n<meta property=\"og:site_name\" content=\"Exaudi\" \/>\n<meta property=\"article:publisher\" content=\"https:\/\/www.facebook.com\/ExaudiNews\" \/>\n<meta property=\"article:published_time\" content=\"2021-07-29T11:15:14+00:00\" \/>\n<meta property=\"article:modified_time\" content=\"2021-07-30T08:53:06+00:00\" \/>\n<meta property=\"og:image\" content=\"https:\/\/exaudi.org\/wp-content\/uploads\/2021\/07\/c232c222.jpg\" \/>\n\t<meta property=\"og:image:width\" content=\"1130\" \/>\n\t<meta property=\"og:image:height\" content=\"631\" \/>\n\t<meta property=\"og:image:type\" content=\"image\/jpeg\" \/>\n<meta name=\"author\" content=\"Gabriel Sales\" \/>\n<meta name=\"twitter:card\" content=\"summary_large_image\" \/>\n<meta name=\"twitter:creator\" content=\"@habemusman\" \/>\n<meta name=\"twitter:site\" content=\"@Exaudi_News\" \/>\n<meta name=\"twitter:label1\" content=\"Escrito por\" \/>\n\t<meta name=\"twitter:data1\" content=\"Gabriel Sales\" \/>\n\t<meta name=\"twitter:label2\" content=\"Tiempo de lectura\" \/>\n\t<meta name=\"twitter:data2\" content=\"2 minutos\" \/>\n<script type=\"application\/ld+json\" class=\"yoast-schema-graph\">{\"@context\":\"https:\\\/\\\/schema.org\",\"@graph\":[{\"@type\":\"Article\",\"@id\":\"https:\\\/\\\/exaudi.org\\\/es\\\/honduras-obispos-rechazan-zonas-empleo-gobierno\\\/#article\",\"isPartOf\":{\"@id\":\"https:\\\/\\\/exaudi.org\\\/es\\\/honduras-obispos-rechazan-zonas-empleo-gobierno\\\/\"},\"author\":{\"name\":\"Gabriel Sales\",\"@id\":\"https:\\\/\\\/exaudi.org\\\/#\\\/schema\\\/person\\\/d134b96438278131ce90c90c03fda6cd\"},\"headline\":\"Honduras: Obispos rechazan las Zonas de empleo del Gobierno\",\"datePublished\":\"2021-07-29T11:15:14+00:00\",\"dateModified\":\"2021-07-30T08:53:06+00:00\",\"mainEntityOfPage\":{\"@id\":\"https:\\\/\\\/exaudi.org\\\/es\\\/honduras-obispos-rechazan-zonas-empleo-gobierno\\\/\"},\"wordCount\":404,\"image\":{\"@id\":\"https:\\\/\\\/exaudi.org\\\/es\\\/honduras-obispos-rechazan-zonas-empleo-gobierno\\\/#primaryimage\"},\"thumbnailUrl\":\"https:\\\/\\\/exaudi.org\\\/wp-content\\\/uploads\\\/2021\\\/07\\\/c232c222.jpg\",\"keywords\":[\"Conferencia Episcopal de Honduras\",\"Empleo\",\"Gobierno\"],\"articleSection\":[\"Iglesia Local\",\"\u00daltimas noticias\"],\"inLanguage\":\"es\"},{\"@type\":\"WebPage\",\"@id\":\"https:\\\/\\\/exaudi.org\\\/es\\\/honduras-obispos-rechazan-zonas-empleo-gobierno\\\/\",\"url\":\"https:\\\/\\\/exaudi.org\\\/es\\\/honduras-obispos-rechazan-zonas-empleo-gobierno\\\/\",\"name\":\"Honduras: Obispos rechazan las Zonas de empleo del Gobierno - Exaudi\",\"isPartOf\":{\"@id\":\"https:\\\/\\\/exaudi.org\\\/#website\"},\"primaryImageOfPage\":{\"@id\":\"https:\\\/\\\/exaudi.org\\\/es\\\/honduras-obispos-rechazan-zonas-empleo-gobierno\\\/#primaryimage\"},\"image\":{\"@id\":\"https:\\\/\\\/exaudi.org\\\/es\\\/honduras-obispos-rechazan-zonas-empleo-gobierno\\\/#primaryimage\"},\"thumbnailUrl\":\"https:\\\/\\\/exaudi.org\\\/wp-content\\\/uploads\\\/2021\\\/07\\\/c232c222.jpg\",\"datePublished\":\"2021-07-29T11:15:14+00:00\",\"dateModified\":\"2021-07-30T08:53:06+00:00\",\"author\":{\"@id\":\"https:\\\/\\\/exaudi.org\\\/#\\\/schema\\\/person\\\/d134b96438278131ce90c90c03fda6cd\"},\"description\":\"Los obispos de la Conferencia Episcopal de Honduras han rechazado enteramente las Zonas de empleo y desarrollo econ\u00f3mico del Gobierno.\",\"breadcrumb\":{\"@id\":\"https:\\\/\\\/exaudi.org\\\/es\\\/honduras-obispos-rechazan-zonas-empleo-gobierno\\\/#breadcrumb\"},\"inLanguage\":\"es\",\"potentialAction\":[{\"@type\":\"ReadAction\",\"target\":[\"https:\\\/\\\/exaudi.org\\\/es\\\/honduras-obispos-rechazan-zonas-empleo-gobierno\\\/\"]}]},{\"@type\":\"ImageObject\",\"inLanguage\":\"es\",\"@id\":\"https:\\\/\\\/exaudi.org\\\/es\\\/honduras-obispos-rechazan-zonas-empleo-gobierno\\\/#primaryimage\",\"url\":\"https:\\\/\\\/exaudi.org\\\/wp-content\\\/uploads\\\/2021\\\/07\\\/c232c222.jpg\",\"contentUrl\":\"https:\\\/\\\/exaudi.org\\\/wp-content\\\/uploads\\\/2021\\\/07\\\/c232c222.jpg\",\"width\":1130,\"height\":631,\"caption\":\"Obispos de Honduras \u00a9 CELAM\"},{\"@type\":\"BreadcrumbList\",\"@id\":\"https:\\\/\\\/exaudi.org\\\/es\\\/honduras-obispos-rechazan-zonas-empleo-gobierno\\\/#breadcrumb\",\"itemListElement\":[{\"@type\":\"ListItem\",\"position\":1,\"name\":\"Portada\",\"item\":\"https:\\\/\\\/exaudi.org\\\/es\\\/\"},{\"@type\":\"ListItem\",\"position\":2,\"name\":\"Honduras: Obispos rechazan las Zonas de empleo del Gobierno\"}]},{\"@type\":\"WebSite\",\"@id\":\"https:\\\/\\\/exaudi.org\\\/#website\",\"url\":\"https:\\\/\\\/exaudi.org\\\/\",\"name\":\"Exaudi\",\"description\":\"News\",\"potentialAction\":[{\"@type\":\"SearchAction\",\"target\":{\"@type\":\"EntryPoint\",\"urlTemplate\":\"https:\\\/\\\/exaudi.org\\\/?s={search_term_string}\"},\"query-input\":{\"@type\":\"PropertyValueSpecification\",\"valueRequired\":true,\"valueName\":\"search_term_string\"}}],\"inLanguage\":\"es\"},{\"@type\":\"Person\",\"@id\":\"https:\\\/\\\/exaudi.org\\\/#\\\/schema\\\/person\\\/d134b96438278131ce90c90c03fda6cd\",\"name\":\"Gabriel Sales\",\"image\":{\"@type\":\"ImageObject\",\"inLanguage\":\"es\",\"@id\":\"https:\\\/\\\/secure.gravatar.com\\\/avatar\\\/9b1269566f6a063ed26ffb3532b66a373cdde231ce5d0effb266167437fdaffd?s=96&d=mm&r=g\",\"url\":\"https:\\\/\\\/secure.gravatar.com\\\/avatar\\\/9b1269566f6a063ed26ffb3532b66a373cdde231ce5d0effb266167437fdaffd?s=96&d=mm&r=g\",\"contentUrl\":\"https:\\\/\\\/secure.gravatar.com\\\/avatar\\\/9b1269566f6a063ed26ffb3532b66a373cdde231ce5d0effb266167437fdaffd?s=96&d=mm&r=g\",\"caption\":\"Gabriel Sales\"},\"description\":\"Periodista y especialista en Comunicaci\u00f3n y Branding digital. Cin\u00e9filo y cr\u00edtico de cine y series de televisi\u00f3n.\",\"sameAs\":[\"https:\\\/\\\/www.instagram.com\\\/cine90segundos\\\/\",\"www.linkedin.com\\\/in\\\/habemusman\",\"https:\\\/\\\/x.com\\\/habemusman\",\"https:\\\/\\\/www.youtube.com\\\/channel\\\/UCVfCiOMkJ_C7T7OpyjuaLDg\"],\"url\":\"https:\\\/\\\/exaudi.org\\\/es\\\/author\\\/gsalesexaudi-org\\\/\"}]}<\/script>\n<!-- \/ Yoast SEO plugin. -->","yoast_head_json":{"title":"Honduras: Obispos rechazan las Zonas de empleo del Gobierno - Exaudi","description":"Los obispos de la Conferencia Episcopal de Honduras han rechazado enteramente las Zonas de empleo y desarrollo econ\u00f3mico del Gobierno.","robots":{"index":"index","follow":"follow","max-snippet":"max-snippet:-1","max-image-preview":"max-image-preview:large","max-video-preview":"max-video-preview:-1"},"canonical":"https:\/\/exaudi.org\/es\/honduras-obispos-rechazan-zonas-empleo-gobierno\/","og_locale":"es_ES","og_type":"article","og_title":"Honduras: Obispos rechazan las Zonas de empleo del Gobierno - Exaudi","og_description":"Los obispos de la Conferencia Episcopal de Honduras han rechazado enteramente las Zonas de empleo y desarrollo econ\u00f3mico del Gobierno.","og_url":"https:\/\/exaudi.org\/es\/honduras-obispos-rechazan-zonas-empleo-gobierno\/","og_site_name":"Exaudi","article_publisher":"https:\/\/www.facebook.com\/ExaudiNews","article_published_time":"2021-07-29T11:15:14+00:00","article_modified_time":"2021-07-30T08:53:06+00:00","og_image":[{"width":1130,"height":631,"url":"https:\/\/exaudi.org\/wp-content\/uploads\/2021\/07\/c232c222.jpg","type":"image\/jpeg"}],"author":"Gabriel Sales","twitter_card":"summary_large_image","twitter_creator":"@habemusman","twitter_site":"@Exaudi_News","twitter_misc":{"Escrito por":"Gabriel Sales","Tiempo de lectura":"2 minutos"},"schema":{"@context":"https:\/\/schema.org","@graph":[{"@type":"Article","@id":"https:\/\/exaudi.org\/es\/honduras-obispos-rechazan-zonas-empleo-gobierno\/#article","isPartOf":{"@id":"https:\/\/exaudi.org\/es\/honduras-obispos-rechazan-zonas-empleo-gobierno\/"},"author":{"name":"Gabriel Sales","@id":"https:\/\/exaudi.org\/#\/schema\/person\/d134b96438278131ce90c90c03fda6cd"},"headline":"Honduras: Obispos rechazan las Zonas de empleo del Gobierno","datePublished":"2021-07-29T11:15:14+00:00","dateModified":"2021-07-30T08:53:06+00:00","mainEntityOfPage":{"@id":"https:\/\/exaudi.org\/es\/honduras-obispos-rechazan-zonas-empleo-gobierno\/"},"wordCount":404,"image":{"@id":"https:\/\/exaudi.org\/es\/honduras-obispos-rechazan-zonas-empleo-gobierno\/#primaryimage"},"thumbnailUrl":"https:\/\/exaudi.org\/wp-content\/uploads\/2021\/07\/c232c222.jpg","keywords":["Conferencia Episcopal de Honduras","Empleo","Gobierno"],"articleSection":["Iglesia Local","\u00daltimas noticias"],"inLanguage":"es"},{"@type":"WebPage","@id":"https:\/\/exaudi.org\/es\/honduras-obispos-rechazan-zonas-empleo-gobierno\/","url":"https:\/\/exaudi.org\/es\/honduras-obispos-rechazan-zonas-empleo-gobierno\/","name":"Honduras: Obispos rechazan las Zonas de empleo del Gobierno - Exaudi","isPartOf":{"@id":"https:\/\/exaudi.org\/#website"},"primaryImageOfPage":{"@id":"https:\/\/exaudi.org\/es\/honduras-obispos-rechazan-zonas-empleo-gobierno\/#primaryimage"},"image":{"@id":"https:\/\/exaudi.org\/es\/honduras-obispos-rechazan-zonas-empleo-gobierno\/#primaryimage"},"thumbnailUrl":"https:\/\/exaudi.org\/wp-content\/uploads\/2021\/07\/c232c222.jpg","datePublished":"2021-07-29T11:15:14+00:00","dateModified":"2021-07-30T08:53:06+00:00","author":{"@id":"https:\/\/exaudi.org\/#\/schema\/person\/d134b96438278131ce90c90c03fda6cd"},"description":"Los obispos de la Conferencia Episcopal de Honduras han rechazado enteramente las Zonas de empleo y desarrollo econ\u00f3mico del Gobierno.","breadcrumb":{"@id":"https:\/\/exaudi.org\/es\/honduras-obispos-rechazan-zonas-empleo-gobierno\/#breadcrumb"},"inLanguage":"es","potentialAction":[{"@type":"ReadAction","target":["https:\/\/exaudi.org\/es\/honduras-obispos-rechazan-zonas-empleo-gobierno\/"]}]},{"@type":"ImageObject","inLanguage":"es","@id":"https:\/\/exaudi.org\/es\/honduras-obispos-rechazan-zonas-empleo-gobierno\/#primaryimage","url":"https:\/\/exaudi.org\/wp-content\/uploads\/2021\/07\/c232c222.jpg","contentUrl":"https:\/\/exaudi.org\/wp-content\/uploads\/2021\/07\/c232c222.jpg","width":1130,"height":631,"caption":"Obispos de Honduras \u00a9 CELAM"},{"@type":"BreadcrumbList","@id":"https:\/\/exaudi.org\/es\/honduras-obispos-rechazan-zonas-empleo-gobierno\/#breadcrumb","itemListElement":[{"@type":"ListItem","position":1,"name":"Portada","item":"https:\/\/exaudi.org\/es\/"},{"@type":"ListItem","position":2,"name":"Honduras: Obispos rechazan las Zonas de empleo del Gobierno"}]},{"@type":"WebSite","@id":"https:\/\/exaudi.org\/#website","url":"https:\/\/exaudi.org\/","name":"Exaudi","description":"News","potentialAction":[{"@type":"SearchAction","target":{"@type":"EntryPoint","urlTemplate":"https:\/\/exaudi.org\/?s={search_term_string}"},"query-input":{"@type":"PropertyValueSpecification","valueRequired":true,"valueName":"search_term_string"}}],"inLanguage":"es"},{"@type":"Person","@id":"https:\/\/exaudi.org\/#\/schema\/person\/d134b96438278131ce90c90c03fda6cd","name":"Gabriel Sales","image":{"@type":"ImageObject","inLanguage":"es","@id":"https:\/\/secure.gravatar.com\/avatar\/9b1269566f6a063ed26ffb3532b66a373cdde231ce5d0effb266167437fdaffd?s=96&d=mm&r=g","url":"https:\/\/secure.gravatar.com\/avatar\/9b1269566f6a063ed26ffb3532b66a373cdde231ce5d0effb266167437fdaffd?s=96&d=mm&r=g","contentUrl":"https:\/\/secure.gravatar.com\/avatar\/9b1269566f6a063ed26ffb3532b66a373cdde231ce5d0effb266167437fdaffd?s=96&d=mm&r=g","caption":"Gabriel Sales"},"description":"Periodista y especialista en Comunicaci\u00f3n y Branding digital. Cin\u00e9filo y cr\u00edtico de cine y series de televisi\u00f3n.","sameAs":["https:\/\/www.instagram.com\/cine90segundos\/","www.linkedin.com\/in\/habemusman","https:\/\/x.com\/habemusman","https:\/\/www.youtube.com\/channel\/UCVfCiOMkJ_C7T7OpyjuaLDg"],"url":"https:\/\/exaudi.org\/es\/author\/gsalesexaudi-org\/"}]}},"jetpack_featured_media_url":"https:\/\/exaudi.org\/wp-content\/uploads\/2021\/07\/c232c222.jpg","jetpack_shortlink":"https:\/\/wp.me\/pgKjF2-7wo","_links":{"self":[{"href":"https:\/\/exaudi.org\/es\/wp-json\/wp\/v2\/posts\/28916","targetHints":{"allow":["GET"]}}],"collection":[{"href":"https:\/\/exaudi.org\/es\/wp-json\/wp\/v2\/posts"}],"about":[{"href":"https:\/\/exaudi.org\/es\/wp-json\/wp\/v2\/types\/post"}],"author":[{"embeddable":true,"href":"https:\/\/exaudi.org\/es\/wp-json\/wp\/v2\/users\/6"}],"replies":[{"embeddable":true,"href":"https:\/\/exaudi.org\/es\/wp-json\/wp\/v2\/comments?post=28916"}],"version-history":[{"count":0,"href":"https:\/\/exaudi.org\/es\/wp-json\/wp\/v2\/posts\/28916\/revisions"}],"wp:featuredmedia":[{"embeddable":true,"href":"https:\/\/exaudi.org\/es\/wp-json\/wp\/v2\/media\/28917"}],"wp:attachment":[{"href":"https:\/\/exaudi.org\/es\/wp-json\/wp\/v2\/media?parent=28916"}],"wp:term":[{"taxonomy":"category","embeddable":true,"href":"https:\/\/exaudi.org\/es\/wp-json\/wp\/v2\/categories?post=28916"},{"taxonomy":"post_tag","embeddable":true,"href":"https:\/\/exaudi.org\/es\/wp-json\/wp\/v2\/tags?post=28916"}],"curies":[{"name":"wp","href":"https:\/\/api.w.org\/{rel}","templated":true}]}}