{"id":28906,"date":"2021-07-29T11:21:22","date_gmt":"2021-07-29T09:21:22","guid":{"rendered":"https:\/\/exaudi.org\/?p=28906"},"modified":"2021-07-30T10:06:20","modified_gmt":"2021-07-30T08:06:20","slug":"cardenal-aos-presidente-episcopado-chile","status":"publish","type":"post","link":"https:\/\/exaudi.org\/es\/cardenal-aos-presidente-episcopado-chile\/","title":{"rendered":"Cardenal A\u00f3s, nuevo presidente del Episcopado de Chile"},"content":{"rendered":"<p>El cardenal Celestino A\u00f3s, arzobispo de Santiago de <a href=\"https:\/\/exaudi.org\/es\/chile-obispos-reflexionan-ley-matrimonio-igualitario\/\" target=\"_blank\" rel=\"noopener noreferrer\">Chile<\/a>, ser\u00e1 el presidente del Episcopado para los pr\u00f3ximos tres a\u00f1os. El arzobispo de Concepci\u00f3n, Mons. Fernando Chomali, asume la Vicepresidencia y el obispo de Chill\u00e1n, Mons. Sergio P\u00e9rez de Arce, es el nuevo secretario general, en este \u00faltimo cargo por cuatro a\u00f1os.<\/p>\n<p>Tal y como inform\u00f3 el 28 de julio de 2021 la <a href=\"http:\/\/www.iglesia.cl\/\" target=\"_blank\" rel=\"noopener noreferrer\">Conferencia Episcopal chilena<\/a> (CECh), las elecciones para los cargos y servicios en la CECh se realizaron en el marco de la 123\u00aa asamblea plenaria extraordinaria, reunida en la capital. Estaban originalmente previstas para noviembre de 2019, pero el Papa Francisco prorrog\u00f3 por un a\u00f1o el mandato de todos los encargados. En 2020 no fue posible realizar las elecciones por motivo de la pandemia.<\/p>\n<h4><strong>Comit\u00e9 Permanente de la CECh<\/strong><\/h4>\n<p>El cardenal A\u00f3s Braco, sucede de este modo en dicho cargo a Mons. Santiago Silva Retamales, quien lo ejerci\u00f3 desde el a\u00f1o 2016. Tambi\u00e9n fueron elegidos como miembros del Comit\u00e9 Permanente del Episcopado el obispo de San Bernardo, Mons. Juan Ignacio Gonz\u00e1lez Err\u00e1zuriz, y el de Copiap\u00f3, Mons. Ricardo Morales Galindo.<\/p>\n<p>Como miembros sustitutos del Comit\u00e9 Permanente fueron elegidos Mons. Guillermo Vera Soto, obispo de Rancagua, como primer sustituto; Mons. Alberto Lorenzelli, SDB., obispo auxiliar de Santiago, como segundo sustituto; y Mons. Mois\u00e9s Atisha Contreras, obispo de San Marcos de Arica, como tercer sustituto.<\/p>\n<h4><strong>Comisi\u00f3n Pastoral<\/strong><\/h4>\n<p>En esta oportunidad, tambi\u00e9n correspondi\u00f3 elegir a los miembros de la Comisi\u00f3n Pastoral de la CECh.\u00a0Los obispos que han sido elegidos miembros de la Comisi\u00f3n Pastoral para el per\u00edodo 2021-2024 son los siguientes:<\/p>\n<p>&#8211; Mons. Ignacio Ducasse Medina, arzobispo de Antofagasta, quien preside el \u00e1rea Eclesial.<\/p>\n<p>&#8211; Mons. Galo Fern\u00e1ndez Villaseca, obispo de Talca, quien preside el \u00e1rea Agentes Evangelizadores.<\/p>\n<p>&#8211; Mons. Mois\u00e9s Atisha Contreras, obispo de San Marcos de Arica, quien preside el \u00e1rea Pastoral Social Caritas.<\/p>\n<p>&#8211; Mons. Alberto Lorenzelli, SDB., obispo auxiliar de Santiago, quien preside el \u00e1rea Educaci\u00f3n.<\/p>\n<p>La Comisi\u00f3n Pastoral, coordinada por el obispo Secretario General, dirige colegiadamente los organismos nacionales de pastoral siguiendo las orientaciones de la Asamblea Plenaria y del Comit\u00e9 Permanente, al servicio de las di\u00f3cesis.<\/p>\n<h4><strong>Mons. Celestino A\u00f3s<\/strong><\/h4>\n<p>Naci\u00f3 el 6 de abril de 1945 en Artaiz, Navarra (Espa\u00f1a). Curs\u00f3 la ense\u00f1anza b\u00e1sica y media en la Escuela Nacional mixta de Artaiz. El 16 de agosto de 1955 ingres\u00f3 como aspirante en la Orden de los Frailes Menores Capuchinos en su tierra natal. Entre 1960 y 1963 realiz\u00f3 los estudios filos\u00f3ficos en Zaragoza.<\/p>\n<p>El 14 de agosto de 1963 ingres\u00f3 al noviciado de Sanguesa, realizando el 15 de agosto de 1964 la primera profesi\u00f3n religiosa. Entre 1964 y 1968 complet\u00f3 los estudios teol\u00f3gicos en Pamplona, donde el 16 de septiembre de 1967 hizo su profesi\u00f3n perpetua. El 30 de marzo de 1968 fue ordenado sacerdote por Mons. Ignacio Larra\u00f1aga, O.F.M.Cap. Despu\u00e9s de la ordenaci\u00f3n sacerdotal fue educador y profesor en Lecaroz y vicario en Tudela (Navarra).<\/p>\n<p>Entre 1972 y 1980 hizo cursos de especializaci\u00f3n en la Universidad de Zaragoza y despu\u00e9s en la Universidad de Barcelona, donde obtuvo la Licenciatura en Psicolog\u00eda. Entre 1980 y 1981 frecuent\u00f3 la Pontificia Universidad Cat\u00f3lica de Chile, gracias a una beca internacional de investigaci\u00f3n en Psicolog\u00eda. Tras regresar a Espa\u00f1a, fue profesor en Pamplona y, posteriormente, vicario cooperador en Zaragoza.<\/p>\n<p>En 1983 fue destinado a la Provincia de Chile: fue nombrado vicario parroquial en la parroquia de Longav\u00ed (di\u00f3cesis de Linares), confiada a los Padres Capuchinos. En 1985 fue elegido Superior de la comunidad capuchina de Los \u00c1ngeles (di\u00f3cesis de Santa Mar\u00eda de los \u00c1ngeles).<\/p>\n<p>En 1995 fue nombrado p\u00e1rroco de la parroquia San Miguel en Vi\u00f1a del Mar (di\u00f3cesis de Valpara\u00edso), siendo adem\u00e1s Superior de la comunidad de la Orden de la Frailes Menores Capuchinos en el sector de Recreo, en Vi\u00f1a del Mar. Durante sus a\u00f1os de ministerio en la di\u00f3cesis de Valpara\u00edso ejerci\u00f3 el cargo de vicario episcopal para los institutos femeninos de vida consagrada y fue miembro del Consejo Episcopal.<\/p>\n<p>Desde el a\u00f1o 2008 fue vicario parroquial en la parroquia San Francisco de As\u00eds en la di\u00f3cesis de Santa Mar\u00eda de los \u00c1ngeles.<\/p>\n<p>Entre otros cargos que ha desempe\u00f1ado, ha sido tesorero de la Asociaci\u00f3n Chilena de Derecho can\u00f3nico; promotor de justicia en el tribunal eclesi\u00e1stico de Valpara\u00edso; psic\u00f3logo y juez en el tribunal eclesi\u00e1stico interdiocesano de Concepci\u00f3n; miembro de tribunales especiales para estudiar procesos hist\u00f3ricos en causas para beatificaci\u00f3n y canonizaci\u00f3n, entre ellos le correspondi\u00f3 estudiar el milagro para la canonizaci\u00f3n del sacerdote Alberto Hurtado.<\/p>\n<p>El 25 de julio de 2014 el papa Francisco lo nombr\u00f3 Obispo de la di\u00f3cesis de Copiap\u00f3. Fue consagrado obispo por mons. Ivo Scapolo, Nuncio Apost\u00f3lico, el 18 de octubre de 2014, fecha en la que tom\u00f3 posesi\u00f3n de la di\u00f3cesis de Copiap\u00f3.<\/p>\n<p>Entre los encargos que le ha confiado la Conferencia Episcopal, el obispo Celestino A\u00f3s es miembro de la Comisi\u00f3n Episcopal de Relaciones con CONFERRE (Conferencia de Religiosas y Religiosos de Chile) y presidente de la Comisi\u00f3n Nacional de Pastoral Presbiteral, organismo del \u00e1rea Agentes Evangelizadores.<\/p>\n<p>El 23 de marzo de 2019 el Santo Padre lo nombr\u00f3 Administrador Apost\u00f3lico sede vacante et <em>ad nutum Sanctae Sedis<\/em> de la arquidi\u00f3cesis de Santiago de Chile, tras aceptar la renuncia presentada por el cardenal Ricardo Ezzati. El 27 de diciembre de 2019 el Papa Francisco lo nombr\u00f3 Arzobispo de la arquidi\u00f3cesis de Santiago de Chile, y el 25 de octubre de 2020 se anunci\u00f3 que ser\u00e1 creado cardenal en el consistorio del pr\u00f3ximo 28 de noviembre de 2020.<\/p>\n","protected":false},"excerpt":{"rendered":"<p>Elecciones en el marco de la Asamblea plenaria extraordinaria<\/p>\n","protected":false},"author":6,"featured_media":28994,"comment_status":"closed","ping_status":"closed","sticky":false,"template":"","format":"standard","meta":{"_acf_changed":false,"_crdt_document":"","inline_featured_image":false,"footnotes":""},"categories":[86,298],"tags":[3045,3091],"class_list":["post-28906","post","type-post","status-publish","format-standard","has-post-thumbnail","hentry","category-iglesia-local","category-ultimas-noticias","tag-cardenal-celestino-aos","tag-conferencia-episcopal-de-chile-cech"],"acf":[],"yoast_head":"<!-- This site is optimized with the Yoast SEO plugin v27.5 - https:\/\/yoast.com\/product\/yoast-seo-wordpress\/ -->\n<title>Cardenal A\u00f3s, nuevo presidente del Episcopado de Chile - Exaudi<\/title>\n<meta name=\"description\" content=\"El cardenal Celestino A\u00f3s, arzobispo de Santiago de Chile, ha sido elegido para tres a\u00f1os como nuevo presidente del Episcopado chileno.\" \/>\n<meta name=\"robots\" content=\"index, follow, max-snippet:-1, max-image-preview:large, max-video-preview:-1\" \/>\n<link rel=\"canonical\" href=\"https:\/\/exaudi.org\/es\/cardenal-aos-presidente-episcopado-chile\/\" \/>\n<meta property=\"og:locale\" content=\"es_ES\" \/>\n<meta property=\"og:type\" content=\"article\" \/>\n<meta property=\"og:title\" content=\"Cardenal A\u00f3s, nuevo presidente del Episcopado de Chile - Exaudi\" \/>\n<meta property=\"og:description\" content=\"El cardenal Celestino A\u00f3s, arzobispo de Santiago de Chile, ha sido elegido para tres a\u00f1os como nuevo presidente del Episcopado chileno.\" \/>\n<meta property=\"og:url\" content=\"https:\/\/exaudi.org\/es\/cardenal-aos-presidente-episcopado-chile\/\" \/>\n<meta property=\"og:site_name\" content=\"Exaudi\" \/>\n<meta property=\"article:publisher\" content=\"https:\/\/www.facebook.com\/ExaudiNews\" \/>\n<meta property=\"article:published_time\" content=\"2021-07-29T09:21:22+00:00\" \/>\n<meta property=\"article:modified_time\" content=\"2021-07-30T08:06:20+00:00\" \/>\n<meta property=\"og:image\" content=\"https:\/\/exaudi.org\/wp-content\/uploads\/2021\/07\/1c222.jpeg\" \/>\n\t<meta property=\"og:image:width\" content=\"724\" \/>\n\t<meta property=\"og:image:height\" content=\"407\" \/>\n\t<meta property=\"og:image:type\" content=\"image\/jpeg\" \/>\n<meta name=\"author\" content=\"Gabriel Sales\" \/>\n<meta name=\"twitter:card\" content=\"summary_large_image\" \/>\n<meta name=\"twitter:creator\" content=\"@habemusman\" \/>\n<meta name=\"twitter:site\" content=\"@Exaudi_News\" \/>\n<meta name=\"twitter:label1\" content=\"Escrito por\" \/>\n\t<meta name=\"twitter:data1\" content=\"Gabriel Sales\" \/>\n\t<meta name=\"twitter:label2\" content=\"Tiempo de lectura\" \/>\n\t<meta name=\"twitter:data2\" content=\"4 minutos\" \/>\n<script type=\"application\/ld+json\" class=\"yoast-schema-graph\">{\"@context\":\"https:\\\/\\\/schema.org\",\"@graph\":[{\"@type\":\"Article\",\"@id\":\"https:\\\/\\\/exaudi.org\\\/es\\\/cardenal-aos-presidente-episcopado-chile\\\/#article\",\"isPartOf\":{\"@id\":\"https:\\\/\\\/exaudi.org\\\/es\\\/cardenal-aos-presidente-episcopado-chile\\\/\"},\"author\":{\"name\":\"Gabriel Sales\",\"@id\":\"https:\\\/\\\/exaudi.org\\\/#\\\/schema\\\/person\\\/d134b96438278131ce90c90c03fda6cd\"},\"headline\":\"Cardenal A\u00f3s, nuevo presidente del Episcopado de Chile\",\"datePublished\":\"2021-07-29T09:21:22+00:00\",\"dateModified\":\"2021-07-30T08:06:20+00:00\",\"mainEntityOfPage\":{\"@id\":\"https:\\\/\\\/exaudi.org\\\/es\\\/cardenal-aos-presidente-episcopado-chile\\\/\"},\"wordCount\":960,\"image\":{\"@id\":\"https:\\\/\\\/exaudi.org\\\/es\\\/cardenal-aos-presidente-episcopado-chile\\\/#primaryimage\"},\"thumbnailUrl\":\"https:\\\/\\\/exaudi.org\\\/wp-content\\\/uploads\\\/2021\\\/07\\\/1c222.jpeg\",\"keywords\":[\"Cardenal Celestino A\u00f3s\",\"Conferencia Episcopal de Chile (CECh)\"],\"articleSection\":[\"Iglesia Local\",\"\u00daltimas noticias\"],\"inLanguage\":\"es\"},{\"@type\":\"WebPage\",\"@id\":\"https:\\\/\\\/exaudi.org\\\/es\\\/cardenal-aos-presidente-episcopado-chile\\\/\",\"url\":\"https:\\\/\\\/exaudi.org\\\/es\\\/cardenal-aos-presidente-episcopado-chile\\\/\",\"name\":\"Cardenal A\u00f3s, nuevo presidente del Episcopado de Chile - Exaudi\",\"isPartOf\":{\"@id\":\"https:\\\/\\\/exaudi.org\\\/#website\"},\"primaryImageOfPage\":{\"@id\":\"https:\\\/\\\/exaudi.org\\\/es\\\/cardenal-aos-presidente-episcopado-chile\\\/#primaryimage\"},\"image\":{\"@id\":\"https:\\\/\\\/exaudi.org\\\/es\\\/cardenal-aos-presidente-episcopado-chile\\\/#primaryimage\"},\"thumbnailUrl\":\"https:\\\/\\\/exaudi.org\\\/wp-content\\\/uploads\\\/2021\\\/07\\\/1c222.jpeg\",\"datePublished\":\"2021-07-29T09:21:22+00:00\",\"dateModified\":\"2021-07-30T08:06:20+00:00\",\"author\":{\"@id\":\"https:\\\/\\\/exaudi.org\\\/#\\\/schema\\\/person\\\/d134b96438278131ce90c90c03fda6cd\"},\"description\":\"El cardenal Celestino A\u00f3s, arzobispo de Santiago de Chile, ha sido elegido para tres a\u00f1os como nuevo presidente del Episcopado chileno.\",\"breadcrumb\":{\"@id\":\"https:\\\/\\\/exaudi.org\\\/es\\\/cardenal-aos-presidente-episcopado-chile\\\/#breadcrumb\"},\"inLanguage\":\"es\",\"potentialAction\":[{\"@type\":\"ReadAction\",\"target\":[\"https:\\\/\\\/exaudi.org\\\/es\\\/cardenal-aos-presidente-episcopado-chile\\\/\"]}]},{\"@type\":\"ImageObject\",\"inLanguage\":\"es\",\"@id\":\"https:\\\/\\\/exaudi.org\\\/es\\\/cardenal-aos-presidente-episcopado-chile\\\/#primaryimage\",\"url\":\"https:\\\/\\\/exaudi.org\\\/wp-content\\\/uploads\\\/2021\\\/07\\\/1c222.jpeg\",\"contentUrl\":\"https:\\\/\\\/exaudi.org\\\/wp-content\\\/uploads\\\/2021\\\/07\\\/1c222.jpeg\",\"width\":724,\"height\":407,\"caption\":\"Celestino A\u00f3s \u00a9 Vatican Media\"},{\"@type\":\"BreadcrumbList\",\"@id\":\"https:\\\/\\\/exaudi.org\\\/es\\\/cardenal-aos-presidente-episcopado-chile\\\/#breadcrumb\",\"itemListElement\":[{\"@type\":\"ListItem\",\"position\":1,\"name\":\"Portada\",\"item\":\"https:\\\/\\\/exaudi.org\\\/es\\\/\"},{\"@type\":\"ListItem\",\"position\":2,\"name\":\"Cardenal A\u00f3s, nuevo presidente del Episcopado de Chile\"}]},{\"@type\":\"WebSite\",\"@id\":\"https:\\\/\\\/exaudi.org\\\/#website\",\"url\":\"https:\\\/\\\/exaudi.org\\\/\",\"name\":\"Exaudi\",\"description\":\"News\",\"potentialAction\":[{\"@type\":\"SearchAction\",\"target\":{\"@type\":\"EntryPoint\",\"urlTemplate\":\"https:\\\/\\\/exaudi.org\\\/?s={search_term_string}\"},\"query-input\":{\"@type\":\"PropertyValueSpecification\",\"valueRequired\":true,\"valueName\":\"search_term_string\"}}],\"inLanguage\":\"es\"},{\"@type\":\"Person\",\"@id\":\"https:\\\/\\\/exaudi.org\\\/#\\\/schema\\\/person\\\/d134b96438278131ce90c90c03fda6cd\",\"name\":\"Gabriel Sales\",\"image\":{\"@type\":\"ImageObject\",\"inLanguage\":\"es\",\"@id\":\"https:\\\/\\\/secure.gravatar.com\\\/avatar\\\/9b1269566f6a063ed26ffb3532b66a373cdde231ce5d0effb266167437fdaffd?s=96&d=mm&r=g\",\"url\":\"https:\\\/\\\/secure.gravatar.com\\\/avatar\\\/9b1269566f6a063ed26ffb3532b66a373cdde231ce5d0effb266167437fdaffd?s=96&d=mm&r=g\",\"contentUrl\":\"https:\\\/\\\/secure.gravatar.com\\\/avatar\\\/9b1269566f6a063ed26ffb3532b66a373cdde231ce5d0effb266167437fdaffd?s=96&d=mm&r=g\",\"caption\":\"Gabriel Sales\"},\"description\":\"Periodista y especialista en Comunicaci\u00f3n y Branding digital. Cin\u00e9filo y cr\u00edtico de cine y series de televisi\u00f3n.\",\"sameAs\":[\"https:\\\/\\\/www.instagram.com\\\/cine90segundos\\\/\",\"www.linkedin.com\\\/in\\\/habemusman\",\"https:\\\/\\\/x.com\\\/habemusman\",\"https:\\\/\\\/www.youtube.com\\\/channel\\\/UCVfCiOMkJ_C7T7OpyjuaLDg\"],\"url\":\"https:\\\/\\\/exaudi.org\\\/es\\\/author\\\/gsalesexaudi-org\\\/\"}]}<\/script>\n<!-- \/ Yoast SEO plugin. -->","yoast_head_json":{"title":"Cardenal A\u00f3s, nuevo presidente del Episcopado de Chile - Exaudi","description":"El cardenal Celestino A\u00f3s, arzobispo de Santiago de Chile, ha sido elegido para tres a\u00f1os como nuevo presidente del Episcopado chileno.","robots":{"index":"index","follow":"follow","max-snippet":"max-snippet:-1","max-image-preview":"max-image-preview:large","max-video-preview":"max-video-preview:-1"},"canonical":"https:\/\/exaudi.org\/es\/cardenal-aos-presidente-episcopado-chile\/","og_locale":"es_ES","og_type":"article","og_title":"Cardenal A\u00f3s, nuevo presidente del Episcopado de Chile - Exaudi","og_description":"El cardenal Celestino A\u00f3s, arzobispo de Santiago de Chile, ha sido elegido para tres a\u00f1os como nuevo presidente del Episcopado chileno.","og_url":"https:\/\/exaudi.org\/es\/cardenal-aos-presidente-episcopado-chile\/","og_site_name":"Exaudi","article_publisher":"https:\/\/www.facebook.com\/ExaudiNews","article_published_time":"2021-07-29T09:21:22+00:00","article_modified_time":"2021-07-30T08:06:20+00:00","og_image":[{"width":724,"height":407,"url":"https:\/\/exaudi.org\/wp-content\/uploads\/2021\/07\/1c222.jpeg","type":"image\/jpeg"}],"author":"Gabriel Sales","twitter_card":"summary_large_image","twitter_creator":"@habemusman","twitter_site":"@Exaudi_News","twitter_misc":{"Escrito por":"Gabriel Sales","Tiempo de lectura":"4 minutos"},"schema":{"@context":"https:\/\/schema.org","@graph":[{"@type":"Article","@id":"https:\/\/exaudi.org\/es\/cardenal-aos-presidente-episcopado-chile\/#article","isPartOf":{"@id":"https:\/\/exaudi.org\/es\/cardenal-aos-presidente-episcopado-chile\/"},"author":{"name":"Gabriel Sales","@id":"https:\/\/exaudi.org\/#\/schema\/person\/d134b96438278131ce90c90c03fda6cd"},"headline":"Cardenal A\u00f3s, nuevo presidente del Episcopado de Chile","datePublished":"2021-07-29T09:21:22+00:00","dateModified":"2021-07-30T08:06:20+00:00","mainEntityOfPage":{"@id":"https:\/\/exaudi.org\/es\/cardenal-aos-presidente-episcopado-chile\/"},"wordCount":960,"image":{"@id":"https:\/\/exaudi.org\/es\/cardenal-aos-presidente-episcopado-chile\/#primaryimage"},"thumbnailUrl":"https:\/\/exaudi.org\/wp-content\/uploads\/2021\/07\/1c222.jpeg","keywords":["Cardenal Celestino A\u00f3s","Conferencia Episcopal de Chile (CECh)"],"articleSection":["Iglesia Local","\u00daltimas noticias"],"inLanguage":"es"},{"@type":"WebPage","@id":"https:\/\/exaudi.org\/es\/cardenal-aos-presidente-episcopado-chile\/","url":"https:\/\/exaudi.org\/es\/cardenal-aos-presidente-episcopado-chile\/","name":"Cardenal A\u00f3s, nuevo presidente del Episcopado de Chile - Exaudi","isPartOf":{"@id":"https:\/\/exaudi.org\/#website"},"primaryImageOfPage":{"@id":"https:\/\/exaudi.org\/es\/cardenal-aos-presidente-episcopado-chile\/#primaryimage"},"image":{"@id":"https:\/\/exaudi.org\/es\/cardenal-aos-presidente-episcopado-chile\/#primaryimage"},"thumbnailUrl":"https:\/\/exaudi.org\/wp-content\/uploads\/2021\/07\/1c222.jpeg","datePublished":"2021-07-29T09:21:22+00:00","dateModified":"2021-07-30T08:06:20+00:00","author":{"@id":"https:\/\/exaudi.org\/#\/schema\/person\/d134b96438278131ce90c90c03fda6cd"},"description":"El cardenal Celestino A\u00f3s, arzobispo de Santiago de Chile, ha sido elegido para tres a\u00f1os como nuevo presidente del Episcopado chileno.","breadcrumb":{"@id":"https:\/\/exaudi.org\/es\/cardenal-aos-presidente-episcopado-chile\/#breadcrumb"},"inLanguage":"es","potentialAction":[{"@type":"ReadAction","target":["https:\/\/exaudi.org\/es\/cardenal-aos-presidente-episcopado-chile\/"]}]},{"@type":"ImageObject","inLanguage":"es","@id":"https:\/\/exaudi.org\/es\/cardenal-aos-presidente-episcopado-chile\/#primaryimage","url":"https:\/\/exaudi.org\/wp-content\/uploads\/2021\/07\/1c222.jpeg","contentUrl":"https:\/\/exaudi.org\/wp-content\/uploads\/2021\/07\/1c222.jpeg","width":724,"height":407,"caption":"Celestino A\u00f3s \u00a9 Vatican Media"},{"@type":"BreadcrumbList","@id":"https:\/\/exaudi.org\/es\/cardenal-aos-presidente-episcopado-chile\/#breadcrumb","itemListElement":[{"@type":"ListItem","position":1,"name":"Portada","item":"https:\/\/exaudi.org\/es\/"},{"@type":"ListItem","position":2,"name":"Cardenal A\u00f3s, nuevo presidente del Episcopado de Chile"}]},{"@type":"WebSite","@id":"https:\/\/exaudi.org\/#website","url":"https:\/\/exaudi.org\/","name":"Exaudi","description":"News","potentialAction":[{"@type":"SearchAction","target":{"@type":"EntryPoint","urlTemplate":"https:\/\/exaudi.org\/?s={search_term_string}"},"query-input":{"@type":"PropertyValueSpecification","valueRequired":true,"valueName":"search_term_string"}}],"inLanguage":"es"},{"@type":"Person","@id":"https:\/\/exaudi.org\/#\/schema\/person\/d134b96438278131ce90c90c03fda6cd","name":"Gabriel Sales","image":{"@type":"ImageObject","inLanguage":"es","@id":"https:\/\/secure.gravatar.com\/avatar\/9b1269566f6a063ed26ffb3532b66a373cdde231ce5d0effb266167437fdaffd?s=96&d=mm&r=g","url":"https:\/\/secure.gravatar.com\/avatar\/9b1269566f6a063ed26ffb3532b66a373cdde231ce5d0effb266167437fdaffd?s=96&d=mm&r=g","contentUrl":"https:\/\/secure.gravatar.com\/avatar\/9b1269566f6a063ed26ffb3532b66a373cdde231ce5d0effb266167437fdaffd?s=96&d=mm&r=g","caption":"Gabriel Sales"},"description":"Periodista y especialista en Comunicaci\u00f3n y Branding digital. Cin\u00e9filo y cr\u00edtico de cine y series de televisi\u00f3n.","sameAs":["https:\/\/www.instagram.com\/cine90segundos\/","www.linkedin.com\/in\/habemusman","https:\/\/x.com\/habemusman","https:\/\/www.youtube.com\/channel\/UCVfCiOMkJ_C7T7OpyjuaLDg"],"url":"https:\/\/exaudi.org\/es\/author\/gsalesexaudi-org\/"}]}},"jetpack_featured_media_url":"https:\/\/exaudi.org\/wp-content\/uploads\/2021\/07\/1c222.jpeg","jetpack_shortlink":"https:\/\/wp.me\/pgKjF2-7we","_links":{"self":[{"href":"https:\/\/exaudi.org\/es\/wp-json\/wp\/v2\/posts\/28906","targetHints":{"allow":["GET"]}}],"collection":[{"href":"https:\/\/exaudi.org\/es\/wp-json\/wp\/v2\/posts"}],"about":[{"href":"https:\/\/exaudi.org\/es\/wp-json\/wp\/v2\/types\/post"}],"author":[{"embeddable":true,"href":"https:\/\/exaudi.org\/es\/wp-json\/wp\/v2\/users\/6"}],"replies":[{"embeddable":true,"href":"https:\/\/exaudi.org\/es\/wp-json\/wp\/v2\/comments?post=28906"}],"version-history":[{"count":0,"href":"https:\/\/exaudi.org\/es\/wp-json\/wp\/v2\/posts\/28906\/revisions"}],"wp:featuredmedia":[{"embeddable":true,"href":"https:\/\/exaudi.org\/es\/wp-json\/wp\/v2\/media\/28994"}],"wp:attachment":[{"href":"https:\/\/exaudi.org\/es\/wp-json\/wp\/v2\/media?parent=28906"}],"wp:term":[{"taxonomy":"category","embeddable":true,"href":"https:\/\/exaudi.org\/es\/wp-json\/wp\/v2\/categories?post=28906"},{"taxonomy":"post_tag","embeddable":true,"href":"https:\/\/exaudi.org\/es\/wp-json\/wp\/v2\/tags?post=28906"}],"curies":[{"name":"wp","href":"https:\/\/api.w.org\/{rel}","templated":true}]}}